{"id":45267,"date":"2016-03-15T00:02:22","date_gmt":"2016-03-15T06:02:22","guid":{"rendered":"http:\/\/www.reconoce.mx\/?p=45267"},"modified":"2016-03-15T00:16:37","modified_gmt":"2016-03-15T06:16:37","slug":"pms-colectivo-de-estandoperas-en-festival-marvin-2016","status":"publish","type":"post","link":"http:\/\/www.reconoce.mx\/?p=45267","title":{"rendered":"PMS, colectivo de estandoperas, en #FestivalMarvin 2016"},"content":{"rendered":"<p><strong>Por <a title=\"@AsfaltosTweets\" href=\"http:\/\/twitter.com\/AsfaltosTweets\" target=\"_blank\">Asfaltos<\/a><\/strong>.<\/p>\n<p>Como sucedi\u00f3 el a\u00f1o pasado, para la pr\u00f3xima edici\u00f3n del <strong>Festival Marvin<\/strong> se incluir\u00e1 un cartel de estandoperos que sumar\u00e1n a las atracciones para los asistentes a la cita cultural anual. 18 estandoperos har\u00e1n re\u00edr a quienes as\u00ed se los permitan; y entre esos 18 se encuentra el colectivo femenino mejor posicionado en la escena conformado por <strong><a href=\"https:\/\/twitter.com\/Sara_Ene\" target=\"_blank\">Sara Ene<\/a><\/strong>, <strong><a href=\"https:\/\/twitter.com\/dimexoch\" target=\"_blank\">Xoch S\u00e1nchez<\/a><\/strong>, <strong><a href=\"https:\/\/twitter.com\/leyele\" target=\"_blank\">Leye Nedvedovich<\/a><\/strong> y<a href=\"https:\/\/twitter.com\/Myriboquitas\" target=\"_blank\"><strong> Myr Ram\u00edrez<\/strong><\/a>.<\/p>\n<p><img loading=\"lazy\" decoding=\"async\" class=\"aligncenter size-full wp-image-45274\" src=\"http:\/\/www.reconoce.mx\/wp-content\/uploads\/2016\/03\/IMG_0561.jpg\" alt=\"IMG_0561\" width=\"5184\" height=\"3456\" srcset=\"http:\/\/www.reconoce.mx\/wp-content\/uploads\/2016\/03\/IMG_0561.jpg 5184w, http:\/\/www.reconoce.mx\/wp-content\/uploads\/2016\/03\/IMG_0561-300x200.jpg 300w, http:\/\/www.reconoce.mx\/wp-content\/uploads\/2016\/03\/IMG_0561-768x512.jpg 768w, http:\/\/www.reconoce.mx\/wp-content\/uploads\/2016\/03\/IMG_0561-1024x683.jpg 1024w, http:\/\/www.reconoce.mx\/wp-content\/uploads\/2016\/03\/IMG_0561-150x100.jpg 150w, http:\/\/www.reconoce.mx\/wp-content\/uploads\/2016\/03\/IMG_0561-700x467.jpg 700w, http:\/\/www.reconoce.mx\/wp-content\/uploads\/2016\/03\/IMG_0561-658x439.jpg 658w\" sizes=\"auto, (max-width: 5184px) 100vw, 5184px\" \/><\/p>\n<p>Las cuatro mujeres, muy diferentes entre s\u00ed, han tomado ventaja de su propia diversidad para sacarle jugo a sus rutinas y lograr un show absolutamente redondo.<\/p>\n<p>Las <strong>PMS<\/strong> (acr\u00f3nimo de <strong>Precauci\u00f3n Mujeres Sobreviviendo<\/strong>) han sobresalido en escenarios dominados por hombres con la \u00fanica misi\u00f3n de ser chistosas; en su traves\u00eda han demostrado que para sobresalir en la escena estandupera de nuestro pa\u00eds, s\u00f3lo basta con la honestidad.<\/p>\n<p>Actualmente las <strong>PMS<\/strong> tienen una temporada en el <strong>Foro Shakespeare<\/strong> con su show completo todos los viernes a las 22:30 horas, hasta el 29 de abril.<\/p>\n<p style=\"text-align: right;\">Con informaci\u00f3n proporcionada por <strong>Innsite Prensa<\/strong>.<\/p>\n<p>&nbsp;<\/p>\n<p>&nbsp;<\/p>\n","protected":false},"excerpt":{"rendered":"<p>Como sucedi\u00f3 el a\u00f1o pasado, para la pr\u00f3xima edici\u00f3n del Festival Marvin se incluir\u00e1 un cartel de estandoperos que sumar\u00e1n a las atracciones para los asistentes a la cita cultural anual.<\/p>\n","protected":false},"author":2,"featured_media":45269,"comment_status":"open","ping_status":"open","sticky":false,"template":"","format":"standard","meta":{"footnotes":""},"categories":[1,17,72],"tags":[],"class_list":["post-45267","post","type-post","status-publish","format-standard","has-post-thumbnail","hentry","category-cultura","category-principal","category-teatro"],"yoast_head":"<!-- This site is optimized with the Yoast SEO plugin v24.7 - https:\/\/yoast.com\/wordpress\/plugins\/seo\/ -->\n<title>PMS, colectivo de estandoperas, en #FestivalMarvin 2016 &#171; Reconoce MX<\/title>\n<meta name=\"robots\" content=\"index, follow, max-snippet:-1, max-image-preview:large, max-video-preview:-1\" \/>\n<link rel=\"canonical\" href=\"http:\/\/www.reconoce.mx\/?p=45267\" \/>\n<meta property=\"og:locale\" content=\"es_ES\" \/>\n<meta property=\"og:type\" content=\"article\" \/>\n<meta property=\"og:title\" content=\"PMS, colectivo de estandoperas, en #FestivalMarvin 2016 &#171; Reconoce MX\" \/>\n<meta property=\"og:description\" content=\"Como sucedi\u00f3 el a\u00f1o pasado, para la pr\u00f3xima edici\u00f3n del Festival Marvin se incluir\u00e1 un cartel de estandoperos que sumar\u00e1n a las atracciones para los asistentes a la cita cultural anual.\" \/>\n<meta property=\"og:url\" content=\"http:\/\/www.reconoce.mx\/?p=45267\" \/>\n<meta property=\"og:site_name\" content=\"Reconoce MX\" \/>\n<meta property=\"article:publisher\" content=\"https:\/\/es-la.facebook.com\/ReconoceMX\/\" \/>\n<meta property=\"article:published_time\" content=\"2016-03-15T06:02:22+00:00\" \/>\n<meta property=\"article:modified_time\" content=\"2016-03-15T06:16:37+00:00\" \/>\n<meta property=\"og:image\" content=\"http:\/\/www.reconoce.mx\/wp-content\/uploads\/2016\/03\/pms-cover.png\" \/>\n\t<meta property=\"og:image:width\" content=\"590\" \/>\n\t<meta property=\"og:image:height\" content=\"380\" \/>\n\t<meta property=\"og:image:type\" content=\"image\/png\" \/>\n<meta name=\"author\" content=\"Reconoce MX\" \/>\n<meta name=\"twitter:card\" content=\"summary_large_image\" \/>\n<meta name=\"twitter:creator\" content=\"@reconocemx\" \/>\n<meta name=\"twitter:site\" content=\"@reconocemx\" \/>\n<meta name=\"twitter:label1\" content=\"Escrito por\" \/>\n\t<meta name=\"twitter:data1\" content=\"Reconoce MX\" \/>\n\t<meta name=\"twitter:label2\" content=\"Tiempo de lectura\" \/>\n\t<meta name=\"twitter:data2\" content=\"1 minuto\" \/>\n<script type=\"application\/ld+json\" class=\"yoast-schema-graph\">{\"@context\":\"https:\/\/schema.org\",\"@graph\":[{\"@type\":\"Article\",\"@id\":\"http:\/\/www.reconoce.mx\/?p=45267#article\",\"isPartOf\":{\"@id\":\"http:\/\/www.reconoce.mx\/?p=45267\"},\"author\":{\"name\":\"Reconoce MX\",\"@id\":\"http:\/\/www.reconoce.mx\/#\/schema\/person\/2117e997d7051dc15d6880eaf9bca0b2\"},\"headline\":\"PMS, colectivo de estandoperas, en #FestivalMarvin 2016\",\"datePublished\":\"2016-03-15T06:02:22+00:00\",\"dateModified\":\"2016-03-15T06:16:37+00:00\",\"mainEntityOfPage\":{\"@id\":\"http:\/\/www.reconoce.mx\/?p=45267\"},\"wordCount\":186,\"commentCount\":0,\"publisher\":{\"@id\":\"http:\/\/www.reconoce.mx\/#organization\"},\"image\":{\"@id\":\"http:\/\/www.reconoce.mx\/?p=45267#primaryimage\"},\"thumbnailUrl\":\"http:\/\/www.reconoce.mx\/wp-content\/uploads\/2016\/03\/pms-cover.png\",\"articleSection\":[\"Cultura\",\"Principal\",\"Teatro\"],\"inLanguage\":\"es\",\"potentialAction\":[{\"@type\":\"CommentAction\",\"name\":\"Comment\",\"target\":[\"http:\/\/www.reconoce.mx\/?p=45267#respond\"]}]},{\"@type\":\"WebPage\",\"@id\":\"http:\/\/www.reconoce.mx\/?p=45267\",\"url\":\"http:\/\/www.reconoce.mx\/?p=45267\",\"name\":\"PMS, colectivo de estandoperas, en #FestivalMarvin 2016 &#171; Reconoce MX\",\"isPartOf\":{\"@id\":\"http:\/\/www.reconoce.mx\/#website\"},\"primaryImageOfPage\":{\"@id\":\"http:\/\/www.reconoce.mx\/?p=45267#primaryimage\"},\"image\":{\"@id\":\"http:\/\/www.reconoce.mx\/?p=45267#primaryimage\"},\"thumbnailUrl\":\"http:\/\/www.reconoce.mx\/wp-content\/uploads\/2016\/03\/pms-cover.png\",\"datePublished\":\"2016-03-15T06:02:22+00:00\",\"dateModified\":\"2016-03-15T06:16:37+00:00\",\"breadcrumb\":{\"@id\":\"http:\/\/www.reconoce.mx\/?p=45267#breadcrumb\"},\"inLanguage\":\"es\",\"potentialAction\":[{\"@type\":\"ReadAction\",\"target\":[\"http:\/\/www.reconoce.mx\/?p=45267\"]}]},{\"@type\":\"ImageObject\",\"inLanguage\":\"es\",\"@id\":\"http:\/\/www.reconoce.mx\/?p=45267#primaryimage\",\"url\":\"http:\/\/www.reconoce.mx\/wp-content\/uploads\/2016\/03\/pms-cover.png\",\"contentUrl\":\"http:\/\/www.reconoce.mx\/wp-content\/uploads\/2016\/03\/pms-cover.png\",\"width\":590,\"height\":380},{\"@type\":\"BreadcrumbList\",\"@id\":\"http:\/\/www.reconoce.mx\/?p=45267#breadcrumb\",\"itemListElement\":[{\"@type\":\"ListItem\",\"position\":1,\"name\":\"Portada\",\"item\":\"http:\/\/www.reconoce.mx\/\"},{\"@type\":\"ListItem\",\"position\":2,\"name\":\"PMS, colectivo de estandoperas, en #FestivalMarvin 2016\"}]},{\"@type\":\"WebSite\",\"@id\":\"http:\/\/www.reconoce.mx\/#website\",\"url\":\"http:\/\/www.reconoce.mx\/\",\"name\":\"Reconoce MX\",\"description\":\"En Reconoce MX difundimos arte, cultura y conciencia social en M\u00e9xico. Tu ciudad en otra perspectiva.\",\"publisher\":{\"@id\":\"http:\/\/www.reconoce.mx\/#organization\"},\"potentialAction\":[{\"@type\":\"SearchAction\",\"target\":{\"@type\":\"EntryPoint\",\"urlTemplate\":\"http:\/\/www.reconoce.mx\/?s={search_term_string}\"},\"query-input\":{\"@type\":\"PropertyValueSpecification\",\"valueRequired\":true,\"valueName\":\"search_term_string\"}}],\"inLanguage\":\"es\"},{\"@type\":\"Organization\",\"@id\":\"http:\/\/www.reconoce.mx\/#organization\",\"name\":\"Reconoce MX\",\"url\":\"http:\/\/www.reconoce.mx\/\",\"logo\":{\"@type\":\"ImageObject\",\"inLanguage\":\"es\",\"@id\":\"http:\/\/www.reconoce.mx\/#\/schema\/logo\/image\/\",\"url\":\"https:\/\/www.reconoce.mx\/wp-content\/uploads\/2019\/03\/logorcmx-good-1.png\",\"contentUrl\":\"https:\/\/www.reconoce.mx\/wp-content\/uploads\/2019\/03\/logorcmx-good-1.png\",\"width\":280,\"height\":90,\"caption\":\"Reconoce MX\"},\"image\":{\"@id\":\"http:\/\/www.reconoce.mx\/#\/schema\/logo\/image\/\"},\"sameAs\":[\"https:\/\/es-la.facebook.com\/ReconoceMX\/\",\"https:\/\/x.com\/reconocemx\",\"http:\/\/@reconocemx\"]},{\"@type\":\"Person\",\"@id\":\"http:\/\/www.reconoce.mx\/#\/schema\/person\/2117e997d7051dc15d6880eaf9bca0b2\",\"name\":\"Reconoce MX\",\"image\":{\"@type\":\"ImageObject\",\"inLanguage\":\"es\",\"@id\":\"http:\/\/www.reconoce.mx\/#\/schema\/person\/image\/\",\"url\":\"https:\/\/secure.gravatar.com\/avatar\/6c8d4dc7569ca1c90c5fdcc349f839d5ddef6fe1e70b4337ead2ef1a4c43fc3a?s=96&d=identicon&r=g\",\"contentUrl\":\"https:\/\/secure.gravatar.com\/avatar\/6c8d4dc7569ca1c90c5fdcc349f839d5ddef6fe1e70b4337ead2ef1a4c43fc3a?s=96&d=identicon&r=g\",\"caption\":\"Reconoce MX\"},\"description\":\"Reconoce MX es un proyecto de difusi\u00f3n art\u00edstica, cultural y de conciencia social que est\u00e1 enfocado a difundir y fomentar el entretenimiento alternativo de calidad para todo el p\u00fablico que comparta el mismo entusiasmo.\",\"sameAs\":[\"http:\/\/www.reconoce.mx\"],\"url\":\"http:\/\/www.reconoce.mx\/?author=2\"}]}<\/script>\n<!-- \/ Yoast SEO plugin. -->","yoast_head_json":{"title":"PMS, colectivo de estandoperas, en #FestivalMarvin 2016 &#171; Reconoce MX","robots":{"index":"index","follow":"follow","max-snippet":"max-snippet:-1","max-image-preview":"max-image-preview:large","max-video-preview":"max-video-preview:-1"},"canonical":"http:\/\/www.reconoce.mx\/?p=45267","og_locale":"es_ES","og_type":"article","og_title":"PMS, colectivo de estandoperas, en #FestivalMarvin 2016 &#171; Reconoce MX","og_description":"Como sucedi\u00f3 el a\u00f1o pasado, para la pr\u00f3xima edici\u00f3n del Festival Marvin se incluir\u00e1 un cartel de estandoperos que sumar\u00e1n a las atracciones para los asistentes a la cita cultural anual.","og_url":"http:\/\/www.reconoce.mx\/?p=45267","og_site_name":"Reconoce MX","article_publisher":"https:\/\/es-la.facebook.com\/ReconoceMX\/","article_published_time":"2016-03-15T06:02:22+00:00","article_modified_time":"2016-03-15T06:16:37+00:00","og_image":[{"width":590,"height":380,"url":"http:\/\/www.reconoce.mx\/wp-content\/uploads\/2016\/03\/pms-cover.png","type":"image\/png"}],"author":"Reconoce MX","twitter_card":"summary_large_image","twitter_creator":"@reconocemx","twitter_site":"@reconocemx","twitter_misc":{"Escrito por":"Reconoce MX","Tiempo de lectura":"1 minuto"},"schema":{"@context":"https:\/\/schema.org","@graph":[{"@type":"Article","@id":"http:\/\/www.reconoce.mx\/?p=45267#article","isPartOf":{"@id":"http:\/\/www.reconoce.mx\/?p=45267"},"author":{"name":"Reconoce MX","@id":"http:\/\/www.reconoce.mx\/#\/schema\/person\/2117e997d7051dc15d6880eaf9bca0b2"},"headline":"PMS, colectivo de estandoperas, en #FestivalMarvin 2016","datePublished":"2016-03-15T06:02:22+00:00","dateModified":"2016-03-15T06:16:37+00:00","mainEntityOfPage":{"@id":"http:\/\/www.reconoce.mx\/?p=45267"},"wordCount":186,"commentCount":0,"publisher":{"@id":"http:\/\/www.reconoce.mx\/#organization"},"image":{"@id":"http:\/\/www.reconoce.mx\/?p=45267#primaryimage"},"thumbnailUrl":"http:\/\/www.reconoce.mx\/wp-content\/uploads\/2016\/03\/pms-cover.png","articleSection":["Cultura","Principal","Teatro"],"inLanguage":"es","potentialAction":[{"@type":"CommentAction","name":"Comment","target":["http:\/\/www.reconoce.mx\/?p=45267#respond"]}]},{"@type":"WebPage","@id":"http:\/\/www.reconoce.mx\/?p=45267","url":"http:\/\/www.reconoce.mx\/?p=45267","name":"PMS, colectivo de estandoperas, en #FestivalMarvin 2016 &#171; Reconoce MX","isPartOf":{"@id":"http:\/\/www.reconoce.mx\/#website"},"primaryImageOfPage":{"@id":"http:\/\/www.reconoce.mx\/?p=45267#primaryimage"},"image":{"@id":"http:\/\/www.reconoce.mx\/?p=45267#primaryimage"},"thumbnailUrl":"http:\/\/www.reconoce.mx\/wp-content\/uploads\/2016\/03\/pms-cover.png","datePublished":"2016-03-15T06:02:22+00:00","dateModified":"2016-03-15T06:16:37+00:00","breadcrumb":{"@id":"http:\/\/www.reconoce.mx\/?p=45267#breadcrumb"},"inLanguage":"es","potentialAction":[{"@type":"ReadAction","target":["http:\/\/www.reconoce.mx\/?p=45267"]}]},{"@type":"ImageObject","inLanguage":"es","@id":"http:\/\/www.reconoce.mx\/?p=45267#primaryimage","url":"http:\/\/www.reconoce.mx\/wp-content\/uploads\/2016\/03\/pms-cover.png","contentUrl":"http:\/\/www.reconoce.mx\/wp-content\/uploads\/2016\/03\/pms-cover.png","width":590,"height":380},{"@type":"BreadcrumbList","@id":"http:\/\/www.reconoce.mx\/?p=45267#breadcrumb","itemListElement":[{"@type":"ListItem","position":1,"name":"Portada","item":"http:\/\/www.reconoce.mx\/"},{"@type":"ListItem","position":2,"name":"PMS, colectivo de estandoperas, en #FestivalMarvin 2016"}]},{"@type":"WebSite","@id":"http:\/\/www.reconoce.mx\/#website","url":"http:\/\/www.reconoce.mx\/","name":"Reconoce MX","description":"En Reconoce MX difundimos arte, cultura y conciencia social en M\u00e9xico. Tu ciudad en otra perspectiva.","publisher":{"@id":"http:\/\/www.reconoce.mx\/#organization"},"potentialAction":[{"@type":"SearchAction","target":{"@type":"EntryPoint","urlTemplate":"http:\/\/www.reconoce.mx\/?s={search_term_string}"},"query-input":{"@type":"PropertyValueSpecification","valueRequired":true,"valueName":"search_term_string"}}],"inLanguage":"es"},{"@type":"Organization","@id":"http:\/\/www.reconoce.mx\/#organization","name":"Reconoce MX","url":"http:\/\/www.reconoce.mx\/","logo":{"@type":"ImageObject","inLanguage":"es","@id":"http:\/\/www.reconoce.mx\/#\/schema\/logo\/image\/","url":"https:\/\/www.reconoce.mx\/wp-content\/uploads\/2019\/03\/logorcmx-good-1.png","contentUrl":"https:\/\/www.reconoce.mx\/wp-content\/uploads\/2019\/03\/logorcmx-good-1.png","width":280,"height":90,"caption":"Reconoce MX"},"image":{"@id":"http:\/\/www.reconoce.mx\/#\/schema\/logo\/image\/"},"sameAs":["https:\/\/es-la.facebook.com\/ReconoceMX\/","https:\/\/x.com\/reconocemx","http:\/\/@reconocemx"]},{"@type":"Person","@id":"http:\/\/www.reconoce.mx\/#\/schema\/person\/2117e997d7051dc15d6880eaf9bca0b2","name":"Reconoce MX","image":{"@type":"ImageObject","inLanguage":"es","@id":"http:\/\/www.reconoce.mx\/#\/schema\/person\/image\/","url":"https:\/\/secure.gravatar.com\/avatar\/6c8d4dc7569ca1c90c5fdcc349f839d5ddef6fe1e70b4337ead2ef1a4c43fc3a?s=96&d=identicon&r=g","contentUrl":"https:\/\/secure.gravatar.com\/avatar\/6c8d4dc7569ca1c90c5fdcc349f839d5ddef6fe1e70b4337ead2ef1a4c43fc3a?s=96&d=identicon&r=g","caption":"Reconoce MX"},"description":"Reconoce MX es un proyecto de difusi\u00f3n art\u00edstica, cultural y de conciencia social que est\u00e1 enfocado a difundir y fomentar el entretenimiento alternativo de calidad para todo el p\u00fablico que comparta el mismo entusiasmo.","sameAs":["http:\/\/www.reconoce.mx"],"url":"http:\/\/www.reconoce.mx\/?author=2"}]}},"_links":{"self":[{"href":"http:\/\/www.reconoce.mx\/index.php?rest_route=\/wp\/v2\/posts\/45267","targetHints":{"allow":["GET"]}}],"collection":[{"href":"http:\/\/www.reconoce.mx\/index.php?rest_route=\/wp\/v2\/posts"}],"about":[{"href":"http:\/\/www.reconoce.mx\/index.php?rest_route=\/wp\/v2\/types\/post"}],"author":[{"embeddable":true,"href":"http:\/\/www.reconoce.mx\/index.php?rest_route=\/wp\/v2\/users\/2"}],"replies":[{"embeddable":true,"href":"http:\/\/www.reconoce.mx\/index.php?rest_route=%2Fwp%2Fv2%2Fcomments&post=45267"}],"version-history":[{"count":5,"href":"http:\/\/www.reconoce.mx\/index.php?rest_route=\/wp\/v2\/posts\/45267\/revisions"}],"predecessor-version":[{"id":45479,"href":"http:\/\/www.reconoce.mx\/index.php?rest_route=\/wp\/v2\/posts\/45267\/revisions\/45479"}],"wp:featuredmedia":[{"embeddable":true,"href":"http:\/\/www.reconoce.mx\/index.php?rest_route=\/wp\/v2\/media\/45269"}],"wp:attachment":[{"href":"http:\/\/www.reconoce.mx\/index.php?rest_route=%2Fwp%2Fv2%2Fmedia&parent=45267"}],"wp:term":[{"taxonomy":"category","embeddable":true,"href":"http:\/\/www.reconoce.mx\/index.php?rest_route=%2Fwp%2Fv2%2Fcategories&post=45267"},{"taxonomy":"post_tag","embeddable":true,"href":"http:\/\/www.reconoce.mx\/index.php?rest_route=%2Fwp%2Fv2%2Ftags&post=45267"}],"curies":[{"name":"wp","href":"https:\/\/api.w.org\/{rel}","templated":true}]}}