{"id":45285,"date":"2016-03-15T00:01:22","date_gmt":"2016-03-15T06:01:22","guid":{"rendered":"http:\/\/www.reconoce.mx\/?p=45285"},"modified":"2016-04-23T13:34:55","modified_gmt":"2016-04-23T18:34:55","slug":"ambulante-anuncia-titulos-presentes-en-vive-latino-2016","status":"publish","type":"post","link":"http:\/\/www.reconoce.mx\/?p=45285","title":{"rendered":"Ambulante anuncia t\u00edtulos presentes en Vive Latino 2016"},"content":{"rendered":"<p><strong>Por <a title=\"@AsfaltosTweets\" href=\"http:\/\/twitter.com\/AsfaltosTweets\" target=\"_blank\">Asfaltos<\/a><\/strong>.<\/p>\n<p>Por sexto a\u00f1o consecutivo <strong>Ambulante<\/strong> presentar\u00e1 una selecci\u00f3n de documentales musicales en el festival <strong>Vive Latino<\/strong>.<\/p>\n<p>La ya tradicional <strong>Carpa Ambulante<\/strong> aumentar\u00e1 su capacidad para esta nueva edici\u00f3n, y tendr\u00e1 un nuevo dise\u00f1o propio de una sala de cine vintage. As\u00ed, de manera ininterrumpida, se proyectar\u00e1n seis documentales sobre distintas corrientes y artistas legendarios. Las proyecciones ser\u00e1n tres por d\u00eda, e ir\u00e1n seguidas de pl\u00e1ticas con invitados especiales.<\/p>\n<p>Los documentales a presentarse son:<\/p>\n<ul>\n<li>\u00abBlur: New World Towers\u00bb (dir. <strong>Sam Wrench<\/strong>)<\/li>\n<li>\u00abEl camino m\u00e1s largo\u00bb (dir. <strong>Alexis Morante<\/strong>)<\/li>\n<li>\u00abDavid Bowie: Ziggy Stardust and the Spiders from Mars\u00bb (dir. <strong>D. A. Pennebaker<\/strong>)<\/li>\n<li>\u00abJanis: Little Girl Blue\u00bb (dir. <strong>Amy Berg<\/strong>)<\/li>\n<li>\u00abScott Walker: 30 Century Man\u00bb (dir. <strong>Stephen Kijak<\/strong>)<\/li>\n<li>\u00abSomos lengua\u00bb (dir. <strong>Kyzza Terrazas<\/strong>)<\/li>\n<\/ul>\n<p><strong>SINOPSIS DE LAS PEL\u00cdCULAS<\/strong><\/p>\n<h2><span style=\"color: #a81e00;\"><strong>BLUR: NEW WORLD TOWERS<\/strong><\/span><\/h2>\n<p>Dir. <strong>Sam Wrench<\/strong> | Reino Unido | 2015 | Ingl\u00e9s | Color | 93\u2019<\/p>\n<p>A trav\u00e9s de materiales de conciertos y videos realizados por los miembros de <strong>Blur<\/strong>, conoceremos c\u00f3mo fue la grabaci\u00f3n del disco \u00abThe Magic Whip\u00bb y qu\u00e9 pas\u00f3 despu\u00e9s de su lanzamiento.<\/p>\n<p><iframe loading=\"lazy\" src=\"https:\/\/www.youtube.com\/embed\/JGc8d-WDvm4\" width=\"590\" height=\"332\" frameborder=\"0\" allowfullscreen=\"allowfullscreen\"><\/iframe><\/p>\n<h2><span style=\"color: #a81e00;\"><strong>EL CAMINO M\u00c1S LARGO<\/strong><\/span><\/h2>\n<p>Dir. <strong>Alexis Morante<\/strong> | Espa\u00f1a | 2015 | Espa\u00f1ol | Color | 85\u2019<\/p>\n<p>Tomando como punto de partida el concierto que <strong>Enrique Bunbury<\/strong> dio en el Estadio Azteca frente a 90,000 personas en 2010, este documental se adentra en un fascinante road trip que la estrella del rock realiza por Estados Unidos. En compa\u00f1\u00eda de su banda, su mujer y su gato, dar\u00e1 conciertos en lugares ins\u00f3litos entre desiertos, monta\u00f1as y ciudades de skylines majestuosos.<\/p>\n<p><iframe loading=\"lazy\" src=\"https:\/\/www.youtube.com\/embed\/iZy0XTH6SYU\" width=\"590\" height=\"332\" frameborder=\"0\" allowfullscreen=\"allowfullscreen\"><\/iframe><\/p>\n<h2><strong><span style=\"color: #a81e00;\">DAVID BOWIE: ZIGGY STARDUST AND THE SPIDERS FROM MARS<\/span><\/strong><\/h2>\n<p>Dir. <strong>D. A. Pennebaker<\/strong> | Reino Unido | 1973 | Ingl\u00e9s | Color | 90\u2019<\/p>\n<p>En julio de 1973, <strong>David Bowie<\/strong> dio un \u00faltimo espect\u00e1culo como el personaje de <strong>Ziggy Stardust<\/strong> con el grupo <strong>Spiders from Mars<\/strong>. Este es el registro de ese hist\u00f3rico concierto.<\/p>\n<p><iframe loading=\"lazy\" src=\"https:\/\/www.youtube.com\/embed\/Fq8gG3pzMrU\" width=\"590\" height=\"443\" frameborder=\"0\" allowfullscreen=\"allowfullscreen\"><\/iframe><\/p>\n<h2><strong><span style=\"color: #a81e00;\">JANIS: LITTLE GIRL BLUE<\/span><\/strong><\/h2>\n<p>Dir. <strong>Amy Berg<\/strong> | Estados Unidos | 2015 | Ingl\u00e9s | Color | 103\u2019<\/p>\n<p>La historia de <strong>Janis Joplin<\/strong> reconstruida por medio de entrevistas con familiares, amigos y m\u00fasicos de aquella \u00e9poca, videos de conciertos, fotograf\u00edas, cartas y audios nunca antes revelados.<\/p>\n<p><iframe loading=\"lazy\" src=\"https:\/\/www.youtube.com\/embed\/F_sReugRWYI\" width=\"590\" height=\"332\" frameborder=\"0\" allowfullscreen=\"allowfullscreen\"><\/iframe><\/p>\n<h2><span style=\"color: #a81e00;\"><strong>SCOTT WALKER: 30 CENTURY MAN<\/strong><\/span><\/h2>\n<p>Dir. <strong>Stephen Kijak<\/strong> | Reino Unido | 2007 | Ingl\u00e9s| Color | 95\u2019<\/p>\n<p>Retrato de una de las figuras m\u00e1s enigm\u00e1ticas y relevantes de la historia del rock. El documental propone un recorrido por la obra y carrera de este extraordinario m\u00fasico, desde que en su adolescencia comenzara a componer. Incluye testimonios de <strong>Sting<\/strong>, <strong>Radiohead<\/strong>, <strong>Jarvis Cocker<\/strong>, <strong>Damon Albarn<\/strong>, <strong>Brian Eno<\/strong> y <strong>David Bowie<\/strong>, entre otros.<\/p>\n<p><iframe loading=\"lazy\" src=\"https:\/\/www.youtube.com\/embed\/oY8C5M9kCSU\" width=\"590\" height=\"443\" frameborder=\"0\" allowfullscreen=\"allowfullscreen\"><\/iframe><\/p>\n<h2><span style=\"color: #a81e00;\"><strong>SOMOS LENGUA<\/strong><\/span><\/h2>\n<p>Dir. <strong>Kyzza Terrazas<\/strong> | M\u00e9xico | 2016 | Espa\u00f1ol | Color, Blanco y negro | 84\u2019<\/p>\n<p>Desde Coahuila hasta el Estado de M\u00e9xico, pasando por Nuevo Le\u00f3n, Aguascalientes, Jalisco y varios estados m\u00e1s, una escena de hip-hop mexicana casi desconocida se desarrolla bajo la sombra de los grandes g\u00e9neros.<\/p>\n<p><iframe loading=\"lazy\" width=\"590\" height=\"332\" src=\"https:\/\/www.youtube.com\/embed\/xfNgaXrwrZ0?rel=0&amp;showinfo=0\" frameborder=\"0\" allowfullscreen><\/iframe><\/p>\n<p style=\"text-align: right;\">Foto: <strong>Karloz Byrnison<\/strong>.<br \/>\nCon informaci\u00f3n oficial proporcionada por <strong>Ambulante<\/strong>.<\/p>\n<p>&nbsp;<\/p>\n<p>&nbsp;<\/p>\n","protected":false},"excerpt":{"rendered":"<p>Por sexto a\u00f1o consecutivo Ambulante presentar\u00e1 una selecci\u00f3n de documentales musicales en el festival Vive Latino.<\/p>\n","protected":false},"author":2,"featured_media":45294,"comment_status":"open","ping_status":"open","sticky":false,"template":"","format":"standard","meta":{"footnotes":""},"categories":[24,1,17],"tags":[],"class_list":["post-45285","post","type-post","status-publish","format-standard","has-post-thumbnail","hentry","category-cine","category-cultura","category-principal"],"yoast_head":"<!-- This site is optimized with the Yoast SEO plugin v24.7 - https:\/\/yoast.com\/wordpress\/plugins\/seo\/ -->\n<title>Ambulante anuncia t\u00edtulos presentes en Vive Latino 2016 &#171; Reconoce MX<\/title>\n<meta name=\"robots\" content=\"index, follow, max-snippet:-1, max-image-preview:large, max-video-preview:-1\" \/>\n<link rel=\"canonical\" href=\"https:\/\/www.reconoce.mx\/?p=45285\" \/>\n<meta property=\"og:locale\" content=\"es_ES\" \/>\n<meta property=\"og:type\" content=\"article\" \/>\n<meta property=\"og:title\" content=\"Ambulante anuncia t\u00edtulos presentes en Vive Latino 2016 &#171; Reconoce MX\" \/>\n<meta property=\"og:description\" content=\"Por sexto a\u00f1o consecutivo Ambulante presentar\u00e1 una selecci\u00f3n de documentales musicales en el festival Vive Latino.\" \/>\n<meta property=\"og:url\" content=\"https:\/\/www.reconoce.mx\/?p=45285\" \/>\n<meta property=\"og:site_name\" content=\"Reconoce MX\" \/>\n<meta property=\"article:publisher\" content=\"https:\/\/es-la.facebook.com\/ReconoceMX\/\" \/>\n<meta property=\"article:published_time\" content=\"2016-03-15T06:01:22+00:00\" \/>\n<meta property=\"article:modified_time\" content=\"2016-04-23T18:34:55+00:00\" \/>\n<meta property=\"og:image\" content=\"https:\/\/www.reconoce.mx\/wp-content\/uploads\/2016\/03\/ambulantevl-cover2.png\" \/>\n\t<meta property=\"og:image:width\" content=\"590\" \/>\n\t<meta property=\"og:image:height\" content=\"380\" \/>\n\t<meta property=\"og:image:type\" content=\"image\/png\" \/>\n<meta name=\"author\" content=\"Reconoce MX\" \/>\n<meta name=\"twitter:card\" content=\"summary_large_image\" \/>\n<meta name=\"twitter:creator\" content=\"@reconocemx\" \/>\n<meta name=\"twitter:site\" content=\"@reconocemx\" \/>\n<meta name=\"twitter:label1\" content=\"Escrito por\" \/>\n\t<meta name=\"twitter:data1\" content=\"Reconoce MX\" \/>\n\t<meta name=\"twitter:label2\" content=\"Tiempo de lectura\" \/>\n\t<meta name=\"twitter:data2\" content=\"2 minutos\" \/>\n<script type=\"application\/ld+json\" class=\"yoast-schema-graph\">{\"@context\":\"https:\/\/schema.org\",\"@graph\":[{\"@type\":\"Article\",\"@id\":\"https:\/\/www.reconoce.mx\/?p=45285#article\",\"isPartOf\":{\"@id\":\"https:\/\/www.reconoce.mx\/?p=45285\"},\"author\":{\"name\":\"Reconoce MX\",\"@id\":\"http:\/\/www.reconoce.mx\/#\/schema\/person\/2117e997d7051dc15d6880eaf9bca0b2\"},\"headline\":\"Ambulante anuncia t\u00edtulos presentes en Vive Latino 2016\",\"datePublished\":\"2016-03-15T06:01:22+00:00\",\"dateModified\":\"2016-04-23T18:34:55+00:00\",\"mainEntityOfPage\":{\"@id\":\"https:\/\/www.reconoce.mx\/?p=45285\"},\"wordCount\":488,\"commentCount\":0,\"publisher\":{\"@id\":\"http:\/\/www.reconoce.mx\/#organization\"},\"image\":{\"@id\":\"https:\/\/www.reconoce.mx\/?p=45285#primaryimage\"},\"thumbnailUrl\":\"http:\/\/www.reconoce.mx\/wp-content\/uploads\/2016\/03\/ambulantevl-cover2.png\",\"articleSection\":[\"Cine\",\"Cultura\",\"Principal\"],\"inLanguage\":\"es\",\"potentialAction\":[{\"@type\":\"CommentAction\",\"name\":\"Comment\",\"target\":[\"https:\/\/www.reconoce.mx\/?p=45285#respond\"]}]},{\"@type\":\"WebPage\",\"@id\":\"https:\/\/www.reconoce.mx\/?p=45285\",\"url\":\"https:\/\/www.reconoce.mx\/?p=45285\",\"name\":\"Ambulante anuncia t\u00edtulos presentes en Vive Latino 2016 &#171; Reconoce MX\",\"isPartOf\":{\"@id\":\"http:\/\/www.reconoce.mx\/#website\"},\"primaryImageOfPage\":{\"@id\":\"https:\/\/www.reconoce.mx\/?p=45285#primaryimage\"},\"image\":{\"@id\":\"https:\/\/www.reconoce.mx\/?p=45285#primaryimage\"},\"thumbnailUrl\":\"http:\/\/www.reconoce.mx\/wp-content\/uploads\/2016\/03\/ambulantevl-cover2.png\",\"datePublished\":\"2016-03-15T06:01:22+00:00\",\"dateModified\":\"2016-04-23T18:34:55+00:00\",\"breadcrumb\":{\"@id\":\"https:\/\/www.reconoce.mx\/?p=45285#breadcrumb\"},\"inLanguage\":\"es\",\"potentialAction\":[{\"@type\":\"ReadAction\",\"target\":[\"https:\/\/www.reconoce.mx\/?p=45285\"]}]},{\"@type\":\"ImageObject\",\"inLanguage\":\"es\",\"@id\":\"https:\/\/www.reconoce.mx\/?p=45285#primaryimage\",\"url\":\"http:\/\/www.reconoce.mx\/wp-content\/uploads\/2016\/03\/ambulantevl-cover2.png\",\"contentUrl\":\"http:\/\/www.reconoce.mx\/wp-content\/uploads\/2016\/03\/ambulantevl-cover2.png\",\"width\":590,\"height\":380},{\"@type\":\"BreadcrumbList\",\"@id\":\"https:\/\/www.reconoce.mx\/?p=45285#breadcrumb\",\"itemListElement\":[{\"@type\":\"ListItem\",\"position\":1,\"name\":\"Portada\",\"item\":\"http:\/\/www.reconoce.mx\/\"},{\"@type\":\"ListItem\",\"position\":2,\"name\":\"Ambulante anuncia t\u00edtulos presentes en Vive Latino 2016\"}]},{\"@type\":\"WebSite\",\"@id\":\"http:\/\/www.reconoce.mx\/#website\",\"url\":\"http:\/\/www.reconoce.mx\/\",\"name\":\"Reconoce MX\",\"description\":\"En Reconoce MX difundimos arte, cultura y conciencia social en M\u00e9xico. Tu ciudad en otra perspectiva.\",\"publisher\":{\"@id\":\"http:\/\/www.reconoce.mx\/#organization\"},\"potentialAction\":[{\"@type\":\"SearchAction\",\"target\":{\"@type\":\"EntryPoint\",\"urlTemplate\":\"http:\/\/www.reconoce.mx\/?s={search_term_string}\"},\"query-input\":{\"@type\":\"PropertyValueSpecification\",\"valueRequired\":true,\"valueName\":\"search_term_string\"}}],\"inLanguage\":\"es\"},{\"@type\":\"Organization\",\"@id\":\"http:\/\/www.reconoce.mx\/#organization\",\"name\":\"Reconoce MX\",\"url\":\"http:\/\/www.reconoce.mx\/\",\"logo\":{\"@type\":\"ImageObject\",\"inLanguage\":\"es\",\"@id\":\"http:\/\/www.reconoce.mx\/#\/schema\/logo\/image\/\",\"url\":\"https:\/\/www.reconoce.mx\/wp-content\/uploads\/2019\/03\/logorcmx-good-1.png\",\"contentUrl\":\"https:\/\/www.reconoce.mx\/wp-content\/uploads\/2019\/03\/logorcmx-good-1.png\",\"width\":280,\"height\":90,\"caption\":\"Reconoce MX\"},\"image\":{\"@id\":\"http:\/\/www.reconoce.mx\/#\/schema\/logo\/image\/\"},\"sameAs\":[\"https:\/\/es-la.facebook.com\/ReconoceMX\/\",\"https:\/\/x.com\/reconocemx\",\"http:\/\/@reconocemx\"]},{\"@type\":\"Person\",\"@id\":\"http:\/\/www.reconoce.mx\/#\/schema\/person\/2117e997d7051dc15d6880eaf9bca0b2\",\"name\":\"Reconoce MX\",\"image\":{\"@type\":\"ImageObject\",\"inLanguage\":\"es\",\"@id\":\"http:\/\/www.reconoce.mx\/#\/schema\/person\/image\/\",\"url\":\"https:\/\/secure.gravatar.com\/avatar\/6c8d4dc7569ca1c90c5fdcc349f839d5ddef6fe1e70b4337ead2ef1a4c43fc3a?s=96&d=identicon&r=g\",\"contentUrl\":\"https:\/\/secure.gravatar.com\/avatar\/6c8d4dc7569ca1c90c5fdcc349f839d5ddef6fe1e70b4337ead2ef1a4c43fc3a?s=96&d=identicon&r=g\",\"caption\":\"Reconoce MX\"},\"description\":\"Reconoce MX es un proyecto de difusi\u00f3n art\u00edstica, cultural y de conciencia social que est\u00e1 enfocado a difundir y fomentar el entretenimiento alternativo de calidad para todo el p\u00fablico que comparta el mismo entusiasmo.\",\"sameAs\":[\"http:\/\/www.reconoce.mx\"],\"url\":\"http:\/\/www.reconoce.mx\/?author=2\"}]}<\/script>\n<!-- \/ Yoast SEO plugin. -->","yoast_head_json":{"title":"Ambulante anuncia t\u00edtulos presentes en Vive Latino 2016 &#171; Reconoce MX","robots":{"index":"index","follow":"follow","max-snippet":"max-snippet:-1","max-image-preview":"max-image-preview:large","max-video-preview":"max-video-preview:-1"},"canonical":"https:\/\/www.reconoce.mx\/?p=45285","og_locale":"es_ES","og_type":"article","og_title":"Ambulante anuncia t\u00edtulos presentes en Vive Latino 2016 &#171; Reconoce MX","og_description":"Por sexto a\u00f1o consecutivo Ambulante presentar\u00e1 una selecci\u00f3n de documentales musicales en el festival Vive Latino.","og_url":"https:\/\/www.reconoce.mx\/?p=45285","og_site_name":"Reconoce MX","article_publisher":"https:\/\/es-la.facebook.com\/ReconoceMX\/","article_published_time":"2016-03-15T06:01:22+00:00","article_modified_time":"2016-04-23T18:34:55+00:00","og_image":[{"width":590,"height":380,"url":"https:\/\/www.reconoce.mx\/wp-content\/uploads\/2016\/03\/ambulantevl-cover2.png","type":"image\/png"}],"author":"Reconoce MX","twitter_card":"summary_large_image","twitter_creator":"@reconocemx","twitter_site":"@reconocemx","twitter_misc":{"Escrito por":"Reconoce MX","Tiempo de lectura":"2 minutos"},"schema":{"@context":"https:\/\/schema.org","@graph":[{"@type":"Article","@id":"https:\/\/www.reconoce.mx\/?p=45285#article","isPartOf":{"@id":"https:\/\/www.reconoce.mx\/?p=45285"},"author":{"name":"Reconoce MX","@id":"http:\/\/www.reconoce.mx\/#\/schema\/person\/2117e997d7051dc15d6880eaf9bca0b2"},"headline":"Ambulante anuncia t\u00edtulos presentes en Vive Latino 2016","datePublished":"2016-03-15T06:01:22+00:00","dateModified":"2016-04-23T18:34:55+00:00","mainEntityOfPage":{"@id":"https:\/\/www.reconoce.mx\/?p=45285"},"wordCount":488,"commentCount":0,"publisher":{"@id":"http:\/\/www.reconoce.mx\/#organization"},"image":{"@id":"https:\/\/www.reconoce.mx\/?p=45285#primaryimage"},"thumbnailUrl":"http:\/\/www.reconoce.mx\/wp-content\/uploads\/2016\/03\/ambulantevl-cover2.png","articleSection":["Cine","Cultura","Principal"],"inLanguage":"es","potentialAction":[{"@type":"CommentAction","name":"Comment","target":["https:\/\/www.reconoce.mx\/?p=45285#respond"]}]},{"@type":"WebPage","@id":"https:\/\/www.reconoce.mx\/?p=45285","url":"https:\/\/www.reconoce.mx\/?p=45285","name":"Ambulante anuncia t\u00edtulos presentes en Vive Latino 2016 &#171; Reconoce MX","isPartOf":{"@id":"http:\/\/www.reconoce.mx\/#website"},"primaryImageOfPage":{"@id":"https:\/\/www.reconoce.mx\/?p=45285#primaryimage"},"image":{"@id":"https:\/\/www.reconoce.mx\/?p=45285#primaryimage"},"thumbnailUrl":"http:\/\/www.reconoce.mx\/wp-content\/uploads\/2016\/03\/ambulantevl-cover2.png","datePublished":"2016-03-15T06:01:22+00:00","dateModified":"2016-04-23T18:34:55+00:00","breadcrumb":{"@id":"https:\/\/www.reconoce.mx\/?p=45285#breadcrumb"},"inLanguage":"es","potentialAction":[{"@type":"ReadAction","target":["https:\/\/www.reconoce.mx\/?p=45285"]}]},{"@type":"ImageObject","inLanguage":"es","@id":"https:\/\/www.reconoce.mx\/?p=45285#primaryimage","url":"http:\/\/www.reconoce.mx\/wp-content\/uploads\/2016\/03\/ambulantevl-cover2.png","contentUrl":"http:\/\/www.reconoce.mx\/wp-content\/uploads\/2016\/03\/ambulantevl-cover2.png","width":590,"height":380},{"@type":"BreadcrumbList","@id":"https:\/\/www.reconoce.mx\/?p=45285#breadcrumb","itemListElement":[{"@type":"ListItem","position":1,"name":"Portada","item":"http:\/\/www.reconoce.mx\/"},{"@type":"ListItem","position":2,"name":"Ambulante anuncia t\u00edtulos presentes en Vive Latino 2016"}]},{"@type":"WebSite","@id":"http:\/\/www.reconoce.mx\/#website","url":"http:\/\/www.reconoce.mx\/","name":"Reconoce MX","description":"En Reconoce MX difundimos arte, cultura y conciencia social en M\u00e9xico. Tu ciudad en otra perspectiva.","publisher":{"@id":"http:\/\/www.reconoce.mx\/#organization"},"potentialAction":[{"@type":"SearchAction","target":{"@type":"EntryPoint","urlTemplate":"http:\/\/www.reconoce.mx\/?s={search_term_string}"},"query-input":{"@type":"PropertyValueSpecification","valueRequired":true,"valueName":"search_term_string"}}],"inLanguage":"es"},{"@type":"Organization","@id":"http:\/\/www.reconoce.mx\/#organization","name":"Reconoce MX","url":"http:\/\/www.reconoce.mx\/","logo":{"@type":"ImageObject","inLanguage":"es","@id":"http:\/\/www.reconoce.mx\/#\/schema\/logo\/image\/","url":"https:\/\/www.reconoce.mx\/wp-content\/uploads\/2019\/03\/logorcmx-good-1.png","contentUrl":"https:\/\/www.reconoce.mx\/wp-content\/uploads\/2019\/03\/logorcmx-good-1.png","width":280,"height":90,"caption":"Reconoce MX"},"image":{"@id":"http:\/\/www.reconoce.mx\/#\/schema\/logo\/image\/"},"sameAs":["https:\/\/es-la.facebook.com\/ReconoceMX\/","https:\/\/x.com\/reconocemx","http:\/\/@reconocemx"]},{"@type":"Person","@id":"http:\/\/www.reconoce.mx\/#\/schema\/person\/2117e997d7051dc15d6880eaf9bca0b2","name":"Reconoce MX","image":{"@type":"ImageObject","inLanguage":"es","@id":"http:\/\/www.reconoce.mx\/#\/schema\/person\/image\/","url":"https:\/\/secure.gravatar.com\/avatar\/6c8d4dc7569ca1c90c5fdcc349f839d5ddef6fe1e70b4337ead2ef1a4c43fc3a?s=96&d=identicon&r=g","contentUrl":"https:\/\/secure.gravatar.com\/avatar\/6c8d4dc7569ca1c90c5fdcc349f839d5ddef6fe1e70b4337ead2ef1a4c43fc3a?s=96&d=identicon&r=g","caption":"Reconoce MX"},"description":"Reconoce MX es un proyecto de difusi\u00f3n art\u00edstica, cultural y de conciencia social que est\u00e1 enfocado a difundir y fomentar el entretenimiento alternativo de calidad para todo el p\u00fablico que comparta el mismo entusiasmo.","sameAs":["http:\/\/www.reconoce.mx"],"url":"http:\/\/www.reconoce.mx\/?author=2"}]}},"_links":{"self":[{"href":"http:\/\/www.reconoce.mx\/index.php?rest_route=\/wp\/v2\/posts\/45285","targetHints":{"allow":["GET"]}}],"collection":[{"href":"http:\/\/www.reconoce.mx\/index.php?rest_route=\/wp\/v2\/posts"}],"about":[{"href":"http:\/\/www.reconoce.mx\/index.php?rest_route=\/wp\/v2\/types\/post"}],"author":[{"embeddable":true,"href":"http:\/\/www.reconoce.mx\/index.php?rest_route=\/wp\/v2\/users\/2"}],"replies":[{"embeddable":true,"href":"http:\/\/www.reconoce.mx\/index.php?rest_route=%2Fwp%2Fv2%2Fcomments&post=45285"}],"version-history":[{"count":6,"href":"http:\/\/www.reconoce.mx\/index.php?rest_route=\/wp\/v2\/posts\/45285\/revisions"}],"predecessor-version":[{"id":46785,"href":"http:\/\/www.reconoce.mx\/index.php?rest_route=\/wp\/v2\/posts\/45285\/revisions\/46785"}],"wp:featuredmedia":[{"embeddable":true,"href":"http:\/\/www.reconoce.mx\/index.php?rest_route=\/wp\/v2\/media\/45294"}],"wp:attachment":[{"href":"http:\/\/www.reconoce.mx\/index.php?rest_route=%2Fwp%2Fv2%2Fmedia&parent=45285"}],"wp:term":[{"taxonomy":"category","embeddable":true,"href":"http:\/\/www.reconoce.mx\/index.php?rest_route=%2Fwp%2Fv2%2Fcategories&post=45285"},{"taxonomy":"post_tag","embeddable":true,"href":"http:\/\/www.reconoce.mx\/index.php?rest_route=%2Fwp%2Fv2%2Ftags&post=45285"}],"curies":[{"name":"wp","href":"https:\/\/api.w.org\/{rel}","templated":true}]}}