{"id":45438,"date":"2016-03-14T00:05:33","date_gmt":"2016-03-14T06:05:33","guid":{"rendered":"http:\/\/www.reconoce.mx\/?p=45438"},"modified":"2016-03-14T17:05:43","modified_gmt":"2016-03-14T23:05:43","slug":"festivalnrmal-2016-dia-2","status":"publish","type":"post","link":"http:\/\/www.reconoce.mx\/?p=45438","title":{"rendered":"#FestivalNrmal 2016: D\u00eda 2"},"content":{"rendered":"<p><strong>Con fotos y texto de <a title=\"@alejandroglatt\" href=\"https:\/\/twitter.com\/alejandroglatt\" target=\"_blank\">Alejandro Glatt<\/a><\/strong>.<\/p>\n<p>La ma\u00f1ana del domingo 13 de marzo amaneci\u00f3 con un radiante sol, factor que gener\u00f3 que todos los asistentes del s\u00e1bado as\u00ed como tambi\u00e9n cientos de fan\u00e1ticos de \u00faltima hora, no dudaran ni un poco en lanzarse al <strong>Deportivo Lomas Altas<\/strong> para hacer historia en la escena independiente de nuestra \u00e9poca y pa\u00eds. \u00a1Era el d\u00eda 2 del <a href=\"https:\/\/twitter.com\/search?q=%23FestivalNrmal&amp;src=typd\" target=\"_blank\">#FestivalNrmal<\/a> 2016!<\/p>\n<p><img loading=\"lazy\" decoding=\"async\" class=\"aligncenter size-full wp-image-45442\" src=\"http:\/\/www.reconoce.mx\/wp-content\/uploads\/2016\/03\/IMG_9045.jpg\" alt=\"IMG_9045\" width=\"5184\" height=\"3456\" srcset=\"http:\/\/www.reconoce.mx\/wp-content\/uploads\/2016\/03\/IMG_9045.jpg 5184w, http:\/\/www.reconoce.mx\/wp-content\/uploads\/2016\/03\/IMG_9045-300x200.jpg 300w, http:\/\/www.reconoce.mx\/wp-content\/uploads\/2016\/03\/IMG_9045-768x512.jpg 768w, http:\/\/www.reconoce.mx\/wp-content\/uploads\/2016\/03\/IMG_9045-1024x683.jpg 1024w, http:\/\/www.reconoce.mx\/wp-content\/uploads\/2016\/03\/IMG_9045-150x100.jpg 150w, http:\/\/www.reconoce.mx\/wp-content\/uploads\/2016\/03\/IMG_9045-700x467.jpg 700w, http:\/\/www.reconoce.mx\/wp-content\/uploads\/2016\/03\/IMG_9045-658x439.jpg 658w\" sizes=\"auto, (max-width: 5184px) 100vw, 5184px\" \/><\/p>\n<p>Cruzando las puertas de acceso y una vez dentro del festival <strong>Nrmal<\/strong>, la libertad corr\u00eda por los aires sin censura alguna. Al llegar, explor\u00e9 todos los rincones del recinto: una exposici\u00f3n de los mejores carteles del a\u00f1o en Ciudad de M\u00e9xico y Barcelona; merch oficial del festival; vinilos de los artistas presentes; un estudio de tatuajes; food trucks nacionales, un t\u00fanel psicod\u00e9lico con luminosas proyecciones; cata de cervezas; y hasta saltar de una plataforma de 10 metros para caer en una suave superficie fueron algunas de las variadas y enriquecedoras experiencias que solo <strong>Nrmal<\/strong> es capaz de llevar a cabo.<\/p>\n<p>Despu\u00e9s de darme la vuelta y conocer de pies a cabeza las instalaciones y activaciones montadas, lleg\u00f3 la hora de abrir mis o\u00eddos y descubrir bandas y proyectos de alrededor del planeta presentados en 3 escenarios distintos: Verde, Rojo y Amarillo.<\/p>\n<p><img loading=\"lazy\" decoding=\"async\" class=\"aligncenter size-full wp-image-45439\" src=\"http:\/\/www.reconoce.mx\/wp-content\/uploads\/2016\/03\/IMG_9123.jpg\" alt=\"IMG_9123\" width=\"5184\" height=\"3456\" srcset=\"http:\/\/www.reconoce.mx\/wp-content\/uploads\/2016\/03\/IMG_9123.jpg 5184w, http:\/\/www.reconoce.mx\/wp-content\/uploads\/2016\/03\/IMG_9123-300x200.jpg 300w, http:\/\/www.reconoce.mx\/wp-content\/uploads\/2016\/03\/IMG_9123-768x512.jpg 768w, http:\/\/www.reconoce.mx\/wp-content\/uploads\/2016\/03\/IMG_9123-1024x683.jpg 1024w, http:\/\/www.reconoce.mx\/wp-content\/uploads\/2016\/03\/IMG_9123-150x100.jpg 150w, http:\/\/www.reconoce.mx\/wp-content\/uploads\/2016\/03\/IMG_9123-700x467.jpg 700w, http:\/\/www.reconoce.mx\/wp-content\/uploads\/2016\/03\/IMG_9123-658x439.jpg 658w\" sizes=\"auto, (max-width: 5184px) 100vw, 5184px\" \/><\/p>\n<p>Lubriqu\u00e9 mi garganta con una exquisita chela amarga <a class=\"twitter-hashtag pretty-link js-nav\" dir=\"ltr\" href=\"https:\/\/twitter.com\/hashtag\/GooseIPA?src=hash\" target=\"_blank\" data-query-source=\"hashtag_click\"><s>#<\/s>GooseIPA<\/a> de <strong>Goose Island<\/strong>, y a continuaci\u00f3n me sumerg\u00ed en la masa de j\u00f3venes ansiosos por sacudir caderas.<\/p>\n<p>Mi jornada musical comenz\u00f3 con <strong>Baltazar<\/strong>, un cuarteto mexicano de hombres vestidos en capas negras, emblem\u00e1ticas barbas y cabellos bajo los hombros, quienes con un sencillo y sensual <em>dream pop<\/em> repleto de distorsiones y cantos b\u00e9licos, alegraron la tarde de todos los asistentes en el escenario Amarillo.<\/p>\n<p><img loading=\"lazy\" decoding=\"async\" class=\"aligncenter size-full wp-image-45441\" src=\"http:\/\/www.reconoce.mx\/wp-content\/uploads\/2016\/03\/IMG_9052.jpg\" alt=\"IMG_9052\" width=\"5184\" height=\"3456\" srcset=\"http:\/\/www.reconoce.mx\/wp-content\/uploads\/2016\/03\/IMG_9052.jpg 5184w, http:\/\/www.reconoce.mx\/wp-content\/uploads\/2016\/03\/IMG_9052-300x200.jpg 300w, http:\/\/www.reconoce.mx\/wp-content\/uploads\/2016\/03\/IMG_9052-768x512.jpg 768w, http:\/\/www.reconoce.mx\/wp-content\/uploads\/2016\/03\/IMG_9052-1024x683.jpg 1024w, http:\/\/www.reconoce.mx\/wp-content\/uploads\/2016\/03\/IMG_9052-150x100.jpg 150w, http:\/\/www.reconoce.mx\/wp-content\/uploads\/2016\/03\/IMG_9052-700x467.jpg 700w, http:\/\/www.reconoce.mx\/wp-content\/uploads\/2016\/03\/IMG_9052-658x439.jpg 658w\" sizes=\"auto, (max-width: 5184px) 100vw, 5184px\" \/><\/p>\n<p>M\u00e1s tarde me reencontr\u00e9 con amistades del pasado, y con las respectivas \u00abfr\u00edas\u00bb en las manos, llevamos nuestras pisadas y t\u00edmpanos al minimalista y elegante electro pop de los finlandeses <strong>Jakko Eino Kalebi<\/strong>, quienes simplemente con una percusi\u00f3n, sintetizador, dos voces y tintes de saxof\u00f3n, hicieron de la puesta del sol un momento lleno de fulgor. \u00a1\u00a1\u00a1Gran descubrimiento!!!<\/p>\n<p>Mientras la noche se dejaba venir, el misterio y la incertidumbre se proyectaban en los rostros de todos, quienes concierto tras concierto se sorprend\u00edan m\u00e1s. As\u00ed lleg\u00f3 el turno de<strong> Pierre Bastien<\/strong>, un franc\u00e9s que en escena instala una especie de mecanismos integrados por elementos comunes como clavos, cintas, papeles y maderas, y quien repite el sonido una y otra vez para generar una musicalidad espectacular a base de elementos totalmente org\u00e1nicos. Su presentaci\u00f3n result\u00f3 mucho m\u00e1s que un concierto musical. Al retirarse del escenario el franc\u00e9s recibi\u00f3 aplausos por un largo e indefinido tiempo.<\/p>\n<p><img loading=\"lazy\" decoding=\"async\" class=\"aligncenter size-full wp-image-45443\" src=\"http:\/\/www.reconoce.mx\/wp-content\/uploads\/2016\/03\/IMG_9029.jpg\" alt=\"IMG_9029\" width=\"5184\" height=\"3456\" srcset=\"http:\/\/www.reconoce.mx\/wp-content\/uploads\/2016\/03\/IMG_9029.jpg 5184w, http:\/\/www.reconoce.mx\/wp-content\/uploads\/2016\/03\/IMG_9029-300x200.jpg 300w, http:\/\/www.reconoce.mx\/wp-content\/uploads\/2016\/03\/IMG_9029-768x512.jpg 768w, http:\/\/www.reconoce.mx\/wp-content\/uploads\/2016\/03\/IMG_9029-1024x683.jpg 1024w, http:\/\/www.reconoce.mx\/wp-content\/uploads\/2016\/03\/IMG_9029-150x100.jpg 150w, http:\/\/www.reconoce.mx\/wp-content\/uploads\/2016\/03\/IMG_9029-700x467.jpg 700w, http:\/\/www.reconoce.mx\/wp-content\/uploads\/2016\/03\/IMG_9029-658x439.jpg 658w\" sizes=\"auto, (max-width: 5184px) 100vw, 5184px\" \/><\/p>\n<p>Minutos despu\u00e9s le lleg\u00f3 la hora a la productora, DJ y artista visual nacida en Kuwait, <strong>Fatima Al Qadiri<\/strong>, quien mezclando sonidos industriales, guapachosos y cumbieros, combinados con visuales de intensos colores y mucho movimiento, volc\u00f3 el festival en un completo fiest\u00f3n. Todos los que se sent\u00edan ya cansados, olvidaron todo para sacudir hombros y rodillas, saltar hasta sacar polvo y revolcarse por los suelos. Una propuesta muy especial y \u00fanica en su tipo.<\/p>\n<p>La noche avanzaba y a pesar de ser domingo, todos se manten\u00edan negados a siquiera pensar en su realidad; entre ahogados gritos, empujones y palmas, apareci\u00f3 en escena la raz\u00f3n por la que muchos se animaron a asistir al festival. Ni\u00f1os, perros, parejas y familias recibieron c\u00e1lidamente a <strong>Slowdive<\/strong>, la banda brit\u00e1nica de <em>shoegaze<\/em> m\u00e1s importante de los a\u00f1os 90, a quienes se les notaba con gran experiencia y en consecuencia no defraudaron a nadie. Fue una locura distorsionada, un poema en seis cuerdas.<\/p>\n<p><img loading=\"lazy\" decoding=\"async\" class=\"aligncenter size-full wp-image-45440\" src=\"http:\/\/www.reconoce.mx\/wp-content\/uploads\/2016\/03\/IMG_9121.jpg\" alt=\"IMG_9121\" width=\"5184\" height=\"3456\" srcset=\"http:\/\/www.reconoce.mx\/wp-content\/uploads\/2016\/03\/IMG_9121.jpg 5184w, http:\/\/www.reconoce.mx\/wp-content\/uploads\/2016\/03\/IMG_9121-300x200.jpg 300w, http:\/\/www.reconoce.mx\/wp-content\/uploads\/2016\/03\/IMG_9121-768x512.jpg 768w, http:\/\/www.reconoce.mx\/wp-content\/uploads\/2016\/03\/IMG_9121-1024x683.jpg 1024w, http:\/\/www.reconoce.mx\/wp-content\/uploads\/2016\/03\/IMG_9121-150x100.jpg 150w, http:\/\/www.reconoce.mx\/wp-content\/uploads\/2016\/03\/IMG_9121-700x467.jpg 700w, http:\/\/www.reconoce.mx\/wp-content\/uploads\/2016\/03\/IMG_9121-658x439.jpg 658w\" sizes=\"auto, (max-width: 5184px) 100vw, 5184px\" \/><\/p>\n<p>Dos d\u00edas del Nrmal, m\u00e1s todas las actividades en la semana previa, nos comprobaron c\u00f3mo un equipo de apasionados trabajando en conjunto, pueden lograr organizar, operar y ejecutar un festival pulcro en cada detalle, con una excelente curador\u00eda, maridaje, comida, bebida y por supuesto, p\u00fablico.<\/p>\n<p>\u00a1Gracias <strong>Nrmal<\/strong>, nos vemos en 2017!<\/p>\n<p>&nbsp;<\/p>\n<p>&nbsp;<\/p>\n<p>&nbsp;<\/p>\n","protected":false},"excerpt":{"rendered":"<p>La ma\u00f1ana del domingo 13 de marzo amaneci\u00f3 con un radiante sol, factor que gener\u00f3 que todos los asistentes del s\u00e1bado as\u00ed como tambi\u00e9n cientos de fan\u00e1ticos de \u00faltima hora, no dudaran ni un poco en lanzarse al Deportivo Lomas Altas para hacer historia en la escena independiente de nuestra \u00e9poca y pa\u00eds.<\/p>\n","protected":false},"author":2,"featured_media":45444,"comment_status":"open","ping_status":"open","sticky":false,"template":"","format":"standard","meta":{"footnotes":""},"categories":[1,18,17],"tags":[],"class_list":["post-45438","post","type-post","status-publish","format-standard","has-post-thumbnail","hentry","category-cultura","category-musica","category-principal"],"yoast_head":"<!-- This site is optimized with the Yoast SEO plugin v24.7 - https:\/\/yoast.com\/wordpress\/plugins\/seo\/ -->\n<title>#FestivalNrmal 2016: D\u00eda 2 &#171; Reconoce MX<\/title>\n<meta name=\"robots\" content=\"index, follow, max-snippet:-1, max-image-preview:large, max-video-preview:-1\" \/>\n<link rel=\"canonical\" href=\"https:\/\/www.reconoce.mx\/?p=45438\" \/>\n<meta property=\"og:locale\" content=\"es_ES\" \/>\n<meta property=\"og:type\" content=\"article\" \/>\n<meta property=\"og:title\" content=\"#FestivalNrmal 2016: D\u00eda 2 &#171; Reconoce MX\" \/>\n<meta property=\"og:description\" content=\"La ma\u00f1ana del domingo 13 de marzo amaneci\u00f3 con un radiante sol, factor que gener\u00f3 que todos los asistentes del s\u00e1bado as\u00ed como tambi\u00e9n cientos de fan\u00e1ticos de \u00faltima hora, no dudaran ni un poco en lanzarse al Deportivo Lomas Altas para hacer historia en la escena independiente de nuestra \u00e9poca y pa\u00eds.\" \/>\n<meta property=\"og:url\" content=\"https:\/\/www.reconoce.mx\/?p=45438\" \/>\n<meta property=\"og:site_name\" content=\"Reconoce MX\" \/>\n<meta property=\"article:publisher\" content=\"https:\/\/es-la.facebook.com\/ReconoceMX\/\" \/>\n<meta property=\"article:published_time\" content=\"2016-03-14T06:05:33+00:00\" \/>\n<meta property=\"article:modified_time\" content=\"2016-03-14T23:05:43+00:00\" \/>\n<meta property=\"og:image\" content=\"https:\/\/www.reconoce.mx\/wp-content\/uploads\/2016\/03\/nrmal-day2-cover.png\" \/>\n\t<meta property=\"og:image:width\" content=\"590\" \/>\n\t<meta property=\"og:image:height\" content=\"380\" \/>\n\t<meta property=\"og:image:type\" content=\"image\/png\" \/>\n<meta name=\"author\" content=\"Reconoce MX\" \/>\n<meta name=\"twitter:card\" content=\"summary_large_image\" \/>\n<meta name=\"twitter:creator\" content=\"@reconocemx\" \/>\n<meta name=\"twitter:site\" content=\"@reconocemx\" \/>\n<meta name=\"twitter:label1\" content=\"Escrito por\" \/>\n\t<meta name=\"twitter:data1\" content=\"Reconoce MX\" \/>\n\t<meta name=\"twitter:label2\" content=\"Tiempo de lectura\" \/>\n\t<meta name=\"twitter:data2\" content=\"3 minutos\" \/>\n<script type=\"application\/ld+json\" class=\"yoast-schema-graph\">{\"@context\":\"https:\/\/schema.org\",\"@graph\":[{\"@type\":\"Article\",\"@id\":\"https:\/\/www.reconoce.mx\/?p=45438#article\",\"isPartOf\":{\"@id\":\"https:\/\/www.reconoce.mx\/?p=45438\"},\"author\":{\"name\":\"Reconoce MX\",\"@id\":\"http:\/\/www.reconoce.mx\/#\/schema\/person\/2117e997d7051dc15d6880eaf9bca0b2\"},\"headline\":\"#FestivalNrmal 2016: D\u00eda 2\",\"datePublished\":\"2016-03-14T06:05:33+00:00\",\"dateModified\":\"2016-03-14T23:05:43+00:00\",\"mainEntityOfPage\":{\"@id\":\"https:\/\/www.reconoce.mx\/?p=45438\"},\"wordCount\":687,\"commentCount\":0,\"publisher\":{\"@id\":\"http:\/\/www.reconoce.mx\/#organization\"},\"image\":{\"@id\":\"https:\/\/www.reconoce.mx\/?p=45438#primaryimage\"},\"thumbnailUrl\":\"http:\/\/www.reconoce.mx\/wp-content\/uploads\/2016\/03\/nrmal-day2-cover.png\",\"articleSection\":[\"Cultura\",\"M\u00fasica\",\"Principal\"],\"inLanguage\":\"es\",\"potentialAction\":[{\"@type\":\"CommentAction\",\"name\":\"Comment\",\"target\":[\"https:\/\/www.reconoce.mx\/?p=45438#respond\"]}]},{\"@type\":\"WebPage\",\"@id\":\"https:\/\/www.reconoce.mx\/?p=45438\",\"url\":\"https:\/\/www.reconoce.mx\/?p=45438\",\"name\":\"#FestivalNrmal 2016: D\u00eda 2 &#171; Reconoce MX\",\"isPartOf\":{\"@id\":\"http:\/\/www.reconoce.mx\/#website\"},\"primaryImageOfPage\":{\"@id\":\"https:\/\/www.reconoce.mx\/?p=45438#primaryimage\"},\"image\":{\"@id\":\"https:\/\/www.reconoce.mx\/?p=45438#primaryimage\"},\"thumbnailUrl\":\"http:\/\/www.reconoce.mx\/wp-content\/uploads\/2016\/03\/nrmal-day2-cover.png\",\"datePublished\":\"2016-03-14T06:05:33+00:00\",\"dateModified\":\"2016-03-14T23:05:43+00:00\",\"breadcrumb\":{\"@id\":\"https:\/\/www.reconoce.mx\/?p=45438#breadcrumb\"},\"inLanguage\":\"es\",\"potentialAction\":[{\"@type\":\"ReadAction\",\"target\":[\"https:\/\/www.reconoce.mx\/?p=45438\"]}]},{\"@type\":\"ImageObject\",\"inLanguage\":\"es\",\"@id\":\"https:\/\/www.reconoce.mx\/?p=45438#primaryimage\",\"url\":\"http:\/\/www.reconoce.mx\/wp-content\/uploads\/2016\/03\/nrmal-day2-cover.png\",\"contentUrl\":\"http:\/\/www.reconoce.mx\/wp-content\/uploads\/2016\/03\/nrmal-day2-cover.png\",\"width\":590,\"height\":380},{\"@type\":\"BreadcrumbList\",\"@id\":\"https:\/\/www.reconoce.mx\/?p=45438#breadcrumb\",\"itemListElement\":[{\"@type\":\"ListItem\",\"position\":1,\"name\":\"Portada\",\"item\":\"http:\/\/www.reconoce.mx\/\"},{\"@type\":\"ListItem\",\"position\":2,\"name\":\"#FestivalNrmal 2016: D\u00eda 2\"}]},{\"@type\":\"WebSite\",\"@id\":\"http:\/\/www.reconoce.mx\/#website\",\"url\":\"http:\/\/www.reconoce.mx\/\",\"name\":\"Reconoce MX\",\"description\":\"En Reconoce MX difundimos arte, cultura y conciencia social en M\u00e9xico. Tu ciudad en otra perspectiva.\",\"publisher\":{\"@id\":\"http:\/\/www.reconoce.mx\/#organization\"},\"potentialAction\":[{\"@type\":\"SearchAction\",\"target\":{\"@type\":\"EntryPoint\",\"urlTemplate\":\"http:\/\/www.reconoce.mx\/?s={search_term_string}\"},\"query-input\":{\"@type\":\"PropertyValueSpecification\",\"valueRequired\":true,\"valueName\":\"search_term_string\"}}],\"inLanguage\":\"es\"},{\"@type\":\"Organization\",\"@id\":\"http:\/\/www.reconoce.mx\/#organization\",\"name\":\"Reconoce MX\",\"url\":\"http:\/\/www.reconoce.mx\/\",\"logo\":{\"@type\":\"ImageObject\",\"inLanguage\":\"es\",\"@id\":\"http:\/\/www.reconoce.mx\/#\/schema\/logo\/image\/\",\"url\":\"https:\/\/www.reconoce.mx\/wp-content\/uploads\/2019\/03\/logorcmx-good-1.png\",\"contentUrl\":\"https:\/\/www.reconoce.mx\/wp-content\/uploads\/2019\/03\/logorcmx-good-1.png\",\"width\":280,\"height\":90,\"caption\":\"Reconoce MX\"},\"image\":{\"@id\":\"http:\/\/www.reconoce.mx\/#\/schema\/logo\/image\/\"},\"sameAs\":[\"https:\/\/es-la.facebook.com\/ReconoceMX\/\",\"https:\/\/x.com\/reconocemx\",\"http:\/\/@reconocemx\"]},{\"@type\":\"Person\",\"@id\":\"http:\/\/www.reconoce.mx\/#\/schema\/person\/2117e997d7051dc15d6880eaf9bca0b2\",\"name\":\"Reconoce MX\",\"image\":{\"@type\":\"ImageObject\",\"inLanguage\":\"es\",\"@id\":\"http:\/\/www.reconoce.mx\/#\/schema\/person\/image\/\",\"url\":\"https:\/\/secure.gravatar.com\/avatar\/6c8d4dc7569ca1c90c5fdcc349f839d5ddef6fe1e70b4337ead2ef1a4c43fc3a?s=96&d=identicon&r=g\",\"contentUrl\":\"https:\/\/secure.gravatar.com\/avatar\/6c8d4dc7569ca1c90c5fdcc349f839d5ddef6fe1e70b4337ead2ef1a4c43fc3a?s=96&d=identicon&r=g\",\"caption\":\"Reconoce MX\"},\"description\":\"Reconoce MX es un proyecto de difusi\u00f3n art\u00edstica, cultural y de conciencia social que est\u00e1 enfocado a difundir y fomentar el entretenimiento alternativo de calidad para todo el p\u00fablico que comparta el mismo entusiasmo.\",\"sameAs\":[\"http:\/\/www.reconoce.mx\"],\"url\":\"http:\/\/www.reconoce.mx\/?author=2\"}]}<\/script>\n<!-- \/ Yoast SEO plugin. -->","yoast_head_json":{"title":"#FestivalNrmal 2016: D\u00eda 2 &#171; Reconoce MX","robots":{"index":"index","follow":"follow","max-snippet":"max-snippet:-1","max-image-preview":"max-image-preview:large","max-video-preview":"max-video-preview:-1"},"canonical":"https:\/\/www.reconoce.mx\/?p=45438","og_locale":"es_ES","og_type":"article","og_title":"#FestivalNrmal 2016: D\u00eda 2 &#171; Reconoce MX","og_description":"La ma\u00f1ana del domingo 13 de marzo amaneci\u00f3 con un radiante sol, factor que gener\u00f3 que todos los asistentes del s\u00e1bado as\u00ed como tambi\u00e9n cientos de fan\u00e1ticos de \u00faltima hora, no dudaran ni un poco en lanzarse al Deportivo Lomas Altas para hacer historia en la escena independiente de nuestra \u00e9poca y pa\u00eds.","og_url":"https:\/\/www.reconoce.mx\/?p=45438","og_site_name":"Reconoce MX","article_publisher":"https:\/\/es-la.facebook.com\/ReconoceMX\/","article_published_time":"2016-03-14T06:05:33+00:00","article_modified_time":"2016-03-14T23:05:43+00:00","og_image":[{"width":590,"height":380,"url":"https:\/\/www.reconoce.mx\/wp-content\/uploads\/2016\/03\/nrmal-day2-cover.png","type":"image\/png"}],"author":"Reconoce MX","twitter_card":"summary_large_image","twitter_creator":"@reconocemx","twitter_site":"@reconocemx","twitter_misc":{"Escrito por":"Reconoce MX","Tiempo de lectura":"3 minutos"},"schema":{"@context":"https:\/\/schema.org","@graph":[{"@type":"Article","@id":"https:\/\/www.reconoce.mx\/?p=45438#article","isPartOf":{"@id":"https:\/\/www.reconoce.mx\/?p=45438"},"author":{"name":"Reconoce MX","@id":"http:\/\/www.reconoce.mx\/#\/schema\/person\/2117e997d7051dc15d6880eaf9bca0b2"},"headline":"#FestivalNrmal 2016: D\u00eda 2","datePublished":"2016-03-14T06:05:33+00:00","dateModified":"2016-03-14T23:05:43+00:00","mainEntityOfPage":{"@id":"https:\/\/www.reconoce.mx\/?p=45438"},"wordCount":687,"commentCount":0,"publisher":{"@id":"http:\/\/www.reconoce.mx\/#organization"},"image":{"@id":"https:\/\/www.reconoce.mx\/?p=45438#primaryimage"},"thumbnailUrl":"http:\/\/www.reconoce.mx\/wp-content\/uploads\/2016\/03\/nrmal-day2-cover.png","articleSection":["Cultura","M\u00fasica","Principal"],"inLanguage":"es","potentialAction":[{"@type":"CommentAction","name":"Comment","target":["https:\/\/www.reconoce.mx\/?p=45438#respond"]}]},{"@type":"WebPage","@id":"https:\/\/www.reconoce.mx\/?p=45438","url":"https:\/\/www.reconoce.mx\/?p=45438","name":"#FestivalNrmal 2016: D\u00eda 2 &#171; Reconoce MX","isPartOf":{"@id":"http:\/\/www.reconoce.mx\/#website"},"primaryImageOfPage":{"@id":"https:\/\/www.reconoce.mx\/?p=45438#primaryimage"},"image":{"@id":"https:\/\/www.reconoce.mx\/?p=45438#primaryimage"},"thumbnailUrl":"http:\/\/www.reconoce.mx\/wp-content\/uploads\/2016\/03\/nrmal-day2-cover.png","datePublished":"2016-03-14T06:05:33+00:00","dateModified":"2016-03-14T23:05:43+00:00","breadcrumb":{"@id":"https:\/\/www.reconoce.mx\/?p=45438#breadcrumb"},"inLanguage":"es","potentialAction":[{"@type":"ReadAction","target":["https:\/\/www.reconoce.mx\/?p=45438"]}]},{"@type":"ImageObject","inLanguage":"es","@id":"https:\/\/www.reconoce.mx\/?p=45438#primaryimage","url":"http:\/\/www.reconoce.mx\/wp-content\/uploads\/2016\/03\/nrmal-day2-cover.png","contentUrl":"http:\/\/www.reconoce.mx\/wp-content\/uploads\/2016\/03\/nrmal-day2-cover.png","width":590,"height":380},{"@type":"BreadcrumbList","@id":"https:\/\/www.reconoce.mx\/?p=45438#breadcrumb","itemListElement":[{"@type":"ListItem","position":1,"name":"Portada","item":"http:\/\/www.reconoce.mx\/"},{"@type":"ListItem","position":2,"name":"#FestivalNrmal 2016: D\u00eda 2"}]},{"@type":"WebSite","@id":"http:\/\/www.reconoce.mx\/#website","url":"http:\/\/www.reconoce.mx\/","name":"Reconoce MX","description":"En Reconoce MX difundimos arte, cultura y conciencia social en M\u00e9xico. Tu ciudad en otra perspectiva.","publisher":{"@id":"http:\/\/www.reconoce.mx\/#organization"},"potentialAction":[{"@type":"SearchAction","target":{"@type":"EntryPoint","urlTemplate":"http:\/\/www.reconoce.mx\/?s={search_term_string}"},"query-input":{"@type":"PropertyValueSpecification","valueRequired":true,"valueName":"search_term_string"}}],"inLanguage":"es"},{"@type":"Organization","@id":"http:\/\/www.reconoce.mx\/#organization","name":"Reconoce MX","url":"http:\/\/www.reconoce.mx\/","logo":{"@type":"ImageObject","inLanguage":"es","@id":"http:\/\/www.reconoce.mx\/#\/schema\/logo\/image\/","url":"https:\/\/www.reconoce.mx\/wp-content\/uploads\/2019\/03\/logorcmx-good-1.png","contentUrl":"https:\/\/www.reconoce.mx\/wp-content\/uploads\/2019\/03\/logorcmx-good-1.png","width":280,"height":90,"caption":"Reconoce MX"},"image":{"@id":"http:\/\/www.reconoce.mx\/#\/schema\/logo\/image\/"},"sameAs":["https:\/\/es-la.facebook.com\/ReconoceMX\/","https:\/\/x.com\/reconocemx","http:\/\/@reconocemx"]},{"@type":"Person","@id":"http:\/\/www.reconoce.mx\/#\/schema\/person\/2117e997d7051dc15d6880eaf9bca0b2","name":"Reconoce MX","image":{"@type":"ImageObject","inLanguage":"es","@id":"http:\/\/www.reconoce.mx\/#\/schema\/person\/image\/","url":"https:\/\/secure.gravatar.com\/avatar\/6c8d4dc7569ca1c90c5fdcc349f839d5ddef6fe1e70b4337ead2ef1a4c43fc3a?s=96&d=identicon&r=g","contentUrl":"https:\/\/secure.gravatar.com\/avatar\/6c8d4dc7569ca1c90c5fdcc349f839d5ddef6fe1e70b4337ead2ef1a4c43fc3a?s=96&d=identicon&r=g","caption":"Reconoce MX"},"description":"Reconoce MX es un proyecto de difusi\u00f3n art\u00edstica, cultural y de conciencia social que est\u00e1 enfocado a difundir y fomentar el entretenimiento alternativo de calidad para todo el p\u00fablico que comparta el mismo entusiasmo.","sameAs":["http:\/\/www.reconoce.mx"],"url":"http:\/\/www.reconoce.mx\/?author=2"}]}},"_links":{"self":[{"href":"http:\/\/www.reconoce.mx\/index.php?rest_route=\/wp\/v2\/posts\/45438","targetHints":{"allow":["GET"]}}],"collection":[{"href":"http:\/\/www.reconoce.mx\/index.php?rest_route=\/wp\/v2\/posts"}],"about":[{"href":"http:\/\/www.reconoce.mx\/index.php?rest_route=\/wp\/v2\/types\/post"}],"author":[{"embeddable":true,"href":"http:\/\/www.reconoce.mx\/index.php?rest_route=\/wp\/v2\/users\/2"}],"replies":[{"embeddable":true,"href":"http:\/\/www.reconoce.mx\/index.php?rest_route=%2Fwp%2Fv2%2Fcomments&post=45438"}],"version-history":[{"count":1,"href":"http:\/\/www.reconoce.mx\/index.php?rest_route=\/wp\/v2\/posts\/45438\/revisions"}],"predecessor-version":[{"id":45445,"href":"http:\/\/www.reconoce.mx\/index.php?rest_route=\/wp\/v2\/posts\/45438\/revisions\/45445"}],"wp:featuredmedia":[{"embeddable":true,"href":"http:\/\/www.reconoce.mx\/index.php?rest_route=\/wp\/v2\/media\/45444"}],"wp:attachment":[{"href":"http:\/\/www.reconoce.mx\/index.php?rest_route=%2Fwp%2Fv2%2Fmedia&parent=45438"}],"wp:term":[{"taxonomy":"category","embeddable":true,"href":"http:\/\/www.reconoce.mx\/index.php?rest_route=%2Fwp%2Fv2%2Fcategories&post=45438"},{"taxonomy":"post_tag","embeddable":true,"href":"http:\/\/www.reconoce.mx\/index.php?rest_route=%2Fwp%2Fv2%2Ftags&post=45438"}],"curies":[{"name":"wp","href":"https:\/\/api.w.org\/{rel}","templated":true}]}}