{"id":45453,"date":"2016-03-14T00:06:46","date_gmt":"2016-03-14T06:06:46","guid":{"rendered":"http:\/\/www.reconoce.mx\/?p=45453"},"modified":"2016-03-14T23:55:08","modified_gmt":"2016-03-15T05:55:08","slug":"que-viva-la-melancolia-dos-noches-con-steven-wilson","status":"publish","type":"post","link":"http:\/\/www.reconoce.mx\/?p=45453","title":{"rendered":"\u00a1Qu\u00e9 viva la melancol\u00eda! \u00a1Dos noches con Steven Wilson!"},"content":{"rendered":"<p><strong>Texto por <a title=\"@anasofisolis\" href=\"https:\/\/twitter.com\/Anasofisolis\" target=\"_blank\">Ana Sof Sol\u00eds<\/a>.<br \/>\nFotos por <a title=\"@AaronPalaciosC\" href=\"https:\/\/twitter.com\/ninapapalote\" target=\"_blank\">Marifer Quintana Barbosa<\/a><\/strong>.<\/p>\n<p><strong>El Plaza Condesa<\/strong> se inund\u00f3 de sentimientos cuando el rock progresivo de <strong>Steven Wilson<\/strong> comenz\u00f3 a sonar.<\/p>\n<p>A pesar de que las dos noches tuvieron formatos diferentes, en ning\u00fan momento se perdieron las emociones de cada uno de los fans que coreaban canciones llenas de nostalgia, melancol\u00eda y amor.<\/p>\n<h2><span style=\"color: #a81f25;\"><strong>NOCHE 1<br \/>\n<\/strong><\/span><\/h2>\n<p>La cita del viernes 11 de marzo fue en punto de las 21:00 horas. A pesar de que muchos de los asistentes llegaron temprano para tomar su lugar, El Plaza tuvo lleno total desde antes.<\/p>\n<p>Como buen ingl\u00e9s, puntualmente las luces se apagaron y comenz\u00f3 a rodar el video introductorio de los departamentos para luego dar inicio a la primer canci\u00f3n de la noche, \u00abFirst Regret\u00bb. Al momento de salir, nos percatamos de los nuevos m\u00fasicos que acompa\u00f1aban a Steven esa noche. El baterista y el guitarrista no eran ni <strong>Marco Minemann<\/strong> ni<strong> Guthrie Govan<\/strong>, en su lugar estaban dos brillantes m\u00fasicos brit\u00e1nicos: <strong>Dave Kliminster <\/strong>(guitarrista principal de Roger Waters) y <strong>Craig Blundell<\/strong> (\u00a1genio!) en la bater\u00eda.<\/p>\n<p>Al terminar la segunda canci\u00f3n de la noche, \u00ab3 years older\u00bb, Steven present\u00f3 la din\u00e1mica del concierto y coment\u00f3 que \u00e9ste se dividir\u00eda en dos partes. La primera parte se tratar\u00eda \u00fanicamente del \u00e1lbum \u00abHand.Cannot.Erase.\u00bb, disco que lo trajo a M\u00e9xico el a\u00f1o pasado despu\u00e9s de una extensa gira por Europa, Latinoam\u00e9rica y Canad\u00e1.<\/p>\n<p>As\u00ed present\u00f3 la canci\u00f3n con el t\u00edtulo del \u00e1lbum, a lo que siguieron gritos y aplausos del p\u00fablico. Las canciones sonaban una a una como est\u00e1n en el orden del disco, \u00abPerfect life\u00bb, \u00abRoutine\u00bb, \u00abHome invasion\u00bb&#8230; A pesar de que esa noche no estuvo <strong>Ninet<\/strong> apoyando vocalmente, su voz estaba presente junto con la de Wilson.<\/p>\n<p><img loading=\"lazy\" decoding=\"async\" class=\"aligncenter size-full wp-image-45465\" src=\"http:\/\/www.reconoce.mx\/wp-content\/uploads\/2016\/03\/SW011.jpg\" alt=\"SW011\" width=\"1090\" height=\"727\" srcset=\"http:\/\/www.reconoce.mx\/wp-content\/uploads\/2016\/03\/SW011.jpg 1090w, http:\/\/www.reconoce.mx\/wp-content\/uploads\/2016\/03\/SW011-300x200.jpg 300w, http:\/\/www.reconoce.mx\/wp-content\/uploads\/2016\/03\/SW011-768x512.jpg 768w, http:\/\/www.reconoce.mx\/wp-content\/uploads\/2016\/03\/SW011-1024x683.jpg 1024w, http:\/\/www.reconoce.mx\/wp-content\/uploads\/2016\/03\/SW011-150x100.jpg 150w, http:\/\/www.reconoce.mx\/wp-content\/uploads\/2016\/03\/SW011-700x467.jpg 700w, http:\/\/www.reconoce.mx\/wp-content\/uploads\/2016\/03\/SW011-658x439.jpg 658w\" sizes=\"auto, (max-width: 1090px) 100vw, 1090px\" \/><\/p>\n<p><em><strong>&gt;&gt;<a href=\"https:\/\/www.flickr.com\/photos\/reconocemx\/albums\/72157665791371091\" target=\"_blank\">Disfruta de nuestra galer\u00eda completa de Steven Wilson en El Plaza<\/a>&lt;&lt;<\/strong><\/em><\/p>\n<p>Mientras el video de \u00abRoutine\u00bb se proyectaba detr\u00e1s de la banda, un sinf\u00edn de sentimientos invadieron a los presentes quienes cantaban a la par de las voces y aplaud\u00edan en las partes cr\u00edticas de la canci\u00f3n. \u00ab\u00bfLes gustan las canciones tristes?\u00bb, pregunt\u00f3 Steven Wilson antes de presentar \u00abRoutine\u00bb; \u00absi no les gustaran, no estar\u00edan aqu\u00ed\u2026\u00bb, se contest\u00f3 entre risas, para posteriormente comentar que canci\u00f3n que tocaba era la m\u00e1s triste que hab\u00eda escrito, y que a pesar de escribir sobre la melancol\u00eda, \u00e9l no es una persona depresiva, solamente que disfruta contagiar esa tristeza a los dem\u00e1s.<\/p>\n<p>Durante la canci\u00f3n \u00abHome Invasion\u00bb hubo una falla en el audio que nos hizo saltar a todos, ya que una de las bocinas tron\u00f3 tan fuerte que por unos segundos se perdi\u00f3 el sonido en el lugar. Los m\u00fasicos no dejaron de tocar, y la falla se arregl\u00f3 r\u00e1pidamente mientras todos nos acostumbrabamos nuevamente al sonido natural de los instrumentos.<\/p>\n<p>La primera parte del concierto concluy\u00f3 con la canci\u00f3n \u00abAscendant here on\u2026\u00bb (\u00faltima canci\u00f3n del \u00e1lbum \u00abHand.Cannot.Erase.\u00bb), y a continuaci\u00f3n de \u00e9sta hubo un intermedio de aproximadamente 25 minutos.<\/p>\n<p>El ambiente en la segunda parte del concierto se puso m\u00e1s progresivo. Wilson present\u00f3 su nuevo EP \u00ab4 \u00bd\u00bb que contiene seis canciones previamente grabadas antes de lanzar sus dos \u00e1lbumes de estudio, \u00abHand.Cannot.Erase.\u00bb y \u00abThe raven that refused to sing\u00bb.<\/p>\n<p><img loading=\"lazy\" decoding=\"async\" class=\"aligncenter size-full wp-image-45463\" src=\"http:\/\/www.reconoce.mx\/wp-content\/uploads\/2016\/03\/SW009.jpg\" alt=\"SW009\" width=\"1090\" height=\"727\" srcset=\"http:\/\/www.reconoce.mx\/wp-content\/uploads\/2016\/03\/SW009.jpg 1090w, http:\/\/www.reconoce.mx\/wp-content\/uploads\/2016\/03\/SW009-300x200.jpg 300w, http:\/\/www.reconoce.mx\/wp-content\/uploads\/2016\/03\/SW009-768x512.jpg 768w, http:\/\/www.reconoce.mx\/wp-content\/uploads\/2016\/03\/SW009-1024x683.jpg 1024w, http:\/\/www.reconoce.mx\/wp-content\/uploads\/2016\/03\/SW009-150x100.jpg 150w, http:\/\/www.reconoce.mx\/wp-content\/uploads\/2016\/03\/SW009-700x467.jpg 700w, http:\/\/www.reconoce.mx\/wp-content\/uploads\/2016\/03\/SW009-658x439.jpg 658w\" sizes=\"auto, (max-width: 1090px) 100vw, 1090px\" \/><\/p>\n<p><em><strong>&gt;&gt;<a href=\"https:\/\/www.flickr.com\/photos\/reconocemx\/albums\/72157665791371091\" target=\"_blank\">Disfruta de nuestra galer\u00eda completa de Steven Wilson en El Plaza<\/a>&lt;&lt;<\/strong><\/em><\/p>\n<p>La primer canci\u00f3n despu\u00e9s de este corto intermedio fue \u00abDark matter\u00bb, en donde los presentes gritaron y reconocieron la cancion atr\u00e1s de su \u00e9poca de <strong>Porcupine Tree<\/strong>.<\/p>\n<p>Uno de los momentos m\u00e1s emotivos de la noche fue cuando <strong>Steven Wilson<\/strong> mencion\u00f3 la muerte de David Bowie, a quien quiso rendirle tributo tocando \u00abLazarus\u00bb, una canci\u00f3n de <strong>Porcupine Tree<\/strong> en la cual el protagonista se llama David. El propio Bowie tambi\u00e9n tiene una canci\u00f3n titulada \u00abLazarus\u00bb por lo que para los presentes fue una manera muy emotiva de recordarlo: Wilson cant\u00e1ndole a David su propia versi\u00f3n de la melancol\u00eda.<\/p>\n<p>Al pasar la noche se escucharon m\u00e1s canciones de <strong>Porcupine Tree<\/strong> y muchas del nuevo EP, como \u00abIndex\u00bb, \u00abVermillioncore\u00bb y \u00abMy book of regrets\u00bb. En esta parte de la noche, una tela blanca cay\u00f3 delante del escenario en la que se proyectaron im\u00e1genes acordes al ritmo de la m\u00fasica.<\/p>\n<p>Para concluir la primera noche de concierto, Steven prometi\u00f3 tocar dos canciones, la que e\u00e9l considera que es su canci\u00f3n m\u00e1s \u00abpegajosa\u00bb, y la que \u00e9l dice que es la mejor canci\u00f3n que ha escrito.<\/p>\n<p><img loading=\"lazy\" decoding=\"async\" class=\"aligncenter size-full wp-image-45460\" src=\"http:\/\/www.reconoce.mx\/wp-content\/uploads\/2016\/03\/SW006.jpg\" alt=\"SW006\" width=\"1090\" height=\"727\" srcset=\"http:\/\/www.reconoce.mx\/wp-content\/uploads\/2016\/03\/SW006.jpg 1090w, http:\/\/www.reconoce.mx\/wp-content\/uploads\/2016\/03\/SW006-300x200.jpg 300w, http:\/\/www.reconoce.mx\/wp-content\/uploads\/2016\/03\/SW006-768x512.jpg 768w, http:\/\/www.reconoce.mx\/wp-content\/uploads\/2016\/03\/SW006-1024x683.jpg 1024w, http:\/\/www.reconoce.mx\/wp-content\/uploads\/2016\/03\/SW006-150x100.jpg 150w, http:\/\/www.reconoce.mx\/wp-content\/uploads\/2016\/03\/SW006-700x467.jpg 700w, http:\/\/www.reconoce.mx\/wp-content\/uploads\/2016\/03\/SW006-658x439.jpg 658w\" sizes=\"auto, (max-width: 1090px) 100vw, 1090px\" \/><\/p>\n<p><em><strong>&gt;&gt;<a href=\"https:\/\/www.flickr.com\/photos\/reconocemx\/albums\/72157665791371091\" target=\"_blank\">Disfruta de nuestra galer\u00eda completa de Steven Wilson en El Plaza<\/a>&lt;&lt;<\/strong><\/em><\/p>\n<p>La primera fue EThe sound of Muzak\u00bb, canci\u00f3n con la que todo El Plaza bail\u00f3 y cant\u00f3. Sin embargo estos sentimientos se fueron enseguida, ya que la segunda y \u00faltima canci\u00f3n fue \u00abThe raven that refused to sing\u00bb, una canci\u00f3n triste y muy emotiva con la cual los excelentes m\u00fasicos de la noche se despidieron y dieron las gracias a todos los que estuvieron presentes esa noche.<\/p>\n<p>Misi\u00f3n cumplida, la primer noche se hab\u00eda acabado \u00a1pero faltaba la segunda!<\/p>\n<h2><span style=\"color: #a81f25;\"><strong>NOCHE 2<\/strong><\/span><\/h2>\n<p>Con un d\u00eda de descanso, <strong>Steven Wilson<\/strong> nos cit\u00f3 el domingo 13 en punto de las 20:00 horas. La noche volvi\u00f3 a comenzar con el video de los departamentos, momento con el cual fueron entrando uno a uno los integrantes de la banda. El concierto comenz\u00f3 con canciones del \u00e1lbum \u00abHand.Cannot.Erase.\u00bb, pero justo antes de comenzar la tercer canci\u00f3n, Wilson invit\u00f3 al escenario a <strong>Ninet Tayeb<\/strong> quien cant\u00f3 la canci\u00f3n que lleva como t\u00edtulo el mismo nombre que el \u00e1lbum.<\/p>\n<p>Ninet fue la primera de varias sorpresas de la noche, y fue recibida con aplausos y chiflidos de todo <strong>El Plaza<\/strong>.<\/p>\n<p><img loading=\"lazy\" decoding=\"async\" class=\"aligncenter size-full wp-image-45464\" src=\"http:\/\/www.reconoce.mx\/wp-content\/uploads\/2016\/03\/SW010.jpg\" alt=\"SW010\" width=\"1090\" height=\"727\" srcset=\"http:\/\/www.reconoce.mx\/wp-content\/uploads\/2016\/03\/SW010.jpg 1090w, http:\/\/www.reconoce.mx\/wp-content\/uploads\/2016\/03\/SW010-300x200.jpg 300w, http:\/\/www.reconoce.mx\/wp-content\/uploads\/2016\/03\/SW010-768x512.jpg 768w, http:\/\/www.reconoce.mx\/wp-content\/uploads\/2016\/03\/SW010-1024x683.jpg 1024w, http:\/\/www.reconoce.mx\/wp-content\/uploads\/2016\/03\/SW010-150x100.jpg 150w, http:\/\/www.reconoce.mx\/wp-content\/uploads\/2016\/03\/SW010-700x467.jpg 700w, http:\/\/www.reconoce.mx\/wp-content\/uploads\/2016\/03\/SW010-658x439.jpg 658w\" sizes=\"auto, (max-width: 1090px) 100vw, 1090px\" \/><\/p>\n<p><em><strong>&gt;&gt;<a href=\"https:\/\/www.flickr.com\/photos\/reconocemx\/albums\/72157665791371091\" target=\"_blank\">Disfruta de nuestra galer\u00eda completa de Steven Wilson en El Plaza<\/a>&lt;&lt;<\/strong><\/em><\/p>\n<p>Nuevamente se escuchaba el orden original del disco \u00abHand.Cannot.Erase.\u00bb para la primera parte del concierto, la cual culmin\u00f3 con \u00abHappy returns\u00bb y \u00abAscendant here on\u00bb.<\/p>\n<p>Se prendieron las luces del lugar mientras la banda se iba y comenzaba el intermedio que dur\u00f3 aproximadamente media hora.<\/p>\n<p>De la nada se apagaron las luces mientras sorpesivamente sonaba \u00abDrag ropes\u00bb, canci\u00f3n de <strong>Storm Corrosion<\/strong>, proyecto de<strong> Steven Wilson<\/strong> y <strong>Mikael \u00c5kerfeldt<\/strong> (cantante de <strong>Opeth<\/strong>).<\/p>\n<p>A continuaci\u00f3n siguieron canciones de <strong>Porcupine Tree<\/strong> como \u00abOpen car\u00bb, \u00abLazarus\u00bb y \u00abDon&#8217;t hate me\u00bb.<\/p>\n<p><img loading=\"lazy\" decoding=\"async\" class=\"aligncenter size-full wp-image-45457\" src=\"http:\/\/www.reconoce.mx\/wp-content\/uploads\/2016\/03\/SW003.jpg\" alt=\"SW003\" width=\"1090\" height=\"727\" srcset=\"http:\/\/www.reconoce.mx\/wp-content\/uploads\/2016\/03\/SW003.jpg 1090w, http:\/\/www.reconoce.mx\/wp-content\/uploads\/2016\/03\/SW003-300x200.jpg 300w, http:\/\/www.reconoce.mx\/wp-content\/uploads\/2016\/03\/SW003-768x512.jpg 768w, http:\/\/www.reconoce.mx\/wp-content\/uploads\/2016\/03\/SW003-1024x683.jpg 1024w, http:\/\/www.reconoce.mx\/wp-content\/uploads\/2016\/03\/SW003-150x100.jpg 150w, http:\/\/www.reconoce.mx\/wp-content\/uploads\/2016\/03\/SW003-700x467.jpg 700w, http:\/\/www.reconoce.mx\/wp-content\/uploads\/2016\/03\/SW003-658x439.jpg 658w\" sizes=\"auto, (max-width: 1090px) 100vw, 1090px\" \/><\/p>\n<p><em><strong>&gt;&gt;<a href=\"https:\/\/www.flickr.com\/photos\/reconocemx\/albums\/72157665791371091\" target=\"_blank\">Disfruta de nuestra galer\u00eda completa de Steven Wilson en El Plaza<\/a>&lt;&lt;<\/strong><\/em><\/p>\n<p>Con respecto a esta \u00faltima, <strong>Steven Wilson<\/strong> mencion\u00f3 que a pesar de que esta canci\u00f3n sali\u00f3 con <strong>Porcupine Tree<\/strong>, \u00e9l siempre la imagin\u00f3 como un dueto, raz\u00f3n por la que \u00e9l la incluye en \u00ab4 \u00bd\u00bb junto a <strong>Ninet Tayeb<\/strong>.<\/p>\n<p>Despu\u00e9s de grabar algunos Snapchats, Wilson tom\u00f3 su guitarra ac\u00fastica y en la parte de atr\u00e1s apareci\u00f3 una foto de <strong>David Bowie<\/strong>. Junto con Ninet, tocaron y cantaron \u00abSpace oddity\u00bb mientras el p\u00fablico cantaba rindiendo homenaje a <strong>Ziggy Stardust<\/strong>. Este momento fue definitivamente uno de los m\u00e1s emotivos de la noche, y entre luces encendidas , la gente comenz\u00f3 a llorar.<\/p>\n<p>Para terminar la noche y darle fin a las presentaciones en Ciudad de M\u00e9xico, Steven cant\u00f3 la pegajosa \u00abThe sound of Muzak\u00bb mientras Dave hac\u00eda las melod\u00edas con la voz. La noche no pod\u00eda terminar sin antes presentar a sus talentosos m\u00fasicos. <strong>Nick Beggs<\/strong> en el chapman stick, <strong>Ninet Tayeb<\/strong> en la voz, <strong>Adam Holzman<\/strong> en los teclados, <strong>Dave Kliminster<\/strong> en la guitarra y <strong>Craig Blundell<\/strong> en la bater\u00eda.<\/p>\n<p>A pesar de que las presentaciones de <strong>Steven Wilson<\/strong> en <strong>El Plaza<\/strong> terminaron, el m\u00fasico volvi\u00f3 a sonar hoy lunes 14 de marzo como parte de la <strong>Soundcheck Xpo<\/strong> que se realiza en <strong>WTC<\/strong>.<\/p>\n<p>&nbsp;<\/p>\n<p>&nbsp;<\/p>\n","protected":false},"excerpt":{"rendered":"<p>El Plaza Condesa se inund\u00f3 de sentimientos cuando el rock progresivo de Steven Wilson comenz\u00f3 a sonar.<\/p>\n","protected":false},"author":2,"featured_media":45466,"comment_status":"open","ping_status":"open","sticky":false,"template":"","format":"standard","meta":{"footnotes":""},"categories":[1,18,17],"tags":[],"class_list":["post-45453","post","type-post","status-publish","format-standard","has-post-thumbnail","hentry","category-cultura","category-musica","category-principal"],"yoast_head":"<!-- This site is optimized with the Yoast SEO plugin v24.7 - https:\/\/yoast.com\/wordpress\/plugins\/seo\/ -->\n<title>\u00a1Qu\u00e9 viva la melancol\u00eda! \u00a1Dos noches con Steven Wilson! &#171; Reconoce MX<\/title>\n<meta name=\"robots\" content=\"index, follow, max-snippet:-1, max-image-preview:large, max-video-preview:-1\" \/>\n<link rel=\"canonical\" href=\"http:\/\/www.reconoce.mx\/?p=45453\" \/>\n<meta property=\"og:locale\" content=\"es_ES\" \/>\n<meta property=\"og:type\" content=\"article\" \/>\n<meta property=\"og:title\" content=\"\u00a1Qu\u00e9 viva la melancol\u00eda! \u00a1Dos noches con Steven Wilson! &#171; Reconoce MX\" \/>\n<meta property=\"og:description\" content=\"El Plaza Condesa se inund\u00f3 de sentimientos cuando el rock progresivo de Steven Wilson comenz\u00f3 a sonar.\" \/>\n<meta property=\"og:url\" content=\"http:\/\/www.reconoce.mx\/?p=45453\" \/>\n<meta property=\"og:site_name\" content=\"Reconoce MX\" \/>\n<meta property=\"article:publisher\" content=\"https:\/\/es-la.facebook.com\/ReconoceMX\/\" \/>\n<meta property=\"article:published_time\" content=\"2016-03-14T06:06:46+00:00\" \/>\n<meta property=\"article:modified_time\" content=\"2016-03-15T05:55:08+00:00\" \/>\n<meta property=\"og:image\" content=\"http:\/\/www.reconoce.mx\/wp-content\/uploads\/2016\/03\/stevenwilson-cover.png\" \/>\n\t<meta property=\"og:image:width\" content=\"590\" \/>\n\t<meta property=\"og:image:height\" content=\"380\" \/>\n\t<meta property=\"og:image:type\" content=\"image\/png\" \/>\n<meta name=\"author\" content=\"Reconoce MX\" \/>\n<meta name=\"twitter:card\" content=\"summary_large_image\" \/>\n<meta name=\"twitter:creator\" content=\"@reconocemx\" \/>\n<meta name=\"twitter:site\" content=\"@reconocemx\" \/>\n<meta name=\"twitter:label1\" content=\"Escrito por\" \/>\n\t<meta name=\"twitter:data1\" content=\"Reconoce MX\" \/>\n\t<meta name=\"twitter:label2\" content=\"Tiempo de lectura\" \/>\n\t<meta name=\"twitter:data2\" content=\"7 minutos\" \/>\n<script type=\"application\/ld+json\" class=\"yoast-schema-graph\">{\"@context\":\"https:\/\/schema.org\",\"@graph\":[{\"@type\":\"Article\",\"@id\":\"http:\/\/www.reconoce.mx\/?p=45453#article\",\"isPartOf\":{\"@id\":\"http:\/\/www.reconoce.mx\/?p=45453\"},\"author\":{\"name\":\"Reconoce MX\",\"@id\":\"http:\/\/www.reconoce.mx\/#\/schema\/person\/2117e997d7051dc15d6880eaf9bca0b2\"},\"headline\":\"\u00a1Qu\u00e9 viva la melancol\u00eda! \u00a1Dos noches con Steven Wilson!\",\"datePublished\":\"2016-03-14T06:06:46+00:00\",\"dateModified\":\"2016-03-15T05:55:08+00:00\",\"mainEntityOfPage\":{\"@id\":\"http:\/\/www.reconoce.mx\/?p=45453\"},\"wordCount\":1340,\"commentCount\":0,\"publisher\":{\"@id\":\"http:\/\/www.reconoce.mx\/#organization\"},\"image\":{\"@id\":\"http:\/\/www.reconoce.mx\/?p=45453#primaryimage\"},\"thumbnailUrl\":\"http:\/\/www.reconoce.mx\/wp-content\/uploads\/2016\/03\/stevenwilson-cover.png\",\"articleSection\":[\"Cultura\",\"M\u00fasica\",\"Principal\"],\"inLanguage\":\"es\",\"potentialAction\":[{\"@type\":\"CommentAction\",\"name\":\"Comment\",\"target\":[\"http:\/\/www.reconoce.mx\/?p=45453#respond\"]}]},{\"@type\":\"WebPage\",\"@id\":\"http:\/\/www.reconoce.mx\/?p=45453\",\"url\":\"http:\/\/www.reconoce.mx\/?p=45453\",\"name\":\"\u00a1Qu\u00e9 viva la melancol\u00eda! \u00a1Dos noches con Steven Wilson! &#171; Reconoce MX\",\"isPartOf\":{\"@id\":\"http:\/\/www.reconoce.mx\/#website\"},\"primaryImageOfPage\":{\"@id\":\"http:\/\/www.reconoce.mx\/?p=45453#primaryimage\"},\"image\":{\"@id\":\"http:\/\/www.reconoce.mx\/?p=45453#primaryimage\"},\"thumbnailUrl\":\"http:\/\/www.reconoce.mx\/wp-content\/uploads\/2016\/03\/stevenwilson-cover.png\",\"datePublished\":\"2016-03-14T06:06:46+00:00\",\"dateModified\":\"2016-03-15T05:55:08+00:00\",\"breadcrumb\":{\"@id\":\"http:\/\/www.reconoce.mx\/?p=45453#breadcrumb\"},\"inLanguage\":\"es\",\"potentialAction\":[{\"@type\":\"ReadAction\",\"target\":[\"http:\/\/www.reconoce.mx\/?p=45453\"]}]},{\"@type\":\"ImageObject\",\"inLanguage\":\"es\",\"@id\":\"http:\/\/www.reconoce.mx\/?p=45453#primaryimage\",\"url\":\"http:\/\/www.reconoce.mx\/wp-content\/uploads\/2016\/03\/stevenwilson-cover.png\",\"contentUrl\":\"http:\/\/www.reconoce.mx\/wp-content\/uploads\/2016\/03\/stevenwilson-cover.png\",\"width\":590,\"height\":380},{\"@type\":\"BreadcrumbList\",\"@id\":\"http:\/\/www.reconoce.mx\/?p=45453#breadcrumb\",\"itemListElement\":[{\"@type\":\"ListItem\",\"position\":1,\"name\":\"Portada\",\"item\":\"http:\/\/www.reconoce.mx\/\"},{\"@type\":\"ListItem\",\"position\":2,\"name\":\"\u00a1Qu\u00e9 viva la melancol\u00eda! \u00a1Dos noches con Steven Wilson!\"}]},{\"@type\":\"WebSite\",\"@id\":\"http:\/\/www.reconoce.mx\/#website\",\"url\":\"http:\/\/www.reconoce.mx\/\",\"name\":\"Reconoce MX\",\"description\":\"En Reconoce MX difundimos arte, cultura y conciencia social en M\u00e9xico. Tu ciudad en otra perspectiva.\",\"publisher\":{\"@id\":\"http:\/\/www.reconoce.mx\/#organization\"},\"potentialAction\":[{\"@type\":\"SearchAction\",\"target\":{\"@type\":\"EntryPoint\",\"urlTemplate\":\"http:\/\/www.reconoce.mx\/?s={search_term_string}\"},\"query-input\":{\"@type\":\"PropertyValueSpecification\",\"valueRequired\":true,\"valueName\":\"search_term_string\"}}],\"inLanguage\":\"es\"},{\"@type\":\"Organization\",\"@id\":\"http:\/\/www.reconoce.mx\/#organization\",\"name\":\"Reconoce MX\",\"url\":\"http:\/\/www.reconoce.mx\/\",\"logo\":{\"@type\":\"ImageObject\",\"inLanguage\":\"es\",\"@id\":\"http:\/\/www.reconoce.mx\/#\/schema\/logo\/image\/\",\"url\":\"https:\/\/www.reconoce.mx\/wp-content\/uploads\/2019\/03\/logorcmx-good-1.png\",\"contentUrl\":\"https:\/\/www.reconoce.mx\/wp-content\/uploads\/2019\/03\/logorcmx-good-1.png\",\"width\":280,\"height\":90,\"caption\":\"Reconoce MX\"},\"image\":{\"@id\":\"http:\/\/www.reconoce.mx\/#\/schema\/logo\/image\/\"},\"sameAs\":[\"https:\/\/es-la.facebook.com\/ReconoceMX\/\",\"https:\/\/x.com\/reconocemx\",\"http:\/\/@reconocemx\"]},{\"@type\":\"Person\",\"@id\":\"http:\/\/www.reconoce.mx\/#\/schema\/person\/2117e997d7051dc15d6880eaf9bca0b2\",\"name\":\"Reconoce MX\",\"image\":{\"@type\":\"ImageObject\",\"inLanguage\":\"es\",\"@id\":\"http:\/\/www.reconoce.mx\/#\/schema\/person\/image\/\",\"url\":\"https:\/\/secure.gravatar.com\/avatar\/6c8d4dc7569ca1c90c5fdcc349f839d5ddef6fe1e70b4337ead2ef1a4c43fc3a?s=96&d=identicon&r=g\",\"contentUrl\":\"https:\/\/secure.gravatar.com\/avatar\/6c8d4dc7569ca1c90c5fdcc349f839d5ddef6fe1e70b4337ead2ef1a4c43fc3a?s=96&d=identicon&r=g\",\"caption\":\"Reconoce MX\"},\"description\":\"Reconoce MX es un proyecto de difusi\u00f3n art\u00edstica, cultural y de conciencia social que est\u00e1 enfocado a difundir y fomentar el entretenimiento alternativo de calidad para todo el p\u00fablico que comparta el mismo entusiasmo.\",\"sameAs\":[\"http:\/\/www.reconoce.mx\"],\"url\":\"http:\/\/www.reconoce.mx\/?author=2\"}]}<\/script>\n<!-- \/ Yoast SEO plugin. -->","yoast_head_json":{"title":"\u00a1Qu\u00e9 viva la melancol\u00eda! \u00a1Dos noches con Steven Wilson! &#171; Reconoce MX","robots":{"index":"index","follow":"follow","max-snippet":"max-snippet:-1","max-image-preview":"max-image-preview:large","max-video-preview":"max-video-preview:-1"},"canonical":"http:\/\/www.reconoce.mx\/?p=45453","og_locale":"es_ES","og_type":"article","og_title":"\u00a1Qu\u00e9 viva la melancol\u00eda! \u00a1Dos noches con Steven Wilson! &#171; Reconoce MX","og_description":"El Plaza Condesa se inund\u00f3 de sentimientos cuando el rock progresivo de Steven Wilson comenz\u00f3 a sonar.","og_url":"http:\/\/www.reconoce.mx\/?p=45453","og_site_name":"Reconoce MX","article_publisher":"https:\/\/es-la.facebook.com\/ReconoceMX\/","article_published_time":"2016-03-14T06:06:46+00:00","article_modified_time":"2016-03-15T05:55:08+00:00","og_image":[{"width":590,"height":380,"url":"http:\/\/www.reconoce.mx\/wp-content\/uploads\/2016\/03\/stevenwilson-cover.png","type":"image\/png"}],"author":"Reconoce MX","twitter_card":"summary_large_image","twitter_creator":"@reconocemx","twitter_site":"@reconocemx","twitter_misc":{"Escrito por":"Reconoce MX","Tiempo de lectura":"7 minutos"},"schema":{"@context":"https:\/\/schema.org","@graph":[{"@type":"Article","@id":"http:\/\/www.reconoce.mx\/?p=45453#article","isPartOf":{"@id":"http:\/\/www.reconoce.mx\/?p=45453"},"author":{"name":"Reconoce MX","@id":"http:\/\/www.reconoce.mx\/#\/schema\/person\/2117e997d7051dc15d6880eaf9bca0b2"},"headline":"\u00a1Qu\u00e9 viva la melancol\u00eda! \u00a1Dos noches con Steven Wilson!","datePublished":"2016-03-14T06:06:46+00:00","dateModified":"2016-03-15T05:55:08+00:00","mainEntityOfPage":{"@id":"http:\/\/www.reconoce.mx\/?p=45453"},"wordCount":1340,"commentCount":0,"publisher":{"@id":"http:\/\/www.reconoce.mx\/#organization"},"image":{"@id":"http:\/\/www.reconoce.mx\/?p=45453#primaryimage"},"thumbnailUrl":"http:\/\/www.reconoce.mx\/wp-content\/uploads\/2016\/03\/stevenwilson-cover.png","articleSection":["Cultura","M\u00fasica","Principal"],"inLanguage":"es","potentialAction":[{"@type":"CommentAction","name":"Comment","target":["http:\/\/www.reconoce.mx\/?p=45453#respond"]}]},{"@type":"WebPage","@id":"http:\/\/www.reconoce.mx\/?p=45453","url":"http:\/\/www.reconoce.mx\/?p=45453","name":"\u00a1Qu\u00e9 viva la melancol\u00eda! \u00a1Dos noches con Steven Wilson! &#171; Reconoce MX","isPartOf":{"@id":"http:\/\/www.reconoce.mx\/#website"},"primaryImageOfPage":{"@id":"http:\/\/www.reconoce.mx\/?p=45453#primaryimage"},"image":{"@id":"http:\/\/www.reconoce.mx\/?p=45453#primaryimage"},"thumbnailUrl":"http:\/\/www.reconoce.mx\/wp-content\/uploads\/2016\/03\/stevenwilson-cover.png","datePublished":"2016-03-14T06:06:46+00:00","dateModified":"2016-03-15T05:55:08+00:00","breadcrumb":{"@id":"http:\/\/www.reconoce.mx\/?p=45453#breadcrumb"},"inLanguage":"es","potentialAction":[{"@type":"ReadAction","target":["http:\/\/www.reconoce.mx\/?p=45453"]}]},{"@type":"ImageObject","inLanguage":"es","@id":"http:\/\/www.reconoce.mx\/?p=45453#primaryimage","url":"http:\/\/www.reconoce.mx\/wp-content\/uploads\/2016\/03\/stevenwilson-cover.png","contentUrl":"http:\/\/www.reconoce.mx\/wp-content\/uploads\/2016\/03\/stevenwilson-cover.png","width":590,"height":380},{"@type":"BreadcrumbList","@id":"http:\/\/www.reconoce.mx\/?p=45453#breadcrumb","itemListElement":[{"@type":"ListItem","position":1,"name":"Portada","item":"http:\/\/www.reconoce.mx\/"},{"@type":"ListItem","position":2,"name":"\u00a1Qu\u00e9 viva la melancol\u00eda! \u00a1Dos noches con Steven Wilson!"}]},{"@type":"WebSite","@id":"http:\/\/www.reconoce.mx\/#website","url":"http:\/\/www.reconoce.mx\/","name":"Reconoce MX","description":"En Reconoce MX difundimos arte, cultura y conciencia social en M\u00e9xico. Tu ciudad en otra perspectiva.","publisher":{"@id":"http:\/\/www.reconoce.mx\/#organization"},"potentialAction":[{"@type":"SearchAction","target":{"@type":"EntryPoint","urlTemplate":"http:\/\/www.reconoce.mx\/?s={search_term_string}"},"query-input":{"@type":"PropertyValueSpecification","valueRequired":true,"valueName":"search_term_string"}}],"inLanguage":"es"},{"@type":"Organization","@id":"http:\/\/www.reconoce.mx\/#organization","name":"Reconoce MX","url":"http:\/\/www.reconoce.mx\/","logo":{"@type":"ImageObject","inLanguage":"es","@id":"http:\/\/www.reconoce.mx\/#\/schema\/logo\/image\/","url":"https:\/\/www.reconoce.mx\/wp-content\/uploads\/2019\/03\/logorcmx-good-1.png","contentUrl":"https:\/\/www.reconoce.mx\/wp-content\/uploads\/2019\/03\/logorcmx-good-1.png","width":280,"height":90,"caption":"Reconoce MX"},"image":{"@id":"http:\/\/www.reconoce.mx\/#\/schema\/logo\/image\/"},"sameAs":["https:\/\/es-la.facebook.com\/ReconoceMX\/","https:\/\/x.com\/reconocemx","http:\/\/@reconocemx"]},{"@type":"Person","@id":"http:\/\/www.reconoce.mx\/#\/schema\/person\/2117e997d7051dc15d6880eaf9bca0b2","name":"Reconoce MX","image":{"@type":"ImageObject","inLanguage":"es","@id":"http:\/\/www.reconoce.mx\/#\/schema\/person\/image\/","url":"https:\/\/secure.gravatar.com\/avatar\/6c8d4dc7569ca1c90c5fdcc349f839d5ddef6fe1e70b4337ead2ef1a4c43fc3a?s=96&d=identicon&r=g","contentUrl":"https:\/\/secure.gravatar.com\/avatar\/6c8d4dc7569ca1c90c5fdcc349f839d5ddef6fe1e70b4337ead2ef1a4c43fc3a?s=96&d=identicon&r=g","caption":"Reconoce MX"},"description":"Reconoce MX es un proyecto de difusi\u00f3n art\u00edstica, cultural y de conciencia social que est\u00e1 enfocado a difundir y fomentar el entretenimiento alternativo de calidad para todo el p\u00fablico que comparta el mismo entusiasmo.","sameAs":["http:\/\/www.reconoce.mx"],"url":"http:\/\/www.reconoce.mx\/?author=2"}]}},"_links":{"self":[{"href":"http:\/\/www.reconoce.mx\/index.php?rest_route=\/wp\/v2\/posts\/45453","targetHints":{"allow":["GET"]}}],"collection":[{"href":"http:\/\/www.reconoce.mx\/index.php?rest_route=\/wp\/v2\/posts"}],"about":[{"href":"http:\/\/www.reconoce.mx\/index.php?rest_route=\/wp\/v2\/types\/post"}],"author":[{"embeddable":true,"href":"http:\/\/www.reconoce.mx\/index.php?rest_route=\/wp\/v2\/users\/2"}],"replies":[{"embeddable":true,"href":"http:\/\/www.reconoce.mx\/index.php?rest_route=%2Fwp%2Fv2%2Fcomments&post=45453"}],"version-history":[{"count":4,"href":"http:\/\/www.reconoce.mx\/index.php?rest_route=\/wp\/v2\/posts\/45453\/revisions"}],"predecessor-version":[{"id":45477,"href":"http:\/\/www.reconoce.mx\/index.php?rest_route=\/wp\/v2\/posts\/45453\/revisions\/45477"}],"wp:featuredmedia":[{"embeddable":true,"href":"http:\/\/www.reconoce.mx\/index.php?rest_route=\/wp\/v2\/media\/45466"}],"wp:attachment":[{"href":"http:\/\/www.reconoce.mx\/index.php?rest_route=%2Fwp%2Fv2%2Fmedia&parent=45453"}],"wp:term":[{"taxonomy":"category","embeddable":true,"href":"http:\/\/www.reconoce.mx\/index.php?rest_route=%2Fwp%2Fv2%2Fcategories&post=45453"},{"taxonomy":"post_tag","embeddable":true,"href":"http:\/\/www.reconoce.mx\/index.php?rest_route=%2Fwp%2Fv2%2Ftags&post=45453"}],"curies":[{"name":"wp","href":"https:\/\/api.w.org\/{rel}","templated":true}]}}