{"id":45544,"date":"2016-03-22T00:02:32","date_gmt":"2016-03-22T06:02:32","guid":{"rendered":"http:\/\/www.reconoce.mx\/?p=45544"},"modified":"2016-03-21T20:31:33","modified_gmt":"2016-03-22T02:31:33","slug":"cinema-planeta-2016-cine-y-medio-ambiente","status":"publish","type":"post","link":"http:\/\/www.reconoce.mx\/?p=45544","title":{"rendered":"Cinema Planeta 2016, cine y medio ambiente"},"content":{"rendered":"<p><strong>Por <a title=\"@AsfaltosTweets\" href=\"http:\/\/twitter.com\/AsfaltosTweets\" target=\"_blank\">Asfaltos<\/a><\/strong>.<\/p>\n<p><strong>Cinema Planeta<\/strong> 2016, 8\u00b0 <strong>Festival Internacional de Cine y Medio Ambiente de M\u00e9xico<\/strong>, se realizar\u00e1 del 19 al 24 de abril en Cuernavaca, Morelos; y se presentar\u00e1 en Ciudad de M\u00e9xico con una muestra los d\u00edas 6, 7, 8, 13, 14 y 15 de mayo en Cineteca Nacional.<\/p>\n<p>El festival, tem\u00e1tico en cada edici\u00f3n, tendr\u00e1 como tema crucial el cambio clim\u00e1tico. Para esta edici\u00f3n destaca la asistencia de <strong>Rajendra K. Pachauri<\/strong>, quien fue presidente del Grupo Intergubernamental de Expertos sobre el Cambio Clim\u00e1tico (IPCC) donde recibi\u00f3 el <strong>Premio Nobel de la Paz<\/strong> en 2007.<\/p>\n<p><img loading=\"lazy\" decoding=\"async\" class=\"aligncenter size-full wp-image-45597\" src=\"http:\/\/www.reconoce.mx\/wp-content\/uploads\/2016\/03\/1.10-billion-1.jpg\" alt=\"1.10 billion 1\" width=\"1841\" height=\"778\" srcset=\"http:\/\/www.reconoce.mx\/wp-content\/uploads\/2016\/03\/1.10-billion-1.jpg 1841w, http:\/\/www.reconoce.mx\/wp-content\/uploads\/2016\/03\/1.10-billion-1-300x127.jpg 300w, http:\/\/www.reconoce.mx\/wp-content\/uploads\/2016\/03\/1.10-billion-1-768x325.jpg 768w, http:\/\/www.reconoce.mx\/wp-content\/uploads\/2016\/03\/1.10-billion-1-1024x433.jpg 1024w, http:\/\/www.reconoce.mx\/wp-content\/uploads\/2016\/03\/1.10-billion-1-150x63.jpg 150w, http:\/\/www.reconoce.mx\/wp-content\/uploads\/2016\/03\/1.10-billion-1-700x296.jpg 700w, http:\/\/www.reconoce.mx\/wp-content\/uploads\/2016\/03\/1.10-billion-1-658x278.jpg 658w\" sizes=\"auto, (max-width: 1841px) 100vw, 1841px\" \/><\/p>\n<p>Ser\u00e1n 63 t\u00edtulos, divididos en 7 secciones diferentes, los que se presenten en la cita anual f\u00edlmica dedicada a nuestro planeta. Las secciones son: \u00abFocos Cambio Clim\u00e1tico\u00bb, \u00abSelecci\u00f3n Oficial en Competencia\u00bb, \u00abMundos\u00bb, \u00abPalomitas\u00bb, \u00abTierra\u00bb, \u00abEcos de Ecozine\u00bb y una nueva secci\u00f3n llamada \u00abCuenca\u00bb -donde se presentar\u00e1n trabajos realizados en la Cuenca del Balsas, que cruza el Estado de Morelos, y que tiene por objetivo estimular la producci\u00f3n en la regi\u00f3n-.<\/p>\n<p>Adem\u00e1s de las pel\u00edculas, se presentar\u00e1n tambi\u00e9n, como es costumbre, una serie de conferencias sobre cambio clim\u00e1tico; dos exposiciones; 16 funciones de cine al aire libre en diversos municipios del Estado de Morelos; proyecciones en la <strong>Red de Cineclubes de Morelos<\/strong>; \u00abCine en tu plato\u00bb y un maridaje de cine y comida.<\/p>\n<p><img loading=\"lazy\" decoding=\"async\" class=\"aligncenter size-full wp-image-45598\" src=\"http:\/\/www.reconoce.mx\/wp-content\/uploads\/2016\/03\/1Dark-side-1.jpg\" alt=\"1Dark side 1\" width=\"1920\" height=\"1080\" srcset=\"http:\/\/www.reconoce.mx\/wp-content\/uploads\/2016\/03\/1Dark-side-1.jpg 1920w, http:\/\/www.reconoce.mx\/wp-content\/uploads\/2016\/03\/1Dark-side-1-300x169.jpg 300w, http:\/\/www.reconoce.mx\/wp-content\/uploads\/2016\/03\/1Dark-side-1-768x432.jpg 768w, http:\/\/www.reconoce.mx\/wp-content\/uploads\/2016\/03\/1Dark-side-1-1024x576.jpg 1024w, http:\/\/www.reconoce.mx\/wp-content\/uploads\/2016\/03\/1Dark-side-1-150x84.jpg 150w, http:\/\/www.reconoce.mx\/wp-content\/uploads\/2016\/03\/1Dark-side-1-700x394.jpg 700w, http:\/\/www.reconoce.mx\/wp-content\/uploads\/2016\/03\/1Dark-side-1-658x370.jpg 658w\" sizes=\"auto, (max-width: 1920px) 100vw, 1920px\" \/><\/p>\n<p>Contin\u00faan tambi\u00e9n los dos proyectos educativos que han dado identidad festival: las <strong>Salas Ambientales<\/strong> que llevar\u00e1n a 20 mil estudiantes de todas las edades a las salas cinematogr\u00e1ficas, en donde tendr\u00e1n al final de cada funci\u00f3n, cine debates con cient\u00edficos, especialistas y directores de cine; y el programa <strong>Huertos y Parcelas Escolares del Planeta<\/strong>, programa piloto que capacita a 5 secundarias t\u00e9cnicas de Morelos en los procesos de cultivo de hortalizas, y donde adem\u00e1s se les ense\u00f1a a los estudiantes a documentar la actividad en video para elaborar un tutorial que sirva a otras escuelas.<\/p>\n<p>Entre las novedades, en conferencia de prensa, se anunci\u00f3 que<strong> Cinema Planeta<\/strong> realiza su primera producci\u00f3n cinematogr\u00e1fica en coproducci\u00f3n con la SEMARNAT: un largometraje documental acerca del cambio clim\u00e1tico en M\u00e9xico que visitar\u00e1 8 puntos del pa\u00eds que den cuenta del avance de este fen\u00f3meno en nuestro pa\u00eds, y que se estrenar\u00e1 en el segundo semestre de este a\u00f1o. El documental estar\u00e1 dirigido por los realizadores Antonino Isordia, Michelle Ibaven, Carlos Armella, Luciana Kaplan, Roberto Olivares, Eleonora Isunza y Gustavo M. Ballest\u00e9.<\/p>\n<p><img loading=\"lazy\" decoding=\"async\" class=\"aligncenter size-full wp-image-45599\" src=\"http:\/\/www.reconoce.mx\/wp-content\/uploads\/2016\/03\/6.Santa-Teresa2.jpg\" alt=\"6.Santa Teresa2\" width=\"2800\" height=\"1867\" srcset=\"http:\/\/www.reconoce.mx\/wp-content\/uploads\/2016\/03\/6.Santa-Teresa2.jpg 2800w, http:\/\/www.reconoce.mx\/wp-content\/uploads\/2016\/03\/6.Santa-Teresa2-300x200.jpg 300w, http:\/\/www.reconoce.mx\/wp-content\/uploads\/2016\/03\/6.Santa-Teresa2-768x512.jpg 768w, http:\/\/www.reconoce.mx\/wp-content\/uploads\/2016\/03\/6.Santa-Teresa2-1024x683.jpg 1024w, http:\/\/www.reconoce.mx\/wp-content\/uploads\/2016\/03\/6.Santa-Teresa2-150x100.jpg 150w, http:\/\/www.reconoce.mx\/wp-content\/uploads\/2016\/03\/6.Santa-Teresa2-700x467.jpg 700w, http:\/\/www.reconoce.mx\/wp-content\/uploads\/2016\/03\/6.Santa-Teresa2-658x439.jpg 658w\" sizes=\"auto, (max-width: 2800px) 100vw, 2800px\" \/><\/p>\n<p>Adem\u00e1s, en conjunto con el <strong>Consejo Nacional de Ciencia y Tecnolog\u00eda<\/strong> (CONACYT), <strong>Cinema Planeta<\/strong> anunci\u00f3 el desarrollo de una plataforma digital para que el p\u00fablico pueda ver en l\u00ednea pel\u00edculas con tem\u00e1ticas ambientales. Esta plataforma educativa permitir\u00e1 realizar charlas a distancia con especialistas.<\/p>\n<p>Adicional a las fechas oficiales de <strong>Cinema Planeta 2016<\/strong>, el <strong>Tour Cinema Planeta<\/strong>, cineclub que viaja por todo el pa\u00eds, llegar\u00e1 a 26 estados de la Rep\u00fablica Mexicana conjuntando a cerca de 30 mil espectadores. Este trabajo se realiza con el <strong>CECADESU<\/strong> de la <strong>SEMARNAT<\/strong> y sus delegaciones en todo el pa\u00eds. Se anunci\u00f3 que est\u00e1 por firmarse un acuerdo con el<strong> Programa de Naciones Unidas para el Medio Ambiente<\/strong> que permitir\u00e1 llevar esta actividad a toda Latinoam\u00e9rica.<\/p>\n<p><img loading=\"lazy\" decoding=\"async\" class=\"aligncenter size-full wp-image-45600\" src=\"http:\/\/www.reconoce.mx\/wp-content\/uploads\/2016\/03\/1Defense2.jpg\" alt=\"1Defense2\" width=\"3264\" height=\"2448\" srcset=\"http:\/\/www.reconoce.mx\/wp-content\/uploads\/2016\/03\/1Defense2.jpg 3264w, http:\/\/www.reconoce.mx\/wp-content\/uploads\/2016\/03\/1Defense2-300x225.jpg 300w, http:\/\/www.reconoce.mx\/wp-content\/uploads\/2016\/03\/1Defense2-768x576.jpg 768w, http:\/\/www.reconoce.mx\/wp-content\/uploads\/2016\/03\/1Defense2-1024x768.jpg 1024w, http:\/\/www.reconoce.mx\/wp-content\/uploads\/2016\/03\/1Defense2-150x113.jpg 150w, http:\/\/www.reconoce.mx\/wp-content\/uploads\/2016\/03\/1Defense2-700x525.jpg 700w, http:\/\/www.reconoce.mx\/wp-content\/uploads\/2016\/03\/1Defense2-658x494.jpg 658w\" sizes=\"auto, (max-width: 3264px) 100vw, 3264px\" \/><\/p>\n<p><strong> Cinema Planeta 2016<\/strong> se llevar\u00e1 a cabo en diferentes sedes del estado de Morelos del martes 19 al domingo 24 de abril del 2016; y del 6 al 15 de mayo en Cineteca Nacional y diversos puntos de la Ciudad de M\u00e9xico. Para conocer la programaci\u00f3n completa, as\u00ed como informaci\u00f3n adicional, no dejes de visitar el sitio oficial.<\/p>\n<p style=\"text-align: right;\">Con informaci\u00f3n e im\u00e1genes cortes\u00eda de <strong>Cinetc&#8230;<\/strong><\/p>\n<p>&nbsp;<\/p>\n<p>&nbsp;<\/p>\n","protected":false},"excerpt":{"rendered":"<p>Cinema Planeta 2016, 8\u00b0 Festival Internacional de Cine y Medio Ambiente de M\u00e9xico, se realizar\u00e1 del 19 al 24 de abril en Cuernavaca, Morelos; y se presentar\u00e1 en Ciudad de M\u00e9xico con una muestra los d\u00edas 6, 7, 8, 13, 14 y 15 de mayo en Cineteca Nacional.<\/p>\n","protected":false},"author":2,"featured_media":45594,"comment_status":"open","ping_status":"open","sticky":false,"template":"","format":"standard","meta":{"footnotes":""},"categories":[24,1,17],"tags":[],"class_list":["post-45544","post","type-post","status-publish","format-standard","has-post-thumbnail","hentry","category-cine","category-cultura","category-principal"],"yoast_head":"<!-- This site is optimized with the Yoast SEO plugin v24.7 - https:\/\/yoast.com\/wordpress\/plugins\/seo\/ -->\n<title>Cinema Planeta 2016, cine y medio ambiente &#171; Reconoce MX<\/title>\n<meta name=\"robots\" content=\"index, follow, max-snippet:-1, max-image-preview:large, max-video-preview:-1\" \/>\n<link rel=\"canonical\" href=\"https:\/\/www.reconoce.mx\/?p=45544\" \/>\n<meta property=\"og:locale\" content=\"es_ES\" \/>\n<meta property=\"og:type\" content=\"article\" \/>\n<meta property=\"og:title\" content=\"Cinema Planeta 2016, cine y medio ambiente &#171; Reconoce MX\" \/>\n<meta property=\"og:description\" content=\"Cinema Planeta 2016, 8\u00b0 Festival Internacional de Cine y Medio Ambiente de M\u00e9xico, se realizar\u00e1 del 19 al 24 de abril en Cuernavaca, Morelos; y se presentar\u00e1 en Ciudad de M\u00e9xico con una muestra los d\u00edas 6, 7, 8, 13, 14 y 15 de mayo en Cineteca Nacional.\" \/>\n<meta property=\"og:url\" content=\"https:\/\/www.reconoce.mx\/?p=45544\" \/>\n<meta property=\"og:site_name\" content=\"Reconoce MX\" \/>\n<meta property=\"article:publisher\" content=\"https:\/\/es-la.facebook.com\/ReconoceMX\/\" \/>\n<meta property=\"article:published_time\" content=\"2016-03-22T06:02:32+00:00\" \/>\n<meta property=\"og:image\" content=\"https:\/\/www.reconoce.mx\/wp-content\/uploads\/2016\/03\/cinemaplaneta-cover.png\" \/>\n\t<meta property=\"og:image:width\" content=\"590\" \/>\n\t<meta property=\"og:image:height\" content=\"380\" \/>\n\t<meta property=\"og:image:type\" content=\"image\/png\" \/>\n<meta name=\"author\" content=\"Reconoce MX\" \/>\n<meta name=\"twitter:card\" content=\"summary_large_image\" \/>\n<meta name=\"twitter:creator\" content=\"@reconocemx\" \/>\n<meta name=\"twitter:site\" content=\"@reconocemx\" \/>\n<meta name=\"twitter:label1\" content=\"Escrito por\" \/>\n\t<meta name=\"twitter:data1\" content=\"Reconoce MX\" \/>\n\t<meta name=\"twitter:label2\" content=\"Tiempo de lectura\" \/>\n\t<meta name=\"twitter:data2\" content=\"3 minutos\" \/>\n<script type=\"application\/ld+json\" class=\"yoast-schema-graph\">{\"@context\":\"https:\/\/schema.org\",\"@graph\":[{\"@type\":\"Article\",\"@id\":\"https:\/\/www.reconoce.mx\/?p=45544#article\",\"isPartOf\":{\"@id\":\"https:\/\/www.reconoce.mx\/?p=45544\"},\"author\":{\"name\":\"Reconoce MX\",\"@id\":\"http:\/\/www.reconoce.mx\/#\/schema\/person\/2117e997d7051dc15d6880eaf9bca0b2\"},\"headline\":\"Cinema Planeta 2016, cine y medio ambiente\",\"datePublished\":\"2016-03-22T06:02:32+00:00\",\"mainEntityOfPage\":{\"@id\":\"https:\/\/www.reconoce.mx\/?p=45544\"},\"wordCount\":620,\"commentCount\":0,\"publisher\":{\"@id\":\"http:\/\/www.reconoce.mx\/#organization\"},\"image\":{\"@id\":\"https:\/\/www.reconoce.mx\/?p=45544#primaryimage\"},\"thumbnailUrl\":\"http:\/\/www.reconoce.mx\/wp-content\/uploads\/2016\/03\/cinemaplaneta-cover.png\",\"articleSection\":[\"Cine\",\"Cultura\",\"Principal\"],\"inLanguage\":\"es\",\"potentialAction\":[{\"@type\":\"CommentAction\",\"name\":\"Comment\",\"target\":[\"https:\/\/www.reconoce.mx\/?p=45544#respond\"]}]},{\"@type\":\"WebPage\",\"@id\":\"https:\/\/www.reconoce.mx\/?p=45544\",\"url\":\"https:\/\/www.reconoce.mx\/?p=45544\",\"name\":\"Cinema Planeta 2016, cine y medio ambiente &#171; Reconoce MX\",\"isPartOf\":{\"@id\":\"http:\/\/www.reconoce.mx\/#website\"},\"primaryImageOfPage\":{\"@id\":\"https:\/\/www.reconoce.mx\/?p=45544#primaryimage\"},\"image\":{\"@id\":\"https:\/\/www.reconoce.mx\/?p=45544#primaryimage\"},\"thumbnailUrl\":\"http:\/\/www.reconoce.mx\/wp-content\/uploads\/2016\/03\/cinemaplaneta-cover.png\",\"datePublished\":\"2016-03-22T06:02:32+00:00\",\"breadcrumb\":{\"@id\":\"https:\/\/www.reconoce.mx\/?p=45544#breadcrumb\"},\"inLanguage\":\"es\",\"potentialAction\":[{\"@type\":\"ReadAction\",\"target\":[\"https:\/\/www.reconoce.mx\/?p=45544\"]}]},{\"@type\":\"ImageObject\",\"inLanguage\":\"es\",\"@id\":\"https:\/\/www.reconoce.mx\/?p=45544#primaryimage\",\"url\":\"http:\/\/www.reconoce.mx\/wp-content\/uploads\/2016\/03\/cinemaplaneta-cover.png\",\"contentUrl\":\"http:\/\/www.reconoce.mx\/wp-content\/uploads\/2016\/03\/cinemaplaneta-cover.png\",\"width\":590,\"height\":380},{\"@type\":\"BreadcrumbList\",\"@id\":\"https:\/\/www.reconoce.mx\/?p=45544#breadcrumb\",\"itemListElement\":[{\"@type\":\"ListItem\",\"position\":1,\"name\":\"Portada\",\"item\":\"http:\/\/www.reconoce.mx\/\"},{\"@type\":\"ListItem\",\"position\":2,\"name\":\"Cinema Planeta 2016, cine y medio ambiente\"}]},{\"@type\":\"WebSite\",\"@id\":\"http:\/\/www.reconoce.mx\/#website\",\"url\":\"http:\/\/www.reconoce.mx\/\",\"name\":\"Reconoce MX\",\"description\":\"En Reconoce MX difundimos arte, cultura y conciencia social en M\u00e9xico. Tu ciudad en otra perspectiva.\",\"publisher\":{\"@id\":\"http:\/\/www.reconoce.mx\/#organization\"},\"potentialAction\":[{\"@type\":\"SearchAction\",\"target\":{\"@type\":\"EntryPoint\",\"urlTemplate\":\"http:\/\/www.reconoce.mx\/?s={search_term_string}\"},\"query-input\":{\"@type\":\"PropertyValueSpecification\",\"valueRequired\":true,\"valueName\":\"search_term_string\"}}],\"inLanguage\":\"es\"},{\"@type\":\"Organization\",\"@id\":\"http:\/\/www.reconoce.mx\/#organization\",\"name\":\"Reconoce MX\",\"url\":\"http:\/\/www.reconoce.mx\/\",\"logo\":{\"@type\":\"ImageObject\",\"inLanguage\":\"es\",\"@id\":\"http:\/\/www.reconoce.mx\/#\/schema\/logo\/image\/\",\"url\":\"https:\/\/www.reconoce.mx\/wp-content\/uploads\/2019\/03\/logorcmx-good-1.png\",\"contentUrl\":\"https:\/\/www.reconoce.mx\/wp-content\/uploads\/2019\/03\/logorcmx-good-1.png\",\"width\":280,\"height\":90,\"caption\":\"Reconoce MX\"},\"image\":{\"@id\":\"http:\/\/www.reconoce.mx\/#\/schema\/logo\/image\/\"},\"sameAs\":[\"https:\/\/es-la.facebook.com\/ReconoceMX\/\",\"https:\/\/x.com\/reconocemx\",\"http:\/\/@reconocemx\"]},{\"@type\":\"Person\",\"@id\":\"http:\/\/www.reconoce.mx\/#\/schema\/person\/2117e997d7051dc15d6880eaf9bca0b2\",\"name\":\"Reconoce MX\",\"image\":{\"@type\":\"ImageObject\",\"inLanguage\":\"es\",\"@id\":\"http:\/\/www.reconoce.mx\/#\/schema\/person\/image\/\",\"url\":\"https:\/\/secure.gravatar.com\/avatar\/6c8d4dc7569ca1c90c5fdcc349f839d5ddef6fe1e70b4337ead2ef1a4c43fc3a?s=96&d=identicon&r=g\",\"contentUrl\":\"https:\/\/secure.gravatar.com\/avatar\/6c8d4dc7569ca1c90c5fdcc349f839d5ddef6fe1e70b4337ead2ef1a4c43fc3a?s=96&d=identicon&r=g\",\"caption\":\"Reconoce MX\"},\"description\":\"Reconoce MX es un proyecto de difusi\u00f3n art\u00edstica, cultural y de conciencia social que est\u00e1 enfocado a difundir y fomentar el entretenimiento alternativo de calidad para todo el p\u00fablico que comparta el mismo entusiasmo.\",\"sameAs\":[\"http:\/\/www.reconoce.mx\"],\"url\":\"http:\/\/www.reconoce.mx\/?author=2\"}]}<\/script>\n<!-- \/ Yoast SEO plugin. -->","yoast_head_json":{"title":"Cinema Planeta 2016, cine y medio ambiente &#171; Reconoce MX","robots":{"index":"index","follow":"follow","max-snippet":"max-snippet:-1","max-image-preview":"max-image-preview:large","max-video-preview":"max-video-preview:-1"},"canonical":"https:\/\/www.reconoce.mx\/?p=45544","og_locale":"es_ES","og_type":"article","og_title":"Cinema Planeta 2016, cine y medio ambiente &#171; Reconoce MX","og_description":"Cinema Planeta 2016, 8\u00b0 Festival Internacional de Cine y Medio Ambiente de M\u00e9xico, se realizar\u00e1 del 19 al 24 de abril en Cuernavaca, Morelos; y se presentar\u00e1 en Ciudad de M\u00e9xico con una muestra los d\u00edas 6, 7, 8, 13, 14 y 15 de mayo en Cineteca Nacional.","og_url":"https:\/\/www.reconoce.mx\/?p=45544","og_site_name":"Reconoce MX","article_publisher":"https:\/\/es-la.facebook.com\/ReconoceMX\/","article_published_time":"2016-03-22T06:02:32+00:00","og_image":[{"width":590,"height":380,"url":"https:\/\/www.reconoce.mx\/wp-content\/uploads\/2016\/03\/cinemaplaneta-cover.png","type":"image\/png"}],"author":"Reconoce MX","twitter_card":"summary_large_image","twitter_creator":"@reconocemx","twitter_site":"@reconocemx","twitter_misc":{"Escrito por":"Reconoce MX","Tiempo de lectura":"3 minutos"},"schema":{"@context":"https:\/\/schema.org","@graph":[{"@type":"Article","@id":"https:\/\/www.reconoce.mx\/?p=45544#article","isPartOf":{"@id":"https:\/\/www.reconoce.mx\/?p=45544"},"author":{"name":"Reconoce MX","@id":"http:\/\/www.reconoce.mx\/#\/schema\/person\/2117e997d7051dc15d6880eaf9bca0b2"},"headline":"Cinema Planeta 2016, cine y medio ambiente","datePublished":"2016-03-22T06:02:32+00:00","mainEntityOfPage":{"@id":"https:\/\/www.reconoce.mx\/?p=45544"},"wordCount":620,"commentCount":0,"publisher":{"@id":"http:\/\/www.reconoce.mx\/#organization"},"image":{"@id":"https:\/\/www.reconoce.mx\/?p=45544#primaryimage"},"thumbnailUrl":"http:\/\/www.reconoce.mx\/wp-content\/uploads\/2016\/03\/cinemaplaneta-cover.png","articleSection":["Cine","Cultura","Principal"],"inLanguage":"es","potentialAction":[{"@type":"CommentAction","name":"Comment","target":["https:\/\/www.reconoce.mx\/?p=45544#respond"]}]},{"@type":"WebPage","@id":"https:\/\/www.reconoce.mx\/?p=45544","url":"https:\/\/www.reconoce.mx\/?p=45544","name":"Cinema Planeta 2016, cine y medio ambiente &#171; Reconoce MX","isPartOf":{"@id":"http:\/\/www.reconoce.mx\/#website"},"primaryImageOfPage":{"@id":"https:\/\/www.reconoce.mx\/?p=45544#primaryimage"},"image":{"@id":"https:\/\/www.reconoce.mx\/?p=45544#primaryimage"},"thumbnailUrl":"http:\/\/www.reconoce.mx\/wp-content\/uploads\/2016\/03\/cinemaplaneta-cover.png","datePublished":"2016-03-22T06:02:32+00:00","breadcrumb":{"@id":"https:\/\/www.reconoce.mx\/?p=45544#breadcrumb"},"inLanguage":"es","potentialAction":[{"@type":"ReadAction","target":["https:\/\/www.reconoce.mx\/?p=45544"]}]},{"@type":"ImageObject","inLanguage":"es","@id":"https:\/\/www.reconoce.mx\/?p=45544#primaryimage","url":"http:\/\/www.reconoce.mx\/wp-content\/uploads\/2016\/03\/cinemaplaneta-cover.png","contentUrl":"http:\/\/www.reconoce.mx\/wp-content\/uploads\/2016\/03\/cinemaplaneta-cover.png","width":590,"height":380},{"@type":"BreadcrumbList","@id":"https:\/\/www.reconoce.mx\/?p=45544#breadcrumb","itemListElement":[{"@type":"ListItem","position":1,"name":"Portada","item":"http:\/\/www.reconoce.mx\/"},{"@type":"ListItem","position":2,"name":"Cinema Planeta 2016, cine y medio ambiente"}]},{"@type":"WebSite","@id":"http:\/\/www.reconoce.mx\/#website","url":"http:\/\/www.reconoce.mx\/","name":"Reconoce MX","description":"En Reconoce MX difundimos arte, cultura y conciencia social en M\u00e9xico. Tu ciudad en otra perspectiva.","publisher":{"@id":"http:\/\/www.reconoce.mx\/#organization"},"potentialAction":[{"@type":"SearchAction","target":{"@type":"EntryPoint","urlTemplate":"http:\/\/www.reconoce.mx\/?s={search_term_string}"},"query-input":{"@type":"PropertyValueSpecification","valueRequired":true,"valueName":"search_term_string"}}],"inLanguage":"es"},{"@type":"Organization","@id":"http:\/\/www.reconoce.mx\/#organization","name":"Reconoce MX","url":"http:\/\/www.reconoce.mx\/","logo":{"@type":"ImageObject","inLanguage":"es","@id":"http:\/\/www.reconoce.mx\/#\/schema\/logo\/image\/","url":"https:\/\/www.reconoce.mx\/wp-content\/uploads\/2019\/03\/logorcmx-good-1.png","contentUrl":"https:\/\/www.reconoce.mx\/wp-content\/uploads\/2019\/03\/logorcmx-good-1.png","width":280,"height":90,"caption":"Reconoce MX"},"image":{"@id":"http:\/\/www.reconoce.mx\/#\/schema\/logo\/image\/"},"sameAs":["https:\/\/es-la.facebook.com\/ReconoceMX\/","https:\/\/x.com\/reconocemx","http:\/\/@reconocemx"]},{"@type":"Person","@id":"http:\/\/www.reconoce.mx\/#\/schema\/person\/2117e997d7051dc15d6880eaf9bca0b2","name":"Reconoce MX","image":{"@type":"ImageObject","inLanguage":"es","@id":"http:\/\/www.reconoce.mx\/#\/schema\/person\/image\/","url":"https:\/\/secure.gravatar.com\/avatar\/6c8d4dc7569ca1c90c5fdcc349f839d5ddef6fe1e70b4337ead2ef1a4c43fc3a?s=96&d=identicon&r=g","contentUrl":"https:\/\/secure.gravatar.com\/avatar\/6c8d4dc7569ca1c90c5fdcc349f839d5ddef6fe1e70b4337ead2ef1a4c43fc3a?s=96&d=identicon&r=g","caption":"Reconoce MX"},"description":"Reconoce MX es un proyecto de difusi\u00f3n art\u00edstica, cultural y de conciencia social que est\u00e1 enfocado a difundir y fomentar el entretenimiento alternativo de calidad para todo el p\u00fablico que comparta el mismo entusiasmo.","sameAs":["http:\/\/www.reconoce.mx"],"url":"http:\/\/www.reconoce.mx\/?author=2"}]}},"_links":{"self":[{"href":"http:\/\/www.reconoce.mx\/index.php?rest_route=\/wp\/v2\/posts\/45544","targetHints":{"allow":["GET"]}}],"collection":[{"href":"http:\/\/www.reconoce.mx\/index.php?rest_route=\/wp\/v2\/posts"}],"about":[{"href":"http:\/\/www.reconoce.mx\/index.php?rest_route=\/wp\/v2\/types\/post"}],"author":[{"embeddable":true,"href":"http:\/\/www.reconoce.mx\/index.php?rest_route=\/wp\/v2\/users\/2"}],"replies":[{"embeddable":true,"href":"http:\/\/www.reconoce.mx\/index.php?rest_route=%2Fwp%2Fv2%2Fcomments&post=45544"}],"version-history":[{"count":6,"href":"http:\/\/www.reconoce.mx\/index.php?rest_route=\/wp\/v2\/posts\/45544\/revisions"}],"predecessor-version":[{"id":45604,"href":"http:\/\/www.reconoce.mx\/index.php?rest_route=\/wp\/v2\/posts\/45544\/revisions\/45604"}],"wp:featuredmedia":[{"embeddable":true,"href":"http:\/\/www.reconoce.mx\/index.php?rest_route=\/wp\/v2\/media\/45594"}],"wp:attachment":[{"href":"http:\/\/www.reconoce.mx\/index.php?rest_route=%2Fwp%2Fv2%2Fmedia&parent=45544"}],"wp:term":[{"taxonomy":"category","embeddable":true,"href":"http:\/\/www.reconoce.mx\/index.php?rest_route=%2Fwp%2Fv2%2Fcategories&post=45544"},{"taxonomy":"post_tag","embeddable":true,"href":"http:\/\/www.reconoce.mx\/index.php?rest_route=%2Fwp%2Fv2%2Ftags&post=45544"}],"curies":[{"name":"wp","href":"https:\/\/api.w.org\/{rel}","templated":true}]}}