{"id":45552,"date":"2016-03-21T00:03:02","date_gmt":"2016-03-21T06:03:02","guid":{"rendered":"http:\/\/www.reconoce.mx\/?p=45552"},"modified":"2016-03-21T10:43:39","modified_gmt":"2016-03-21T16:43:39","slug":"la-contaminacion-en-ciudad-de-mexico","status":"publish","type":"post","link":"http:\/\/www.reconoce.mx\/?p=45552","title":{"rendered":"La contaminaci\u00f3n en Ciudad de M\u00e9xico"},"content":{"rendered":"<p><strong>Por <a title=\"@danielhiga_al\" href=\"https:\/\/twitter.com\/danielhiga_al\" target=\"_blank\">Daniel Higa Alquicira<\/a>.<\/strong><\/p>\n<p>La Ciudad de M\u00e9xico ha sido hist\u00f3ricamente el ed\u00e9n prometido para muchos mexicanos. Millones de personas han migrado de sus lugares de origen para establecerse en las orillas de la capital del pa\u00eds con la esperanza de encontrar mejores condiciones de vida.<\/p>\n<p>Su modernismo, la \u201ccalidad de vida\u201d que ofrece, sus posibilidades de diversi\u00f3n y de desarrollo y la sensaci\u00f3n de estar en la gran ciudad, han provocado que se convierta en uno de los lugares so\u00f1ados para muchos y que esto la haya convertido a su vez, en una de las regiones m\u00e1s pobladas del\u00a0 mundo y por ende, una de las m\u00e1s contaminadas de todo el planeta.<\/p>\n<p>Pero esta conformaci\u00f3n social ha dado como origen que m\u00e1s de 21 millones de personas habiten en lo que se le denomina la<strong> Zona Metropolitana del Valle de M\u00e9xico<\/strong> (ZMVM).<\/p>\n<p>M\u00e1s de cinco millones de autos circulan por esta regi\u00f3n que est\u00e1 integrada por las 16 delegaciones de la Ciudad de M\u00e9xico, el municipio de Tizayuca (Hidalgo) y 59 municipios del Estado de M\u00e9xico, entre ellos Nezahualc\u00f3yotl y Ecatepec, dos de las entidades m\u00e1s pobladas del pa\u00eds.<\/p>\n<p>Apenas la semana pasada, <a href=\"http:\/\/www.reconoce.mx\/todos-podemos-ayudar-para-un-aire-mas-limpio\/\">los niveles de contaminaci\u00f3n obligaron a la <strong>Comisi\u00f3n Ambiental de la Megal\u00f3polis<\/strong> decretar una contingencia ambiental<\/a>, cosa que no suced\u00eda desde hace m\u00e1s de 13 a\u00f1os y que oblig\u00f3 a las autoridades de la Ciudad de M\u00e9xico a tomar medidas extremas para mitigar los contaminantes en el medio ambiente.<\/p>\n<p>Pero m\u00e1s all\u00e1 de ser un tema ecol\u00f3gico, ambiental y de salud p\u00fablica, tambi\u00e9n es un tema pol\u00edtico que implica una falta de responsabilidad social por parte de todos los gobiernos que integran la tan famosa y criticada Megal\u00f3polis, conformada por Ciudad de M\u00e9xico, Estado de M\u00e9xico, Tlaxcala, Puebla e Hidalgo.<\/p>\n<p>Si bien es cierto que Ciudad de M\u00e9xico es en donde aparentemente se concentra todo el problema de la contaminaci\u00f3n ambiental, es el \u00fanico que ha implementado, modificado y perfeccionado el sistema de la verificaci\u00f3n vehicular para evitar que los autos contaminen m\u00e1s de lo permitido.<\/p>\n<p>Tambi\u00e9n ha implementado pol\u00edticas de movilidad que han premiado de cierta forma el uso del transporte p\u00fablico, ha aumentado la flotilla de autobuses de \u00faltima generaci\u00f3n, ha construido y ampliado algunas l\u00edneas del metro e impulsado sistemas ecol\u00f3gicos individuales como Ecobici.<\/p>\n<p>Lo malo de todo esto, es que no ha sido suficiente para mejorar sustancialmente la calidad del transporte p\u00fablico, cosa que a\u00fan es uno de los grandes dramas que enfrentamos los capitalinos.<\/p>\n<p>Seg\u00fan el <strong>Centro Mario Molina<\/strong>, \u201cm\u00e1s de dos tercios de los 22 millones de viajes diarios se realizan en transporte p\u00fablico y el 65% por ciento de los usuarios considera que la calidad del servicio es p\u00e9sima o mala\u201d.<\/p>\n<p>Pero si bien en Ciudad de M\u00e9xico el transporte p\u00fablico sigue siendo una pesadilla en algunas zonas y en ciertos horarios, no se puede comparar con la falta de seguridad, abusos e irresponsabilidad con que opera el transporte concesionado en el Estado de M\u00e9xico, que es el lugar en la Zona Metropolitana donde mayor n\u00famero de personas se concentra.<\/p>\n<p>Es decir, la falta de voluntad pol\u00edtica por parte del gobierno del Estado de M\u00e9xico de atender esta situaci\u00f3n, en donde la mayor\u00eda de los autobuses se encuentran en mala calidad f\u00edsica y mec\u00e1nica, ha ocasionado que sea precisamente la zona conurbada una de las principales generadoras de contaminantes automotrices.<\/p>\n<p>Pero esta anarqu\u00eda en las pol\u00edticas de urbanismo y movilidad que aquejan los gobiernos municipales y el estatal en el Estado de M\u00e9xico, se ha transformado en inseguridad, asaltos y asesinatos a bordo de unidades de transporte p\u00fablico.<\/p>\n<p>Las denuncias por robos con estas caracter\u00edsticas han aumentado 12% en el \u00faltimo a\u00f1o, seg\u00fan cifras de la <strong>Comisi\u00f3n de Seguridad del Estado de M\u00e9xico<\/strong>. Si se tiene registrado este aumento, entonces las cifras negras han de estar por los cielos.<\/p>\n<p>As\u00ed, \u00bfqu\u00e9 incentivos tienen los ciudadanos de esos municipios de dejar sus autos y andar en transporte p\u00fablico? Ninguno.<\/p>\n<p>Por eso, el gran problema de la contaminaci\u00f3n no es la Ciudad de M\u00e9xico como muchos quieren hacer ver, la realidad es que los estados colindantes necesitan un plan integral para controlar esto, que no solamente es un tema ecol\u00f3gico, sino de seguridad p\u00fablica y pol\u00edticas de desarrollo social.<\/p>\n<p style=\"text-align: right;\">Foto: <strong>Juan Rojo<\/strong>.<\/p>\n<p>&nbsp;<\/p>\n<p>&nbsp;<\/p>\n","protected":false},"excerpt":{"rendered":"<p>La Ciudad de M\u00e9xico ha sido hist\u00f3ricamente el ed\u00e9n prometido para muchos mexicanos. <\/p>\n","protected":false},"author":2,"featured_media":45553,"comment_status":"open","ping_status":"open","sticky":false,"template":"","format":"standard","meta":{"footnotes":""},"categories":[43,275,17],"tags":[],"class_list":["post-45552","post","type-post","status-publish","format-standard","has-post-thumbnail","hentry","category-conciencia","category-derechos-humanos","category-principal"],"yoast_head":"<!-- This site is optimized with the Yoast SEO plugin v24.7 - https:\/\/yoast.com\/wordpress\/plugins\/seo\/ -->\n<title>La contaminaci\u00f3n en Ciudad de M\u00e9xico &#171; Reconoce MX<\/title>\n<meta name=\"robots\" content=\"index, follow, max-snippet:-1, max-image-preview:large, max-video-preview:-1\" \/>\n<link rel=\"canonical\" href=\"http:\/\/www.reconoce.mx\/?p=45552\" \/>\n<meta property=\"og:locale\" content=\"es_ES\" \/>\n<meta property=\"og:type\" content=\"article\" \/>\n<meta property=\"og:title\" content=\"La contaminaci\u00f3n en Ciudad de M\u00e9xico &#171; Reconoce MX\" \/>\n<meta property=\"og:description\" content=\"La Ciudad de M\u00e9xico ha sido hist\u00f3ricamente el ed\u00e9n prometido para muchos mexicanos.\" \/>\n<meta property=\"og:url\" content=\"http:\/\/www.reconoce.mx\/?p=45552\" \/>\n<meta property=\"og:site_name\" content=\"Reconoce MX\" \/>\n<meta property=\"article:publisher\" content=\"https:\/\/es-la.facebook.com\/ReconoceMX\/\" \/>\n<meta property=\"article:published_time\" content=\"2016-03-21T06:03:02+00:00\" \/>\n<meta property=\"article:modified_time\" content=\"2016-03-21T16:43:39+00:00\" \/>\n<meta property=\"og:image\" content=\"http:\/\/www.reconoce.mx\/wp-content\/uploads\/2016\/03\/ciudaddemexico-cover.png\" \/>\n\t<meta property=\"og:image:width\" content=\"590\" \/>\n\t<meta property=\"og:image:height\" content=\"380\" \/>\n\t<meta property=\"og:image:type\" content=\"image\/png\" \/>\n<meta name=\"author\" content=\"Reconoce MX\" \/>\n<meta name=\"twitter:card\" content=\"summary_large_image\" \/>\n<meta name=\"twitter:creator\" content=\"@reconocemx\" \/>\n<meta name=\"twitter:site\" content=\"@reconocemx\" \/>\n<meta name=\"twitter:label1\" content=\"Escrito por\" \/>\n\t<meta name=\"twitter:data1\" content=\"Reconoce MX\" \/>\n\t<meta name=\"twitter:label2\" content=\"Tiempo de lectura\" \/>\n\t<meta name=\"twitter:data2\" content=\"4 minutos\" \/>\n<script type=\"application\/ld+json\" class=\"yoast-schema-graph\">{\"@context\":\"https:\/\/schema.org\",\"@graph\":[{\"@type\":\"Article\",\"@id\":\"http:\/\/www.reconoce.mx\/?p=45552#article\",\"isPartOf\":{\"@id\":\"http:\/\/www.reconoce.mx\/?p=45552\"},\"author\":{\"name\":\"Reconoce MX\",\"@id\":\"http:\/\/www.reconoce.mx\/#\/schema\/person\/2117e997d7051dc15d6880eaf9bca0b2\"},\"headline\":\"La contaminaci\u00f3n en Ciudad de M\u00e9xico\",\"datePublished\":\"2016-03-21T06:03:02+00:00\",\"dateModified\":\"2016-03-21T16:43:39+00:00\",\"mainEntityOfPage\":{\"@id\":\"http:\/\/www.reconoce.mx\/?p=45552\"},\"wordCount\":789,\"commentCount\":0,\"publisher\":{\"@id\":\"http:\/\/www.reconoce.mx\/#organization\"},\"image\":{\"@id\":\"http:\/\/www.reconoce.mx\/?p=45552#primaryimage\"},\"thumbnailUrl\":\"http:\/\/www.reconoce.mx\/wp-content\/uploads\/2016\/03\/ciudaddemexico-cover.png\",\"articleSection\":[\"Conciencia\",\"Derechos Humanos\",\"Principal\"],\"inLanguage\":\"es\",\"potentialAction\":[{\"@type\":\"CommentAction\",\"name\":\"Comment\",\"target\":[\"http:\/\/www.reconoce.mx\/?p=45552#respond\"]}]},{\"@type\":\"WebPage\",\"@id\":\"http:\/\/www.reconoce.mx\/?p=45552\",\"url\":\"http:\/\/www.reconoce.mx\/?p=45552\",\"name\":\"La contaminaci\u00f3n en Ciudad de M\u00e9xico &#171; Reconoce MX\",\"isPartOf\":{\"@id\":\"http:\/\/www.reconoce.mx\/#website\"},\"primaryImageOfPage\":{\"@id\":\"http:\/\/www.reconoce.mx\/?p=45552#primaryimage\"},\"image\":{\"@id\":\"http:\/\/www.reconoce.mx\/?p=45552#primaryimage\"},\"thumbnailUrl\":\"http:\/\/www.reconoce.mx\/wp-content\/uploads\/2016\/03\/ciudaddemexico-cover.png\",\"datePublished\":\"2016-03-21T06:03:02+00:00\",\"dateModified\":\"2016-03-21T16:43:39+00:00\",\"breadcrumb\":{\"@id\":\"http:\/\/www.reconoce.mx\/?p=45552#breadcrumb\"},\"inLanguage\":\"es\",\"potentialAction\":[{\"@type\":\"ReadAction\",\"target\":[\"http:\/\/www.reconoce.mx\/?p=45552\"]}]},{\"@type\":\"ImageObject\",\"inLanguage\":\"es\",\"@id\":\"http:\/\/www.reconoce.mx\/?p=45552#primaryimage\",\"url\":\"http:\/\/www.reconoce.mx\/wp-content\/uploads\/2016\/03\/ciudaddemexico-cover.png\",\"contentUrl\":\"http:\/\/www.reconoce.mx\/wp-content\/uploads\/2016\/03\/ciudaddemexico-cover.png\",\"width\":590,\"height\":380},{\"@type\":\"BreadcrumbList\",\"@id\":\"http:\/\/www.reconoce.mx\/?p=45552#breadcrumb\",\"itemListElement\":[{\"@type\":\"ListItem\",\"position\":1,\"name\":\"Portada\",\"item\":\"http:\/\/www.reconoce.mx\/\"},{\"@type\":\"ListItem\",\"position\":2,\"name\":\"La contaminaci\u00f3n en Ciudad de M\u00e9xico\"}]},{\"@type\":\"WebSite\",\"@id\":\"http:\/\/www.reconoce.mx\/#website\",\"url\":\"http:\/\/www.reconoce.mx\/\",\"name\":\"Reconoce MX\",\"description\":\"En Reconoce MX difundimos arte, cultura y conciencia social en M\u00e9xico. Tu ciudad en otra perspectiva.\",\"publisher\":{\"@id\":\"http:\/\/www.reconoce.mx\/#organization\"},\"potentialAction\":[{\"@type\":\"SearchAction\",\"target\":{\"@type\":\"EntryPoint\",\"urlTemplate\":\"http:\/\/www.reconoce.mx\/?s={search_term_string}\"},\"query-input\":{\"@type\":\"PropertyValueSpecification\",\"valueRequired\":true,\"valueName\":\"search_term_string\"}}],\"inLanguage\":\"es\"},{\"@type\":\"Organization\",\"@id\":\"http:\/\/www.reconoce.mx\/#organization\",\"name\":\"Reconoce MX\",\"url\":\"http:\/\/www.reconoce.mx\/\",\"logo\":{\"@type\":\"ImageObject\",\"inLanguage\":\"es\",\"@id\":\"http:\/\/www.reconoce.mx\/#\/schema\/logo\/image\/\",\"url\":\"https:\/\/www.reconoce.mx\/wp-content\/uploads\/2019\/03\/logorcmx-good-1.png\",\"contentUrl\":\"https:\/\/www.reconoce.mx\/wp-content\/uploads\/2019\/03\/logorcmx-good-1.png\",\"width\":280,\"height\":90,\"caption\":\"Reconoce MX\"},\"image\":{\"@id\":\"http:\/\/www.reconoce.mx\/#\/schema\/logo\/image\/\"},\"sameAs\":[\"https:\/\/es-la.facebook.com\/ReconoceMX\/\",\"https:\/\/x.com\/reconocemx\",\"http:\/\/@reconocemx\"]},{\"@type\":\"Person\",\"@id\":\"http:\/\/www.reconoce.mx\/#\/schema\/person\/2117e997d7051dc15d6880eaf9bca0b2\",\"name\":\"Reconoce MX\",\"image\":{\"@type\":\"ImageObject\",\"inLanguage\":\"es\",\"@id\":\"http:\/\/www.reconoce.mx\/#\/schema\/person\/image\/\",\"url\":\"https:\/\/secure.gravatar.com\/avatar\/6c8d4dc7569ca1c90c5fdcc349f839d5ddef6fe1e70b4337ead2ef1a4c43fc3a?s=96&d=identicon&r=g\",\"contentUrl\":\"https:\/\/secure.gravatar.com\/avatar\/6c8d4dc7569ca1c90c5fdcc349f839d5ddef6fe1e70b4337ead2ef1a4c43fc3a?s=96&d=identicon&r=g\",\"caption\":\"Reconoce MX\"},\"description\":\"Reconoce MX es un proyecto de difusi\u00f3n art\u00edstica, cultural y de conciencia social que est\u00e1 enfocado a difundir y fomentar el entretenimiento alternativo de calidad para todo el p\u00fablico que comparta el mismo entusiasmo.\",\"sameAs\":[\"http:\/\/www.reconoce.mx\"],\"url\":\"http:\/\/www.reconoce.mx\/?author=2\"}]}<\/script>\n<!-- \/ Yoast SEO plugin. -->","yoast_head_json":{"title":"La contaminaci\u00f3n en Ciudad de M\u00e9xico &#171; Reconoce MX","robots":{"index":"index","follow":"follow","max-snippet":"max-snippet:-1","max-image-preview":"max-image-preview:large","max-video-preview":"max-video-preview:-1"},"canonical":"http:\/\/www.reconoce.mx\/?p=45552","og_locale":"es_ES","og_type":"article","og_title":"La contaminaci\u00f3n en Ciudad de M\u00e9xico &#171; Reconoce MX","og_description":"La Ciudad de M\u00e9xico ha sido hist\u00f3ricamente el ed\u00e9n prometido para muchos mexicanos.","og_url":"http:\/\/www.reconoce.mx\/?p=45552","og_site_name":"Reconoce MX","article_publisher":"https:\/\/es-la.facebook.com\/ReconoceMX\/","article_published_time":"2016-03-21T06:03:02+00:00","article_modified_time":"2016-03-21T16:43:39+00:00","og_image":[{"width":590,"height":380,"url":"http:\/\/www.reconoce.mx\/wp-content\/uploads\/2016\/03\/ciudaddemexico-cover.png","type":"image\/png"}],"author":"Reconoce MX","twitter_card":"summary_large_image","twitter_creator":"@reconocemx","twitter_site":"@reconocemx","twitter_misc":{"Escrito por":"Reconoce MX","Tiempo de lectura":"4 minutos"},"schema":{"@context":"https:\/\/schema.org","@graph":[{"@type":"Article","@id":"http:\/\/www.reconoce.mx\/?p=45552#article","isPartOf":{"@id":"http:\/\/www.reconoce.mx\/?p=45552"},"author":{"name":"Reconoce MX","@id":"http:\/\/www.reconoce.mx\/#\/schema\/person\/2117e997d7051dc15d6880eaf9bca0b2"},"headline":"La contaminaci\u00f3n en Ciudad de M\u00e9xico","datePublished":"2016-03-21T06:03:02+00:00","dateModified":"2016-03-21T16:43:39+00:00","mainEntityOfPage":{"@id":"http:\/\/www.reconoce.mx\/?p=45552"},"wordCount":789,"commentCount":0,"publisher":{"@id":"http:\/\/www.reconoce.mx\/#organization"},"image":{"@id":"http:\/\/www.reconoce.mx\/?p=45552#primaryimage"},"thumbnailUrl":"http:\/\/www.reconoce.mx\/wp-content\/uploads\/2016\/03\/ciudaddemexico-cover.png","articleSection":["Conciencia","Derechos Humanos","Principal"],"inLanguage":"es","potentialAction":[{"@type":"CommentAction","name":"Comment","target":["http:\/\/www.reconoce.mx\/?p=45552#respond"]}]},{"@type":"WebPage","@id":"http:\/\/www.reconoce.mx\/?p=45552","url":"http:\/\/www.reconoce.mx\/?p=45552","name":"La contaminaci\u00f3n en Ciudad de M\u00e9xico &#171; Reconoce MX","isPartOf":{"@id":"http:\/\/www.reconoce.mx\/#website"},"primaryImageOfPage":{"@id":"http:\/\/www.reconoce.mx\/?p=45552#primaryimage"},"image":{"@id":"http:\/\/www.reconoce.mx\/?p=45552#primaryimage"},"thumbnailUrl":"http:\/\/www.reconoce.mx\/wp-content\/uploads\/2016\/03\/ciudaddemexico-cover.png","datePublished":"2016-03-21T06:03:02+00:00","dateModified":"2016-03-21T16:43:39+00:00","breadcrumb":{"@id":"http:\/\/www.reconoce.mx\/?p=45552#breadcrumb"},"inLanguage":"es","potentialAction":[{"@type":"ReadAction","target":["http:\/\/www.reconoce.mx\/?p=45552"]}]},{"@type":"ImageObject","inLanguage":"es","@id":"http:\/\/www.reconoce.mx\/?p=45552#primaryimage","url":"http:\/\/www.reconoce.mx\/wp-content\/uploads\/2016\/03\/ciudaddemexico-cover.png","contentUrl":"http:\/\/www.reconoce.mx\/wp-content\/uploads\/2016\/03\/ciudaddemexico-cover.png","width":590,"height":380},{"@type":"BreadcrumbList","@id":"http:\/\/www.reconoce.mx\/?p=45552#breadcrumb","itemListElement":[{"@type":"ListItem","position":1,"name":"Portada","item":"http:\/\/www.reconoce.mx\/"},{"@type":"ListItem","position":2,"name":"La contaminaci\u00f3n en Ciudad de M\u00e9xico"}]},{"@type":"WebSite","@id":"http:\/\/www.reconoce.mx\/#website","url":"http:\/\/www.reconoce.mx\/","name":"Reconoce MX","description":"En Reconoce MX difundimos arte, cultura y conciencia social en M\u00e9xico. Tu ciudad en otra perspectiva.","publisher":{"@id":"http:\/\/www.reconoce.mx\/#organization"},"potentialAction":[{"@type":"SearchAction","target":{"@type":"EntryPoint","urlTemplate":"http:\/\/www.reconoce.mx\/?s={search_term_string}"},"query-input":{"@type":"PropertyValueSpecification","valueRequired":true,"valueName":"search_term_string"}}],"inLanguage":"es"},{"@type":"Organization","@id":"http:\/\/www.reconoce.mx\/#organization","name":"Reconoce MX","url":"http:\/\/www.reconoce.mx\/","logo":{"@type":"ImageObject","inLanguage":"es","@id":"http:\/\/www.reconoce.mx\/#\/schema\/logo\/image\/","url":"https:\/\/www.reconoce.mx\/wp-content\/uploads\/2019\/03\/logorcmx-good-1.png","contentUrl":"https:\/\/www.reconoce.mx\/wp-content\/uploads\/2019\/03\/logorcmx-good-1.png","width":280,"height":90,"caption":"Reconoce MX"},"image":{"@id":"http:\/\/www.reconoce.mx\/#\/schema\/logo\/image\/"},"sameAs":["https:\/\/es-la.facebook.com\/ReconoceMX\/","https:\/\/x.com\/reconocemx","http:\/\/@reconocemx"]},{"@type":"Person","@id":"http:\/\/www.reconoce.mx\/#\/schema\/person\/2117e997d7051dc15d6880eaf9bca0b2","name":"Reconoce MX","image":{"@type":"ImageObject","inLanguage":"es","@id":"http:\/\/www.reconoce.mx\/#\/schema\/person\/image\/","url":"https:\/\/secure.gravatar.com\/avatar\/6c8d4dc7569ca1c90c5fdcc349f839d5ddef6fe1e70b4337ead2ef1a4c43fc3a?s=96&d=identicon&r=g","contentUrl":"https:\/\/secure.gravatar.com\/avatar\/6c8d4dc7569ca1c90c5fdcc349f839d5ddef6fe1e70b4337ead2ef1a4c43fc3a?s=96&d=identicon&r=g","caption":"Reconoce MX"},"description":"Reconoce MX es un proyecto de difusi\u00f3n art\u00edstica, cultural y de conciencia social que est\u00e1 enfocado a difundir y fomentar el entretenimiento alternativo de calidad para todo el p\u00fablico que comparta el mismo entusiasmo.","sameAs":["http:\/\/www.reconoce.mx"],"url":"http:\/\/www.reconoce.mx\/?author=2"}]}},"_links":{"self":[{"href":"http:\/\/www.reconoce.mx\/index.php?rest_route=\/wp\/v2\/posts\/45552","targetHints":{"allow":["GET"]}}],"collection":[{"href":"http:\/\/www.reconoce.mx\/index.php?rest_route=\/wp\/v2\/posts"}],"about":[{"href":"http:\/\/www.reconoce.mx\/index.php?rest_route=\/wp\/v2\/types\/post"}],"author":[{"embeddable":true,"href":"http:\/\/www.reconoce.mx\/index.php?rest_route=\/wp\/v2\/users\/2"}],"replies":[{"embeddable":true,"href":"http:\/\/www.reconoce.mx\/index.php?rest_route=%2Fwp%2Fv2%2Fcomments&post=45552"}],"version-history":[{"count":2,"href":"http:\/\/www.reconoce.mx\/index.php?rest_route=\/wp\/v2\/posts\/45552\/revisions"}],"predecessor-version":[{"id":45555,"href":"http:\/\/www.reconoce.mx\/index.php?rest_route=\/wp\/v2\/posts\/45552\/revisions\/45555"}],"wp:featuredmedia":[{"embeddable":true,"href":"http:\/\/www.reconoce.mx\/index.php?rest_route=\/wp\/v2\/media\/45553"}],"wp:attachment":[{"href":"http:\/\/www.reconoce.mx\/index.php?rest_route=%2Fwp%2Fv2%2Fmedia&parent=45552"}],"wp:term":[{"taxonomy":"category","embeddable":true,"href":"http:\/\/www.reconoce.mx\/index.php?rest_route=%2Fwp%2Fv2%2Fcategories&post=45552"},{"taxonomy":"post_tag","embeddable":true,"href":"http:\/\/www.reconoce.mx\/index.php?rest_route=%2Fwp%2Fv2%2Ftags&post=45552"}],"curies":[{"name":"wp","href":"https:\/\/api.w.org\/{rel}","templated":true}]}}