{"id":45556,"date":"2016-03-21T00:04:28","date_gmt":"2016-03-21T06:04:28","guid":{"rendered":"http:\/\/www.reconoce.mx\/?p=45556"},"modified":"2016-03-21T18:34:35","modified_gmt":"2016-03-22T00:34:35","slug":"con-la-frente-en-alto-intenso-viaje-para-salvar-a-alguien","status":"publish","type":"post","link":"http:\/\/www.reconoce.mx\/?p=45556","title":{"rendered":"\u00abCon la frente en alto\u00bb, intenso viaje para salvar a alguien"},"content":{"rendered":"<p><strong>Por <a title=\"@AsfaltosTweets\" href=\"http:\/\/twitter.com\/AsfaltosTweets\" target=\"_blank\">Asfaltos<\/a><\/strong>.<\/p>\n<p>La primera escena de \u00abCon la frente en alto\u00bb es poderos\u00edsima. Dos peque\u00f1os ni\u00f1os, acompa\u00f1ados por su muy joven madre, llegan entre gritos a la oficina de una jueza de la corte juvenil. No vemos la cara de la mam\u00e1, pero s\u00ed la de su hijo mayor Malony y la de la jueza Florencia. Tras una serie de gritos, en un ambiente de violencia, la mam\u00e1 abandona a Malony y lo deja ah\u00ed a su suerte.<\/p>\n<p><img loading=\"lazy\" decoding=\"async\" class=\"aligncenter size-full wp-image-45557\" src=\"http:\/\/www.reconoce.mx\/wp-content\/uploads\/2016\/03\/Cartel_CLFEA_25feb.jpg\" alt=\"Cartel_CLFEA_25feb\" width=\"2491\" height=\"3543\" srcset=\"http:\/\/www.reconoce.mx\/wp-content\/uploads\/2016\/03\/Cartel_CLFEA_25feb.jpg 2491w, http:\/\/www.reconoce.mx\/wp-content\/uploads\/2016\/03\/Cartel_CLFEA_25feb-211x300.jpg 211w, http:\/\/www.reconoce.mx\/wp-content\/uploads\/2016\/03\/Cartel_CLFEA_25feb-768x1092.jpg 768w, http:\/\/www.reconoce.mx\/wp-content\/uploads\/2016\/03\/Cartel_CLFEA_25feb-720x1024.jpg 720w, http:\/\/www.reconoce.mx\/wp-content\/uploads\/2016\/03\/Cartel_CLFEA_25feb-150x213.jpg 150w, http:\/\/www.reconoce.mx\/wp-content\/uploads\/2016\/03\/Cartel_CLFEA_25feb-700x996.jpg 700w, http:\/\/www.reconoce.mx\/wp-content\/uploads\/2016\/03\/Cartel_CLFEA_25feb-658x936.jpg 658w, http:\/\/www.reconoce.mx\/wp-content\/uploads\/2016\/03\/Cartel_CLFEA_25feb-300x427.jpg 300w\" sizes=\"auto, (max-width: 2491px) 100vw, 2491px\" \/><\/p>\n<p>\u00bfEs el sistema de justicia una herramienta efectiva para la reincersi\u00f3n de quienes han cometido actos criminales? \u00abCon la frente en alto\u00bb, para entrarle al tema, nos pone sobre la mesa a un joven que es reflejo de su propia historia familiar; y que si bien resulta responsable de muchos de sus actos, ante todo es una v\u00edctima de su entorno. El sistema, intentando resolver el problema resulta impaciente hasta que las personas de carne y hueso intervienen.<\/p>\n<p>\u00abCon la frente en alto \/ La T\u00eat\u00e9 haute\u00bb, dirigida por la actriz y directora francesa <strong>Emmanuelle Bercot<\/strong>, nos cuenta la historia de Malony, quien a su corta edad se enfrenta a los problemas provocados por su inmadura pero amorosa madre soltera. La pel\u00edcula nos presenta el intenso viaje por salvar a un joven delincuente al que no le es f\u00e1cil resolver sus propios problemas para s\u00ed, salvarse tambi\u00e9n a s\u00ed mismo.<\/p>\n<p><img loading=\"lazy\" decoding=\"async\" class=\"aligncenter size-full wp-image-45561\" src=\"http:\/\/www.reconoce.mx\/wp-content\/uploads\/2016\/03\/2.png\" alt=\"2\" width=\"1266\" height=\"541\" srcset=\"http:\/\/www.reconoce.mx\/wp-content\/uploads\/2016\/03\/2.png 1266w, http:\/\/www.reconoce.mx\/wp-content\/uploads\/2016\/03\/2-300x128.png 300w, http:\/\/www.reconoce.mx\/wp-content\/uploads\/2016\/03\/2-768x328.png 768w, http:\/\/www.reconoce.mx\/wp-content\/uploads\/2016\/03\/2-1024x438.png 1024w, http:\/\/www.reconoce.mx\/wp-content\/uploads\/2016\/03\/2-150x64.png 150w, http:\/\/www.reconoce.mx\/wp-content\/uploads\/2016\/03\/2-700x299.png 700w, http:\/\/www.reconoce.mx\/wp-content\/uploads\/2016\/03\/2-658x281.png 658w\" sizes=\"auto, (max-width: 1266px) 100vw, 1266px\" \/><\/p>\n<p>Sin \u00e1nimos de revelarles momentos claves de la trama, destaco todas las actuaciones de la cinta, pero sobre todo la del joven <strong>Rod Paradot<\/strong>, quien interpreta a un muy intenso, fr\u00e1gil y explosivo Malony; quien deslumbra por lo bien ejecutado de su trabajo, pero sobre todo por esa enorme capacidad de volver c\u00f3mplice al espectador al que en ning\u00fan momento le resulta indiferente su personaje.<\/p>\n<p>El m\u00e9rito de Paradot no se puede explicar sin la labor de la directora <strong>Emmanuelle Bercot<\/strong>, quien adem\u00e1s escribe tambi\u00e9n el gui\u00f3n. La manera tan efectiva en la que Bercot se va contando su historia hace que uno, desde fuera, termine sintiendo la misma desesperaci\u00f3n de Malony, y perciba tambi\u00e9n la misma clase de sentimientos tan extremos que el personaje principal padece.<\/p>\n<p><img loading=\"lazy\" decoding=\"async\" class=\"aligncenter size-full wp-image-45560\" src=\"http:\/\/www.reconoce.mx\/wp-content\/uploads\/2016\/03\/3.png\" alt=\"3\" width=\"1269\" height=\"537\" srcset=\"http:\/\/www.reconoce.mx\/wp-content\/uploads\/2016\/03\/3.png 1269w, http:\/\/www.reconoce.mx\/wp-content\/uploads\/2016\/03\/3-300x127.png 300w, http:\/\/www.reconoce.mx\/wp-content\/uploads\/2016\/03\/3-768x325.png 768w, http:\/\/www.reconoce.mx\/wp-content\/uploads\/2016\/03\/3-1024x433.png 1024w, http:\/\/www.reconoce.mx\/wp-content\/uploads\/2016\/03\/3-150x63.png 150w, http:\/\/www.reconoce.mx\/wp-content\/uploads\/2016\/03\/3-700x296.png 700w, http:\/\/www.reconoce.mx\/wp-content\/uploads\/2016\/03\/3-658x278.png 658w\" sizes=\"auto, (max-width: 1269px) 100vw, 1269px\" \/><\/p>\n<p>Adem\u00e1s, hay que a\u00f1adirle la experiencia de la siempre efectiva <strong>Catherine Deneuve<\/strong> (Florencia), as\u00ed como de <strong>Beno\u00eet Magimel<\/strong> (el consejero Yann) y <strong>Sara Forestier<\/strong> (la madre).<\/p>\n<p>La gran virtud de \u00abCon la frente en alto\u00bb, adem\u00e1s de ser una pel\u00edcula que deja al espectador al filo de su butaca, es el debate posterior que provoca. Es cierto que muchos de los problemas se gestan en las familias o en los c\u00edrculos m\u00e1s \u00edntimos, \u00bfpero es posible la reincersi\u00f3n a una vida m\u00e1s saludable, o de plano es preferible ocultar y encerrar el problema provocando otros?<\/p>\n<p><iframe loading=\"lazy\" src=\"https:\/\/www.youtube.com\/embed\/0oeR90J8npM\" width=\"590\" height=\"332\" frameborder=\"0\" allowfullscreen=\"allowfullscreen\"><\/iframe><\/p>\n<p>\u00abCon la frente en alto\u00bb es una de las pel\u00edculas m\u00e1s interesantes que pueden encontrar estos d\u00edas de descanso en la cartelera capitalina, por lo que la recomendaci\u00f3n es definitivamente ir a verla. La pel\u00edcula se estren\u00f3 el viernes pasado cortes\u00eda de <strong>Cine Can\u00edbal<\/strong>.<\/p>\n<p style=\"text-align: right;\">Con informaci\u00f3n e im\u00e1genes cortes\u00eda de <strong>Cine Can\u00edbal<\/strong>.<\/p>\n<p>&nbsp;<\/p>\n<p>&nbsp;<\/p>\n","protected":false},"excerpt":{"rendered":"<p>La primera escena de \u201cCon la frente en alto\u201d es poderos\u00edsima. Dos peque\u00f1os ni\u00f1os, acompa\u00f1ados por su muy joven madre, llegan entre gritos a la oficina de una jueza de la corte juvenil.<\/p>\n","protected":false},"author":2,"featured_media":45558,"comment_status":"open","ping_status":"open","sticky":false,"template":"","format":"standard","meta":{"footnotes":""},"categories":[24,1,17],"tags":[],"class_list":["post-45556","post","type-post","status-publish","format-standard","has-post-thumbnail","hentry","category-cine","category-cultura","category-principal"],"yoast_head":"<!-- This site is optimized with the Yoast SEO plugin v24.7 - https:\/\/yoast.com\/wordpress\/plugins\/seo\/ -->\n<title>&quot;Con la frente en alto&quot;, intenso viaje para salvar a alguien &#171; Reconoce MX<\/title>\n<meta name=\"robots\" content=\"index, follow, max-snippet:-1, max-image-preview:large, max-video-preview:-1\" \/>\n<link rel=\"canonical\" href=\"http:\/\/www.reconoce.mx\/?p=45556\" \/>\n<meta property=\"og:locale\" content=\"es_ES\" \/>\n<meta property=\"og:type\" content=\"article\" \/>\n<meta property=\"og:title\" content=\"&quot;Con la frente en alto&quot;, intenso viaje para salvar a alguien &#171; Reconoce MX\" \/>\n<meta property=\"og:description\" content=\"La primera escena de \u201cCon la frente en alto\u201d es poderos\u00edsima. Dos peque\u00f1os ni\u00f1os, acompa\u00f1ados por su muy joven madre, llegan entre gritos a la oficina de una jueza de la corte juvenil.\" \/>\n<meta property=\"og:url\" content=\"http:\/\/www.reconoce.mx\/?p=45556\" \/>\n<meta property=\"og:site_name\" content=\"Reconoce MX\" \/>\n<meta property=\"article:publisher\" content=\"https:\/\/es-la.facebook.com\/ReconoceMX\/\" \/>\n<meta property=\"article:published_time\" content=\"2016-03-21T06:04:28+00:00\" \/>\n<meta property=\"article:modified_time\" content=\"2016-03-22T00:34:35+00:00\" \/>\n<meta property=\"og:image\" content=\"http:\/\/www.reconoce.mx\/wp-content\/uploads\/2016\/03\/conlafrenteenalto-cover.png\" \/>\n\t<meta property=\"og:image:width\" content=\"590\" \/>\n\t<meta property=\"og:image:height\" content=\"380\" \/>\n\t<meta property=\"og:image:type\" content=\"image\/png\" \/>\n<meta name=\"author\" content=\"Reconoce MX\" \/>\n<meta name=\"twitter:card\" content=\"summary_large_image\" \/>\n<meta name=\"twitter:creator\" content=\"@reconocemx\" \/>\n<meta name=\"twitter:site\" content=\"@reconocemx\" \/>\n<meta name=\"twitter:label1\" content=\"Escrito por\" \/>\n\t<meta name=\"twitter:data1\" content=\"Reconoce MX\" \/>\n\t<meta name=\"twitter:label2\" content=\"Tiempo de lectura\" \/>\n\t<meta name=\"twitter:data2\" content=\"3 minutos\" \/>\n<script type=\"application\/ld+json\" class=\"yoast-schema-graph\">{\"@context\":\"https:\/\/schema.org\",\"@graph\":[{\"@type\":\"Article\",\"@id\":\"http:\/\/www.reconoce.mx\/?p=45556#article\",\"isPartOf\":{\"@id\":\"http:\/\/www.reconoce.mx\/?p=45556\"},\"author\":{\"name\":\"Reconoce MX\",\"@id\":\"http:\/\/www.reconoce.mx\/#\/schema\/person\/2117e997d7051dc15d6880eaf9bca0b2\"},\"headline\":\"\u00abCon la frente en alto\u00bb, intenso viaje para salvar a alguien\",\"datePublished\":\"2016-03-21T06:04:28+00:00\",\"dateModified\":\"2016-03-22T00:34:35+00:00\",\"mainEntityOfPage\":{\"@id\":\"http:\/\/www.reconoce.mx\/?p=45556\"},\"wordCount\":553,\"commentCount\":0,\"publisher\":{\"@id\":\"http:\/\/www.reconoce.mx\/#organization\"},\"image\":{\"@id\":\"http:\/\/www.reconoce.mx\/?p=45556#primaryimage\"},\"thumbnailUrl\":\"http:\/\/www.reconoce.mx\/wp-content\/uploads\/2016\/03\/conlafrenteenalto-cover.png\",\"articleSection\":[\"Cine\",\"Cultura\",\"Principal\"],\"inLanguage\":\"es\",\"potentialAction\":[{\"@type\":\"CommentAction\",\"name\":\"Comment\",\"target\":[\"http:\/\/www.reconoce.mx\/?p=45556#respond\"]}]},{\"@type\":\"WebPage\",\"@id\":\"http:\/\/www.reconoce.mx\/?p=45556\",\"url\":\"http:\/\/www.reconoce.mx\/?p=45556\",\"name\":\"\\\"Con la frente en alto\\\", intenso viaje para salvar a alguien &#171; Reconoce MX\",\"isPartOf\":{\"@id\":\"http:\/\/www.reconoce.mx\/#website\"},\"primaryImageOfPage\":{\"@id\":\"http:\/\/www.reconoce.mx\/?p=45556#primaryimage\"},\"image\":{\"@id\":\"http:\/\/www.reconoce.mx\/?p=45556#primaryimage\"},\"thumbnailUrl\":\"http:\/\/www.reconoce.mx\/wp-content\/uploads\/2016\/03\/conlafrenteenalto-cover.png\",\"datePublished\":\"2016-03-21T06:04:28+00:00\",\"dateModified\":\"2016-03-22T00:34:35+00:00\",\"breadcrumb\":{\"@id\":\"http:\/\/www.reconoce.mx\/?p=45556#breadcrumb\"},\"inLanguage\":\"es\",\"potentialAction\":[{\"@type\":\"ReadAction\",\"target\":[\"http:\/\/www.reconoce.mx\/?p=45556\"]}]},{\"@type\":\"ImageObject\",\"inLanguage\":\"es\",\"@id\":\"http:\/\/www.reconoce.mx\/?p=45556#primaryimage\",\"url\":\"http:\/\/www.reconoce.mx\/wp-content\/uploads\/2016\/03\/conlafrenteenalto-cover.png\",\"contentUrl\":\"http:\/\/www.reconoce.mx\/wp-content\/uploads\/2016\/03\/conlafrenteenalto-cover.png\",\"width\":590,\"height\":380},{\"@type\":\"BreadcrumbList\",\"@id\":\"http:\/\/www.reconoce.mx\/?p=45556#breadcrumb\",\"itemListElement\":[{\"@type\":\"ListItem\",\"position\":1,\"name\":\"Portada\",\"item\":\"http:\/\/www.reconoce.mx\/\"},{\"@type\":\"ListItem\",\"position\":2,\"name\":\"\u00abCon la frente en alto\u00bb, intenso viaje para salvar a alguien\"}]},{\"@type\":\"WebSite\",\"@id\":\"http:\/\/www.reconoce.mx\/#website\",\"url\":\"http:\/\/www.reconoce.mx\/\",\"name\":\"Reconoce MX\",\"description\":\"En Reconoce MX difundimos arte, cultura y conciencia social en M\u00e9xico. Tu ciudad en otra perspectiva.\",\"publisher\":{\"@id\":\"http:\/\/www.reconoce.mx\/#organization\"},\"potentialAction\":[{\"@type\":\"SearchAction\",\"target\":{\"@type\":\"EntryPoint\",\"urlTemplate\":\"http:\/\/www.reconoce.mx\/?s={search_term_string}\"},\"query-input\":{\"@type\":\"PropertyValueSpecification\",\"valueRequired\":true,\"valueName\":\"search_term_string\"}}],\"inLanguage\":\"es\"},{\"@type\":\"Organization\",\"@id\":\"http:\/\/www.reconoce.mx\/#organization\",\"name\":\"Reconoce MX\",\"url\":\"http:\/\/www.reconoce.mx\/\",\"logo\":{\"@type\":\"ImageObject\",\"inLanguage\":\"es\",\"@id\":\"http:\/\/www.reconoce.mx\/#\/schema\/logo\/image\/\",\"url\":\"https:\/\/www.reconoce.mx\/wp-content\/uploads\/2019\/03\/logorcmx-good-1.png\",\"contentUrl\":\"https:\/\/www.reconoce.mx\/wp-content\/uploads\/2019\/03\/logorcmx-good-1.png\",\"width\":280,\"height\":90,\"caption\":\"Reconoce MX\"},\"image\":{\"@id\":\"http:\/\/www.reconoce.mx\/#\/schema\/logo\/image\/\"},\"sameAs\":[\"https:\/\/es-la.facebook.com\/ReconoceMX\/\",\"https:\/\/x.com\/reconocemx\",\"http:\/\/@reconocemx\"]},{\"@type\":\"Person\",\"@id\":\"http:\/\/www.reconoce.mx\/#\/schema\/person\/2117e997d7051dc15d6880eaf9bca0b2\",\"name\":\"Reconoce MX\",\"image\":{\"@type\":\"ImageObject\",\"inLanguage\":\"es\",\"@id\":\"http:\/\/www.reconoce.mx\/#\/schema\/person\/image\/\",\"url\":\"https:\/\/secure.gravatar.com\/avatar\/6c8d4dc7569ca1c90c5fdcc349f839d5ddef6fe1e70b4337ead2ef1a4c43fc3a?s=96&d=identicon&r=g\",\"contentUrl\":\"https:\/\/secure.gravatar.com\/avatar\/6c8d4dc7569ca1c90c5fdcc349f839d5ddef6fe1e70b4337ead2ef1a4c43fc3a?s=96&d=identicon&r=g\",\"caption\":\"Reconoce MX\"},\"description\":\"Reconoce MX es un proyecto de difusi\u00f3n art\u00edstica, cultural y de conciencia social que est\u00e1 enfocado a difundir y fomentar el entretenimiento alternativo de calidad para todo el p\u00fablico que comparta el mismo entusiasmo.\",\"sameAs\":[\"http:\/\/www.reconoce.mx\"],\"url\":\"http:\/\/www.reconoce.mx\/?author=2\"}]}<\/script>\n<!-- \/ Yoast SEO plugin. -->","yoast_head_json":{"title":"\"Con la frente en alto\", intenso viaje para salvar a alguien &#171; Reconoce MX","robots":{"index":"index","follow":"follow","max-snippet":"max-snippet:-1","max-image-preview":"max-image-preview:large","max-video-preview":"max-video-preview:-1"},"canonical":"http:\/\/www.reconoce.mx\/?p=45556","og_locale":"es_ES","og_type":"article","og_title":"\"Con la frente en alto\", intenso viaje para salvar a alguien &#171; Reconoce MX","og_description":"La primera escena de \u201cCon la frente en alto\u201d es poderos\u00edsima. Dos peque\u00f1os ni\u00f1os, acompa\u00f1ados por su muy joven madre, llegan entre gritos a la oficina de una jueza de la corte juvenil.","og_url":"http:\/\/www.reconoce.mx\/?p=45556","og_site_name":"Reconoce MX","article_publisher":"https:\/\/es-la.facebook.com\/ReconoceMX\/","article_published_time":"2016-03-21T06:04:28+00:00","article_modified_time":"2016-03-22T00:34:35+00:00","og_image":[{"width":590,"height":380,"url":"http:\/\/www.reconoce.mx\/wp-content\/uploads\/2016\/03\/conlafrenteenalto-cover.png","type":"image\/png"}],"author":"Reconoce MX","twitter_card":"summary_large_image","twitter_creator":"@reconocemx","twitter_site":"@reconocemx","twitter_misc":{"Escrito por":"Reconoce MX","Tiempo de lectura":"3 minutos"},"schema":{"@context":"https:\/\/schema.org","@graph":[{"@type":"Article","@id":"http:\/\/www.reconoce.mx\/?p=45556#article","isPartOf":{"@id":"http:\/\/www.reconoce.mx\/?p=45556"},"author":{"name":"Reconoce MX","@id":"http:\/\/www.reconoce.mx\/#\/schema\/person\/2117e997d7051dc15d6880eaf9bca0b2"},"headline":"\u00abCon la frente en alto\u00bb, intenso viaje para salvar a alguien","datePublished":"2016-03-21T06:04:28+00:00","dateModified":"2016-03-22T00:34:35+00:00","mainEntityOfPage":{"@id":"http:\/\/www.reconoce.mx\/?p=45556"},"wordCount":553,"commentCount":0,"publisher":{"@id":"http:\/\/www.reconoce.mx\/#organization"},"image":{"@id":"http:\/\/www.reconoce.mx\/?p=45556#primaryimage"},"thumbnailUrl":"http:\/\/www.reconoce.mx\/wp-content\/uploads\/2016\/03\/conlafrenteenalto-cover.png","articleSection":["Cine","Cultura","Principal"],"inLanguage":"es","potentialAction":[{"@type":"CommentAction","name":"Comment","target":["http:\/\/www.reconoce.mx\/?p=45556#respond"]}]},{"@type":"WebPage","@id":"http:\/\/www.reconoce.mx\/?p=45556","url":"http:\/\/www.reconoce.mx\/?p=45556","name":"\"Con la frente en alto\", intenso viaje para salvar a alguien &#171; Reconoce MX","isPartOf":{"@id":"http:\/\/www.reconoce.mx\/#website"},"primaryImageOfPage":{"@id":"http:\/\/www.reconoce.mx\/?p=45556#primaryimage"},"image":{"@id":"http:\/\/www.reconoce.mx\/?p=45556#primaryimage"},"thumbnailUrl":"http:\/\/www.reconoce.mx\/wp-content\/uploads\/2016\/03\/conlafrenteenalto-cover.png","datePublished":"2016-03-21T06:04:28+00:00","dateModified":"2016-03-22T00:34:35+00:00","breadcrumb":{"@id":"http:\/\/www.reconoce.mx\/?p=45556#breadcrumb"},"inLanguage":"es","potentialAction":[{"@type":"ReadAction","target":["http:\/\/www.reconoce.mx\/?p=45556"]}]},{"@type":"ImageObject","inLanguage":"es","@id":"http:\/\/www.reconoce.mx\/?p=45556#primaryimage","url":"http:\/\/www.reconoce.mx\/wp-content\/uploads\/2016\/03\/conlafrenteenalto-cover.png","contentUrl":"http:\/\/www.reconoce.mx\/wp-content\/uploads\/2016\/03\/conlafrenteenalto-cover.png","width":590,"height":380},{"@type":"BreadcrumbList","@id":"http:\/\/www.reconoce.mx\/?p=45556#breadcrumb","itemListElement":[{"@type":"ListItem","position":1,"name":"Portada","item":"http:\/\/www.reconoce.mx\/"},{"@type":"ListItem","position":2,"name":"\u00abCon la frente en alto\u00bb, intenso viaje para salvar a alguien"}]},{"@type":"WebSite","@id":"http:\/\/www.reconoce.mx\/#website","url":"http:\/\/www.reconoce.mx\/","name":"Reconoce MX","description":"En Reconoce MX difundimos arte, cultura y conciencia social en M\u00e9xico. Tu ciudad en otra perspectiva.","publisher":{"@id":"http:\/\/www.reconoce.mx\/#organization"},"potentialAction":[{"@type":"SearchAction","target":{"@type":"EntryPoint","urlTemplate":"http:\/\/www.reconoce.mx\/?s={search_term_string}"},"query-input":{"@type":"PropertyValueSpecification","valueRequired":true,"valueName":"search_term_string"}}],"inLanguage":"es"},{"@type":"Organization","@id":"http:\/\/www.reconoce.mx\/#organization","name":"Reconoce MX","url":"http:\/\/www.reconoce.mx\/","logo":{"@type":"ImageObject","inLanguage":"es","@id":"http:\/\/www.reconoce.mx\/#\/schema\/logo\/image\/","url":"https:\/\/www.reconoce.mx\/wp-content\/uploads\/2019\/03\/logorcmx-good-1.png","contentUrl":"https:\/\/www.reconoce.mx\/wp-content\/uploads\/2019\/03\/logorcmx-good-1.png","width":280,"height":90,"caption":"Reconoce MX"},"image":{"@id":"http:\/\/www.reconoce.mx\/#\/schema\/logo\/image\/"},"sameAs":["https:\/\/es-la.facebook.com\/ReconoceMX\/","https:\/\/x.com\/reconocemx","http:\/\/@reconocemx"]},{"@type":"Person","@id":"http:\/\/www.reconoce.mx\/#\/schema\/person\/2117e997d7051dc15d6880eaf9bca0b2","name":"Reconoce MX","image":{"@type":"ImageObject","inLanguage":"es","@id":"http:\/\/www.reconoce.mx\/#\/schema\/person\/image\/","url":"https:\/\/secure.gravatar.com\/avatar\/6c8d4dc7569ca1c90c5fdcc349f839d5ddef6fe1e70b4337ead2ef1a4c43fc3a?s=96&d=identicon&r=g","contentUrl":"https:\/\/secure.gravatar.com\/avatar\/6c8d4dc7569ca1c90c5fdcc349f839d5ddef6fe1e70b4337ead2ef1a4c43fc3a?s=96&d=identicon&r=g","caption":"Reconoce MX"},"description":"Reconoce MX es un proyecto de difusi\u00f3n art\u00edstica, cultural y de conciencia social que est\u00e1 enfocado a difundir y fomentar el entretenimiento alternativo de calidad para todo el p\u00fablico que comparta el mismo entusiasmo.","sameAs":["http:\/\/www.reconoce.mx"],"url":"http:\/\/www.reconoce.mx\/?author=2"}]}},"_links":{"self":[{"href":"http:\/\/www.reconoce.mx\/index.php?rest_route=\/wp\/v2\/posts\/45556","targetHints":{"allow":["GET"]}}],"collection":[{"href":"http:\/\/www.reconoce.mx\/index.php?rest_route=\/wp\/v2\/posts"}],"about":[{"href":"http:\/\/www.reconoce.mx\/index.php?rest_route=\/wp\/v2\/types\/post"}],"author":[{"embeddable":true,"href":"http:\/\/www.reconoce.mx\/index.php?rest_route=\/wp\/v2\/users\/2"}],"replies":[{"embeddable":true,"href":"http:\/\/www.reconoce.mx\/index.php?rest_route=%2Fwp%2Fv2%2Fcomments&post=45556"}],"version-history":[{"count":4,"href":"http:\/\/www.reconoce.mx\/index.php?rest_route=\/wp\/v2\/posts\/45556\/revisions"}],"predecessor-version":[{"id":45572,"href":"http:\/\/www.reconoce.mx\/index.php?rest_route=\/wp\/v2\/posts\/45556\/revisions\/45572"}],"wp:featuredmedia":[{"embeddable":true,"href":"http:\/\/www.reconoce.mx\/index.php?rest_route=\/wp\/v2\/media\/45558"}],"wp:attachment":[{"href":"http:\/\/www.reconoce.mx\/index.php?rest_route=%2Fwp%2Fv2%2Fmedia&parent=45556"}],"wp:term":[{"taxonomy":"category","embeddable":true,"href":"http:\/\/www.reconoce.mx\/index.php?rest_route=%2Fwp%2Fv2%2Fcategories&post=45556"},{"taxonomy":"post_tag","embeddable":true,"href":"http:\/\/www.reconoce.mx\/index.php?rest_route=%2Fwp%2Fv2%2Ftags&post=45556"}],"curies":[{"name":"wp","href":"https:\/\/api.w.org\/{rel}","templated":true}]}}