{"id":45606,"date":"2016-03-22T00:05:49","date_gmt":"2016-03-22T06:05:49","guid":{"rendered":"http:\/\/www.reconoce.mx\/?p=45606"},"modified":"2018-07-17T00:31:24","modified_gmt":"2018-07-17T05:31:24","slug":"tan-monos-ellos","status":"publish","type":"post","link":"http:\/\/www.reconoce.mx\/?p=45606","title":{"rendered":"Tan monos ellos"},"content":{"rendered":"<p><a href=\"http:\/\/www.reconoce.mx\/category\/columnistas\/\"><img loading=\"lazy\" decoding=\"async\" class=\"aligncenter size-full wp-image-40651\" src=\"http:\/\/www.reconoce.mx\/wp-content\/uploads\/2015\/09\/ColumnistaRCMX.png\" alt=\"Columnistainvitado\" width=\"570\" height=\"70\" \/><\/a><strong><br \/>\nPor <a href=\"https:\/\/twitter.com\/stompin_savoy\" target=\"_blank\" rel=\"noopener\">Paty Caratozzolo<\/a><\/strong>.<\/p>\n<p><em>\u201cY si al salir de los banquetes, de las sociedades cient\u00edficas o de las agradables reuniones entre amigos, llego a casa a altas horas de la noche, all\u00ed me espera una peque\u00f1a y semi amaestrada chimpanc\u00e9, con quien, a la manera simiesca, lo paso muy bien. De d\u00eda no quiero verla pues tiene en la mirada esa demencia del animal alterado por el adiestramiento; eso \u00fanicamente yo lo percibo, y no puedo soportarlo.\u201d<\/em><\/p>\n<p style=\"text-align: right;\">\u00abInforme para una academia\u00bb, de <strong>Franz Kafka<\/strong>.<\/p>\n<p><strong>Franz Kafka<\/strong> escribe el<em> \u00abInforme para una academia\u00bb<\/em> en 1917 posiblemente influido por las investigaciones sobre las capacidades mentales de los monos que <strong>Wolfgang K\u00f6hler<\/strong> publicaba antes de la primera guerra para la <strong>Academia Prusiana de las Ciencias<\/strong>. Resulta curioso que despu\u00e9s de la guerra K\u00f6hler fundara en Berl\u00edn la <strong>Escuela de Psicolog\u00eda de la Gestalt<\/strong>; y no menos curioso saber que luego de la segunda guerra fuera presidente de la <strong>Academia Americana de Psicolog\u00eda<\/strong>. Se me ponen los simios pelos de punta.<\/p>\n<p>A partir de bestiarios medievales y otros documentos antiguos,<strong> Walton Ford<\/strong> crea cuadros en los que interpreta escenas hiperrealistas con animales a los que otorga cualidades humanas. \u00abJack on his deathbed\u00bb (2005) se basa en las cartas de <strong>Sir William Hamilton<\/strong>, embajador americano en N\u00e1poles de 1764 a 1800, en las que comenta el extravagante comportamiento de su mascota. Hamilton se divert\u00eda contando las poses obscenas, los caprichos depravados y el singular apetito sexual del pobre mono aunque algo hace sospechar que, en el asfixiante ambiente del siglo XVIII, posiblemente esa era una forma de expiar sus propias fantas\u00edas en la ex\u00f3tica corte napolitana.<\/p>\n<p>\u201c<em>Es muy aficionado a la tinta china, y cuando las personas escriben, se sienta con una mano sobre la otra y las piernas cruzadas esperando que hayan concluido y se bebe el sobrante de la tinta. Despu\u00e9s vuelve a sentarse en cuclillas, y se queda tranquilo<\/em>\u201d. As\u00ed describe <strong>Jorge Luis Borges<\/strong> las curiosas costumbres de un mono imaginario en su bestiario de 1957. Borges, poco amigo de morbos, \u00a0imagina un mono que devora tinta como el origen de la capacidad humana de escritura.<\/p>\n<p><img loading=\"lazy\" decoding=\"async\" class=\"aligncenter size-full wp-image-45607\" src=\"http:\/\/www.reconoce.mx\/wp-content\/uploads\/2016\/03\/FRANCISCO-TOLEDO.jpg\" alt=\"FRANCISCO TOLEDO\" width=\"1600\" height=\"1151\" srcset=\"http:\/\/www.reconoce.mx\/wp-content\/uploads\/2016\/03\/FRANCISCO-TOLEDO.jpg 1600w, http:\/\/www.reconoce.mx\/wp-content\/uploads\/2016\/03\/FRANCISCO-TOLEDO-300x216.jpg 300w, http:\/\/www.reconoce.mx\/wp-content\/uploads\/2016\/03\/FRANCISCO-TOLEDO-768x552.jpg 768w, http:\/\/www.reconoce.mx\/wp-content\/uploads\/2016\/03\/FRANCISCO-TOLEDO-1024x737.jpg 1024w, http:\/\/www.reconoce.mx\/wp-content\/uploads\/2016\/03\/FRANCISCO-TOLEDO-150x108.jpg 150w, http:\/\/www.reconoce.mx\/wp-content\/uploads\/2016\/03\/FRANCISCO-TOLEDO-700x504.jpg 700w, http:\/\/www.reconoce.mx\/wp-content\/uploads\/2016\/03\/FRANCISCO-TOLEDO-658x473.jpg 658w\" sizes=\"auto, (max-width: 1600px) 100vw, 1600px\" \/><\/p>\n<p style=\"text-align: right;\">\u00abEl mono de la tinta\u00bb de <strong>Francisco Toledo<\/strong>, en \u00abManual de zoolog\u00eda fant\u00e1stica\u00bb.<\/p>\n<style>.embed-container { position: relative; padding-bottom: 56.25%; height: 0; overflow: hidden; max-width: 100%; } .embed-container iframe, .embed-container object, .embed-container embed { position: absolute; top: 0; left: 0; width: 100%; height: 100%; }<\/style>\n<div class='embed-container'><iframe src='https:\/\/www.youtube.com\/embed\/CNOzVkvRU1w' frameborder='0' allowfullscreen><\/iframe><\/div>\n<p>&nbsp;<\/p>\n<p><strong>Frank Baum<\/strong> escribe \u00abEl maravilloso mago de Oz\u00bb en 1919 y all\u00ed Kiki y el Rey Nome forman un ej\u00e9rcito con doce monos para conquistar la tierra de Oz. Este ej\u00e9rcito de monos resulta el Macguffin de la pel\u00edcula \u00abDoce monos\u00bb (1996): el protagonista debe volver al pasado a detener a los monos que supuestamente provocaron que la humanidad debiera volver a una vida animal subterr\u00e1nea. Nuestro pasado simiesco queriendo arrastrarnos en un viaje inverso al imaginado por Kafka. Se me caen los hominoideos pelos.<\/p>\n<p>Se los llam\u00f3 simios, del lat\u00edn <em>similis<\/em>, debido a la gran similitud entre sus gestos y el comportamiento humano. Luego esta similitud result\u00f3 en horror. Horror disfrazado a haber sido monos en el origen, queriendo tapar el horror a convertirnos en otra especie de bestias al final: en humanos.<\/p>\n<blockquote><p><a href=\"http:\/\/www.reconoce.mx\/wp-content\/uploads\/2015\/08\/IMG_5743.jpg\"><img loading=\"lazy\" decoding=\"async\" class=\"alignleft size-thumbnail wp-image-39872\" src=\"http:\/\/www.reconoce.mx\/wp-content\/uploads\/2015\/08\/IMG_5743-150x150.jpg\" alt=\"IMG_5743\" width=\"150\" height=\"150\" srcset=\"http:\/\/www.reconoce.mx\/wp-content\/uploads\/2015\/08\/IMG_5743-150x150.jpg 150w, http:\/\/www.reconoce.mx\/wp-content\/uploads\/2015\/08\/IMG_5743-300x300.jpg 300w, http:\/\/www.reconoce.mx\/wp-content\/uploads\/2015\/08\/IMG_5743-65x65.jpg 65w, http:\/\/www.reconoce.mx\/wp-content\/uploads\/2015\/08\/IMG_5743.jpg 460w\" sizes=\"auto, (max-width: 150px) 100vw, 150px\" \/><\/a><strong>Paty Caratozzolo<\/strong>. Quisiera cantar \u00abFeeling good\u00bb como la Simone o de perdida \u00abLet\u2019s do it\u00bb como la Fitzgerald. Algunas veces se lamenta quedito como la Dido de Purcell y otras llora a moco tendido como la Alcina de Haendel. El resto del tiempo anda con la mirada hundida en los paisajes brumosos de Turner y los dedos imaginando la tersura de cualquier escultura de Bernini. Prefiere el plano holand\u00e9s al caf\u00e9 americano, y la compa\u00f1\u00eda de un bar\u00edtono italiano al mejor <em>widget <\/em>de su celular japon\u00e9s. Y definitivamente, si naufragara cerca de una isla desierta y pudiera llevarse un solo libro\u2026 \u00a1preferir\u00eda hundirse<em> full fathom five<\/em>!<\/p><\/blockquote>\n<p>&nbsp;<\/p>\n<p>&nbsp;<\/p>\n","protected":false},"excerpt":{"rendered":"<p>Franz Kafka escribe el \u201cInforme para una academia\u201d en 1917 posiblemente influido por las investigaciones sobre las capacidades mentales de los monos que Wolfgang K\u00f6hler publicaba antes de la primera guerra para la Academia Prusiana de las Ciencias.<\/p>\n","protected":false},"author":2,"featured_media":45609,"comment_status":"open","ping_status":"open","sticky":false,"template":"","format":"standard","meta":{"footnotes":""},"categories":[16,2608,17],"tags":[],"class_list":["post-45606","post","type-post","status-publish","format-standard","has-post-thumbnail","hentry","category-columnistas","category-paty-caratozzolo","category-principal"],"yoast_head":"<!-- This site is optimized with the Yoast SEO plugin v24.7 - https:\/\/yoast.com\/wordpress\/plugins\/seo\/ -->\n<title>Tan monos ellos &#171; Reconoce MX<\/title>\n<meta name=\"robots\" content=\"index, follow, max-snippet:-1, max-image-preview:large, max-video-preview:-1\" \/>\n<link rel=\"canonical\" href=\"https:\/\/www.reconoce.mx\/?p=45606\" \/>\n<meta property=\"og:locale\" content=\"es_ES\" \/>\n<meta property=\"og:type\" content=\"article\" \/>\n<meta property=\"og:title\" content=\"Tan monos ellos &#171; Reconoce MX\" \/>\n<meta property=\"og:description\" content=\"Franz Kafka escribe el \u201cInforme para una academia\u201d en 1917 posiblemente influido por las investigaciones sobre las capacidades mentales de los monos que Wolfgang K\u00f6hler publicaba antes de la primera guerra para la Academia Prusiana de las Ciencias.\" \/>\n<meta property=\"og:url\" content=\"https:\/\/www.reconoce.mx\/?p=45606\" \/>\n<meta property=\"og:site_name\" content=\"Reconoce MX\" \/>\n<meta property=\"article:publisher\" content=\"https:\/\/es-la.facebook.com\/ReconoceMX\/\" \/>\n<meta property=\"article:published_time\" content=\"2016-03-22T06:05:49+00:00\" \/>\n<meta property=\"article:modified_time\" content=\"2018-07-17T05:31:24+00:00\" \/>\n<meta property=\"og:image\" content=\"https:\/\/www.reconoce.mx\/wp-content\/uploads\/2016\/03\/mono-cover.png\" \/>\n\t<meta property=\"og:image:width\" content=\"590\" \/>\n\t<meta property=\"og:image:height\" content=\"380\" \/>\n\t<meta property=\"og:image:type\" content=\"image\/png\" \/>\n<meta name=\"author\" content=\"Reconoce MX\" \/>\n<meta name=\"twitter:card\" content=\"summary_large_image\" \/>\n<meta name=\"twitter:creator\" content=\"@reconocemx\" \/>\n<meta name=\"twitter:site\" content=\"@reconocemx\" \/>\n<meta name=\"twitter:label1\" content=\"Escrito por\" \/>\n\t<meta name=\"twitter:data1\" content=\"Reconoce MX\" \/>\n\t<meta name=\"twitter:label2\" content=\"Tiempo de lectura\" \/>\n\t<meta name=\"twitter:data2\" content=\"3 minutos\" \/>\n<script type=\"application\/ld+json\" class=\"yoast-schema-graph\">{\"@context\":\"https:\/\/schema.org\",\"@graph\":[{\"@type\":\"Article\",\"@id\":\"https:\/\/www.reconoce.mx\/?p=45606#article\",\"isPartOf\":{\"@id\":\"https:\/\/www.reconoce.mx\/?p=45606\"},\"author\":{\"name\":\"Reconoce MX\",\"@id\":\"http:\/\/www.reconoce.mx\/#\/schema\/person\/2117e997d7051dc15d6880eaf9bca0b2\"},\"headline\":\"Tan monos ellos\",\"datePublished\":\"2016-03-22T06:05:49+00:00\",\"dateModified\":\"2018-07-17T05:31:24+00:00\",\"mainEntityOfPage\":{\"@id\":\"https:\/\/www.reconoce.mx\/?p=45606\"},\"wordCount\":632,\"commentCount\":0,\"publisher\":{\"@id\":\"http:\/\/www.reconoce.mx\/#organization\"},\"image\":{\"@id\":\"https:\/\/www.reconoce.mx\/?p=45606#primaryimage\"},\"thumbnailUrl\":\"http:\/\/www.reconoce.mx\/wp-content\/uploads\/2016\/03\/mono-cover.png\",\"articleSection\":[\"Columnistas\",\"Paty Caratozzolo\",\"Principal\"],\"inLanguage\":\"es\",\"potentialAction\":[{\"@type\":\"CommentAction\",\"name\":\"Comment\",\"target\":[\"https:\/\/www.reconoce.mx\/?p=45606#respond\"]}]},{\"@type\":\"WebPage\",\"@id\":\"https:\/\/www.reconoce.mx\/?p=45606\",\"url\":\"https:\/\/www.reconoce.mx\/?p=45606\",\"name\":\"Tan monos ellos &#171; Reconoce MX\",\"isPartOf\":{\"@id\":\"http:\/\/www.reconoce.mx\/#website\"},\"primaryImageOfPage\":{\"@id\":\"https:\/\/www.reconoce.mx\/?p=45606#primaryimage\"},\"image\":{\"@id\":\"https:\/\/www.reconoce.mx\/?p=45606#primaryimage\"},\"thumbnailUrl\":\"http:\/\/www.reconoce.mx\/wp-content\/uploads\/2016\/03\/mono-cover.png\",\"datePublished\":\"2016-03-22T06:05:49+00:00\",\"dateModified\":\"2018-07-17T05:31:24+00:00\",\"breadcrumb\":{\"@id\":\"https:\/\/www.reconoce.mx\/?p=45606#breadcrumb\"},\"inLanguage\":\"es\",\"potentialAction\":[{\"@type\":\"ReadAction\",\"target\":[\"https:\/\/www.reconoce.mx\/?p=45606\"]}]},{\"@type\":\"ImageObject\",\"inLanguage\":\"es\",\"@id\":\"https:\/\/www.reconoce.mx\/?p=45606#primaryimage\",\"url\":\"http:\/\/www.reconoce.mx\/wp-content\/uploads\/2016\/03\/mono-cover.png\",\"contentUrl\":\"http:\/\/www.reconoce.mx\/wp-content\/uploads\/2016\/03\/mono-cover.png\",\"width\":590,\"height\":380},{\"@type\":\"BreadcrumbList\",\"@id\":\"https:\/\/www.reconoce.mx\/?p=45606#breadcrumb\",\"itemListElement\":[{\"@type\":\"ListItem\",\"position\":1,\"name\":\"Portada\",\"item\":\"http:\/\/www.reconoce.mx\/\"},{\"@type\":\"ListItem\",\"position\":2,\"name\":\"Tan monos ellos\"}]},{\"@type\":\"WebSite\",\"@id\":\"http:\/\/www.reconoce.mx\/#website\",\"url\":\"http:\/\/www.reconoce.mx\/\",\"name\":\"Reconoce MX\",\"description\":\"En Reconoce MX difundimos arte, cultura y conciencia social en M\u00e9xico. Tu ciudad en otra perspectiva.\",\"publisher\":{\"@id\":\"http:\/\/www.reconoce.mx\/#organization\"},\"potentialAction\":[{\"@type\":\"SearchAction\",\"target\":{\"@type\":\"EntryPoint\",\"urlTemplate\":\"http:\/\/www.reconoce.mx\/?s={search_term_string}\"},\"query-input\":{\"@type\":\"PropertyValueSpecification\",\"valueRequired\":true,\"valueName\":\"search_term_string\"}}],\"inLanguage\":\"es\"},{\"@type\":\"Organization\",\"@id\":\"http:\/\/www.reconoce.mx\/#organization\",\"name\":\"Reconoce MX\",\"url\":\"http:\/\/www.reconoce.mx\/\",\"logo\":{\"@type\":\"ImageObject\",\"inLanguage\":\"es\",\"@id\":\"http:\/\/www.reconoce.mx\/#\/schema\/logo\/image\/\",\"url\":\"https:\/\/www.reconoce.mx\/wp-content\/uploads\/2019\/03\/logorcmx-good-1.png\",\"contentUrl\":\"https:\/\/www.reconoce.mx\/wp-content\/uploads\/2019\/03\/logorcmx-good-1.png\",\"width\":280,\"height\":90,\"caption\":\"Reconoce MX\"},\"image\":{\"@id\":\"http:\/\/www.reconoce.mx\/#\/schema\/logo\/image\/\"},\"sameAs\":[\"https:\/\/es-la.facebook.com\/ReconoceMX\/\",\"https:\/\/x.com\/reconocemx\",\"http:\/\/@reconocemx\"]},{\"@type\":\"Person\",\"@id\":\"http:\/\/www.reconoce.mx\/#\/schema\/person\/2117e997d7051dc15d6880eaf9bca0b2\",\"name\":\"Reconoce MX\",\"image\":{\"@type\":\"ImageObject\",\"inLanguage\":\"es\",\"@id\":\"http:\/\/www.reconoce.mx\/#\/schema\/person\/image\/\",\"url\":\"https:\/\/secure.gravatar.com\/avatar\/6c8d4dc7569ca1c90c5fdcc349f839d5ddef6fe1e70b4337ead2ef1a4c43fc3a?s=96&d=identicon&r=g\",\"contentUrl\":\"https:\/\/secure.gravatar.com\/avatar\/6c8d4dc7569ca1c90c5fdcc349f839d5ddef6fe1e70b4337ead2ef1a4c43fc3a?s=96&d=identicon&r=g\",\"caption\":\"Reconoce MX\"},\"description\":\"Reconoce MX es un proyecto de difusi\u00f3n art\u00edstica, cultural y de conciencia social que est\u00e1 enfocado a difundir y fomentar el entretenimiento alternativo de calidad para todo el p\u00fablico que comparta el mismo entusiasmo.\",\"sameAs\":[\"http:\/\/www.reconoce.mx\"],\"url\":\"http:\/\/www.reconoce.mx\/?author=2\"}]}<\/script>\n<!-- \/ Yoast SEO plugin. -->","yoast_head_json":{"title":"Tan monos ellos &#171; Reconoce MX","robots":{"index":"index","follow":"follow","max-snippet":"max-snippet:-1","max-image-preview":"max-image-preview:large","max-video-preview":"max-video-preview:-1"},"canonical":"https:\/\/www.reconoce.mx\/?p=45606","og_locale":"es_ES","og_type":"article","og_title":"Tan monos ellos &#171; Reconoce MX","og_description":"Franz Kafka escribe el \u201cInforme para una academia\u201d en 1917 posiblemente influido por las investigaciones sobre las capacidades mentales de los monos que Wolfgang K\u00f6hler publicaba antes de la primera guerra para la Academia Prusiana de las Ciencias.","og_url":"https:\/\/www.reconoce.mx\/?p=45606","og_site_name":"Reconoce MX","article_publisher":"https:\/\/es-la.facebook.com\/ReconoceMX\/","article_published_time":"2016-03-22T06:05:49+00:00","article_modified_time":"2018-07-17T05:31:24+00:00","og_image":[{"width":590,"height":380,"url":"https:\/\/www.reconoce.mx\/wp-content\/uploads\/2016\/03\/mono-cover.png","type":"image\/png"}],"author":"Reconoce MX","twitter_card":"summary_large_image","twitter_creator":"@reconocemx","twitter_site":"@reconocemx","twitter_misc":{"Escrito por":"Reconoce MX","Tiempo de lectura":"3 minutos"},"schema":{"@context":"https:\/\/schema.org","@graph":[{"@type":"Article","@id":"https:\/\/www.reconoce.mx\/?p=45606#article","isPartOf":{"@id":"https:\/\/www.reconoce.mx\/?p=45606"},"author":{"name":"Reconoce MX","@id":"http:\/\/www.reconoce.mx\/#\/schema\/person\/2117e997d7051dc15d6880eaf9bca0b2"},"headline":"Tan monos ellos","datePublished":"2016-03-22T06:05:49+00:00","dateModified":"2018-07-17T05:31:24+00:00","mainEntityOfPage":{"@id":"https:\/\/www.reconoce.mx\/?p=45606"},"wordCount":632,"commentCount":0,"publisher":{"@id":"http:\/\/www.reconoce.mx\/#organization"},"image":{"@id":"https:\/\/www.reconoce.mx\/?p=45606#primaryimage"},"thumbnailUrl":"http:\/\/www.reconoce.mx\/wp-content\/uploads\/2016\/03\/mono-cover.png","articleSection":["Columnistas","Paty Caratozzolo","Principal"],"inLanguage":"es","potentialAction":[{"@type":"CommentAction","name":"Comment","target":["https:\/\/www.reconoce.mx\/?p=45606#respond"]}]},{"@type":"WebPage","@id":"https:\/\/www.reconoce.mx\/?p=45606","url":"https:\/\/www.reconoce.mx\/?p=45606","name":"Tan monos ellos &#171; Reconoce MX","isPartOf":{"@id":"http:\/\/www.reconoce.mx\/#website"},"primaryImageOfPage":{"@id":"https:\/\/www.reconoce.mx\/?p=45606#primaryimage"},"image":{"@id":"https:\/\/www.reconoce.mx\/?p=45606#primaryimage"},"thumbnailUrl":"http:\/\/www.reconoce.mx\/wp-content\/uploads\/2016\/03\/mono-cover.png","datePublished":"2016-03-22T06:05:49+00:00","dateModified":"2018-07-17T05:31:24+00:00","breadcrumb":{"@id":"https:\/\/www.reconoce.mx\/?p=45606#breadcrumb"},"inLanguage":"es","potentialAction":[{"@type":"ReadAction","target":["https:\/\/www.reconoce.mx\/?p=45606"]}]},{"@type":"ImageObject","inLanguage":"es","@id":"https:\/\/www.reconoce.mx\/?p=45606#primaryimage","url":"http:\/\/www.reconoce.mx\/wp-content\/uploads\/2016\/03\/mono-cover.png","contentUrl":"http:\/\/www.reconoce.mx\/wp-content\/uploads\/2016\/03\/mono-cover.png","width":590,"height":380},{"@type":"BreadcrumbList","@id":"https:\/\/www.reconoce.mx\/?p=45606#breadcrumb","itemListElement":[{"@type":"ListItem","position":1,"name":"Portada","item":"http:\/\/www.reconoce.mx\/"},{"@type":"ListItem","position":2,"name":"Tan monos ellos"}]},{"@type":"WebSite","@id":"http:\/\/www.reconoce.mx\/#website","url":"http:\/\/www.reconoce.mx\/","name":"Reconoce MX","description":"En Reconoce MX difundimos arte, cultura y conciencia social en M\u00e9xico. Tu ciudad en otra perspectiva.","publisher":{"@id":"http:\/\/www.reconoce.mx\/#organization"},"potentialAction":[{"@type":"SearchAction","target":{"@type":"EntryPoint","urlTemplate":"http:\/\/www.reconoce.mx\/?s={search_term_string}"},"query-input":{"@type":"PropertyValueSpecification","valueRequired":true,"valueName":"search_term_string"}}],"inLanguage":"es"},{"@type":"Organization","@id":"http:\/\/www.reconoce.mx\/#organization","name":"Reconoce MX","url":"http:\/\/www.reconoce.mx\/","logo":{"@type":"ImageObject","inLanguage":"es","@id":"http:\/\/www.reconoce.mx\/#\/schema\/logo\/image\/","url":"https:\/\/www.reconoce.mx\/wp-content\/uploads\/2019\/03\/logorcmx-good-1.png","contentUrl":"https:\/\/www.reconoce.mx\/wp-content\/uploads\/2019\/03\/logorcmx-good-1.png","width":280,"height":90,"caption":"Reconoce MX"},"image":{"@id":"http:\/\/www.reconoce.mx\/#\/schema\/logo\/image\/"},"sameAs":["https:\/\/es-la.facebook.com\/ReconoceMX\/","https:\/\/x.com\/reconocemx","http:\/\/@reconocemx"]},{"@type":"Person","@id":"http:\/\/www.reconoce.mx\/#\/schema\/person\/2117e997d7051dc15d6880eaf9bca0b2","name":"Reconoce MX","image":{"@type":"ImageObject","inLanguage":"es","@id":"http:\/\/www.reconoce.mx\/#\/schema\/person\/image\/","url":"https:\/\/secure.gravatar.com\/avatar\/6c8d4dc7569ca1c90c5fdcc349f839d5ddef6fe1e70b4337ead2ef1a4c43fc3a?s=96&d=identicon&r=g","contentUrl":"https:\/\/secure.gravatar.com\/avatar\/6c8d4dc7569ca1c90c5fdcc349f839d5ddef6fe1e70b4337ead2ef1a4c43fc3a?s=96&d=identicon&r=g","caption":"Reconoce MX"},"description":"Reconoce MX es un proyecto de difusi\u00f3n art\u00edstica, cultural y de conciencia social que est\u00e1 enfocado a difundir y fomentar el entretenimiento alternativo de calidad para todo el p\u00fablico que comparta el mismo entusiasmo.","sameAs":["http:\/\/www.reconoce.mx"],"url":"http:\/\/www.reconoce.mx\/?author=2"}]}},"_links":{"self":[{"href":"http:\/\/www.reconoce.mx\/index.php?rest_route=\/wp\/v2\/posts\/45606","targetHints":{"allow":["GET"]}}],"collection":[{"href":"http:\/\/www.reconoce.mx\/index.php?rest_route=\/wp\/v2\/posts"}],"about":[{"href":"http:\/\/www.reconoce.mx\/index.php?rest_route=\/wp\/v2\/types\/post"}],"author":[{"embeddable":true,"href":"http:\/\/www.reconoce.mx\/index.php?rest_route=\/wp\/v2\/users\/2"}],"replies":[{"embeddable":true,"href":"http:\/\/www.reconoce.mx\/index.php?rest_route=%2Fwp%2Fv2%2Fcomments&post=45606"}],"version-history":[{"count":4,"href":"http:\/\/www.reconoce.mx\/index.php?rest_route=\/wp\/v2\/posts\/45606\/revisions"}],"predecessor-version":[{"id":75020,"href":"http:\/\/www.reconoce.mx\/index.php?rest_route=\/wp\/v2\/posts\/45606\/revisions\/75020"}],"wp:featuredmedia":[{"embeddable":true,"href":"http:\/\/www.reconoce.mx\/index.php?rest_route=\/wp\/v2\/media\/45609"}],"wp:attachment":[{"href":"http:\/\/www.reconoce.mx\/index.php?rest_route=%2Fwp%2Fv2%2Fmedia&parent=45606"}],"wp:term":[{"taxonomy":"category","embeddable":true,"href":"http:\/\/www.reconoce.mx\/index.php?rest_route=%2Fwp%2Fv2%2Fcategories&post=45606"},{"taxonomy":"post_tag","embeddable":true,"href":"http:\/\/www.reconoce.mx\/index.php?rest_route=%2Fwp%2Fv2%2Ftags&post=45606"}],"curies":[{"name":"wp","href":"https:\/\/api.w.org\/{rel}","templated":true}]}}