{"id":45631,"date":"2016-03-24T00:03:45","date_gmt":"2016-03-24T06:03:45","guid":{"rendered":"http:\/\/www.reconoce.mx\/?p=45631"},"modified":"2016-03-24T01:20:18","modified_gmt":"2016-03-24T07:20:18","slug":"chucaro-de-cocofunka","status":"publish","type":"post","link":"http:\/\/www.reconoce.mx\/?p=45631","title":{"rendered":"&#8216;Ch\u00facaro&#8217;, de Cocofunka"},"content":{"rendered":"<p><a href=\"http:\/\/www.reconoce.mx\/category\/cultura\/musica\/jueves-indie\/\"><img loading=\"lazy\" decoding=\"async\" class=\"aligncenter size-full wp-image-38360\" src=\"http:\/\/www.reconoce.mx\/wp-content\/uploads\/2015\/06\/Jueves.png\" alt=\"Martes\" width=\"550\" height=\"70\" \/><\/a><strong><br \/>\nPor <a title=\"@AsfaltosTweets\" href=\"http:\/\/twitter.com\/AsfaltosTweets\" target=\"_blank\">Asfaltos<\/a><\/strong>.<\/p>\n<p>El d\u00eda de hoy toca viajar hasta Costa Rica, sitio donde nace la agrupaci\u00f3n musical <strong>Cocofunka<\/strong>, una de las bandas referentes y con mayor proyecci\u00f3n internacional de aquel pa\u00eds. A <strong>Cocofunka<\/strong> lo presentamos hoy, en plenos jueves santo, a ra\u00edz del estreno de su esperado tercer \u00e1lbum titulado \u00abCh\u00facaro\u00bb.<\/p>\n<p><iframe loading=\"lazy\" src=\"https:\/\/www.youtube.com\/embed\/gqqY2A9VDoo\" width=\"590\" height=\"332\" frameborder=\"0\" allowfullscreen=\"allowfullscreen\"><\/iframe><\/p>\n<p><strong>Cocofunka<\/strong> son el cantante Javier Arce, el teclista Gustavo Gutierrez, el guitarrista Nacho P\u00e1ez, el bajista Reynaldo Escobedo, el baterista Jaime Nowalski y el percusionista Ricardo Machado. Con un estilo que deambula entre el <em>reggae<\/em>, el <em>funk<\/em> y el <em>indie rock<\/em>, el sonido de <strong>Cocofunka<\/strong> combina ritmos aut\u00f3ctonos y tropicales inspirados en la soca y el calipso, ritmos originarios de las selvas tropicales de su tierra natal.<\/p>\n<p>\u00abLa naturaleza est\u00e1 presente, como met\u00e1fora e influencia, y es representada en los efectos, en el delay y los planos, mientras que las letras son m\u00e1s sobre la b\u00fasqueda del ser, como la gente puede interrogarse sobre la vida, el amor y la existencia\u00bb, comenta Javier Arce, vocalista de la banda.<\/p>\n<p>Para \u00abCh\u00facaro\u00bb, <strong>Cocofunka<\/strong> trabajaron junto a los productores Felipe \u00c1lvarez (<strong>Bomba Est\u00e9reo<\/strong>,<strong> Monsieur Perin\u00e9<\/strong>, <strong>Calle 13<\/strong>) y Mario Miranda (<a href=\"http:\/\/www.reconoce.mx\/your-story-de-patterns\/\"><strong>Patterns<\/strong><\/a>), adem\u00e1s de invitar a m\u00fasicos como el \u00edcono del <em>reggae<\/em> jamaiquino <strong>Andrew Tosh<\/strong> (que aparece en \u00abTemprano\u00bb), la cantante guatemalteca <strong>Estefani Brolo<\/strong> y el cantante de la banda paname\u00f1a <strong>Se\u00f1or Loop<\/strong>, <strong>Lilo S\u00e1nchez<\/strong>, quien escribi\u00f3 los versos para \u00abAlma valiente\u00bb despu\u00e9s de luchar contra el c\u00e1ncer.<\/p>\n<p>De <strong>Cocofunka<\/strong> yo les dejo con \u00abCh\u00facaro\u00bb, canci\u00f3n que da nombre al m\u00e1s reciente \u00e1lbum tico, y que representa de gran manera la mezcla de texturas de un disco que no oculta su melanc\u00f3lica psicodelia. En fin, una verdadera delicia sonora.<\/p>\n<p>Ya saben, apoyen a <strong>Cocofunka<\/strong> v\u00eda <a href=\"https:\/\/twitter.com\/cocofunka?lang=es\" target=\"_blank\">Twitter<\/a> y <a href=\"https:\/\/www.facebook.com\/cocofunka\/\" target=\"_blank\">Facebook<\/a>, y escuchen \u00ab<a href=\"https:\/\/cocofunka.bandcamp.com\/album\/ch-caro\" target=\"_blank\">Ch\u00facaro<\/a>\u00bb a trav\u00e9s de su <a href=\"https:\/\/cocofunka.bandcamp.com\/\" target=\"_blank\">bandcamp<\/a>.<\/p>\n<p style=\"text-align: right;\">Con informaci\u00f3n e imagen cortes\u00eda de <strong>Nothing Agency<\/strong>.<\/p>\n<p>&nbsp;<\/p>\n<p>&nbsp;<\/p>\n","protected":false},"excerpt":{"rendered":"<p>El d\u00eda de hoy toca viajar hasta Costa Rica, sitio donde nace la agrupaci\u00f3n musical Cocofunka, una de las bandas referentes y con mayor proyecci\u00f3n internacional de aquel pa\u00eds.<\/p>\n","protected":false},"author":2,"featured_media":45633,"comment_status":"open","ping_status":"open","sticky":false,"template":"","format":"standard","meta":{"footnotes":""},"categories":[1,430,18,17],"tags":[],"class_list":["post-45631","post","type-post","status-publish","format-standard","has-post-thumbnail","hentry","category-cultura","category-jueves-indie","category-musica","category-principal"],"yoast_head":"<!-- This site is optimized with the Yoast SEO plugin v24.7 - https:\/\/yoast.com\/wordpress\/plugins\/seo\/ -->\n<title>&#039;Ch\u00facaro&#039;, de Cocofunka &#171; Reconoce MX<\/title>\n<meta name=\"robots\" content=\"index, follow, max-snippet:-1, max-image-preview:large, max-video-preview:-1\" \/>\n<link rel=\"canonical\" href=\"https:\/\/www.reconoce.mx\/?p=45631\" \/>\n<meta property=\"og:locale\" content=\"es_ES\" \/>\n<meta property=\"og:type\" content=\"article\" \/>\n<meta property=\"og:title\" content=\"&#039;Ch\u00facaro&#039;, de Cocofunka &#171; Reconoce MX\" \/>\n<meta property=\"og:description\" content=\"El d\u00eda de hoy toca viajar hasta Costa Rica, sitio donde nace la agrupaci\u00f3n musical Cocofunka, una de las bandas referentes y con mayor proyecci\u00f3n internacional de aquel pa\u00eds.\" \/>\n<meta property=\"og:url\" content=\"https:\/\/www.reconoce.mx\/?p=45631\" \/>\n<meta property=\"og:site_name\" content=\"Reconoce MX\" \/>\n<meta property=\"article:publisher\" content=\"https:\/\/es-la.facebook.com\/ReconoceMX\/\" \/>\n<meta property=\"article:published_time\" content=\"2016-03-24T06:03:45+00:00\" \/>\n<meta property=\"article:modified_time\" content=\"2016-03-24T07:20:18+00:00\" \/>\n<meta property=\"og:image\" content=\"https:\/\/www.reconoce.mx\/wp-content\/uploads\/2016\/03\/cocofunk-cover.png\" \/>\n\t<meta property=\"og:image:width\" content=\"590\" \/>\n\t<meta property=\"og:image:height\" content=\"380\" \/>\n\t<meta property=\"og:image:type\" content=\"image\/png\" \/>\n<meta name=\"author\" content=\"Reconoce MX\" \/>\n<meta name=\"twitter:card\" content=\"summary_large_image\" \/>\n<meta name=\"twitter:creator\" content=\"@reconocemx\" \/>\n<meta name=\"twitter:site\" content=\"@reconocemx\" \/>\n<meta name=\"twitter:label1\" content=\"Escrito por\" \/>\n\t<meta name=\"twitter:data1\" content=\"Reconoce MX\" \/>\n\t<meta name=\"twitter:label2\" content=\"Tiempo de lectura\" \/>\n\t<meta name=\"twitter:data2\" content=\"2 minutos\" \/>\n<script type=\"application\/ld+json\" class=\"yoast-schema-graph\">{\"@context\":\"https:\/\/schema.org\",\"@graph\":[{\"@type\":\"Article\",\"@id\":\"https:\/\/www.reconoce.mx\/?p=45631#article\",\"isPartOf\":{\"@id\":\"https:\/\/www.reconoce.mx\/?p=45631\"},\"author\":{\"name\":\"Reconoce MX\",\"@id\":\"http:\/\/www.reconoce.mx\/#\/schema\/person\/2117e997d7051dc15d6880eaf9bca0b2\"},\"headline\":\"&#8216;Ch\u00facaro&#8217;, de Cocofunka\",\"datePublished\":\"2016-03-24T06:03:45+00:00\",\"dateModified\":\"2016-03-24T07:20:18+00:00\",\"mainEntityOfPage\":{\"@id\":\"https:\/\/www.reconoce.mx\/?p=45631\"},\"wordCount\":335,\"commentCount\":0,\"publisher\":{\"@id\":\"http:\/\/www.reconoce.mx\/#organization\"},\"image\":{\"@id\":\"https:\/\/www.reconoce.mx\/?p=45631#primaryimage\"},\"thumbnailUrl\":\"http:\/\/www.reconoce.mx\/wp-content\/uploads\/2016\/03\/cocofunk-cover.png\",\"articleSection\":[\"Cultura\",\"Jueves indie\",\"M\u00fasica\",\"Principal\"],\"inLanguage\":\"es\",\"potentialAction\":[{\"@type\":\"CommentAction\",\"name\":\"Comment\",\"target\":[\"https:\/\/www.reconoce.mx\/?p=45631#respond\"]}]},{\"@type\":\"WebPage\",\"@id\":\"https:\/\/www.reconoce.mx\/?p=45631\",\"url\":\"https:\/\/www.reconoce.mx\/?p=45631\",\"name\":\"'Ch\u00facaro', de Cocofunka &#171; Reconoce MX\",\"isPartOf\":{\"@id\":\"http:\/\/www.reconoce.mx\/#website\"},\"primaryImageOfPage\":{\"@id\":\"https:\/\/www.reconoce.mx\/?p=45631#primaryimage\"},\"image\":{\"@id\":\"https:\/\/www.reconoce.mx\/?p=45631#primaryimage\"},\"thumbnailUrl\":\"http:\/\/www.reconoce.mx\/wp-content\/uploads\/2016\/03\/cocofunk-cover.png\",\"datePublished\":\"2016-03-24T06:03:45+00:00\",\"dateModified\":\"2016-03-24T07:20:18+00:00\",\"breadcrumb\":{\"@id\":\"https:\/\/www.reconoce.mx\/?p=45631#breadcrumb\"},\"inLanguage\":\"es\",\"potentialAction\":[{\"@type\":\"ReadAction\",\"target\":[\"https:\/\/www.reconoce.mx\/?p=45631\"]}]},{\"@type\":\"ImageObject\",\"inLanguage\":\"es\",\"@id\":\"https:\/\/www.reconoce.mx\/?p=45631#primaryimage\",\"url\":\"http:\/\/www.reconoce.mx\/wp-content\/uploads\/2016\/03\/cocofunk-cover.png\",\"contentUrl\":\"http:\/\/www.reconoce.mx\/wp-content\/uploads\/2016\/03\/cocofunk-cover.png\",\"width\":590,\"height\":380},{\"@type\":\"BreadcrumbList\",\"@id\":\"https:\/\/www.reconoce.mx\/?p=45631#breadcrumb\",\"itemListElement\":[{\"@type\":\"ListItem\",\"position\":1,\"name\":\"Portada\",\"item\":\"http:\/\/www.reconoce.mx\/\"},{\"@type\":\"ListItem\",\"position\":2,\"name\":\"&#8216;Ch\u00facaro&#8217;, de Cocofunka\"}]},{\"@type\":\"WebSite\",\"@id\":\"http:\/\/www.reconoce.mx\/#website\",\"url\":\"http:\/\/www.reconoce.mx\/\",\"name\":\"Reconoce MX\",\"description\":\"En Reconoce MX difundimos arte, cultura y conciencia social en M\u00e9xico. Tu ciudad en otra perspectiva.\",\"publisher\":{\"@id\":\"http:\/\/www.reconoce.mx\/#organization\"},\"potentialAction\":[{\"@type\":\"SearchAction\",\"target\":{\"@type\":\"EntryPoint\",\"urlTemplate\":\"http:\/\/www.reconoce.mx\/?s={search_term_string}\"},\"query-input\":{\"@type\":\"PropertyValueSpecification\",\"valueRequired\":true,\"valueName\":\"search_term_string\"}}],\"inLanguage\":\"es\"},{\"@type\":\"Organization\",\"@id\":\"http:\/\/www.reconoce.mx\/#organization\",\"name\":\"Reconoce MX\",\"url\":\"http:\/\/www.reconoce.mx\/\",\"logo\":{\"@type\":\"ImageObject\",\"inLanguage\":\"es\",\"@id\":\"http:\/\/www.reconoce.mx\/#\/schema\/logo\/image\/\",\"url\":\"https:\/\/www.reconoce.mx\/wp-content\/uploads\/2019\/03\/logorcmx-good-1.png\",\"contentUrl\":\"https:\/\/www.reconoce.mx\/wp-content\/uploads\/2019\/03\/logorcmx-good-1.png\",\"width\":280,\"height\":90,\"caption\":\"Reconoce MX\"},\"image\":{\"@id\":\"http:\/\/www.reconoce.mx\/#\/schema\/logo\/image\/\"},\"sameAs\":[\"https:\/\/es-la.facebook.com\/ReconoceMX\/\",\"https:\/\/x.com\/reconocemx\",\"http:\/\/@reconocemx\"]},{\"@type\":\"Person\",\"@id\":\"http:\/\/www.reconoce.mx\/#\/schema\/person\/2117e997d7051dc15d6880eaf9bca0b2\",\"name\":\"Reconoce MX\",\"image\":{\"@type\":\"ImageObject\",\"inLanguage\":\"es\",\"@id\":\"http:\/\/www.reconoce.mx\/#\/schema\/person\/image\/\",\"url\":\"https:\/\/secure.gravatar.com\/avatar\/6c8d4dc7569ca1c90c5fdcc349f839d5ddef6fe1e70b4337ead2ef1a4c43fc3a?s=96&d=identicon&r=g\",\"contentUrl\":\"https:\/\/secure.gravatar.com\/avatar\/6c8d4dc7569ca1c90c5fdcc349f839d5ddef6fe1e70b4337ead2ef1a4c43fc3a?s=96&d=identicon&r=g\",\"caption\":\"Reconoce MX\"},\"description\":\"Reconoce MX es un proyecto de difusi\u00f3n art\u00edstica, cultural y de conciencia social que est\u00e1 enfocado a difundir y fomentar el entretenimiento alternativo de calidad para todo el p\u00fablico que comparta el mismo entusiasmo.\",\"sameAs\":[\"http:\/\/www.reconoce.mx\"],\"url\":\"http:\/\/www.reconoce.mx\/?author=2\"}]}<\/script>\n<!-- \/ Yoast SEO plugin. -->","yoast_head_json":{"title":"'Ch\u00facaro', de Cocofunka &#171; Reconoce MX","robots":{"index":"index","follow":"follow","max-snippet":"max-snippet:-1","max-image-preview":"max-image-preview:large","max-video-preview":"max-video-preview:-1"},"canonical":"https:\/\/www.reconoce.mx\/?p=45631","og_locale":"es_ES","og_type":"article","og_title":"'Ch\u00facaro', de Cocofunka &#171; Reconoce MX","og_description":"El d\u00eda de hoy toca viajar hasta Costa Rica, sitio donde nace la agrupaci\u00f3n musical Cocofunka, una de las bandas referentes y con mayor proyecci\u00f3n internacional de aquel pa\u00eds.","og_url":"https:\/\/www.reconoce.mx\/?p=45631","og_site_name":"Reconoce MX","article_publisher":"https:\/\/es-la.facebook.com\/ReconoceMX\/","article_published_time":"2016-03-24T06:03:45+00:00","article_modified_time":"2016-03-24T07:20:18+00:00","og_image":[{"width":590,"height":380,"url":"https:\/\/www.reconoce.mx\/wp-content\/uploads\/2016\/03\/cocofunk-cover.png","type":"image\/png"}],"author":"Reconoce MX","twitter_card":"summary_large_image","twitter_creator":"@reconocemx","twitter_site":"@reconocemx","twitter_misc":{"Escrito por":"Reconoce MX","Tiempo de lectura":"2 minutos"},"schema":{"@context":"https:\/\/schema.org","@graph":[{"@type":"Article","@id":"https:\/\/www.reconoce.mx\/?p=45631#article","isPartOf":{"@id":"https:\/\/www.reconoce.mx\/?p=45631"},"author":{"name":"Reconoce MX","@id":"http:\/\/www.reconoce.mx\/#\/schema\/person\/2117e997d7051dc15d6880eaf9bca0b2"},"headline":"&#8216;Ch\u00facaro&#8217;, de Cocofunka","datePublished":"2016-03-24T06:03:45+00:00","dateModified":"2016-03-24T07:20:18+00:00","mainEntityOfPage":{"@id":"https:\/\/www.reconoce.mx\/?p=45631"},"wordCount":335,"commentCount":0,"publisher":{"@id":"http:\/\/www.reconoce.mx\/#organization"},"image":{"@id":"https:\/\/www.reconoce.mx\/?p=45631#primaryimage"},"thumbnailUrl":"http:\/\/www.reconoce.mx\/wp-content\/uploads\/2016\/03\/cocofunk-cover.png","articleSection":["Cultura","Jueves indie","M\u00fasica","Principal"],"inLanguage":"es","potentialAction":[{"@type":"CommentAction","name":"Comment","target":["https:\/\/www.reconoce.mx\/?p=45631#respond"]}]},{"@type":"WebPage","@id":"https:\/\/www.reconoce.mx\/?p=45631","url":"https:\/\/www.reconoce.mx\/?p=45631","name":"'Ch\u00facaro', de Cocofunka &#171; Reconoce MX","isPartOf":{"@id":"http:\/\/www.reconoce.mx\/#website"},"primaryImageOfPage":{"@id":"https:\/\/www.reconoce.mx\/?p=45631#primaryimage"},"image":{"@id":"https:\/\/www.reconoce.mx\/?p=45631#primaryimage"},"thumbnailUrl":"http:\/\/www.reconoce.mx\/wp-content\/uploads\/2016\/03\/cocofunk-cover.png","datePublished":"2016-03-24T06:03:45+00:00","dateModified":"2016-03-24T07:20:18+00:00","breadcrumb":{"@id":"https:\/\/www.reconoce.mx\/?p=45631#breadcrumb"},"inLanguage":"es","potentialAction":[{"@type":"ReadAction","target":["https:\/\/www.reconoce.mx\/?p=45631"]}]},{"@type":"ImageObject","inLanguage":"es","@id":"https:\/\/www.reconoce.mx\/?p=45631#primaryimage","url":"http:\/\/www.reconoce.mx\/wp-content\/uploads\/2016\/03\/cocofunk-cover.png","contentUrl":"http:\/\/www.reconoce.mx\/wp-content\/uploads\/2016\/03\/cocofunk-cover.png","width":590,"height":380},{"@type":"BreadcrumbList","@id":"https:\/\/www.reconoce.mx\/?p=45631#breadcrumb","itemListElement":[{"@type":"ListItem","position":1,"name":"Portada","item":"http:\/\/www.reconoce.mx\/"},{"@type":"ListItem","position":2,"name":"&#8216;Ch\u00facaro&#8217;, de Cocofunka"}]},{"@type":"WebSite","@id":"http:\/\/www.reconoce.mx\/#website","url":"http:\/\/www.reconoce.mx\/","name":"Reconoce MX","description":"En Reconoce MX difundimos arte, cultura y conciencia social en M\u00e9xico. Tu ciudad en otra perspectiva.","publisher":{"@id":"http:\/\/www.reconoce.mx\/#organization"},"potentialAction":[{"@type":"SearchAction","target":{"@type":"EntryPoint","urlTemplate":"http:\/\/www.reconoce.mx\/?s={search_term_string}"},"query-input":{"@type":"PropertyValueSpecification","valueRequired":true,"valueName":"search_term_string"}}],"inLanguage":"es"},{"@type":"Organization","@id":"http:\/\/www.reconoce.mx\/#organization","name":"Reconoce MX","url":"http:\/\/www.reconoce.mx\/","logo":{"@type":"ImageObject","inLanguage":"es","@id":"http:\/\/www.reconoce.mx\/#\/schema\/logo\/image\/","url":"https:\/\/www.reconoce.mx\/wp-content\/uploads\/2019\/03\/logorcmx-good-1.png","contentUrl":"https:\/\/www.reconoce.mx\/wp-content\/uploads\/2019\/03\/logorcmx-good-1.png","width":280,"height":90,"caption":"Reconoce MX"},"image":{"@id":"http:\/\/www.reconoce.mx\/#\/schema\/logo\/image\/"},"sameAs":["https:\/\/es-la.facebook.com\/ReconoceMX\/","https:\/\/x.com\/reconocemx","http:\/\/@reconocemx"]},{"@type":"Person","@id":"http:\/\/www.reconoce.mx\/#\/schema\/person\/2117e997d7051dc15d6880eaf9bca0b2","name":"Reconoce MX","image":{"@type":"ImageObject","inLanguage":"es","@id":"http:\/\/www.reconoce.mx\/#\/schema\/person\/image\/","url":"https:\/\/secure.gravatar.com\/avatar\/6c8d4dc7569ca1c90c5fdcc349f839d5ddef6fe1e70b4337ead2ef1a4c43fc3a?s=96&d=identicon&r=g","contentUrl":"https:\/\/secure.gravatar.com\/avatar\/6c8d4dc7569ca1c90c5fdcc349f839d5ddef6fe1e70b4337ead2ef1a4c43fc3a?s=96&d=identicon&r=g","caption":"Reconoce MX"},"description":"Reconoce MX es un proyecto de difusi\u00f3n art\u00edstica, cultural y de conciencia social que est\u00e1 enfocado a difundir y fomentar el entretenimiento alternativo de calidad para todo el p\u00fablico que comparta el mismo entusiasmo.","sameAs":["http:\/\/www.reconoce.mx"],"url":"http:\/\/www.reconoce.mx\/?author=2"}]}},"_links":{"self":[{"href":"http:\/\/www.reconoce.mx\/index.php?rest_route=\/wp\/v2\/posts\/45631","targetHints":{"allow":["GET"]}}],"collection":[{"href":"http:\/\/www.reconoce.mx\/index.php?rest_route=\/wp\/v2\/posts"}],"about":[{"href":"http:\/\/www.reconoce.mx\/index.php?rest_route=\/wp\/v2\/types\/post"}],"author":[{"embeddable":true,"href":"http:\/\/www.reconoce.mx\/index.php?rest_route=\/wp\/v2\/users\/2"}],"replies":[{"embeddable":true,"href":"http:\/\/www.reconoce.mx\/index.php?rest_route=%2Fwp%2Fv2%2Fcomments&post=45631"}],"version-history":[{"count":4,"href":"http:\/\/www.reconoce.mx\/index.php?rest_route=\/wp\/v2\/posts\/45631\/revisions"}],"predecessor-version":[{"id":45636,"href":"http:\/\/www.reconoce.mx\/index.php?rest_route=\/wp\/v2\/posts\/45631\/revisions\/45636"}],"wp:featuredmedia":[{"embeddable":true,"href":"http:\/\/www.reconoce.mx\/index.php?rest_route=\/wp\/v2\/media\/45633"}],"wp:attachment":[{"href":"http:\/\/www.reconoce.mx\/index.php?rest_route=%2Fwp%2Fv2%2Fmedia&parent=45631"}],"wp:term":[{"taxonomy":"category","embeddable":true,"href":"http:\/\/www.reconoce.mx\/index.php?rest_route=%2Fwp%2Fv2%2Fcategories&post=45631"},{"taxonomy":"post_tag","embeddable":true,"href":"http:\/\/www.reconoce.mx\/index.php?rest_route=%2Fwp%2Fv2%2Ftags&post=45631"}],"curies":[{"name":"wp","href":"https:\/\/api.w.org\/{rel}","templated":true}]}}