{"id":45658,"date":"2016-03-23T00:03:11","date_gmt":"2016-03-23T06:03:11","guid":{"rendered":"http:\/\/www.reconoce.mx\/?p=45658"},"modified":"2016-03-23T11:15:02","modified_gmt":"2016-03-23T17:15:02","slug":"unsilenced-un-tributo-al-activista-atilano-roman","status":"publish","type":"post","link":"http:\/\/www.reconoce.mx\/?p=45658","title":{"rendered":"&#8216;Unsilenced&#8217;, un tributo al activista Atilano Rom\u00e1n"},"content":{"rendered":"<p><strong>Por <a title=\"@AsfaltosTweets\" href=\"http:\/\/twitter.com\/AsfaltosTweets\" target=\"_blank\">Asfaltos<\/a><\/strong>.<\/p>\n<p>La cineasta <strong>Betzab\u00e9 Garc\u00eda<\/strong>, galardonada con los premios SX:Global Audience Award de <strong>SXSW<\/strong>, el Premio del Jurado del <strong>Full Frame Documentary Festival<\/strong> y el reconocimiento a Mejor Documental en el <strong>Festival Internacional de Cine de Morelia<\/strong> por su primer pel\u00edcula \u00abLos reyes del pueblo que no existe\u00bb, presenta su m\u00e1s reciente cortometraje \u00abUnsilenced\u00bb.<\/p>\n<p><img loading=\"lazy\" decoding=\"async\" class=\"aligncenter size-full wp-image-45661\" src=\"http:\/\/www.reconoce.mx\/wp-content\/uploads\/2016\/03\/Untitled_1.28.1.jpeg\" alt=\"Untitled_1.28.1\" width=\"1280\" height=\"720\" srcset=\"http:\/\/www.reconoce.mx\/wp-content\/uploads\/2016\/03\/Untitled_1.28.1.jpeg 1280w, http:\/\/www.reconoce.mx\/wp-content\/uploads\/2016\/03\/Untitled_1.28.1-300x169.jpeg 300w, http:\/\/www.reconoce.mx\/wp-content\/uploads\/2016\/03\/Untitled_1.28.1-768x432.jpeg 768w, http:\/\/www.reconoce.mx\/wp-content\/uploads\/2016\/03\/Untitled_1.28.1-1024x576.jpeg 1024w, http:\/\/www.reconoce.mx\/wp-content\/uploads\/2016\/03\/Untitled_1.28.1-150x84.jpeg 150w, http:\/\/www.reconoce.mx\/wp-content\/uploads\/2016\/03\/Untitled_1.28.1-700x394.jpeg 700w, http:\/\/www.reconoce.mx\/wp-content\/uploads\/2016\/03\/Untitled_1.28.1-658x370.jpeg 658w\" sizes=\"auto, (max-width: 1280px) 100vw, 1280px\" \/><\/p>\n<p>\u00abUnsilenced\u00bb es un tributo personal al activista <strong>Atilano Roma\u0301n<\/strong>, luchador incansable que defendi\u0301a a su pueblo tras quedar sepultado bajo el agua, en San Marcos, un lugar ubicado en el noroeste de Me\u0301xico que hoy en di\u0301a se encuentra parcialmente inundado por la construccio\u0301n de una presa y que sigue siendo asediado por la violencia de grupos armados. La historia de los pobladores de San Marcos la cuenta Betzab\u00e9 en \u00abLos reyes del pueblo que no existe\u00bb.<\/p>\n<p>\u00abConoci\u0301 a <strong>Atilano Roma\u0301n<\/strong>, de quien trata esta peli\u0301cula, cuando teni\u0301a 19 an\u0303os. Yo estaba en su pueblo en Sinaloa para filmar mi documental &#8216;Los reyes del pueblo que no existe&#8217;, acerca de las familias que decidieron quedarse despue\u0301s de que sus hogares fueron inundados a rai\u0301z de la construccio\u0301n de la presa Picachos al noroeste de Me\u0301xico. Durante esa e\u0301poca, Atilano ofrecio\u0301 alojar a mi equipo en su casa, mientras e\u0301l fungi\u0301a como li\u0301der del movimiento de resistencia para cientos de familias que habi\u0301an sido reubicadas&#8230; a un lugar que careci\u0301a de electricidad, agua u oportunidades de empleo. Trabaje\u0301 en este proyecto durante cinco an\u0303os, y nos hicimos amigos cercanos\u00bb, comparte Betzab\u00e9.<\/p>\n<p><iframe loading=\"lazy\" id=\"nyt_video_player\" title=\"New York Times Video - Embed Player\" src=\"http:\/\/graphics8.nytimes.com\/video\/players\/offsite\/index.html?videoId=100000004284660\" width=\"590\" height=\"395\" frameborder=\"0\" marginwidth=\"0\" marginheight=\"0\" scrolling=\"no\" allowfullscreen=\"allowfullscreen\"><\/iframe><\/p>\n<p>\u00abUnsilenced\u00bb, lanzado a trav\u00e9s de la plataforma en l\u00ednea del <strong>New York Times<\/strong>, es un cortometraje sobre el asesinato de <strong>Atilano Rom\u00e1n<\/strong>. Rom\u00e1n fue asesinado mientras estaba al aire conduciendo un programa de radio dirigido a residentes desplazados de un pequen\u0303o pueblo en Me\u0301xico.<\/p>\n<p>\u00abUna man\u0303ana mientras desayuna\u0301bamos, Atilano nos dijo que preferiri\u0301a que sus hijos lo vieran en una tumba que verlo como un padre cobarde. Sus palabras en verdad me conmovieron. Me pregunte\u0301 acerca del proceso de superar el miedo de la muerte por el bien comu\u0301n. \u00bfCua\u0301ndo es que alguien decide que la vida se vuelve secundaria a una causa?\u00bb, cierra una conmovida Betzab\u00e9.<\/p>\n<p style=\"text-align: right;\">Con informaci\u00f3n e im\u00e1genes cortes\u00eda de <strong>Cinetc<\/strong>&#8230;<\/p>\n<p>&nbsp;<\/p>\n<p>&nbsp;<\/p>\n","protected":false},"excerpt":{"rendered":"<p>La cineasta Betzab\u00e9 Garc\u00eda, galardonada con el reconocimiento a Mejor Documental en el Festival Internacional de Cine de Morelia por su primer pel\u00edcula \u201cLos reyes del pueblo que no existe\u201d, presenta su m\u00e1s reciente cortometraje \u201cUnsilenced\u201d.<\/p>\n","protected":false},"author":2,"featured_media":45660,"comment_status":"open","ping_status":"open","sticky":false,"template":"","format":"standard","meta":{"footnotes":""},"categories":[24,1,17],"tags":[],"class_list":["post-45658","post","type-post","status-publish","format-standard","has-post-thumbnail","hentry","category-cine","category-cultura","category-principal"],"yoast_head":"<!-- This site is optimized with the Yoast SEO plugin v24.7 - https:\/\/yoast.com\/wordpress\/plugins\/seo\/ -->\n<title>&#039;Unsilenced&#039;, un tributo al activista Atilano Rom\u00e1n &#171; Reconoce MX<\/title>\n<meta name=\"robots\" content=\"index, follow, max-snippet:-1, max-image-preview:large, max-video-preview:-1\" \/>\n<link rel=\"canonical\" href=\"https:\/\/www.reconoce.mx\/?p=45658\" \/>\n<meta property=\"og:locale\" content=\"es_ES\" \/>\n<meta property=\"og:type\" content=\"article\" \/>\n<meta property=\"og:title\" content=\"&#039;Unsilenced&#039;, un tributo al activista Atilano Rom\u00e1n &#171; Reconoce MX\" \/>\n<meta property=\"og:description\" content=\"La cineasta Betzab\u00e9 Garc\u00eda, galardonada con el reconocimiento a Mejor Documental en el Festival Internacional de Cine de Morelia por su primer pel\u00edcula \u201cLos reyes del pueblo que no existe\u201d, presenta su m\u00e1s reciente cortometraje \u201cUnsilenced\u201d.\" \/>\n<meta property=\"og:url\" content=\"https:\/\/www.reconoce.mx\/?p=45658\" \/>\n<meta property=\"og:site_name\" content=\"Reconoce MX\" \/>\n<meta property=\"article:publisher\" content=\"https:\/\/es-la.facebook.com\/ReconoceMX\/\" \/>\n<meta property=\"article:published_time\" content=\"2016-03-23T06:03:11+00:00\" \/>\n<meta property=\"article:modified_time\" content=\"2016-03-23T17:15:02+00:00\" \/>\n<meta property=\"og:image\" content=\"https:\/\/www.reconoce.mx\/wp-content\/uploads\/2016\/03\/atilanoroman-cover.png\" \/>\n\t<meta property=\"og:image:width\" content=\"590\" \/>\n\t<meta property=\"og:image:height\" content=\"380\" \/>\n\t<meta property=\"og:image:type\" content=\"image\/png\" \/>\n<meta name=\"author\" content=\"Reconoce MX\" \/>\n<meta name=\"twitter:card\" content=\"summary_large_image\" \/>\n<meta name=\"twitter:creator\" content=\"@reconocemx\" \/>\n<meta name=\"twitter:site\" content=\"@reconocemx\" \/>\n<meta name=\"twitter:label1\" content=\"Escrito por\" \/>\n\t<meta name=\"twitter:data1\" content=\"Reconoce MX\" \/>\n\t<meta name=\"twitter:label2\" content=\"Tiempo de lectura\" \/>\n\t<meta name=\"twitter:data2\" content=\"2 minutos\" \/>\n<script type=\"application\/ld+json\" class=\"yoast-schema-graph\">{\"@context\":\"https:\/\/schema.org\",\"@graph\":[{\"@type\":\"Article\",\"@id\":\"https:\/\/www.reconoce.mx\/?p=45658#article\",\"isPartOf\":{\"@id\":\"https:\/\/www.reconoce.mx\/?p=45658\"},\"author\":{\"name\":\"Reconoce MX\",\"@id\":\"http:\/\/www.reconoce.mx\/#\/schema\/person\/2117e997d7051dc15d6880eaf9bca0b2\"},\"headline\":\"&#8216;Unsilenced&#8217;, un tributo al activista Atilano Rom\u00e1n\",\"datePublished\":\"2016-03-23T06:03:11+00:00\",\"dateModified\":\"2016-03-23T17:15:02+00:00\",\"mainEntityOfPage\":{\"@id\":\"https:\/\/www.reconoce.mx\/?p=45658\"},\"wordCount\":406,\"commentCount\":0,\"publisher\":{\"@id\":\"http:\/\/www.reconoce.mx\/#organization\"},\"image\":{\"@id\":\"https:\/\/www.reconoce.mx\/?p=45658#primaryimage\"},\"thumbnailUrl\":\"http:\/\/www.reconoce.mx\/wp-content\/uploads\/2016\/03\/atilanoroman-cover.png\",\"articleSection\":[\"Cine\",\"Cultura\",\"Principal\"],\"inLanguage\":\"es\",\"potentialAction\":[{\"@type\":\"CommentAction\",\"name\":\"Comment\",\"target\":[\"https:\/\/www.reconoce.mx\/?p=45658#respond\"]}]},{\"@type\":\"WebPage\",\"@id\":\"https:\/\/www.reconoce.mx\/?p=45658\",\"url\":\"https:\/\/www.reconoce.mx\/?p=45658\",\"name\":\"'Unsilenced', un tributo al activista Atilano Rom\u00e1n &#171; Reconoce MX\",\"isPartOf\":{\"@id\":\"http:\/\/www.reconoce.mx\/#website\"},\"primaryImageOfPage\":{\"@id\":\"https:\/\/www.reconoce.mx\/?p=45658#primaryimage\"},\"image\":{\"@id\":\"https:\/\/www.reconoce.mx\/?p=45658#primaryimage\"},\"thumbnailUrl\":\"http:\/\/www.reconoce.mx\/wp-content\/uploads\/2016\/03\/atilanoroman-cover.png\",\"datePublished\":\"2016-03-23T06:03:11+00:00\",\"dateModified\":\"2016-03-23T17:15:02+00:00\",\"breadcrumb\":{\"@id\":\"https:\/\/www.reconoce.mx\/?p=45658#breadcrumb\"},\"inLanguage\":\"es\",\"potentialAction\":[{\"@type\":\"ReadAction\",\"target\":[\"https:\/\/www.reconoce.mx\/?p=45658\"]}]},{\"@type\":\"ImageObject\",\"inLanguage\":\"es\",\"@id\":\"https:\/\/www.reconoce.mx\/?p=45658#primaryimage\",\"url\":\"http:\/\/www.reconoce.mx\/wp-content\/uploads\/2016\/03\/atilanoroman-cover.png\",\"contentUrl\":\"http:\/\/www.reconoce.mx\/wp-content\/uploads\/2016\/03\/atilanoroman-cover.png\",\"width\":590,\"height\":380},{\"@type\":\"BreadcrumbList\",\"@id\":\"https:\/\/www.reconoce.mx\/?p=45658#breadcrumb\",\"itemListElement\":[{\"@type\":\"ListItem\",\"position\":1,\"name\":\"Portada\",\"item\":\"http:\/\/www.reconoce.mx\/\"},{\"@type\":\"ListItem\",\"position\":2,\"name\":\"&#8216;Unsilenced&#8217;, un tributo al activista Atilano Rom\u00e1n\"}]},{\"@type\":\"WebSite\",\"@id\":\"http:\/\/www.reconoce.mx\/#website\",\"url\":\"http:\/\/www.reconoce.mx\/\",\"name\":\"Reconoce MX\",\"description\":\"En Reconoce MX difundimos arte, cultura y conciencia social en M\u00e9xico. Tu ciudad en otra perspectiva.\",\"publisher\":{\"@id\":\"http:\/\/www.reconoce.mx\/#organization\"},\"potentialAction\":[{\"@type\":\"SearchAction\",\"target\":{\"@type\":\"EntryPoint\",\"urlTemplate\":\"http:\/\/www.reconoce.mx\/?s={search_term_string}\"},\"query-input\":{\"@type\":\"PropertyValueSpecification\",\"valueRequired\":true,\"valueName\":\"search_term_string\"}}],\"inLanguage\":\"es\"},{\"@type\":\"Organization\",\"@id\":\"http:\/\/www.reconoce.mx\/#organization\",\"name\":\"Reconoce MX\",\"url\":\"http:\/\/www.reconoce.mx\/\",\"logo\":{\"@type\":\"ImageObject\",\"inLanguage\":\"es\",\"@id\":\"http:\/\/www.reconoce.mx\/#\/schema\/logo\/image\/\",\"url\":\"https:\/\/www.reconoce.mx\/wp-content\/uploads\/2019\/03\/logorcmx-good-1.png\",\"contentUrl\":\"https:\/\/www.reconoce.mx\/wp-content\/uploads\/2019\/03\/logorcmx-good-1.png\",\"width\":280,\"height\":90,\"caption\":\"Reconoce MX\"},\"image\":{\"@id\":\"http:\/\/www.reconoce.mx\/#\/schema\/logo\/image\/\"},\"sameAs\":[\"https:\/\/es-la.facebook.com\/ReconoceMX\/\",\"https:\/\/x.com\/reconocemx\",\"http:\/\/@reconocemx\"]},{\"@type\":\"Person\",\"@id\":\"http:\/\/www.reconoce.mx\/#\/schema\/person\/2117e997d7051dc15d6880eaf9bca0b2\",\"name\":\"Reconoce MX\",\"image\":{\"@type\":\"ImageObject\",\"inLanguage\":\"es\",\"@id\":\"http:\/\/www.reconoce.mx\/#\/schema\/person\/image\/\",\"url\":\"https:\/\/secure.gravatar.com\/avatar\/6c8d4dc7569ca1c90c5fdcc349f839d5ddef6fe1e70b4337ead2ef1a4c43fc3a?s=96&d=identicon&r=g\",\"contentUrl\":\"https:\/\/secure.gravatar.com\/avatar\/6c8d4dc7569ca1c90c5fdcc349f839d5ddef6fe1e70b4337ead2ef1a4c43fc3a?s=96&d=identicon&r=g\",\"caption\":\"Reconoce MX\"},\"description\":\"Reconoce MX es un proyecto de difusi\u00f3n art\u00edstica, cultural y de conciencia social que est\u00e1 enfocado a difundir y fomentar el entretenimiento alternativo de calidad para todo el p\u00fablico que comparta el mismo entusiasmo.\",\"sameAs\":[\"http:\/\/www.reconoce.mx\"],\"url\":\"http:\/\/www.reconoce.mx\/?author=2\"}]}<\/script>\n<!-- \/ Yoast SEO plugin. -->","yoast_head_json":{"title":"'Unsilenced', un tributo al activista Atilano Rom\u00e1n &#171; Reconoce MX","robots":{"index":"index","follow":"follow","max-snippet":"max-snippet:-1","max-image-preview":"max-image-preview:large","max-video-preview":"max-video-preview:-1"},"canonical":"https:\/\/www.reconoce.mx\/?p=45658","og_locale":"es_ES","og_type":"article","og_title":"'Unsilenced', un tributo al activista Atilano Rom\u00e1n &#171; Reconoce MX","og_description":"La cineasta Betzab\u00e9 Garc\u00eda, galardonada con el reconocimiento a Mejor Documental en el Festival Internacional de Cine de Morelia por su primer pel\u00edcula \u201cLos reyes del pueblo que no existe\u201d, presenta su m\u00e1s reciente cortometraje \u201cUnsilenced\u201d.","og_url":"https:\/\/www.reconoce.mx\/?p=45658","og_site_name":"Reconoce MX","article_publisher":"https:\/\/es-la.facebook.com\/ReconoceMX\/","article_published_time":"2016-03-23T06:03:11+00:00","article_modified_time":"2016-03-23T17:15:02+00:00","og_image":[{"width":590,"height":380,"url":"https:\/\/www.reconoce.mx\/wp-content\/uploads\/2016\/03\/atilanoroman-cover.png","type":"image\/png"}],"author":"Reconoce MX","twitter_card":"summary_large_image","twitter_creator":"@reconocemx","twitter_site":"@reconocemx","twitter_misc":{"Escrito por":"Reconoce MX","Tiempo de lectura":"2 minutos"},"schema":{"@context":"https:\/\/schema.org","@graph":[{"@type":"Article","@id":"https:\/\/www.reconoce.mx\/?p=45658#article","isPartOf":{"@id":"https:\/\/www.reconoce.mx\/?p=45658"},"author":{"name":"Reconoce MX","@id":"http:\/\/www.reconoce.mx\/#\/schema\/person\/2117e997d7051dc15d6880eaf9bca0b2"},"headline":"&#8216;Unsilenced&#8217;, un tributo al activista Atilano Rom\u00e1n","datePublished":"2016-03-23T06:03:11+00:00","dateModified":"2016-03-23T17:15:02+00:00","mainEntityOfPage":{"@id":"https:\/\/www.reconoce.mx\/?p=45658"},"wordCount":406,"commentCount":0,"publisher":{"@id":"http:\/\/www.reconoce.mx\/#organization"},"image":{"@id":"https:\/\/www.reconoce.mx\/?p=45658#primaryimage"},"thumbnailUrl":"http:\/\/www.reconoce.mx\/wp-content\/uploads\/2016\/03\/atilanoroman-cover.png","articleSection":["Cine","Cultura","Principal"],"inLanguage":"es","potentialAction":[{"@type":"CommentAction","name":"Comment","target":["https:\/\/www.reconoce.mx\/?p=45658#respond"]}]},{"@type":"WebPage","@id":"https:\/\/www.reconoce.mx\/?p=45658","url":"https:\/\/www.reconoce.mx\/?p=45658","name":"'Unsilenced', un tributo al activista Atilano Rom\u00e1n &#171; Reconoce MX","isPartOf":{"@id":"http:\/\/www.reconoce.mx\/#website"},"primaryImageOfPage":{"@id":"https:\/\/www.reconoce.mx\/?p=45658#primaryimage"},"image":{"@id":"https:\/\/www.reconoce.mx\/?p=45658#primaryimage"},"thumbnailUrl":"http:\/\/www.reconoce.mx\/wp-content\/uploads\/2016\/03\/atilanoroman-cover.png","datePublished":"2016-03-23T06:03:11+00:00","dateModified":"2016-03-23T17:15:02+00:00","breadcrumb":{"@id":"https:\/\/www.reconoce.mx\/?p=45658#breadcrumb"},"inLanguage":"es","potentialAction":[{"@type":"ReadAction","target":["https:\/\/www.reconoce.mx\/?p=45658"]}]},{"@type":"ImageObject","inLanguage":"es","@id":"https:\/\/www.reconoce.mx\/?p=45658#primaryimage","url":"http:\/\/www.reconoce.mx\/wp-content\/uploads\/2016\/03\/atilanoroman-cover.png","contentUrl":"http:\/\/www.reconoce.mx\/wp-content\/uploads\/2016\/03\/atilanoroman-cover.png","width":590,"height":380},{"@type":"BreadcrumbList","@id":"https:\/\/www.reconoce.mx\/?p=45658#breadcrumb","itemListElement":[{"@type":"ListItem","position":1,"name":"Portada","item":"http:\/\/www.reconoce.mx\/"},{"@type":"ListItem","position":2,"name":"&#8216;Unsilenced&#8217;, un tributo al activista Atilano Rom\u00e1n"}]},{"@type":"WebSite","@id":"http:\/\/www.reconoce.mx\/#website","url":"http:\/\/www.reconoce.mx\/","name":"Reconoce MX","description":"En Reconoce MX difundimos arte, cultura y conciencia social en M\u00e9xico. Tu ciudad en otra perspectiva.","publisher":{"@id":"http:\/\/www.reconoce.mx\/#organization"},"potentialAction":[{"@type":"SearchAction","target":{"@type":"EntryPoint","urlTemplate":"http:\/\/www.reconoce.mx\/?s={search_term_string}"},"query-input":{"@type":"PropertyValueSpecification","valueRequired":true,"valueName":"search_term_string"}}],"inLanguage":"es"},{"@type":"Organization","@id":"http:\/\/www.reconoce.mx\/#organization","name":"Reconoce MX","url":"http:\/\/www.reconoce.mx\/","logo":{"@type":"ImageObject","inLanguage":"es","@id":"http:\/\/www.reconoce.mx\/#\/schema\/logo\/image\/","url":"https:\/\/www.reconoce.mx\/wp-content\/uploads\/2019\/03\/logorcmx-good-1.png","contentUrl":"https:\/\/www.reconoce.mx\/wp-content\/uploads\/2019\/03\/logorcmx-good-1.png","width":280,"height":90,"caption":"Reconoce MX"},"image":{"@id":"http:\/\/www.reconoce.mx\/#\/schema\/logo\/image\/"},"sameAs":["https:\/\/es-la.facebook.com\/ReconoceMX\/","https:\/\/x.com\/reconocemx","http:\/\/@reconocemx"]},{"@type":"Person","@id":"http:\/\/www.reconoce.mx\/#\/schema\/person\/2117e997d7051dc15d6880eaf9bca0b2","name":"Reconoce MX","image":{"@type":"ImageObject","inLanguage":"es","@id":"http:\/\/www.reconoce.mx\/#\/schema\/person\/image\/","url":"https:\/\/secure.gravatar.com\/avatar\/6c8d4dc7569ca1c90c5fdcc349f839d5ddef6fe1e70b4337ead2ef1a4c43fc3a?s=96&d=identicon&r=g","contentUrl":"https:\/\/secure.gravatar.com\/avatar\/6c8d4dc7569ca1c90c5fdcc349f839d5ddef6fe1e70b4337ead2ef1a4c43fc3a?s=96&d=identicon&r=g","caption":"Reconoce MX"},"description":"Reconoce MX es un proyecto de difusi\u00f3n art\u00edstica, cultural y de conciencia social que est\u00e1 enfocado a difundir y fomentar el entretenimiento alternativo de calidad para todo el p\u00fablico que comparta el mismo entusiasmo.","sameAs":["http:\/\/www.reconoce.mx"],"url":"http:\/\/www.reconoce.mx\/?author=2"}]}},"_links":{"self":[{"href":"http:\/\/www.reconoce.mx\/index.php?rest_route=\/wp\/v2\/posts\/45658","targetHints":{"allow":["GET"]}}],"collection":[{"href":"http:\/\/www.reconoce.mx\/index.php?rest_route=\/wp\/v2\/posts"}],"about":[{"href":"http:\/\/www.reconoce.mx\/index.php?rest_route=\/wp\/v2\/types\/post"}],"author":[{"embeddable":true,"href":"http:\/\/www.reconoce.mx\/index.php?rest_route=\/wp\/v2\/users\/2"}],"replies":[{"embeddable":true,"href":"http:\/\/www.reconoce.mx\/index.php?rest_route=%2Fwp%2Fv2%2Fcomments&post=45658"}],"version-history":[{"count":3,"href":"http:\/\/www.reconoce.mx\/index.php?rest_route=\/wp\/v2\/posts\/45658\/revisions"}],"predecessor-version":[{"id":45664,"href":"http:\/\/www.reconoce.mx\/index.php?rest_route=\/wp\/v2\/posts\/45658\/revisions\/45664"}],"wp:featuredmedia":[{"embeddable":true,"href":"http:\/\/www.reconoce.mx\/index.php?rest_route=\/wp\/v2\/media\/45660"}],"wp:attachment":[{"href":"http:\/\/www.reconoce.mx\/index.php?rest_route=%2Fwp%2Fv2%2Fmedia&parent=45658"}],"wp:term":[{"taxonomy":"category","embeddable":true,"href":"http:\/\/www.reconoce.mx\/index.php?rest_route=%2Fwp%2Fv2%2Fcategories&post=45658"},{"taxonomy":"post_tag","embeddable":true,"href":"http:\/\/www.reconoce.mx\/index.php?rest_route=%2Fwp%2Fv2%2Ftags&post=45658"}],"curies":[{"name":"wp","href":"https:\/\/api.w.org\/{rel}","templated":true}]}}