{"id":45665,"date":"2016-03-23T00:02:04","date_gmt":"2016-03-23T06:02:04","guid":{"rendered":"http:\/\/www.reconoce.mx\/?p=45665"},"modified":"2016-03-23T12:27:03","modified_gmt":"2016-03-23T18:27:03","slug":"fotografia-de-jumbo","status":"publish","type":"post","link":"http:\/\/www.reconoce.mx\/?p=45665","title":{"rendered":"&#8216;Fotograf\u00eda&#8217;, de Jumbo"},"content":{"rendered":"<p><a href=\"http:\/\/www.reconoce.mx\/category\/cultura\/musica\/miercoles-nostalgico\/\"><img loading=\"lazy\" decoding=\"async\" class=\"aligncenter size-full wp-image-38360\" src=\"http:\/\/www.reconoce.mx\/wp-content\/uploads\/2015\/06\/Miercoles.png\" alt=\"Martes\" width=\"550\" height=\"70\" \/><\/a><strong><br \/>\nPor <a title=\"@AsfaltosTweets\" href=\"http:\/\/twitter.com\/AsfaltosTweets\" target=\"_blank\">Asfaltos<\/a><\/strong>.<\/p>\n<p>Ya hace un ratote de aquel \u00e1lbum debut que lanz\u00f3 a la fama a una banda regiomontana llamada <strong>Jumbo<\/strong>; un \u00e1lbum, que adem\u00e1s de ser su obra m\u00e1s importante, result\u00f3 en uno de los discos m\u00e1s relevantes de aquella escena musical mexicana. Hoy el \u00abRestaurant\u00bb sigue guardando un sitio especial en los listados de lo mejor del rock mexicano; y en el coraz\u00f3n de quienes nos dejamos conquistar por su sonido.<\/p>\n<p><iframe loading=\"lazy\" src=\"https:\/\/www.youtube.com\/embed\/J--BWJ6z7iA\" width=\"590\" height=\"332\" frameborder=\"0\" allowfullscreen=\"allowfullscreen\"><\/iframe><\/p>\n<p>Quiz\u00e1, invadido por la nostalgia y la melancol\u00eda, no encontr\u00e9 mejor canci\u00f3n que compartirles hoy que \u00abFotograf\u00eda\u00bb, de <strong>Jumbo<\/strong>; quiz\u00e1, una de mis canciones favoritas, si no es que la m\u00e1s favorita. A \u00abFotograf\u00eda\u00bb, y en realidad a <strong>Jumbo<\/strong>, llegu\u00e9 dos a\u00f1os despu\u00e9s de su primer producci\u00f3n, a finales de 2001, hace 15 a\u00f1os. Fue, a ra\u00edz de clases de bater\u00eda que tomaba en aquellos a\u00f1os, que di con el \u00abRestaurant\u00bb para nunca separarme de \u00e9l.<\/p>\n<p>Integrado en aquellos a\u00f1os por <strong>Clemente Castillo<\/strong> (voz y guitarra), <strong>Charly Castro<\/strong> (bajo), <strong>\u201cFlip\u201d Tamez<\/strong> (guitarra) y los hermanos <strong>Eddie<\/strong> (teclados) y <strong>Enrique Gonz\u00e1lez<\/strong> (bater\u00eda), \u00abRestaurant\u00bb es una colecci\u00f3n de \u00e9xitos entre los que destacan \u00abMonotransistor\u00bb, \u00abAqu\u00ed\u00bb, \u00abSiento que\u00bb, \u00abSuperactriz\u00bb, \u00abDilata\u00bb, \u00abDesde que nac\u00ed\u00bb, \u00abAlienados para siempre\u00bb y la propia \u00abFotograf\u00eda\u00bb.<\/p>\n<p>\u00abFotograf\u00eda\u00bb, es por dem\u00e1s, una canci\u00f3n donde la emotividad se desborda. Su letra, una de las grandes virtudes en general del propio \u00abRestaurant\u00bb, cala en lo m\u00e1s profundo de quien la escucha. La remembranza de todas aquellas personas que conocimos alguna vez, y que permanecen intactas como fotograf\u00edas, es fuerte e intensa. La primera vez que la escuch\u00e9 fue en uno de tantos <strong>Vive Latino<\/strong> a los que he ido. Separado en ese momento de mis amigos, quienes hab\u00edan decidido ver a los tambi\u00e9n regios de <strong>Panda<\/strong>, me adentr\u00e9 en una experiencia largamente anhelada. \u00abFotograf\u00eda\u00bb en vivo son\u00f3 tan tremenda como cada vez que la escucho, sin importar el estado de \u00e1nimo.<\/p>\n<p>Para este <a href=\"http:\/\/www.reconoce.mx\/category\/cultura\/musica\/miercoles-nostalgico\/\">Mi\u00e9rcoles nost\u00e1lgico<\/a> les dejo con la versi\u00f3n act\u00fastica de \u00abFotograf\u00eda\u00bb que los chicos de <strong>Concierto Cable<\/strong> grabaron hace ya algunos a\u00f1os. Tremenda, imperdible.<\/p>\n<p>&nbsp;<\/p>\n<p>&nbsp;<\/p>\n","protected":false},"excerpt":{"rendered":"<p>Ya hace un ratote de aquel \u00e1lbum debut que lanz\u00f3 a la fama a una banda regiomontana llamada Jumbo; un \u00e1lbum, que adem\u00e1s de ser su obra m\u00e1s importante, result\u00f3 en uno de los discos m\u00e1s relevantes de aquella escena musical mexicana.<\/p>\n","protected":false},"author":2,"featured_media":45668,"comment_status":"open","ping_status":"open","sticky":false,"template":"","format":"standard","meta":{"footnotes":""},"categories":[1,2580,18,17],"tags":[],"class_list":["post-45665","post","type-post","status-publish","format-standard","has-post-thumbnail","hentry","category-cultura","category-miercoles-nostalgico","category-musica","category-principal"],"yoast_head":"<!-- This site is optimized with the Yoast SEO plugin v24.7 - https:\/\/yoast.com\/wordpress\/plugins\/seo\/ -->\n<title>&#039;Fotograf\u00eda&#039;, de Jumbo &#171; Reconoce MX<\/title>\n<meta name=\"robots\" content=\"index, follow, max-snippet:-1, max-image-preview:large, max-video-preview:-1\" \/>\n<link rel=\"canonical\" href=\"https:\/\/www.reconoce.mx\/?p=45665\" \/>\n<meta property=\"og:locale\" content=\"es_ES\" \/>\n<meta property=\"og:type\" content=\"article\" \/>\n<meta property=\"og:title\" content=\"&#039;Fotograf\u00eda&#039;, de Jumbo &#171; Reconoce MX\" \/>\n<meta property=\"og:description\" content=\"Ya hace un ratote de aquel \u00e1lbum debut que lanz\u00f3 a la fama a una banda regiomontana llamada Jumbo; un \u00e1lbum, que adem\u00e1s de ser su obra m\u00e1s importante, result\u00f3 en uno de los discos m\u00e1s relevantes de aquella escena musical mexicana.\" \/>\n<meta property=\"og:url\" content=\"https:\/\/www.reconoce.mx\/?p=45665\" \/>\n<meta property=\"og:site_name\" content=\"Reconoce MX\" \/>\n<meta property=\"article:publisher\" content=\"https:\/\/es-la.facebook.com\/ReconoceMX\/\" \/>\n<meta property=\"article:published_time\" content=\"2016-03-23T06:02:04+00:00\" \/>\n<meta property=\"article:modified_time\" content=\"2016-03-23T18:27:03+00:00\" \/>\n<meta property=\"og:image\" content=\"https:\/\/www.reconoce.mx\/wp-content\/uploads\/2016\/03\/jumborestaurant.png\" \/>\n\t<meta property=\"og:image:width\" content=\"590\" \/>\n\t<meta property=\"og:image:height\" content=\"380\" \/>\n\t<meta property=\"og:image:type\" content=\"image\/png\" \/>\n<meta name=\"author\" content=\"Reconoce MX\" \/>\n<meta name=\"twitter:card\" content=\"summary_large_image\" \/>\n<meta name=\"twitter:creator\" content=\"@reconocemx\" \/>\n<meta name=\"twitter:site\" content=\"@reconocemx\" \/>\n<meta name=\"twitter:label1\" content=\"Escrito por\" \/>\n\t<meta name=\"twitter:data1\" content=\"Reconoce MX\" \/>\n\t<meta name=\"twitter:label2\" content=\"Tiempo de lectura\" \/>\n\t<meta name=\"twitter:data2\" content=\"2 minutos\" \/>\n<script type=\"application\/ld+json\" class=\"yoast-schema-graph\">{\"@context\":\"https:\/\/schema.org\",\"@graph\":[{\"@type\":\"Article\",\"@id\":\"https:\/\/www.reconoce.mx\/?p=45665#article\",\"isPartOf\":{\"@id\":\"https:\/\/www.reconoce.mx\/?p=45665\"},\"author\":{\"name\":\"Reconoce MX\",\"@id\":\"http:\/\/www.reconoce.mx\/#\/schema\/person\/2117e997d7051dc15d6880eaf9bca0b2\"},\"headline\":\"&#8216;Fotograf\u00eda&#8217;, de Jumbo\",\"datePublished\":\"2016-03-23T06:02:04+00:00\",\"dateModified\":\"2016-03-23T18:27:03+00:00\",\"mainEntityOfPage\":{\"@id\":\"https:\/\/www.reconoce.mx\/?p=45665\"},\"wordCount\":376,\"commentCount\":0,\"publisher\":{\"@id\":\"http:\/\/www.reconoce.mx\/#organization\"},\"image\":{\"@id\":\"https:\/\/www.reconoce.mx\/?p=45665#primaryimage\"},\"thumbnailUrl\":\"http:\/\/www.reconoce.mx\/wp-content\/uploads\/2016\/03\/jumborestaurant.png\",\"articleSection\":[\"Cultura\",\"Mi\u00e9rcoles nost\u00e1lgico\",\"M\u00fasica\",\"Principal\"],\"inLanguage\":\"es\",\"potentialAction\":[{\"@type\":\"CommentAction\",\"name\":\"Comment\",\"target\":[\"https:\/\/www.reconoce.mx\/?p=45665#respond\"]}]},{\"@type\":\"WebPage\",\"@id\":\"https:\/\/www.reconoce.mx\/?p=45665\",\"url\":\"https:\/\/www.reconoce.mx\/?p=45665\",\"name\":\"'Fotograf\u00eda', de Jumbo &#171; Reconoce MX\",\"isPartOf\":{\"@id\":\"http:\/\/www.reconoce.mx\/#website\"},\"primaryImageOfPage\":{\"@id\":\"https:\/\/www.reconoce.mx\/?p=45665#primaryimage\"},\"image\":{\"@id\":\"https:\/\/www.reconoce.mx\/?p=45665#primaryimage\"},\"thumbnailUrl\":\"http:\/\/www.reconoce.mx\/wp-content\/uploads\/2016\/03\/jumborestaurant.png\",\"datePublished\":\"2016-03-23T06:02:04+00:00\",\"dateModified\":\"2016-03-23T18:27:03+00:00\",\"breadcrumb\":{\"@id\":\"https:\/\/www.reconoce.mx\/?p=45665#breadcrumb\"},\"inLanguage\":\"es\",\"potentialAction\":[{\"@type\":\"ReadAction\",\"target\":[\"https:\/\/www.reconoce.mx\/?p=45665\"]}]},{\"@type\":\"ImageObject\",\"inLanguage\":\"es\",\"@id\":\"https:\/\/www.reconoce.mx\/?p=45665#primaryimage\",\"url\":\"http:\/\/www.reconoce.mx\/wp-content\/uploads\/2016\/03\/jumborestaurant.png\",\"contentUrl\":\"http:\/\/www.reconoce.mx\/wp-content\/uploads\/2016\/03\/jumborestaurant.png\",\"width\":590,\"height\":380},{\"@type\":\"BreadcrumbList\",\"@id\":\"https:\/\/www.reconoce.mx\/?p=45665#breadcrumb\",\"itemListElement\":[{\"@type\":\"ListItem\",\"position\":1,\"name\":\"Portada\",\"item\":\"http:\/\/www.reconoce.mx\/\"},{\"@type\":\"ListItem\",\"position\":2,\"name\":\"&#8216;Fotograf\u00eda&#8217;, de Jumbo\"}]},{\"@type\":\"WebSite\",\"@id\":\"http:\/\/www.reconoce.mx\/#website\",\"url\":\"http:\/\/www.reconoce.mx\/\",\"name\":\"Reconoce MX\",\"description\":\"En Reconoce MX difundimos arte, cultura y conciencia social en M\u00e9xico. Tu ciudad en otra perspectiva.\",\"publisher\":{\"@id\":\"http:\/\/www.reconoce.mx\/#organization\"},\"potentialAction\":[{\"@type\":\"SearchAction\",\"target\":{\"@type\":\"EntryPoint\",\"urlTemplate\":\"http:\/\/www.reconoce.mx\/?s={search_term_string}\"},\"query-input\":{\"@type\":\"PropertyValueSpecification\",\"valueRequired\":true,\"valueName\":\"search_term_string\"}}],\"inLanguage\":\"es\"},{\"@type\":\"Organization\",\"@id\":\"http:\/\/www.reconoce.mx\/#organization\",\"name\":\"Reconoce MX\",\"url\":\"http:\/\/www.reconoce.mx\/\",\"logo\":{\"@type\":\"ImageObject\",\"inLanguage\":\"es\",\"@id\":\"http:\/\/www.reconoce.mx\/#\/schema\/logo\/image\/\",\"url\":\"https:\/\/www.reconoce.mx\/wp-content\/uploads\/2019\/03\/logorcmx-good-1.png\",\"contentUrl\":\"https:\/\/www.reconoce.mx\/wp-content\/uploads\/2019\/03\/logorcmx-good-1.png\",\"width\":280,\"height\":90,\"caption\":\"Reconoce MX\"},\"image\":{\"@id\":\"http:\/\/www.reconoce.mx\/#\/schema\/logo\/image\/\"},\"sameAs\":[\"https:\/\/es-la.facebook.com\/ReconoceMX\/\",\"https:\/\/x.com\/reconocemx\",\"http:\/\/@reconocemx\"]},{\"@type\":\"Person\",\"@id\":\"http:\/\/www.reconoce.mx\/#\/schema\/person\/2117e997d7051dc15d6880eaf9bca0b2\",\"name\":\"Reconoce MX\",\"image\":{\"@type\":\"ImageObject\",\"inLanguage\":\"es\",\"@id\":\"http:\/\/www.reconoce.mx\/#\/schema\/person\/image\/\",\"url\":\"https:\/\/secure.gravatar.com\/avatar\/6c8d4dc7569ca1c90c5fdcc349f839d5ddef6fe1e70b4337ead2ef1a4c43fc3a?s=96&d=identicon&r=g\",\"contentUrl\":\"https:\/\/secure.gravatar.com\/avatar\/6c8d4dc7569ca1c90c5fdcc349f839d5ddef6fe1e70b4337ead2ef1a4c43fc3a?s=96&d=identicon&r=g\",\"caption\":\"Reconoce MX\"},\"description\":\"Reconoce MX es un proyecto de difusi\u00f3n art\u00edstica, cultural y de conciencia social que est\u00e1 enfocado a difundir y fomentar el entretenimiento alternativo de calidad para todo el p\u00fablico que comparta el mismo entusiasmo.\",\"sameAs\":[\"http:\/\/www.reconoce.mx\"],\"url\":\"http:\/\/www.reconoce.mx\/?author=2\"}]}<\/script>\n<!-- \/ Yoast SEO plugin. -->","yoast_head_json":{"title":"'Fotograf\u00eda', de Jumbo &#171; Reconoce MX","robots":{"index":"index","follow":"follow","max-snippet":"max-snippet:-1","max-image-preview":"max-image-preview:large","max-video-preview":"max-video-preview:-1"},"canonical":"https:\/\/www.reconoce.mx\/?p=45665","og_locale":"es_ES","og_type":"article","og_title":"'Fotograf\u00eda', de Jumbo &#171; Reconoce MX","og_description":"Ya hace un ratote de aquel \u00e1lbum debut que lanz\u00f3 a la fama a una banda regiomontana llamada Jumbo; un \u00e1lbum, que adem\u00e1s de ser su obra m\u00e1s importante, result\u00f3 en uno de los discos m\u00e1s relevantes de aquella escena musical mexicana.","og_url":"https:\/\/www.reconoce.mx\/?p=45665","og_site_name":"Reconoce MX","article_publisher":"https:\/\/es-la.facebook.com\/ReconoceMX\/","article_published_time":"2016-03-23T06:02:04+00:00","article_modified_time":"2016-03-23T18:27:03+00:00","og_image":[{"width":590,"height":380,"url":"https:\/\/www.reconoce.mx\/wp-content\/uploads\/2016\/03\/jumborestaurant.png","type":"image\/png"}],"author":"Reconoce MX","twitter_card":"summary_large_image","twitter_creator":"@reconocemx","twitter_site":"@reconocemx","twitter_misc":{"Escrito por":"Reconoce MX","Tiempo de lectura":"2 minutos"},"schema":{"@context":"https:\/\/schema.org","@graph":[{"@type":"Article","@id":"https:\/\/www.reconoce.mx\/?p=45665#article","isPartOf":{"@id":"https:\/\/www.reconoce.mx\/?p=45665"},"author":{"name":"Reconoce MX","@id":"http:\/\/www.reconoce.mx\/#\/schema\/person\/2117e997d7051dc15d6880eaf9bca0b2"},"headline":"&#8216;Fotograf\u00eda&#8217;, de Jumbo","datePublished":"2016-03-23T06:02:04+00:00","dateModified":"2016-03-23T18:27:03+00:00","mainEntityOfPage":{"@id":"https:\/\/www.reconoce.mx\/?p=45665"},"wordCount":376,"commentCount":0,"publisher":{"@id":"http:\/\/www.reconoce.mx\/#organization"},"image":{"@id":"https:\/\/www.reconoce.mx\/?p=45665#primaryimage"},"thumbnailUrl":"http:\/\/www.reconoce.mx\/wp-content\/uploads\/2016\/03\/jumborestaurant.png","articleSection":["Cultura","Mi\u00e9rcoles nost\u00e1lgico","M\u00fasica","Principal"],"inLanguage":"es","potentialAction":[{"@type":"CommentAction","name":"Comment","target":["https:\/\/www.reconoce.mx\/?p=45665#respond"]}]},{"@type":"WebPage","@id":"https:\/\/www.reconoce.mx\/?p=45665","url":"https:\/\/www.reconoce.mx\/?p=45665","name":"'Fotograf\u00eda', de Jumbo &#171; Reconoce MX","isPartOf":{"@id":"http:\/\/www.reconoce.mx\/#website"},"primaryImageOfPage":{"@id":"https:\/\/www.reconoce.mx\/?p=45665#primaryimage"},"image":{"@id":"https:\/\/www.reconoce.mx\/?p=45665#primaryimage"},"thumbnailUrl":"http:\/\/www.reconoce.mx\/wp-content\/uploads\/2016\/03\/jumborestaurant.png","datePublished":"2016-03-23T06:02:04+00:00","dateModified":"2016-03-23T18:27:03+00:00","breadcrumb":{"@id":"https:\/\/www.reconoce.mx\/?p=45665#breadcrumb"},"inLanguage":"es","potentialAction":[{"@type":"ReadAction","target":["https:\/\/www.reconoce.mx\/?p=45665"]}]},{"@type":"ImageObject","inLanguage":"es","@id":"https:\/\/www.reconoce.mx\/?p=45665#primaryimage","url":"http:\/\/www.reconoce.mx\/wp-content\/uploads\/2016\/03\/jumborestaurant.png","contentUrl":"http:\/\/www.reconoce.mx\/wp-content\/uploads\/2016\/03\/jumborestaurant.png","width":590,"height":380},{"@type":"BreadcrumbList","@id":"https:\/\/www.reconoce.mx\/?p=45665#breadcrumb","itemListElement":[{"@type":"ListItem","position":1,"name":"Portada","item":"http:\/\/www.reconoce.mx\/"},{"@type":"ListItem","position":2,"name":"&#8216;Fotograf\u00eda&#8217;, de Jumbo"}]},{"@type":"WebSite","@id":"http:\/\/www.reconoce.mx\/#website","url":"http:\/\/www.reconoce.mx\/","name":"Reconoce MX","description":"En Reconoce MX difundimos arte, cultura y conciencia social en M\u00e9xico. Tu ciudad en otra perspectiva.","publisher":{"@id":"http:\/\/www.reconoce.mx\/#organization"},"potentialAction":[{"@type":"SearchAction","target":{"@type":"EntryPoint","urlTemplate":"http:\/\/www.reconoce.mx\/?s={search_term_string}"},"query-input":{"@type":"PropertyValueSpecification","valueRequired":true,"valueName":"search_term_string"}}],"inLanguage":"es"},{"@type":"Organization","@id":"http:\/\/www.reconoce.mx\/#organization","name":"Reconoce MX","url":"http:\/\/www.reconoce.mx\/","logo":{"@type":"ImageObject","inLanguage":"es","@id":"http:\/\/www.reconoce.mx\/#\/schema\/logo\/image\/","url":"https:\/\/www.reconoce.mx\/wp-content\/uploads\/2019\/03\/logorcmx-good-1.png","contentUrl":"https:\/\/www.reconoce.mx\/wp-content\/uploads\/2019\/03\/logorcmx-good-1.png","width":280,"height":90,"caption":"Reconoce MX"},"image":{"@id":"http:\/\/www.reconoce.mx\/#\/schema\/logo\/image\/"},"sameAs":["https:\/\/es-la.facebook.com\/ReconoceMX\/","https:\/\/x.com\/reconocemx","http:\/\/@reconocemx"]},{"@type":"Person","@id":"http:\/\/www.reconoce.mx\/#\/schema\/person\/2117e997d7051dc15d6880eaf9bca0b2","name":"Reconoce MX","image":{"@type":"ImageObject","inLanguage":"es","@id":"http:\/\/www.reconoce.mx\/#\/schema\/person\/image\/","url":"https:\/\/secure.gravatar.com\/avatar\/6c8d4dc7569ca1c90c5fdcc349f839d5ddef6fe1e70b4337ead2ef1a4c43fc3a?s=96&d=identicon&r=g","contentUrl":"https:\/\/secure.gravatar.com\/avatar\/6c8d4dc7569ca1c90c5fdcc349f839d5ddef6fe1e70b4337ead2ef1a4c43fc3a?s=96&d=identicon&r=g","caption":"Reconoce MX"},"description":"Reconoce MX es un proyecto de difusi\u00f3n art\u00edstica, cultural y de conciencia social que est\u00e1 enfocado a difundir y fomentar el entretenimiento alternativo de calidad para todo el p\u00fablico que comparta el mismo entusiasmo.","sameAs":["http:\/\/www.reconoce.mx"],"url":"http:\/\/www.reconoce.mx\/?author=2"}]}},"_links":{"self":[{"href":"http:\/\/www.reconoce.mx\/index.php?rest_route=\/wp\/v2\/posts\/45665","targetHints":{"allow":["GET"]}}],"collection":[{"href":"http:\/\/www.reconoce.mx\/index.php?rest_route=\/wp\/v2\/posts"}],"about":[{"href":"http:\/\/www.reconoce.mx\/index.php?rest_route=\/wp\/v2\/types\/post"}],"author":[{"embeddable":true,"href":"http:\/\/www.reconoce.mx\/index.php?rest_route=\/wp\/v2\/users\/2"}],"replies":[{"embeddable":true,"href":"http:\/\/www.reconoce.mx\/index.php?rest_route=%2Fwp%2Fv2%2Fcomments&post=45665"}],"version-history":[{"count":4,"href":"http:\/\/www.reconoce.mx\/index.php?rest_route=\/wp\/v2\/posts\/45665\/revisions"}],"predecessor-version":[{"id":45670,"href":"http:\/\/www.reconoce.mx\/index.php?rest_route=\/wp\/v2\/posts\/45665\/revisions\/45670"}],"wp:featuredmedia":[{"embeddable":true,"href":"http:\/\/www.reconoce.mx\/index.php?rest_route=\/wp\/v2\/media\/45668"}],"wp:attachment":[{"href":"http:\/\/www.reconoce.mx\/index.php?rest_route=%2Fwp%2Fv2%2Fmedia&parent=45665"}],"wp:term":[{"taxonomy":"category","embeddable":true,"href":"http:\/\/www.reconoce.mx\/index.php?rest_route=%2Fwp%2Fv2%2Fcategories&post=45665"},{"taxonomy":"post_tag","embeddable":true,"href":"http:\/\/www.reconoce.mx\/index.php?rest_route=%2Fwp%2Fv2%2Ftags&post=45665"}],"curies":[{"name":"wp","href":"https:\/\/api.w.org\/{rel}","templated":true}]}}