{"id":45748,"date":"2016-03-28T00:02:06","date_gmt":"2016-03-28T06:02:06","guid":{"rendered":"http:\/\/www.reconoce.mx\/?p=45748"},"modified":"2016-03-28T02:40:08","modified_gmt":"2016-03-28T08:40:08","slug":"giff-anuncia-inicio-del-15-concurso-nacional-de-guion","status":"publish","type":"post","link":"http:\/\/www.reconoce.mx\/?p=45748","title":{"rendered":"GIFF anuncia inicio del 15\u00b0 Concurso Nacional de Gui\u00f3n"},"content":{"rendered":"<p><strong>Por <a title=\"@AsfaltosTweets\" href=\"http:\/\/twitter.com\/AsfaltosTweets\" target=\"_blank\">Asfaltos<\/a><\/strong>.<\/p>\n<p>Seguimos deshojando los d\u00edas para la edici\u00f3n 2016 del <strong>Festival internacional de Cine de Guanajuato<\/strong> (<strong>GIFF<\/strong>), y lo hacemos con m\u00e1s noticias al respecto; en este caso la apertura de la convocatoria para el <strong>15\u00b0 Concurso Nacional de Gui\u00f3n Cinematogr\u00e1fico para Largometraje y Cortometraje<\/strong>. El concurso de gui\u00f3n m\u00e1s importante y de mayor convocatoria en M\u00e9xico, recibe ya trabajos y lo seguir\u00e1 haciendo hasta el 16 de mayo del a\u00f1o en curso.<\/p>\n<p>El <strong>Concurso Nacional de Gui\u00f3n Cinematogr\u00e1fico<\/strong> est\u00e1 abierto para los formatos de largometraje y cortometraje; y es convocado por el <strong>Gobierno del Estado de Guanajuato<\/strong>, la <strong>Fundaci\u00f3n Expresi\u00f3n en Corto<\/strong>, la <strong>Asociaci\u00f3n de Directores y Realizadores<\/strong>, y el <strong>Instituto Mexicano de Cinematogr\u00e1fica<\/strong>.<\/p>\n<p>Laa convocatoria, dirigida a los autores mexicanos, recibir\u00e1 guiones in\u00e9ditos con tem\u00e1tica es libre. Cada escritor puede enviar m\u00e1s de un gui\u00f3n al certamen.<\/p>\n<p>\u00abEs un orgullo anunciar una vez m\u00e1s este concurso que es esperado por muchos guionistas cada a\u00f1o para dar a conocer sus historias y comenzar as\u00ed el largo camino hacia la realizaci\u00f3n cinematogr\u00e1fica. El <strong>Concurso Nacional de Gui\u00f3n<\/strong> es de gran tradici\u00f3n y el de mayor trascendencia en nuestro pa\u00eds\u00bb, coment\u00f3 al respecto <strong>Sarah Hoch<\/strong>, directora del <strong>GIFF<\/strong>, al invitar a los escritores a la inscripci\u00f3n de su gui\u00f3n.<\/p>\n<p>Los finalistas del concurso no s\u00f3lo se har\u00e1n acreedores a un premio en efectivo, sino que adem\u00e1s los cinco mejores guiones recibir\u00e1n asesor\u00edas en el programa<strong> Incubadora GIFF<\/strong>, donde profesionales de la industria del cine asesorar\u00e1n sus proyectos.<\/p>\n<p>Asimismo, los cinco finalistas del concurso participan en <strong>The Black List<\/strong>, plataforma reconocida al nivel mundial donde los guiones se dan a conocer en una lista que es consultada por productores en busca de proyectos. La relaci\u00f3n <strong>The Black List &#8211; GIFF<\/strong> es exclusiva del festival a nivel Latinoam\u00e9rica.<\/p>\n<p>Adem\u00e1s, los guiones presentados en el concurso son susceptibles de participar en el <strong>Internacional Pitching Market<\/strong>; y tambi\u00e9n ser\u00e1n seleccionados para las residencias art\u00edsticas e intercambios que el <strong>GIFF<\/strong> mantiene con diversas instituciones y festivales en el mundo como <strong>Rotterdam Lab<\/strong> y <strong>MedienBoard Berlin-Brandenburg<\/strong>.<\/p>\n<p>Para revisar la <strong>Convocatoria del Concurso Nacional de Gui\u00f3n Cinematogr\u00e1fico<\/strong>, te recomendamos darle <a href=\"http:\/\/www.giff.mx\/?page_id=7616\" target=\"_blank\">click aqu\u00ed<\/a>.<\/p>\n<p>La d\u00e9cimo novena edici\u00f3n del <strong>Festival Internacional de Cine Guanajuato<\/strong> se realizar\u00e1 del 22 al 31 de julio, y contar\u00e1 con la presencia de Jap\u00f3n como pa\u00eds invitado de honor.<\/p>\n<p style=\"text-align: right;\">Con informaci\u00f3n e im\u00e1genes cortes\u00eda del<strong> Festival Internacional de Cine Guanajuato<\/strong>.<\/p>\n<p>&nbsp;<\/p>\n<p>&nbsp;<\/p>\n","protected":false},"excerpt":{"rendered":"<p>Seguimos deshojando los d\u00edas para la edici\u00f3n 2016 del Festival internacional de Cine de Guanajuato (GIFF), y lo hacemos con m\u00e1s noticias al respecto.<\/p>\n","protected":false},"author":2,"featured_media":45749,"comment_status":"open","ping_status":"open","sticky":false,"template":"","format":"standard","meta":{"footnotes":""},"categories":[24,1,17],"tags":[],"class_list":["post-45748","post","type-post","status-publish","format-standard","has-post-thumbnail","hentry","category-cine","category-cultura","category-principal"],"yoast_head":"<!-- This site is optimized with the Yoast SEO plugin v24.7 - https:\/\/yoast.com\/wordpress\/plugins\/seo\/ -->\n<title>GIFF anuncia inicio del 15\u00b0 Concurso Nacional de Gui\u00f3n &#171; Reconoce MX<\/title>\n<meta name=\"robots\" content=\"index, follow, max-snippet:-1, max-image-preview:large, max-video-preview:-1\" \/>\n<link rel=\"canonical\" href=\"https:\/\/www.reconoce.mx\/?p=45748\" \/>\n<meta property=\"og:locale\" content=\"es_ES\" \/>\n<meta property=\"og:type\" content=\"article\" \/>\n<meta property=\"og:title\" content=\"GIFF anuncia inicio del 15\u00b0 Concurso Nacional de Gui\u00f3n &#171; Reconoce MX\" \/>\n<meta property=\"og:description\" content=\"Seguimos deshojando los d\u00edas para la edici\u00f3n 2016 del Festival internacional de Cine de Guanajuato (GIFF), y lo hacemos con m\u00e1s noticias al respecto.\" \/>\n<meta property=\"og:url\" content=\"https:\/\/www.reconoce.mx\/?p=45748\" \/>\n<meta property=\"og:site_name\" content=\"Reconoce MX\" \/>\n<meta property=\"article:publisher\" content=\"https:\/\/es-la.facebook.com\/ReconoceMX\/\" \/>\n<meta property=\"article:published_time\" content=\"2016-03-28T06:02:06+00:00\" \/>\n<meta property=\"article:modified_time\" content=\"2016-03-28T08:40:08+00:00\" \/>\n<meta property=\"og:image\" content=\"https:\/\/www.reconoce.mx\/wp-content\/uploads\/2016\/03\/concursoguiongiff2016.png\" \/>\n\t<meta property=\"og:image:width\" content=\"590\" \/>\n\t<meta property=\"og:image:height\" content=\"380\" \/>\n\t<meta property=\"og:image:type\" content=\"image\/png\" \/>\n<meta name=\"author\" content=\"Reconoce MX\" \/>\n<meta name=\"twitter:card\" content=\"summary_large_image\" \/>\n<meta name=\"twitter:creator\" content=\"@reconocemx\" \/>\n<meta name=\"twitter:site\" content=\"@reconocemx\" \/>\n<meta name=\"twitter:label1\" content=\"Escrito por\" \/>\n\t<meta name=\"twitter:data1\" content=\"Reconoce MX\" \/>\n\t<meta name=\"twitter:label2\" content=\"Tiempo de lectura\" \/>\n\t<meta name=\"twitter:data2\" content=\"2 minutos\" \/>\n<script type=\"application\/ld+json\" class=\"yoast-schema-graph\">{\"@context\":\"https:\/\/schema.org\",\"@graph\":[{\"@type\":\"Article\",\"@id\":\"https:\/\/www.reconoce.mx\/?p=45748#article\",\"isPartOf\":{\"@id\":\"https:\/\/www.reconoce.mx\/?p=45748\"},\"author\":{\"name\":\"Reconoce MX\",\"@id\":\"http:\/\/www.reconoce.mx\/#\/schema\/person\/2117e997d7051dc15d6880eaf9bca0b2\"},\"headline\":\"GIFF anuncia inicio del 15\u00b0 Concurso Nacional de Gui\u00f3n\",\"datePublished\":\"2016-03-28T06:02:06+00:00\",\"dateModified\":\"2016-03-28T08:40:08+00:00\",\"mainEntityOfPage\":{\"@id\":\"https:\/\/www.reconoce.mx\/?p=45748\"},\"wordCount\":451,\"commentCount\":0,\"publisher\":{\"@id\":\"http:\/\/www.reconoce.mx\/#organization\"},\"image\":{\"@id\":\"https:\/\/www.reconoce.mx\/?p=45748#primaryimage\"},\"thumbnailUrl\":\"http:\/\/www.reconoce.mx\/wp-content\/uploads\/2016\/03\/concursoguiongiff2016.png\",\"articleSection\":[\"Cine\",\"Cultura\",\"Principal\"],\"inLanguage\":\"es\",\"potentialAction\":[{\"@type\":\"CommentAction\",\"name\":\"Comment\",\"target\":[\"https:\/\/www.reconoce.mx\/?p=45748#respond\"]}]},{\"@type\":\"WebPage\",\"@id\":\"https:\/\/www.reconoce.mx\/?p=45748\",\"url\":\"https:\/\/www.reconoce.mx\/?p=45748\",\"name\":\"GIFF anuncia inicio del 15\u00b0 Concurso Nacional de Gui\u00f3n &#171; Reconoce MX\",\"isPartOf\":{\"@id\":\"http:\/\/www.reconoce.mx\/#website\"},\"primaryImageOfPage\":{\"@id\":\"https:\/\/www.reconoce.mx\/?p=45748#primaryimage\"},\"image\":{\"@id\":\"https:\/\/www.reconoce.mx\/?p=45748#primaryimage\"},\"thumbnailUrl\":\"http:\/\/www.reconoce.mx\/wp-content\/uploads\/2016\/03\/concursoguiongiff2016.png\",\"datePublished\":\"2016-03-28T06:02:06+00:00\",\"dateModified\":\"2016-03-28T08:40:08+00:00\",\"breadcrumb\":{\"@id\":\"https:\/\/www.reconoce.mx\/?p=45748#breadcrumb\"},\"inLanguage\":\"es\",\"potentialAction\":[{\"@type\":\"ReadAction\",\"target\":[\"https:\/\/www.reconoce.mx\/?p=45748\"]}]},{\"@type\":\"ImageObject\",\"inLanguage\":\"es\",\"@id\":\"https:\/\/www.reconoce.mx\/?p=45748#primaryimage\",\"url\":\"http:\/\/www.reconoce.mx\/wp-content\/uploads\/2016\/03\/concursoguiongiff2016.png\",\"contentUrl\":\"http:\/\/www.reconoce.mx\/wp-content\/uploads\/2016\/03\/concursoguiongiff2016.png\",\"width\":590,\"height\":380},{\"@type\":\"BreadcrumbList\",\"@id\":\"https:\/\/www.reconoce.mx\/?p=45748#breadcrumb\",\"itemListElement\":[{\"@type\":\"ListItem\",\"position\":1,\"name\":\"Portada\",\"item\":\"http:\/\/www.reconoce.mx\/\"},{\"@type\":\"ListItem\",\"position\":2,\"name\":\"GIFF anuncia inicio del 15\u00b0 Concurso Nacional de Gui\u00f3n\"}]},{\"@type\":\"WebSite\",\"@id\":\"http:\/\/www.reconoce.mx\/#website\",\"url\":\"http:\/\/www.reconoce.mx\/\",\"name\":\"Reconoce MX\",\"description\":\"En Reconoce MX difundimos arte, cultura y conciencia social en M\u00e9xico. Tu ciudad en otra perspectiva.\",\"publisher\":{\"@id\":\"http:\/\/www.reconoce.mx\/#organization\"},\"potentialAction\":[{\"@type\":\"SearchAction\",\"target\":{\"@type\":\"EntryPoint\",\"urlTemplate\":\"http:\/\/www.reconoce.mx\/?s={search_term_string}\"},\"query-input\":{\"@type\":\"PropertyValueSpecification\",\"valueRequired\":true,\"valueName\":\"search_term_string\"}}],\"inLanguage\":\"es\"},{\"@type\":\"Organization\",\"@id\":\"http:\/\/www.reconoce.mx\/#organization\",\"name\":\"Reconoce MX\",\"url\":\"http:\/\/www.reconoce.mx\/\",\"logo\":{\"@type\":\"ImageObject\",\"inLanguage\":\"es\",\"@id\":\"http:\/\/www.reconoce.mx\/#\/schema\/logo\/image\/\",\"url\":\"https:\/\/www.reconoce.mx\/wp-content\/uploads\/2019\/03\/logorcmx-good-1.png\",\"contentUrl\":\"https:\/\/www.reconoce.mx\/wp-content\/uploads\/2019\/03\/logorcmx-good-1.png\",\"width\":280,\"height\":90,\"caption\":\"Reconoce MX\"},\"image\":{\"@id\":\"http:\/\/www.reconoce.mx\/#\/schema\/logo\/image\/\"},\"sameAs\":[\"https:\/\/es-la.facebook.com\/ReconoceMX\/\",\"https:\/\/x.com\/reconocemx\",\"http:\/\/@reconocemx\"]},{\"@type\":\"Person\",\"@id\":\"http:\/\/www.reconoce.mx\/#\/schema\/person\/2117e997d7051dc15d6880eaf9bca0b2\",\"name\":\"Reconoce MX\",\"image\":{\"@type\":\"ImageObject\",\"inLanguage\":\"es\",\"@id\":\"http:\/\/www.reconoce.mx\/#\/schema\/person\/image\/\",\"url\":\"https:\/\/secure.gravatar.com\/avatar\/6c8d4dc7569ca1c90c5fdcc349f839d5ddef6fe1e70b4337ead2ef1a4c43fc3a?s=96&d=identicon&r=g\",\"contentUrl\":\"https:\/\/secure.gravatar.com\/avatar\/6c8d4dc7569ca1c90c5fdcc349f839d5ddef6fe1e70b4337ead2ef1a4c43fc3a?s=96&d=identicon&r=g\",\"caption\":\"Reconoce MX\"},\"description\":\"Reconoce MX es un proyecto de difusi\u00f3n art\u00edstica, cultural y de conciencia social que est\u00e1 enfocado a difundir y fomentar el entretenimiento alternativo de calidad para todo el p\u00fablico que comparta el mismo entusiasmo.\",\"sameAs\":[\"http:\/\/www.reconoce.mx\"],\"url\":\"http:\/\/www.reconoce.mx\/?author=2\"}]}<\/script>\n<!-- \/ Yoast SEO plugin. -->","yoast_head_json":{"title":"GIFF anuncia inicio del 15\u00b0 Concurso Nacional de Gui\u00f3n &#171; Reconoce MX","robots":{"index":"index","follow":"follow","max-snippet":"max-snippet:-1","max-image-preview":"max-image-preview:large","max-video-preview":"max-video-preview:-1"},"canonical":"https:\/\/www.reconoce.mx\/?p=45748","og_locale":"es_ES","og_type":"article","og_title":"GIFF anuncia inicio del 15\u00b0 Concurso Nacional de Gui\u00f3n &#171; Reconoce MX","og_description":"Seguimos deshojando los d\u00edas para la edici\u00f3n 2016 del Festival internacional de Cine de Guanajuato (GIFF), y lo hacemos con m\u00e1s noticias al respecto.","og_url":"https:\/\/www.reconoce.mx\/?p=45748","og_site_name":"Reconoce MX","article_publisher":"https:\/\/es-la.facebook.com\/ReconoceMX\/","article_published_time":"2016-03-28T06:02:06+00:00","article_modified_time":"2016-03-28T08:40:08+00:00","og_image":[{"width":590,"height":380,"url":"https:\/\/www.reconoce.mx\/wp-content\/uploads\/2016\/03\/concursoguiongiff2016.png","type":"image\/png"}],"author":"Reconoce MX","twitter_card":"summary_large_image","twitter_creator":"@reconocemx","twitter_site":"@reconocemx","twitter_misc":{"Escrito por":"Reconoce MX","Tiempo de lectura":"2 minutos"},"schema":{"@context":"https:\/\/schema.org","@graph":[{"@type":"Article","@id":"https:\/\/www.reconoce.mx\/?p=45748#article","isPartOf":{"@id":"https:\/\/www.reconoce.mx\/?p=45748"},"author":{"name":"Reconoce MX","@id":"http:\/\/www.reconoce.mx\/#\/schema\/person\/2117e997d7051dc15d6880eaf9bca0b2"},"headline":"GIFF anuncia inicio del 15\u00b0 Concurso Nacional de Gui\u00f3n","datePublished":"2016-03-28T06:02:06+00:00","dateModified":"2016-03-28T08:40:08+00:00","mainEntityOfPage":{"@id":"https:\/\/www.reconoce.mx\/?p=45748"},"wordCount":451,"commentCount":0,"publisher":{"@id":"http:\/\/www.reconoce.mx\/#organization"},"image":{"@id":"https:\/\/www.reconoce.mx\/?p=45748#primaryimage"},"thumbnailUrl":"http:\/\/www.reconoce.mx\/wp-content\/uploads\/2016\/03\/concursoguiongiff2016.png","articleSection":["Cine","Cultura","Principal"],"inLanguage":"es","potentialAction":[{"@type":"CommentAction","name":"Comment","target":["https:\/\/www.reconoce.mx\/?p=45748#respond"]}]},{"@type":"WebPage","@id":"https:\/\/www.reconoce.mx\/?p=45748","url":"https:\/\/www.reconoce.mx\/?p=45748","name":"GIFF anuncia inicio del 15\u00b0 Concurso Nacional de Gui\u00f3n &#171; Reconoce MX","isPartOf":{"@id":"http:\/\/www.reconoce.mx\/#website"},"primaryImageOfPage":{"@id":"https:\/\/www.reconoce.mx\/?p=45748#primaryimage"},"image":{"@id":"https:\/\/www.reconoce.mx\/?p=45748#primaryimage"},"thumbnailUrl":"http:\/\/www.reconoce.mx\/wp-content\/uploads\/2016\/03\/concursoguiongiff2016.png","datePublished":"2016-03-28T06:02:06+00:00","dateModified":"2016-03-28T08:40:08+00:00","breadcrumb":{"@id":"https:\/\/www.reconoce.mx\/?p=45748#breadcrumb"},"inLanguage":"es","potentialAction":[{"@type":"ReadAction","target":["https:\/\/www.reconoce.mx\/?p=45748"]}]},{"@type":"ImageObject","inLanguage":"es","@id":"https:\/\/www.reconoce.mx\/?p=45748#primaryimage","url":"http:\/\/www.reconoce.mx\/wp-content\/uploads\/2016\/03\/concursoguiongiff2016.png","contentUrl":"http:\/\/www.reconoce.mx\/wp-content\/uploads\/2016\/03\/concursoguiongiff2016.png","width":590,"height":380},{"@type":"BreadcrumbList","@id":"https:\/\/www.reconoce.mx\/?p=45748#breadcrumb","itemListElement":[{"@type":"ListItem","position":1,"name":"Portada","item":"http:\/\/www.reconoce.mx\/"},{"@type":"ListItem","position":2,"name":"GIFF anuncia inicio del 15\u00b0 Concurso Nacional de Gui\u00f3n"}]},{"@type":"WebSite","@id":"http:\/\/www.reconoce.mx\/#website","url":"http:\/\/www.reconoce.mx\/","name":"Reconoce MX","description":"En Reconoce MX difundimos arte, cultura y conciencia social en M\u00e9xico. Tu ciudad en otra perspectiva.","publisher":{"@id":"http:\/\/www.reconoce.mx\/#organization"},"potentialAction":[{"@type":"SearchAction","target":{"@type":"EntryPoint","urlTemplate":"http:\/\/www.reconoce.mx\/?s={search_term_string}"},"query-input":{"@type":"PropertyValueSpecification","valueRequired":true,"valueName":"search_term_string"}}],"inLanguage":"es"},{"@type":"Organization","@id":"http:\/\/www.reconoce.mx\/#organization","name":"Reconoce MX","url":"http:\/\/www.reconoce.mx\/","logo":{"@type":"ImageObject","inLanguage":"es","@id":"http:\/\/www.reconoce.mx\/#\/schema\/logo\/image\/","url":"https:\/\/www.reconoce.mx\/wp-content\/uploads\/2019\/03\/logorcmx-good-1.png","contentUrl":"https:\/\/www.reconoce.mx\/wp-content\/uploads\/2019\/03\/logorcmx-good-1.png","width":280,"height":90,"caption":"Reconoce MX"},"image":{"@id":"http:\/\/www.reconoce.mx\/#\/schema\/logo\/image\/"},"sameAs":["https:\/\/es-la.facebook.com\/ReconoceMX\/","https:\/\/x.com\/reconocemx","http:\/\/@reconocemx"]},{"@type":"Person","@id":"http:\/\/www.reconoce.mx\/#\/schema\/person\/2117e997d7051dc15d6880eaf9bca0b2","name":"Reconoce MX","image":{"@type":"ImageObject","inLanguage":"es","@id":"http:\/\/www.reconoce.mx\/#\/schema\/person\/image\/","url":"https:\/\/secure.gravatar.com\/avatar\/6c8d4dc7569ca1c90c5fdcc349f839d5ddef6fe1e70b4337ead2ef1a4c43fc3a?s=96&d=identicon&r=g","contentUrl":"https:\/\/secure.gravatar.com\/avatar\/6c8d4dc7569ca1c90c5fdcc349f839d5ddef6fe1e70b4337ead2ef1a4c43fc3a?s=96&d=identicon&r=g","caption":"Reconoce MX"},"description":"Reconoce MX es un proyecto de difusi\u00f3n art\u00edstica, cultural y de conciencia social que est\u00e1 enfocado a difundir y fomentar el entretenimiento alternativo de calidad para todo el p\u00fablico que comparta el mismo entusiasmo.","sameAs":["http:\/\/www.reconoce.mx"],"url":"http:\/\/www.reconoce.mx\/?author=2"}]}},"_links":{"self":[{"href":"http:\/\/www.reconoce.mx\/index.php?rest_route=\/wp\/v2\/posts\/45748","targetHints":{"allow":["GET"]}}],"collection":[{"href":"http:\/\/www.reconoce.mx\/index.php?rest_route=\/wp\/v2\/posts"}],"about":[{"href":"http:\/\/www.reconoce.mx\/index.php?rest_route=\/wp\/v2\/types\/post"}],"author":[{"embeddable":true,"href":"http:\/\/www.reconoce.mx\/index.php?rest_route=\/wp\/v2\/users\/2"}],"replies":[{"embeddable":true,"href":"http:\/\/www.reconoce.mx\/index.php?rest_route=%2Fwp%2Fv2%2Fcomments&post=45748"}],"version-history":[{"count":5,"href":"http:\/\/www.reconoce.mx\/index.php?rest_route=\/wp\/v2\/posts\/45748\/revisions"}],"predecessor-version":[{"id":45886,"href":"http:\/\/www.reconoce.mx\/index.php?rest_route=\/wp\/v2\/posts\/45748\/revisions\/45886"}],"wp:featuredmedia":[{"embeddable":true,"href":"http:\/\/www.reconoce.mx\/index.php?rest_route=\/wp\/v2\/media\/45749"}],"wp:attachment":[{"href":"http:\/\/www.reconoce.mx\/index.php?rest_route=%2Fwp%2Fv2%2Fmedia&parent=45748"}],"wp:term":[{"taxonomy":"category","embeddable":true,"href":"http:\/\/www.reconoce.mx\/index.php?rest_route=%2Fwp%2Fv2%2Fcategories&post=45748"},{"taxonomy":"post_tag","embeddable":true,"href":"http:\/\/www.reconoce.mx\/index.php?rest_route=%2Fwp%2Fv2%2Ftags&post=45748"}],"curies":[{"name":"wp","href":"https:\/\/api.w.org\/{rel}","templated":true}]}}