{"id":45754,"date":"2016-03-31T00:04:44","date_gmt":"2016-03-31T06:04:44","guid":{"rendered":"http:\/\/www.reconoce.mx\/?p=45754"},"modified":"2016-03-31T13:17:06","modified_gmt":"2016-03-31T19:17:06","slug":"conoce-la-programacion-del-11-ambulante-gira-de-documentales","status":"publish","type":"post","link":"http:\/\/www.reconoce.mx\/?p=45754","title":{"rendered":"\u00a1V\u00e1monos al 11\u00b0 Ambulante Gira de Documentales!"},"content":{"rendered":"<p><strong>Por <a title=\"@AsfaltosTweets\" href=\"http:\/\/twitter.com\/AsfaltosTweets\" target=\"_blank\">Asfaltos<\/a><\/strong>.<\/p>\n<p>\u00a1Ya es tiempo del <strong>11\u00b0 Ambulante Gira de Documentales<\/strong>, y nos emociona tremendamente! Ser\u00e1n 64 d\u00edas con m\u00e1s de mil actividades en ocho estados de la rep\u00fablica, donde se destaca de manera preponderante la presencia femenina. A partir de la pr\u00f3xima edici\u00f3n del festival, se lanzar\u00e1 la campa\u00f1a <a href=\"https:\/\/twitter.com\/search?q=%23YoS%C3%ADVeoDocumental&amp;src=typd\" target=\"_blank\">#YoS\u00edVeoDocumental<\/a> con el objetivo de crear un movimiento permanente que impulse el consumo de cine documental.<\/p>\n<p><iframe loading=\"lazy\" src=\"https:\/\/player.vimeo.com\/video\/158105123?title=0&amp;byline=0&amp;portrait=0\" width=\"590\" height=\"332\" frameborder=\"0\" allowfullscreen=\"allowfullscreen\"><\/iframe><\/p>\n<p><a href=\"https:\/\/twitter.com\/search?q=%23YoS%C3%ADVeoDocumental&amp;src=typd\" target=\"_blank\">#YoS\u00edVeoDocumental<\/a> \u00abnace con el fin de reforzar una actitud y crear un movimiento permanente que brinde la oportunidad de habitar diversas realidades, de discutirlas, de compartirlas, y as\u00ed contribuir a una conviven\u00adcia m\u00e1s pac\u00edfica. Los invitamos a sumarse a este movimiento, a abordar esta imparable balsa llamada <strong><span class=\"il\">Ambulante<\/span> 2016<\/strong>, a descubrir, compartir y transformar el mundo a trav\u00e9s de sus historias\u00bb, anunci\u00f3 en conferencia de prensa, <strong>Elena Fortes<\/strong>, directora general de <strong><span class=\"il\">Ambulante<\/span><\/strong>.<\/p>\n<p>La campa\u00f1a no podr\u00eda encajar mejor en un festival donde 1200 actividades dedicadas al cine documental tomen pulso del presente y ayuden a crear referentes que nos ayudar\u00e1n a entender con mayor realismo el entorno que nos rodea. Entre las propuestas incluidas se encuentran proyectos visualmente extraordinarios y pol\u00edticamente retadores; diversidad de lenguajes y de visiones del mundo. En particular, la programaci\u00f3n celebrar\u00e1 los conceptos de interconectividad e interdependencia<strong>.<\/strong><\/p>\n<p><img loading=\"lazy\" decoding=\"async\" class=\"aligncenter size-full wp-image-45759\" src=\"http:\/\/www.reconoce.mx\/wp-content\/uploads\/2016\/03\/2_still_fearof13.jpg\" alt=\"2_still_fearof13\" width=\"1920\" height=\"1080\" srcset=\"http:\/\/www.reconoce.mx\/wp-content\/uploads\/2016\/03\/2_still_fearof13.jpg 1920w, http:\/\/www.reconoce.mx\/wp-content\/uploads\/2016\/03\/2_still_fearof13-300x169.jpg 300w, http:\/\/www.reconoce.mx\/wp-content\/uploads\/2016\/03\/2_still_fearof13-768x432.jpg 768w, http:\/\/www.reconoce.mx\/wp-content\/uploads\/2016\/03\/2_still_fearof13-1024x576.jpg 1024w, http:\/\/www.reconoce.mx\/wp-content\/uploads\/2016\/03\/2_still_fearof13-150x84.jpg 150w, http:\/\/www.reconoce.mx\/wp-content\/uploads\/2016\/03\/2_still_fearof13-700x394.jpg 700w, http:\/\/www.reconoce.mx\/wp-content\/uploads\/2016\/03\/2_still_fearof13-658x370.jpg 658w\" sizes=\"auto, (max-width: 1920px) 100vw, 1920px\" \/><\/p>\n<p>104 t\u00edtulos de 30 pa\u00edses, 32 producciones nacionales y 11 \u00f3peras primas conforman la programaci\u00f3n en la que destacan trabajos de directores consagrados Werner Herzog, Paul Thomas Anderson, Amy Berg, Chantal Akerman, Eduardo Coutinho, Ousmane Semb\u00e8ne, Lena Dunham, Gianfranco Rosi, Everardo Gonz\u00e1lez, Tatiana Huezo, Laurie Anderson, D.A. Pennebaker, Harun Farocki, Lucrecia Martel, Chris Marker y Alain Resnais, entre otros. Adem\u00e1s, se podr\u00e1n ver varios de los filmes premiados en los m\u00e1s importantes festivales internacionales de cine, como son: \u00abFuocoammare\u00bb, mejor pel\u00edcula en la <strong>Berlinale<\/strong>; \u00abSonita\u00bb, premio de la audiencia y premio del jurado en\u00a0la secci\u00f3n de documental internacional de <strong>Sundance<\/strong>; \u00abAll These Sleepless Nights\u00bb<em>,<\/em> mejor director en esa misma categor\u00eda y \u00abThe Land of the Enlightened\u00bb, mejor cinematograf\u00eda; \u00abAmong the Believers\u00bb, F:ACT Award en <strong>CPH:DOX<\/strong>; \u00abThe Fear of 13\u00bb, premio de la audiencia en<strong> CPH:DOX<\/strong>; y \u00abDon Juan\u00bb, mejor pel\u00edcula en <strong>IDFA<\/strong>.<\/p>\n<p>A la programaci\u00f3n se le suman \u00ab<a href=\"http:\/\/www.reconoce.mx\/la-tacita-realidad-la-nueva-seccion-de-ambulante-2016\/\">La t\u00e1cita realidad<\/a>\u00ab, secci\u00f3n copresentada con <strong>Cineteca Nacional<\/strong> que re\u00fane pel\u00edculas de distintos contextos geogr\u00e1ficos e hist\u00f3ricos que convergen en la exploraci\u00f3n del personaje femenino; as\u00ed como documentales que abordar\u00e1n la tem\u00e1tica LGBTQ; cuestiones relacionadas con la sexualidad femenina; parter\u00eda; temas relaciones con la migraci\u00f3n; naturaleza, conservaci\u00f3n y medio ambiente; desaparecidos y violencia en M\u00e9xico; fallas en el sistema de justicia; y relaciones familiares.<\/p>\n<p><img loading=\"lazy\" decoding=\"async\" class=\"aligncenter size-full wp-image-45758\" src=\"http:\/\/www.reconoce.mx\/wp-content\/uploads\/2016\/03\/4_still_janis.jpg\" alt=\"4_still_janis\" width=\"3285\" height=\"2400\" srcset=\"http:\/\/www.reconoce.mx\/wp-content\/uploads\/2016\/03\/4_still_janis.jpg 3285w, http:\/\/www.reconoce.mx\/wp-content\/uploads\/2016\/03\/4_still_janis-300x219.jpg 300w, http:\/\/www.reconoce.mx\/wp-content\/uploads\/2016\/03\/4_still_janis-768x561.jpg 768w, http:\/\/www.reconoce.mx\/wp-content\/uploads\/2016\/03\/4_still_janis-1024x748.jpg 1024w, http:\/\/www.reconoce.mx\/wp-content\/uploads\/2016\/03\/4_still_janis-150x110.jpg 150w, http:\/\/www.reconoce.mx\/wp-content\/uploads\/2016\/03\/4_still_janis-700x511.jpg 700w, http:\/\/www.reconoce.mx\/wp-content\/uploads\/2016\/03\/4_still_janis-658x481.jpg 658w\" sizes=\"auto, (max-width: 3285px) 100vw, 3285px\" \/><\/p>\n<p>En lo particular, emociona una vez m\u00e1s la presencia de trabajos relacionados a las diversas corrientes musicales y artistas legendarios, donde t\u00edtulos como \u00abZiggy Stardust and the Spiders from Mars\u00bb sobre <strong>David Bowie<\/strong> y \u00abJanis: Little Girl Blue\u00bb sobre <strong>Janis Joplin<\/strong> destacan de manera importante. La lista completa de t\u00edtulos est\u00e1 disponible <a href=\"http:\/\/ambulante.com.mx\/es\/festival\/documentales\" target=\"_blank\">aqu\u00ed<\/a>.<\/p>\n<p>No olvidar los \u00ab<a href=\"http:\/\/www.reconoce.mx\/imperdibles-de-ambulante-cine-en-novedosos-ambientes\/\">Imperdibles<\/a>\u00ab, amplia variedad de actividades que nos invitan a experimentar el cine de manera colectiva y en novedosos ambientes; la presencia de <a href=\"http:\/\/www.reconoce.mx\/ambulante-anuncia-titulos-presentes-en-vive-latino-2016\/\"><strong>Ambulante<\/strong> en <strong>Vive Latino 2016<\/strong><\/a>; ni la funci\u00f3n inaugural que se realizar\u00e1 por vez primera en el Monumento a la Revoluci\u00f3n, en Plaza de la Rep\u00fablica, el jueves 31 de marzo a las 19:30 horas con \u00abSonita\u00bb, historia de una adolescente afgana que vive como indocumentada en Ir\u00e1n y sue\u00f1a con convertirse en una cantante famosa de hip-hop.<\/p>\n<p><img loading=\"lazy\" decoding=\"async\" class=\"aligncenter size-full wp-image-45757\" src=\"http:\/\/www.reconoce.mx\/wp-content\/uploads\/2016\/03\/4_still_sonita.jpg\" alt=\"4_still_sonita\" width=\"1800\" height=\"1350\" srcset=\"http:\/\/www.reconoce.mx\/wp-content\/uploads\/2016\/03\/4_still_sonita.jpg 1800w, http:\/\/www.reconoce.mx\/wp-content\/uploads\/2016\/03\/4_still_sonita-300x225.jpg 300w, http:\/\/www.reconoce.mx\/wp-content\/uploads\/2016\/03\/4_still_sonita-768x576.jpg 768w, http:\/\/www.reconoce.mx\/wp-content\/uploads\/2016\/03\/4_still_sonita-1024x768.jpg 1024w, http:\/\/www.reconoce.mx\/wp-content\/uploads\/2016\/03\/4_still_sonita-150x113.jpg 150w, http:\/\/www.reconoce.mx\/wp-content\/uploads\/2016\/03\/4_still_sonita-700x525.jpg 700w, http:\/\/www.reconoce.mx\/wp-content\/uploads\/2016\/03\/4_still_sonita-658x494.jpg 658w\" sizes=\"auto, (max-width: 1800px) 100vw, 1800px\" \/><\/p>\n<p>Adem\u00e1s, y como cada edici\u00f3n sucede, se presenta el apartado \u00abAmbulante Ideas\u00bb, espacio que busca generar una reflexi\u00f3n, un di\u00e1logo e intercambio de opiniones en torno a tem\u00e1ticas art\u00edsticas y sociales por medio de talleres, clases magistrales, mesas redondas y encuentros multidisciplinarios.<\/p>\n<p>Se presentar\u00e1n tambi\u00e9n, de manera especial, una charla magistral de la reconocida cineasta <strong>Jill Godmilow<\/strong>, pionera y te\u00f3rica de la experimentaci\u00f3n radical en el g\u00e9nero documental; y el taller <a href=\"http:\/\/www.reconoce.mx\/organizara-ambulante-seminario-en-colaboracion-con-the-flaherty\/\"><strong>Flaherty en <\/strong><\/a><span class=\"il\"><a href=\"http:\/\/www.reconoce.mx\/organizara-ambulante-seminario-en-colaboracion-con-the-flaherty\/\"><strong>Ambulante<\/strong><\/a>, que<\/span> propondr\u00e1 un espacio para la exploraci\u00f3n del cine documental y experimental curado en colaboraci\u00f3n con el <strong>Robert Flaherty Film Seminar<\/strong>, enfocado a generar un di\u00e1logo acerca de las implicaciones del compromiso pol\u00edtico traducido a la pr\u00e1ctica art\u00edstica y a debatir c\u00f3mo los aspectos formales de la obra audiovisual tienen el potencial de plantear nuevas formas de cr\u00edtica y conciencia social, por mencionar algunas actividades destacadas.<\/p>\n<p><img loading=\"lazy\" decoding=\"async\" class=\"aligncenter size-full wp-image-45760\" src=\"http:\/\/www.reconoce.mx\/wp-content\/uploads\/2016\/03\/\u00faltimas_1.jpg\" alt=\"\u00faltimas_1\" width=\"3456\" height=\"2304\" srcset=\"http:\/\/www.reconoce.mx\/wp-content\/uploads\/2016\/03\/\u00faltimas_1.jpg 3456w, http:\/\/www.reconoce.mx\/wp-content\/uploads\/2016\/03\/\u00faltimas_1-300x200.jpg 300w, http:\/\/www.reconoce.mx\/wp-content\/uploads\/2016\/03\/\u00faltimas_1-768x512.jpg 768w, http:\/\/www.reconoce.mx\/wp-content\/uploads\/2016\/03\/\u00faltimas_1-1024x683.jpg 1024w, http:\/\/www.reconoce.mx\/wp-content\/uploads\/2016\/03\/\u00faltimas_1-150x100.jpg 150w, http:\/\/www.reconoce.mx\/wp-content\/uploads\/2016\/03\/\u00faltimas_1-700x467.jpg 700w, http:\/\/www.reconoce.mx\/wp-content\/uploads\/2016\/03\/\u00faltimas_1-658x439.jpg 658w\" sizes=\"auto, (max-width: 3456px) 100vw, 3456px\" \/><\/p>\n<p>Ambulante Gira de Documentales 2016 se presentar\u00e1 del 31 de marzo al 14 de abril de 2016 en 39 sedes en Ciudad de M\u00e9xico, entre ellas espacios al aire libre, salas alternativas, universidades, centros culturales, teatros, plazas y museos; adem\u00e1s de los Cin\u00e9polis Diana, Cin\u00e9polis Oasis Coyoac\u00e1n, Cin\u00e9polis Plaza Carso, Cin\u00e9polis Plaza Sat\u00e9lite, Cin\u00e9polis Universidad y Cineteca Nacional. <strong>Ambulante<\/strong> estar\u00e1 presente en Oaxaca (del 14 al 21 de abril), Puebla (del 21 al 28 de abril), Coahuila (del 28 de abril al 5 de mayo), Michoaca\u0301n (del 5 al 12 de mayo), Jalisco (del 12 al 19 de mayo), Baja California (del 19 al 26 de mayo) y Veracruz (del 26 de mayo al 2 de junio) en Cin\u00e9polis selectos.<\/p>\n<p>En los complejos Cin\u00e9polis el costo del boleto tendr\u00e1 un precio especial de $40 pesos. Los boletos se pueden adquirir <a href=\"http:\/\/www.cinepolis.com\/ambulante\" target=\"_blank\">aqu\u00ed<\/a>. Con el objetivo de que la mayor cantidad de p\u00fablico posible tenga acceso a los documentales de <strong><span class=\"il\">Ambulante<\/span><\/strong>, Cin\u00e9polis tambi\u00e9n ofrece un cinebono en taquilla de los conjuntos sede, el cual incluye cuatro entradas a funciones de <span class=\"il\">Ambulante<\/span> por $120 pesos.<\/p>\n<p>La Cineteca Nacional exhibir\u00e1 los t\u00edtulos de \u00abLa t\u00e1cita realidad\u00bb, de los cuales varios se proyectar\u00e1n en 35 mm y en 16 mm. El costo de la entrada general en la Cineteca ser\u00e1 de $50 pesos y $30 pesos para menores de 25 a\u00f1os, estudiantes y adultos mayores, as\u00ed como para las funciones programadas en martes o mi\u00e9rcoles. Las actividades en el resto de las sedes (m\u00e1s del 60% de los eventos del festival) ser\u00e1n de <strong>entrada gratuita<\/strong>.<\/p>\n<p>Para m\u00e1s informaci\u00f3n consulta el <a href=\"http:\/\/ambulante.com.mx\/es\" target=\"_blank\">sitio oficial<\/a> de <strong>Ambulante Gira de Documentales<\/strong>.<\/p>\n<p style=\"text-align: right;\">Con informaci\u00f3n e im\u00e1genes oficiales proporcionadas por <strong>Ambulante<\/strong>.<\/p>\n<p>&nbsp;<\/p>\n<p>&nbsp;<\/p>\n","protected":false},"excerpt":{"rendered":"<p>\u00a1Ya es tiempo del 11\u00b0 Ambulante Gira de Documentales, y nos emociona tremendamente! <\/p>\n","protected":false},"author":2,"featured_media":45755,"comment_status":"open","ping_status":"open","sticky":false,"template":"","format":"standard","meta":{"footnotes":""},"categories":[24,1,17],"tags":[],"class_list":["post-45754","post","type-post","status-publish","format-standard","has-post-thumbnail","hentry","category-cine","category-cultura","category-principal"],"yoast_head":"<!-- This site is optimized with the Yoast SEO plugin v24.7 - https:\/\/yoast.com\/wordpress\/plugins\/seo\/ -->\n<title>\u00a1V\u00e1monos al 11\u00b0 Ambulante Gira de Documentales! &#171; Reconoce MX<\/title>\n<meta name=\"robots\" content=\"index, follow, max-snippet:-1, max-image-preview:large, max-video-preview:-1\" \/>\n<link rel=\"canonical\" href=\"https:\/\/www.reconoce.mx\/?p=45754\" \/>\n<meta property=\"og:locale\" content=\"es_ES\" \/>\n<meta property=\"og:type\" content=\"article\" \/>\n<meta property=\"og:title\" content=\"\u00a1V\u00e1monos al 11\u00b0 Ambulante Gira de Documentales! &#171; Reconoce MX\" \/>\n<meta property=\"og:description\" content=\"\u00a1Ya es tiempo del 11\u00b0 Ambulante Gira de Documentales, y nos emociona tremendamente!\" \/>\n<meta property=\"og:url\" content=\"https:\/\/www.reconoce.mx\/?p=45754\" \/>\n<meta property=\"og:site_name\" content=\"Reconoce MX\" \/>\n<meta property=\"article:publisher\" content=\"https:\/\/es-la.facebook.com\/ReconoceMX\/\" \/>\n<meta property=\"article:published_time\" content=\"2016-03-31T06:04:44+00:00\" \/>\n<meta property=\"article:modified_time\" content=\"2016-03-31T19:17:06+00:00\" \/>\n<meta property=\"og:image\" content=\"https:\/\/www.reconoce.mx\/wp-content\/uploads\/2016\/03\/ambulantecover.png\" \/>\n\t<meta property=\"og:image:width\" content=\"590\" \/>\n\t<meta property=\"og:image:height\" content=\"380\" \/>\n\t<meta property=\"og:image:type\" content=\"image\/png\" \/>\n<meta name=\"author\" content=\"Reconoce MX\" \/>\n<meta name=\"twitter:card\" content=\"summary_large_image\" \/>\n<meta name=\"twitter:creator\" content=\"@reconocemx\" \/>\n<meta name=\"twitter:site\" content=\"@reconocemx\" \/>\n<meta name=\"twitter:label1\" content=\"Escrito por\" \/>\n\t<meta name=\"twitter:data1\" content=\"Reconoce MX\" \/>\n\t<meta name=\"twitter:label2\" content=\"Tiempo de lectura\" \/>\n\t<meta name=\"twitter:data2\" content=\"5 minutos\" \/>\n<script type=\"application\/ld+json\" class=\"yoast-schema-graph\">{\"@context\":\"https:\/\/schema.org\",\"@graph\":[{\"@type\":\"Article\",\"@id\":\"https:\/\/www.reconoce.mx\/?p=45754#article\",\"isPartOf\":{\"@id\":\"https:\/\/www.reconoce.mx\/?p=45754\"},\"author\":{\"name\":\"Reconoce MX\",\"@id\":\"http:\/\/www.reconoce.mx\/#\/schema\/person\/2117e997d7051dc15d6880eaf9bca0b2\"},\"headline\":\"\u00a1V\u00e1monos al 11\u00b0 Ambulante Gira de Documentales!\",\"datePublished\":\"2016-03-31T06:04:44+00:00\",\"dateModified\":\"2016-03-31T19:17:06+00:00\",\"mainEntityOfPage\":{\"@id\":\"https:\/\/www.reconoce.mx\/?p=45754\"},\"wordCount\":1048,\"commentCount\":0,\"publisher\":{\"@id\":\"http:\/\/www.reconoce.mx\/#organization\"},\"image\":{\"@id\":\"https:\/\/www.reconoce.mx\/?p=45754#primaryimage\"},\"thumbnailUrl\":\"http:\/\/www.reconoce.mx\/wp-content\/uploads\/2016\/03\/ambulantecover.png\",\"articleSection\":[\"Cine\",\"Cultura\",\"Principal\"],\"inLanguage\":\"es\",\"potentialAction\":[{\"@type\":\"CommentAction\",\"name\":\"Comment\",\"target\":[\"https:\/\/www.reconoce.mx\/?p=45754#respond\"]}]},{\"@type\":\"WebPage\",\"@id\":\"https:\/\/www.reconoce.mx\/?p=45754\",\"url\":\"https:\/\/www.reconoce.mx\/?p=45754\",\"name\":\"\u00a1V\u00e1monos al 11\u00b0 Ambulante Gira de Documentales! &#171; Reconoce MX\",\"isPartOf\":{\"@id\":\"http:\/\/www.reconoce.mx\/#website\"},\"primaryImageOfPage\":{\"@id\":\"https:\/\/www.reconoce.mx\/?p=45754#primaryimage\"},\"image\":{\"@id\":\"https:\/\/www.reconoce.mx\/?p=45754#primaryimage\"},\"thumbnailUrl\":\"http:\/\/www.reconoce.mx\/wp-content\/uploads\/2016\/03\/ambulantecover.png\",\"datePublished\":\"2016-03-31T06:04:44+00:00\",\"dateModified\":\"2016-03-31T19:17:06+00:00\",\"breadcrumb\":{\"@id\":\"https:\/\/www.reconoce.mx\/?p=45754#breadcrumb\"},\"inLanguage\":\"es\",\"potentialAction\":[{\"@type\":\"ReadAction\",\"target\":[\"https:\/\/www.reconoce.mx\/?p=45754\"]}]},{\"@type\":\"ImageObject\",\"inLanguage\":\"es\",\"@id\":\"https:\/\/www.reconoce.mx\/?p=45754#primaryimage\",\"url\":\"http:\/\/www.reconoce.mx\/wp-content\/uploads\/2016\/03\/ambulantecover.png\",\"contentUrl\":\"http:\/\/www.reconoce.mx\/wp-content\/uploads\/2016\/03\/ambulantecover.png\",\"width\":590,\"height\":380},{\"@type\":\"BreadcrumbList\",\"@id\":\"https:\/\/www.reconoce.mx\/?p=45754#breadcrumb\",\"itemListElement\":[{\"@type\":\"ListItem\",\"position\":1,\"name\":\"Portada\",\"item\":\"http:\/\/www.reconoce.mx\/\"},{\"@type\":\"ListItem\",\"position\":2,\"name\":\"\u00a1V\u00e1monos al 11\u00b0 Ambulante Gira de Documentales!\"}]},{\"@type\":\"WebSite\",\"@id\":\"http:\/\/www.reconoce.mx\/#website\",\"url\":\"http:\/\/www.reconoce.mx\/\",\"name\":\"Reconoce MX\",\"description\":\"En Reconoce MX difundimos arte, cultura y conciencia social en M\u00e9xico. Tu ciudad en otra perspectiva.\",\"publisher\":{\"@id\":\"http:\/\/www.reconoce.mx\/#organization\"},\"potentialAction\":[{\"@type\":\"SearchAction\",\"target\":{\"@type\":\"EntryPoint\",\"urlTemplate\":\"http:\/\/www.reconoce.mx\/?s={search_term_string}\"},\"query-input\":{\"@type\":\"PropertyValueSpecification\",\"valueRequired\":true,\"valueName\":\"search_term_string\"}}],\"inLanguage\":\"es\"},{\"@type\":\"Organization\",\"@id\":\"http:\/\/www.reconoce.mx\/#organization\",\"name\":\"Reconoce MX\",\"url\":\"http:\/\/www.reconoce.mx\/\",\"logo\":{\"@type\":\"ImageObject\",\"inLanguage\":\"es\",\"@id\":\"http:\/\/www.reconoce.mx\/#\/schema\/logo\/image\/\",\"url\":\"https:\/\/www.reconoce.mx\/wp-content\/uploads\/2019\/03\/logorcmx-good-1.png\",\"contentUrl\":\"https:\/\/www.reconoce.mx\/wp-content\/uploads\/2019\/03\/logorcmx-good-1.png\",\"width\":280,\"height\":90,\"caption\":\"Reconoce MX\"},\"image\":{\"@id\":\"http:\/\/www.reconoce.mx\/#\/schema\/logo\/image\/\"},\"sameAs\":[\"https:\/\/es-la.facebook.com\/ReconoceMX\/\",\"https:\/\/x.com\/reconocemx\",\"http:\/\/@reconocemx\"]},{\"@type\":\"Person\",\"@id\":\"http:\/\/www.reconoce.mx\/#\/schema\/person\/2117e997d7051dc15d6880eaf9bca0b2\",\"name\":\"Reconoce MX\",\"image\":{\"@type\":\"ImageObject\",\"inLanguage\":\"es\",\"@id\":\"http:\/\/www.reconoce.mx\/#\/schema\/person\/image\/\",\"url\":\"https:\/\/secure.gravatar.com\/avatar\/6c8d4dc7569ca1c90c5fdcc349f839d5ddef6fe1e70b4337ead2ef1a4c43fc3a?s=96&d=identicon&r=g\",\"contentUrl\":\"https:\/\/secure.gravatar.com\/avatar\/6c8d4dc7569ca1c90c5fdcc349f839d5ddef6fe1e70b4337ead2ef1a4c43fc3a?s=96&d=identicon&r=g\",\"caption\":\"Reconoce MX\"},\"description\":\"Reconoce MX es un proyecto de difusi\u00f3n art\u00edstica, cultural y de conciencia social que est\u00e1 enfocado a difundir y fomentar el entretenimiento alternativo de calidad para todo el p\u00fablico que comparta el mismo entusiasmo.\",\"sameAs\":[\"http:\/\/www.reconoce.mx\"],\"url\":\"http:\/\/www.reconoce.mx\/?author=2\"}]}<\/script>\n<!-- \/ Yoast SEO plugin. -->","yoast_head_json":{"title":"\u00a1V\u00e1monos al 11\u00b0 Ambulante Gira de Documentales! &#171; Reconoce MX","robots":{"index":"index","follow":"follow","max-snippet":"max-snippet:-1","max-image-preview":"max-image-preview:large","max-video-preview":"max-video-preview:-1"},"canonical":"https:\/\/www.reconoce.mx\/?p=45754","og_locale":"es_ES","og_type":"article","og_title":"\u00a1V\u00e1monos al 11\u00b0 Ambulante Gira de Documentales! &#171; Reconoce MX","og_description":"\u00a1Ya es tiempo del 11\u00b0 Ambulante Gira de Documentales, y nos emociona tremendamente!","og_url":"https:\/\/www.reconoce.mx\/?p=45754","og_site_name":"Reconoce MX","article_publisher":"https:\/\/es-la.facebook.com\/ReconoceMX\/","article_published_time":"2016-03-31T06:04:44+00:00","article_modified_time":"2016-03-31T19:17:06+00:00","og_image":[{"width":590,"height":380,"url":"https:\/\/www.reconoce.mx\/wp-content\/uploads\/2016\/03\/ambulantecover.png","type":"image\/png"}],"author":"Reconoce MX","twitter_card":"summary_large_image","twitter_creator":"@reconocemx","twitter_site":"@reconocemx","twitter_misc":{"Escrito por":"Reconoce MX","Tiempo de lectura":"5 minutos"},"schema":{"@context":"https:\/\/schema.org","@graph":[{"@type":"Article","@id":"https:\/\/www.reconoce.mx\/?p=45754#article","isPartOf":{"@id":"https:\/\/www.reconoce.mx\/?p=45754"},"author":{"name":"Reconoce MX","@id":"http:\/\/www.reconoce.mx\/#\/schema\/person\/2117e997d7051dc15d6880eaf9bca0b2"},"headline":"\u00a1V\u00e1monos al 11\u00b0 Ambulante Gira de Documentales!","datePublished":"2016-03-31T06:04:44+00:00","dateModified":"2016-03-31T19:17:06+00:00","mainEntityOfPage":{"@id":"https:\/\/www.reconoce.mx\/?p=45754"},"wordCount":1048,"commentCount":0,"publisher":{"@id":"http:\/\/www.reconoce.mx\/#organization"},"image":{"@id":"https:\/\/www.reconoce.mx\/?p=45754#primaryimage"},"thumbnailUrl":"http:\/\/www.reconoce.mx\/wp-content\/uploads\/2016\/03\/ambulantecover.png","articleSection":["Cine","Cultura","Principal"],"inLanguage":"es","potentialAction":[{"@type":"CommentAction","name":"Comment","target":["https:\/\/www.reconoce.mx\/?p=45754#respond"]}]},{"@type":"WebPage","@id":"https:\/\/www.reconoce.mx\/?p=45754","url":"https:\/\/www.reconoce.mx\/?p=45754","name":"\u00a1V\u00e1monos al 11\u00b0 Ambulante Gira de Documentales! &#171; Reconoce MX","isPartOf":{"@id":"http:\/\/www.reconoce.mx\/#website"},"primaryImageOfPage":{"@id":"https:\/\/www.reconoce.mx\/?p=45754#primaryimage"},"image":{"@id":"https:\/\/www.reconoce.mx\/?p=45754#primaryimage"},"thumbnailUrl":"http:\/\/www.reconoce.mx\/wp-content\/uploads\/2016\/03\/ambulantecover.png","datePublished":"2016-03-31T06:04:44+00:00","dateModified":"2016-03-31T19:17:06+00:00","breadcrumb":{"@id":"https:\/\/www.reconoce.mx\/?p=45754#breadcrumb"},"inLanguage":"es","potentialAction":[{"@type":"ReadAction","target":["https:\/\/www.reconoce.mx\/?p=45754"]}]},{"@type":"ImageObject","inLanguage":"es","@id":"https:\/\/www.reconoce.mx\/?p=45754#primaryimage","url":"http:\/\/www.reconoce.mx\/wp-content\/uploads\/2016\/03\/ambulantecover.png","contentUrl":"http:\/\/www.reconoce.mx\/wp-content\/uploads\/2016\/03\/ambulantecover.png","width":590,"height":380},{"@type":"BreadcrumbList","@id":"https:\/\/www.reconoce.mx\/?p=45754#breadcrumb","itemListElement":[{"@type":"ListItem","position":1,"name":"Portada","item":"http:\/\/www.reconoce.mx\/"},{"@type":"ListItem","position":2,"name":"\u00a1V\u00e1monos al 11\u00b0 Ambulante Gira de Documentales!"}]},{"@type":"WebSite","@id":"http:\/\/www.reconoce.mx\/#website","url":"http:\/\/www.reconoce.mx\/","name":"Reconoce MX","description":"En Reconoce MX difundimos arte, cultura y conciencia social en M\u00e9xico. Tu ciudad en otra perspectiva.","publisher":{"@id":"http:\/\/www.reconoce.mx\/#organization"},"potentialAction":[{"@type":"SearchAction","target":{"@type":"EntryPoint","urlTemplate":"http:\/\/www.reconoce.mx\/?s={search_term_string}"},"query-input":{"@type":"PropertyValueSpecification","valueRequired":true,"valueName":"search_term_string"}}],"inLanguage":"es"},{"@type":"Organization","@id":"http:\/\/www.reconoce.mx\/#organization","name":"Reconoce MX","url":"http:\/\/www.reconoce.mx\/","logo":{"@type":"ImageObject","inLanguage":"es","@id":"http:\/\/www.reconoce.mx\/#\/schema\/logo\/image\/","url":"https:\/\/www.reconoce.mx\/wp-content\/uploads\/2019\/03\/logorcmx-good-1.png","contentUrl":"https:\/\/www.reconoce.mx\/wp-content\/uploads\/2019\/03\/logorcmx-good-1.png","width":280,"height":90,"caption":"Reconoce MX"},"image":{"@id":"http:\/\/www.reconoce.mx\/#\/schema\/logo\/image\/"},"sameAs":["https:\/\/es-la.facebook.com\/ReconoceMX\/","https:\/\/x.com\/reconocemx","http:\/\/@reconocemx"]},{"@type":"Person","@id":"http:\/\/www.reconoce.mx\/#\/schema\/person\/2117e997d7051dc15d6880eaf9bca0b2","name":"Reconoce MX","image":{"@type":"ImageObject","inLanguage":"es","@id":"http:\/\/www.reconoce.mx\/#\/schema\/person\/image\/","url":"https:\/\/secure.gravatar.com\/avatar\/6c8d4dc7569ca1c90c5fdcc349f839d5ddef6fe1e70b4337ead2ef1a4c43fc3a?s=96&d=identicon&r=g","contentUrl":"https:\/\/secure.gravatar.com\/avatar\/6c8d4dc7569ca1c90c5fdcc349f839d5ddef6fe1e70b4337ead2ef1a4c43fc3a?s=96&d=identicon&r=g","caption":"Reconoce MX"},"description":"Reconoce MX es un proyecto de difusi\u00f3n art\u00edstica, cultural y de conciencia social que est\u00e1 enfocado a difundir y fomentar el entretenimiento alternativo de calidad para todo el p\u00fablico que comparta el mismo entusiasmo.","sameAs":["http:\/\/www.reconoce.mx"],"url":"http:\/\/www.reconoce.mx\/?author=2"}]}},"_links":{"self":[{"href":"http:\/\/www.reconoce.mx\/index.php?rest_route=\/wp\/v2\/posts\/45754","targetHints":{"allow":["GET"]}}],"collection":[{"href":"http:\/\/www.reconoce.mx\/index.php?rest_route=\/wp\/v2\/posts"}],"about":[{"href":"http:\/\/www.reconoce.mx\/index.php?rest_route=\/wp\/v2\/types\/post"}],"author":[{"embeddable":true,"href":"http:\/\/www.reconoce.mx\/index.php?rest_route=\/wp\/v2\/users\/2"}],"replies":[{"embeddable":true,"href":"http:\/\/www.reconoce.mx\/index.php?rest_route=%2Fwp%2Fv2%2Fcomments&post=45754"}],"version-history":[{"count":4,"href":"http:\/\/www.reconoce.mx\/index.php?rest_route=\/wp\/v2\/posts\/45754\/revisions"}],"predecessor-version":[{"id":45975,"href":"http:\/\/www.reconoce.mx\/index.php?rest_route=\/wp\/v2\/posts\/45754\/revisions\/45975"}],"wp:featuredmedia":[{"embeddable":true,"href":"http:\/\/www.reconoce.mx\/index.php?rest_route=\/wp\/v2\/media\/45755"}],"wp:attachment":[{"href":"http:\/\/www.reconoce.mx\/index.php?rest_route=%2Fwp%2Fv2%2Fmedia&parent=45754"}],"wp:term":[{"taxonomy":"category","embeddable":true,"href":"http:\/\/www.reconoce.mx\/index.php?rest_route=%2Fwp%2Fv2%2Fcategories&post=45754"},{"taxonomy":"post_tag","embeddable":true,"href":"http:\/\/www.reconoce.mx\/index.php?rest_route=%2Fwp%2Fv2%2Ftags&post=45754"}],"curies":[{"name":"wp","href":"https:\/\/api.w.org\/{rel}","templated":true}]}}