{"id":45792,"date":"2016-03-31T00:02:48","date_gmt":"2016-03-31T06:02:48","guid":{"rendered":"http:\/\/www.reconoce.mx\/?p=45792"},"modified":"2016-03-31T13:17:20","modified_gmt":"2016-03-31T19:17:20","slug":"rodrigo-y-gabriela-de-vuelta-en-mexico","status":"publish","type":"post","link":"http:\/\/www.reconoce.mx\/?p=45792","title":{"rendered":"Rodrigo y Gabriela \u00a1de vuelta en M\u00e9xico!"},"content":{"rendered":"<p><strong>Por <a title=\"@AsfaltosTweets\" href=\"http:\/\/twitter.com\/AsfaltosTweets\" target=\"_blank\">Asfaltos<\/a><\/strong>.<\/p>\n<p><strong>Rodrigo y Gabriela<\/strong>, mexicanos que se hicieron de gran fama fuera de nuestras fronteras, para darse a conocer con gran fortuna en nuestro pa\u00eds, volver\u00e1n a M\u00e9xico para presentar su original mezcla de rock, jazz, cl\u00e1sico y flamenco con tan solo dos guitarras. Guadalajara, Ciudad de M\u00e9xico y Monterrey ser\u00e1n las ciudades donde se presente el aclamado d\u00fao mexicano.<\/p>\n<p><img loading=\"lazy\" decoding=\"async\" class=\"aligncenter size-full wp-image-45795\" src=\"http:\/\/www.reconoce.mx\/wp-content\/uploads\/2016\/03\/new_GALLERY_61.jpg\" alt=\"new_GALLERY_61\" width=\"1024\" height=\"768\" srcset=\"http:\/\/www.reconoce.mx\/wp-content\/uploads\/2016\/03\/new_GALLERY_61.jpg 1024w, http:\/\/www.reconoce.mx\/wp-content\/uploads\/2016\/03\/new_GALLERY_61-300x225.jpg 300w, http:\/\/www.reconoce.mx\/wp-content\/uploads\/2016\/03\/new_GALLERY_61-768x576.jpg 768w, http:\/\/www.reconoce.mx\/wp-content\/uploads\/2016\/03\/new_GALLERY_61-150x113.jpg 150w, http:\/\/www.reconoce.mx\/wp-content\/uploads\/2016\/03\/new_GALLERY_61-700x525.jpg 700w, http:\/\/www.reconoce.mx\/wp-content\/uploads\/2016\/03\/new_GALLERY_61-658x494.jpg 658w\" sizes=\"auto, (max-width: 1024px) 100vw, 1024px\" \/><\/p>\n<p>Si bien la historia de <strong>Rodrigo y Gabriela<\/strong> comenz\u00f3 en Ciudad de M\u00e9xico cuando se conocieron en la banda de trash metal <strong>Tierra \u00c1cida<\/strong>, fue fuera de nuestro pa\u00eds donde lograron un \u00e9xito importante. A ra\u00edz de extensas giras que les llevaron a tocar con \u00e9xito en Europa y Estados Unidos, Rodrigo y Gabriela llegaron a o\u00eddos mexicanos gracias a su tremendo e indiscutible \u00e9xito que termin\u00f3 por abrirles las puertas -parad\u00f3jicamente- ya finalmente en nuestro pa\u00eds.<\/p>\n<p>La m\u00fasica del d\u00fao ha saltado a la fama tambi\u00e9n gracias a la presencia de algunas de sus melod\u00edas en medios masivos, como sucedi\u00f3 con la aparici\u00f3n de \u00abTamac\u00fan\u00bb, que forma parte de la banda sonora de la serie de televisi\u00f3n \u00abBeaking Bad\u00bb; la colaboraci\u00f3n con el compositor <strong>Hans Zimmer<\/strong> en la banda sonora de \u00abPiratas del Caribe 4: navegando Aguas misteriosas\u00bb; as\u00ed como la inserci\u00f3n de \u00abDiablo Rojo\u00bb como parte de la banda sonora de \u00abEl gato con botas\u00bb de <strong>Dreamworks<\/strong>.<\/p>\n<p><strong>Rodrigo y Gabriela<\/strong> se presentar\u00e1n el 1 de mayo en el <strong>Teatro Diana<\/strong> de Guadalajara, el 4 de mayo en el<strong> Auditorio BlackBerry<\/strong> de Ciudad de M\u00e9xico, y el 5 de mayo en <strong>Escenaria <\/strong>de Monterrey. Los boletos para Monterrey se consiguen v\u00eda <a href=\"http:\/\/web.superboletos.com:8001\/SuperBoletos\/MONTERREY\/CONCIERTO\/RODRIGO-Y-GABRIELA-EN-CONCIERTO\/F7UoorHPEs0tXMLuNP5xXg\" target=\"_blank\">Superboletos<\/a> o en taquillas; y para Ciudad de M\u00e9xico y Guadalajara v\u00eda <a href=\"http:\/\/www.ticketmaster.com.mx\/Rodrigo-y-Gabriela-boletos\/artist\/1037795\" target=\"_blank\">Ticketmaster<\/a> o tambi\u00e9n en las respectivas taquillas.<\/p>\n<p style=\"text-align: right;\">Con informaci\u00f3n e im\u00e1genes cortes\u00eda de <strong>Danna Flores<\/strong>.<\/p>\n<p>&nbsp;<\/p>\n<p>&nbsp;<\/p>\n","protected":false},"excerpt":{"rendered":"<p>Rodrigo y Gabriela volver\u00e1n a M\u00e9xico para presentar su original mezcla de rock, jazz, cl\u00e1sico y flamenco con tan solo dos guitarras.<\/p>\n","protected":false},"author":2,"featured_media":45793,"comment_status":"open","ping_status":"open","sticky":false,"template":"","format":"standard","meta":{"footnotes":""},"categories":[1,18,17],"tags":[],"class_list":["post-45792","post","type-post","status-publish","format-standard","has-post-thumbnail","hentry","category-cultura","category-musica","category-principal"],"yoast_head":"<!-- This site is optimized with the Yoast SEO plugin v24.7 - https:\/\/yoast.com\/wordpress\/plugins\/seo\/ -->\n<title>Rodrigo y Gabriela \u00a1de vuelta en M\u00e9xico! &#171; Reconoce MX<\/title>\n<meta name=\"robots\" content=\"index, follow, max-snippet:-1, max-image-preview:large, max-video-preview:-1\" \/>\n<link rel=\"canonical\" href=\"http:\/\/www.reconoce.mx\/?p=45792\" \/>\n<meta property=\"og:locale\" content=\"es_ES\" \/>\n<meta property=\"og:type\" content=\"article\" \/>\n<meta property=\"og:title\" content=\"Rodrigo y Gabriela \u00a1de vuelta en M\u00e9xico! &#171; Reconoce MX\" \/>\n<meta property=\"og:description\" content=\"Rodrigo y Gabriela volver\u00e1n a M\u00e9xico para presentar su original mezcla de rock, jazz, cl\u00e1sico y flamenco con tan solo dos guitarras.\" \/>\n<meta property=\"og:url\" content=\"http:\/\/www.reconoce.mx\/?p=45792\" \/>\n<meta property=\"og:site_name\" content=\"Reconoce MX\" \/>\n<meta property=\"article:publisher\" content=\"https:\/\/es-la.facebook.com\/ReconoceMX\/\" \/>\n<meta property=\"article:published_time\" content=\"2016-03-31T06:02:48+00:00\" \/>\n<meta property=\"article:modified_time\" content=\"2016-03-31T19:17:20+00:00\" \/>\n<meta property=\"og:image\" content=\"http:\/\/www.reconoce.mx\/wp-content\/uploads\/2016\/03\/rodrigoygabriela-cover.png\" \/>\n\t<meta property=\"og:image:width\" content=\"590\" \/>\n\t<meta property=\"og:image:height\" content=\"380\" \/>\n\t<meta property=\"og:image:type\" content=\"image\/png\" \/>\n<meta name=\"author\" content=\"Reconoce MX\" \/>\n<meta name=\"twitter:card\" content=\"summary_large_image\" \/>\n<meta name=\"twitter:creator\" content=\"@reconocemx\" \/>\n<meta name=\"twitter:site\" content=\"@reconocemx\" \/>\n<meta name=\"twitter:label1\" content=\"Escrito por\" \/>\n\t<meta name=\"twitter:data1\" content=\"Reconoce MX\" \/>\n\t<meta name=\"twitter:label2\" content=\"Tiempo de lectura\" \/>\n\t<meta name=\"twitter:data2\" content=\"2 minutos\" \/>\n<script type=\"application\/ld+json\" class=\"yoast-schema-graph\">{\"@context\":\"https:\/\/schema.org\",\"@graph\":[{\"@type\":\"Article\",\"@id\":\"http:\/\/www.reconoce.mx\/?p=45792#article\",\"isPartOf\":{\"@id\":\"http:\/\/www.reconoce.mx\/?p=45792\"},\"author\":{\"name\":\"Reconoce MX\",\"@id\":\"http:\/\/www.reconoce.mx\/#\/schema\/person\/2117e997d7051dc15d6880eaf9bca0b2\"},\"headline\":\"Rodrigo y Gabriela \u00a1de vuelta en M\u00e9xico!\",\"datePublished\":\"2016-03-31T06:02:48+00:00\",\"dateModified\":\"2016-03-31T19:17:20+00:00\",\"mainEntityOfPage\":{\"@id\":\"http:\/\/www.reconoce.mx\/?p=45792\"},\"wordCount\":327,\"commentCount\":0,\"publisher\":{\"@id\":\"http:\/\/www.reconoce.mx\/#organization\"},\"image\":{\"@id\":\"http:\/\/www.reconoce.mx\/?p=45792#primaryimage\"},\"thumbnailUrl\":\"http:\/\/www.reconoce.mx\/wp-content\/uploads\/2016\/03\/rodrigoygabriela-cover.png\",\"articleSection\":[\"Cultura\",\"M\u00fasica\",\"Principal\"],\"inLanguage\":\"es\",\"potentialAction\":[{\"@type\":\"CommentAction\",\"name\":\"Comment\",\"target\":[\"http:\/\/www.reconoce.mx\/?p=45792#respond\"]}]},{\"@type\":\"WebPage\",\"@id\":\"http:\/\/www.reconoce.mx\/?p=45792\",\"url\":\"http:\/\/www.reconoce.mx\/?p=45792\",\"name\":\"Rodrigo y Gabriela \u00a1de vuelta en M\u00e9xico! &#171; Reconoce MX\",\"isPartOf\":{\"@id\":\"http:\/\/www.reconoce.mx\/#website\"},\"primaryImageOfPage\":{\"@id\":\"http:\/\/www.reconoce.mx\/?p=45792#primaryimage\"},\"image\":{\"@id\":\"http:\/\/www.reconoce.mx\/?p=45792#primaryimage\"},\"thumbnailUrl\":\"http:\/\/www.reconoce.mx\/wp-content\/uploads\/2016\/03\/rodrigoygabriela-cover.png\",\"datePublished\":\"2016-03-31T06:02:48+00:00\",\"dateModified\":\"2016-03-31T19:17:20+00:00\",\"breadcrumb\":{\"@id\":\"http:\/\/www.reconoce.mx\/?p=45792#breadcrumb\"},\"inLanguage\":\"es\",\"potentialAction\":[{\"@type\":\"ReadAction\",\"target\":[\"http:\/\/www.reconoce.mx\/?p=45792\"]}]},{\"@type\":\"ImageObject\",\"inLanguage\":\"es\",\"@id\":\"http:\/\/www.reconoce.mx\/?p=45792#primaryimage\",\"url\":\"http:\/\/www.reconoce.mx\/wp-content\/uploads\/2016\/03\/rodrigoygabriela-cover.png\",\"contentUrl\":\"http:\/\/www.reconoce.mx\/wp-content\/uploads\/2016\/03\/rodrigoygabriela-cover.png\",\"width\":590,\"height\":380},{\"@type\":\"BreadcrumbList\",\"@id\":\"http:\/\/www.reconoce.mx\/?p=45792#breadcrumb\",\"itemListElement\":[{\"@type\":\"ListItem\",\"position\":1,\"name\":\"Portada\",\"item\":\"http:\/\/www.reconoce.mx\/\"},{\"@type\":\"ListItem\",\"position\":2,\"name\":\"Rodrigo y Gabriela \u00a1de vuelta en M\u00e9xico!\"}]},{\"@type\":\"WebSite\",\"@id\":\"http:\/\/www.reconoce.mx\/#website\",\"url\":\"http:\/\/www.reconoce.mx\/\",\"name\":\"Reconoce MX\",\"description\":\"En Reconoce MX difundimos arte, cultura y conciencia social en M\u00e9xico. Tu ciudad en otra perspectiva.\",\"publisher\":{\"@id\":\"http:\/\/www.reconoce.mx\/#organization\"},\"potentialAction\":[{\"@type\":\"SearchAction\",\"target\":{\"@type\":\"EntryPoint\",\"urlTemplate\":\"http:\/\/www.reconoce.mx\/?s={search_term_string}\"},\"query-input\":{\"@type\":\"PropertyValueSpecification\",\"valueRequired\":true,\"valueName\":\"search_term_string\"}}],\"inLanguage\":\"es\"},{\"@type\":\"Organization\",\"@id\":\"http:\/\/www.reconoce.mx\/#organization\",\"name\":\"Reconoce MX\",\"url\":\"http:\/\/www.reconoce.mx\/\",\"logo\":{\"@type\":\"ImageObject\",\"inLanguage\":\"es\",\"@id\":\"http:\/\/www.reconoce.mx\/#\/schema\/logo\/image\/\",\"url\":\"https:\/\/www.reconoce.mx\/wp-content\/uploads\/2019\/03\/logorcmx-good-1.png\",\"contentUrl\":\"https:\/\/www.reconoce.mx\/wp-content\/uploads\/2019\/03\/logorcmx-good-1.png\",\"width\":280,\"height\":90,\"caption\":\"Reconoce MX\"},\"image\":{\"@id\":\"http:\/\/www.reconoce.mx\/#\/schema\/logo\/image\/\"},\"sameAs\":[\"https:\/\/es-la.facebook.com\/ReconoceMX\/\",\"https:\/\/x.com\/reconocemx\",\"http:\/\/@reconocemx\"]},{\"@type\":\"Person\",\"@id\":\"http:\/\/www.reconoce.mx\/#\/schema\/person\/2117e997d7051dc15d6880eaf9bca0b2\",\"name\":\"Reconoce MX\",\"image\":{\"@type\":\"ImageObject\",\"inLanguage\":\"es\",\"@id\":\"http:\/\/www.reconoce.mx\/#\/schema\/person\/image\/\",\"url\":\"https:\/\/secure.gravatar.com\/avatar\/6c8d4dc7569ca1c90c5fdcc349f839d5ddef6fe1e70b4337ead2ef1a4c43fc3a?s=96&d=identicon&r=g\",\"contentUrl\":\"https:\/\/secure.gravatar.com\/avatar\/6c8d4dc7569ca1c90c5fdcc349f839d5ddef6fe1e70b4337ead2ef1a4c43fc3a?s=96&d=identicon&r=g\",\"caption\":\"Reconoce MX\"},\"description\":\"Reconoce MX es un proyecto de difusi\u00f3n art\u00edstica, cultural y de conciencia social que est\u00e1 enfocado a difundir y fomentar el entretenimiento alternativo de calidad para todo el p\u00fablico que comparta el mismo entusiasmo.\",\"sameAs\":[\"http:\/\/www.reconoce.mx\"],\"url\":\"http:\/\/www.reconoce.mx\/?author=2\"}]}<\/script>\n<!-- \/ Yoast SEO plugin. -->","yoast_head_json":{"title":"Rodrigo y Gabriela \u00a1de vuelta en M\u00e9xico! &#171; Reconoce MX","robots":{"index":"index","follow":"follow","max-snippet":"max-snippet:-1","max-image-preview":"max-image-preview:large","max-video-preview":"max-video-preview:-1"},"canonical":"http:\/\/www.reconoce.mx\/?p=45792","og_locale":"es_ES","og_type":"article","og_title":"Rodrigo y Gabriela \u00a1de vuelta en M\u00e9xico! &#171; Reconoce MX","og_description":"Rodrigo y Gabriela volver\u00e1n a M\u00e9xico para presentar su original mezcla de rock, jazz, cl\u00e1sico y flamenco con tan solo dos guitarras.","og_url":"http:\/\/www.reconoce.mx\/?p=45792","og_site_name":"Reconoce MX","article_publisher":"https:\/\/es-la.facebook.com\/ReconoceMX\/","article_published_time":"2016-03-31T06:02:48+00:00","article_modified_time":"2016-03-31T19:17:20+00:00","og_image":[{"width":590,"height":380,"url":"http:\/\/www.reconoce.mx\/wp-content\/uploads\/2016\/03\/rodrigoygabriela-cover.png","type":"image\/png"}],"author":"Reconoce MX","twitter_card":"summary_large_image","twitter_creator":"@reconocemx","twitter_site":"@reconocemx","twitter_misc":{"Escrito por":"Reconoce MX","Tiempo de lectura":"2 minutos"},"schema":{"@context":"https:\/\/schema.org","@graph":[{"@type":"Article","@id":"http:\/\/www.reconoce.mx\/?p=45792#article","isPartOf":{"@id":"http:\/\/www.reconoce.mx\/?p=45792"},"author":{"name":"Reconoce MX","@id":"http:\/\/www.reconoce.mx\/#\/schema\/person\/2117e997d7051dc15d6880eaf9bca0b2"},"headline":"Rodrigo y Gabriela \u00a1de vuelta en M\u00e9xico!","datePublished":"2016-03-31T06:02:48+00:00","dateModified":"2016-03-31T19:17:20+00:00","mainEntityOfPage":{"@id":"http:\/\/www.reconoce.mx\/?p=45792"},"wordCount":327,"commentCount":0,"publisher":{"@id":"http:\/\/www.reconoce.mx\/#organization"},"image":{"@id":"http:\/\/www.reconoce.mx\/?p=45792#primaryimage"},"thumbnailUrl":"http:\/\/www.reconoce.mx\/wp-content\/uploads\/2016\/03\/rodrigoygabriela-cover.png","articleSection":["Cultura","M\u00fasica","Principal"],"inLanguage":"es","potentialAction":[{"@type":"CommentAction","name":"Comment","target":["http:\/\/www.reconoce.mx\/?p=45792#respond"]}]},{"@type":"WebPage","@id":"http:\/\/www.reconoce.mx\/?p=45792","url":"http:\/\/www.reconoce.mx\/?p=45792","name":"Rodrigo y Gabriela \u00a1de vuelta en M\u00e9xico! &#171; Reconoce MX","isPartOf":{"@id":"http:\/\/www.reconoce.mx\/#website"},"primaryImageOfPage":{"@id":"http:\/\/www.reconoce.mx\/?p=45792#primaryimage"},"image":{"@id":"http:\/\/www.reconoce.mx\/?p=45792#primaryimage"},"thumbnailUrl":"http:\/\/www.reconoce.mx\/wp-content\/uploads\/2016\/03\/rodrigoygabriela-cover.png","datePublished":"2016-03-31T06:02:48+00:00","dateModified":"2016-03-31T19:17:20+00:00","breadcrumb":{"@id":"http:\/\/www.reconoce.mx\/?p=45792#breadcrumb"},"inLanguage":"es","potentialAction":[{"@type":"ReadAction","target":["http:\/\/www.reconoce.mx\/?p=45792"]}]},{"@type":"ImageObject","inLanguage":"es","@id":"http:\/\/www.reconoce.mx\/?p=45792#primaryimage","url":"http:\/\/www.reconoce.mx\/wp-content\/uploads\/2016\/03\/rodrigoygabriela-cover.png","contentUrl":"http:\/\/www.reconoce.mx\/wp-content\/uploads\/2016\/03\/rodrigoygabriela-cover.png","width":590,"height":380},{"@type":"BreadcrumbList","@id":"http:\/\/www.reconoce.mx\/?p=45792#breadcrumb","itemListElement":[{"@type":"ListItem","position":1,"name":"Portada","item":"http:\/\/www.reconoce.mx\/"},{"@type":"ListItem","position":2,"name":"Rodrigo y Gabriela \u00a1de vuelta en M\u00e9xico!"}]},{"@type":"WebSite","@id":"http:\/\/www.reconoce.mx\/#website","url":"http:\/\/www.reconoce.mx\/","name":"Reconoce MX","description":"En Reconoce MX difundimos arte, cultura y conciencia social en M\u00e9xico. Tu ciudad en otra perspectiva.","publisher":{"@id":"http:\/\/www.reconoce.mx\/#organization"},"potentialAction":[{"@type":"SearchAction","target":{"@type":"EntryPoint","urlTemplate":"http:\/\/www.reconoce.mx\/?s={search_term_string}"},"query-input":{"@type":"PropertyValueSpecification","valueRequired":true,"valueName":"search_term_string"}}],"inLanguage":"es"},{"@type":"Organization","@id":"http:\/\/www.reconoce.mx\/#organization","name":"Reconoce MX","url":"http:\/\/www.reconoce.mx\/","logo":{"@type":"ImageObject","inLanguage":"es","@id":"http:\/\/www.reconoce.mx\/#\/schema\/logo\/image\/","url":"https:\/\/www.reconoce.mx\/wp-content\/uploads\/2019\/03\/logorcmx-good-1.png","contentUrl":"https:\/\/www.reconoce.mx\/wp-content\/uploads\/2019\/03\/logorcmx-good-1.png","width":280,"height":90,"caption":"Reconoce MX"},"image":{"@id":"http:\/\/www.reconoce.mx\/#\/schema\/logo\/image\/"},"sameAs":["https:\/\/es-la.facebook.com\/ReconoceMX\/","https:\/\/x.com\/reconocemx","http:\/\/@reconocemx"]},{"@type":"Person","@id":"http:\/\/www.reconoce.mx\/#\/schema\/person\/2117e997d7051dc15d6880eaf9bca0b2","name":"Reconoce MX","image":{"@type":"ImageObject","inLanguage":"es","@id":"http:\/\/www.reconoce.mx\/#\/schema\/person\/image\/","url":"https:\/\/secure.gravatar.com\/avatar\/6c8d4dc7569ca1c90c5fdcc349f839d5ddef6fe1e70b4337ead2ef1a4c43fc3a?s=96&d=identicon&r=g","contentUrl":"https:\/\/secure.gravatar.com\/avatar\/6c8d4dc7569ca1c90c5fdcc349f839d5ddef6fe1e70b4337ead2ef1a4c43fc3a?s=96&d=identicon&r=g","caption":"Reconoce MX"},"description":"Reconoce MX es un proyecto de difusi\u00f3n art\u00edstica, cultural y de conciencia social que est\u00e1 enfocado a difundir y fomentar el entretenimiento alternativo de calidad para todo el p\u00fablico que comparta el mismo entusiasmo.","sameAs":["http:\/\/www.reconoce.mx"],"url":"http:\/\/www.reconoce.mx\/?author=2"}]}},"_links":{"self":[{"href":"http:\/\/www.reconoce.mx\/index.php?rest_route=\/wp\/v2\/posts\/45792","targetHints":{"allow":["GET"]}}],"collection":[{"href":"http:\/\/www.reconoce.mx\/index.php?rest_route=\/wp\/v2\/posts"}],"about":[{"href":"http:\/\/www.reconoce.mx\/index.php?rest_route=\/wp\/v2\/types\/post"}],"author":[{"embeddable":true,"href":"http:\/\/www.reconoce.mx\/index.php?rest_route=\/wp\/v2\/users\/2"}],"replies":[{"embeddable":true,"href":"http:\/\/www.reconoce.mx\/index.php?rest_route=%2Fwp%2Fv2%2Fcomments&post=45792"}],"version-history":[{"count":3,"href":"http:\/\/www.reconoce.mx\/index.php?rest_route=\/wp\/v2\/posts\/45792\/revisions"}],"predecessor-version":[{"id":45797,"href":"http:\/\/www.reconoce.mx\/index.php?rest_route=\/wp\/v2\/posts\/45792\/revisions\/45797"}],"wp:featuredmedia":[{"embeddable":true,"href":"http:\/\/www.reconoce.mx\/index.php?rest_route=\/wp\/v2\/media\/45793"}],"wp:attachment":[{"href":"http:\/\/www.reconoce.mx\/index.php?rest_route=%2Fwp%2Fv2%2Fmedia&parent=45792"}],"wp:term":[{"taxonomy":"category","embeddable":true,"href":"http:\/\/www.reconoce.mx\/index.php?rest_route=%2Fwp%2Fv2%2Fcategories&post=45792"},{"taxonomy":"post_tag","embeddable":true,"href":"http:\/\/www.reconoce.mx\/index.php?rest_route=%2Fwp%2Fv2%2Ftags&post=45792"}],"curies":[{"name":"wp","href":"https:\/\/api.w.org\/{rel}","templated":true}]}}