{"id":45803,"date":"2016-03-30T00:02:21","date_gmt":"2016-03-30T06:02:21","guid":{"rendered":"http:\/\/www.reconoce.mx\/?p=45803"},"modified":"2016-03-30T00:13:49","modified_gmt":"2016-03-30T06:13:49","slug":"imagenes-de-la-nueva-temporada-de-orange-is-the-new-black","status":"publish","type":"post","link":"http:\/\/www.reconoce.mx\/?p=45803","title":{"rendered":"Im\u00e1genes de la nueva temporada de &#8216;Orange is the new black&#8217;"},"content":{"rendered":"<p><strong>Por <a title=\"@AsfaltosTweets\" href=\"http:\/\/twitter.com\/AsfaltosTweets\" target=\"_blank\">Asfaltos<\/a><\/strong>.<\/p>\n<p>Hace casi un mes <a href=\"http:\/\/www.reconoce.mx\/oitnb-habra-piper-para-rato-en-netflix\/\">nos mostramos entusiasmados por el anuncio de tres temporadas m\u00e1s<\/a> de la ya querida serie original de <strong>Netflix<\/strong>, \u00abOrange is the new black\u00bb. Bien, ahora con miras al estreno de la cuarta temporada, la famosa plataforma de televisi\u00f3n por <em>streaming<\/em> ha revelado un primer vistazo de lo que nos espera.<\/p>\n<p><img loading=\"lazy\" decoding=\"async\" class=\"aligncenter size-full wp-image-45808\" src=\"http:\/\/www.reconoce.mx\/wp-content\/uploads\/2016\/03\/OITNB_4040729_01916_R.jpg\" alt=\"OITNB_4040729_01916_R\" width=\"2400\" height=\"3606\" srcset=\"http:\/\/www.reconoce.mx\/wp-content\/uploads\/2016\/03\/OITNB_4040729_01916_R.jpg 2400w, http:\/\/www.reconoce.mx\/wp-content\/uploads\/2016\/03\/OITNB_4040729_01916_R-200x300.jpg 200w, http:\/\/www.reconoce.mx\/wp-content\/uploads\/2016\/03\/OITNB_4040729_01916_R-768x1154.jpg 768w, http:\/\/www.reconoce.mx\/wp-content\/uploads\/2016\/03\/OITNB_4040729_01916_R-682x1024.jpg 682w, http:\/\/www.reconoce.mx\/wp-content\/uploads\/2016\/03\/OITNB_4040729_01916_R-150x225.jpg 150w, http:\/\/www.reconoce.mx\/wp-content\/uploads\/2016\/03\/OITNB_4040729_01916_R-700x1052.jpg 700w, http:\/\/www.reconoce.mx\/wp-content\/uploads\/2016\/03\/OITNB_4040729_01916_R-658x989.jpg 658w, http:\/\/www.reconoce.mx\/wp-content\/uploads\/2016\/03\/OITNB_4040729_01916_R-300x451.jpg 300w\" sizes=\"auto, (max-width: 2400px) 100vw, 2400px\" \/><\/p>\n<p><strong>Netflix<\/strong> comparti\u00f3 las primeras im\u00e1genes de la cuarta temporada que se estrenar\u00e1 el viernes 17 de junio en todos los territorios donde la plataforma est\u00e1 disponible.<\/p>\n<p>\u00abOrange is the new black\u00bb, creada por <strong>Jenji Kohan<\/strong> (creadora tambi\u00e9n de \u00abWeeds\u00bb), es un provocativo, divertido y emotivo show acerca de la vida en una c\u00e1rcel de mujeres.<\/p>\n<p><img loading=\"lazy\" decoding=\"async\" class=\"aligncenter size-full wp-image-45807\" src=\"http:\/\/www.reconoce.mx\/wp-content\/uploads\/2016\/03\/OITNB_4040723_00031_R.jpg\" alt=\"OITNB_4040723_00031_R\" width=\"3600\" height=\"2400\" srcset=\"http:\/\/www.reconoce.mx\/wp-content\/uploads\/2016\/03\/OITNB_4040723_00031_R.jpg 3600w, http:\/\/www.reconoce.mx\/wp-content\/uploads\/2016\/03\/OITNB_4040723_00031_R-300x200.jpg 300w, http:\/\/www.reconoce.mx\/wp-content\/uploads\/2016\/03\/OITNB_4040723_00031_R-768x512.jpg 768w, http:\/\/www.reconoce.mx\/wp-content\/uploads\/2016\/03\/OITNB_4040723_00031_R-1024x683.jpg 1024w, http:\/\/www.reconoce.mx\/wp-content\/uploads\/2016\/03\/OITNB_4040723_00031_R-150x100.jpg 150w, http:\/\/www.reconoce.mx\/wp-content\/uploads\/2016\/03\/OITNB_4040723_00031_R-700x467.jpg 700w, http:\/\/www.reconoce.mx\/wp-content\/uploads\/2016\/03\/OITNB_4040723_00031_R-658x439.jpg 658w\" sizes=\"auto, (max-width: 3600px) 100vw, 3600px\" \/><\/p>\n<p><img loading=\"lazy\" decoding=\"async\" class=\"aligncenter size-full wp-image-45804\" src=\"http:\/\/www.reconoce.mx\/wp-content\/uploads\/2016\/03\/OITNB_4030720_02367_R.jpg\" alt=\"OITNB_4030720_02367_R\" width=\"7360\" height=\"4898\" srcset=\"http:\/\/www.reconoce.mx\/wp-content\/uploads\/2016\/03\/OITNB_4030720_02367_R.jpg 7360w, http:\/\/www.reconoce.mx\/wp-content\/uploads\/2016\/03\/OITNB_4030720_02367_R-300x200.jpg 300w, http:\/\/www.reconoce.mx\/wp-content\/uploads\/2016\/03\/OITNB_4030720_02367_R-768x511.jpg 768w, http:\/\/www.reconoce.mx\/wp-content\/uploads\/2016\/03\/OITNB_4030720_02367_R-1024x681.jpg 1024w, http:\/\/www.reconoce.mx\/wp-content\/uploads\/2016\/03\/OITNB_4030720_02367_R-150x100.jpg 150w, http:\/\/www.reconoce.mx\/wp-content\/uploads\/2016\/03\/OITNB_4030720_02367_R-700x466.jpg 700w, http:\/\/www.reconoce.mx\/wp-content\/uploads\/2016\/03\/OITNB_4030720_02367_R-658x438.jpg 658w\" sizes=\"auto, (max-width: 7360px) 100vw, 7360px\" \/><\/p>\n<p>La nueva temporada, basada en la historia del \u00e9xito de venta de las memorias de <strong>Piper Kerman<\/strong>, ahondar\u00e1 en las tensiones raciales y econ\u00f3micas que dominan los pasillos de Litchfield. Infestada con las nuevas reclusas y supervisado por guardias inexpertos, la c\u00e1rcel se enfrenta a una guerra cultural sin precedentes.<\/p>\n<p>Recuerda, la fecha es el 17 de junio de 2016; la plataforma es <strong>Netflix<\/strong>.<\/p>\n<p style=\"text-align: right;\">Con informaci\u00f3n e im\u00e1genes proporcionadas por <strong>Netflix<\/strong>.<\/p>\n<p>&nbsp;<\/p>\n<p>&nbsp;<\/p>\n","protected":false},"excerpt":{"rendered":"<p>Hace casi un mes nos mostramos entusiasmados por el anuncio de tres temporadas m\u00e1s de la ya querida serie original de Netflix, \u201cOrange is the new black\u201d. <\/p>\n","protected":false},"author":2,"featured_media":45810,"comment_status":"open","ping_status":"open","sticky":false,"template":"","format":"standard","meta":{"footnotes":""},"categories":[1,17,2640],"tags":[],"class_list":["post-45803","post","type-post","status-publish","format-standard","has-post-thumbnail","hentry","category-cultura","category-principal","category-series"],"yoast_head":"<!-- This site is optimized with the Yoast SEO plugin v24.7 - https:\/\/yoast.com\/wordpress\/plugins\/seo\/ -->\n<title>Im\u00e1genes de la nueva temporada de &#039;Orange is the new black&#039; &#171; Reconoce MX<\/title>\n<meta name=\"robots\" content=\"index, follow, max-snippet:-1, max-image-preview:large, max-video-preview:-1\" \/>\n<link rel=\"canonical\" href=\"http:\/\/www.reconoce.mx\/?p=45803\" \/>\n<meta property=\"og:locale\" content=\"es_ES\" \/>\n<meta property=\"og:type\" content=\"article\" \/>\n<meta property=\"og:title\" content=\"Im\u00e1genes de la nueva temporada de &#039;Orange is the new black&#039; &#171; Reconoce MX\" \/>\n<meta property=\"og:description\" content=\"Hace casi un mes nos mostramos entusiasmados por el anuncio de tres temporadas m\u00e1s de la ya querida serie original de Netflix, \u201cOrange is the new black\u201d.\" \/>\n<meta property=\"og:url\" content=\"http:\/\/www.reconoce.mx\/?p=45803\" \/>\n<meta property=\"og:site_name\" content=\"Reconoce MX\" \/>\n<meta property=\"article:publisher\" content=\"https:\/\/es-la.facebook.com\/ReconoceMX\/\" \/>\n<meta property=\"article:published_time\" content=\"2016-03-30T06:02:21+00:00\" \/>\n<meta property=\"article:modified_time\" content=\"2016-03-30T06:13:49+00:00\" \/>\n<meta property=\"og:image\" content=\"http:\/\/www.reconoce.mx\/wp-content\/uploads\/2016\/03\/otinb-cover.png\" \/>\n\t<meta property=\"og:image:width\" content=\"590\" \/>\n\t<meta property=\"og:image:height\" content=\"380\" \/>\n\t<meta property=\"og:image:type\" content=\"image\/png\" \/>\n<meta name=\"author\" content=\"Reconoce MX\" \/>\n<meta name=\"twitter:card\" content=\"summary_large_image\" \/>\n<meta name=\"twitter:creator\" content=\"@reconocemx\" \/>\n<meta name=\"twitter:site\" content=\"@reconocemx\" \/>\n<meta name=\"twitter:label1\" content=\"Escrito por\" \/>\n\t<meta name=\"twitter:data1\" content=\"Reconoce MX\" \/>\n\t<meta name=\"twitter:label2\" content=\"Tiempo de lectura\" \/>\n\t<meta name=\"twitter:data2\" content=\"1 minuto\" \/>\n<script type=\"application\/ld+json\" class=\"yoast-schema-graph\">{\"@context\":\"https:\/\/schema.org\",\"@graph\":[{\"@type\":\"Article\",\"@id\":\"http:\/\/www.reconoce.mx\/?p=45803#article\",\"isPartOf\":{\"@id\":\"http:\/\/www.reconoce.mx\/?p=45803\"},\"author\":{\"name\":\"Reconoce MX\",\"@id\":\"http:\/\/www.reconoce.mx\/#\/schema\/person\/2117e997d7051dc15d6880eaf9bca0b2\"},\"headline\":\"Im\u00e1genes de la nueva temporada de &#8216;Orange is the new black&#8217;\",\"datePublished\":\"2016-03-30T06:02:21+00:00\",\"dateModified\":\"2016-03-30T06:13:49+00:00\",\"mainEntityOfPage\":{\"@id\":\"http:\/\/www.reconoce.mx\/?p=45803\"},\"wordCount\":202,\"commentCount\":0,\"publisher\":{\"@id\":\"http:\/\/www.reconoce.mx\/#organization\"},\"image\":{\"@id\":\"http:\/\/www.reconoce.mx\/?p=45803#primaryimage\"},\"thumbnailUrl\":\"http:\/\/www.reconoce.mx\/wp-content\/uploads\/2016\/03\/otinb-cover.png\",\"articleSection\":[\"Cultura\",\"Principal\",\"Series\"],\"inLanguage\":\"es\",\"potentialAction\":[{\"@type\":\"CommentAction\",\"name\":\"Comment\",\"target\":[\"http:\/\/www.reconoce.mx\/?p=45803#respond\"]}]},{\"@type\":\"WebPage\",\"@id\":\"http:\/\/www.reconoce.mx\/?p=45803\",\"url\":\"http:\/\/www.reconoce.mx\/?p=45803\",\"name\":\"Im\u00e1genes de la nueva temporada de 'Orange is the new black' &#171; Reconoce MX\",\"isPartOf\":{\"@id\":\"http:\/\/www.reconoce.mx\/#website\"},\"primaryImageOfPage\":{\"@id\":\"http:\/\/www.reconoce.mx\/?p=45803#primaryimage\"},\"image\":{\"@id\":\"http:\/\/www.reconoce.mx\/?p=45803#primaryimage\"},\"thumbnailUrl\":\"http:\/\/www.reconoce.mx\/wp-content\/uploads\/2016\/03\/otinb-cover.png\",\"datePublished\":\"2016-03-30T06:02:21+00:00\",\"dateModified\":\"2016-03-30T06:13:49+00:00\",\"breadcrumb\":{\"@id\":\"http:\/\/www.reconoce.mx\/?p=45803#breadcrumb\"},\"inLanguage\":\"es\",\"potentialAction\":[{\"@type\":\"ReadAction\",\"target\":[\"http:\/\/www.reconoce.mx\/?p=45803\"]}]},{\"@type\":\"ImageObject\",\"inLanguage\":\"es\",\"@id\":\"http:\/\/www.reconoce.mx\/?p=45803#primaryimage\",\"url\":\"http:\/\/www.reconoce.mx\/wp-content\/uploads\/2016\/03\/otinb-cover.png\",\"contentUrl\":\"http:\/\/www.reconoce.mx\/wp-content\/uploads\/2016\/03\/otinb-cover.png\",\"width\":590,\"height\":380},{\"@type\":\"BreadcrumbList\",\"@id\":\"http:\/\/www.reconoce.mx\/?p=45803#breadcrumb\",\"itemListElement\":[{\"@type\":\"ListItem\",\"position\":1,\"name\":\"Portada\",\"item\":\"http:\/\/www.reconoce.mx\/\"},{\"@type\":\"ListItem\",\"position\":2,\"name\":\"Im\u00e1genes de la nueva temporada de &#8216;Orange is the new black&#8217;\"}]},{\"@type\":\"WebSite\",\"@id\":\"http:\/\/www.reconoce.mx\/#website\",\"url\":\"http:\/\/www.reconoce.mx\/\",\"name\":\"Reconoce MX\",\"description\":\"En Reconoce MX difundimos arte, cultura y conciencia social en M\u00e9xico. Tu ciudad en otra perspectiva.\",\"publisher\":{\"@id\":\"http:\/\/www.reconoce.mx\/#organization\"},\"potentialAction\":[{\"@type\":\"SearchAction\",\"target\":{\"@type\":\"EntryPoint\",\"urlTemplate\":\"http:\/\/www.reconoce.mx\/?s={search_term_string}\"},\"query-input\":{\"@type\":\"PropertyValueSpecification\",\"valueRequired\":true,\"valueName\":\"search_term_string\"}}],\"inLanguage\":\"es\"},{\"@type\":\"Organization\",\"@id\":\"http:\/\/www.reconoce.mx\/#organization\",\"name\":\"Reconoce MX\",\"url\":\"http:\/\/www.reconoce.mx\/\",\"logo\":{\"@type\":\"ImageObject\",\"inLanguage\":\"es\",\"@id\":\"http:\/\/www.reconoce.mx\/#\/schema\/logo\/image\/\",\"url\":\"https:\/\/www.reconoce.mx\/wp-content\/uploads\/2019\/03\/logorcmx-good-1.png\",\"contentUrl\":\"https:\/\/www.reconoce.mx\/wp-content\/uploads\/2019\/03\/logorcmx-good-1.png\",\"width\":280,\"height\":90,\"caption\":\"Reconoce MX\"},\"image\":{\"@id\":\"http:\/\/www.reconoce.mx\/#\/schema\/logo\/image\/\"},\"sameAs\":[\"https:\/\/es-la.facebook.com\/ReconoceMX\/\",\"https:\/\/x.com\/reconocemx\",\"http:\/\/@reconocemx\"]},{\"@type\":\"Person\",\"@id\":\"http:\/\/www.reconoce.mx\/#\/schema\/person\/2117e997d7051dc15d6880eaf9bca0b2\",\"name\":\"Reconoce MX\",\"image\":{\"@type\":\"ImageObject\",\"inLanguage\":\"es\",\"@id\":\"http:\/\/www.reconoce.mx\/#\/schema\/person\/image\/\",\"url\":\"https:\/\/secure.gravatar.com\/avatar\/6c8d4dc7569ca1c90c5fdcc349f839d5ddef6fe1e70b4337ead2ef1a4c43fc3a?s=96&d=identicon&r=g\",\"contentUrl\":\"https:\/\/secure.gravatar.com\/avatar\/6c8d4dc7569ca1c90c5fdcc349f839d5ddef6fe1e70b4337ead2ef1a4c43fc3a?s=96&d=identicon&r=g\",\"caption\":\"Reconoce MX\"},\"description\":\"Reconoce MX es un proyecto de difusi\u00f3n art\u00edstica, cultural y de conciencia social que est\u00e1 enfocado a difundir y fomentar el entretenimiento alternativo de calidad para todo el p\u00fablico que comparta el mismo entusiasmo.\",\"sameAs\":[\"http:\/\/www.reconoce.mx\"],\"url\":\"http:\/\/www.reconoce.mx\/?author=2\"}]}<\/script>\n<!-- \/ Yoast SEO plugin. -->","yoast_head_json":{"title":"Im\u00e1genes de la nueva temporada de 'Orange is the new black' &#171; Reconoce MX","robots":{"index":"index","follow":"follow","max-snippet":"max-snippet:-1","max-image-preview":"max-image-preview:large","max-video-preview":"max-video-preview:-1"},"canonical":"http:\/\/www.reconoce.mx\/?p=45803","og_locale":"es_ES","og_type":"article","og_title":"Im\u00e1genes de la nueva temporada de 'Orange is the new black' &#171; Reconoce MX","og_description":"Hace casi un mes nos mostramos entusiasmados por el anuncio de tres temporadas m\u00e1s de la ya querida serie original de Netflix, \u201cOrange is the new black\u201d.","og_url":"http:\/\/www.reconoce.mx\/?p=45803","og_site_name":"Reconoce MX","article_publisher":"https:\/\/es-la.facebook.com\/ReconoceMX\/","article_published_time":"2016-03-30T06:02:21+00:00","article_modified_time":"2016-03-30T06:13:49+00:00","og_image":[{"width":590,"height":380,"url":"http:\/\/www.reconoce.mx\/wp-content\/uploads\/2016\/03\/otinb-cover.png","type":"image\/png"}],"author":"Reconoce MX","twitter_card":"summary_large_image","twitter_creator":"@reconocemx","twitter_site":"@reconocemx","twitter_misc":{"Escrito por":"Reconoce MX","Tiempo de lectura":"1 minuto"},"schema":{"@context":"https:\/\/schema.org","@graph":[{"@type":"Article","@id":"http:\/\/www.reconoce.mx\/?p=45803#article","isPartOf":{"@id":"http:\/\/www.reconoce.mx\/?p=45803"},"author":{"name":"Reconoce MX","@id":"http:\/\/www.reconoce.mx\/#\/schema\/person\/2117e997d7051dc15d6880eaf9bca0b2"},"headline":"Im\u00e1genes de la nueva temporada de &#8216;Orange is the new black&#8217;","datePublished":"2016-03-30T06:02:21+00:00","dateModified":"2016-03-30T06:13:49+00:00","mainEntityOfPage":{"@id":"http:\/\/www.reconoce.mx\/?p=45803"},"wordCount":202,"commentCount":0,"publisher":{"@id":"http:\/\/www.reconoce.mx\/#organization"},"image":{"@id":"http:\/\/www.reconoce.mx\/?p=45803#primaryimage"},"thumbnailUrl":"http:\/\/www.reconoce.mx\/wp-content\/uploads\/2016\/03\/otinb-cover.png","articleSection":["Cultura","Principal","Series"],"inLanguage":"es","potentialAction":[{"@type":"CommentAction","name":"Comment","target":["http:\/\/www.reconoce.mx\/?p=45803#respond"]}]},{"@type":"WebPage","@id":"http:\/\/www.reconoce.mx\/?p=45803","url":"http:\/\/www.reconoce.mx\/?p=45803","name":"Im\u00e1genes de la nueva temporada de 'Orange is the new black' &#171; Reconoce MX","isPartOf":{"@id":"http:\/\/www.reconoce.mx\/#website"},"primaryImageOfPage":{"@id":"http:\/\/www.reconoce.mx\/?p=45803#primaryimage"},"image":{"@id":"http:\/\/www.reconoce.mx\/?p=45803#primaryimage"},"thumbnailUrl":"http:\/\/www.reconoce.mx\/wp-content\/uploads\/2016\/03\/otinb-cover.png","datePublished":"2016-03-30T06:02:21+00:00","dateModified":"2016-03-30T06:13:49+00:00","breadcrumb":{"@id":"http:\/\/www.reconoce.mx\/?p=45803#breadcrumb"},"inLanguage":"es","potentialAction":[{"@type":"ReadAction","target":["http:\/\/www.reconoce.mx\/?p=45803"]}]},{"@type":"ImageObject","inLanguage":"es","@id":"http:\/\/www.reconoce.mx\/?p=45803#primaryimage","url":"http:\/\/www.reconoce.mx\/wp-content\/uploads\/2016\/03\/otinb-cover.png","contentUrl":"http:\/\/www.reconoce.mx\/wp-content\/uploads\/2016\/03\/otinb-cover.png","width":590,"height":380},{"@type":"BreadcrumbList","@id":"http:\/\/www.reconoce.mx\/?p=45803#breadcrumb","itemListElement":[{"@type":"ListItem","position":1,"name":"Portada","item":"http:\/\/www.reconoce.mx\/"},{"@type":"ListItem","position":2,"name":"Im\u00e1genes de la nueva temporada de &#8216;Orange is the new black&#8217;"}]},{"@type":"WebSite","@id":"http:\/\/www.reconoce.mx\/#website","url":"http:\/\/www.reconoce.mx\/","name":"Reconoce MX","description":"En Reconoce MX difundimos arte, cultura y conciencia social en M\u00e9xico. Tu ciudad en otra perspectiva.","publisher":{"@id":"http:\/\/www.reconoce.mx\/#organization"},"potentialAction":[{"@type":"SearchAction","target":{"@type":"EntryPoint","urlTemplate":"http:\/\/www.reconoce.mx\/?s={search_term_string}"},"query-input":{"@type":"PropertyValueSpecification","valueRequired":true,"valueName":"search_term_string"}}],"inLanguage":"es"},{"@type":"Organization","@id":"http:\/\/www.reconoce.mx\/#organization","name":"Reconoce MX","url":"http:\/\/www.reconoce.mx\/","logo":{"@type":"ImageObject","inLanguage":"es","@id":"http:\/\/www.reconoce.mx\/#\/schema\/logo\/image\/","url":"https:\/\/www.reconoce.mx\/wp-content\/uploads\/2019\/03\/logorcmx-good-1.png","contentUrl":"https:\/\/www.reconoce.mx\/wp-content\/uploads\/2019\/03\/logorcmx-good-1.png","width":280,"height":90,"caption":"Reconoce MX"},"image":{"@id":"http:\/\/www.reconoce.mx\/#\/schema\/logo\/image\/"},"sameAs":["https:\/\/es-la.facebook.com\/ReconoceMX\/","https:\/\/x.com\/reconocemx","http:\/\/@reconocemx"]},{"@type":"Person","@id":"http:\/\/www.reconoce.mx\/#\/schema\/person\/2117e997d7051dc15d6880eaf9bca0b2","name":"Reconoce MX","image":{"@type":"ImageObject","inLanguage":"es","@id":"http:\/\/www.reconoce.mx\/#\/schema\/person\/image\/","url":"https:\/\/secure.gravatar.com\/avatar\/6c8d4dc7569ca1c90c5fdcc349f839d5ddef6fe1e70b4337ead2ef1a4c43fc3a?s=96&d=identicon&r=g","contentUrl":"https:\/\/secure.gravatar.com\/avatar\/6c8d4dc7569ca1c90c5fdcc349f839d5ddef6fe1e70b4337ead2ef1a4c43fc3a?s=96&d=identicon&r=g","caption":"Reconoce MX"},"description":"Reconoce MX es un proyecto de difusi\u00f3n art\u00edstica, cultural y de conciencia social que est\u00e1 enfocado a difundir y fomentar el entretenimiento alternativo de calidad para todo el p\u00fablico que comparta el mismo entusiasmo.","sameAs":["http:\/\/www.reconoce.mx"],"url":"http:\/\/www.reconoce.mx\/?author=2"}]}},"_links":{"self":[{"href":"http:\/\/www.reconoce.mx\/index.php?rest_route=\/wp\/v2\/posts\/45803","targetHints":{"allow":["GET"]}}],"collection":[{"href":"http:\/\/www.reconoce.mx\/index.php?rest_route=\/wp\/v2\/posts"}],"about":[{"href":"http:\/\/www.reconoce.mx\/index.php?rest_route=\/wp\/v2\/types\/post"}],"author":[{"embeddable":true,"href":"http:\/\/www.reconoce.mx\/index.php?rest_route=\/wp\/v2\/users\/2"}],"replies":[{"embeddable":true,"href":"http:\/\/www.reconoce.mx\/index.php?rest_route=%2Fwp%2Fv2%2Fcomments&post=45803"}],"version-history":[{"count":2,"href":"http:\/\/www.reconoce.mx\/index.php?rest_route=\/wp\/v2\/posts\/45803\/revisions"}],"predecessor-version":[{"id":45812,"href":"http:\/\/www.reconoce.mx\/index.php?rest_route=\/wp\/v2\/posts\/45803\/revisions\/45812"}],"wp:featuredmedia":[{"embeddable":true,"href":"http:\/\/www.reconoce.mx\/index.php?rest_route=\/wp\/v2\/media\/45810"}],"wp:attachment":[{"href":"http:\/\/www.reconoce.mx\/index.php?rest_route=%2Fwp%2Fv2%2Fmedia&parent=45803"}],"wp:term":[{"taxonomy":"category","embeddable":true,"href":"http:\/\/www.reconoce.mx\/index.php?rest_route=%2Fwp%2Fv2%2Fcategories&post=45803"},{"taxonomy":"post_tag","embeddable":true,"href":"http:\/\/www.reconoce.mx\/index.php?rest_route=%2Fwp%2Fv2%2Ftags&post=45803"}],"curies":[{"name":"wp","href":"https:\/\/api.w.org\/{rel}","templated":true}]}}