{"id":45813,"date":"2016-03-30T00:01:43","date_gmt":"2016-03-30T06:01:43","guid":{"rendered":"http:\/\/www.reconoce.mx\/?p=45813"},"modified":"2016-03-30T00:13:27","modified_gmt":"2016-03-30T06:13:27","slug":"fenix-abre-su-convocatoria-para-largos-de-ficcion-y-documental","status":"publish","type":"post","link":"http:\/\/www.reconoce.mx\/?p=45813","title":{"rendered":"F\u00e9nix\u00ae abre su convocatoria para largos de ficci\u00f3n y documental"},"content":{"rendered":"<p><strong>Por <a title=\"@AsfaltosTweets\" href=\"http:\/\/twitter.com\/AsfaltosTweets\" target=\"_blank\">Asfaltos<\/a><\/strong>.<\/p>\n<p>El premio iberoamericano de cine <strong>F\u00e9nix\u00ae<\/strong>, organizado por la asociaci\u00f3n <strong>Cinema23<\/strong> que promueve y difunde la cultura cinematogr\u00e1fica en Iberoam\u00e9rica, invita a los realizadores de cine de la zona a registrar sus obras y participar en su tercera edici\u00f3n, la cual se transmitir\u00e1 en vivo y en directo por televisi\u00f3n a m\u00e1s de 30 pa\u00edses a finales del a\u00f1o en curso.<\/p>\n<p>Las categor\u00edas a participar son: \u00abDirecci\u00f3n\u00bb, \u00abGui\u00f3n\u00bb, \u00abActuaci\u00f3n masculina\u00bb, \u00abActuaci\u00f3n femenina\u00bb, \u00abFotograf\u00eda de ficci\u00f3n\u00bb, \u00abSonido\u00bb, \u00abDise\u00f1o de arte\u00bb, \u00abVestuario\u00bb, \u00abM\u00fasica original\u00bb, \u00abEdici\u00f3n\u00bb, \u00abLargometraje ficci\u00f3n\u00bb, \u00abLargometraje documental\u00bb y \u00abFotograf\u00eda documental\u00bb. Las categor\u00edas pueden tener hasta un m\u00e1ximo de cinco nominaciones cada una, excepto \u00abLargometraje de ficci\u00f3n\u00bb que puede incluir siete.<\/p>\n<p>Para participar, los largometrajes deben cumplir con las siguientes caracter\u00edsticas:<\/p>\n<ul>\n<li>Contar con al menos un pa\u00eds iberoamericano como coproductor.<\/li>\n<li>Duraci\u00f3n m\u00ednima de 60 minutos.<\/li>\n<li>Haber sido exhibido p\u00fablicamente en una sala cinematogr\u00e1fica \u2013ya sea en funci\u00f3n comercial o en festival de cine\u2013 en cualquier parte del mundo, entre el 26 de mayo de 2015 y 22 de mayo de 2016.<\/li>\n<li>Filmado o capturado en cualquier formato, de forma que se pueda proyectar en 35 mil\u00edmetros o digitalmente.<\/li>\n<li>No se aceptan: trabajos con fines promocionales, institucionales, publicitarios o series de televisi\u00f3n; trabajos con formato para televisi\u00f3n o cualquier otra plataforma no cinematogr\u00e1fica; largometrajes de animaci\u00f3n y pel\u00edculas estrenadas en televisi\u00f3n o internet.<\/li>\n<\/ul>\n<p>Las nominaciones ser\u00e1n establecidas por un grupo plural de destacados cr\u00edticos, investigadores, acad\u00e9micos, promotores, directores de festivales y programadores de cine iberoamericanos, adem\u00e1s de directores y programadores de festivales de cine de otras regiones y consejos t\u00e9cnicos conformados por profesionales de distintas categor\u00edas. El n\u00famero de asesores participantes por cada pa\u00eds est\u00e1 establecido en relaci\u00f3n al n\u00famero de estrenos por a\u00f1o de cintas de ficci\u00f3n de cada pa\u00eds.<\/p>\n<p>Para registrar las obras hay que ingresar <a href=\"http:\/\/premiosfenix.com\/en\/convocatoria-2016\/\" target=\"_blank\">aqu\u00ed<\/a>, y llenar el formulario correspondiente. Para conocer m\u00e1s de <strong>F\u00e9nix\u00ae<\/strong>, visita el <a href=\"http:\/\/premiosfenix.com\/\" target=\"_blank\">sitio oficial<\/a>.<\/p>\n<p style=\"text-align: right;\">Con informaci\u00f3n e imagen oficial proporcionadas por <strong>Another Company<\/strong>.<\/p>\n<p>&nbsp;<\/p>\n<p>&nbsp;<\/p>\n","protected":false},"excerpt":{"rendered":"<p>El premio iberoamericano de cine F\u00e9nix\u00ae, organizado por la asociaci\u00f3n Cinema23 que promueve y difunde la cultura cinematogr\u00e1fica en Iberoam\u00e9rica, invita a los realizadores de cine de la zona a registrar sus obras y participar en su tercera edici\u00f3n.<\/p>\n","protected":false},"author":2,"featured_media":45814,"comment_status":"open","ping_status":"open","sticky":false,"template":"","format":"standard","meta":{"footnotes":""},"categories":[24,1,17],"tags":[],"class_list":["post-45813","post","type-post","status-publish","format-standard","has-post-thumbnail","hentry","category-cine","category-cultura","category-principal"],"yoast_head":"<!-- This site is optimized with the Yoast SEO plugin v24.7 - https:\/\/yoast.com\/wordpress\/plugins\/seo\/ -->\n<title>F\u00e9nix\u00ae abre su convocatoria para largos de ficci\u00f3n y documental &#171; Reconoce MX<\/title>\n<meta name=\"robots\" content=\"index, follow, max-snippet:-1, max-image-preview:large, max-video-preview:-1\" \/>\n<link rel=\"canonical\" href=\"http:\/\/www.reconoce.mx\/?p=45813\" \/>\n<meta property=\"og:locale\" content=\"es_ES\" \/>\n<meta property=\"og:type\" content=\"article\" \/>\n<meta property=\"og:title\" content=\"F\u00e9nix\u00ae abre su convocatoria para largos de ficci\u00f3n y documental &#171; Reconoce MX\" \/>\n<meta property=\"og:description\" content=\"El premio iberoamericano de cine F\u00e9nix\u00ae, organizado por la asociaci\u00f3n Cinema23 que promueve y difunde la cultura cinematogr\u00e1fica en Iberoam\u00e9rica, invita a los realizadores de cine de la zona a registrar sus obras y participar en su tercera edici\u00f3n.\" \/>\n<meta property=\"og:url\" content=\"http:\/\/www.reconoce.mx\/?p=45813\" \/>\n<meta property=\"og:site_name\" content=\"Reconoce MX\" \/>\n<meta property=\"article:publisher\" content=\"https:\/\/es-la.facebook.com\/ReconoceMX\/\" \/>\n<meta property=\"article:published_time\" content=\"2016-03-30T06:01:43+00:00\" \/>\n<meta property=\"article:modified_time\" content=\"2016-03-30T06:13:27+00:00\" \/>\n<meta property=\"og:image\" content=\"http:\/\/www.reconoce.mx\/wp-content\/uploads\/2016\/03\/premiosfenix-cover.png\" \/>\n\t<meta property=\"og:image:width\" content=\"590\" \/>\n\t<meta property=\"og:image:height\" content=\"380\" \/>\n\t<meta property=\"og:image:type\" content=\"image\/png\" \/>\n<meta name=\"author\" content=\"Reconoce MX\" \/>\n<meta name=\"twitter:card\" content=\"summary_large_image\" \/>\n<meta name=\"twitter:creator\" content=\"@reconocemx\" \/>\n<meta name=\"twitter:site\" content=\"@reconocemx\" \/>\n<meta name=\"twitter:label1\" content=\"Escrito por\" \/>\n\t<meta name=\"twitter:data1\" content=\"Reconoce MX\" \/>\n\t<meta name=\"twitter:label2\" content=\"Tiempo de lectura\" \/>\n\t<meta name=\"twitter:data2\" content=\"2 minutos\" \/>\n<script type=\"application\/ld+json\" class=\"yoast-schema-graph\">{\"@context\":\"https:\/\/schema.org\",\"@graph\":[{\"@type\":\"Article\",\"@id\":\"http:\/\/www.reconoce.mx\/?p=45813#article\",\"isPartOf\":{\"@id\":\"http:\/\/www.reconoce.mx\/?p=45813\"},\"author\":{\"name\":\"Reconoce MX\",\"@id\":\"http:\/\/www.reconoce.mx\/#\/schema\/person\/2117e997d7051dc15d6880eaf9bca0b2\"},\"headline\":\"F\u00e9nix\u00ae abre su convocatoria para largos de ficci\u00f3n y documental\",\"datePublished\":\"2016-03-30T06:01:43+00:00\",\"dateModified\":\"2016-03-30T06:13:27+00:00\",\"mainEntityOfPage\":{\"@id\":\"http:\/\/www.reconoce.mx\/?p=45813\"},\"wordCount\":383,\"commentCount\":0,\"publisher\":{\"@id\":\"http:\/\/www.reconoce.mx\/#organization\"},\"image\":{\"@id\":\"http:\/\/www.reconoce.mx\/?p=45813#primaryimage\"},\"thumbnailUrl\":\"http:\/\/www.reconoce.mx\/wp-content\/uploads\/2016\/03\/premiosfenix-cover.png\",\"articleSection\":[\"Cine\",\"Cultura\",\"Principal\"],\"inLanguage\":\"es\",\"potentialAction\":[{\"@type\":\"CommentAction\",\"name\":\"Comment\",\"target\":[\"http:\/\/www.reconoce.mx\/?p=45813#respond\"]}]},{\"@type\":\"WebPage\",\"@id\":\"http:\/\/www.reconoce.mx\/?p=45813\",\"url\":\"http:\/\/www.reconoce.mx\/?p=45813\",\"name\":\"F\u00e9nix\u00ae abre su convocatoria para largos de ficci\u00f3n y documental &#171; Reconoce MX\",\"isPartOf\":{\"@id\":\"http:\/\/www.reconoce.mx\/#website\"},\"primaryImageOfPage\":{\"@id\":\"http:\/\/www.reconoce.mx\/?p=45813#primaryimage\"},\"image\":{\"@id\":\"http:\/\/www.reconoce.mx\/?p=45813#primaryimage\"},\"thumbnailUrl\":\"http:\/\/www.reconoce.mx\/wp-content\/uploads\/2016\/03\/premiosfenix-cover.png\",\"datePublished\":\"2016-03-30T06:01:43+00:00\",\"dateModified\":\"2016-03-30T06:13:27+00:00\",\"breadcrumb\":{\"@id\":\"http:\/\/www.reconoce.mx\/?p=45813#breadcrumb\"},\"inLanguage\":\"es\",\"potentialAction\":[{\"@type\":\"ReadAction\",\"target\":[\"http:\/\/www.reconoce.mx\/?p=45813\"]}]},{\"@type\":\"ImageObject\",\"inLanguage\":\"es\",\"@id\":\"http:\/\/www.reconoce.mx\/?p=45813#primaryimage\",\"url\":\"http:\/\/www.reconoce.mx\/wp-content\/uploads\/2016\/03\/premiosfenix-cover.png\",\"contentUrl\":\"http:\/\/www.reconoce.mx\/wp-content\/uploads\/2016\/03\/premiosfenix-cover.png\",\"width\":590,\"height\":380},{\"@type\":\"BreadcrumbList\",\"@id\":\"http:\/\/www.reconoce.mx\/?p=45813#breadcrumb\",\"itemListElement\":[{\"@type\":\"ListItem\",\"position\":1,\"name\":\"Portada\",\"item\":\"http:\/\/www.reconoce.mx\/\"},{\"@type\":\"ListItem\",\"position\":2,\"name\":\"F\u00e9nix\u00ae abre su convocatoria para largos de ficci\u00f3n y documental\"}]},{\"@type\":\"WebSite\",\"@id\":\"http:\/\/www.reconoce.mx\/#website\",\"url\":\"http:\/\/www.reconoce.mx\/\",\"name\":\"Reconoce MX\",\"description\":\"En Reconoce MX difundimos arte, cultura y conciencia social en M\u00e9xico. Tu ciudad en otra perspectiva.\",\"publisher\":{\"@id\":\"http:\/\/www.reconoce.mx\/#organization\"},\"potentialAction\":[{\"@type\":\"SearchAction\",\"target\":{\"@type\":\"EntryPoint\",\"urlTemplate\":\"http:\/\/www.reconoce.mx\/?s={search_term_string}\"},\"query-input\":{\"@type\":\"PropertyValueSpecification\",\"valueRequired\":true,\"valueName\":\"search_term_string\"}}],\"inLanguage\":\"es\"},{\"@type\":\"Organization\",\"@id\":\"http:\/\/www.reconoce.mx\/#organization\",\"name\":\"Reconoce MX\",\"url\":\"http:\/\/www.reconoce.mx\/\",\"logo\":{\"@type\":\"ImageObject\",\"inLanguage\":\"es\",\"@id\":\"http:\/\/www.reconoce.mx\/#\/schema\/logo\/image\/\",\"url\":\"https:\/\/www.reconoce.mx\/wp-content\/uploads\/2019\/03\/logorcmx-good-1.png\",\"contentUrl\":\"https:\/\/www.reconoce.mx\/wp-content\/uploads\/2019\/03\/logorcmx-good-1.png\",\"width\":280,\"height\":90,\"caption\":\"Reconoce MX\"},\"image\":{\"@id\":\"http:\/\/www.reconoce.mx\/#\/schema\/logo\/image\/\"},\"sameAs\":[\"https:\/\/es-la.facebook.com\/ReconoceMX\/\",\"https:\/\/x.com\/reconocemx\",\"http:\/\/@reconocemx\"]},{\"@type\":\"Person\",\"@id\":\"http:\/\/www.reconoce.mx\/#\/schema\/person\/2117e997d7051dc15d6880eaf9bca0b2\",\"name\":\"Reconoce MX\",\"image\":{\"@type\":\"ImageObject\",\"inLanguage\":\"es\",\"@id\":\"http:\/\/www.reconoce.mx\/#\/schema\/person\/image\/\",\"url\":\"https:\/\/secure.gravatar.com\/avatar\/6c8d4dc7569ca1c90c5fdcc349f839d5ddef6fe1e70b4337ead2ef1a4c43fc3a?s=96&d=identicon&r=g\",\"contentUrl\":\"https:\/\/secure.gravatar.com\/avatar\/6c8d4dc7569ca1c90c5fdcc349f839d5ddef6fe1e70b4337ead2ef1a4c43fc3a?s=96&d=identicon&r=g\",\"caption\":\"Reconoce MX\"},\"description\":\"Reconoce MX es un proyecto de difusi\u00f3n art\u00edstica, cultural y de conciencia social que est\u00e1 enfocado a difundir y fomentar el entretenimiento alternativo de calidad para todo el p\u00fablico que comparta el mismo entusiasmo.\",\"sameAs\":[\"http:\/\/www.reconoce.mx\"],\"url\":\"http:\/\/www.reconoce.mx\/?author=2\"}]}<\/script>\n<!-- \/ Yoast SEO plugin. -->","yoast_head_json":{"title":"F\u00e9nix\u00ae abre su convocatoria para largos de ficci\u00f3n y documental &#171; Reconoce MX","robots":{"index":"index","follow":"follow","max-snippet":"max-snippet:-1","max-image-preview":"max-image-preview:large","max-video-preview":"max-video-preview:-1"},"canonical":"http:\/\/www.reconoce.mx\/?p=45813","og_locale":"es_ES","og_type":"article","og_title":"F\u00e9nix\u00ae abre su convocatoria para largos de ficci\u00f3n y documental &#171; Reconoce MX","og_description":"El premio iberoamericano de cine F\u00e9nix\u00ae, organizado por la asociaci\u00f3n Cinema23 que promueve y difunde la cultura cinematogr\u00e1fica en Iberoam\u00e9rica, invita a los realizadores de cine de la zona a registrar sus obras y participar en su tercera edici\u00f3n.","og_url":"http:\/\/www.reconoce.mx\/?p=45813","og_site_name":"Reconoce MX","article_publisher":"https:\/\/es-la.facebook.com\/ReconoceMX\/","article_published_time":"2016-03-30T06:01:43+00:00","article_modified_time":"2016-03-30T06:13:27+00:00","og_image":[{"width":590,"height":380,"url":"http:\/\/www.reconoce.mx\/wp-content\/uploads\/2016\/03\/premiosfenix-cover.png","type":"image\/png"}],"author":"Reconoce MX","twitter_card":"summary_large_image","twitter_creator":"@reconocemx","twitter_site":"@reconocemx","twitter_misc":{"Escrito por":"Reconoce MX","Tiempo de lectura":"2 minutos"},"schema":{"@context":"https:\/\/schema.org","@graph":[{"@type":"Article","@id":"http:\/\/www.reconoce.mx\/?p=45813#article","isPartOf":{"@id":"http:\/\/www.reconoce.mx\/?p=45813"},"author":{"name":"Reconoce MX","@id":"http:\/\/www.reconoce.mx\/#\/schema\/person\/2117e997d7051dc15d6880eaf9bca0b2"},"headline":"F\u00e9nix\u00ae abre su convocatoria para largos de ficci\u00f3n y documental","datePublished":"2016-03-30T06:01:43+00:00","dateModified":"2016-03-30T06:13:27+00:00","mainEntityOfPage":{"@id":"http:\/\/www.reconoce.mx\/?p=45813"},"wordCount":383,"commentCount":0,"publisher":{"@id":"http:\/\/www.reconoce.mx\/#organization"},"image":{"@id":"http:\/\/www.reconoce.mx\/?p=45813#primaryimage"},"thumbnailUrl":"http:\/\/www.reconoce.mx\/wp-content\/uploads\/2016\/03\/premiosfenix-cover.png","articleSection":["Cine","Cultura","Principal"],"inLanguage":"es","potentialAction":[{"@type":"CommentAction","name":"Comment","target":["http:\/\/www.reconoce.mx\/?p=45813#respond"]}]},{"@type":"WebPage","@id":"http:\/\/www.reconoce.mx\/?p=45813","url":"http:\/\/www.reconoce.mx\/?p=45813","name":"F\u00e9nix\u00ae abre su convocatoria para largos de ficci\u00f3n y documental &#171; Reconoce MX","isPartOf":{"@id":"http:\/\/www.reconoce.mx\/#website"},"primaryImageOfPage":{"@id":"http:\/\/www.reconoce.mx\/?p=45813#primaryimage"},"image":{"@id":"http:\/\/www.reconoce.mx\/?p=45813#primaryimage"},"thumbnailUrl":"http:\/\/www.reconoce.mx\/wp-content\/uploads\/2016\/03\/premiosfenix-cover.png","datePublished":"2016-03-30T06:01:43+00:00","dateModified":"2016-03-30T06:13:27+00:00","breadcrumb":{"@id":"http:\/\/www.reconoce.mx\/?p=45813#breadcrumb"},"inLanguage":"es","potentialAction":[{"@type":"ReadAction","target":["http:\/\/www.reconoce.mx\/?p=45813"]}]},{"@type":"ImageObject","inLanguage":"es","@id":"http:\/\/www.reconoce.mx\/?p=45813#primaryimage","url":"http:\/\/www.reconoce.mx\/wp-content\/uploads\/2016\/03\/premiosfenix-cover.png","contentUrl":"http:\/\/www.reconoce.mx\/wp-content\/uploads\/2016\/03\/premiosfenix-cover.png","width":590,"height":380},{"@type":"BreadcrumbList","@id":"http:\/\/www.reconoce.mx\/?p=45813#breadcrumb","itemListElement":[{"@type":"ListItem","position":1,"name":"Portada","item":"http:\/\/www.reconoce.mx\/"},{"@type":"ListItem","position":2,"name":"F\u00e9nix\u00ae abre su convocatoria para largos de ficci\u00f3n y documental"}]},{"@type":"WebSite","@id":"http:\/\/www.reconoce.mx\/#website","url":"http:\/\/www.reconoce.mx\/","name":"Reconoce MX","description":"En Reconoce MX difundimos arte, cultura y conciencia social en M\u00e9xico. Tu ciudad en otra perspectiva.","publisher":{"@id":"http:\/\/www.reconoce.mx\/#organization"},"potentialAction":[{"@type":"SearchAction","target":{"@type":"EntryPoint","urlTemplate":"http:\/\/www.reconoce.mx\/?s={search_term_string}"},"query-input":{"@type":"PropertyValueSpecification","valueRequired":true,"valueName":"search_term_string"}}],"inLanguage":"es"},{"@type":"Organization","@id":"http:\/\/www.reconoce.mx\/#organization","name":"Reconoce MX","url":"http:\/\/www.reconoce.mx\/","logo":{"@type":"ImageObject","inLanguage":"es","@id":"http:\/\/www.reconoce.mx\/#\/schema\/logo\/image\/","url":"https:\/\/www.reconoce.mx\/wp-content\/uploads\/2019\/03\/logorcmx-good-1.png","contentUrl":"https:\/\/www.reconoce.mx\/wp-content\/uploads\/2019\/03\/logorcmx-good-1.png","width":280,"height":90,"caption":"Reconoce MX"},"image":{"@id":"http:\/\/www.reconoce.mx\/#\/schema\/logo\/image\/"},"sameAs":["https:\/\/es-la.facebook.com\/ReconoceMX\/","https:\/\/x.com\/reconocemx","http:\/\/@reconocemx"]},{"@type":"Person","@id":"http:\/\/www.reconoce.mx\/#\/schema\/person\/2117e997d7051dc15d6880eaf9bca0b2","name":"Reconoce MX","image":{"@type":"ImageObject","inLanguage":"es","@id":"http:\/\/www.reconoce.mx\/#\/schema\/person\/image\/","url":"https:\/\/secure.gravatar.com\/avatar\/6c8d4dc7569ca1c90c5fdcc349f839d5ddef6fe1e70b4337ead2ef1a4c43fc3a?s=96&d=identicon&r=g","contentUrl":"https:\/\/secure.gravatar.com\/avatar\/6c8d4dc7569ca1c90c5fdcc349f839d5ddef6fe1e70b4337ead2ef1a4c43fc3a?s=96&d=identicon&r=g","caption":"Reconoce MX"},"description":"Reconoce MX es un proyecto de difusi\u00f3n art\u00edstica, cultural y de conciencia social que est\u00e1 enfocado a difundir y fomentar el entretenimiento alternativo de calidad para todo el p\u00fablico que comparta el mismo entusiasmo.","sameAs":["http:\/\/www.reconoce.mx"],"url":"http:\/\/www.reconoce.mx\/?author=2"}]}},"_links":{"self":[{"href":"http:\/\/www.reconoce.mx\/index.php?rest_route=\/wp\/v2\/posts\/45813","targetHints":{"allow":["GET"]}}],"collection":[{"href":"http:\/\/www.reconoce.mx\/index.php?rest_route=\/wp\/v2\/posts"}],"about":[{"href":"http:\/\/www.reconoce.mx\/index.php?rest_route=\/wp\/v2\/types\/post"}],"author":[{"embeddable":true,"href":"http:\/\/www.reconoce.mx\/index.php?rest_route=\/wp\/v2\/users\/2"}],"replies":[{"embeddable":true,"href":"http:\/\/www.reconoce.mx\/index.php?rest_route=%2Fwp%2Fv2%2Fcomments&post=45813"}],"version-history":[{"count":4,"href":"http:\/\/www.reconoce.mx\/index.php?rest_route=\/wp\/v2\/posts\/45813\/revisions"}],"predecessor-version":[{"id":45818,"href":"http:\/\/www.reconoce.mx\/index.php?rest_route=\/wp\/v2\/posts\/45813\/revisions\/45818"}],"wp:featuredmedia":[{"embeddable":true,"href":"http:\/\/www.reconoce.mx\/index.php?rest_route=\/wp\/v2\/media\/45814"}],"wp:attachment":[{"href":"http:\/\/www.reconoce.mx\/index.php?rest_route=%2Fwp%2Fv2%2Fmedia&parent=45813"}],"wp:term":[{"taxonomy":"category","embeddable":true,"href":"http:\/\/www.reconoce.mx\/index.php?rest_route=%2Fwp%2Fv2%2Fcategories&post=45813"},{"taxonomy":"post_tag","embeddable":true,"href":"http:\/\/www.reconoce.mx\/index.php?rest_route=%2Fwp%2Fv2%2Ftags&post=45813"}],"curies":[{"name":"wp","href":"https:\/\/api.w.org\/{rel}","templated":true}]}}