{"id":45819,"date":"2016-03-29T00:02:48","date_gmt":"2016-03-29T06:02:48","guid":{"rendered":"http:\/\/www.reconoce.mx\/?p=45819"},"modified":"2016-03-29T09:52:12","modified_gmt":"2016-03-29T15:52:12","slug":"museo-memoria-y-tolerancia-opcion-para-distraer-a-los-mas-pequenos","status":"publish","type":"post","link":"http:\/\/www.reconoce.mx\/?p=45819","title":{"rendered":"Museo Memoria y Tolerancia, opci\u00f3n vacacional"},"content":{"rendered":"<p><strong>Por\u00a0<a title=\"@enriquefa86\" href=\"http:\/\/twitter.com\/enriquefa86\" target=\"_blank\">Enrique Figueroa Anaya<\/a><\/strong>.<\/p>\n<p>Si bien para la mayor\u00eda de los adultos las \u00abvacaciones\u00bb de Semana Santa han finalizado, para los m\u00e1s peque\u00f1os la presente semana sigue siendo de descanso, y en muchos casos de confinamiento en sus hogares. \u00a1Pero no! Queremos que salgan y disfruten de la capital, y qu\u00e9 mejor que en un espacio pensado para todo el p\u00fablico. S\u00ed, me refiero al <strong>Museo Memoria y Tolerancia<\/strong>.<\/p>\n<p><img loading=\"lazy\" decoding=\"async\" class=\"aligncenter size-full wp-image-45822\" src=\"http:\/\/www.reconoce.mx\/wp-content\/uploads\/2016\/03\/5-1.jpg\" alt=\"5\" width=\"2048\" height=\"1153\" srcset=\"http:\/\/www.reconoce.mx\/wp-content\/uploads\/2016\/03\/5-1.jpg 2048w, http:\/\/www.reconoce.mx\/wp-content\/uploads\/2016\/03\/5-1-300x169.jpg 300w, http:\/\/www.reconoce.mx\/wp-content\/uploads\/2016\/03\/5-1-768x432.jpg 768w, http:\/\/www.reconoce.mx\/wp-content\/uploads\/2016\/03\/5-1-1024x577.jpg 1024w, http:\/\/www.reconoce.mx\/wp-content\/uploads\/2016\/03\/5-1-150x84.jpg 150w, http:\/\/www.reconoce.mx\/wp-content\/uploads\/2016\/03\/5-1-700x394.jpg 700w, http:\/\/www.reconoce.mx\/wp-content\/uploads\/2016\/03\/5-1-658x370.jpg 658w\" sizes=\"auto, (max-width: 2048px) 100vw, 2048px\" \/><\/p>\n<p>El <strong>Museo Memoria y Tolerancia<\/strong> es una gran opci\u00f3n para esta segunda semana de vacaciones con motivo de la Semana Santa, pues presenta opciones para todas las edades a trav\u00e9s de sus exposiciones temporales y permanentes, as\u00ed como un espacio pensado para los ni\u00f1os. En esta temporada vacacional el <strong>MYT<\/strong> cuenta con un horario extendido de 9 a 20 horas.<\/p>\n<p>El <strong>Museo Memoria y Tolerancia<\/strong> es un foro \u00fanico en su tipo en M\u00e9xico que abri\u00f3 sus puertas en 2010 con el fin de crear conciencia y educar en los valores de la tolerancia, el respeto, el di\u00e1logo y la diversidad. Sus exposiciones buscan transmitir el valor de la tolerancia a trav\u00e9s de la memoria hist\u00f3rica de los genocidios.<\/p>\n<p>Dentro de las exhibiciones actuales se encuentran:<\/p>\n<h2><strong>Yoko Ono &#8211; Tierra de esperanza<\/strong><\/h2>\n<p>Reconocida en el mundo por sus obras pl\u00e1sticas e inquebrantable esp\u00edritu activista,<strong> Yoko Ono<\/strong> visit\u00f3 el <strong>Museo Memoria y Tolerancia<\/strong> para inaugurar \u00abTierra de esperanza\u00bb, exposici\u00f3n que por primera vez en M\u00e9xico muestra la extensa y diversa carrera de una de las artistas m\u00e1s inspiradoras de nuestro tiempo. Forma parte de esta exposici\u00f3n participativa y experiencial especialmente realizada para la Ciudad de M\u00e9xico.<\/p>\n<p>\u00abYoko Ono &#8211; Tierra de esperanza\u00bb estar\u00e1 abierta al p\u00fablico hasta el 29 de mayo de 2016.<\/p>\n<h2><strong>Migrantes. M\u00e1s all\u00e1 de las fronteras<\/strong><\/h2>\n<p>Esta exposici\u00f3n muestra el lado humano de la migraci\u00f3n al brindar un recorrido por los distintos aspectos de la migraci\u00f3n: los ideales y los problemas, el rechazo, la marginaci\u00f3n, el \u00e9xito, la lucha, la supervivencia y sobre todo la esperanza que no abandona a todo aquel que decide migrar ya sea a causa de guerra, violencia, desastres naturales o el deseo de una vida mejor. Conoce las ocho \u00e1reas que incluye la participaci\u00f3n de organizaciones de la sociedad civil, instituciones gubernamentales e investigadores especializados en el tema.<\/p>\n<p>\u00abMigrantes. M\u00e1s all\u00e1 de las fronteras\u00bb estar\u00e1 abierta al p\u00fablico hasta abril de 2016.<\/p>\n<h2><strong>Exposici\u00f3n permanente<\/strong><\/h2>\n<p>Cuenta con 3 pisos de exhibici\u00f3n y 800 piezas originales divididas en dos grandes \u00e1reas.-<\/p>\n<p><strong>\u00a0<u>Memoria<\/u><\/strong>: En esta \u00e1rea se exhiben aquellos cr\u00edmenes perpetrados a partir del siglo XX que han sido reconocidos como genocidio para recordar la memoria de las v\u00edctimas y evitar que episodios semejantes ocurran en nuestra sociedad, sus salas exhiben:<\/p>\n<ul>\n<li>El Holocausto<\/li>\n<li>Ruanda<\/li>\n<li>Srebrenica (ex Yugoslavia)<\/li>\n<li>Camboya<\/li>\n<li>Guatemala<\/li>\n<li>Darfur<\/li>\n<\/ul>\n<p><strong><u>Tolerancia:<\/u><\/strong> Mientras que la intolerancia ha generado consecuencias oscuras en la historia de la humanidad, la tolerancia ha contribuido a la libertad, justicia y paz. En esta secci\u00f3n se abordan de forma interactiva los temas de discriminaci\u00f3n, Derechos Humanos y diversidad para fomentar la acci\u00f3n social en el visitante.<\/p>\n<h2><strong>Museo infantil: Isla Panwapa<\/strong><\/h2>\n<p>Es un innovador programa educativo creado en colaboraci\u00f3n con <strong>Plaza S\u00e9samo<\/strong> que motiva a trabajar en el desarrollo de valores como la tolerancia, la responsabilidad y el respeto a las diferencias a trav\u00e9s de exhibiciones interactivas donde se podr\u00e1n vivenciar dichos valores. Este espacio est\u00e1 dirigido al p\u00fablico infantil en edades de 4 a 12 a\u00f1os, donde a lo largo de un recorrido dialogado, pueden disfrutar, descubrir y reflexionar sobre la importancia de la educaci\u00f3n en valores y la cultura de la tolerancia.<\/p>\n<p>Recuerda, todas las actividades est\u00e1n pensadas para pasarlas en familia, en un horario especial del 21 de marzo al 2 de abril de 9:00 a 20:00 horas.<\/p>\n<p>Para m\u00e1s informaci\u00f3n sigue al <strong>Museo Memoria y Tolerancia<\/strong> en <a href=\"https:\/\/www.facebook.com\/MuseoMemoriayTolerancia\/?fref=ts\" target=\"_blank\">Facebook<\/a>, <a href=\"https:\/\/twitter.com\/museomyt\" target=\"_blank\">Twitter<\/a> e <a href=\"https:\/\/www.instagram.com\/museomyt\/\" target=\"_blank\">Instagram<\/a>.<\/p>\n<p style=\"text-align: right;\">Con informaci\u00f3n cortes\u00eda de <strong>Zimat Consultores<\/strong>.<\/p>\n<p>&nbsp;<\/p>\n<p>&nbsp;<\/p>\n","protected":false},"excerpt":{"rendered":"<p>Si bien para la mayor\u00eda de los adultos las \u201cvacaciones\u201d de Semana Santa han finalizado, para los m\u00e1s peque\u00f1os la presente semana sigue siendo de descanso, y en muchos casos de confinamiento en sus hogares.<\/p>\n","protected":false},"author":2,"featured_media":45821,"comment_status":"open","ping_status":"open","sticky":false,"template":"","format":"standard","meta":{"footnotes":""},"categories":[3,39,17],"tags":[],"class_list":["post-45819","post","type-post","status-publish","format-standard","has-post-thumbnail","hentry","category-ciudad","category-lugares","category-principal"],"yoast_head":"<!-- This site is optimized with the Yoast SEO plugin v24.7 - https:\/\/yoast.com\/wordpress\/plugins\/seo\/ -->\n<title>Museo Memoria y Tolerancia, opci\u00f3n vacacional &#171; Reconoce MX<\/title>\n<meta name=\"robots\" content=\"index, follow, max-snippet:-1, max-image-preview:large, max-video-preview:-1\" \/>\n<link rel=\"canonical\" href=\"https:\/\/www.reconoce.mx\/?p=45819\" \/>\n<meta property=\"og:locale\" content=\"es_ES\" \/>\n<meta property=\"og:type\" content=\"article\" \/>\n<meta property=\"og:title\" content=\"Museo Memoria y Tolerancia, opci\u00f3n vacacional &#171; Reconoce MX\" \/>\n<meta property=\"og:description\" content=\"Si bien para la mayor\u00eda de los adultos las \u201cvacaciones\u201d de Semana Santa han finalizado, para los m\u00e1s peque\u00f1os la presente semana sigue siendo de descanso, y en muchos casos de confinamiento en sus hogares.\" \/>\n<meta property=\"og:url\" content=\"https:\/\/www.reconoce.mx\/?p=45819\" \/>\n<meta property=\"og:site_name\" content=\"Reconoce MX\" \/>\n<meta property=\"article:publisher\" content=\"https:\/\/es-la.facebook.com\/ReconoceMX\/\" \/>\n<meta property=\"article:published_time\" content=\"2016-03-29T06:02:48+00:00\" \/>\n<meta property=\"article:modified_time\" content=\"2016-03-29T15:52:12+00:00\" \/>\n<meta property=\"og:image\" content=\"https:\/\/www.reconoce.mx\/wp-content\/uploads\/2016\/03\/myt.png\" \/>\n\t<meta property=\"og:image:width\" content=\"590\" \/>\n\t<meta property=\"og:image:height\" content=\"380\" \/>\n\t<meta property=\"og:image:type\" content=\"image\/png\" \/>\n<meta name=\"author\" content=\"Reconoce MX\" \/>\n<meta name=\"twitter:card\" content=\"summary_large_image\" \/>\n<meta name=\"twitter:creator\" content=\"@reconocemx\" \/>\n<meta name=\"twitter:site\" content=\"@reconocemx\" \/>\n<meta name=\"twitter:label1\" content=\"Escrito por\" \/>\n\t<meta name=\"twitter:data1\" content=\"Reconoce MX\" \/>\n\t<meta name=\"twitter:label2\" content=\"Tiempo de lectura\" \/>\n\t<meta name=\"twitter:data2\" content=\"3 minutos\" \/>\n<script type=\"application\/ld+json\" class=\"yoast-schema-graph\">{\"@context\":\"https:\/\/schema.org\",\"@graph\":[{\"@type\":\"Article\",\"@id\":\"https:\/\/www.reconoce.mx\/?p=45819#article\",\"isPartOf\":{\"@id\":\"https:\/\/www.reconoce.mx\/?p=45819\"},\"author\":{\"name\":\"Reconoce MX\",\"@id\":\"http:\/\/www.reconoce.mx\/#\/schema\/person\/2117e997d7051dc15d6880eaf9bca0b2\"},\"headline\":\"Museo Memoria y Tolerancia, opci\u00f3n vacacional\",\"datePublished\":\"2016-03-29T06:02:48+00:00\",\"dateModified\":\"2016-03-29T15:52:12+00:00\",\"mainEntityOfPage\":{\"@id\":\"https:\/\/www.reconoce.mx\/?p=45819\"},\"wordCount\":678,\"commentCount\":0,\"publisher\":{\"@id\":\"http:\/\/www.reconoce.mx\/#organization\"},\"image\":{\"@id\":\"https:\/\/www.reconoce.mx\/?p=45819#primaryimage\"},\"thumbnailUrl\":\"http:\/\/www.reconoce.mx\/wp-content\/uploads\/2016\/03\/myt.png\",\"articleSection\":[\"Ciudad\",\"Lugares\",\"Principal\"],\"inLanguage\":\"es\",\"potentialAction\":[{\"@type\":\"CommentAction\",\"name\":\"Comment\",\"target\":[\"https:\/\/www.reconoce.mx\/?p=45819#respond\"]}]},{\"@type\":\"WebPage\",\"@id\":\"https:\/\/www.reconoce.mx\/?p=45819\",\"url\":\"https:\/\/www.reconoce.mx\/?p=45819\",\"name\":\"Museo Memoria y Tolerancia, opci\u00f3n vacacional &#171; Reconoce MX\",\"isPartOf\":{\"@id\":\"http:\/\/www.reconoce.mx\/#website\"},\"primaryImageOfPage\":{\"@id\":\"https:\/\/www.reconoce.mx\/?p=45819#primaryimage\"},\"image\":{\"@id\":\"https:\/\/www.reconoce.mx\/?p=45819#primaryimage\"},\"thumbnailUrl\":\"http:\/\/www.reconoce.mx\/wp-content\/uploads\/2016\/03\/myt.png\",\"datePublished\":\"2016-03-29T06:02:48+00:00\",\"dateModified\":\"2016-03-29T15:52:12+00:00\",\"breadcrumb\":{\"@id\":\"https:\/\/www.reconoce.mx\/?p=45819#breadcrumb\"},\"inLanguage\":\"es\",\"potentialAction\":[{\"@type\":\"ReadAction\",\"target\":[\"https:\/\/www.reconoce.mx\/?p=45819\"]}]},{\"@type\":\"ImageObject\",\"inLanguage\":\"es\",\"@id\":\"https:\/\/www.reconoce.mx\/?p=45819#primaryimage\",\"url\":\"http:\/\/www.reconoce.mx\/wp-content\/uploads\/2016\/03\/myt.png\",\"contentUrl\":\"http:\/\/www.reconoce.mx\/wp-content\/uploads\/2016\/03\/myt.png\",\"width\":590,\"height\":380},{\"@type\":\"BreadcrumbList\",\"@id\":\"https:\/\/www.reconoce.mx\/?p=45819#breadcrumb\",\"itemListElement\":[{\"@type\":\"ListItem\",\"position\":1,\"name\":\"Portada\",\"item\":\"http:\/\/www.reconoce.mx\/\"},{\"@type\":\"ListItem\",\"position\":2,\"name\":\"Museo Memoria y Tolerancia, opci\u00f3n vacacional\"}]},{\"@type\":\"WebSite\",\"@id\":\"http:\/\/www.reconoce.mx\/#website\",\"url\":\"http:\/\/www.reconoce.mx\/\",\"name\":\"Reconoce MX\",\"description\":\"En Reconoce MX difundimos arte, cultura y conciencia social en M\u00e9xico. Tu ciudad en otra perspectiva.\",\"publisher\":{\"@id\":\"http:\/\/www.reconoce.mx\/#organization\"},\"potentialAction\":[{\"@type\":\"SearchAction\",\"target\":{\"@type\":\"EntryPoint\",\"urlTemplate\":\"http:\/\/www.reconoce.mx\/?s={search_term_string}\"},\"query-input\":{\"@type\":\"PropertyValueSpecification\",\"valueRequired\":true,\"valueName\":\"search_term_string\"}}],\"inLanguage\":\"es\"},{\"@type\":\"Organization\",\"@id\":\"http:\/\/www.reconoce.mx\/#organization\",\"name\":\"Reconoce MX\",\"url\":\"http:\/\/www.reconoce.mx\/\",\"logo\":{\"@type\":\"ImageObject\",\"inLanguage\":\"es\",\"@id\":\"http:\/\/www.reconoce.mx\/#\/schema\/logo\/image\/\",\"url\":\"https:\/\/www.reconoce.mx\/wp-content\/uploads\/2019\/03\/logorcmx-good-1.png\",\"contentUrl\":\"https:\/\/www.reconoce.mx\/wp-content\/uploads\/2019\/03\/logorcmx-good-1.png\",\"width\":280,\"height\":90,\"caption\":\"Reconoce MX\"},\"image\":{\"@id\":\"http:\/\/www.reconoce.mx\/#\/schema\/logo\/image\/\"},\"sameAs\":[\"https:\/\/es-la.facebook.com\/ReconoceMX\/\",\"https:\/\/x.com\/reconocemx\",\"http:\/\/@reconocemx\"]},{\"@type\":\"Person\",\"@id\":\"http:\/\/www.reconoce.mx\/#\/schema\/person\/2117e997d7051dc15d6880eaf9bca0b2\",\"name\":\"Reconoce MX\",\"image\":{\"@type\":\"ImageObject\",\"inLanguage\":\"es\",\"@id\":\"http:\/\/www.reconoce.mx\/#\/schema\/person\/image\/\",\"url\":\"https:\/\/secure.gravatar.com\/avatar\/6c8d4dc7569ca1c90c5fdcc349f839d5ddef6fe1e70b4337ead2ef1a4c43fc3a?s=96&d=identicon&r=g\",\"contentUrl\":\"https:\/\/secure.gravatar.com\/avatar\/6c8d4dc7569ca1c90c5fdcc349f839d5ddef6fe1e70b4337ead2ef1a4c43fc3a?s=96&d=identicon&r=g\",\"caption\":\"Reconoce MX\"},\"description\":\"Reconoce MX es un proyecto de difusi\u00f3n art\u00edstica, cultural y de conciencia social que est\u00e1 enfocado a difundir y fomentar el entretenimiento alternativo de calidad para todo el p\u00fablico que comparta el mismo entusiasmo.\",\"sameAs\":[\"http:\/\/www.reconoce.mx\"],\"url\":\"http:\/\/www.reconoce.mx\/?author=2\"}]}<\/script>\n<!-- \/ Yoast SEO plugin. -->","yoast_head_json":{"title":"Museo Memoria y Tolerancia, opci\u00f3n vacacional &#171; Reconoce MX","robots":{"index":"index","follow":"follow","max-snippet":"max-snippet:-1","max-image-preview":"max-image-preview:large","max-video-preview":"max-video-preview:-1"},"canonical":"https:\/\/www.reconoce.mx\/?p=45819","og_locale":"es_ES","og_type":"article","og_title":"Museo Memoria y Tolerancia, opci\u00f3n vacacional &#171; Reconoce MX","og_description":"Si bien para la mayor\u00eda de los adultos las \u201cvacaciones\u201d de Semana Santa han finalizado, para los m\u00e1s peque\u00f1os la presente semana sigue siendo de descanso, y en muchos casos de confinamiento en sus hogares.","og_url":"https:\/\/www.reconoce.mx\/?p=45819","og_site_name":"Reconoce MX","article_publisher":"https:\/\/es-la.facebook.com\/ReconoceMX\/","article_published_time":"2016-03-29T06:02:48+00:00","article_modified_time":"2016-03-29T15:52:12+00:00","og_image":[{"width":590,"height":380,"url":"https:\/\/www.reconoce.mx\/wp-content\/uploads\/2016\/03\/myt.png","type":"image\/png"}],"author":"Reconoce MX","twitter_card":"summary_large_image","twitter_creator":"@reconocemx","twitter_site":"@reconocemx","twitter_misc":{"Escrito por":"Reconoce MX","Tiempo de lectura":"3 minutos"},"schema":{"@context":"https:\/\/schema.org","@graph":[{"@type":"Article","@id":"https:\/\/www.reconoce.mx\/?p=45819#article","isPartOf":{"@id":"https:\/\/www.reconoce.mx\/?p=45819"},"author":{"name":"Reconoce MX","@id":"http:\/\/www.reconoce.mx\/#\/schema\/person\/2117e997d7051dc15d6880eaf9bca0b2"},"headline":"Museo Memoria y Tolerancia, opci\u00f3n vacacional","datePublished":"2016-03-29T06:02:48+00:00","dateModified":"2016-03-29T15:52:12+00:00","mainEntityOfPage":{"@id":"https:\/\/www.reconoce.mx\/?p=45819"},"wordCount":678,"commentCount":0,"publisher":{"@id":"http:\/\/www.reconoce.mx\/#organization"},"image":{"@id":"https:\/\/www.reconoce.mx\/?p=45819#primaryimage"},"thumbnailUrl":"http:\/\/www.reconoce.mx\/wp-content\/uploads\/2016\/03\/myt.png","articleSection":["Ciudad","Lugares","Principal"],"inLanguage":"es","potentialAction":[{"@type":"CommentAction","name":"Comment","target":["https:\/\/www.reconoce.mx\/?p=45819#respond"]}]},{"@type":"WebPage","@id":"https:\/\/www.reconoce.mx\/?p=45819","url":"https:\/\/www.reconoce.mx\/?p=45819","name":"Museo Memoria y Tolerancia, opci\u00f3n vacacional &#171; Reconoce MX","isPartOf":{"@id":"http:\/\/www.reconoce.mx\/#website"},"primaryImageOfPage":{"@id":"https:\/\/www.reconoce.mx\/?p=45819#primaryimage"},"image":{"@id":"https:\/\/www.reconoce.mx\/?p=45819#primaryimage"},"thumbnailUrl":"http:\/\/www.reconoce.mx\/wp-content\/uploads\/2016\/03\/myt.png","datePublished":"2016-03-29T06:02:48+00:00","dateModified":"2016-03-29T15:52:12+00:00","breadcrumb":{"@id":"https:\/\/www.reconoce.mx\/?p=45819#breadcrumb"},"inLanguage":"es","potentialAction":[{"@type":"ReadAction","target":["https:\/\/www.reconoce.mx\/?p=45819"]}]},{"@type":"ImageObject","inLanguage":"es","@id":"https:\/\/www.reconoce.mx\/?p=45819#primaryimage","url":"http:\/\/www.reconoce.mx\/wp-content\/uploads\/2016\/03\/myt.png","contentUrl":"http:\/\/www.reconoce.mx\/wp-content\/uploads\/2016\/03\/myt.png","width":590,"height":380},{"@type":"BreadcrumbList","@id":"https:\/\/www.reconoce.mx\/?p=45819#breadcrumb","itemListElement":[{"@type":"ListItem","position":1,"name":"Portada","item":"http:\/\/www.reconoce.mx\/"},{"@type":"ListItem","position":2,"name":"Museo Memoria y Tolerancia, opci\u00f3n vacacional"}]},{"@type":"WebSite","@id":"http:\/\/www.reconoce.mx\/#website","url":"http:\/\/www.reconoce.mx\/","name":"Reconoce MX","description":"En Reconoce MX difundimos arte, cultura y conciencia social en M\u00e9xico. Tu ciudad en otra perspectiva.","publisher":{"@id":"http:\/\/www.reconoce.mx\/#organization"},"potentialAction":[{"@type":"SearchAction","target":{"@type":"EntryPoint","urlTemplate":"http:\/\/www.reconoce.mx\/?s={search_term_string}"},"query-input":{"@type":"PropertyValueSpecification","valueRequired":true,"valueName":"search_term_string"}}],"inLanguage":"es"},{"@type":"Organization","@id":"http:\/\/www.reconoce.mx\/#organization","name":"Reconoce MX","url":"http:\/\/www.reconoce.mx\/","logo":{"@type":"ImageObject","inLanguage":"es","@id":"http:\/\/www.reconoce.mx\/#\/schema\/logo\/image\/","url":"https:\/\/www.reconoce.mx\/wp-content\/uploads\/2019\/03\/logorcmx-good-1.png","contentUrl":"https:\/\/www.reconoce.mx\/wp-content\/uploads\/2019\/03\/logorcmx-good-1.png","width":280,"height":90,"caption":"Reconoce MX"},"image":{"@id":"http:\/\/www.reconoce.mx\/#\/schema\/logo\/image\/"},"sameAs":["https:\/\/es-la.facebook.com\/ReconoceMX\/","https:\/\/x.com\/reconocemx","http:\/\/@reconocemx"]},{"@type":"Person","@id":"http:\/\/www.reconoce.mx\/#\/schema\/person\/2117e997d7051dc15d6880eaf9bca0b2","name":"Reconoce MX","image":{"@type":"ImageObject","inLanguage":"es","@id":"http:\/\/www.reconoce.mx\/#\/schema\/person\/image\/","url":"https:\/\/secure.gravatar.com\/avatar\/6c8d4dc7569ca1c90c5fdcc349f839d5ddef6fe1e70b4337ead2ef1a4c43fc3a?s=96&d=identicon&r=g","contentUrl":"https:\/\/secure.gravatar.com\/avatar\/6c8d4dc7569ca1c90c5fdcc349f839d5ddef6fe1e70b4337ead2ef1a4c43fc3a?s=96&d=identicon&r=g","caption":"Reconoce MX"},"description":"Reconoce MX es un proyecto de difusi\u00f3n art\u00edstica, cultural y de conciencia social que est\u00e1 enfocado a difundir y fomentar el entretenimiento alternativo de calidad para todo el p\u00fablico que comparta el mismo entusiasmo.","sameAs":["http:\/\/www.reconoce.mx"],"url":"http:\/\/www.reconoce.mx\/?author=2"}]}},"_links":{"self":[{"href":"http:\/\/www.reconoce.mx\/index.php?rest_route=\/wp\/v2\/posts\/45819","targetHints":{"allow":["GET"]}}],"collection":[{"href":"http:\/\/www.reconoce.mx\/index.php?rest_route=\/wp\/v2\/posts"}],"about":[{"href":"http:\/\/www.reconoce.mx\/index.php?rest_route=\/wp\/v2\/types\/post"}],"author":[{"embeddable":true,"href":"http:\/\/www.reconoce.mx\/index.php?rest_route=\/wp\/v2\/users\/2"}],"replies":[{"embeddable":true,"href":"http:\/\/www.reconoce.mx\/index.php?rest_route=%2Fwp%2Fv2%2Fcomments&post=45819"}],"version-history":[{"count":3,"href":"http:\/\/www.reconoce.mx\/index.php?rest_route=\/wp\/v2\/posts\/45819\/revisions"}],"predecessor-version":[{"id":45911,"href":"http:\/\/www.reconoce.mx\/index.php?rest_route=\/wp\/v2\/posts\/45819\/revisions\/45911"}],"wp:featuredmedia":[{"embeddable":true,"href":"http:\/\/www.reconoce.mx\/index.php?rest_route=\/wp\/v2\/media\/45821"}],"wp:attachment":[{"href":"http:\/\/www.reconoce.mx\/index.php?rest_route=%2Fwp%2Fv2%2Fmedia&parent=45819"}],"wp:term":[{"taxonomy":"category","embeddable":true,"href":"http:\/\/www.reconoce.mx\/index.php?rest_route=%2Fwp%2Fv2%2Fcategories&post=45819"},{"taxonomy":"post_tag","embeddable":true,"href":"http:\/\/www.reconoce.mx\/index.php?rest_route=%2Fwp%2Fv2%2Ftags&post=45819"}],"curies":[{"name":"wp","href":"https:\/\/api.w.org\/{rel}","templated":true}]}}