{"id":45826,"date":"2016-04-01T00:04:36","date_gmt":"2016-04-01T06:04:36","guid":{"rendered":"http:\/\/www.reconoce.mx\/?p=45826"},"modified":"2016-04-03T15:41:55","modified_gmt":"2016-04-03T20:41:55","slug":"special-correspondents-eric-bana-y-ricky-gervais-en-netflix","status":"publish","type":"post","link":"http:\/\/www.reconoce.mx\/?p=45826","title":{"rendered":"&#8216;Special Correspondents&#8217;, Bana y Gervais en Netflix"},"content":{"rendered":"<p><strong>Por <a title=\"@AsfaltosTweets\" href=\"http:\/\/twitter.com\/AsfaltosTweets\" target=\"_blank\" data-slimstat-type=\"0\" data-slimstat-callback=\"false\" data-slimstat-tracking=\"true\">Asfaltos<\/a><\/strong>.<\/p>\n<p><strong>Ricky Gervais<\/strong> es un c\u00f3mico talentoso. Lo recordar\u00e1n por su presencia como host en los pasados <strong>Golden Globes<\/strong> (cuyo chiste sobre <a href=\"https:\/\/www.youtube.com\/watch?v=jnIGdb-sT-s\" target=\"_blank\">esconderse donde ni Sean Pean lograra encontrarlo<\/a> lleg\u00f3 de inmediato a M\u00e9xico); as\u00ed como en su m\u00e1s reciente colaboraci\u00f3n con <strong>Netflix<\/strong>, la entra\u00f1able \u00abDerek\u00bb. En fin, Gervais est\u00e1 de regreso en <strong>Netflix<\/strong> y lo hace con una cinta original.<\/p>\n<p><img loading=\"lazy\" decoding=\"async\" class=\"aligncenter size-full wp-image-45828\" src=\"http:\/\/www.reconoce.mx\/wp-content\/uploads\/2016\/03\/unnamed7.jpg\" alt=\"unnamed(7)\" width=\"1500\" height=\"2220\" srcset=\"http:\/\/www.reconoce.mx\/wp-content\/uploads\/2016\/03\/unnamed7.jpg 1500w, http:\/\/www.reconoce.mx\/wp-content\/uploads\/2016\/03\/unnamed7-203x300.jpg 203w, http:\/\/www.reconoce.mx\/wp-content\/uploads\/2016\/03\/unnamed7-768x1137.jpg 768w, http:\/\/www.reconoce.mx\/wp-content\/uploads\/2016\/03\/unnamed7-692x1024.jpg 692w, http:\/\/www.reconoce.mx\/wp-content\/uploads\/2016\/03\/unnamed7-150x222.jpg 150w, http:\/\/www.reconoce.mx\/wp-content\/uploads\/2016\/03\/unnamed7-700x1036.jpg 700w, http:\/\/www.reconoce.mx\/wp-content\/uploads\/2016\/03\/unnamed7-658x974.jpg 658w, http:\/\/www.reconoce.mx\/wp-content\/uploads\/2016\/03\/unnamed7-300x444.jpg 300w\" sizes=\"auto, (max-width: 1500px) 100vw, 1500px\" \/><\/p>\n<p>Escrita, dirigida y protagonizada por el propio Gervais, \u00abSpecial Correspondents\u00bb es el t\u00edtulo de la pel\u00edcula original de Netflix que se estrenar\u00e1 a nivel global el 29 de abril del presente a\u00f1o.<\/p>\n<p><strong>Eric Bana<\/strong> (\u00abL\u00edbranos del mal\u00bb, \u00abEl \u00fanico superviviente\u00bb) es un periodista de radio de Nueva York cuya arrogancia y estilo de vida decadente ha obstaculizado su carrera; por lo que con su trabajo en riesgo, finge reportes del frente de combate desde la comodidad de su escondite arriba de un restaurante espa\u00f1ol en Queens. La situaci\u00f3n, como es de esperarse, no har\u00e1 m\u00e1s que acarrearle otros problemas.<\/p>\n<p><iframe loading=\"lazy\" src=\"https:\/\/www.youtube.com\/embed\/h3mw1ZE0UJ0\" width=\"590\" height=\"332\" frameborder=\"0\" allowfullscreen=\"allowfullscreen\"><\/iframe><\/p>\n<p>Adem\u00e1s de Bana y Gervais, \u00abSpecial Correspondents\u00bb incluye la presencia de <strong>Vera Farmiga<\/strong> (\u00abBates Motel\u00bb, \u00abAmor sin escalas\u00bb), <strong>Kelly Macdonald<\/strong> (\u00abBoardwalk Empire\u00bb, \u00abBrave\u00bb), <strong>Kevin Pollak<\/strong> (\u00abSospechosos comunes\u00bb, \u00abCasino\u00bb), <strong>America Ferrera<\/strong> (\u00abUgly Betty\u00bb, \u00abC\u00f3mo entrenar a tu drag\u00f3n\u00bb), <strong>Ra\u00fal Castillo<\/strong> (\u00abLooking\u00bb, \u00abCold Weather\u00bb), y <strong>Benjamin Bratt<\/strong> (\u00abModern Family\u00bb, \u00ab24: Live Another Day\u00bb).<\/p>\n<p>La pel\u00edcula es una coproducci\u00f3n entre <strong>Bron Studios<\/strong> y <strong>Unanimous Entertainment<\/strong>. Los productores son <strong>Gervais<\/strong>,<strong> Chris Coen<\/strong> de Unanimous,<strong> Aaron L. Gilbert<\/strong> de Bron, <strong>Manuel Munz<\/strong>, y <strong>Larry Sanitsky<\/strong>. <strong>Jason Cloth<\/strong> y <strong>Ron McLeod<\/strong> son productores ejecutivos.<\/p>\n<p style=\"text-align: right;\">Con informaci\u00f3n e im\u00e1genes cortes\u00eda de <strong>Netflix<\/strong>.<\/p>\n<p>&nbsp;<\/p>\n<p>&nbsp;<\/p>\n","protected":false},"excerpt":{"rendered":"<p>Ricky Gervais es un c\u00f3mico talentoso. Lo recordar\u00e1n por su presencia como host en los pasados Golden Globes; as\u00ed como en su m\u00e1s reciente colaboraci\u00f3n con Netflix, la entra\u00f1able \u201cDerek\u201d.<\/p>\n","protected":false},"author":2,"featured_media":45827,"comment_status":"open","ping_status":"open","sticky":false,"template":"","format":"standard","meta":{"footnotes":""},"categories":[24,2643,1,17],"tags":[],"class_list":["post-45826","post","type-post","status-publish","format-standard","has-post-thumbnail","hentry","category-cine","category-cine-comercial","category-cultura","category-principal"],"yoast_head":"<!-- This site is optimized with the Yoast SEO plugin v24.7 - https:\/\/yoast.com\/wordpress\/plugins\/seo\/ -->\n<title>&#039;Special Correspondents&#039;, Bana y Gervais en Netflix &#171; Reconoce MX<\/title>\n<meta name=\"robots\" content=\"index, follow, max-snippet:-1, max-image-preview:large, max-video-preview:-1\" \/>\n<link rel=\"canonical\" href=\"http:\/\/www.reconoce.mx\/?p=45826\" \/>\n<meta property=\"og:locale\" content=\"es_ES\" \/>\n<meta property=\"og:type\" content=\"article\" \/>\n<meta property=\"og:title\" content=\"&#039;Special Correspondents&#039;, Bana y Gervais en Netflix &#171; Reconoce MX\" \/>\n<meta property=\"og:description\" content=\"Ricky Gervais es un c\u00f3mico talentoso. Lo recordar\u00e1n por su presencia como host en los pasados Golden Globes; as\u00ed como en su m\u00e1s reciente colaboraci\u00f3n con Netflix, la entra\u00f1able \u201cDerek\u201d.\" \/>\n<meta property=\"og:url\" content=\"http:\/\/www.reconoce.mx\/?p=45826\" \/>\n<meta property=\"og:site_name\" content=\"Reconoce MX\" \/>\n<meta property=\"article:publisher\" content=\"https:\/\/es-la.facebook.com\/ReconoceMX\/\" \/>\n<meta property=\"article:published_time\" content=\"2016-04-01T06:04:36+00:00\" \/>\n<meta property=\"article:modified_time\" content=\"2016-04-03T20:41:55+00:00\" \/>\n<meta property=\"og:image\" content=\"http:\/\/www.reconoce.mx\/wp-content\/uploads\/2016\/03\/specialcorespondents-cover.png\" \/>\n\t<meta property=\"og:image:width\" content=\"590\" \/>\n\t<meta property=\"og:image:height\" content=\"380\" \/>\n\t<meta property=\"og:image:type\" content=\"image\/png\" \/>\n<meta name=\"author\" content=\"Reconoce MX\" \/>\n<meta name=\"twitter:card\" content=\"summary_large_image\" \/>\n<meta name=\"twitter:creator\" content=\"@reconocemx\" \/>\n<meta name=\"twitter:site\" content=\"@reconocemx\" \/>\n<meta name=\"twitter:label1\" content=\"Escrito por\" \/>\n\t<meta name=\"twitter:data1\" content=\"Reconoce MX\" \/>\n\t<meta name=\"twitter:label2\" content=\"Tiempo de lectura\" \/>\n\t<meta name=\"twitter:data2\" content=\"1 minuto\" \/>\n<script type=\"application\/ld+json\" class=\"yoast-schema-graph\">{\"@context\":\"https:\/\/schema.org\",\"@graph\":[{\"@type\":\"Article\",\"@id\":\"http:\/\/www.reconoce.mx\/?p=45826#article\",\"isPartOf\":{\"@id\":\"http:\/\/www.reconoce.mx\/?p=45826\"},\"author\":{\"name\":\"Reconoce MX\",\"@id\":\"http:\/\/www.reconoce.mx\/#\/schema\/person\/2117e997d7051dc15d6880eaf9bca0b2\"},\"headline\":\"&#8216;Special Correspondents&#8217;, Bana y Gervais en Netflix\",\"datePublished\":\"2016-04-01T06:04:36+00:00\",\"dateModified\":\"2016-04-03T20:41:55+00:00\",\"mainEntityOfPage\":{\"@id\":\"http:\/\/www.reconoce.mx\/?p=45826\"},\"wordCount\":285,\"commentCount\":0,\"publisher\":{\"@id\":\"http:\/\/www.reconoce.mx\/#organization\"},\"image\":{\"@id\":\"http:\/\/www.reconoce.mx\/?p=45826#primaryimage\"},\"thumbnailUrl\":\"http:\/\/www.reconoce.mx\/wp-content\/uploads\/2016\/03\/specialcorespondents-cover.png\",\"articleSection\":[\"Cine\",\"Cine comercial\",\"Cultura\",\"Principal\"],\"inLanguage\":\"es\",\"potentialAction\":[{\"@type\":\"CommentAction\",\"name\":\"Comment\",\"target\":[\"http:\/\/www.reconoce.mx\/?p=45826#respond\"]}]},{\"@type\":\"WebPage\",\"@id\":\"http:\/\/www.reconoce.mx\/?p=45826\",\"url\":\"http:\/\/www.reconoce.mx\/?p=45826\",\"name\":\"'Special Correspondents', Bana y Gervais en Netflix &#171; Reconoce MX\",\"isPartOf\":{\"@id\":\"http:\/\/www.reconoce.mx\/#website\"},\"primaryImageOfPage\":{\"@id\":\"http:\/\/www.reconoce.mx\/?p=45826#primaryimage\"},\"image\":{\"@id\":\"http:\/\/www.reconoce.mx\/?p=45826#primaryimage\"},\"thumbnailUrl\":\"http:\/\/www.reconoce.mx\/wp-content\/uploads\/2016\/03\/specialcorespondents-cover.png\",\"datePublished\":\"2016-04-01T06:04:36+00:00\",\"dateModified\":\"2016-04-03T20:41:55+00:00\",\"breadcrumb\":{\"@id\":\"http:\/\/www.reconoce.mx\/?p=45826#breadcrumb\"},\"inLanguage\":\"es\",\"potentialAction\":[{\"@type\":\"ReadAction\",\"target\":[\"http:\/\/www.reconoce.mx\/?p=45826\"]}]},{\"@type\":\"ImageObject\",\"inLanguage\":\"es\",\"@id\":\"http:\/\/www.reconoce.mx\/?p=45826#primaryimage\",\"url\":\"http:\/\/www.reconoce.mx\/wp-content\/uploads\/2016\/03\/specialcorespondents-cover.png\",\"contentUrl\":\"http:\/\/www.reconoce.mx\/wp-content\/uploads\/2016\/03\/specialcorespondents-cover.png\",\"width\":590,\"height\":380},{\"@type\":\"BreadcrumbList\",\"@id\":\"http:\/\/www.reconoce.mx\/?p=45826#breadcrumb\",\"itemListElement\":[{\"@type\":\"ListItem\",\"position\":1,\"name\":\"Portada\",\"item\":\"http:\/\/www.reconoce.mx\/\"},{\"@type\":\"ListItem\",\"position\":2,\"name\":\"&#8216;Special Correspondents&#8217;, Bana y Gervais en Netflix\"}]},{\"@type\":\"WebSite\",\"@id\":\"http:\/\/www.reconoce.mx\/#website\",\"url\":\"http:\/\/www.reconoce.mx\/\",\"name\":\"Reconoce MX\",\"description\":\"En Reconoce MX difundimos arte, cultura y conciencia social en M\u00e9xico. Tu ciudad en otra perspectiva.\",\"publisher\":{\"@id\":\"http:\/\/www.reconoce.mx\/#organization\"},\"potentialAction\":[{\"@type\":\"SearchAction\",\"target\":{\"@type\":\"EntryPoint\",\"urlTemplate\":\"http:\/\/www.reconoce.mx\/?s={search_term_string}\"},\"query-input\":{\"@type\":\"PropertyValueSpecification\",\"valueRequired\":true,\"valueName\":\"search_term_string\"}}],\"inLanguage\":\"es\"},{\"@type\":\"Organization\",\"@id\":\"http:\/\/www.reconoce.mx\/#organization\",\"name\":\"Reconoce MX\",\"url\":\"http:\/\/www.reconoce.mx\/\",\"logo\":{\"@type\":\"ImageObject\",\"inLanguage\":\"es\",\"@id\":\"http:\/\/www.reconoce.mx\/#\/schema\/logo\/image\/\",\"url\":\"https:\/\/www.reconoce.mx\/wp-content\/uploads\/2019\/03\/logorcmx-good-1.png\",\"contentUrl\":\"https:\/\/www.reconoce.mx\/wp-content\/uploads\/2019\/03\/logorcmx-good-1.png\",\"width\":280,\"height\":90,\"caption\":\"Reconoce MX\"},\"image\":{\"@id\":\"http:\/\/www.reconoce.mx\/#\/schema\/logo\/image\/\"},\"sameAs\":[\"https:\/\/es-la.facebook.com\/ReconoceMX\/\",\"https:\/\/x.com\/reconocemx\",\"http:\/\/@reconocemx\"]},{\"@type\":\"Person\",\"@id\":\"http:\/\/www.reconoce.mx\/#\/schema\/person\/2117e997d7051dc15d6880eaf9bca0b2\",\"name\":\"Reconoce MX\",\"image\":{\"@type\":\"ImageObject\",\"inLanguage\":\"es\",\"@id\":\"http:\/\/www.reconoce.mx\/#\/schema\/person\/image\/\",\"url\":\"https:\/\/secure.gravatar.com\/avatar\/6c8d4dc7569ca1c90c5fdcc349f839d5ddef6fe1e70b4337ead2ef1a4c43fc3a?s=96&d=identicon&r=g\",\"contentUrl\":\"https:\/\/secure.gravatar.com\/avatar\/6c8d4dc7569ca1c90c5fdcc349f839d5ddef6fe1e70b4337ead2ef1a4c43fc3a?s=96&d=identicon&r=g\",\"caption\":\"Reconoce MX\"},\"description\":\"Reconoce MX es un proyecto de difusi\u00f3n art\u00edstica, cultural y de conciencia social que est\u00e1 enfocado a difundir y fomentar el entretenimiento alternativo de calidad para todo el p\u00fablico que comparta el mismo entusiasmo.\",\"sameAs\":[\"http:\/\/www.reconoce.mx\"],\"url\":\"http:\/\/www.reconoce.mx\/?author=2\"}]}<\/script>\n<!-- \/ Yoast SEO plugin. -->","yoast_head_json":{"title":"'Special Correspondents', Bana y Gervais en Netflix &#171; Reconoce MX","robots":{"index":"index","follow":"follow","max-snippet":"max-snippet:-1","max-image-preview":"max-image-preview:large","max-video-preview":"max-video-preview:-1"},"canonical":"http:\/\/www.reconoce.mx\/?p=45826","og_locale":"es_ES","og_type":"article","og_title":"'Special Correspondents', Bana y Gervais en Netflix &#171; Reconoce MX","og_description":"Ricky Gervais es un c\u00f3mico talentoso. Lo recordar\u00e1n por su presencia como host en los pasados Golden Globes; as\u00ed como en su m\u00e1s reciente colaboraci\u00f3n con Netflix, la entra\u00f1able \u201cDerek\u201d.","og_url":"http:\/\/www.reconoce.mx\/?p=45826","og_site_name":"Reconoce MX","article_publisher":"https:\/\/es-la.facebook.com\/ReconoceMX\/","article_published_time":"2016-04-01T06:04:36+00:00","article_modified_time":"2016-04-03T20:41:55+00:00","og_image":[{"width":590,"height":380,"url":"http:\/\/www.reconoce.mx\/wp-content\/uploads\/2016\/03\/specialcorespondents-cover.png","type":"image\/png"}],"author":"Reconoce MX","twitter_card":"summary_large_image","twitter_creator":"@reconocemx","twitter_site":"@reconocemx","twitter_misc":{"Escrito por":"Reconoce MX","Tiempo de lectura":"1 minuto"},"schema":{"@context":"https:\/\/schema.org","@graph":[{"@type":"Article","@id":"http:\/\/www.reconoce.mx\/?p=45826#article","isPartOf":{"@id":"http:\/\/www.reconoce.mx\/?p=45826"},"author":{"name":"Reconoce MX","@id":"http:\/\/www.reconoce.mx\/#\/schema\/person\/2117e997d7051dc15d6880eaf9bca0b2"},"headline":"&#8216;Special Correspondents&#8217;, Bana y Gervais en Netflix","datePublished":"2016-04-01T06:04:36+00:00","dateModified":"2016-04-03T20:41:55+00:00","mainEntityOfPage":{"@id":"http:\/\/www.reconoce.mx\/?p=45826"},"wordCount":285,"commentCount":0,"publisher":{"@id":"http:\/\/www.reconoce.mx\/#organization"},"image":{"@id":"http:\/\/www.reconoce.mx\/?p=45826#primaryimage"},"thumbnailUrl":"http:\/\/www.reconoce.mx\/wp-content\/uploads\/2016\/03\/specialcorespondents-cover.png","articleSection":["Cine","Cine comercial","Cultura","Principal"],"inLanguage":"es","potentialAction":[{"@type":"CommentAction","name":"Comment","target":["http:\/\/www.reconoce.mx\/?p=45826#respond"]}]},{"@type":"WebPage","@id":"http:\/\/www.reconoce.mx\/?p=45826","url":"http:\/\/www.reconoce.mx\/?p=45826","name":"'Special Correspondents', Bana y Gervais en Netflix &#171; Reconoce MX","isPartOf":{"@id":"http:\/\/www.reconoce.mx\/#website"},"primaryImageOfPage":{"@id":"http:\/\/www.reconoce.mx\/?p=45826#primaryimage"},"image":{"@id":"http:\/\/www.reconoce.mx\/?p=45826#primaryimage"},"thumbnailUrl":"http:\/\/www.reconoce.mx\/wp-content\/uploads\/2016\/03\/specialcorespondents-cover.png","datePublished":"2016-04-01T06:04:36+00:00","dateModified":"2016-04-03T20:41:55+00:00","breadcrumb":{"@id":"http:\/\/www.reconoce.mx\/?p=45826#breadcrumb"},"inLanguage":"es","potentialAction":[{"@type":"ReadAction","target":["http:\/\/www.reconoce.mx\/?p=45826"]}]},{"@type":"ImageObject","inLanguage":"es","@id":"http:\/\/www.reconoce.mx\/?p=45826#primaryimage","url":"http:\/\/www.reconoce.mx\/wp-content\/uploads\/2016\/03\/specialcorespondents-cover.png","contentUrl":"http:\/\/www.reconoce.mx\/wp-content\/uploads\/2016\/03\/specialcorespondents-cover.png","width":590,"height":380},{"@type":"BreadcrumbList","@id":"http:\/\/www.reconoce.mx\/?p=45826#breadcrumb","itemListElement":[{"@type":"ListItem","position":1,"name":"Portada","item":"http:\/\/www.reconoce.mx\/"},{"@type":"ListItem","position":2,"name":"&#8216;Special Correspondents&#8217;, Bana y Gervais en Netflix"}]},{"@type":"WebSite","@id":"http:\/\/www.reconoce.mx\/#website","url":"http:\/\/www.reconoce.mx\/","name":"Reconoce MX","description":"En Reconoce MX difundimos arte, cultura y conciencia social en M\u00e9xico. Tu ciudad en otra perspectiva.","publisher":{"@id":"http:\/\/www.reconoce.mx\/#organization"},"potentialAction":[{"@type":"SearchAction","target":{"@type":"EntryPoint","urlTemplate":"http:\/\/www.reconoce.mx\/?s={search_term_string}"},"query-input":{"@type":"PropertyValueSpecification","valueRequired":true,"valueName":"search_term_string"}}],"inLanguage":"es"},{"@type":"Organization","@id":"http:\/\/www.reconoce.mx\/#organization","name":"Reconoce MX","url":"http:\/\/www.reconoce.mx\/","logo":{"@type":"ImageObject","inLanguage":"es","@id":"http:\/\/www.reconoce.mx\/#\/schema\/logo\/image\/","url":"https:\/\/www.reconoce.mx\/wp-content\/uploads\/2019\/03\/logorcmx-good-1.png","contentUrl":"https:\/\/www.reconoce.mx\/wp-content\/uploads\/2019\/03\/logorcmx-good-1.png","width":280,"height":90,"caption":"Reconoce MX"},"image":{"@id":"http:\/\/www.reconoce.mx\/#\/schema\/logo\/image\/"},"sameAs":["https:\/\/es-la.facebook.com\/ReconoceMX\/","https:\/\/x.com\/reconocemx","http:\/\/@reconocemx"]},{"@type":"Person","@id":"http:\/\/www.reconoce.mx\/#\/schema\/person\/2117e997d7051dc15d6880eaf9bca0b2","name":"Reconoce MX","image":{"@type":"ImageObject","inLanguage":"es","@id":"http:\/\/www.reconoce.mx\/#\/schema\/person\/image\/","url":"https:\/\/secure.gravatar.com\/avatar\/6c8d4dc7569ca1c90c5fdcc349f839d5ddef6fe1e70b4337ead2ef1a4c43fc3a?s=96&d=identicon&r=g","contentUrl":"https:\/\/secure.gravatar.com\/avatar\/6c8d4dc7569ca1c90c5fdcc349f839d5ddef6fe1e70b4337ead2ef1a4c43fc3a?s=96&d=identicon&r=g","caption":"Reconoce MX"},"description":"Reconoce MX es un proyecto de difusi\u00f3n art\u00edstica, cultural y de conciencia social que est\u00e1 enfocado a difundir y fomentar el entretenimiento alternativo de calidad para todo el p\u00fablico que comparta el mismo entusiasmo.","sameAs":["http:\/\/www.reconoce.mx"],"url":"http:\/\/www.reconoce.mx\/?author=2"}]}},"_links":{"self":[{"href":"http:\/\/www.reconoce.mx\/index.php?rest_route=\/wp\/v2\/posts\/45826","targetHints":{"allow":["GET"]}}],"collection":[{"href":"http:\/\/www.reconoce.mx\/index.php?rest_route=\/wp\/v2\/posts"}],"about":[{"href":"http:\/\/www.reconoce.mx\/index.php?rest_route=\/wp\/v2\/types\/post"}],"author":[{"embeddable":true,"href":"http:\/\/www.reconoce.mx\/index.php?rest_route=\/wp\/v2\/users\/2"}],"replies":[{"embeddable":true,"href":"http:\/\/www.reconoce.mx\/index.php?rest_route=%2Fwp%2Fv2%2Fcomments&post=45826"}],"version-history":[{"count":5,"href":"http:\/\/www.reconoce.mx\/index.php?rest_route=\/wp\/v2\/posts\/45826\/revisions"}],"predecessor-version":[{"id":46003,"href":"http:\/\/www.reconoce.mx\/index.php?rest_route=\/wp\/v2\/posts\/45826\/revisions\/46003"}],"wp:featuredmedia":[{"embeddable":true,"href":"http:\/\/www.reconoce.mx\/index.php?rest_route=\/wp\/v2\/media\/45827"}],"wp:attachment":[{"href":"http:\/\/www.reconoce.mx\/index.php?rest_route=%2Fwp%2Fv2%2Fmedia&parent=45826"}],"wp:term":[{"taxonomy":"category","embeddable":true,"href":"http:\/\/www.reconoce.mx\/index.php?rest_route=%2Fwp%2Fv2%2Fcategories&post=45826"},{"taxonomy":"post_tag","embeddable":true,"href":"http:\/\/www.reconoce.mx\/index.php?rest_route=%2Fwp%2Fv2%2Ftags&post=45826"}],"curies":[{"name":"wp","href":"https:\/\/api.w.org\/{rel}","templated":true}]}}