{"id":45833,"date":"2016-03-29T00:03:12","date_gmt":"2016-03-29T06:03:12","guid":{"rendered":"http:\/\/www.reconoce.mx\/?p=45833"},"modified":"2016-03-29T09:52:06","modified_gmt":"2016-03-29T15:52:06","slug":"imagen-y-diseno-celebrando-57-anos-de-canal-once","status":"publish","type":"post","link":"http:\/\/www.reconoce.mx\/?p=45833","title":{"rendered":"\u00abImagen y dise\u00f1o\u00bb, celebrando 57 a\u00f1os de Canal Once"},"content":{"rendered":"<p><strong>Por\u00a0<a title=\"@enriquefa86\" href=\"https:\/\/twitter.com\/enriquefa86\" target=\"_blank\">Enrique Figueroa Anaya<\/a>.<\/strong><\/p>\n<p>Con motivo de su 57 aniversario, <strong>Canal Once<\/strong> inaugura el d\u00eda de hoy su exposici\u00f3n \u00abImagen y dise\u00f1o\u00bb, en las instalaciones de Ferrocarriles Suburbanos ubicadas en Insurgentes Norte esquina Eje 1 Norte (Mosqueta), en la Estaci\u00f3n Terminal Buenavista.<\/p>\n<p><img loading=\"lazy\" decoding=\"async\" class=\"aligncenter size-full wp-image-45835\" src=\"http:\/\/www.reconoce.mx\/wp-content\/uploads\/2016\/03\/Imagen-y-Dise\u00f1o.png\" alt=\"Imagen y Dise\u00f1o\" width=\"569\" height=\"873\" srcset=\"http:\/\/www.reconoce.mx\/wp-content\/uploads\/2016\/03\/Imagen-y-Dise\u00f1o.png 569w, http:\/\/www.reconoce.mx\/wp-content\/uploads\/2016\/03\/Imagen-y-Dise\u00f1o-196x300.png 196w, http:\/\/www.reconoce.mx\/wp-content\/uploads\/2016\/03\/Imagen-y-Dise\u00f1o-150x230.png 150w, http:\/\/www.reconoce.mx\/wp-content\/uploads\/2016\/03\/Imagen-y-Dise\u00f1o-300x460.png 300w\" sizes=\"auto, (max-width: 569px) 100vw, 569px\" \/><\/p>\n<p>La muestra, que celebra el dise\u00f1o con una selecci\u00f3n de im\u00e1genes representativas de los 57 a\u00f1os de vida de <strong>Canal Once<\/strong>, incluye las transformaciones de la identidad gr\u00e1fica de la televisora desde sus or\u00edgenes hasta el d\u00eda de hoy, variantes que han sido distinguidas con m\u00faltiples premios nacionales e internacionales.<\/p>\n<p>Quienes se acerquen a \u00abImagen y dise\u00f1o\u00bb podr\u00e1n apreciar distintas campa\u00f1as de comunicaci\u00f3n enfocadas en dar a conocer la oferta de contenidos de la programaci\u00f3n de esta emisora, as\u00ed como las modificaciones que se han hecho al logotipo que identifica a <strong>Canal Once<\/strong>, y la variedad de tipograf\u00edas, colores, formas y composiciones involucrada en el dise\u00f1o de la identidad gr\u00e1fica de cada una de las barras de programaci\u00f3n, como <strong>Once Ni\u00f1os<\/strong>,<strong> Cine del Once<\/strong> y <strong>Docs 360\u00b0<\/strong>, entre otras.<\/p>\n<p>\u00abImagen y dise\u00f1o\u00bb permanecer\u00e1 abierta al p\u00fablico desde hoy martes 29 de marzo y hasta el viernes 29 de abril, todos los d\u00edas, en el horario de servicio del Ferrocarril Suburbano.<\/p>\n<p>Visita y disfruta de esta selecci\u00f3n de im\u00e1genes representativas de distintos momentos de <strong>Canal Once<\/strong> a lo largo de su historia, y s\u00famate a la celebraci\u00f3n por los 57 a\u00f1os de la televisora p\u00fablica m\u00e1s importante de Am\u00e9rica Latina.<\/p>\n<p style=\"text-align: right;\">Con informaci\u00f3n e im\u00e1genes oficiales proporcionadas por <strong>Canal Once<\/strong>.<\/p>\n<p>&nbsp;<\/p>\n<p>&nbsp;<\/p>\n","protected":false},"excerpt":{"rendered":"<p>Con motivo de su 57 aniversario, Canal Once inaugura el d\u00eda de hoy su exposici\u00f3n \u201cImagen y dise\u00f1o\u201d.<\/p>\n","protected":false},"author":2,"featured_media":45834,"comment_status":"open","ping_status":"open","sticky":false,"template":"","format":"standard","meta":{"footnotes":""},"categories":[79,1,17],"tags":[],"class_list":["post-45833","post","type-post","status-publish","format-standard","has-post-thumbnail","hentry","category-artes-visuales","category-cultura","category-principal"],"yoast_head":"<!-- This site is optimized with the Yoast SEO plugin v24.7 - https:\/\/yoast.com\/wordpress\/plugins\/seo\/ -->\n<title>&quot;Imagen y dise\u00f1o&quot;, celebrando 57 a\u00f1os de Canal Once &#171; Reconoce MX<\/title>\n<meta name=\"robots\" content=\"index, follow, max-snippet:-1, max-image-preview:large, max-video-preview:-1\" \/>\n<link rel=\"canonical\" href=\"http:\/\/www.reconoce.mx\/?p=45833\" \/>\n<meta property=\"og:locale\" content=\"es_ES\" \/>\n<meta property=\"og:type\" content=\"article\" \/>\n<meta property=\"og:title\" content=\"&quot;Imagen y dise\u00f1o&quot;, celebrando 57 a\u00f1os de Canal Once &#171; Reconoce MX\" \/>\n<meta property=\"og:description\" content=\"Con motivo de su 57 aniversario, Canal Once inaugura el d\u00eda de hoy su exposici\u00f3n \u201cImagen y dise\u00f1o\u201d.\" \/>\n<meta property=\"og:url\" content=\"http:\/\/www.reconoce.mx\/?p=45833\" \/>\n<meta property=\"og:site_name\" content=\"Reconoce MX\" \/>\n<meta property=\"article:publisher\" content=\"https:\/\/es-la.facebook.com\/ReconoceMX\/\" \/>\n<meta property=\"article:published_time\" content=\"2016-03-29T06:03:12+00:00\" \/>\n<meta property=\"article:modified_time\" content=\"2016-03-29T15:52:06+00:00\" \/>\n<meta property=\"og:image\" content=\"http:\/\/www.reconoce.mx\/wp-content\/uploads\/2016\/03\/oncetv-cover.png\" \/>\n\t<meta property=\"og:image:width\" content=\"590\" \/>\n\t<meta property=\"og:image:height\" content=\"380\" \/>\n\t<meta property=\"og:image:type\" content=\"image\/png\" \/>\n<meta name=\"author\" content=\"Reconoce MX\" \/>\n<meta name=\"twitter:card\" content=\"summary_large_image\" \/>\n<meta name=\"twitter:creator\" content=\"@reconocemx\" \/>\n<meta name=\"twitter:site\" content=\"@reconocemx\" \/>\n<meta name=\"twitter:label1\" content=\"Escrito por\" \/>\n\t<meta name=\"twitter:data1\" content=\"Reconoce MX\" \/>\n\t<meta name=\"twitter:label2\" content=\"Tiempo de lectura\" \/>\n\t<meta name=\"twitter:data2\" content=\"1 minuto\" \/>\n<script type=\"application\/ld+json\" class=\"yoast-schema-graph\">{\"@context\":\"https:\/\/schema.org\",\"@graph\":[{\"@type\":\"Article\",\"@id\":\"http:\/\/www.reconoce.mx\/?p=45833#article\",\"isPartOf\":{\"@id\":\"http:\/\/www.reconoce.mx\/?p=45833\"},\"author\":{\"name\":\"Reconoce MX\",\"@id\":\"http:\/\/www.reconoce.mx\/#\/schema\/person\/2117e997d7051dc15d6880eaf9bca0b2\"},\"headline\":\"\u00abImagen y dise\u00f1o\u00bb, celebrando 57 a\u00f1os de Canal Once\",\"datePublished\":\"2016-03-29T06:03:12+00:00\",\"dateModified\":\"2016-03-29T15:52:06+00:00\",\"mainEntityOfPage\":{\"@id\":\"http:\/\/www.reconoce.mx\/?p=45833\"},\"wordCount\":290,\"commentCount\":0,\"publisher\":{\"@id\":\"http:\/\/www.reconoce.mx\/#organization\"},\"image\":{\"@id\":\"http:\/\/www.reconoce.mx\/?p=45833#primaryimage\"},\"thumbnailUrl\":\"http:\/\/www.reconoce.mx\/wp-content\/uploads\/2016\/03\/oncetv-cover.png\",\"articleSection\":[\"Artes Visuales\",\"Cultura\",\"Principal\"],\"inLanguage\":\"es\",\"potentialAction\":[{\"@type\":\"CommentAction\",\"name\":\"Comment\",\"target\":[\"http:\/\/www.reconoce.mx\/?p=45833#respond\"]}]},{\"@type\":\"WebPage\",\"@id\":\"http:\/\/www.reconoce.mx\/?p=45833\",\"url\":\"http:\/\/www.reconoce.mx\/?p=45833\",\"name\":\"\\\"Imagen y dise\u00f1o\\\", celebrando 57 a\u00f1os de Canal Once &#171; Reconoce MX\",\"isPartOf\":{\"@id\":\"http:\/\/www.reconoce.mx\/#website\"},\"primaryImageOfPage\":{\"@id\":\"http:\/\/www.reconoce.mx\/?p=45833#primaryimage\"},\"image\":{\"@id\":\"http:\/\/www.reconoce.mx\/?p=45833#primaryimage\"},\"thumbnailUrl\":\"http:\/\/www.reconoce.mx\/wp-content\/uploads\/2016\/03\/oncetv-cover.png\",\"datePublished\":\"2016-03-29T06:03:12+00:00\",\"dateModified\":\"2016-03-29T15:52:06+00:00\",\"breadcrumb\":{\"@id\":\"http:\/\/www.reconoce.mx\/?p=45833#breadcrumb\"},\"inLanguage\":\"es\",\"potentialAction\":[{\"@type\":\"ReadAction\",\"target\":[\"http:\/\/www.reconoce.mx\/?p=45833\"]}]},{\"@type\":\"ImageObject\",\"inLanguage\":\"es\",\"@id\":\"http:\/\/www.reconoce.mx\/?p=45833#primaryimage\",\"url\":\"http:\/\/www.reconoce.mx\/wp-content\/uploads\/2016\/03\/oncetv-cover.png\",\"contentUrl\":\"http:\/\/www.reconoce.mx\/wp-content\/uploads\/2016\/03\/oncetv-cover.png\",\"width\":590,\"height\":380},{\"@type\":\"BreadcrumbList\",\"@id\":\"http:\/\/www.reconoce.mx\/?p=45833#breadcrumb\",\"itemListElement\":[{\"@type\":\"ListItem\",\"position\":1,\"name\":\"Portada\",\"item\":\"http:\/\/www.reconoce.mx\/\"},{\"@type\":\"ListItem\",\"position\":2,\"name\":\"\u00abImagen y dise\u00f1o\u00bb, celebrando 57 a\u00f1os de Canal Once\"}]},{\"@type\":\"WebSite\",\"@id\":\"http:\/\/www.reconoce.mx\/#website\",\"url\":\"http:\/\/www.reconoce.mx\/\",\"name\":\"Reconoce MX\",\"description\":\"En Reconoce MX difundimos arte, cultura y conciencia social en M\u00e9xico. Tu ciudad en otra perspectiva.\",\"publisher\":{\"@id\":\"http:\/\/www.reconoce.mx\/#organization\"},\"potentialAction\":[{\"@type\":\"SearchAction\",\"target\":{\"@type\":\"EntryPoint\",\"urlTemplate\":\"http:\/\/www.reconoce.mx\/?s={search_term_string}\"},\"query-input\":{\"@type\":\"PropertyValueSpecification\",\"valueRequired\":true,\"valueName\":\"search_term_string\"}}],\"inLanguage\":\"es\"},{\"@type\":\"Organization\",\"@id\":\"http:\/\/www.reconoce.mx\/#organization\",\"name\":\"Reconoce MX\",\"url\":\"http:\/\/www.reconoce.mx\/\",\"logo\":{\"@type\":\"ImageObject\",\"inLanguage\":\"es\",\"@id\":\"http:\/\/www.reconoce.mx\/#\/schema\/logo\/image\/\",\"url\":\"https:\/\/www.reconoce.mx\/wp-content\/uploads\/2019\/03\/logorcmx-good-1.png\",\"contentUrl\":\"https:\/\/www.reconoce.mx\/wp-content\/uploads\/2019\/03\/logorcmx-good-1.png\",\"width\":280,\"height\":90,\"caption\":\"Reconoce MX\"},\"image\":{\"@id\":\"http:\/\/www.reconoce.mx\/#\/schema\/logo\/image\/\"},\"sameAs\":[\"https:\/\/es-la.facebook.com\/ReconoceMX\/\",\"https:\/\/x.com\/reconocemx\",\"http:\/\/@reconocemx\"]},{\"@type\":\"Person\",\"@id\":\"http:\/\/www.reconoce.mx\/#\/schema\/person\/2117e997d7051dc15d6880eaf9bca0b2\",\"name\":\"Reconoce MX\",\"image\":{\"@type\":\"ImageObject\",\"inLanguage\":\"es\",\"@id\":\"http:\/\/www.reconoce.mx\/#\/schema\/person\/image\/\",\"url\":\"https:\/\/secure.gravatar.com\/avatar\/6c8d4dc7569ca1c90c5fdcc349f839d5ddef6fe1e70b4337ead2ef1a4c43fc3a?s=96&d=identicon&r=g\",\"contentUrl\":\"https:\/\/secure.gravatar.com\/avatar\/6c8d4dc7569ca1c90c5fdcc349f839d5ddef6fe1e70b4337ead2ef1a4c43fc3a?s=96&d=identicon&r=g\",\"caption\":\"Reconoce MX\"},\"description\":\"Reconoce MX es un proyecto de difusi\u00f3n art\u00edstica, cultural y de conciencia social que est\u00e1 enfocado a difundir y fomentar el entretenimiento alternativo de calidad para todo el p\u00fablico que comparta el mismo entusiasmo.\",\"sameAs\":[\"http:\/\/www.reconoce.mx\"],\"url\":\"http:\/\/www.reconoce.mx\/?author=2\"}]}<\/script>\n<!-- \/ Yoast SEO plugin. -->","yoast_head_json":{"title":"\"Imagen y dise\u00f1o\", celebrando 57 a\u00f1os de Canal Once &#171; Reconoce MX","robots":{"index":"index","follow":"follow","max-snippet":"max-snippet:-1","max-image-preview":"max-image-preview:large","max-video-preview":"max-video-preview:-1"},"canonical":"http:\/\/www.reconoce.mx\/?p=45833","og_locale":"es_ES","og_type":"article","og_title":"\"Imagen y dise\u00f1o\", celebrando 57 a\u00f1os de Canal Once &#171; Reconoce MX","og_description":"Con motivo de su 57 aniversario, Canal Once inaugura el d\u00eda de hoy su exposici\u00f3n \u201cImagen y dise\u00f1o\u201d.","og_url":"http:\/\/www.reconoce.mx\/?p=45833","og_site_name":"Reconoce MX","article_publisher":"https:\/\/es-la.facebook.com\/ReconoceMX\/","article_published_time":"2016-03-29T06:03:12+00:00","article_modified_time":"2016-03-29T15:52:06+00:00","og_image":[{"width":590,"height":380,"url":"http:\/\/www.reconoce.mx\/wp-content\/uploads\/2016\/03\/oncetv-cover.png","type":"image\/png"}],"author":"Reconoce MX","twitter_card":"summary_large_image","twitter_creator":"@reconocemx","twitter_site":"@reconocemx","twitter_misc":{"Escrito por":"Reconoce MX","Tiempo de lectura":"1 minuto"},"schema":{"@context":"https:\/\/schema.org","@graph":[{"@type":"Article","@id":"http:\/\/www.reconoce.mx\/?p=45833#article","isPartOf":{"@id":"http:\/\/www.reconoce.mx\/?p=45833"},"author":{"name":"Reconoce MX","@id":"http:\/\/www.reconoce.mx\/#\/schema\/person\/2117e997d7051dc15d6880eaf9bca0b2"},"headline":"\u00abImagen y dise\u00f1o\u00bb, celebrando 57 a\u00f1os de Canal Once","datePublished":"2016-03-29T06:03:12+00:00","dateModified":"2016-03-29T15:52:06+00:00","mainEntityOfPage":{"@id":"http:\/\/www.reconoce.mx\/?p=45833"},"wordCount":290,"commentCount":0,"publisher":{"@id":"http:\/\/www.reconoce.mx\/#organization"},"image":{"@id":"http:\/\/www.reconoce.mx\/?p=45833#primaryimage"},"thumbnailUrl":"http:\/\/www.reconoce.mx\/wp-content\/uploads\/2016\/03\/oncetv-cover.png","articleSection":["Artes Visuales","Cultura","Principal"],"inLanguage":"es","potentialAction":[{"@type":"CommentAction","name":"Comment","target":["http:\/\/www.reconoce.mx\/?p=45833#respond"]}]},{"@type":"WebPage","@id":"http:\/\/www.reconoce.mx\/?p=45833","url":"http:\/\/www.reconoce.mx\/?p=45833","name":"\"Imagen y dise\u00f1o\", celebrando 57 a\u00f1os de Canal Once &#171; Reconoce MX","isPartOf":{"@id":"http:\/\/www.reconoce.mx\/#website"},"primaryImageOfPage":{"@id":"http:\/\/www.reconoce.mx\/?p=45833#primaryimage"},"image":{"@id":"http:\/\/www.reconoce.mx\/?p=45833#primaryimage"},"thumbnailUrl":"http:\/\/www.reconoce.mx\/wp-content\/uploads\/2016\/03\/oncetv-cover.png","datePublished":"2016-03-29T06:03:12+00:00","dateModified":"2016-03-29T15:52:06+00:00","breadcrumb":{"@id":"http:\/\/www.reconoce.mx\/?p=45833#breadcrumb"},"inLanguage":"es","potentialAction":[{"@type":"ReadAction","target":["http:\/\/www.reconoce.mx\/?p=45833"]}]},{"@type":"ImageObject","inLanguage":"es","@id":"http:\/\/www.reconoce.mx\/?p=45833#primaryimage","url":"http:\/\/www.reconoce.mx\/wp-content\/uploads\/2016\/03\/oncetv-cover.png","contentUrl":"http:\/\/www.reconoce.mx\/wp-content\/uploads\/2016\/03\/oncetv-cover.png","width":590,"height":380},{"@type":"BreadcrumbList","@id":"http:\/\/www.reconoce.mx\/?p=45833#breadcrumb","itemListElement":[{"@type":"ListItem","position":1,"name":"Portada","item":"http:\/\/www.reconoce.mx\/"},{"@type":"ListItem","position":2,"name":"\u00abImagen y dise\u00f1o\u00bb, celebrando 57 a\u00f1os de Canal Once"}]},{"@type":"WebSite","@id":"http:\/\/www.reconoce.mx\/#website","url":"http:\/\/www.reconoce.mx\/","name":"Reconoce MX","description":"En Reconoce MX difundimos arte, cultura y conciencia social en M\u00e9xico. Tu ciudad en otra perspectiva.","publisher":{"@id":"http:\/\/www.reconoce.mx\/#organization"},"potentialAction":[{"@type":"SearchAction","target":{"@type":"EntryPoint","urlTemplate":"http:\/\/www.reconoce.mx\/?s={search_term_string}"},"query-input":{"@type":"PropertyValueSpecification","valueRequired":true,"valueName":"search_term_string"}}],"inLanguage":"es"},{"@type":"Organization","@id":"http:\/\/www.reconoce.mx\/#organization","name":"Reconoce MX","url":"http:\/\/www.reconoce.mx\/","logo":{"@type":"ImageObject","inLanguage":"es","@id":"http:\/\/www.reconoce.mx\/#\/schema\/logo\/image\/","url":"https:\/\/www.reconoce.mx\/wp-content\/uploads\/2019\/03\/logorcmx-good-1.png","contentUrl":"https:\/\/www.reconoce.mx\/wp-content\/uploads\/2019\/03\/logorcmx-good-1.png","width":280,"height":90,"caption":"Reconoce MX"},"image":{"@id":"http:\/\/www.reconoce.mx\/#\/schema\/logo\/image\/"},"sameAs":["https:\/\/es-la.facebook.com\/ReconoceMX\/","https:\/\/x.com\/reconocemx","http:\/\/@reconocemx"]},{"@type":"Person","@id":"http:\/\/www.reconoce.mx\/#\/schema\/person\/2117e997d7051dc15d6880eaf9bca0b2","name":"Reconoce MX","image":{"@type":"ImageObject","inLanguage":"es","@id":"http:\/\/www.reconoce.mx\/#\/schema\/person\/image\/","url":"https:\/\/secure.gravatar.com\/avatar\/6c8d4dc7569ca1c90c5fdcc349f839d5ddef6fe1e70b4337ead2ef1a4c43fc3a?s=96&d=identicon&r=g","contentUrl":"https:\/\/secure.gravatar.com\/avatar\/6c8d4dc7569ca1c90c5fdcc349f839d5ddef6fe1e70b4337ead2ef1a4c43fc3a?s=96&d=identicon&r=g","caption":"Reconoce MX"},"description":"Reconoce MX es un proyecto de difusi\u00f3n art\u00edstica, cultural y de conciencia social que est\u00e1 enfocado a difundir y fomentar el entretenimiento alternativo de calidad para todo el p\u00fablico que comparta el mismo entusiasmo.","sameAs":["http:\/\/www.reconoce.mx"],"url":"http:\/\/www.reconoce.mx\/?author=2"}]}},"_links":{"self":[{"href":"http:\/\/www.reconoce.mx\/index.php?rest_route=\/wp\/v2\/posts\/45833","targetHints":{"allow":["GET"]}}],"collection":[{"href":"http:\/\/www.reconoce.mx\/index.php?rest_route=\/wp\/v2\/posts"}],"about":[{"href":"http:\/\/www.reconoce.mx\/index.php?rest_route=\/wp\/v2\/types\/post"}],"author":[{"embeddable":true,"href":"http:\/\/www.reconoce.mx\/index.php?rest_route=\/wp\/v2\/users\/2"}],"replies":[{"embeddable":true,"href":"http:\/\/www.reconoce.mx\/index.php?rest_route=%2Fwp%2Fv2%2Fcomments&post=45833"}],"version-history":[{"count":3,"href":"http:\/\/www.reconoce.mx\/index.php?rest_route=\/wp\/v2\/posts\/45833\/revisions"}],"predecessor-version":[{"id":45838,"href":"http:\/\/www.reconoce.mx\/index.php?rest_route=\/wp\/v2\/posts\/45833\/revisions\/45838"}],"wp:featuredmedia":[{"embeddable":true,"href":"http:\/\/www.reconoce.mx\/index.php?rest_route=\/wp\/v2\/media\/45834"}],"wp:attachment":[{"href":"http:\/\/www.reconoce.mx\/index.php?rest_route=%2Fwp%2Fv2%2Fmedia&parent=45833"}],"wp:term":[{"taxonomy":"category","embeddable":true,"href":"http:\/\/www.reconoce.mx\/index.php?rest_route=%2Fwp%2Fv2%2Fcategories&post=45833"},{"taxonomy":"post_tag","embeddable":true,"href":"http:\/\/www.reconoce.mx\/index.php?rest_route=%2Fwp%2Fv2%2Ftags&post=45833"}],"curies":[{"name":"wp","href":"https:\/\/api.w.org\/{rel}","templated":true}]}}