{"id":45940,"date":"2016-02-29T00:10:51","date_gmt":"2016-02-29T06:10:51","guid":{"rendered":"http:\/\/www.reconoce.mx\/?p=45940"},"modified":"2016-03-30T10:44:33","modified_gmt":"2016-03-30T16:44:33","slug":"iskander-iniciara-su-de-viaje-de-amor-y-raices-a-el-lunario","status":"publish","type":"post","link":"http:\/\/www.reconoce.mx\/?p=45940","title":{"rendered":"Iskander iniciar\u00e1 su \u00abDe viaje &#8216;De amor y ra\u00edces'\u00bb en El Lunario"},"content":{"rendered":"<p><strong> Por <a href=\"https:\/\/twitter.com\/alice_freckles\" target=\"_blank\">Alicia \u00c1vila<\/a><\/strong>.<\/p>\n<p>El pr\u00f3ximo 30 de marzo dar\u00e1 inicio la gira \u00abDe Viaje De Amor y Ra\u00edces\u201d, del m\u00fasico Iskander, en <strong>El Lunario<\/strong> del <strong>Auditorio Nacional<\/strong>. El m\u00fasico visitar\u00e1 tambi\u00e9n Sudam\u00e9rica y Espa\u00f1a.<\/p>\n<p><img loading=\"lazy\" decoding=\"async\" class=\"aligncenter size-full wp-image-45941\" src=\"http:\/\/www.reconoce.mx\/wp-content\/uploads\/2016\/03\/unnamed-12.jpg\" alt=\"unnamed-12\" width=\"806\" height=\"806\" srcset=\"http:\/\/www.reconoce.mx\/wp-content\/uploads\/2016\/03\/unnamed-12.jpg 806w, http:\/\/www.reconoce.mx\/wp-content\/uploads\/2016\/03\/unnamed-12-150x150.jpg 150w, http:\/\/www.reconoce.mx\/wp-content\/uploads\/2016\/03\/unnamed-12-300x300.jpg 300w, http:\/\/www.reconoce.mx\/wp-content\/uploads\/2016\/03\/unnamed-12-768x768.jpg 768w, http:\/\/www.reconoce.mx\/wp-content\/uploads\/2016\/03\/unnamed-12-65x65.jpg 65w, http:\/\/www.reconoce.mx\/wp-content\/uploads\/2016\/03\/unnamed-12-700x700.jpg 700w, http:\/\/www.reconoce.mx\/wp-content\/uploads\/2016\/03\/unnamed-12-658x658.jpg 658w\" sizes=\"auto, (max-width: 806px) 100vw, 806px\" \/><\/p>\n<p>En Ciudad de M\u00e9xico el cantautor mexicano dar\u00e1 inicio a una nueva etapa en la que va a presentar su nuevo material, \u00abDe amor y ra\u00edces\u00bb. Adem\u00e1s de las nuevas canciones ah\u00ed incluidas, <strong>Iskander<\/strong> seguramente revivir\u00e1 temas como \u00abA labio dulce\u00bb, \u00abTulipanes\u00bb, o la historia que alguna vez dedicamos: \u00abPudiste ser t\u00fa\u00bb.<\/p>\n<p><strong>Iskander<\/strong> compartir\u00e1 escenario junto a amigos invitados como <strong>Pambo<\/strong>, <strong>Juan Solo<\/strong> y <strong>Kaay<\/strong>.<\/p>\n<p>En \u00abDe amor y ra\u00edces\u00bb, tercer material en su carrera, <strong>Iskander<\/strong> fusiono g\u00e9neros como reggae, pop y electro.<\/p>\n<p>Te invitamos a conocer el porqu\u00e9 de esta etapa en la que regresa m\u00e1s apegado a nuestros cuentos, y con nuevas historias que seguramente tambi\u00e9n podr\u00e1s dedicar y sentirte ident\u00edficado.<\/p>\n<p>&nbsp;<\/p>\n<p>&nbsp;<\/p>\n","protected":false},"excerpt":{"rendered":"<p>El pr\u00f3ximo 30 de marzo dar\u00e1 inicio la gira \u201cDe Viaje De Amor y Ra\u00edces\u201d, del m\u00fasico Iskander, en El Lunario del Auditorio Nacional.<\/p>\n","protected":false},"author":2,"featured_media":45942,"comment_status":"open","ping_status":"open","sticky":false,"template":"","format":"standard","meta":{"footnotes":""},"categories":[1,18,17],"tags":[],"class_list":["post-45940","post","type-post","status-publish","format-standard","has-post-thumbnail","hentry","category-cultura","category-musica","category-principal"],"yoast_head":"<!-- This site is optimized with the Yoast SEO plugin v24.7 - https:\/\/yoast.com\/wordpress\/plugins\/seo\/ -->\n<title>Iskander iniciar\u00e1 su &quot;De viaje &#039;De amor y ra\u00edces&#039;&quot; en El Lunario &#171; Reconoce MX<\/title>\n<meta name=\"robots\" content=\"index, follow, max-snippet:-1, max-image-preview:large, max-video-preview:-1\" \/>\n<link rel=\"canonical\" href=\"https:\/\/www.reconoce.mx\/?p=45940\" \/>\n<meta property=\"og:locale\" content=\"es_ES\" \/>\n<meta property=\"og:type\" content=\"article\" \/>\n<meta property=\"og:title\" content=\"Iskander iniciar\u00e1 su &quot;De viaje &#039;De amor y ra\u00edces&#039;&quot; en El Lunario &#171; Reconoce MX\" \/>\n<meta property=\"og:description\" content=\"El pr\u00f3ximo 30 de marzo dar\u00e1 inicio la gira \u201cDe Viaje De Amor y Ra\u00edces\u201d, del m\u00fasico Iskander, en El Lunario del Auditorio Nacional.\" \/>\n<meta property=\"og:url\" content=\"https:\/\/www.reconoce.mx\/?p=45940\" \/>\n<meta property=\"og:site_name\" content=\"Reconoce MX\" \/>\n<meta property=\"article:publisher\" content=\"https:\/\/es-la.facebook.com\/ReconoceMX\/\" \/>\n<meta property=\"article:published_time\" content=\"2016-02-29T06:10:51+00:00\" \/>\n<meta property=\"article:modified_time\" content=\"2016-03-30T16:44:33+00:00\" \/>\n<meta property=\"og:image\" content=\"https:\/\/www.reconoce.mx\/wp-content\/uploads\/2016\/03\/iskander-cover.png\" \/>\n\t<meta property=\"og:image:width\" content=\"590\" \/>\n\t<meta property=\"og:image:height\" content=\"380\" \/>\n\t<meta property=\"og:image:type\" content=\"image\/png\" \/>\n<meta name=\"author\" content=\"Reconoce MX\" \/>\n<meta name=\"twitter:card\" content=\"summary_large_image\" \/>\n<meta name=\"twitter:creator\" content=\"@reconocemx\" \/>\n<meta name=\"twitter:site\" content=\"@reconocemx\" \/>\n<meta name=\"twitter:label1\" content=\"Escrito por\" \/>\n\t<meta name=\"twitter:data1\" content=\"Reconoce MX\" \/>\n\t<meta name=\"twitter:label2\" content=\"Tiempo de lectura\" \/>\n\t<meta name=\"twitter:data2\" content=\"1 minuto\" \/>\n<script type=\"application\/ld+json\" class=\"yoast-schema-graph\">{\"@context\":\"https:\/\/schema.org\",\"@graph\":[{\"@type\":\"Article\",\"@id\":\"https:\/\/www.reconoce.mx\/?p=45940#article\",\"isPartOf\":{\"@id\":\"https:\/\/www.reconoce.mx\/?p=45940\"},\"author\":{\"name\":\"Reconoce MX\",\"@id\":\"http:\/\/www.reconoce.mx\/#\/schema\/person\/2117e997d7051dc15d6880eaf9bca0b2\"},\"headline\":\"Iskander iniciar\u00e1 su \u00abDe viaje &#8216;De amor y ra\u00edces'\u00bb en El Lunario\",\"datePublished\":\"2016-02-29T06:10:51+00:00\",\"dateModified\":\"2016-03-30T16:44:33+00:00\",\"mainEntityOfPage\":{\"@id\":\"https:\/\/www.reconoce.mx\/?p=45940\"},\"wordCount\":177,\"commentCount\":0,\"publisher\":{\"@id\":\"http:\/\/www.reconoce.mx\/#organization\"},\"image\":{\"@id\":\"https:\/\/www.reconoce.mx\/?p=45940#primaryimage\"},\"thumbnailUrl\":\"http:\/\/www.reconoce.mx\/wp-content\/uploads\/2016\/03\/iskander-cover.png\",\"articleSection\":[\"Cultura\",\"M\u00fasica\",\"Principal\"],\"inLanguage\":\"es\",\"potentialAction\":[{\"@type\":\"CommentAction\",\"name\":\"Comment\",\"target\":[\"https:\/\/www.reconoce.mx\/?p=45940#respond\"]}]},{\"@type\":\"WebPage\",\"@id\":\"https:\/\/www.reconoce.mx\/?p=45940\",\"url\":\"https:\/\/www.reconoce.mx\/?p=45940\",\"name\":\"Iskander iniciar\u00e1 su \\\"De viaje 'De amor y ra\u00edces'\\\" en El Lunario &#171; Reconoce MX\",\"isPartOf\":{\"@id\":\"http:\/\/www.reconoce.mx\/#website\"},\"primaryImageOfPage\":{\"@id\":\"https:\/\/www.reconoce.mx\/?p=45940#primaryimage\"},\"image\":{\"@id\":\"https:\/\/www.reconoce.mx\/?p=45940#primaryimage\"},\"thumbnailUrl\":\"http:\/\/www.reconoce.mx\/wp-content\/uploads\/2016\/03\/iskander-cover.png\",\"datePublished\":\"2016-02-29T06:10:51+00:00\",\"dateModified\":\"2016-03-30T16:44:33+00:00\",\"breadcrumb\":{\"@id\":\"https:\/\/www.reconoce.mx\/?p=45940#breadcrumb\"},\"inLanguage\":\"es\",\"potentialAction\":[{\"@type\":\"ReadAction\",\"target\":[\"https:\/\/www.reconoce.mx\/?p=45940\"]}]},{\"@type\":\"ImageObject\",\"inLanguage\":\"es\",\"@id\":\"https:\/\/www.reconoce.mx\/?p=45940#primaryimage\",\"url\":\"http:\/\/www.reconoce.mx\/wp-content\/uploads\/2016\/03\/iskander-cover.png\",\"contentUrl\":\"http:\/\/www.reconoce.mx\/wp-content\/uploads\/2016\/03\/iskander-cover.png\",\"width\":590,\"height\":380},{\"@type\":\"BreadcrumbList\",\"@id\":\"https:\/\/www.reconoce.mx\/?p=45940#breadcrumb\",\"itemListElement\":[{\"@type\":\"ListItem\",\"position\":1,\"name\":\"Portada\",\"item\":\"http:\/\/www.reconoce.mx\/\"},{\"@type\":\"ListItem\",\"position\":2,\"name\":\"Iskander iniciar\u00e1 su \u00abDe viaje &#8216;De amor y ra\u00edces'\u00bb en El Lunario\"}]},{\"@type\":\"WebSite\",\"@id\":\"http:\/\/www.reconoce.mx\/#website\",\"url\":\"http:\/\/www.reconoce.mx\/\",\"name\":\"Reconoce MX\",\"description\":\"En Reconoce MX difundimos arte, cultura y conciencia social en M\u00e9xico. Tu ciudad en otra perspectiva.\",\"publisher\":{\"@id\":\"http:\/\/www.reconoce.mx\/#organization\"},\"potentialAction\":[{\"@type\":\"SearchAction\",\"target\":{\"@type\":\"EntryPoint\",\"urlTemplate\":\"http:\/\/www.reconoce.mx\/?s={search_term_string}\"},\"query-input\":{\"@type\":\"PropertyValueSpecification\",\"valueRequired\":true,\"valueName\":\"search_term_string\"}}],\"inLanguage\":\"es\"},{\"@type\":\"Organization\",\"@id\":\"http:\/\/www.reconoce.mx\/#organization\",\"name\":\"Reconoce MX\",\"url\":\"http:\/\/www.reconoce.mx\/\",\"logo\":{\"@type\":\"ImageObject\",\"inLanguage\":\"es\",\"@id\":\"http:\/\/www.reconoce.mx\/#\/schema\/logo\/image\/\",\"url\":\"https:\/\/www.reconoce.mx\/wp-content\/uploads\/2019\/03\/logorcmx-good-1.png\",\"contentUrl\":\"https:\/\/www.reconoce.mx\/wp-content\/uploads\/2019\/03\/logorcmx-good-1.png\",\"width\":280,\"height\":90,\"caption\":\"Reconoce MX\"},\"image\":{\"@id\":\"http:\/\/www.reconoce.mx\/#\/schema\/logo\/image\/\"},\"sameAs\":[\"https:\/\/es-la.facebook.com\/ReconoceMX\/\",\"https:\/\/x.com\/reconocemx\",\"http:\/\/@reconocemx\"]},{\"@type\":\"Person\",\"@id\":\"http:\/\/www.reconoce.mx\/#\/schema\/person\/2117e997d7051dc15d6880eaf9bca0b2\",\"name\":\"Reconoce MX\",\"image\":{\"@type\":\"ImageObject\",\"inLanguage\":\"es\",\"@id\":\"http:\/\/www.reconoce.mx\/#\/schema\/person\/image\/\",\"url\":\"https:\/\/secure.gravatar.com\/avatar\/6c8d4dc7569ca1c90c5fdcc349f839d5ddef6fe1e70b4337ead2ef1a4c43fc3a?s=96&d=identicon&r=g\",\"contentUrl\":\"https:\/\/secure.gravatar.com\/avatar\/6c8d4dc7569ca1c90c5fdcc349f839d5ddef6fe1e70b4337ead2ef1a4c43fc3a?s=96&d=identicon&r=g\",\"caption\":\"Reconoce MX\"},\"description\":\"Reconoce MX es un proyecto de difusi\u00f3n art\u00edstica, cultural y de conciencia social que est\u00e1 enfocado a difundir y fomentar el entretenimiento alternativo de calidad para todo el p\u00fablico que comparta el mismo entusiasmo.\",\"sameAs\":[\"http:\/\/www.reconoce.mx\"],\"url\":\"http:\/\/www.reconoce.mx\/?author=2\"}]}<\/script>\n<!-- \/ Yoast SEO plugin. -->","yoast_head_json":{"title":"Iskander iniciar\u00e1 su \"De viaje 'De amor y ra\u00edces'\" en El Lunario &#171; Reconoce MX","robots":{"index":"index","follow":"follow","max-snippet":"max-snippet:-1","max-image-preview":"max-image-preview:large","max-video-preview":"max-video-preview:-1"},"canonical":"https:\/\/www.reconoce.mx\/?p=45940","og_locale":"es_ES","og_type":"article","og_title":"Iskander iniciar\u00e1 su \"De viaje 'De amor y ra\u00edces'\" en El Lunario &#171; Reconoce MX","og_description":"El pr\u00f3ximo 30 de marzo dar\u00e1 inicio la gira \u201cDe Viaje De Amor y Ra\u00edces\u201d, del m\u00fasico Iskander, en El Lunario del Auditorio Nacional.","og_url":"https:\/\/www.reconoce.mx\/?p=45940","og_site_name":"Reconoce MX","article_publisher":"https:\/\/es-la.facebook.com\/ReconoceMX\/","article_published_time":"2016-02-29T06:10:51+00:00","article_modified_time":"2016-03-30T16:44:33+00:00","og_image":[{"width":590,"height":380,"url":"https:\/\/www.reconoce.mx\/wp-content\/uploads\/2016\/03\/iskander-cover.png","type":"image\/png"}],"author":"Reconoce MX","twitter_card":"summary_large_image","twitter_creator":"@reconocemx","twitter_site":"@reconocemx","twitter_misc":{"Escrito por":"Reconoce MX","Tiempo de lectura":"1 minuto"},"schema":{"@context":"https:\/\/schema.org","@graph":[{"@type":"Article","@id":"https:\/\/www.reconoce.mx\/?p=45940#article","isPartOf":{"@id":"https:\/\/www.reconoce.mx\/?p=45940"},"author":{"name":"Reconoce MX","@id":"http:\/\/www.reconoce.mx\/#\/schema\/person\/2117e997d7051dc15d6880eaf9bca0b2"},"headline":"Iskander iniciar\u00e1 su \u00abDe viaje &#8216;De amor y ra\u00edces'\u00bb en El Lunario","datePublished":"2016-02-29T06:10:51+00:00","dateModified":"2016-03-30T16:44:33+00:00","mainEntityOfPage":{"@id":"https:\/\/www.reconoce.mx\/?p=45940"},"wordCount":177,"commentCount":0,"publisher":{"@id":"http:\/\/www.reconoce.mx\/#organization"},"image":{"@id":"https:\/\/www.reconoce.mx\/?p=45940#primaryimage"},"thumbnailUrl":"http:\/\/www.reconoce.mx\/wp-content\/uploads\/2016\/03\/iskander-cover.png","articleSection":["Cultura","M\u00fasica","Principal"],"inLanguage":"es","potentialAction":[{"@type":"CommentAction","name":"Comment","target":["https:\/\/www.reconoce.mx\/?p=45940#respond"]}]},{"@type":"WebPage","@id":"https:\/\/www.reconoce.mx\/?p=45940","url":"https:\/\/www.reconoce.mx\/?p=45940","name":"Iskander iniciar\u00e1 su \"De viaje 'De amor y ra\u00edces'\" en El Lunario &#171; Reconoce MX","isPartOf":{"@id":"http:\/\/www.reconoce.mx\/#website"},"primaryImageOfPage":{"@id":"https:\/\/www.reconoce.mx\/?p=45940#primaryimage"},"image":{"@id":"https:\/\/www.reconoce.mx\/?p=45940#primaryimage"},"thumbnailUrl":"http:\/\/www.reconoce.mx\/wp-content\/uploads\/2016\/03\/iskander-cover.png","datePublished":"2016-02-29T06:10:51+00:00","dateModified":"2016-03-30T16:44:33+00:00","breadcrumb":{"@id":"https:\/\/www.reconoce.mx\/?p=45940#breadcrumb"},"inLanguage":"es","potentialAction":[{"@type":"ReadAction","target":["https:\/\/www.reconoce.mx\/?p=45940"]}]},{"@type":"ImageObject","inLanguage":"es","@id":"https:\/\/www.reconoce.mx\/?p=45940#primaryimage","url":"http:\/\/www.reconoce.mx\/wp-content\/uploads\/2016\/03\/iskander-cover.png","contentUrl":"http:\/\/www.reconoce.mx\/wp-content\/uploads\/2016\/03\/iskander-cover.png","width":590,"height":380},{"@type":"BreadcrumbList","@id":"https:\/\/www.reconoce.mx\/?p=45940#breadcrumb","itemListElement":[{"@type":"ListItem","position":1,"name":"Portada","item":"http:\/\/www.reconoce.mx\/"},{"@type":"ListItem","position":2,"name":"Iskander iniciar\u00e1 su \u00abDe viaje &#8216;De amor y ra\u00edces'\u00bb en El Lunario"}]},{"@type":"WebSite","@id":"http:\/\/www.reconoce.mx\/#website","url":"http:\/\/www.reconoce.mx\/","name":"Reconoce MX","description":"En Reconoce MX difundimos arte, cultura y conciencia social en M\u00e9xico. Tu ciudad en otra perspectiva.","publisher":{"@id":"http:\/\/www.reconoce.mx\/#organization"},"potentialAction":[{"@type":"SearchAction","target":{"@type":"EntryPoint","urlTemplate":"http:\/\/www.reconoce.mx\/?s={search_term_string}"},"query-input":{"@type":"PropertyValueSpecification","valueRequired":true,"valueName":"search_term_string"}}],"inLanguage":"es"},{"@type":"Organization","@id":"http:\/\/www.reconoce.mx\/#organization","name":"Reconoce MX","url":"http:\/\/www.reconoce.mx\/","logo":{"@type":"ImageObject","inLanguage":"es","@id":"http:\/\/www.reconoce.mx\/#\/schema\/logo\/image\/","url":"https:\/\/www.reconoce.mx\/wp-content\/uploads\/2019\/03\/logorcmx-good-1.png","contentUrl":"https:\/\/www.reconoce.mx\/wp-content\/uploads\/2019\/03\/logorcmx-good-1.png","width":280,"height":90,"caption":"Reconoce MX"},"image":{"@id":"http:\/\/www.reconoce.mx\/#\/schema\/logo\/image\/"},"sameAs":["https:\/\/es-la.facebook.com\/ReconoceMX\/","https:\/\/x.com\/reconocemx","http:\/\/@reconocemx"]},{"@type":"Person","@id":"http:\/\/www.reconoce.mx\/#\/schema\/person\/2117e997d7051dc15d6880eaf9bca0b2","name":"Reconoce MX","image":{"@type":"ImageObject","inLanguage":"es","@id":"http:\/\/www.reconoce.mx\/#\/schema\/person\/image\/","url":"https:\/\/secure.gravatar.com\/avatar\/6c8d4dc7569ca1c90c5fdcc349f839d5ddef6fe1e70b4337ead2ef1a4c43fc3a?s=96&d=identicon&r=g","contentUrl":"https:\/\/secure.gravatar.com\/avatar\/6c8d4dc7569ca1c90c5fdcc349f839d5ddef6fe1e70b4337ead2ef1a4c43fc3a?s=96&d=identicon&r=g","caption":"Reconoce MX"},"description":"Reconoce MX es un proyecto de difusi\u00f3n art\u00edstica, cultural y de conciencia social que est\u00e1 enfocado a difundir y fomentar el entretenimiento alternativo de calidad para todo el p\u00fablico que comparta el mismo entusiasmo.","sameAs":["http:\/\/www.reconoce.mx"],"url":"http:\/\/www.reconoce.mx\/?author=2"}]}},"_links":{"self":[{"href":"http:\/\/www.reconoce.mx\/index.php?rest_route=\/wp\/v2\/posts\/45940","targetHints":{"allow":["GET"]}}],"collection":[{"href":"http:\/\/www.reconoce.mx\/index.php?rest_route=\/wp\/v2\/posts"}],"about":[{"href":"http:\/\/www.reconoce.mx\/index.php?rest_route=\/wp\/v2\/types\/post"}],"author":[{"embeddable":true,"href":"http:\/\/www.reconoce.mx\/index.php?rest_route=\/wp\/v2\/users\/2"}],"replies":[{"embeddable":true,"href":"http:\/\/www.reconoce.mx\/index.php?rest_route=%2Fwp%2Fv2%2Fcomments&post=45940"}],"version-history":[{"count":5,"href":"http:\/\/www.reconoce.mx\/index.php?rest_route=\/wp\/v2\/posts\/45940\/revisions"}],"predecessor-version":[{"id":45950,"href":"http:\/\/www.reconoce.mx\/index.php?rest_route=\/wp\/v2\/posts\/45940\/revisions\/45950"}],"wp:featuredmedia":[{"embeddable":true,"href":"http:\/\/www.reconoce.mx\/index.php?rest_route=\/wp\/v2\/media\/45942"}],"wp:attachment":[{"href":"http:\/\/www.reconoce.mx\/index.php?rest_route=%2Fwp%2Fv2%2Fmedia&parent=45940"}],"wp:term":[{"taxonomy":"category","embeddable":true,"href":"http:\/\/www.reconoce.mx\/index.php?rest_route=%2Fwp%2Fv2%2Fcategories&post=45940"},{"taxonomy":"post_tag","embeddable":true,"href":"http:\/\/www.reconoce.mx\/index.php?rest_route=%2Fwp%2Fv2%2Ftags&post=45940"}],"curies":[{"name":"wp","href":"https:\/\/api.w.org\/{rel}","templated":true}]}}