{"id":45947,"date":"2016-03-31T00:05:02","date_gmt":"2016-03-31T06:05:02","guid":{"rendered":"http:\/\/www.reconoce.mx\/?p=45947"},"modified":"2016-03-31T13:16:59","modified_gmt":"2016-03-31T19:16:59","slug":"la-memoria-en-el-patio-de-mi-casa","status":"publish","type":"post","link":"http:\/\/www.reconoce.mx\/?p=45947","title":{"rendered":"La memoria en &#8216;El patio de mi casa&#8217;"},"content":{"rendered":"<p><strong>Por <a href=\"https:\/\/twitter.com\/eloisaaa4ever\" target=\"_blank\">Eloisa Cornelio Bautista<\/a><\/strong>.<\/p>\n<p>Ir\u00f3nicamente la muerte es lo que m\u00e1s nos hace reflexionar sobre la vida. Esta inquietud es lo que lleva a <strong>Carlos Hagerman<\/strong> a hacer un retrato de sus padres, una pareja de 40 a\u00f1os de matrimonio y su d\u00eda a d\u00eda, los proyectos que realizaron juntos y los recuerdos que comparten.<\/p>\n<p><img loading=\"lazy\" decoding=\"async\" class=\"aligncenter size-full wp-image-45954\" src=\"http:\/\/www.reconoce.mx\/wp-content\/uploads\/2016\/03\/s10.jpg\" alt=\"s10\" width=\"1920\" height=\"1080\" srcset=\"http:\/\/www.reconoce.mx\/wp-content\/uploads\/2016\/03\/s10.jpg 1920w, http:\/\/www.reconoce.mx\/wp-content\/uploads\/2016\/03\/s10-300x169.jpg 300w, http:\/\/www.reconoce.mx\/wp-content\/uploads\/2016\/03\/s10-768x432.jpg 768w, http:\/\/www.reconoce.mx\/wp-content\/uploads\/2016\/03\/s10-1024x576.jpg 1024w, http:\/\/www.reconoce.mx\/wp-content\/uploads\/2016\/03\/s10-150x84.jpg 150w, http:\/\/www.reconoce.mx\/wp-content\/uploads\/2016\/03\/s10-700x394.jpg 700w, http:\/\/www.reconoce.mx\/wp-content\/uploads\/2016\/03\/s10-658x370.jpg 658w\" sizes=\"auto, (max-width: 1920px) 100vw, 1920px\" \/><\/p>\n<p>Generalmente cuando pensamos en documentales se nos vienen a la mente aquellos que hablan de temas escabrosos como la opresi\u00f3n a las mujeres en pa\u00edses del Medio Oriente, o el tr\u00e1fico de drogas; o enfocados a temas que puedan parecer ex\u00f3ticos a este lado del mundo como religiones y rituales m\u00e1gicos\u2026 sin embargo, est\u00e1 esta otra propuesta, mucho m\u00e1s cerca y personal, que sin embargo toca un tema universal: la reflexi\u00f3n sobre la vida.<\/p>\n<p><strong>Carlos Hagerman<\/strong> se pregunta en una voz en <em>off<\/em> por qu\u00e9 est\u00e1 haciendo lo que hace, por qu\u00e9 grabar a sus padres y hacer un documental sobre la casa en la que creci\u00f3: \u00abTal vez para no olvidarlos\u00bb, o para capturarlos\u2026 Al final, todos tenemos cierta fijaci\u00f3n por no dejar escapar los momentos.<\/p>\n<p><img loading=\"lazy\" decoding=\"async\" class=\"aligncenter size-full wp-image-45953\" src=\"http:\/\/www.reconoce.mx\/wp-content\/uploads\/2016\/03\/s7.jpg\" alt=\"s7\" width=\"1920\" height=\"1080\" srcset=\"http:\/\/www.reconoce.mx\/wp-content\/uploads\/2016\/03\/s7.jpg 1920w, http:\/\/www.reconoce.mx\/wp-content\/uploads\/2016\/03\/s7-300x169.jpg 300w, http:\/\/www.reconoce.mx\/wp-content\/uploads\/2016\/03\/s7-768x432.jpg 768w, http:\/\/www.reconoce.mx\/wp-content\/uploads\/2016\/03\/s7-1024x576.jpg 1024w, http:\/\/www.reconoce.mx\/wp-content\/uploads\/2016\/03\/s7-150x84.jpg 150w, http:\/\/www.reconoce.mx\/wp-content\/uploads\/2016\/03\/s7-700x394.jpg 700w, http:\/\/www.reconoce.mx\/wp-content\/uploads\/2016\/03\/s7-658x370.jpg 658w\" sizes=\"auto, (max-width: 1920px) 100vw, 1920px\" \/><\/p>\n<p>Pienso en una frase del escritor de ciencia ficci\u00f3n, <strong>Kurt Vonnegut<\/strong>: \u00abEsa es s\u00f3lo una ilusi\u00f3n que tenemos aqu\u00ed en la Tierra, que un momento sigue a otro, como cuentas en una collar, que una vez que un momento ha pasado, se ha ido para siempre\u201d. Esa imposibilidad de retener los momentos es lo que desde generaciones pasadas nos ha hecho tomar una c\u00e1mara y filmar a los ni\u00f1os jugando en el patio de una casa, unos ni\u00f1os que se volvieron padres y despu\u00e9s abuelos. Sin embargo, en alguna parte del mundo a\u00fan viven esos ni\u00f1os, para Vonnegut era en otro planeta, para nosotros, esos ni\u00f1os est\u00e1n en una cinta de video casera, para Hagerman, en un documental.<\/p>\n<p>Hoy este modo cr\u00edtico del uso desmedido de Facebook, de Snapchat, de tomar fotograf\u00edas a absolutamente todo, dicen que ha dejado a un lado el disfrutar del momento, por lo que estamos m\u00e1s ansiosos por likes o retweets que por estar con quienes amamos. Yo creo que es todo lo contrario, a pesar de la juventud, estamos terriblemente (in)conscientes de lo ef\u00edmero de la vida: un concierto, ver a nuestros amigos de hace a\u00f1os por un rato o un beso con quien no sabes cu\u00e1nto tiempo estar\u00e1 con nosotros\u2026 Tomamos fotograf\u00edas de todo, porque todo pasa demasiado r\u00e1pido, porque hoy m\u00e1s que nunca las cosas nos parecen l\u00edquidas y deseamos, aunque sea, mantener vivo el recuerdo a trav\u00e9s de una imagen: \u00abocurri\u00f3, lo viv\u00ed y aqu\u00ed hay pruebas de esto\u00bb.<\/p>\n<p><iframe loading=\"lazy\" src=\"https:\/\/www.youtube.com\/embed\/arP7t14KGDQ\" width=\"590\" height=\"332\" frameborder=\"0\" allowfullscreen=\"allowfullscreen\"><\/iframe><\/p>\n<p>Una l\u00f3gica parecida envuelve al documental de Hagerman, acompa\u00f1ado de los videos en formato Super-8 que sus abuelos capturaron, da testimonio de una vida, que podr\u00eda ser cualquier vida y que nos invita a contemplarlo desde los ojos de qui\u00e9nes est\u00e1n por despedirse de ella: sus padres. Al menos a m\u00ed, me pareci\u00f3 invaluable, que hablen de la vida quienes ya la han vivido; recordar canciones y momentos, y mirar hacia atr\u00e1s, ya sin la ansiedad que nos invade a los m\u00e1s j\u00f3venes.<\/p>\n<p>\u00abEl patio de mi casa\u00bb estrena ma\u00f1ana viernes 1 de abril de 2016 en cines selectos.<\/p>\n<p style=\"text-align: right;\">Con im\u00e1genes cortes\u00eda de <strong>IQ Icunacury Acosta &amp; Co.<\/strong>.<\/p>\n<p>&nbsp;<\/p>\n<p>&nbsp;<\/p>\n","protected":false},"excerpt":{"rendered":"<p>Ir\u00f3nicamente la muerte es lo que m\u00e1s nos hace reflexionar sobre la vida.<\/p>\n","protected":false},"author":2,"featured_media":45952,"comment_status":"open","ping_status":"open","sticky":false,"template":"","format":"standard","meta":{"footnotes":""},"categories":[24,1,17],"tags":[],"class_list":["post-45947","post","type-post","status-publish","format-standard","has-post-thumbnail","hentry","category-cine","category-cultura","category-principal"],"yoast_head":"<!-- This site is optimized with the Yoast SEO plugin v24.7 - https:\/\/yoast.com\/wordpress\/plugins\/seo\/ -->\n<title>La memoria en &#039;El patio de mi casa&#039; &#171; Reconoce MX<\/title>\n<meta name=\"robots\" content=\"index, follow, max-snippet:-1, max-image-preview:large, max-video-preview:-1\" \/>\n<link rel=\"canonical\" href=\"http:\/\/www.reconoce.mx\/?p=45947\" \/>\n<meta property=\"og:locale\" content=\"es_ES\" \/>\n<meta property=\"og:type\" content=\"article\" \/>\n<meta property=\"og:title\" content=\"La memoria en &#039;El patio de mi casa&#039; &#171; Reconoce MX\" \/>\n<meta property=\"og:description\" content=\"Ir\u00f3nicamente la muerte es lo que m\u00e1s nos hace reflexionar sobre la vida.\" \/>\n<meta property=\"og:url\" content=\"http:\/\/www.reconoce.mx\/?p=45947\" \/>\n<meta property=\"og:site_name\" content=\"Reconoce MX\" \/>\n<meta property=\"article:publisher\" content=\"https:\/\/es-la.facebook.com\/ReconoceMX\/\" \/>\n<meta property=\"article:published_time\" content=\"2016-03-31T06:05:02+00:00\" \/>\n<meta property=\"article:modified_time\" content=\"2016-03-31T19:16:59+00:00\" \/>\n<meta property=\"og:image\" content=\"http:\/\/www.reconoce.mx\/wp-content\/uploads\/2016\/03\/patiodemicasa-cover.png\" \/>\n\t<meta property=\"og:image:width\" content=\"590\" \/>\n\t<meta property=\"og:image:height\" content=\"380\" \/>\n\t<meta property=\"og:image:type\" content=\"image\/png\" \/>\n<meta name=\"author\" content=\"Reconoce MX\" \/>\n<meta name=\"twitter:card\" content=\"summary_large_image\" \/>\n<meta name=\"twitter:creator\" content=\"@reconocemx\" \/>\n<meta name=\"twitter:site\" content=\"@reconocemx\" \/>\n<meta name=\"twitter:label1\" content=\"Escrito por\" \/>\n\t<meta name=\"twitter:data1\" content=\"Reconoce MX\" \/>\n\t<meta name=\"twitter:label2\" content=\"Tiempo de lectura\" \/>\n\t<meta name=\"twitter:data2\" content=\"3 minutos\" \/>\n<script type=\"application\/ld+json\" class=\"yoast-schema-graph\">{\"@context\":\"https:\/\/schema.org\",\"@graph\":[{\"@type\":\"Article\",\"@id\":\"http:\/\/www.reconoce.mx\/?p=45947#article\",\"isPartOf\":{\"@id\":\"http:\/\/www.reconoce.mx\/?p=45947\"},\"author\":{\"name\":\"Reconoce MX\",\"@id\":\"http:\/\/www.reconoce.mx\/#\/schema\/person\/2117e997d7051dc15d6880eaf9bca0b2\"},\"headline\":\"La memoria en &#8216;El patio de mi casa&#8217;\",\"datePublished\":\"2016-03-31T06:05:02+00:00\",\"dateModified\":\"2016-03-31T19:16:59+00:00\",\"mainEntityOfPage\":{\"@id\":\"http:\/\/www.reconoce.mx\/?p=45947\"},\"wordCount\":592,\"commentCount\":0,\"publisher\":{\"@id\":\"http:\/\/www.reconoce.mx\/#organization\"},\"image\":{\"@id\":\"http:\/\/www.reconoce.mx\/?p=45947#primaryimage\"},\"thumbnailUrl\":\"http:\/\/www.reconoce.mx\/wp-content\/uploads\/2016\/03\/patiodemicasa-cover.png\",\"articleSection\":[\"Cine\",\"Cultura\",\"Principal\"],\"inLanguage\":\"es\",\"potentialAction\":[{\"@type\":\"CommentAction\",\"name\":\"Comment\",\"target\":[\"http:\/\/www.reconoce.mx\/?p=45947#respond\"]}]},{\"@type\":\"WebPage\",\"@id\":\"http:\/\/www.reconoce.mx\/?p=45947\",\"url\":\"http:\/\/www.reconoce.mx\/?p=45947\",\"name\":\"La memoria en 'El patio de mi casa' &#171; Reconoce MX\",\"isPartOf\":{\"@id\":\"http:\/\/www.reconoce.mx\/#website\"},\"primaryImageOfPage\":{\"@id\":\"http:\/\/www.reconoce.mx\/?p=45947#primaryimage\"},\"image\":{\"@id\":\"http:\/\/www.reconoce.mx\/?p=45947#primaryimage\"},\"thumbnailUrl\":\"http:\/\/www.reconoce.mx\/wp-content\/uploads\/2016\/03\/patiodemicasa-cover.png\",\"datePublished\":\"2016-03-31T06:05:02+00:00\",\"dateModified\":\"2016-03-31T19:16:59+00:00\",\"breadcrumb\":{\"@id\":\"http:\/\/www.reconoce.mx\/?p=45947#breadcrumb\"},\"inLanguage\":\"es\",\"potentialAction\":[{\"@type\":\"ReadAction\",\"target\":[\"http:\/\/www.reconoce.mx\/?p=45947\"]}]},{\"@type\":\"ImageObject\",\"inLanguage\":\"es\",\"@id\":\"http:\/\/www.reconoce.mx\/?p=45947#primaryimage\",\"url\":\"http:\/\/www.reconoce.mx\/wp-content\/uploads\/2016\/03\/patiodemicasa-cover.png\",\"contentUrl\":\"http:\/\/www.reconoce.mx\/wp-content\/uploads\/2016\/03\/patiodemicasa-cover.png\",\"width\":590,\"height\":380},{\"@type\":\"BreadcrumbList\",\"@id\":\"http:\/\/www.reconoce.mx\/?p=45947#breadcrumb\",\"itemListElement\":[{\"@type\":\"ListItem\",\"position\":1,\"name\":\"Portada\",\"item\":\"http:\/\/www.reconoce.mx\/\"},{\"@type\":\"ListItem\",\"position\":2,\"name\":\"La memoria en &#8216;El patio de mi casa&#8217;\"}]},{\"@type\":\"WebSite\",\"@id\":\"http:\/\/www.reconoce.mx\/#website\",\"url\":\"http:\/\/www.reconoce.mx\/\",\"name\":\"Reconoce MX\",\"description\":\"En Reconoce MX difundimos arte, cultura y conciencia social en M\u00e9xico. Tu ciudad en otra perspectiva.\",\"publisher\":{\"@id\":\"http:\/\/www.reconoce.mx\/#organization\"},\"potentialAction\":[{\"@type\":\"SearchAction\",\"target\":{\"@type\":\"EntryPoint\",\"urlTemplate\":\"http:\/\/www.reconoce.mx\/?s={search_term_string}\"},\"query-input\":{\"@type\":\"PropertyValueSpecification\",\"valueRequired\":true,\"valueName\":\"search_term_string\"}}],\"inLanguage\":\"es\"},{\"@type\":\"Organization\",\"@id\":\"http:\/\/www.reconoce.mx\/#organization\",\"name\":\"Reconoce MX\",\"url\":\"http:\/\/www.reconoce.mx\/\",\"logo\":{\"@type\":\"ImageObject\",\"inLanguage\":\"es\",\"@id\":\"http:\/\/www.reconoce.mx\/#\/schema\/logo\/image\/\",\"url\":\"https:\/\/www.reconoce.mx\/wp-content\/uploads\/2019\/03\/logorcmx-good-1.png\",\"contentUrl\":\"https:\/\/www.reconoce.mx\/wp-content\/uploads\/2019\/03\/logorcmx-good-1.png\",\"width\":280,\"height\":90,\"caption\":\"Reconoce MX\"},\"image\":{\"@id\":\"http:\/\/www.reconoce.mx\/#\/schema\/logo\/image\/\"},\"sameAs\":[\"https:\/\/es-la.facebook.com\/ReconoceMX\/\",\"https:\/\/x.com\/reconocemx\",\"http:\/\/@reconocemx\"]},{\"@type\":\"Person\",\"@id\":\"http:\/\/www.reconoce.mx\/#\/schema\/person\/2117e997d7051dc15d6880eaf9bca0b2\",\"name\":\"Reconoce MX\",\"image\":{\"@type\":\"ImageObject\",\"inLanguage\":\"es\",\"@id\":\"http:\/\/www.reconoce.mx\/#\/schema\/person\/image\/\",\"url\":\"https:\/\/secure.gravatar.com\/avatar\/6c8d4dc7569ca1c90c5fdcc349f839d5ddef6fe1e70b4337ead2ef1a4c43fc3a?s=96&d=identicon&r=g\",\"contentUrl\":\"https:\/\/secure.gravatar.com\/avatar\/6c8d4dc7569ca1c90c5fdcc349f839d5ddef6fe1e70b4337ead2ef1a4c43fc3a?s=96&d=identicon&r=g\",\"caption\":\"Reconoce MX\"},\"description\":\"Reconoce MX es un proyecto de difusi\u00f3n art\u00edstica, cultural y de conciencia social que est\u00e1 enfocado a difundir y fomentar el entretenimiento alternativo de calidad para todo el p\u00fablico que comparta el mismo entusiasmo.\",\"sameAs\":[\"http:\/\/www.reconoce.mx\"],\"url\":\"http:\/\/www.reconoce.mx\/?author=2\"}]}<\/script>\n<!-- \/ Yoast SEO plugin. -->","yoast_head_json":{"title":"La memoria en 'El patio de mi casa' &#171; Reconoce MX","robots":{"index":"index","follow":"follow","max-snippet":"max-snippet:-1","max-image-preview":"max-image-preview:large","max-video-preview":"max-video-preview:-1"},"canonical":"http:\/\/www.reconoce.mx\/?p=45947","og_locale":"es_ES","og_type":"article","og_title":"La memoria en 'El patio de mi casa' &#171; Reconoce MX","og_description":"Ir\u00f3nicamente la muerte es lo que m\u00e1s nos hace reflexionar sobre la vida.","og_url":"http:\/\/www.reconoce.mx\/?p=45947","og_site_name":"Reconoce MX","article_publisher":"https:\/\/es-la.facebook.com\/ReconoceMX\/","article_published_time":"2016-03-31T06:05:02+00:00","article_modified_time":"2016-03-31T19:16:59+00:00","og_image":[{"width":590,"height":380,"url":"http:\/\/www.reconoce.mx\/wp-content\/uploads\/2016\/03\/patiodemicasa-cover.png","type":"image\/png"}],"author":"Reconoce MX","twitter_card":"summary_large_image","twitter_creator":"@reconocemx","twitter_site":"@reconocemx","twitter_misc":{"Escrito por":"Reconoce MX","Tiempo de lectura":"3 minutos"},"schema":{"@context":"https:\/\/schema.org","@graph":[{"@type":"Article","@id":"http:\/\/www.reconoce.mx\/?p=45947#article","isPartOf":{"@id":"http:\/\/www.reconoce.mx\/?p=45947"},"author":{"name":"Reconoce MX","@id":"http:\/\/www.reconoce.mx\/#\/schema\/person\/2117e997d7051dc15d6880eaf9bca0b2"},"headline":"La memoria en &#8216;El patio de mi casa&#8217;","datePublished":"2016-03-31T06:05:02+00:00","dateModified":"2016-03-31T19:16:59+00:00","mainEntityOfPage":{"@id":"http:\/\/www.reconoce.mx\/?p=45947"},"wordCount":592,"commentCount":0,"publisher":{"@id":"http:\/\/www.reconoce.mx\/#organization"},"image":{"@id":"http:\/\/www.reconoce.mx\/?p=45947#primaryimage"},"thumbnailUrl":"http:\/\/www.reconoce.mx\/wp-content\/uploads\/2016\/03\/patiodemicasa-cover.png","articleSection":["Cine","Cultura","Principal"],"inLanguage":"es","potentialAction":[{"@type":"CommentAction","name":"Comment","target":["http:\/\/www.reconoce.mx\/?p=45947#respond"]}]},{"@type":"WebPage","@id":"http:\/\/www.reconoce.mx\/?p=45947","url":"http:\/\/www.reconoce.mx\/?p=45947","name":"La memoria en 'El patio de mi casa' &#171; Reconoce MX","isPartOf":{"@id":"http:\/\/www.reconoce.mx\/#website"},"primaryImageOfPage":{"@id":"http:\/\/www.reconoce.mx\/?p=45947#primaryimage"},"image":{"@id":"http:\/\/www.reconoce.mx\/?p=45947#primaryimage"},"thumbnailUrl":"http:\/\/www.reconoce.mx\/wp-content\/uploads\/2016\/03\/patiodemicasa-cover.png","datePublished":"2016-03-31T06:05:02+00:00","dateModified":"2016-03-31T19:16:59+00:00","breadcrumb":{"@id":"http:\/\/www.reconoce.mx\/?p=45947#breadcrumb"},"inLanguage":"es","potentialAction":[{"@type":"ReadAction","target":["http:\/\/www.reconoce.mx\/?p=45947"]}]},{"@type":"ImageObject","inLanguage":"es","@id":"http:\/\/www.reconoce.mx\/?p=45947#primaryimage","url":"http:\/\/www.reconoce.mx\/wp-content\/uploads\/2016\/03\/patiodemicasa-cover.png","contentUrl":"http:\/\/www.reconoce.mx\/wp-content\/uploads\/2016\/03\/patiodemicasa-cover.png","width":590,"height":380},{"@type":"BreadcrumbList","@id":"http:\/\/www.reconoce.mx\/?p=45947#breadcrumb","itemListElement":[{"@type":"ListItem","position":1,"name":"Portada","item":"http:\/\/www.reconoce.mx\/"},{"@type":"ListItem","position":2,"name":"La memoria en &#8216;El patio de mi casa&#8217;"}]},{"@type":"WebSite","@id":"http:\/\/www.reconoce.mx\/#website","url":"http:\/\/www.reconoce.mx\/","name":"Reconoce MX","description":"En Reconoce MX difundimos arte, cultura y conciencia social en M\u00e9xico. Tu ciudad en otra perspectiva.","publisher":{"@id":"http:\/\/www.reconoce.mx\/#organization"},"potentialAction":[{"@type":"SearchAction","target":{"@type":"EntryPoint","urlTemplate":"http:\/\/www.reconoce.mx\/?s={search_term_string}"},"query-input":{"@type":"PropertyValueSpecification","valueRequired":true,"valueName":"search_term_string"}}],"inLanguage":"es"},{"@type":"Organization","@id":"http:\/\/www.reconoce.mx\/#organization","name":"Reconoce MX","url":"http:\/\/www.reconoce.mx\/","logo":{"@type":"ImageObject","inLanguage":"es","@id":"http:\/\/www.reconoce.mx\/#\/schema\/logo\/image\/","url":"https:\/\/www.reconoce.mx\/wp-content\/uploads\/2019\/03\/logorcmx-good-1.png","contentUrl":"https:\/\/www.reconoce.mx\/wp-content\/uploads\/2019\/03\/logorcmx-good-1.png","width":280,"height":90,"caption":"Reconoce MX"},"image":{"@id":"http:\/\/www.reconoce.mx\/#\/schema\/logo\/image\/"},"sameAs":["https:\/\/es-la.facebook.com\/ReconoceMX\/","https:\/\/x.com\/reconocemx","http:\/\/@reconocemx"]},{"@type":"Person","@id":"http:\/\/www.reconoce.mx\/#\/schema\/person\/2117e997d7051dc15d6880eaf9bca0b2","name":"Reconoce MX","image":{"@type":"ImageObject","inLanguage":"es","@id":"http:\/\/www.reconoce.mx\/#\/schema\/person\/image\/","url":"https:\/\/secure.gravatar.com\/avatar\/6c8d4dc7569ca1c90c5fdcc349f839d5ddef6fe1e70b4337ead2ef1a4c43fc3a?s=96&d=identicon&r=g","contentUrl":"https:\/\/secure.gravatar.com\/avatar\/6c8d4dc7569ca1c90c5fdcc349f839d5ddef6fe1e70b4337ead2ef1a4c43fc3a?s=96&d=identicon&r=g","caption":"Reconoce MX"},"description":"Reconoce MX es un proyecto de difusi\u00f3n art\u00edstica, cultural y de conciencia social que est\u00e1 enfocado a difundir y fomentar el entretenimiento alternativo de calidad para todo el p\u00fablico que comparta el mismo entusiasmo.","sameAs":["http:\/\/www.reconoce.mx"],"url":"http:\/\/www.reconoce.mx\/?author=2"}]}},"_links":{"self":[{"href":"http:\/\/www.reconoce.mx\/index.php?rest_route=\/wp\/v2\/posts\/45947","targetHints":{"allow":["GET"]}}],"collection":[{"href":"http:\/\/www.reconoce.mx\/index.php?rest_route=\/wp\/v2\/posts"}],"about":[{"href":"http:\/\/www.reconoce.mx\/index.php?rest_route=\/wp\/v2\/types\/post"}],"author":[{"embeddable":true,"href":"http:\/\/www.reconoce.mx\/index.php?rest_route=\/wp\/v2\/users\/2"}],"replies":[{"embeddable":true,"href":"http:\/\/www.reconoce.mx\/index.php?rest_route=%2Fwp%2Fv2%2Fcomments&post=45947"}],"version-history":[{"count":5,"href":"http:\/\/www.reconoce.mx\/index.php?rest_route=\/wp\/v2\/posts\/45947\/revisions"}],"predecessor-version":[{"id":45957,"href":"http:\/\/www.reconoce.mx\/index.php?rest_route=\/wp\/v2\/posts\/45947\/revisions\/45957"}],"wp:featuredmedia":[{"embeddable":true,"href":"http:\/\/www.reconoce.mx\/index.php?rest_route=\/wp\/v2\/media\/45952"}],"wp:attachment":[{"href":"http:\/\/www.reconoce.mx\/index.php?rest_route=%2Fwp%2Fv2%2Fmedia&parent=45947"}],"wp:term":[{"taxonomy":"category","embeddable":true,"href":"http:\/\/www.reconoce.mx\/index.php?rest_route=%2Fwp%2Fv2%2Fcategories&post=45947"},{"taxonomy":"post_tag","embeddable":true,"href":"http:\/\/www.reconoce.mx\/index.php?rest_route=%2Fwp%2Fv2%2Ftags&post=45947"}],"curies":[{"name":"wp","href":"https:\/\/api.w.org\/{rel}","templated":true}]}}