{"id":49125,"date":"2016-06-30T00:07:18","date_gmt":"2016-06-30T05:07:18","guid":{"rendered":"http:\/\/www.reconoce.mx\/?p=49125"},"modified":"2016-08-04T11:33:23","modified_gmt":"2016-08-04T16:33:23","slug":"la-educacion-la-reforma-educativa-y-la-violencia-como-aderezo","status":"publish","type":"post","link":"http:\/\/www.reconoce.mx\/?p=49125","title":{"rendered":"La educaci\u00f3n, la reforma educativa y la violencia como aderezo"},"content":{"rendered":"<p><strong>Por <a title=\"@danielhiga_al\" href=\"https:\/\/twitter.com\/danielhiga_al\" target=\"_blank\">Daniel Higa Alquicira<\/a>.<\/strong><\/p>\n<p>Si en este M\u00e9xico \u201cmoderno y de transformaci\u00f3n\u201d algo ha causado encono social, esto ha sido la reforma educativa. Planteada como una herramienta casi m\u00e1gica para elevar la calidad de los conocimientos, la realidad indica que muy pocas mentes brillantes alcanzan a visualizar sus beneficios y c\u00f3mo debe funcionar.<\/p>\n<p>Desde el 2013 esto ha sido tema de discusiones, pol\u00e9micas, estudios, enfrentamientos violentos, marchas, plantones, di\u00e1logos entre autoridades y l\u00edderes magisteriales disidentes; arreglos sospechosos y la polarizaci\u00f3n de la sociedad entre quienes apoyan a los maestros y los que los critican.<\/p>\n<p>Hace poco escuch\u00e9 una frase que puede resumir muy bien la realidad de esta reforma educativa: \u201ces como capacitar al conductor de un cami\u00f3n que se est\u00e1 destartalando\u201d. Y es cierto, porque el problema de la educaci\u00f3n en M\u00e9xico no solamente es por culpa de los maestros, es una deficiencia estructural y multifactorial que ning\u00fan gobierno ha sabido entender y corregir.<\/p>\n<p>Si los mexicanos podemos presumir de un sistema educativo gratuito y universal, \u00bfentonces por qu\u00e9 el promedio acad\u00e9mico de la poblaci\u00f3n en general es de apenas 8.8 a\u00f1os, es decir, solo hasta segundo de secundaria?<\/p>\n<p>Seg\u00fan el \u00ab\u00cdndice de Cumplimiento de la Responsabilidad Educativa-Estatal 2016\u00bb, de la organizaci\u00f3n <strong>Mexicanos Primero<\/strong>, de cada 100 mexicanos que inician la educaci\u00f3n primaria, solo 16 de ellos termina una carrera universitaria.<\/p>\n<p>Entonces no solo se trata de calidad de la educaci\u00f3n, sino de las pocas posibilidades que tienen muchos sectores de la sociedad para acceder a ella.<\/p>\n<p>\u201cPara alcanzar el cumplimiento del derecho a una educaci\u00f3n de calidad se requiere de una distribuci\u00f3n m\u00e1s equitativa del gasto p\u00fablico y una atenci\u00f3n prioritaria de los programas que buscan la equidad\u201d, afirm\u00f3 en su momento <strong>Sylvia Schmelkes<\/strong>, consejera presidenta del <strong>Instituto Nacional para la Evaluaci\u00f3n de la Educaci\u00f3n<\/strong>.<\/p>\n<p>Es decir, la educaci\u00f3n en M\u00e9xico en la pr\u00e1ctica, no es universal ni gratuita. Pero todo se descompone a\u00fan m\u00e1s cuando el tema se convierte en un bot\u00edn pol\u00edtico tanto para las autoridades, como para los diversos grupos que conforman el universo magisterial en M\u00e9xico.<\/p>\n<p>Todo parece resumirse en una lucha de poder entre los \u201cdefensores del pueblo\u201d y los poderosos. Es cierto que existen millones de desprotegidos en M\u00e9xico, miles de familias que por m\u00e1s que les gustar\u00eda que sus hijos estudien, lo primordial es buscar c\u00f3mo matar el hambre del d\u00eda a d\u00eda, y la educaci\u00f3n no satisface eso de manera inmediata.<\/p>\n<p>El gobierno y las autoridades educativas excluyen sistem\u00e1ticamente a millones de ni\u00f1os de la educaci\u00f3n debido a que no han reducido la pobreza, la brecha social se extiende cada vez m\u00e1s y el futuro de estos menores no es m\u00e1s que pasar hambres y miserias.<\/p>\n<p>Efectivamente la educaci\u00f3n es un camino para reducir esta situaci\u00f3n; \u00bfsin embrago c\u00f3mo podr\u00eda un ni\u00f1o estudiar, si lleva un hambre clavada en su est\u00f3mago desde que naci\u00f3; si adem\u00e1s tiene que caminar horas para llegar a la escuela y cuando su sal\u00f3n es un cuarto en ruinas \u2013por llamarlo de alguna manera\u2013 en donde lo \u00fanico que reafirma es su miserable situaci\u00f3n?<\/p>\n<p>Pero dinero hay y mucho. Seg\u00fan la <strong>Organizaci\u00f3n para la Cooperaci\u00f3n y el Desarrollo Econ\u00f3micos<\/strong> (OCDE), en 2012 M\u00e9xico invirti\u00f3 2 mil 600 d\u00f3lares por estudiante de primaria, 3 mil por cada uno de secundaria y 8 mil 100 d\u00f3lares por cada alumno de educaci\u00f3n superior.<\/p>\n<p>Pero \u201cdel gasto total mexicano para educaci\u00f3n en 2012, s\u00f3lo 2.5% se destin\u00f3 a capital (activos que duran m\u00e1s de un a\u00f1o, como construcci\u00f3n, renovaci\u00f3n y reparaci\u00f3n importante de edificios escolares), el cual es mucho menor al promedio de 7.1% que en ese rubro invirtieron Brasil, Colombia, Irlanda, Portugal, Sud\u00e1frica, Suiza y Turqu\u00eda\u201d, dice la <strong>OCDE<\/strong>.<\/p>\n<p>De cualquier modo esto no va a cambiar si los maestros disidentes siguen en la misma postura que, est\u00e1 comprobado, no resuelve estos problemas sociales, y que sin embargo contin\u00faan utilizando como su \u00fanica herramienta de lucha.<\/p>\n<p>Bloquear comunidades enteras, asfixiar la endeble econom\u00eda local de algunas regiones de Oaxaca, permitir que escale la violencia y convertirse adem\u00e1s, en el blanco perfecto de grupos de choque, provocadores o polic\u00edas para asesinar personas; es solo afectar al pueblo y el futuro de los ni\u00f1os.<\/p>\n<p>Recuerdo que en el plant\u00f3n del Z\u00f3calo de 2013, entrevist\u00e9 a maestros rurales de Oaxaca y ellos me abrieron los ojos sobre su verdadera preocupaci\u00f3n. Esos maestros del Itsmo de Tehuantepec no ped\u00edan que se aboliera la reforma educativa ni les preocupa ser evaluados, lo que ped\u00edan era que se modificara la forma en que tiene que ser evaluados los maestros seg\u00fan el entorno en el que trabajan.<\/p>\n<p>Porque no es lo mismo trabajar en las grandes ciudades con ni\u00f1os de clase media, que hacerlo en una comunidad alejada con ni\u00f1os ind\u00edgenas, pobres y olvidados. Qu\u00e9 raz\u00f3n tienen, pero a nadie le importa estas posturas razonables y hasta parece que pol\u00edticamente son poco redituables para sus l\u00edderes\u2026<\/p>\n<p style=\"text-align: right;\">Foto: <strong>Razi Machay<\/strong>.<\/p>\n<p>&nbsp;<\/p>\n<p>&nbsp;<\/p>\n","protected":false},"excerpt":{"rendered":"<p>Si en este M\u00e9xico \u201cmoderno y de transformaci\u00f3n\u201d algo ha causado encono social, esto ha sido la reforma educativa.<\/p>\n","protected":false},"author":2,"featured_media":49126,"comment_status":"open","ping_status":"open","sticky":false,"template":"","format":"standard","meta":{"footnotes":""},"categories":[43,275,17],"tags":[],"class_list":["post-49125","post","type-post","status-publish","format-standard","has-post-thumbnail","hentry","category-conciencia","category-derechos-humanos","category-principal"],"yoast_head":"<!-- This site is optimized with the Yoast SEO plugin v24.7 - https:\/\/yoast.com\/wordpress\/plugins\/seo\/ -->\n<title>La educaci\u00f3n, la reforma educativa y la violencia como aderezo &#171; Reconoce MX<\/title>\n<meta name=\"robots\" content=\"index, follow, max-snippet:-1, max-image-preview:large, max-video-preview:-1\" \/>\n<link rel=\"canonical\" href=\"https:\/\/www.reconoce.mx\/?p=49125\" \/>\n<meta property=\"og:locale\" content=\"es_ES\" \/>\n<meta property=\"og:type\" content=\"article\" \/>\n<meta property=\"og:title\" content=\"La educaci\u00f3n, la reforma educativa y la violencia como aderezo &#171; Reconoce MX\" \/>\n<meta property=\"og:description\" content=\"Si en este M\u00e9xico \u201cmoderno y de transformaci\u00f3n\u201d algo ha causado encono social, esto ha sido la reforma educativa.\" \/>\n<meta property=\"og:url\" content=\"https:\/\/www.reconoce.mx\/?p=49125\" \/>\n<meta property=\"og:site_name\" content=\"Reconoce MX\" \/>\n<meta property=\"article:publisher\" content=\"https:\/\/es-la.facebook.com\/ReconoceMX\/\" \/>\n<meta property=\"article:published_time\" content=\"2016-06-30T05:07:18+00:00\" \/>\n<meta property=\"article:modified_time\" content=\"2016-08-04T16:33:23+00:00\" \/>\n<meta property=\"og:image\" content=\"https:\/\/www.reconoce.mx\/wp-content\/uploads\/2016\/06\/maestroscover.png\" \/>\n\t<meta property=\"og:image:width\" content=\"590\" \/>\n\t<meta property=\"og:image:height\" content=\"380\" \/>\n\t<meta property=\"og:image:type\" content=\"image\/png\" \/>\n<meta name=\"author\" content=\"Reconoce MX\" \/>\n<meta name=\"twitter:card\" content=\"summary_large_image\" \/>\n<meta name=\"twitter:creator\" content=\"@reconocemx\" \/>\n<meta name=\"twitter:site\" content=\"@reconocemx\" \/>\n<meta name=\"twitter:label1\" content=\"Escrito por\" \/>\n\t<meta name=\"twitter:data1\" content=\"Reconoce MX\" \/>\n\t<meta name=\"twitter:label2\" content=\"Tiempo de lectura\" \/>\n\t<meta name=\"twitter:data2\" content=\"4 minutos\" \/>\n<script type=\"application\/ld+json\" class=\"yoast-schema-graph\">{\"@context\":\"https:\/\/schema.org\",\"@graph\":[{\"@type\":\"Article\",\"@id\":\"https:\/\/www.reconoce.mx\/?p=49125#article\",\"isPartOf\":{\"@id\":\"https:\/\/www.reconoce.mx\/?p=49125\"},\"author\":{\"name\":\"Reconoce MX\",\"@id\":\"http:\/\/www.reconoce.mx\/#\/schema\/person\/2117e997d7051dc15d6880eaf9bca0b2\"},\"headline\":\"La educaci\u00f3n, la reforma educativa y la violencia como aderezo\",\"datePublished\":\"2016-06-30T05:07:18+00:00\",\"dateModified\":\"2016-08-04T16:33:23+00:00\",\"mainEntityOfPage\":{\"@id\":\"https:\/\/www.reconoce.mx\/?p=49125\"},\"wordCount\":901,\"commentCount\":0,\"publisher\":{\"@id\":\"http:\/\/www.reconoce.mx\/#organization\"},\"image\":{\"@id\":\"https:\/\/www.reconoce.mx\/?p=49125#primaryimage\"},\"thumbnailUrl\":\"http:\/\/www.reconoce.mx\/wp-content\/uploads\/2016\/06\/maestroscover.png\",\"articleSection\":[\"Conciencia\",\"Derechos Humanos\",\"Principal\"],\"inLanguage\":\"es\",\"potentialAction\":[{\"@type\":\"CommentAction\",\"name\":\"Comment\",\"target\":[\"https:\/\/www.reconoce.mx\/?p=49125#respond\"]}]},{\"@type\":\"WebPage\",\"@id\":\"https:\/\/www.reconoce.mx\/?p=49125\",\"url\":\"https:\/\/www.reconoce.mx\/?p=49125\",\"name\":\"La educaci\u00f3n, la reforma educativa y la violencia como aderezo &#171; Reconoce MX\",\"isPartOf\":{\"@id\":\"http:\/\/www.reconoce.mx\/#website\"},\"primaryImageOfPage\":{\"@id\":\"https:\/\/www.reconoce.mx\/?p=49125#primaryimage\"},\"image\":{\"@id\":\"https:\/\/www.reconoce.mx\/?p=49125#primaryimage\"},\"thumbnailUrl\":\"http:\/\/www.reconoce.mx\/wp-content\/uploads\/2016\/06\/maestroscover.png\",\"datePublished\":\"2016-06-30T05:07:18+00:00\",\"dateModified\":\"2016-08-04T16:33:23+00:00\",\"breadcrumb\":{\"@id\":\"https:\/\/www.reconoce.mx\/?p=49125#breadcrumb\"},\"inLanguage\":\"es\",\"potentialAction\":[{\"@type\":\"ReadAction\",\"target\":[\"https:\/\/www.reconoce.mx\/?p=49125\"]}]},{\"@type\":\"ImageObject\",\"inLanguage\":\"es\",\"@id\":\"https:\/\/www.reconoce.mx\/?p=49125#primaryimage\",\"url\":\"http:\/\/www.reconoce.mx\/wp-content\/uploads\/2016\/06\/maestroscover.png\",\"contentUrl\":\"http:\/\/www.reconoce.mx\/wp-content\/uploads\/2016\/06\/maestroscover.png\",\"width\":590,\"height\":380},{\"@type\":\"BreadcrumbList\",\"@id\":\"https:\/\/www.reconoce.mx\/?p=49125#breadcrumb\",\"itemListElement\":[{\"@type\":\"ListItem\",\"position\":1,\"name\":\"Portada\",\"item\":\"http:\/\/www.reconoce.mx\/\"},{\"@type\":\"ListItem\",\"position\":2,\"name\":\"La educaci\u00f3n, la reforma educativa y la violencia como aderezo\"}]},{\"@type\":\"WebSite\",\"@id\":\"http:\/\/www.reconoce.mx\/#website\",\"url\":\"http:\/\/www.reconoce.mx\/\",\"name\":\"Reconoce MX\",\"description\":\"En Reconoce MX difundimos arte, cultura y conciencia social en M\u00e9xico. Tu ciudad en otra perspectiva.\",\"publisher\":{\"@id\":\"http:\/\/www.reconoce.mx\/#organization\"},\"potentialAction\":[{\"@type\":\"SearchAction\",\"target\":{\"@type\":\"EntryPoint\",\"urlTemplate\":\"http:\/\/www.reconoce.mx\/?s={search_term_string}\"},\"query-input\":{\"@type\":\"PropertyValueSpecification\",\"valueRequired\":true,\"valueName\":\"search_term_string\"}}],\"inLanguage\":\"es\"},{\"@type\":\"Organization\",\"@id\":\"http:\/\/www.reconoce.mx\/#organization\",\"name\":\"Reconoce MX\",\"url\":\"http:\/\/www.reconoce.mx\/\",\"logo\":{\"@type\":\"ImageObject\",\"inLanguage\":\"es\",\"@id\":\"http:\/\/www.reconoce.mx\/#\/schema\/logo\/image\/\",\"url\":\"https:\/\/www.reconoce.mx\/wp-content\/uploads\/2019\/03\/logorcmx-good-1.png\",\"contentUrl\":\"https:\/\/www.reconoce.mx\/wp-content\/uploads\/2019\/03\/logorcmx-good-1.png\",\"width\":280,\"height\":90,\"caption\":\"Reconoce MX\"},\"image\":{\"@id\":\"http:\/\/www.reconoce.mx\/#\/schema\/logo\/image\/\"},\"sameAs\":[\"https:\/\/es-la.facebook.com\/ReconoceMX\/\",\"https:\/\/x.com\/reconocemx\",\"http:\/\/@reconocemx\"]},{\"@type\":\"Person\",\"@id\":\"http:\/\/www.reconoce.mx\/#\/schema\/person\/2117e997d7051dc15d6880eaf9bca0b2\",\"name\":\"Reconoce MX\",\"image\":{\"@type\":\"ImageObject\",\"inLanguage\":\"es\",\"@id\":\"http:\/\/www.reconoce.mx\/#\/schema\/person\/image\/\",\"url\":\"https:\/\/secure.gravatar.com\/avatar\/6c8d4dc7569ca1c90c5fdcc349f839d5ddef6fe1e70b4337ead2ef1a4c43fc3a?s=96&d=identicon&r=g\",\"contentUrl\":\"https:\/\/secure.gravatar.com\/avatar\/6c8d4dc7569ca1c90c5fdcc349f839d5ddef6fe1e70b4337ead2ef1a4c43fc3a?s=96&d=identicon&r=g\",\"caption\":\"Reconoce MX\"},\"description\":\"Reconoce MX es un proyecto de difusi\u00f3n art\u00edstica, cultural y de conciencia social que est\u00e1 enfocado a difundir y fomentar el entretenimiento alternativo de calidad para todo el p\u00fablico que comparta el mismo entusiasmo.\",\"sameAs\":[\"http:\/\/www.reconoce.mx\"],\"url\":\"http:\/\/www.reconoce.mx\/?author=2\"}]}<\/script>\n<!-- \/ Yoast SEO plugin. -->","yoast_head_json":{"title":"La educaci\u00f3n, la reforma educativa y la violencia como aderezo &#171; Reconoce MX","robots":{"index":"index","follow":"follow","max-snippet":"max-snippet:-1","max-image-preview":"max-image-preview:large","max-video-preview":"max-video-preview:-1"},"canonical":"https:\/\/www.reconoce.mx\/?p=49125","og_locale":"es_ES","og_type":"article","og_title":"La educaci\u00f3n, la reforma educativa y la violencia como aderezo &#171; Reconoce MX","og_description":"Si en este M\u00e9xico \u201cmoderno y de transformaci\u00f3n\u201d algo ha causado encono social, esto ha sido la reforma educativa.","og_url":"https:\/\/www.reconoce.mx\/?p=49125","og_site_name":"Reconoce MX","article_publisher":"https:\/\/es-la.facebook.com\/ReconoceMX\/","article_published_time":"2016-06-30T05:07:18+00:00","article_modified_time":"2016-08-04T16:33:23+00:00","og_image":[{"width":590,"height":380,"url":"https:\/\/www.reconoce.mx\/wp-content\/uploads\/2016\/06\/maestroscover.png","type":"image\/png"}],"author":"Reconoce MX","twitter_card":"summary_large_image","twitter_creator":"@reconocemx","twitter_site":"@reconocemx","twitter_misc":{"Escrito por":"Reconoce MX","Tiempo de lectura":"4 minutos"},"schema":{"@context":"https:\/\/schema.org","@graph":[{"@type":"Article","@id":"https:\/\/www.reconoce.mx\/?p=49125#article","isPartOf":{"@id":"https:\/\/www.reconoce.mx\/?p=49125"},"author":{"name":"Reconoce MX","@id":"http:\/\/www.reconoce.mx\/#\/schema\/person\/2117e997d7051dc15d6880eaf9bca0b2"},"headline":"La educaci\u00f3n, la reforma educativa y la violencia como aderezo","datePublished":"2016-06-30T05:07:18+00:00","dateModified":"2016-08-04T16:33:23+00:00","mainEntityOfPage":{"@id":"https:\/\/www.reconoce.mx\/?p=49125"},"wordCount":901,"commentCount":0,"publisher":{"@id":"http:\/\/www.reconoce.mx\/#organization"},"image":{"@id":"https:\/\/www.reconoce.mx\/?p=49125#primaryimage"},"thumbnailUrl":"http:\/\/www.reconoce.mx\/wp-content\/uploads\/2016\/06\/maestroscover.png","articleSection":["Conciencia","Derechos Humanos","Principal"],"inLanguage":"es","potentialAction":[{"@type":"CommentAction","name":"Comment","target":["https:\/\/www.reconoce.mx\/?p=49125#respond"]}]},{"@type":"WebPage","@id":"https:\/\/www.reconoce.mx\/?p=49125","url":"https:\/\/www.reconoce.mx\/?p=49125","name":"La educaci\u00f3n, la reforma educativa y la violencia como aderezo &#171; Reconoce MX","isPartOf":{"@id":"http:\/\/www.reconoce.mx\/#website"},"primaryImageOfPage":{"@id":"https:\/\/www.reconoce.mx\/?p=49125#primaryimage"},"image":{"@id":"https:\/\/www.reconoce.mx\/?p=49125#primaryimage"},"thumbnailUrl":"http:\/\/www.reconoce.mx\/wp-content\/uploads\/2016\/06\/maestroscover.png","datePublished":"2016-06-30T05:07:18+00:00","dateModified":"2016-08-04T16:33:23+00:00","breadcrumb":{"@id":"https:\/\/www.reconoce.mx\/?p=49125#breadcrumb"},"inLanguage":"es","potentialAction":[{"@type":"ReadAction","target":["https:\/\/www.reconoce.mx\/?p=49125"]}]},{"@type":"ImageObject","inLanguage":"es","@id":"https:\/\/www.reconoce.mx\/?p=49125#primaryimage","url":"http:\/\/www.reconoce.mx\/wp-content\/uploads\/2016\/06\/maestroscover.png","contentUrl":"http:\/\/www.reconoce.mx\/wp-content\/uploads\/2016\/06\/maestroscover.png","width":590,"height":380},{"@type":"BreadcrumbList","@id":"https:\/\/www.reconoce.mx\/?p=49125#breadcrumb","itemListElement":[{"@type":"ListItem","position":1,"name":"Portada","item":"http:\/\/www.reconoce.mx\/"},{"@type":"ListItem","position":2,"name":"La educaci\u00f3n, la reforma educativa y la violencia como aderezo"}]},{"@type":"WebSite","@id":"http:\/\/www.reconoce.mx\/#website","url":"http:\/\/www.reconoce.mx\/","name":"Reconoce MX","description":"En Reconoce MX difundimos arte, cultura y conciencia social en M\u00e9xico. Tu ciudad en otra perspectiva.","publisher":{"@id":"http:\/\/www.reconoce.mx\/#organization"},"potentialAction":[{"@type":"SearchAction","target":{"@type":"EntryPoint","urlTemplate":"http:\/\/www.reconoce.mx\/?s={search_term_string}"},"query-input":{"@type":"PropertyValueSpecification","valueRequired":true,"valueName":"search_term_string"}}],"inLanguage":"es"},{"@type":"Organization","@id":"http:\/\/www.reconoce.mx\/#organization","name":"Reconoce MX","url":"http:\/\/www.reconoce.mx\/","logo":{"@type":"ImageObject","inLanguage":"es","@id":"http:\/\/www.reconoce.mx\/#\/schema\/logo\/image\/","url":"https:\/\/www.reconoce.mx\/wp-content\/uploads\/2019\/03\/logorcmx-good-1.png","contentUrl":"https:\/\/www.reconoce.mx\/wp-content\/uploads\/2019\/03\/logorcmx-good-1.png","width":280,"height":90,"caption":"Reconoce MX"},"image":{"@id":"http:\/\/www.reconoce.mx\/#\/schema\/logo\/image\/"},"sameAs":["https:\/\/es-la.facebook.com\/ReconoceMX\/","https:\/\/x.com\/reconocemx","http:\/\/@reconocemx"]},{"@type":"Person","@id":"http:\/\/www.reconoce.mx\/#\/schema\/person\/2117e997d7051dc15d6880eaf9bca0b2","name":"Reconoce MX","image":{"@type":"ImageObject","inLanguage":"es","@id":"http:\/\/www.reconoce.mx\/#\/schema\/person\/image\/","url":"https:\/\/secure.gravatar.com\/avatar\/6c8d4dc7569ca1c90c5fdcc349f839d5ddef6fe1e70b4337ead2ef1a4c43fc3a?s=96&d=identicon&r=g","contentUrl":"https:\/\/secure.gravatar.com\/avatar\/6c8d4dc7569ca1c90c5fdcc349f839d5ddef6fe1e70b4337ead2ef1a4c43fc3a?s=96&d=identicon&r=g","caption":"Reconoce MX"},"description":"Reconoce MX es un proyecto de difusi\u00f3n art\u00edstica, cultural y de conciencia social que est\u00e1 enfocado a difundir y fomentar el entretenimiento alternativo de calidad para todo el p\u00fablico que comparta el mismo entusiasmo.","sameAs":["http:\/\/www.reconoce.mx"],"url":"http:\/\/www.reconoce.mx\/?author=2"}]}},"_links":{"self":[{"href":"http:\/\/www.reconoce.mx\/index.php?rest_route=\/wp\/v2\/posts\/49125","targetHints":{"allow":["GET"]}}],"collection":[{"href":"http:\/\/www.reconoce.mx\/index.php?rest_route=\/wp\/v2\/posts"}],"about":[{"href":"http:\/\/www.reconoce.mx\/index.php?rest_route=\/wp\/v2\/types\/post"}],"author":[{"embeddable":true,"href":"http:\/\/www.reconoce.mx\/index.php?rest_route=\/wp\/v2\/users\/2"}],"replies":[{"embeddable":true,"href":"http:\/\/www.reconoce.mx\/index.php?rest_route=%2Fwp%2Fv2%2Fcomments&post=49125"}],"version-history":[{"count":2,"href":"http:\/\/www.reconoce.mx\/index.php?rest_route=\/wp\/v2\/posts\/49125\/revisions"}],"predecessor-version":[{"id":49128,"href":"http:\/\/www.reconoce.mx\/index.php?rest_route=\/wp\/v2\/posts\/49125\/revisions\/49128"}],"wp:featuredmedia":[{"embeddable":true,"href":"http:\/\/www.reconoce.mx\/index.php?rest_route=\/wp\/v2\/media\/49126"}],"wp:attachment":[{"href":"http:\/\/www.reconoce.mx\/index.php?rest_route=%2Fwp%2Fv2%2Fmedia&parent=49125"}],"wp:term":[{"taxonomy":"category","embeddable":true,"href":"http:\/\/www.reconoce.mx\/index.php?rest_route=%2Fwp%2Fv2%2Fcategories&post=49125"},{"taxonomy":"post_tag","embeddable":true,"href":"http:\/\/www.reconoce.mx\/index.php?rest_route=%2Fwp%2Fv2%2Ftags&post=49125"}],"curies":[{"name":"wp","href":"https:\/\/api.w.org\/{rel}","templated":true}]}}