{"id":49331,"date":"2016-07-04T00:01:37","date_gmt":"2016-07-04T05:01:37","guid":{"rendered":"http:\/\/www.reconoce.mx\/?p=49331"},"modified":"2016-07-04T08:18:29","modified_gmt":"2016-07-04T13:18:29","slug":"el-rock-no-se-olvida-de-acapulco","status":"publish","type":"post","link":"http:\/\/www.reconoce.mx\/?p=49331","title":{"rendered":"\u00a1El rock no se olvida de Acapulco!"},"content":{"rendered":"<p><strong>Por <a href=\"https:\/\/twitter.com\/spither\" target=\"_blank\">Pedro Salinas<\/a><\/strong>.<\/p>\n<p>El <strong>Gobierno del Estado de Guerrero<\/strong> a trav\u00e9s de la <strong>Secretar\u00eda de Cultura<\/strong> en coordinaci\u00f3n con la <strong>Secretar\u00eda de Cultura Federal<\/strong>, convoca a todos los j\u00f3venes y chavo rucos de entre 15 y 35 a\u00f1os de edad a que se inscriban en el <strong>7\u00ba Encuentro de Bandas \u00abGuerrero Rock\u00bb<\/strong><strong>. <\/strong><\/p>\n<p><img loading=\"lazy\" decoding=\"async\" class=\"aligncenter size-full wp-image-49333\" src=\"http:\/\/www.reconoce.mx\/wp-content\/uploads\/2016\/07\/13580663_1094273257321449_5171698956371274762_o.jpg\" alt=\"13580663_1094273257321449_5171698956371274762_o\" width=\"1365\" height=\"2048\" srcset=\"http:\/\/www.reconoce.mx\/wp-content\/uploads\/2016\/07\/13580663_1094273257321449_5171698956371274762_o.jpg 1365w, http:\/\/www.reconoce.mx\/wp-content\/uploads\/2016\/07\/13580663_1094273257321449_5171698956371274762_o-200x300.jpg 200w, http:\/\/www.reconoce.mx\/wp-content\/uploads\/2016\/07\/13580663_1094273257321449_5171698956371274762_o-768x1152.jpg 768w, http:\/\/www.reconoce.mx\/wp-content\/uploads\/2016\/07\/13580663_1094273257321449_5171698956371274762_o-683x1024.jpg 683w, http:\/\/www.reconoce.mx\/wp-content\/uploads\/2016\/07\/13580663_1094273257321449_5171698956371274762_o-150x225.jpg 150w, http:\/\/www.reconoce.mx\/wp-content\/uploads\/2016\/07\/13580663_1094273257321449_5171698956371274762_o-700x1050.jpg 700w, http:\/\/www.reconoce.mx\/wp-content\/uploads\/2016\/07\/13580663_1094273257321449_5171698956371274762_o-658x987.jpg 658w, http:\/\/www.reconoce.mx\/wp-content\/uploads\/2016\/07\/13580663_1094273257321449_5171698956371274762_o-300x450.jpg 300w\" sizes=\"auto, (max-width: 1365px) 100vw, 1365px\" \/><\/p>\n<p>Acapulco no es un sitio reconocido por su buena m\u00fasica y tampoco por sus j\u00f3venes talentosos , entonces \u00bfqu\u00e9 esperamos para poder ser reconocidos por eso? Esta es una oportunidad para que bandas de rock que apenas comienzan se den a conocer por un buen p\u00fablico acapulque\u00f1o, adem\u00e1s de que recibir\u00e1n un reconocimiento por parte de las instituciones convocantes.<\/p>\n<p>Las bandas que deseen inscribirse deben ser originales y tener un estilo propio, ya que \u00e9sto ayudar\u00e1 mucho para poder ser aceptadas; entre los requisitos se encuentra el es enviar un demo de sus canciones y un video de alguna de sus presentaciones que ser\u00e1n analizados por personas expertas sobre el g\u00e9nero musical.<\/p>\n<p>La mayor noticia de este evento es la banda \u00absorpresa\u00bb que fue invitada, quienes son unos pioneros en el g\u00e9nero surf, con sus m\u00e1scaras de luchadores, sus camisas floreadas y su buena m\u00fasica en vivo con \u00e9xitos como \u00abTanga tu tanga\u00bb, \u00abOlvidemos el romance\u00bb y \u00abChica ye y\u00e9\u00bb, adem\u00e1s de tener varias participaciones en diferentes ediciones del <strong>Vive Latino<\/strong>: as\u00ed es, <strong>Lost Acapulco<\/strong> dar\u00e1n realce al evento.<\/p>\n<p>Las bandas inscritas en esta convocatoria podr\u00e1n convivir con los integrantes de <strong>Lost Acapulco<\/strong>, y si no son de la ciudad se les proporcionar\u00e1 hospedaje y transporte si as\u00ed lo requieren, por lo que no hay excusa para que no inscribas a tu banda.<\/p>\n<p>El evento se llevar\u00e1 acabo el 5 y 6 de agosto en el <strong>Teatro al Aire Libre Sinfon\u00eda del Mar<\/strong>, por el rumbo de La Quebrada. La convocatoria, que pueden leer con m\u00e1s detalles <a href=\"http:\/\/guerrero.gob.mx\/articulos\/7o-encuentro-de-bandas-guerrero-rock\/\" target=\"_blank\">aqu\u00ed<\/a>, cierra el 22 de julio. \u00a1Apres\u00farate armando tu demo y env\u00edalo!<\/p>\n<p>&nbsp;<\/p>\n<p>&nbsp;<\/p>\n","protected":false},"excerpt":{"rendered":"<p>El Gobierno del Estado de Guerrero a trav\u00e9s de la Secretar\u00eda de Cultura en coordinaci\u00f3n con la Secretar\u00eda de Cultura Federal, convoca a todos los j\u00f3venes y chavo rucos de entre 15 y 35 a\u00f1os de edad a que se inscriban en el 7\u00ba Encuentro de Bandas \u00abGuerrero Rock\u00bb. <\/p>\n","protected":false},"author":2,"featured_media":49335,"comment_status":"open","ping_status":"open","sticky":false,"template":"","format":"standard","meta":{"footnotes":""},"categories":[1,18,17],"tags":[],"class_list":["post-49331","post","type-post","status-publish","format-standard","has-post-thumbnail","hentry","category-cultura","category-musica","category-principal"],"yoast_head":"<!-- This site is optimized with the Yoast SEO plugin v24.7 - https:\/\/yoast.com\/wordpress\/plugins\/seo\/ -->\n<title>\u00a1El rock no se olvida de Acapulco! &#171; Reconoce MX<\/title>\n<meta name=\"robots\" content=\"index, follow, max-snippet:-1, max-image-preview:large, max-video-preview:-1\" \/>\n<link rel=\"canonical\" href=\"http:\/\/www.reconoce.mx\/?p=49331\" \/>\n<meta property=\"og:locale\" content=\"es_ES\" \/>\n<meta property=\"og:type\" content=\"article\" \/>\n<meta property=\"og:title\" content=\"\u00a1El rock no se olvida de Acapulco! &#171; Reconoce MX\" \/>\n<meta property=\"og:description\" content=\"El Gobierno del Estado de Guerrero a trav\u00e9s de la Secretar\u00eda de Cultura en coordinaci\u00f3n con la Secretar\u00eda de Cultura Federal, convoca a todos los j\u00f3venes y chavo rucos de entre 15 y 35 a\u00f1os de edad a que se inscriban en el 7\u00ba Encuentro de Bandas &quot;Guerrero Rock&quot;.\" \/>\n<meta property=\"og:url\" content=\"http:\/\/www.reconoce.mx\/?p=49331\" \/>\n<meta property=\"og:site_name\" content=\"Reconoce MX\" \/>\n<meta property=\"article:publisher\" content=\"https:\/\/es-la.facebook.com\/ReconoceMX\/\" \/>\n<meta property=\"article:published_time\" content=\"2016-07-04T05:01:37+00:00\" \/>\n<meta property=\"article:modified_time\" content=\"2016-07-04T13:18:29+00:00\" \/>\n<meta property=\"og:image\" content=\"http:\/\/www.reconoce.mx\/wp-content\/uploads\/2016\/07\/guerrerorock-cover-1.png\" \/>\n\t<meta property=\"og:image:width\" content=\"590\" \/>\n\t<meta property=\"og:image:height\" content=\"380\" \/>\n\t<meta property=\"og:image:type\" content=\"image\/png\" \/>\n<meta name=\"author\" content=\"Reconoce MX\" \/>\n<meta name=\"twitter:card\" content=\"summary_large_image\" \/>\n<meta name=\"twitter:creator\" content=\"@reconocemx\" \/>\n<meta name=\"twitter:site\" content=\"@reconocemx\" \/>\n<meta name=\"twitter:label1\" content=\"Escrito por\" \/>\n\t<meta name=\"twitter:data1\" content=\"Reconoce MX\" \/>\n\t<meta name=\"twitter:label2\" content=\"Tiempo de lectura\" \/>\n\t<meta name=\"twitter:data2\" content=\"2 minutos\" \/>\n<script type=\"application\/ld+json\" class=\"yoast-schema-graph\">{\"@context\":\"https:\/\/schema.org\",\"@graph\":[{\"@type\":\"Article\",\"@id\":\"http:\/\/www.reconoce.mx\/?p=49331#article\",\"isPartOf\":{\"@id\":\"http:\/\/www.reconoce.mx\/?p=49331\"},\"author\":{\"name\":\"Reconoce MX\",\"@id\":\"http:\/\/www.reconoce.mx\/#\/schema\/person\/2117e997d7051dc15d6880eaf9bca0b2\"},\"headline\":\"\u00a1El rock no se olvida de Acapulco!\",\"datePublished\":\"2016-07-04T05:01:37+00:00\",\"dateModified\":\"2016-07-04T13:18:29+00:00\",\"mainEntityOfPage\":{\"@id\":\"http:\/\/www.reconoce.mx\/?p=49331\"},\"wordCount\":347,\"commentCount\":0,\"publisher\":{\"@id\":\"http:\/\/www.reconoce.mx\/#organization\"},\"image\":{\"@id\":\"http:\/\/www.reconoce.mx\/?p=49331#primaryimage\"},\"thumbnailUrl\":\"http:\/\/www.reconoce.mx\/wp-content\/uploads\/2016\/07\/guerrerorock-cover-1.png\",\"articleSection\":[\"Cultura\",\"M\u00fasica\",\"Principal\"],\"inLanguage\":\"es\",\"potentialAction\":[{\"@type\":\"CommentAction\",\"name\":\"Comment\",\"target\":[\"http:\/\/www.reconoce.mx\/?p=49331#respond\"]}]},{\"@type\":\"WebPage\",\"@id\":\"http:\/\/www.reconoce.mx\/?p=49331\",\"url\":\"http:\/\/www.reconoce.mx\/?p=49331\",\"name\":\"\u00a1El rock no se olvida de Acapulco! &#171; Reconoce MX\",\"isPartOf\":{\"@id\":\"http:\/\/www.reconoce.mx\/#website\"},\"primaryImageOfPage\":{\"@id\":\"http:\/\/www.reconoce.mx\/?p=49331#primaryimage\"},\"image\":{\"@id\":\"http:\/\/www.reconoce.mx\/?p=49331#primaryimage\"},\"thumbnailUrl\":\"http:\/\/www.reconoce.mx\/wp-content\/uploads\/2016\/07\/guerrerorock-cover-1.png\",\"datePublished\":\"2016-07-04T05:01:37+00:00\",\"dateModified\":\"2016-07-04T13:18:29+00:00\",\"breadcrumb\":{\"@id\":\"http:\/\/www.reconoce.mx\/?p=49331#breadcrumb\"},\"inLanguage\":\"es\",\"potentialAction\":[{\"@type\":\"ReadAction\",\"target\":[\"http:\/\/www.reconoce.mx\/?p=49331\"]}]},{\"@type\":\"ImageObject\",\"inLanguage\":\"es\",\"@id\":\"http:\/\/www.reconoce.mx\/?p=49331#primaryimage\",\"url\":\"http:\/\/www.reconoce.mx\/wp-content\/uploads\/2016\/07\/guerrerorock-cover-1.png\",\"contentUrl\":\"http:\/\/www.reconoce.mx\/wp-content\/uploads\/2016\/07\/guerrerorock-cover-1.png\",\"width\":590,\"height\":380},{\"@type\":\"BreadcrumbList\",\"@id\":\"http:\/\/www.reconoce.mx\/?p=49331#breadcrumb\",\"itemListElement\":[{\"@type\":\"ListItem\",\"position\":1,\"name\":\"Portada\",\"item\":\"http:\/\/www.reconoce.mx\/\"},{\"@type\":\"ListItem\",\"position\":2,\"name\":\"\u00a1El rock no se olvida de Acapulco!\"}]},{\"@type\":\"WebSite\",\"@id\":\"http:\/\/www.reconoce.mx\/#website\",\"url\":\"http:\/\/www.reconoce.mx\/\",\"name\":\"Reconoce MX\",\"description\":\"En Reconoce MX difundimos arte, cultura y conciencia social en M\u00e9xico. Tu ciudad en otra perspectiva.\",\"publisher\":{\"@id\":\"http:\/\/www.reconoce.mx\/#organization\"},\"potentialAction\":[{\"@type\":\"SearchAction\",\"target\":{\"@type\":\"EntryPoint\",\"urlTemplate\":\"http:\/\/www.reconoce.mx\/?s={search_term_string}\"},\"query-input\":{\"@type\":\"PropertyValueSpecification\",\"valueRequired\":true,\"valueName\":\"search_term_string\"}}],\"inLanguage\":\"es\"},{\"@type\":\"Organization\",\"@id\":\"http:\/\/www.reconoce.mx\/#organization\",\"name\":\"Reconoce MX\",\"url\":\"http:\/\/www.reconoce.mx\/\",\"logo\":{\"@type\":\"ImageObject\",\"inLanguage\":\"es\",\"@id\":\"http:\/\/www.reconoce.mx\/#\/schema\/logo\/image\/\",\"url\":\"https:\/\/www.reconoce.mx\/wp-content\/uploads\/2019\/03\/logorcmx-good-1.png\",\"contentUrl\":\"https:\/\/www.reconoce.mx\/wp-content\/uploads\/2019\/03\/logorcmx-good-1.png\",\"width\":280,\"height\":90,\"caption\":\"Reconoce MX\"},\"image\":{\"@id\":\"http:\/\/www.reconoce.mx\/#\/schema\/logo\/image\/\"},\"sameAs\":[\"https:\/\/es-la.facebook.com\/ReconoceMX\/\",\"https:\/\/x.com\/reconocemx\",\"http:\/\/@reconocemx\"]},{\"@type\":\"Person\",\"@id\":\"http:\/\/www.reconoce.mx\/#\/schema\/person\/2117e997d7051dc15d6880eaf9bca0b2\",\"name\":\"Reconoce MX\",\"image\":{\"@type\":\"ImageObject\",\"inLanguage\":\"es\",\"@id\":\"http:\/\/www.reconoce.mx\/#\/schema\/person\/image\/\",\"url\":\"https:\/\/secure.gravatar.com\/avatar\/6c8d4dc7569ca1c90c5fdcc349f839d5ddef6fe1e70b4337ead2ef1a4c43fc3a?s=96&d=identicon&r=g\",\"contentUrl\":\"https:\/\/secure.gravatar.com\/avatar\/6c8d4dc7569ca1c90c5fdcc349f839d5ddef6fe1e70b4337ead2ef1a4c43fc3a?s=96&d=identicon&r=g\",\"caption\":\"Reconoce MX\"},\"description\":\"Reconoce MX es un proyecto de difusi\u00f3n art\u00edstica, cultural y de conciencia social que est\u00e1 enfocado a difundir y fomentar el entretenimiento alternativo de calidad para todo el p\u00fablico que comparta el mismo entusiasmo.\",\"sameAs\":[\"http:\/\/www.reconoce.mx\"],\"url\":\"http:\/\/www.reconoce.mx\/?author=2\"}]}<\/script>\n<!-- \/ Yoast SEO plugin. -->","yoast_head_json":{"title":"\u00a1El rock no se olvida de Acapulco! &#171; Reconoce MX","robots":{"index":"index","follow":"follow","max-snippet":"max-snippet:-1","max-image-preview":"max-image-preview:large","max-video-preview":"max-video-preview:-1"},"canonical":"http:\/\/www.reconoce.mx\/?p=49331","og_locale":"es_ES","og_type":"article","og_title":"\u00a1El rock no se olvida de Acapulco! &#171; Reconoce MX","og_description":"El Gobierno del Estado de Guerrero a trav\u00e9s de la Secretar\u00eda de Cultura en coordinaci\u00f3n con la Secretar\u00eda de Cultura Federal, convoca a todos los j\u00f3venes y chavo rucos de entre 15 y 35 a\u00f1os de edad a que se inscriban en el 7\u00ba Encuentro de Bandas \"Guerrero Rock\".","og_url":"http:\/\/www.reconoce.mx\/?p=49331","og_site_name":"Reconoce MX","article_publisher":"https:\/\/es-la.facebook.com\/ReconoceMX\/","article_published_time":"2016-07-04T05:01:37+00:00","article_modified_time":"2016-07-04T13:18:29+00:00","og_image":[{"width":590,"height":380,"url":"http:\/\/www.reconoce.mx\/wp-content\/uploads\/2016\/07\/guerrerorock-cover-1.png","type":"image\/png"}],"author":"Reconoce MX","twitter_card":"summary_large_image","twitter_creator":"@reconocemx","twitter_site":"@reconocemx","twitter_misc":{"Escrito por":"Reconoce MX","Tiempo de lectura":"2 minutos"},"schema":{"@context":"https:\/\/schema.org","@graph":[{"@type":"Article","@id":"http:\/\/www.reconoce.mx\/?p=49331#article","isPartOf":{"@id":"http:\/\/www.reconoce.mx\/?p=49331"},"author":{"name":"Reconoce MX","@id":"http:\/\/www.reconoce.mx\/#\/schema\/person\/2117e997d7051dc15d6880eaf9bca0b2"},"headline":"\u00a1El rock no se olvida de Acapulco!","datePublished":"2016-07-04T05:01:37+00:00","dateModified":"2016-07-04T13:18:29+00:00","mainEntityOfPage":{"@id":"http:\/\/www.reconoce.mx\/?p=49331"},"wordCount":347,"commentCount":0,"publisher":{"@id":"http:\/\/www.reconoce.mx\/#organization"},"image":{"@id":"http:\/\/www.reconoce.mx\/?p=49331#primaryimage"},"thumbnailUrl":"http:\/\/www.reconoce.mx\/wp-content\/uploads\/2016\/07\/guerrerorock-cover-1.png","articleSection":["Cultura","M\u00fasica","Principal"],"inLanguage":"es","potentialAction":[{"@type":"CommentAction","name":"Comment","target":["http:\/\/www.reconoce.mx\/?p=49331#respond"]}]},{"@type":"WebPage","@id":"http:\/\/www.reconoce.mx\/?p=49331","url":"http:\/\/www.reconoce.mx\/?p=49331","name":"\u00a1El rock no se olvida de Acapulco! &#171; Reconoce MX","isPartOf":{"@id":"http:\/\/www.reconoce.mx\/#website"},"primaryImageOfPage":{"@id":"http:\/\/www.reconoce.mx\/?p=49331#primaryimage"},"image":{"@id":"http:\/\/www.reconoce.mx\/?p=49331#primaryimage"},"thumbnailUrl":"http:\/\/www.reconoce.mx\/wp-content\/uploads\/2016\/07\/guerrerorock-cover-1.png","datePublished":"2016-07-04T05:01:37+00:00","dateModified":"2016-07-04T13:18:29+00:00","breadcrumb":{"@id":"http:\/\/www.reconoce.mx\/?p=49331#breadcrumb"},"inLanguage":"es","potentialAction":[{"@type":"ReadAction","target":["http:\/\/www.reconoce.mx\/?p=49331"]}]},{"@type":"ImageObject","inLanguage":"es","@id":"http:\/\/www.reconoce.mx\/?p=49331#primaryimage","url":"http:\/\/www.reconoce.mx\/wp-content\/uploads\/2016\/07\/guerrerorock-cover-1.png","contentUrl":"http:\/\/www.reconoce.mx\/wp-content\/uploads\/2016\/07\/guerrerorock-cover-1.png","width":590,"height":380},{"@type":"BreadcrumbList","@id":"http:\/\/www.reconoce.mx\/?p=49331#breadcrumb","itemListElement":[{"@type":"ListItem","position":1,"name":"Portada","item":"http:\/\/www.reconoce.mx\/"},{"@type":"ListItem","position":2,"name":"\u00a1El rock no se olvida de Acapulco!"}]},{"@type":"WebSite","@id":"http:\/\/www.reconoce.mx\/#website","url":"http:\/\/www.reconoce.mx\/","name":"Reconoce MX","description":"En Reconoce MX difundimos arte, cultura y conciencia social en M\u00e9xico. Tu ciudad en otra perspectiva.","publisher":{"@id":"http:\/\/www.reconoce.mx\/#organization"},"potentialAction":[{"@type":"SearchAction","target":{"@type":"EntryPoint","urlTemplate":"http:\/\/www.reconoce.mx\/?s={search_term_string}"},"query-input":{"@type":"PropertyValueSpecification","valueRequired":true,"valueName":"search_term_string"}}],"inLanguage":"es"},{"@type":"Organization","@id":"http:\/\/www.reconoce.mx\/#organization","name":"Reconoce MX","url":"http:\/\/www.reconoce.mx\/","logo":{"@type":"ImageObject","inLanguage":"es","@id":"http:\/\/www.reconoce.mx\/#\/schema\/logo\/image\/","url":"https:\/\/www.reconoce.mx\/wp-content\/uploads\/2019\/03\/logorcmx-good-1.png","contentUrl":"https:\/\/www.reconoce.mx\/wp-content\/uploads\/2019\/03\/logorcmx-good-1.png","width":280,"height":90,"caption":"Reconoce MX"},"image":{"@id":"http:\/\/www.reconoce.mx\/#\/schema\/logo\/image\/"},"sameAs":["https:\/\/es-la.facebook.com\/ReconoceMX\/","https:\/\/x.com\/reconocemx","http:\/\/@reconocemx"]},{"@type":"Person","@id":"http:\/\/www.reconoce.mx\/#\/schema\/person\/2117e997d7051dc15d6880eaf9bca0b2","name":"Reconoce MX","image":{"@type":"ImageObject","inLanguage":"es","@id":"http:\/\/www.reconoce.mx\/#\/schema\/person\/image\/","url":"https:\/\/secure.gravatar.com\/avatar\/6c8d4dc7569ca1c90c5fdcc349f839d5ddef6fe1e70b4337ead2ef1a4c43fc3a?s=96&d=identicon&r=g","contentUrl":"https:\/\/secure.gravatar.com\/avatar\/6c8d4dc7569ca1c90c5fdcc349f839d5ddef6fe1e70b4337ead2ef1a4c43fc3a?s=96&d=identicon&r=g","caption":"Reconoce MX"},"description":"Reconoce MX es un proyecto de difusi\u00f3n art\u00edstica, cultural y de conciencia social que est\u00e1 enfocado a difundir y fomentar el entretenimiento alternativo de calidad para todo el p\u00fablico que comparta el mismo entusiasmo.","sameAs":["http:\/\/www.reconoce.mx"],"url":"http:\/\/www.reconoce.mx\/?author=2"}]}},"_links":{"self":[{"href":"http:\/\/www.reconoce.mx\/index.php?rest_route=\/wp\/v2\/posts\/49331","targetHints":{"allow":["GET"]}}],"collection":[{"href":"http:\/\/www.reconoce.mx\/index.php?rest_route=\/wp\/v2\/posts"}],"about":[{"href":"http:\/\/www.reconoce.mx\/index.php?rest_route=\/wp\/v2\/types\/post"}],"author":[{"embeddable":true,"href":"http:\/\/www.reconoce.mx\/index.php?rest_route=\/wp\/v2\/users\/2"}],"replies":[{"embeddable":true,"href":"http:\/\/www.reconoce.mx\/index.php?rest_route=%2Fwp%2Fv2%2Fcomments&post=49331"}],"version-history":[{"count":4,"href":"http:\/\/www.reconoce.mx\/index.php?rest_route=\/wp\/v2\/posts\/49331\/revisions"}],"predecessor-version":[{"id":49391,"href":"http:\/\/www.reconoce.mx\/index.php?rest_route=\/wp\/v2\/posts\/49331\/revisions\/49391"}],"wp:featuredmedia":[{"embeddable":true,"href":"http:\/\/www.reconoce.mx\/index.php?rest_route=\/wp\/v2\/media\/49335"}],"wp:attachment":[{"href":"http:\/\/www.reconoce.mx\/index.php?rest_route=%2Fwp%2Fv2%2Fmedia&parent=49331"}],"wp:term":[{"taxonomy":"category","embeddable":true,"href":"http:\/\/www.reconoce.mx\/index.php?rest_route=%2Fwp%2Fv2%2Fcategories&post=49331"},{"taxonomy":"post_tag","embeddable":true,"href":"http:\/\/www.reconoce.mx\/index.php?rest_route=%2Fwp%2Fv2%2Ftags&post=49331"}],"curies":[{"name":"wp","href":"https:\/\/api.w.org\/{rel}","templated":true}]}}