{"id":49347,"date":"2016-07-04T00:02:32","date_gmt":"2016-07-04T05:02:32","guid":{"rendered":"http:\/\/www.reconoce.mx\/?p=49347"},"modified":"2016-07-04T09:08:25","modified_gmt":"2016-07-04T14:08:25","slug":"elefantes-de-tessa-ia","status":"publish","type":"post","link":"http:\/\/www.reconoce.mx\/?p=49347","title":{"rendered":"&#8216;Elefantes&#8217;, de Tessa Ia"},"content":{"rendered":"<p><a href=\"http:\/\/www.reconoce.mx\/category\/cultura\/musica\/lunes-musical-musica\/\"><img loading=\"lazy\" decoding=\"async\" class=\"aligncenter size-full wp-image-38360\" src=\"http:\/\/www.reconoce.mx\/wp-content\/uploads\/2015\/06\/Lunes1.png\" alt=\"Lunes\" width=\"550\" height=\"70\" srcset=\"http:\/\/www.reconoce.mx\/wp-content\/uploads\/2015\/06\/Lunes1.png 550w, http:\/\/www.reconoce.mx\/wp-content\/uploads\/2015\/06\/Lunes1-300x38.png 300w, http:\/\/www.reconoce.mx\/wp-content\/uploads\/2015\/06\/Lunes1-150x19.png 150w\" sizes=\"auto, (max-width: 550px) 100vw, 550px\" \/><\/a><strong><br \/>\nPor <a title=\"@AsfaltosTweets\" href=\"http:\/\/twitter.com\/AsfaltosTweets\" target=\"_blank\">Asfaltos<\/a><\/strong>.<\/p>\n<p>El nombre de <strong>Tessa Ia<\/strong> lo reconocemos por su protag\u00f3nico, hace ya casi cuatros a\u00f1os, en la cinta \u00abDespu\u00e9s de Luc\u00eda\u00bb (2012) del director <strong>Michel Franco<\/strong>. Desde entonces su presencia en cine ha estado en pausa, hasta que volvamos a verla en la pr\u00f3xima cinta de la directora <strong>Natalia Berist\u00e1in<\/strong>, \u00abLos adioses\u00bb, interpretando nada m\u00e1s y nada menos que a una joven <strong>Rosario Castellanos<\/strong>. Sin embargo, antes de su vuelta a la pantalla grande, Tessa se ha lanzado a una nueva aventura: una aventura musical.<\/p>\n<p><iframe loading=\"lazy\" src=\"https:\/\/www.youtube.com\/embed\/zSrRHoMb_Kk?rel=0\" width=\"590\" height=\"332\" frameborder=\"0\" allowfullscreen=\"allowfullscreen\"><\/iframe><\/p>\n<p>Hace un par de meses la hija de la tambi\u00e9n actriz <strong>Nailea Norvind<\/strong>, sorprendi\u00f3 a propios y extra\u00f1os con el lanzamiento de su debut musical, \u00abB\u00fafalo\u00bb. La canci\u00f3n, parte del proyecto musical de Tessa que deambula entre el pop y el rock, fue acompa\u00f1ada por un <em>lyric video<\/em> en el que tambi\u00e9n podemos ver cantando a la actriz y ahora m\u00fasico.<\/p>\n<p>Bien, pues recientemente y tras una pausa en la promoci\u00f3n de su material, se nos presenta un nuevo sencillo bajo el t\u00edtulo de \u00abElefantes\u00bb. Tanto \u00abB\u00fafalo\u00bb como \u00abElefantes\u00bb formar\u00e1n parte del que ser\u00e1 el primer disco de <strong>Tessa Ia<\/strong> titulado \u00abCorrespondencia\u00bb, y que fue producido por <strong>Gustavo Guerrero<\/strong> y <strong>Sim\u00f3n Hern\u00e1ndez<\/strong>. El \u00e1lbum incluir\u00e1 10 canciones en las que la poes\u00eda de la joven m\u00fasico se entrelazar\u00e1 con guitarras, bajo y bater\u00eda.<\/p>\n<p>Para la promoci\u00f3n del \u00abCorrespondencia\u00bb, cuyo lanzamiento se espera durante el mes de septiembre de 2016, Tessa se estar\u00e1 presentando en el circuito independiente musical de la capital mexicana.<\/p>\n<p>Yo les dejo entonces con \u00abElefantes\u00bb, segundo sencillo del pr\u00f3ximo \u00abCorrespondencia\u00bb de <strong>Tessa Ia<\/strong>, m\u00e1s rockero que el anterior \u00abB\u00fafalo\u00bb y en el que la autora no oculta su gusto por la escritura de las letras.<\/p>\n<p>Para seguirle la pista a <strong>Tessa Ia<\/strong> h\u00e1ganlo v\u00eda <a href=\"https:\/\/twitter.com\/tessa_ia?lang=es\" target=\"_blank\">Twitter<\/a> e <a href=\"https:\/\/www.instagram.com\/tessaurusrex\/?hl=es\" target=\"_blank\">Instagram<\/a>, adem\u00e1s de estar al pendientes de su canal en <a href=\"https:\/\/www.youtube.com\/channel\/UCxrv1qhHWUZmvZ4zhKn_rKw\" target=\"_blank\">YouTube<\/a> donde ha lanzado sus dos primeras canciones.<\/p>\n<p>&nbsp;<\/p>\n<p>&nbsp;<\/p>\n","protected":false},"excerpt":{"rendered":"<p>El nombre de Tessa Ia lo reconocemos por su protag\u00f3nico, hace ya casi cuatros a\u00f1os, en la cinta \u201cDespu\u00e9s de Luc\u00eda\u201d (2012) del director Michel Franco.<\/p>\n","protected":false},"author":2,"featured_media":49392,"comment_status":"open","ping_status":"open","sticky":false,"template":"","format":"standard","meta":{"footnotes":""},"categories":[1,665,18,17],"tags":[],"class_list":["post-49347","post","type-post","status-publish","format-standard","has-post-thumbnail","hentry","category-cultura","category-lunes-musical-musica","category-musica","category-principal"],"yoast_head":"<!-- This site is optimized with the Yoast SEO plugin v24.7 - https:\/\/yoast.com\/wordpress\/plugins\/seo\/ -->\n<title>&#039;Elefantes&#039;, de Tessa Ia &#171; Reconoce MX<\/title>\n<meta name=\"robots\" content=\"index, follow, max-snippet:-1, max-image-preview:large, max-video-preview:-1\" \/>\n<link rel=\"canonical\" href=\"https:\/\/www.reconoce.mx\/?p=49347\" \/>\n<meta property=\"og:locale\" content=\"es_ES\" \/>\n<meta property=\"og:type\" content=\"article\" \/>\n<meta property=\"og:title\" content=\"&#039;Elefantes&#039;, de Tessa Ia &#171; Reconoce MX\" \/>\n<meta property=\"og:description\" content=\"El nombre de Tessa Ia lo reconocemos por su protag\u00f3nico, hace ya casi cuatros a\u00f1os, en la cinta \u201cDespu\u00e9s de Luc\u00eda\u201d (2012) del director Michel Franco.\" \/>\n<meta property=\"og:url\" content=\"https:\/\/www.reconoce.mx\/?p=49347\" \/>\n<meta property=\"og:site_name\" content=\"Reconoce MX\" \/>\n<meta property=\"article:publisher\" content=\"https:\/\/es-la.facebook.com\/ReconoceMX\/\" \/>\n<meta property=\"article:published_time\" content=\"2016-07-04T05:02:32+00:00\" \/>\n<meta property=\"article:modified_time\" content=\"2016-07-04T14:08:25+00:00\" \/>\n<meta property=\"og:image\" content=\"https:\/\/www.reconoce.mx\/wp-content\/uploads\/2016\/07\/elefantes-cover.png\" \/>\n\t<meta property=\"og:image:width\" content=\"590\" \/>\n\t<meta property=\"og:image:height\" content=\"380\" \/>\n\t<meta property=\"og:image:type\" content=\"image\/png\" \/>\n<meta name=\"author\" content=\"Reconoce MX\" \/>\n<meta name=\"twitter:card\" content=\"summary_large_image\" \/>\n<meta name=\"twitter:creator\" content=\"@reconocemx\" \/>\n<meta name=\"twitter:site\" content=\"@reconocemx\" \/>\n<meta name=\"twitter:label1\" content=\"Escrito por\" \/>\n\t<meta name=\"twitter:data1\" content=\"Reconoce MX\" \/>\n\t<meta name=\"twitter:label2\" content=\"Tiempo de lectura\" \/>\n\t<meta name=\"twitter:data2\" content=\"2 minutos\" \/>\n<script type=\"application\/ld+json\" class=\"yoast-schema-graph\">{\"@context\":\"https:\/\/schema.org\",\"@graph\":[{\"@type\":\"Article\",\"@id\":\"https:\/\/www.reconoce.mx\/?p=49347#article\",\"isPartOf\":{\"@id\":\"https:\/\/www.reconoce.mx\/?p=49347\"},\"author\":{\"name\":\"Reconoce MX\",\"@id\":\"http:\/\/www.reconoce.mx\/#\/schema\/person\/2117e997d7051dc15d6880eaf9bca0b2\"},\"headline\":\"&#8216;Elefantes&#8217;, de Tessa Ia\",\"datePublished\":\"2016-07-04T05:02:32+00:00\",\"dateModified\":\"2016-07-04T14:08:25+00:00\",\"mainEntityOfPage\":{\"@id\":\"https:\/\/www.reconoce.mx\/?p=49347\"},\"wordCount\":347,\"commentCount\":0,\"publisher\":{\"@id\":\"http:\/\/www.reconoce.mx\/#organization\"},\"image\":{\"@id\":\"https:\/\/www.reconoce.mx\/?p=49347#primaryimage\"},\"thumbnailUrl\":\"http:\/\/www.reconoce.mx\/wp-content\/uploads\/2016\/07\/elefantes-cover.png\",\"articleSection\":[\"Cultura\",\"Lunes musical\",\"M\u00fasica\",\"Principal\"],\"inLanguage\":\"es\",\"potentialAction\":[{\"@type\":\"CommentAction\",\"name\":\"Comment\",\"target\":[\"https:\/\/www.reconoce.mx\/?p=49347#respond\"]}]},{\"@type\":\"WebPage\",\"@id\":\"https:\/\/www.reconoce.mx\/?p=49347\",\"url\":\"https:\/\/www.reconoce.mx\/?p=49347\",\"name\":\"'Elefantes', de Tessa Ia &#171; Reconoce MX\",\"isPartOf\":{\"@id\":\"http:\/\/www.reconoce.mx\/#website\"},\"primaryImageOfPage\":{\"@id\":\"https:\/\/www.reconoce.mx\/?p=49347#primaryimage\"},\"image\":{\"@id\":\"https:\/\/www.reconoce.mx\/?p=49347#primaryimage\"},\"thumbnailUrl\":\"http:\/\/www.reconoce.mx\/wp-content\/uploads\/2016\/07\/elefantes-cover.png\",\"datePublished\":\"2016-07-04T05:02:32+00:00\",\"dateModified\":\"2016-07-04T14:08:25+00:00\",\"breadcrumb\":{\"@id\":\"https:\/\/www.reconoce.mx\/?p=49347#breadcrumb\"},\"inLanguage\":\"es\",\"potentialAction\":[{\"@type\":\"ReadAction\",\"target\":[\"https:\/\/www.reconoce.mx\/?p=49347\"]}]},{\"@type\":\"ImageObject\",\"inLanguage\":\"es\",\"@id\":\"https:\/\/www.reconoce.mx\/?p=49347#primaryimage\",\"url\":\"http:\/\/www.reconoce.mx\/wp-content\/uploads\/2016\/07\/elefantes-cover.png\",\"contentUrl\":\"http:\/\/www.reconoce.mx\/wp-content\/uploads\/2016\/07\/elefantes-cover.png\",\"width\":590,\"height\":380},{\"@type\":\"BreadcrumbList\",\"@id\":\"https:\/\/www.reconoce.mx\/?p=49347#breadcrumb\",\"itemListElement\":[{\"@type\":\"ListItem\",\"position\":1,\"name\":\"Portada\",\"item\":\"http:\/\/www.reconoce.mx\/\"},{\"@type\":\"ListItem\",\"position\":2,\"name\":\"&#8216;Elefantes&#8217;, de Tessa Ia\"}]},{\"@type\":\"WebSite\",\"@id\":\"http:\/\/www.reconoce.mx\/#website\",\"url\":\"http:\/\/www.reconoce.mx\/\",\"name\":\"Reconoce MX\",\"description\":\"En Reconoce MX difundimos arte, cultura y conciencia social en M\u00e9xico. Tu ciudad en otra perspectiva.\",\"publisher\":{\"@id\":\"http:\/\/www.reconoce.mx\/#organization\"},\"potentialAction\":[{\"@type\":\"SearchAction\",\"target\":{\"@type\":\"EntryPoint\",\"urlTemplate\":\"http:\/\/www.reconoce.mx\/?s={search_term_string}\"},\"query-input\":{\"@type\":\"PropertyValueSpecification\",\"valueRequired\":true,\"valueName\":\"search_term_string\"}}],\"inLanguage\":\"es\"},{\"@type\":\"Organization\",\"@id\":\"http:\/\/www.reconoce.mx\/#organization\",\"name\":\"Reconoce MX\",\"url\":\"http:\/\/www.reconoce.mx\/\",\"logo\":{\"@type\":\"ImageObject\",\"inLanguage\":\"es\",\"@id\":\"http:\/\/www.reconoce.mx\/#\/schema\/logo\/image\/\",\"url\":\"https:\/\/www.reconoce.mx\/wp-content\/uploads\/2019\/03\/logorcmx-good-1.png\",\"contentUrl\":\"https:\/\/www.reconoce.mx\/wp-content\/uploads\/2019\/03\/logorcmx-good-1.png\",\"width\":280,\"height\":90,\"caption\":\"Reconoce MX\"},\"image\":{\"@id\":\"http:\/\/www.reconoce.mx\/#\/schema\/logo\/image\/\"},\"sameAs\":[\"https:\/\/es-la.facebook.com\/ReconoceMX\/\",\"https:\/\/x.com\/reconocemx\",\"http:\/\/@reconocemx\"]},{\"@type\":\"Person\",\"@id\":\"http:\/\/www.reconoce.mx\/#\/schema\/person\/2117e997d7051dc15d6880eaf9bca0b2\",\"name\":\"Reconoce MX\",\"image\":{\"@type\":\"ImageObject\",\"inLanguage\":\"es\",\"@id\":\"http:\/\/www.reconoce.mx\/#\/schema\/person\/image\/\",\"url\":\"https:\/\/secure.gravatar.com\/avatar\/6c8d4dc7569ca1c90c5fdcc349f839d5ddef6fe1e70b4337ead2ef1a4c43fc3a?s=96&d=identicon&r=g\",\"contentUrl\":\"https:\/\/secure.gravatar.com\/avatar\/6c8d4dc7569ca1c90c5fdcc349f839d5ddef6fe1e70b4337ead2ef1a4c43fc3a?s=96&d=identicon&r=g\",\"caption\":\"Reconoce MX\"},\"description\":\"Reconoce MX es un proyecto de difusi\u00f3n art\u00edstica, cultural y de conciencia social que est\u00e1 enfocado a difundir y fomentar el entretenimiento alternativo de calidad para todo el p\u00fablico que comparta el mismo entusiasmo.\",\"sameAs\":[\"http:\/\/www.reconoce.mx\"],\"url\":\"http:\/\/www.reconoce.mx\/?author=2\"}]}<\/script>\n<!-- \/ Yoast SEO plugin. -->","yoast_head_json":{"title":"'Elefantes', de Tessa Ia &#171; Reconoce MX","robots":{"index":"index","follow":"follow","max-snippet":"max-snippet:-1","max-image-preview":"max-image-preview:large","max-video-preview":"max-video-preview:-1"},"canonical":"https:\/\/www.reconoce.mx\/?p=49347","og_locale":"es_ES","og_type":"article","og_title":"'Elefantes', de Tessa Ia &#171; Reconoce MX","og_description":"El nombre de Tessa Ia lo reconocemos por su protag\u00f3nico, hace ya casi cuatros a\u00f1os, en la cinta \u201cDespu\u00e9s de Luc\u00eda\u201d (2012) del director Michel Franco.","og_url":"https:\/\/www.reconoce.mx\/?p=49347","og_site_name":"Reconoce MX","article_publisher":"https:\/\/es-la.facebook.com\/ReconoceMX\/","article_published_time":"2016-07-04T05:02:32+00:00","article_modified_time":"2016-07-04T14:08:25+00:00","og_image":[{"width":590,"height":380,"url":"https:\/\/www.reconoce.mx\/wp-content\/uploads\/2016\/07\/elefantes-cover.png","type":"image\/png"}],"author":"Reconoce MX","twitter_card":"summary_large_image","twitter_creator":"@reconocemx","twitter_site":"@reconocemx","twitter_misc":{"Escrito por":"Reconoce MX","Tiempo de lectura":"2 minutos"},"schema":{"@context":"https:\/\/schema.org","@graph":[{"@type":"Article","@id":"https:\/\/www.reconoce.mx\/?p=49347#article","isPartOf":{"@id":"https:\/\/www.reconoce.mx\/?p=49347"},"author":{"name":"Reconoce MX","@id":"http:\/\/www.reconoce.mx\/#\/schema\/person\/2117e997d7051dc15d6880eaf9bca0b2"},"headline":"&#8216;Elefantes&#8217;, de Tessa Ia","datePublished":"2016-07-04T05:02:32+00:00","dateModified":"2016-07-04T14:08:25+00:00","mainEntityOfPage":{"@id":"https:\/\/www.reconoce.mx\/?p=49347"},"wordCount":347,"commentCount":0,"publisher":{"@id":"http:\/\/www.reconoce.mx\/#organization"},"image":{"@id":"https:\/\/www.reconoce.mx\/?p=49347#primaryimage"},"thumbnailUrl":"http:\/\/www.reconoce.mx\/wp-content\/uploads\/2016\/07\/elefantes-cover.png","articleSection":["Cultura","Lunes musical","M\u00fasica","Principal"],"inLanguage":"es","potentialAction":[{"@type":"CommentAction","name":"Comment","target":["https:\/\/www.reconoce.mx\/?p=49347#respond"]}]},{"@type":"WebPage","@id":"https:\/\/www.reconoce.mx\/?p=49347","url":"https:\/\/www.reconoce.mx\/?p=49347","name":"'Elefantes', de Tessa Ia &#171; Reconoce MX","isPartOf":{"@id":"http:\/\/www.reconoce.mx\/#website"},"primaryImageOfPage":{"@id":"https:\/\/www.reconoce.mx\/?p=49347#primaryimage"},"image":{"@id":"https:\/\/www.reconoce.mx\/?p=49347#primaryimage"},"thumbnailUrl":"http:\/\/www.reconoce.mx\/wp-content\/uploads\/2016\/07\/elefantes-cover.png","datePublished":"2016-07-04T05:02:32+00:00","dateModified":"2016-07-04T14:08:25+00:00","breadcrumb":{"@id":"https:\/\/www.reconoce.mx\/?p=49347#breadcrumb"},"inLanguage":"es","potentialAction":[{"@type":"ReadAction","target":["https:\/\/www.reconoce.mx\/?p=49347"]}]},{"@type":"ImageObject","inLanguage":"es","@id":"https:\/\/www.reconoce.mx\/?p=49347#primaryimage","url":"http:\/\/www.reconoce.mx\/wp-content\/uploads\/2016\/07\/elefantes-cover.png","contentUrl":"http:\/\/www.reconoce.mx\/wp-content\/uploads\/2016\/07\/elefantes-cover.png","width":590,"height":380},{"@type":"BreadcrumbList","@id":"https:\/\/www.reconoce.mx\/?p=49347#breadcrumb","itemListElement":[{"@type":"ListItem","position":1,"name":"Portada","item":"http:\/\/www.reconoce.mx\/"},{"@type":"ListItem","position":2,"name":"&#8216;Elefantes&#8217;, de Tessa Ia"}]},{"@type":"WebSite","@id":"http:\/\/www.reconoce.mx\/#website","url":"http:\/\/www.reconoce.mx\/","name":"Reconoce MX","description":"En Reconoce MX difundimos arte, cultura y conciencia social en M\u00e9xico. Tu ciudad en otra perspectiva.","publisher":{"@id":"http:\/\/www.reconoce.mx\/#organization"},"potentialAction":[{"@type":"SearchAction","target":{"@type":"EntryPoint","urlTemplate":"http:\/\/www.reconoce.mx\/?s={search_term_string}"},"query-input":{"@type":"PropertyValueSpecification","valueRequired":true,"valueName":"search_term_string"}}],"inLanguage":"es"},{"@type":"Organization","@id":"http:\/\/www.reconoce.mx\/#organization","name":"Reconoce MX","url":"http:\/\/www.reconoce.mx\/","logo":{"@type":"ImageObject","inLanguage":"es","@id":"http:\/\/www.reconoce.mx\/#\/schema\/logo\/image\/","url":"https:\/\/www.reconoce.mx\/wp-content\/uploads\/2019\/03\/logorcmx-good-1.png","contentUrl":"https:\/\/www.reconoce.mx\/wp-content\/uploads\/2019\/03\/logorcmx-good-1.png","width":280,"height":90,"caption":"Reconoce MX"},"image":{"@id":"http:\/\/www.reconoce.mx\/#\/schema\/logo\/image\/"},"sameAs":["https:\/\/es-la.facebook.com\/ReconoceMX\/","https:\/\/x.com\/reconocemx","http:\/\/@reconocemx"]},{"@type":"Person","@id":"http:\/\/www.reconoce.mx\/#\/schema\/person\/2117e997d7051dc15d6880eaf9bca0b2","name":"Reconoce MX","image":{"@type":"ImageObject","inLanguage":"es","@id":"http:\/\/www.reconoce.mx\/#\/schema\/person\/image\/","url":"https:\/\/secure.gravatar.com\/avatar\/6c8d4dc7569ca1c90c5fdcc349f839d5ddef6fe1e70b4337ead2ef1a4c43fc3a?s=96&d=identicon&r=g","contentUrl":"https:\/\/secure.gravatar.com\/avatar\/6c8d4dc7569ca1c90c5fdcc349f839d5ddef6fe1e70b4337ead2ef1a4c43fc3a?s=96&d=identicon&r=g","caption":"Reconoce MX"},"description":"Reconoce MX es un proyecto de difusi\u00f3n art\u00edstica, cultural y de conciencia social que est\u00e1 enfocado a difundir y fomentar el entretenimiento alternativo de calidad para todo el p\u00fablico que comparta el mismo entusiasmo.","sameAs":["http:\/\/www.reconoce.mx"],"url":"http:\/\/www.reconoce.mx\/?author=2"}]}},"_links":{"self":[{"href":"http:\/\/www.reconoce.mx\/index.php?rest_route=\/wp\/v2\/posts\/49347","targetHints":{"allow":["GET"]}}],"collection":[{"href":"http:\/\/www.reconoce.mx\/index.php?rest_route=\/wp\/v2\/posts"}],"about":[{"href":"http:\/\/www.reconoce.mx\/index.php?rest_route=\/wp\/v2\/types\/post"}],"author":[{"embeddable":true,"href":"http:\/\/www.reconoce.mx\/index.php?rest_route=\/wp\/v2\/users\/2"}],"replies":[{"embeddable":true,"href":"http:\/\/www.reconoce.mx\/index.php?rest_route=%2Fwp%2Fv2%2Fcomments&post=49347"}],"version-history":[{"count":4,"href":"http:\/\/www.reconoce.mx\/index.php?rest_route=\/wp\/v2\/posts\/49347\/revisions"}],"predecessor-version":[{"id":49395,"href":"http:\/\/www.reconoce.mx\/index.php?rest_route=\/wp\/v2\/posts\/49347\/revisions\/49395"}],"wp:featuredmedia":[{"embeddable":true,"href":"http:\/\/www.reconoce.mx\/index.php?rest_route=\/wp\/v2\/media\/49392"}],"wp:attachment":[{"href":"http:\/\/www.reconoce.mx\/index.php?rest_route=%2Fwp%2Fv2%2Fmedia&parent=49347"}],"wp:term":[{"taxonomy":"category","embeddable":true,"href":"http:\/\/www.reconoce.mx\/index.php?rest_route=%2Fwp%2Fv2%2Fcategories&post=49347"},{"taxonomy":"post_tag","embeddable":true,"href":"http:\/\/www.reconoce.mx\/index.php?rest_route=%2Fwp%2Fv2%2Ftags&post=49347"}],"curies":[{"name":"wp","href":"https:\/\/api.w.org\/{rel}","templated":true}]}}