{"id":49349,"date":"2016-07-05T00:06:15","date_gmt":"2016-07-05T05:06:15","guid":{"rendered":"http:\/\/www.reconoce.mx\/?p=49349"},"modified":"2016-07-05T11:46:59","modified_gmt":"2016-07-05T16:46:59","slug":"pate-de-fua-y-su-pelicula-muda-2da-parte-en-el-teatro-de-la-ciudad","status":"publish","type":"post","link":"http:\/\/www.reconoce.mx\/?p=49349","title":{"rendered":"Pat\u00e9 de Fu\u00e1 y su \u00abPel\u00edcula Muda 2da Parte\u00bb en el Teatro de la Ciudad"},"content":{"rendered":"<p><strong> Por <a title=\"@AsfaltosTweets\" href=\"http:\/\/twitter.com\/AsfaltosTweets\" target=\"_blank\" data-slimstat-type=\"0\" data-slimstat-callback=\"false\" data-slimstat-tracking=\"true\">Asfaltos<\/a><\/strong>.<\/p>\n<p>Son ya 10 a\u00f1os de carrera ininterrumpida del combo sonoro argentino-mexicano <strong>Pat\u00e9 de Fu\u00e1<\/strong>; 10 a\u00f1os que la agrupaci\u00f3n celebrar\u00e1 en una fiesta de dos fechas en el <strong>Teatro de la Ciudad \u00abEsperanza Iris\u00bb<\/strong>, misma en la que aprovechar\u00e1n para presentar su m\u00e1s reciente \u00e1lbum \u00abPel\u00edcula Muda 2da Parte\u00bb, del que lanzar\u00e1n pronto su primer sencillo \u00abNosotros dos\u00bb junto a la cantante <strong>Luc\u00eda Gal\u00e1n<\/strong>.<\/p>\n<p><img loading=\"lazy\" decoding=\"async\" class=\"aligncenter size-full wp-image-49352\" src=\"http:\/\/www.reconoce.mx\/wp-content\/uploads\/2016\/07\/pate-de-fua-poster.jpg\" alt=\"pate-de-fua-poster\" width=\"876\" height=\"964\" srcset=\"http:\/\/www.reconoce.mx\/wp-content\/uploads\/2016\/07\/pate-de-fua-poster.jpg 876w, http:\/\/www.reconoce.mx\/wp-content\/uploads\/2016\/07\/pate-de-fua-poster-273x300.jpg 273w, http:\/\/www.reconoce.mx\/wp-content\/uploads\/2016\/07\/pate-de-fua-poster-768x845.jpg 768w, http:\/\/www.reconoce.mx\/wp-content\/uploads\/2016\/07\/pate-de-fua-poster-150x165.jpg 150w, http:\/\/www.reconoce.mx\/wp-content\/uploads\/2016\/07\/pate-de-fua-poster-700x770.jpg 700w, http:\/\/www.reconoce.mx\/wp-content\/uploads\/2016\/07\/pate-de-fua-poster-658x724.jpg 658w, http:\/\/www.reconoce.mx\/wp-content\/uploads\/2016\/07\/pate-de-fua-poster-300x330.jpg 300w\" sizes=\"auto, (max-width: 876px) 100vw, 876px\" \/><\/p>\n<p>El grupo conformado por <strong>Yayo Gonz\u00e1lez<\/strong> (composici\u00f3n, voz y guitarra), <strong>Guillermo Perata<\/strong> (composici\u00f3n, corneta y banjo), <strong>Alexis Ruiz<\/strong> (vibr\u00e1fono y marimba), <strong>Luri Molina<\/strong> (contrabajo y bajo el\u00e9ctrico), <strong>Dan Mazor<\/strong> (saxof\u00f3n), <strong>Demi\u00e1n Cantilo<\/strong> (bater\u00eda) y <strong>Roberto Ver\u00e1stegui<\/strong> (teclados, acorde\u00f3n y mel\u00f3dica), regresar\u00e1 a los escenarios con la segunda parte de su ya exitoso \u00abPel\u00edcula Muda 1ra Parte\u00bb.<\/p>\n<p>\u00abNosotros dos\u00bb, pr\u00f3ximo sencillo a estrenarse el viernes 8 de julio a trav\u00e9s de la plataforma digital iTunes, cuenta con la voz de la cantante y actriz argentina <strong>Luc\u00eda Gal\u00e1n<\/strong>, quien forma parte del d\u00fao <strong>Pimpinela<\/strong>.<\/p>\n<p>Para el \u00abPel\u00edcula Muda 2da Parte\u00bb contar\u00e1n tambi\u00e9n con la colaboraci\u00f3n de <strong>Lila Downs<\/strong> y <strong>Armando Manzanero<\/strong>. Conservando su particular estilo musical, pero mostrando una madurez que les coloca como una de las bandas m\u00e1s personales e importantes de la independencia mexicana, el disco estar\u00e1 compuesto por 15 canciones que son: \u00abLl\u00e9vame en un beso\u00bb feat. <strong>Lila Downs<\/strong>, \u00abLleg\u00f3 tu amor\u00bb, \u00abNosotros dos\u00bb feat. <strong>Luc\u00eda Gal\u00e1n<\/strong>, \u00abLa pitaplaca\u00bb, \u00abEl borracho\u00bb, \u00abCuatro lunas\u00bb, \u00abTu pecado\u00bb, \u00abPel\u00edcula hablada\u00bb, \u00abNegras golondrinas\u00bb, \u00abLa tempestad\u00bb, \u00abHacia el sur\u00bb, \u00abFalso olvido\u00bb feat. <strong>Armando Manzanero<\/strong>, \u00abEl vals de las bicicletas\u00bb, \u00abOncativo street parade\u00bb y \u00abQueridos amigos\u00bb.<\/p>\n<p><strong>Pat\u00e9 de Fu\u00e1<\/strong> se presentar\u00e1n en el <strong>Teatro de la Ciudad \u00abEsperanza Iris\u00bb<\/strong>, con su nuevo disco \u00abPel\u00edcula Muda 2da Parte\u00bb, los pr\u00f3ximos viernes 19 y s\u00e1bado 20 de agosto. Los boletos se encuentran a la venta en las taquillas del inmueble y a trav\u00e9s del <a href=\"http:\/\/www.ticketmaster.com.mx\/Pate-de-Fua-boletos\/artist\/1458266\" target=\"_blank\">Sistema Ticketmaster<\/a>.<\/p>\n<p>&nbsp;<\/p>\n<p>&nbsp;<\/p>\n","protected":false},"excerpt":{"rendered":"<p>Son ya 10 a\u00f1os de carrera ininterrumpida del combo sonoro argentino-mexicano Pat\u00e9 de Fu\u00e1; 10 a\u00f1os que la agrupaci\u00f3n celebrar\u00e1 en una fiesta de dos fechas en el Teatro de la Ciudad \u201cEsperanza Iris\u201d.<\/p>\n","protected":false},"author":2,"featured_media":49351,"comment_status":"open","ping_status":"open","sticky":false,"template":"","format":"standard","meta":{"footnotes":""},"categories":[1,18,17],"tags":[],"class_list":["post-49349","post","type-post","status-publish","format-standard","has-post-thumbnail","hentry","category-cultura","category-musica","category-principal"],"yoast_head":"<!-- This site is optimized with the Yoast SEO plugin v24.7 - https:\/\/yoast.com\/wordpress\/plugins\/seo\/ -->\n<title>Pat\u00e9 de Fu\u00e1 y su &quot;Pel\u00edcula Muda 2da Parte&quot; en el Teatro de la Ciudad &#171; Reconoce MX<\/title>\n<meta name=\"robots\" content=\"index, follow, max-snippet:-1, max-image-preview:large, max-video-preview:-1\" \/>\n<link rel=\"canonical\" href=\"https:\/\/www.reconoce.mx\/?p=49349\" \/>\n<meta property=\"og:locale\" content=\"es_ES\" \/>\n<meta property=\"og:type\" content=\"article\" \/>\n<meta property=\"og:title\" content=\"Pat\u00e9 de Fu\u00e1 y su &quot;Pel\u00edcula Muda 2da Parte&quot; en el Teatro de la Ciudad &#171; Reconoce MX\" \/>\n<meta property=\"og:description\" content=\"Son ya 10 a\u00f1os de carrera ininterrumpida del combo sonoro argentino-mexicano Pat\u00e9 de Fu\u00e1; 10 a\u00f1os que la agrupaci\u00f3n celebrar\u00e1 en una fiesta de dos fechas en el Teatro de la Ciudad \u201cEsperanza Iris\u201d.\" \/>\n<meta property=\"og:url\" content=\"https:\/\/www.reconoce.mx\/?p=49349\" \/>\n<meta property=\"og:site_name\" content=\"Reconoce MX\" \/>\n<meta property=\"article:publisher\" content=\"https:\/\/es-la.facebook.com\/ReconoceMX\/\" \/>\n<meta property=\"article:published_time\" content=\"2016-07-05T05:06:15+00:00\" \/>\n<meta property=\"article:modified_time\" content=\"2016-07-05T16:46:59+00:00\" \/>\n<meta property=\"og:image\" content=\"https:\/\/www.reconoce.mx\/wp-content\/uploads\/2016\/07\/patedefua-cover.png\" \/>\n\t<meta property=\"og:image:width\" content=\"590\" \/>\n\t<meta property=\"og:image:height\" content=\"380\" \/>\n\t<meta property=\"og:image:type\" content=\"image\/png\" \/>\n<meta name=\"author\" content=\"Reconoce MX\" \/>\n<meta name=\"twitter:card\" content=\"summary_large_image\" \/>\n<meta name=\"twitter:creator\" content=\"@reconocemx\" \/>\n<meta name=\"twitter:site\" content=\"@reconocemx\" \/>\n<meta name=\"twitter:label1\" content=\"Escrito por\" \/>\n\t<meta name=\"twitter:data1\" content=\"Reconoce MX\" \/>\n\t<meta name=\"twitter:label2\" content=\"Tiempo de lectura\" \/>\n\t<meta name=\"twitter:data2\" content=\"2 minutos\" \/>\n<script type=\"application\/ld+json\" class=\"yoast-schema-graph\">{\"@context\":\"https:\/\/schema.org\",\"@graph\":[{\"@type\":\"Article\",\"@id\":\"https:\/\/www.reconoce.mx\/?p=49349#article\",\"isPartOf\":{\"@id\":\"https:\/\/www.reconoce.mx\/?p=49349\"},\"author\":{\"name\":\"Reconoce MX\",\"@id\":\"http:\/\/www.reconoce.mx\/#\/schema\/person\/2117e997d7051dc15d6880eaf9bca0b2\"},\"headline\":\"Pat\u00e9 de Fu\u00e1 y su \u00abPel\u00edcula Muda 2da Parte\u00bb en el Teatro de la Ciudad\",\"datePublished\":\"2016-07-05T05:06:15+00:00\",\"dateModified\":\"2016-07-05T16:46:59+00:00\",\"mainEntityOfPage\":{\"@id\":\"https:\/\/www.reconoce.mx\/?p=49349\"},\"wordCount\":357,\"commentCount\":0,\"publisher\":{\"@id\":\"http:\/\/www.reconoce.mx\/#organization\"},\"image\":{\"@id\":\"https:\/\/www.reconoce.mx\/?p=49349#primaryimage\"},\"thumbnailUrl\":\"http:\/\/www.reconoce.mx\/wp-content\/uploads\/2016\/07\/patedefua-cover.png\",\"articleSection\":[\"Cultura\",\"M\u00fasica\",\"Principal\"],\"inLanguage\":\"es\",\"potentialAction\":[{\"@type\":\"CommentAction\",\"name\":\"Comment\",\"target\":[\"https:\/\/www.reconoce.mx\/?p=49349#respond\"]}]},{\"@type\":\"WebPage\",\"@id\":\"https:\/\/www.reconoce.mx\/?p=49349\",\"url\":\"https:\/\/www.reconoce.mx\/?p=49349\",\"name\":\"Pat\u00e9 de Fu\u00e1 y su \\\"Pel\u00edcula Muda 2da Parte\\\" en el Teatro de la Ciudad &#171; Reconoce MX\",\"isPartOf\":{\"@id\":\"http:\/\/www.reconoce.mx\/#website\"},\"primaryImageOfPage\":{\"@id\":\"https:\/\/www.reconoce.mx\/?p=49349#primaryimage\"},\"image\":{\"@id\":\"https:\/\/www.reconoce.mx\/?p=49349#primaryimage\"},\"thumbnailUrl\":\"http:\/\/www.reconoce.mx\/wp-content\/uploads\/2016\/07\/patedefua-cover.png\",\"datePublished\":\"2016-07-05T05:06:15+00:00\",\"dateModified\":\"2016-07-05T16:46:59+00:00\",\"breadcrumb\":{\"@id\":\"https:\/\/www.reconoce.mx\/?p=49349#breadcrumb\"},\"inLanguage\":\"es\",\"potentialAction\":[{\"@type\":\"ReadAction\",\"target\":[\"https:\/\/www.reconoce.mx\/?p=49349\"]}]},{\"@type\":\"ImageObject\",\"inLanguage\":\"es\",\"@id\":\"https:\/\/www.reconoce.mx\/?p=49349#primaryimage\",\"url\":\"http:\/\/www.reconoce.mx\/wp-content\/uploads\/2016\/07\/patedefua-cover.png\",\"contentUrl\":\"http:\/\/www.reconoce.mx\/wp-content\/uploads\/2016\/07\/patedefua-cover.png\",\"width\":590,\"height\":380},{\"@type\":\"BreadcrumbList\",\"@id\":\"https:\/\/www.reconoce.mx\/?p=49349#breadcrumb\",\"itemListElement\":[{\"@type\":\"ListItem\",\"position\":1,\"name\":\"Portada\",\"item\":\"http:\/\/www.reconoce.mx\/\"},{\"@type\":\"ListItem\",\"position\":2,\"name\":\"Pat\u00e9 de Fu\u00e1 y su \u00abPel\u00edcula Muda 2da Parte\u00bb en el Teatro de la Ciudad\"}]},{\"@type\":\"WebSite\",\"@id\":\"http:\/\/www.reconoce.mx\/#website\",\"url\":\"http:\/\/www.reconoce.mx\/\",\"name\":\"Reconoce MX\",\"description\":\"En Reconoce MX difundimos arte, cultura y conciencia social en M\u00e9xico. Tu ciudad en otra perspectiva.\",\"publisher\":{\"@id\":\"http:\/\/www.reconoce.mx\/#organization\"},\"potentialAction\":[{\"@type\":\"SearchAction\",\"target\":{\"@type\":\"EntryPoint\",\"urlTemplate\":\"http:\/\/www.reconoce.mx\/?s={search_term_string}\"},\"query-input\":{\"@type\":\"PropertyValueSpecification\",\"valueRequired\":true,\"valueName\":\"search_term_string\"}}],\"inLanguage\":\"es\"},{\"@type\":\"Organization\",\"@id\":\"http:\/\/www.reconoce.mx\/#organization\",\"name\":\"Reconoce MX\",\"url\":\"http:\/\/www.reconoce.mx\/\",\"logo\":{\"@type\":\"ImageObject\",\"inLanguage\":\"es\",\"@id\":\"http:\/\/www.reconoce.mx\/#\/schema\/logo\/image\/\",\"url\":\"https:\/\/www.reconoce.mx\/wp-content\/uploads\/2019\/03\/logorcmx-good-1.png\",\"contentUrl\":\"https:\/\/www.reconoce.mx\/wp-content\/uploads\/2019\/03\/logorcmx-good-1.png\",\"width\":280,\"height\":90,\"caption\":\"Reconoce MX\"},\"image\":{\"@id\":\"http:\/\/www.reconoce.mx\/#\/schema\/logo\/image\/\"},\"sameAs\":[\"https:\/\/es-la.facebook.com\/ReconoceMX\/\",\"https:\/\/x.com\/reconocemx\",\"http:\/\/@reconocemx\"]},{\"@type\":\"Person\",\"@id\":\"http:\/\/www.reconoce.mx\/#\/schema\/person\/2117e997d7051dc15d6880eaf9bca0b2\",\"name\":\"Reconoce MX\",\"image\":{\"@type\":\"ImageObject\",\"inLanguage\":\"es\",\"@id\":\"http:\/\/www.reconoce.mx\/#\/schema\/person\/image\/\",\"url\":\"https:\/\/secure.gravatar.com\/avatar\/6c8d4dc7569ca1c90c5fdcc349f839d5ddef6fe1e70b4337ead2ef1a4c43fc3a?s=96&d=identicon&r=g\",\"contentUrl\":\"https:\/\/secure.gravatar.com\/avatar\/6c8d4dc7569ca1c90c5fdcc349f839d5ddef6fe1e70b4337ead2ef1a4c43fc3a?s=96&d=identicon&r=g\",\"caption\":\"Reconoce MX\"},\"description\":\"Reconoce MX es un proyecto de difusi\u00f3n art\u00edstica, cultural y de conciencia social que est\u00e1 enfocado a difundir y fomentar el entretenimiento alternativo de calidad para todo el p\u00fablico que comparta el mismo entusiasmo.\",\"sameAs\":[\"http:\/\/www.reconoce.mx\"],\"url\":\"http:\/\/www.reconoce.mx\/?author=2\"}]}<\/script>\n<!-- \/ Yoast SEO plugin. -->","yoast_head_json":{"title":"Pat\u00e9 de Fu\u00e1 y su \"Pel\u00edcula Muda 2da Parte\" en el Teatro de la Ciudad &#171; Reconoce MX","robots":{"index":"index","follow":"follow","max-snippet":"max-snippet:-1","max-image-preview":"max-image-preview:large","max-video-preview":"max-video-preview:-1"},"canonical":"https:\/\/www.reconoce.mx\/?p=49349","og_locale":"es_ES","og_type":"article","og_title":"Pat\u00e9 de Fu\u00e1 y su \"Pel\u00edcula Muda 2da Parte\" en el Teatro de la Ciudad &#171; Reconoce MX","og_description":"Son ya 10 a\u00f1os de carrera ininterrumpida del combo sonoro argentino-mexicano Pat\u00e9 de Fu\u00e1; 10 a\u00f1os que la agrupaci\u00f3n celebrar\u00e1 en una fiesta de dos fechas en el Teatro de la Ciudad \u201cEsperanza Iris\u201d.","og_url":"https:\/\/www.reconoce.mx\/?p=49349","og_site_name":"Reconoce MX","article_publisher":"https:\/\/es-la.facebook.com\/ReconoceMX\/","article_published_time":"2016-07-05T05:06:15+00:00","article_modified_time":"2016-07-05T16:46:59+00:00","og_image":[{"width":590,"height":380,"url":"https:\/\/www.reconoce.mx\/wp-content\/uploads\/2016\/07\/patedefua-cover.png","type":"image\/png"}],"author":"Reconoce MX","twitter_card":"summary_large_image","twitter_creator":"@reconocemx","twitter_site":"@reconocemx","twitter_misc":{"Escrito por":"Reconoce MX","Tiempo de lectura":"2 minutos"},"schema":{"@context":"https:\/\/schema.org","@graph":[{"@type":"Article","@id":"https:\/\/www.reconoce.mx\/?p=49349#article","isPartOf":{"@id":"https:\/\/www.reconoce.mx\/?p=49349"},"author":{"name":"Reconoce MX","@id":"http:\/\/www.reconoce.mx\/#\/schema\/person\/2117e997d7051dc15d6880eaf9bca0b2"},"headline":"Pat\u00e9 de Fu\u00e1 y su \u00abPel\u00edcula Muda 2da Parte\u00bb en el Teatro de la Ciudad","datePublished":"2016-07-05T05:06:15+00:00","dateModified":"2016-07-05T16:46:59+00:00","mainEntityOfPage":{"@id":"https:\/\/www.reconoce.mx\/?p=49349"},"wordCount":357,"commentCount":0,"publisher":{"@id":"http:\/\/www.reconoce.mx\/#organization"},"image":{"@id":"https:\/\/www.reconoce.mx\/?p=49349#primaryimage"},"thumbnailUrl":"http:\/\/www.reconoce.mx\/wp-content\/uploads\/2016\/07\/patedefua-cover.png","articleSection":["Cultura","M\u00fasica","Principal"],"inLanguage":"es","potentialAction":[{"@type":"CommentAction","name":"Comment","target":["https:\/\/www.reconoce.mx\/?p=49349#respond"]}]},{"@type":"WebPage","@id":"https:\/\/www.reconoce.mx\/?p=49349","url":"https:\/\/www.reconoce.mx\/?p=49349","name":"Pat\u00e9 de Fu\u00e1 y su \"Pel\u00edcula Muda 2da Parte\" en el Teatro de la Ciudad &#171; Reconoce MX","isPartOf":{"@id":"http:\/\/www.reconoce.mx\/#website"},"primaryImageOfPage":{"@id":"https:\/\/www.reconoce.mx\/?p=49349#primaryimage"},"image":{"@id":"https:\/\/www.reconoce.mx\/?p=49349#primaryimage"},"thumbnailUrl":"http:\/\/www.reconoce.mx\/wp-content\/uploads\/2016\/07\/patedefua-cover.png","datePublished":"2016-07-05T05:06:15+00:00","dateModified":"2016-07-05T16:46:59+00:00","breadcrumb":{"@id":"https:\/\/www.reconoce.mx\/?p=49349#breadcrumb"},"inLanguage":"es","potentialAction":[{"@type":"ReadAction","target":["https:\/\/www.reconoce.mx\/?p=49349"]}]},{"@type":"ImageObject","inLanguage":"es","@id":"https:\/\/www.reconoce.mx\/?p=49349#primaryimage","url":"http:\/\/www.reconoce.mx\/wp-content\/uploads\/2016\/07\/patedefua-cover.png","contentUrl":"http:\/\/www.reconoce.mx\/wp-content\/uploads\/2016\/07\/patedefua-cover.png","width":590,"height":380},{"@type":"BreadcrumbList","@id":"https:\/\/www.reconoce.mx\/?p=49349#breadcrumb","itemListElement":[{"@type":"ListItem","position":1,"name":"Portada","item":"http:\/\/www.reconoce.mx\/"},{"@type":"ListItem","position":2,"name":"Pat\u00e9 de Fu\u00e1 y su \u00abPel\u00edcula Muda 2da Parte\u00bb en el Teatro de la Ciudad"}]},{"@type":"WebSite","@id":"http:\/\/www.reconoce.mx\/#website","url":"http:\/\/www.reconoce.mx\/","name":"Reconoce MX","description":"En Reconoce MX difundimos arte, cultura y conciencia social en M\u00e9xico. Tu ciudad en otra perspectiva.","publisher":{"@id":"http:\/\/www.reconoce.mx\/#organization"},"potentialAction":[{"@type":"SearchAction","target":{"@type":"EntryPoint","urlTemplate":"http:\/\/www.reconoce.mx\/?s={search_term_string}"},"query-input":{"@type":"PropertyValueSpecification","valueRequired":true,"valueName":"search_term_string"}}],"inLanguage":"es"},{"@type":"Organization","@id":"http:\/\/www.reconoce.mx\/#organization","name":"Reconoce MX","url":"http:\/\/www.reconoce.mx\/","logo":{"@type":"ImageObject","inLanguage":"es","@id":"http:\/\/www.reconoce.mx\/#\/schema\/logo\/image\/","url":"https:\/\/www.reconoce.mx\/wp-content\/uploads\/2019\/03\/logorcmx-good-1.png","contentUrl":"https:\/\/www.reconoce.mx\/wp-content\/uploads\/2019\/03\/logorcmx-good-1.png","width":280,"height":90,"caption":"Reconoce MX"},"image":{"@id":"http:\/\/www.reconoce.mx\/#\/schema\/logo\/image\/"},"sameAs":["https:\/\/es-la.facebook.com\/ReconoceMX\/","https:\/\/x.com\/reconocemx","http:\/\/@reconocemx"]},{"@type":"Person","@id":"http:\/\/www.reconoce.mx\/#\/schema\/person\/2117e997d7051dc15d6880eaf9bca0b2","name":"Reconoce MX","image":{"@type":"ImageObject","inLanguage":"es","@id":"http:\/\/www.reconoce.mx\/#\/schema\/person\/image\/","url":"https:\/\/secure.gravatar.com\/avatar\/6c8d4dc7569ca1c90c5fdcc349f839d5ddef6fe1e70b4337ead2ef1a4c43fc3a?s=96&d=identicon&r=g","contentUrl":"https:\/\/secure.gravatar.com\/avatar\/6c8d4dc7569ca1c90c5fdcc349f839d5ddef6fe1e70b4337ead2ef1a4c43fc3a?s=96&d=identicon&r=g","caption":"Reconoce MX"},"description":"Reconoce MX es un proyecto de difusi\u00f3n art\u00edstica, cultural y de conciencia social que est\u00e1 enfocado a difundir y fomentar el entretenimiento alternativo de calidad para todo el p\u00fablico que comparta el mismo entusiasmo.","sameAs":["http:\/\/www.reconoce.mx"],"url":"http:\/\/www.reconoce.mx\/?author=2"}]}},"_links":{"self":[{"href":"http:\/\/www.reconoce.mx\/index.php?rest_route=\/wp\/v2\/posts\/49349","targetHints":{"allow":["GET"]}}],"collection":[{"href":"http:\/\/www.reconoce.mx\/index.php?rest_route=\/wp\/v2\/posts"}],"about":[{"href":"http:\/\/www.reconoce.mx\/index.php?rest_route=\/wp\/v2\/types\/post"}],"author":[{"embeddable":true,"href":"http:\/\/www.reconoce.mx\/index.php?rest_route=\/wp\/v2\/users\/2"}],"replies":[{"embeddable":true,"href":"http:\/\/www.reconoce.mx\/index.php?rest_route=%2Fwp%2Fv2%2Fcomments&post=49349"}],"version-history":[{"count":3,"href":"http:\/\/www.reconoce.mx\/index.php?rest_route=\/wp\/v2\/posts\/49349\/revisions"}],"predecessor-version":[{"id":49354,"href":"http:\/\/www.reconoce.mx\/index.php?rest_route=\/wp\/v2\/posts\/49349\/revisions\/49354"}],"wp:featuredmedia":[{"embeddable":true,"href":"http:\/\/www.reconoce.mx\/index.php?rest_route=\/wp\/v2\/media\/49351"}],"wp:attachment":[{"href":"http:\/\/www.reconoce.mx\/index.php?rest_route=%2Fwp%2Fv2%2Fmedia&parent=49349"}],"wp:term":[{"taxonomy":"category","embeddable":true,"href":"http:\/\/www.reconoce.mx\/index.php?rest_route=%2Fwp%2Fv2%2Fcategories&post=49349"},{"taxonomy":"post_tag","embeddable":true,"href":"http:\/\/www.reconoce.mx\/index.php?rest_route=%2Fwp%2Fv2%2Ftags&post=49349"}],"curies":[{"name":"wp","href":"https:\/\/api.w.org\/{rel}","templated":true}]}}