{"id":49388,"date":"2016-07-04T00:03:18","date_gmt":"2016-07-04T05:03:18","guid":{"rendered":"http:\/\/www.reconoce.mx\/?p=49388"},"modified":"2016-07-04T13:09:24","modified_gmt":"2016-07-04T18:09:24","slug":"james-cameron-y-su-critica-constructiva-a-el-despertar-de-la-fuerza","status":"publish","type":"post","link":"http:\/\/www.reconoce.mx\/?p=49388","title":{"rendered":"James Cameron y su cr\u00edtica constructiva a \u00abEl despertar de la fuerza\u00bb"},"content":{"rendered":"<p><a href=\"http:\/\/www.reconoce.mx\/category\/columnistas\/la-ballesta-de-mascatabaco\/\"><img loading=\"lazy\" decoding=\"async\" class=\"aligncenter size-full wp-image-42011\" src=\"http:\/\/www.reconoce.mx\/wp-content\/uploads\/2015\/05\/la-ballesta.png\" alt=\"la-ballesta\" width=\"570\" height=\"70\" srcset=\"http:\/\/www.reconoce.mx\/wp-content\/uploads\/2015\/05\/la-ballesta.png 570w, http:\/\/www.reconoce.mx\/wp-content\/uploads\/2015\/05\/la-ballesta-300x37.png 300w, http:\/\/www.reconoce.mx\/wp-content\/uploads\/2015\/05\/la-ballesta-150x18.png 150w\" sizes=\"auto, (max-width: 570px) 100vw, 570px\" \/><\/a><strong> Por <a title=\"@AsfaltosTweets\" href=\"http:\/\/twitter.com\/AsfaltosTweets\" target=\"_blank\">Asfaltos<\/a><\/strong>.<\/p>\n<p>La discusi\u00f3n sigue ah\u00ed, y seguir\u00e1 -siento yo- hasta que veamos lo que <strong>Disney<\/strong> ha planeado en conjunto para la nueva trilog\u00eda de <strong>Star Wars<\/strong> a partir del siguiente episodio. \u00bfEs \u201cStar Wars: Episodio VII \u2013 El despertar de la Fuerza\u201d una calca de lo que como fans ya hab\u00edamos experimentado, o fue un riesgo calculado y necesario para de ah\u00ed finalmente saltar a algo ahora s\u00ed mucho m\u00e1s arriesgado y novedoso? Al final, para una producci\u00f3n del tama\u00f1o de \u00e9sta, la respuesta necesariamente deber\u00eda analizarse en un principio desde un punto de vista econ\u00f3mico, donde cada movimiento significa cifras m\u00e1s o menos en la cantidad de dinero a recibirse.<\/p>\n<p><img loading=\"lazy\" decoding=\"async\" class=\"aligncenter size-full wp-image-49427\" src=\"http:\/\/www.reconoce.mx\/wp-content\/uploads\/2016\/07\/808164-architecture-cities-future-naboo-star-wars-the-phantom-menace.jpg\" alt=\"808164-architecture-cities-future-naboo-star-wars-the-phantom-menace\" width=\"2560\" height=\"1600\" srcset=\"http:\/\/www.reconoce.mx\/wp-content\/uploads\/2016\/07\/808164-architecture-cities-future-naboo-star-wars-the-phantom-menace.jpg 2560w, http:\/\/www.reconoce.mx\/wp-content\/uploads\/2016\/07\/808164-architecture-cities-future-naboo-star-wars-the-phantom-menace-300x188.jpg 300w, http:\/\/www.reconoce.mx\/wp-content\/uploads\/2016\/07\/808164-architecture-cities-future-naboo-star-wars-the-phantom-menace-768x480.jpg 768w, http:\/\/www.reconoce.mx\/wp-content\/uploads\/2016\/07\/808164-architecture-cities-future-naboo-star-wars-the-phantom-menace-1024x640.jpg 1024w, http:\/\/www.reconoce.mx\/wp-content\/uploads\/2016\/07\/808164-architecture-cities-future-naboo-star-wars-the-phantom-menace-320x200.jpg 320w, http:\/\/www.reconoce.mx\/wp-content\/uploads\/2016\/07\/808164-architecture-cities-future-naboo-star-wars-the-phantom-menace-150x94.jpg 150w, http:\/\/www.reconoce.mx\/wp-content\/uploads\/2016\/07\/808164-architecture-cities-future-naboo-star-wars-the-phantom-menace-700x438.jpg 700w, http:\/\/www.reconoce.mx\/wp-content\/uploads\/2016\/07\/808164-architecture-cities-future-naboo-star-wars-the-phantom-menace-658x411.jpg 658w\" sizes=\"auto, (max-width: 2560px) 100vw, 2560px\" \/><\/p>\n<p>Sin embargo, al paso de los meses desde el estreno de la m\u00e1s reciente cinta de <strong>Star Wars<\/strong>, la discusi\u00f3n sobre la pel\u00edcula dirgida por el estadounidense <strong>J.J. Abrams<\/strong> contin\u00faa; y quiz\u00e1 con una ventaja, ya que los \u00e1nimos se van enfriando poco a poco para analizarla a la distancia de manera m\u00e1s detenida. Despu\u00e9s de ver \u201cStar Wars: Episodio VII \u2013 El despertar de la Fuerza\u201d por varias veces, tras el tremendo furor vivido por el <em>hype<\/em> acumulado, valdr\u00eda la pena observar de nuevo aciertos y errores de una cinta, que a pesar de todo, no dejar\u00e1 de ser el evento cinematogr\u00e1fico m\u00e1s importante de los \u00faltimos a\u00f1os por todo lo involucrado.<\/p>\n<p>Bien, pues hace unos d\u00edas una de las voces cercanas a <strong>George Lucas<\/strong> dio su punto de vista sobre \u201cStar Wars: Episodio VII \u2013 El despertar de la Fuerza\u201d, y hay que decir que caus\u00f3 una vez m\u00e1s revuelo y no pocas discusiones. Los \u00e1nimos siguen calientes, pero eso lo calcul\u00f3 con destreza un <strong>James Cameron<\/strong> que sin embargo no se guard\u00f3 su principal cr\u00edtica sobre la primer cinta de la saga gal\u00e1ctica producida por <strong>Disney<\/strong>. La cr\u00edtica, ojo, a mi parecer resulta constructiva y acertada.<\/p>\n<p>En una entrevista descubierta hace unos d\u00edas en <strong>YouTube<\/strong>, a pregunta expresa se le pide a Cameron su opini\u00f3n sobre la nueva pel\u00edcula, a lo que el director de cintas como \u00abTerminator\u00bb, \u00abTitanic\u00bb y \u00abAvatar\u00bb, confes\u00f3: \u00abGeorge Lucas es un amigo m\u00edo, y \u00e9l y yo est\u00e1bamos teniendo una buena conversaci\u00f3n el otro d\u00eda sobre ello. No quiero decir demasiado sobre la pel\u00edcula porque yo tambi\u00e9n tengo un gran respeto por <strong>J. J. Abrams<\/strong>, y quiero ver hacia d\u00f3nde la est\u00e1 llevando, para ver lo que est\u00e1 haciendo con ella. Tengo que decir que sent\u00ed que ese grupo de seis pel\u00edculas de George ten\u00eda una imaginaci\u00f3n visual m\u00e1s innovadora, y esta pel\u00edcula era m\u00e1s una reducci\u00f3n de cosas que ya hab\u00edas visto antes, y personajes que hab\u00edas visto antes, y dio unos pasos de beb\u00e9 hacia adelante con nuevos personajes. Para m\u00ed el jurado sigue todav\u00eda fuera, quiero ver a d\u00f3nde van con \u00e9l\u00bb.<\/p>\n<p><iframe loading=\"lazy\" src=\"https:\/\/www.youtube.com\/embed\/fJKtPJk3b2M?rel=0\" width=\"590\" height=\"332\" frameborder=\"0\" allowfullscreen=\"allowfullscreen\"><\/iframe><\/p>\n<p>Con titulares como \u00ab<a href=\"http:\/\/www.antena3.com\/se-estrena\/noticias\/actualidad\/james-cameron-confiesa-que-gusta-star-wars-despertar-fuerza-otras-tenian-mas-imaginacion_2016063000634.html\" target=\"_blank\">James Cameron confiesa que no le gusta &#8216;Star Wars: El Despertar de la Fuerza&#8217;: &#8216;Las otras ten\u00edan m\u00e1s imaginaci\u00f3n<\/a>&#8216;\u00bb y \u00ab<a href=\"http:\/\/www.20minutos.es\/noticia\/2785787\/0\/james-cameron-star-wars-despertar-fuerza-peor-pelicula\/\" target=\"_blank\">James Cameron dice que &#8216;Star Wars: El despertar de la Fuerza&#8217; es la peor pel\u00edcula de la saga<\/a>\u00ab, muchos medios y fan\u00e1ticos en la red exageraron las palabras de <strong>Cameron<\/strong> quien en ning\u00fan momento expres\u00f3 de manera t\u00e1cita que no hab\u00eda imaginaci\u00f3n en la pel\u00edcula, ni mucho menos que la hab\u00eda odiado o que era la peor de la saga. Su cr\u00edtica, exclusivamente, se centr\u00f3 en el aspecto visual de la nueva pel\u00edcula, algo que resulta evidente a todas luces. Cierto, el comentario del director dej\u00f3 entrever una m\u00e1s amplia opini\u00f3n de \u00e9l sobre la nueva pel\u00edcula; pero por favor, no pongamos palabras en su boca que jam\u00e1s dijo.<\/p>\n<p><iframe loading=\"lazy\" src=\"https:\/\/player.vimeo.com\/video\/160504168?title=0&amp;byline=0&amp;portrait=0\" width=\"590\" height=\"117\" frameborder=\"0\" allowfullscreen=\"allowfullscreen\"><\/iframe><\/p>\n<p>Analizando el aspecto visual de \u00abStar Wars: El despertar de la Fuerza\u00bb, es claro encontrarnos con que \u00e9ste es evidentemente una respuesta a las cr\u00edticas ejercidas al propio <strong>George Lucas<\/strong> en lo que intent\u00f3 en su trilog\u00eda de precuelas. Y es que a pesar de que en aquellas pel\u00edculas Lucas tambi\u00e9n hizo gui\u00f1os a su primera trilog\u00eda, basta con observar el siguiente video para percatarse el intento que \u00e9ste hizo por aprovechar la tecnolog\u00eda a su disposici\u00f3n y lograr as\u00ed un salto visual con respecto a los anteriores. Claro, a nivel narrativo parece bastante inconsistente con el hecho de que las precuelas retratan un tiempo anterior al de la trilog\u00eda original, y desde luego se puede argumentar que todo lo que envolvi\u00f3 a lo visual no fue bien ejecutado; pero de que Lucas sigui\u00f3 siendo congruente con sus ganas por innovar, de eso no hay mayor discusi\u00f3n.<\/p>\n<p><iframe loading=\"lazy\" src=\"https:\/\/player.vimeo.com\/video\/137711830?title=0&amp;byline=0&amp;portrait=0\" width=\"590\" height=\"332\" frameborder=\"0\" allowfullscreen=\"allowfullscreen\"><\/iframe><\/p>\n<p>En el m\u00e1s reciente video producido por <strong>Everything is a Remix<\/strong> -proyecto del que pueden leer <a href=\"http:\/\/everythingisaremix.info\/\" target=\"_blank\">aqu\u00ed<\/a>-, se toc\u00f3 el tema de los paralelismos entre \u00abStar Wars: El despertar de la Fuerza\u00bb y las seis anteriores cintas de la saga. El remix, se nos explica, es el m\u00e9todo de copiar, transformar y combinar materiales existentes para producir algo nuevo. \u00ab<strong>J. J. Abrams<\/strong> est\u00e1 muy familiarizado con el concepto de remezcla, pero es un tipo diferente de remezclador a lo que era <strong>George Lucas<\/strong>. Lucas tend\u00eda a copiar escenas y disparos, mientras que Abrams tiende a copiar los principales elementos de la historia. Esto es algo que ha hecho desde el principio de su carrera\u00bb, se escucha en el video.<\/p>\n<p>El comentario contin\u00faa, pues se destaca que elementos clave de la primer \u00abStar Wars\u00bb fueron remezclados. Se enlistan, por ejemplo, elementos en el gui\u00f3n como el hecho de que se deba encontrar un viejo Jedi, que un droide transporte informaci\u00f3n clave, que ese mismo droide sea encontrado por un hu\u00e9rfano, que los soldados imperiales busquen y maten a inocentes, que exista un escape en el <strong>Millenium Falcon<\/strong>, la relaci\u00f3n del hu\u00e9rfano con un anciano y la confrontaci\u00f3n de <strong>Han Solo<\/strong> con viejos acreedores. El video, que pueden ver por su propia cuenta a continuaci\u00f3n, examina otras similitudes que ejemplifican muy bien a lo que se refer\u00eda <strong>James Cameron<\/strong>: se trata de un trabajo que copia mucho y que transforma poco, pero no por falta de habilidad, sino por una decisi\u00f3n muy bien pensada de los creadores. El video, para ser m\u00e1s contundente, encierra en la siguiente frase una gran verdad: \u00abPor eso cada vez m\u00e1s de los mejores \u00e9xitos de Hollywood son nuevas versiones de viejas historias\u00bb.<\/p>\n<p><iframe loading=\"lazy\" src=\"https:\/\/player.vimeo.com\/video\/167069783?title=0&amp;byline=0&amp;portrait=0&amp;badge=0\" width=\"590\" height=\"332\" frameborder=\"0\" allowfullscreen=\"allowfullscreen\"><\/iframe><\/p>\n<p>La cr\u00edtica constructiva de <strong>James Cameron<\/strong> habr\u00e1 que esperar si no se apaga con el siguiente episodio, el 8, que deber\u00eda ser un salto hacia adelante despu\u00e9s de sentadas las bases para un nuevo universo para una nueva generaci\u00f3n. Lejos de verse como una queja del indudablemente exitoso director, hay que abrir muy bien los ojos y ver lo que hay detr\u00e1s del comentario, y por qu\u00e9 no apreciar mejor el \u00faltimo trabajo que <strong>George Lucas<\/strong> dej\u00f3 para los millones de seguidores de la saga. Como <a href=\"http:\/\/www.puentes.me\/episodio\/alianza\/tata_quigon\" target=\"_blank\">comentan los amigos de \u00abAlianza rebelde\u00bb de<\/a> <strong>Puentes<\/strong>, quiz\u00e1 a 20 a\u00f1os de las precuelas se pueda dar una necesaria revisi\u00f3n de \u00e9stas, para ahora s\u00ed verle las virtudes que evidentemente tambi\u00e9n tienen.<\/p>\n<p>RUGIDO DE LA SEMANA: En sinton\u00eda con mi columna, hace poco m\u00e1s de un mes le\u00ed un texto que me llam\u00f3 poderosamente la atenci\u00f3n. La gente de <strong>Tomatazos<\/strong> destcaba que la cinta <a href=\"http:\/\/www.tomatazos.com\/noticias\/178510\/Zootopia-La-segunda-pelicula-original-mas-grande-de-todos-los-tiempos\" target=\"_blank\">\u00abZootopia\u00bb era la segunda cinta \u00aboriginal\u00bb m\u00e1s grande de los \u00faltimos a\u00f1os<\/a>. \u00bf\u00c9sto qu\u00e9 significa? Que 8 de las 10 pel\u00edculas m\u00e1s exitosas de todos los tiempos&#8230; no son originales. Es decir, \u00a1esp\u00e9rense para m\u00e1s secuelas y remakes! Hasta que no nos cansemos de esa f\u00f3rmula econ\u00f3mica exitosa, las cosas no van a cambiar en la industria, y as\u00ed lo veremos en los pr\u00f3ximos a\u00f1os con pel\u00edculas como la nueva \u00ab<a href=\"http:\/\/latam.ign.com\/kong-skull-island\/27012\/news\/kong-skull-island-presentara-al-king-kong-mas-grande-que-hay\" target=\"_blank\">King Kong<\/a>\u00ab, la pr\u00f3xima \u00ab<a href=\"http:\/\/www.ew.com\/article\/2016\/06\/22\/power-rangers-reboot-teaser-poster\" target=\"_blank\">Power Rangers<\/a>\u00bb y la nueva y cuarta \u00ab<a href=\"http:\/\/www.diariouno.com.ar\/espectaculos\/toy-story-4-el-director-buscando-dory-habla-pelicula-20160624-n970052\" target=\"_blank\">Toy Story<\/a>\u00ab, por mencionar algunas&#8230;<\/p>\n<blockquote><p><a href=\"http:\/\/www.reconoce.mx\/wp-content\/uploads\/2016\/03\/968932_515227815190918_654397283_n-e1459260491114.jpg\"><img loading=\"lazy\" decoding=\"async\" class=\"alignleft size-thumbnail wp-image-39872\" src=\"http:\/\/www.reconoce.mx\/wp-content\/uploads\/2016\/03\/968932_515227815190918_654397283_n-e1459260491114.jpg\" alt=\"IMG_5743\" width=\"150\" height=\"150\" \/><\/a><strong>Asfaltos<\/strong>. Sobrevivo en una ciudad junto a millones de personas. \u00bfMexique\u00f1o? Me enamoro r\u00e1pido y olvido dif\u00edcilmente. Amo la m\u00fasica, el cine, los c\u00f3mics, las mujeres y -\u00faltimamente gracias a los servicios de <em>streaming<\/em>&#8211; las series tambi\u00e9n. Vivo la vida a trav\u00e9s de letras y melod\u00edas. M\u00fasico frustrado. Me pueden encontrar escuchando U2, Radiohead y Coldplay; as\u00ed como Grand Funk Railroad, Styx y Eric Burdon; Chetes, Jumbo y Siddhartha; y hasta Jesse &amp; Joy, Silverio y Aleks Syntek. Batman y Star Wars mis pasiones; tambi\u00e9n el Cruz Azul, pero ya saben&#8230; subcampeon\u00edsimo. Sobreviviente y n\u00e1ufrago; ermita\u00f1o que odia la soledad.<\/p><\/blockquote>\n<p>&nbsp;<\/p>\n<p>&nbsp;<\/p>\n","protected":false},"excerpt":{"rendered":"<p>La discusi\u00f3n sigue ah\u00ed, y seguir\u00e1 -siento yo- hasta que veamos lo que Disney ha planeado en conjunto para la nueva trilog\u00eda de Star Wars a partir del siguiente episodio.<\/p>\n","protected":false},"author":2,"featured_media":49421,"comment_status":"open","ping_status":"open","sticky":false,"template":"","format":"standard","meta":{"footnotes":""},"categories":[16,2602,17],"tags":[],"class_list":["post-49388","post","type-post","status-publish","format-standard","has-post-thumbnail","hentry","category-columnistas","category-la-ballesta-de-mascatabaco","category-principal"],"yoast_head":"<!-- This site is optimized with the Yoast SEO plugin v24.7 - https:\/\/yoast.com\/wordpress\/plugins\/seo\/ -->\n<title>James Cameron y su cr\u00edtica constructiva a &quot;El despertar de la fuerza&quot; &#171; Reconoce MX<\/title>\n<meta name=\"robots\" content=\"index, follow, max-snippet:-1, max-image-preview:large, max-video-preview:-1\" \/>\n<link rel=\"canonical\" href=\"https:\/\/www.reconoce.mx\/?p=49388\" \/>\n<meta property=\"og:locale\" content=\"es_ES\" \/>\n<meta property=\"og:type\" content=\"article\" \/>\n<meta property=\"og:title\" content=\"James Cameron y su cr\u00edtica constructiva a &quot;El despertar de la fuerza&quot; &#171; Reconoce MX\" \/>\n<meta property=\"og:description\" content=\"La discusi\u00f3n sigue ah\u00ed, y seguir\u00e1 -siento yo- hasta que veamos lo que Disney ha planeado en conjunto para la nueva trilog\u00eda de Star Wars a partir del siguiente episodio.\" \/>\n<meta property=\"og:url\" content=\"https:\/\/www.reconoce.mx\/?p=49388\" \/>\n<meta property=\"og:site_name\" content=\"Reconoce MX\" \/>\n<meta property=\"article:publisher\" content=\"https:\/\/es-la.facebook.com\/ReconoceMX\/\" \/>\n<meta property=\"article:published_time\" content=\"2016-07-04T05:03:18+00:00\" \/>\n<meta property=\"article:modified_time\" content=\"2016-07-04T18:09:24+00:00\" \/>\n<meta property=\"og:image\" content=\"https:\/\/www.reconoce.mx\/wp-content\/uploads\/2016\/07\/starwars-cover.png\" \/>\n\t<meta property=\"og:image:width\" content=\"590\" \/>\n\t<meta property=\"og:image:height\" content=\"380\" \/>\n\t<meta property=\"og:image:type\" content=\"image\/png\" \/>\n<meta name=\"author\" content=\"Reconoce MX\" \/>\n<meta name=\"twitter:card\" content=\"summary_large_image\" \/>\n<meta name=\"twitter:creator\" content=\"@reconocemx\" \/>\n<meta name=\"twitter:site\" content=\"@reconocemx\" \/>\n<meta name=\"twitter:label1\" content=\"Escrito por\" \/>\n\t<meta name=\"twitter:data1\" content=\"Reconoce MX\" \/>\n\t<meta name=\"twitter:label2\" content=\"Tiempo de lectura\" \/>\n\t<meta name=\"twitter:data2\" content=\"7 minutos\" \/>\n<script type=\"application\/ld+json\" class=\"yoast-schema-graph\">{\"@context\":\"https:\/\/schema.org\",\"@graph\":[{\"@type\":\"Article\",\"@id\":\"https:\/\/www.reconoce.mx\/?p=49388#article\",\"isPartOf\":{\"@id\":\"https:\/\/www.reconoce.mx\/?p=49388\"},\"author\":{\"name\":\"Reconoce MX\",\"@id\":\"http:\/\/www.reconoce.mx\/#\/schema\/person\/2117e997d7051dc15d6880eaf9bca0b2\"},\"headline\":\"James Cameron y su cr\u00edtica constructiva a \u00abEl despertar de la fuerza\u00bb\",\"datePublished\":\"2016-07-04T05:03:18+00:00\",\"dateModified\":\"2016-07-04T18:09:24+00:00\",\"mainEntityOfPage\":{\"@id\":\"https:\/\/www.reconoce.mx\/?p=49388\"},\"wordCount\":1501,\"commentCount\":0,\"publisher\":{\"@id\":\"http:\/\/www.reconoce.mx\/#organization\"},\"image\":{\"@id\":\"https:\/\/www.reconoce.mx\/?p=49388#primaryimage\"},\"thumbnailUrl\":\"http:\/\/www.reconoce.mx\/wp-content\/uploads\/2016\/07\/starwars-cover.png\",\"articleSection\":[\"Columnistas\",\"La ballesta de Mascatabaco\",\"Principal\"],\"inLanguage\":\"es\",\"potentialAction\":[{\"@type\":\"CommentAction\",\"name\":\"Comment\",\"target\":[\"https:\/\/www.reconoce.mx\/?p=49388#respond\"]}]},{\"@type\":\"WebPage\",\"@id\":\"https:\/\/www.reconoce.mx\/?p=49388\",\"url\":\"https:\/\/www.reconoce.mx\/?p=49388\",\"name\":\"James Cameron y su cr\u00edtica constructiva a \\\"El despertar de la fuerza\\\" &#171; Reconoce MX\",\"isPartOf\":{\"@id\":\"http:\/\/www.reconoce.mx\/#website\"},\"primaryImageOfPage\":{\"@id\":\"https:\/\/www.reconoce.mx\/?p=49388#primaryimage\"},\"image\":{\"@id\":\"https:\/\/www.reconoce.mx\/?p=49388#primaryimage\"},\"thumbnailUrl\":\"http:\/\/www.reconoce.mx\/wp-content\/uploads\/2016\/07\/starwars-cover.png\",\"datePublished\":\"2016-07-04T05:03:18+00:00\",\"dateModified\":\"2016-07-04T18:09:24+00:00\",\"breadcrumb\":{\"@id\":\"https:\/\/www.reconoce.mx\/?p=49388#breadcrumb\"},\"inLanguage\":\"es\",\"potentialAction\":[{\"@type\":\"ReadAction\",\"target\":[\"https:\/\/www.reconoce.mx\/?p=49388\"]}]},{\"@type\":\"ImageObject\",\"inLanguage\":\"es\",\"@id\":\"https:\/\/www.reconoce.mx\/?p=49388#primaryimage\",\"url\":\"http:\/\/www.reconoce.mx\/wp-content\/uploads\/2016\/07\/starwars-cover.png\",\"contentUrl\":\"http:\/\/www.reconoce.mx\/wp-content\/uploads\/2016\/07\/starwars-cover.png\",\"width\":590,\"height\":380},{\"@type\":\"BreadcrumbList\",\"@id\":\"https:\/\/www.reconoce.mx\/?p=49388#breadcrumb\",\"itemListElement\":[{\"@type\":\"ListItem\",\"position\":1,\"name\":\"Portada\",\"item\":\"http:\/\/www.reconoce.mx\/\"},{\"@type\":\"ListItem\",\"position\":2,\"name\":\"James Cameron y su cr\u00edtica constructiva a \u00abEl despertar de la fuerza\u00bb\"}]},{\"@type\":\"WebSite\",\"@id\":\"http:\/\/www.reconoce.mx\/#website\",\"url\":\"http:\/\/www.reconoce.mx\/\",\"name\":\"Reconoce MX\",\"description\":\"En Reconoce MX difundimos arte, cultura y conciencia social en M\u00e9xico. Tu ciudad en otra perspectiva.\",\"publisher\":{\"@id\":\"http:\/\/www.reconoce.mx\/#organization\"},\"potentialAction\":[{\"@type\":\"SearchAction\",\"target\":{\"@type\":\"EntryPoint\",\"urlTemplate\":\"http:\/\/www.reconoce.mx\/?s={search_term_string}\"},\"query-input\":{\"@type\":\"PropertyValueSpecification\",\"valueRequired\":true,\"valueName\":\"search_term_string\"}}],\"inLanguage\":\"es\"},{\"@type\":\"Organization\",\"@id\":\"http:\/\/www.reconoce.mx\/#organization\",\"name\":\"Reconoce MX\",\"url\":\"http:\/\/www.reconoce.mx\/\",\"logo\":{\"@type\":\"ImageObject\",\"inLanguage\":\"es\",\"@id\":\"http:\/\/www.reconoce.mx\/#\/schema\/logo\/image\/\",\"url\":\"https:\/\/www.reconoce.mx\/wp-content\/uploads\/2019\/03\/logorcmx-good-1.png\",\"contentUrl\":\"https:\/\/www.reconoce.mx\/wp-content\/uploads\/2019\/03\/logorcmx-good-1.png\",\"width\":280,\"height\":90,\"caption\":\"Reconoce MX\"},\"image\":{\"@id\":\"http:\/\/www.reconoce.mx\/#\/schema\/logo\/image\/\"},\"sameAs\":[\"https:\/\/es-la.facebook.com\/ReconoceMX\/\",\"https:\/\/x.com\/reconocemx\",\"http:\/\/@reconocemx\"]},{\"@type\":\"Person\",\"@id\":\"http:\/\/www.reconoce.mx\/#\/schema\/person\/2117e997d7051dc15d6880eaf9bca0b2\",\"name\":\"Reconoce MX\",\"image\":{\"@type\":\"ImageObject\",\"inLanguage\":\"es\",\"@id\":\"http:\/\/www.reconoce.mx\/#\/schema\/person\/image\/\",\"url\":\"https:\/\/secure.gravatar.com\/avatar\/6c8d4dc7569ca1c90c5fdcc349f839d5ddef6fe1e70b4337ead2ef1a4c43fc3a?s=96&d=identicon&r=g\",\"contentUrl\":\"https:\/\/secure.gravatar.com\/avatar\/6c8d4dc7569ca1c90c5fdcc349f839d5ddef6fe1e70b4337ead2ef1a4c43fc3a?s=96&d=identicon&r=g\",\"caption\":\"Reconoce MX\"},\"description\":\"Reconoce MX es un proyecto de difusi\u00f3n art\u00edstica, cultural y de conciencia social que est\u00e1 enfocado a difundir y fomentar el entretenimiento alternativo de calidad para todo el p\u00fablico que comparta el mismo entusiasmo.\",\"sameAs\":[\"http:\/\/www.reconoce.mx\"],\"url\":\"http:\/\/www.reconoce.mx\/?author=2\"}]}<\/script>\n<!-- \/ Yoast SEO plugin. -->","yoast_head_json":{"title":"James Cameron y su cr\u00edtica constructiva a \"El despertar de la fuerza\" &#171; Reconoce MX","robots":{"index":"index","follow":"follow","max-snippet":"max-snippet:-1","max-image-preview":"max-image-preview:large","max-video-preview":"max-video-preview:-1"},"canonical":"https:\/\/www.reconoce.mx\/?p=49388","og_locale":"es_ES","og_type":"article","og_title":"James Cameron y su cr\u00edtica constructiva a \"El despertar de la fuerza\" &#171; Reconoce MX","og_description":"La discusi\u00f3n sigue ah\u00ed, y seguir\u00e1 -siento yo- hasta que veamos lo que Disney ha planeado en conjunto para la nueva trilog\u00eda de Star Wars a partir del siguiente episodio.","og_url":"https:\/\/www.reconoce.mx\/?p=49388","og_site_name":"Reconoce MX","article_publisher":"https:\/\/es-la.facebook.com\/ReconoceMX\/","article_published_time":"2016-07-04T05:03:18+00:00","article_modified_time":"2016-07-04T18:09:24+00:00","og_image":[{"width":590,"height":380,"url":"https:\/\/www.reconoce.mx\/wp-content\/uploads\/2016\/07\/starwars-cover.png","type":"image\/png"}],"author":"Reconoce MX","twitter_card":"summary_large_image","twitter_creator":"@reconocemx","twitter_site":"@reconocemx","twitter_misc":{"Escrito por":"Reconoce MX","Tiempo de lectura":"7 minutos"},"schema":{"@context":"https:\/\/schema.org","@graph":[{"@type":"Article","@id":"https:\/\/www.reconoce.mx\/?p=49388#article","isPartOf":{"@id":"https:\/\/www.reconoce.mx\/?p=49388"},"author":{"name":"Reconoce MX","@id":"http:\/\/www.reconoce.mx\/#\/schema\/person\/2117e997d7051dc15d6880eaf9bca0b2"},"headline":"James Cameron y su cr\u00edtica constructiva a \u00abEl despertar de la fuerza\u00bb","datePublished":"2016-07-04T05:03:18+00:00","dateModified":"2016-07-04T18:09:24+00:00","mainEntityOfPage":{"@id":"https:\/\/www.reconoce.mx\/?p=49388"},"wordCount":1501,"commentCount":0,"publisher":{"@id":"http:\/\/www.reconoce.mx\/#organization"},"image":{"@id":"https:\/\/www.reconoce.mx\/?p=49388#primaryimage"},"thumbnailUrl":"http:\/\/www.reconoce.mx\/wp-content\/uploads\/2016\/07\/starwars-cover.png","articleSection":["Columnistas","La ballesta de Mascatabaco","Principal"],"inLanguage":"es","potentialAction":[{"@type":"CommentAction","name":"Comment","target":["https:\/\/www.reconoce.mx\/?p=49388#respond"]}]},{"@type":"WebPage","@id":"https:\/\/www.reconoce.mx\/?p=49388","url":"https:\/\/www.reconoce.mx\/?p=49388","name":"James Cameron y su cr\u00edtica constructiva a \"El despertar de la fuerza\" &#171; Reconoce MX","isPartOf":{"@id":"http:\/\/www.reconoce.mx\/#website"},"primaryImageOfPage":{"@id":"https:\/\/www.reconoce.mx\/?p=49388#primaryimage"},"image":{"@id":"https:\/\/www.reconoce.mx\/?p=49388#primaryimage"},"thumbnailUrl":"http:\/\/www.reconoce.mx\/wp-content\/uploads\/2016\/07\/starwars-cover.png","datePublished":"2016-07-04T05:03:18+00:00","dateModified":"2016-07-04T18:09:24+00:00","breadcrumb":{"@id":"https:\/\/www.reconoce.mx\/?p=49388#breadcrumb"},"inLanguage":"es","potentialAction":[{"@type":"ReadAction","target":["https:\/\/www.reconoce.mx\/?p=49388"]}]},{"@type":"ImageObject","inLanguage":"es","@id":"https:\/\/www.reconoce.mx\/?p=49388#primaryimage","url":"http:\/\/www.reconoce.mx\/wp-content\/uploads\/2016\/07\/starwars-cover.png","contentUrl":"http:\/\/www.reconoce.mx\/wp-content\/uploads\/2016\/07\/starwars-cover.png","width":590,"height":380},{"@type":"BreadcrumbList","@id":"https:\/\/www.reconoce.mx\/?p=49388#breadcrumb","itemListElement":[{"@type":"ListItem","position":1,"name":"Portada","item":"http:\/\/www.reconoce.mx\/"},{"@type":"ListItem","position":2,"name":"James Cameron y su cr\u00edtica constructiva a \u00abEl despertar de la fuerza\u00bb"}]},{"@type":"WebSite","@id":"http:\/\/www.reconoce.mx\/#website","url":"http:\/\/www.reconoce.mx\/","name":"Reconoce MX","description":"En Reconoce MX difundimos arte, cultura y conciencia social en M\u00e9xico. Tu ciudad en otra perspectiva.","publisher":{"@id":"http:\/\/www.reconoce.mx\/#organization"},"potentialAction":[{"@type":"SearchAction","target":{"@type":"EntryPoint","urlTemplate":"http:\/\/www.reconoce.mx\/?s={search_term_string}"},"query-input":{"@type":"PropertyValueSpecification","valueRequired":true,"valueName":"search_term_string"}}],"inLanguage":"es"},{"@type":"Organization","@id":"http:\/\/www.reconoce.mx\/#organization","name":"Reconoce MX","url":"http:\/\/www.reconoce.mx\/","logo":{"@type":"ImageObject","inLanguage":"es","@id":"http:\/\/www.reconoce.mx\/#\/schema\/logo\/image\/","url":"https:\/\/www.reconoce.mx\/wp-content\/uploads\/2019\/03\/logorcmx-good-1.png","contentUrl":"https:\/\/www.reconoce.mx\/wp-content\/uploads\/2019\/03\/logorcmx-good-1.png","width":280,"height":90,"caption":"Reconoce MX"},"image":{"@id":"http:\/\/www.reconoce.mx\/#\/schema\/logo\/image\/"},"sameAs":["https:\/\/es-la.facebook.com\/ReconoceMX\/","https:\/\/x.com\/reconocemx","http:\/\/@reconocemx"]},{"@type":"Person","@id":"http:\/\/www.reconoce.mx\/#\/schema\/person\/2117e997d7051dc15d6880eaf9bca0b2","name":"Reconoce MX","image":{"@type":"ImageObject","inLanguage":"es","@id":"http:\/\/www.reconoce.mx\/#\/schema\/person\/image\/","url":"https:\/\/secure.gravatar.com\/avatar\/6c8d4dc7569ca1c90c5fdcc349f839d5ddef6fe1e70b4337ead2ef1a4c43fc3a?s=96&d=identicon&r=g","contentUrl":"https:\/\/secure.gravatar.com\/avatar\/6c8d4dc7569ca1c90c5fdcc349f839d5ddef6fe1e70b4337ead2ef1a4c43fc3a?s=96&d=identicon&r=g","caption":"Reconoce MX"},"description":"Reconoce MX es un proyecto de difusi\u00f3n art\u00edstica, cultural y de conciencia social que est\u00e1 enfocado a difundir y fomentar el entretenimiento alternativo de calidad para todo el p\u00fablico que comparta el mismo entusiasmo.","sameAs":["http:\/\/www.reconoce.mx"],"url":"http:\/\/www.reconoce.mx\/?author=2"}]}},"_links":{"self":[{"href":"http:\/\/www.reconoce.mx\/index.php?rest_route=\/wp\/v2\/posts\/49388","targetHints":{"allow":["GET"]}}],"collection":[{"href":"http:\/\/www.reconoce.mx\/index.php?rest_route=\/wp\/v2\/posts"}],"about":[{"href":"http:\/\/www.reconoce.mx\/index.php?rest_route=\/wp\/v2\/types\/post"}],"author":[{"embeddable":true,"href":"http:\/\/www.reconoce.mx\/index.php?rest_route=\/wp\/v2\/users\/2"}],"replies":[{"embeddable":true,"href":"http:\/\/www.reconoce.mx\/index.php?rest_route=%2Fwp%2Fv2%2Fcomments&post=49388"}],"version-history":[{"count":11,"href":"http:\/\/www.reconoce.mx\/index.php?rest_route=\/wp\/v2\/posts\/49388\/revisions"}],"predecessor-version":[{"id":49430,"href":"http:\/\/www.reconoce.mx\/index.php?rest_route=\/wp\/v2\/posts\/49388\/revisions\/49430"}],"wp:featuredmedia":[{"embeddable":true,"href":"http:\/\/www.reconoce.mx\/index.php?rest_route=\/wp\/v2\/media\/49421"}],"wp:attachment":[{"href":"http:\/\/www.reconoce.mx\/index.php?rest_route=%2Fwp%2Fv2%2Fmedia&parent=49388"}],"wp:term":[{"taxonomy":"category","embeddable":true,"href":"http:\/\/www.reconoce.mx\/index.php?rest_route=%2Fwp%2Fv2%2Fcategories&post=49388"},{"taxonomy":"post_tag","embeddable":true,"href":"http:\/\/www.reconoce.mx\/index.php?rest_route=%2Fwp%2Fv2%2Ftags&post=49388"}],"curies":[{"name":"wp","href":"https:\/\/api.w.org\/{rel}","templated":true}]}}