{"id":49581,"date":"2016-07-11T00:06:12","date_gmt":"2016-07-11T05:06:12","guid":{"rendered":"http:\/\/www.reconoce.mx\/?p=49581"},"modified":"2016-07-11T17:48:49","modified_gmt":"2016-07-11T22:48:49","slug":"giff-adelanto-detalles-de-su-seleccion-oficial","status":"publish","type":"post","link":"http:\/\/www.reconoce.mx\/?p=49581","title":{"rendered":"GIFF adelant\u00f3 detalles de su Selecci\u00f3n Oficial"},"content":{"rendered":"<p><a href=\"http:\/\/www.reconoce.mx\/?s=giff\" target=\"_blank\"><img loading=\"lazy\" decoding=\"async\" class=\"aligncenter size-full wp-image-49587\" src=\"http:\/\/www.reconoce.mx\/wp-content\/uploads\/2016\/07\/unnamed.gif\" alt=\"unnamed\" width=\"728\" height=\"90\" \/><\/a><\/p>\n<p><strong>Por <a title=\"@AsfaltosTweets\" href=\"http:\/\/twitter.com\/AsfaltosTweets\" target=\"_blank\">Asfaltos<\/a><\/strong>.<\/p>\n<p>El d\u00eda de hoy se anuncian todos los detalles de la edici\u00f3n XIX del <strong>Festival Internacional de Cine Guanajuato<\/strong> (GIFF). Pero mientras nos enteramos de ellos, para ir calentando motores, se nos adelant\u00f3 la<strong> Selecci\u00f3n Oficial<\/strong> de \u00abLargometraje M\u00e9xico\u00bb, \u00abLargometraje Documental\u00bb y \u00abSelecci\u00f3n de Cortometrajes Mexicanos\u00bb.<\/p>\n<p><img loading=\"lazy\" decoding=\"async\" class=\"aligncenter size-full wp-image-49584\" src=\"http:\/\/www.reconoce.mx\/wp-content\/uploads\/2016\/07\/giff-impar.png\" alt=\"giff-impar\" width=\"590\" height=\"380\" srcset=\"http:\/\/www.reconoce.mx\/wp-content\/uploads\/2016\/07\/giff-impar.png 590w, http:\/\/www.reconoce.mx\/wp-content\/uploads\/2016\/07\/giff-impar-300x193.png 300w, http:\/\/www.reconoce.mx\/wp-content\/uploads\/2016\/07\/giff-impar-150x97.png 150w\" sizes=\"auto, (max-width: 590px) 100vw, 590px\" \/><\/p>\n<p>Para la <strong>Selecci\u00f3n Oficial<\/strong> \u00abLargometraje Mexicano\u00bb, se eligieron seis de las mejores pel\u00edculas de la cinematograf\u00eda nacional actual. Es as\u00ed que se eligieron \u00abLa caridad\u00bb de <strong>Marcelino Islas<\/strong>, que cuenya el drama de un matrimonio de 30 a\u00f1os que enfrenta la invalidez del esposo tras un fuerte accidente automovil\u00edstico; \u00abEpitafio\u00bb de <strong>Yulene Olaizola<\/strong> y <strong>Ruben Imaz<\/strong>, que acompa\u00f1a a tres conquistadores espa\u00f1oles del ej\u00e9rcito de Hern\u00e1n Cort\u00e9s quienes buscan llegar a la cima del Popocat\u00e9petl; \u00abSopladora de hojas\u00bb de <strong>Alejandro Gonz\u00e1lez Mendiz\u00e1bal<\/strong>, en la que tres j\u00f3venes tienen la tarea de encontrar un juego de llaves entre las hojas secas de un parque; \u00abMaquinar\u00eda panamericana\u00bb de <strong>Joaqu\u00edn del Paso<\/strong>, rodada en 35mm y estrenada en la edici\u00f3n 67 de la Berlinale; \u00abGringo\u00bb de <strong>Jos\u00e9 Luis Sol\u00eds<\/strong>, que retrata la vida y la violencia cotidiana de una familia de la frontera en M\u00e9xico; y \u00abDistancias cortas\u00bb de <strong>Alejandro Guzm\u00e1n<\/strong>, que nos cuenta la historia de Federico quien tras 10 a\u00f1os sin salir de su casa descubre su pasi\u00f3n por ver el mundo exterior.<\/p>\n<p>Como parte de la <strong>Selecci\u00f3n Oficial<\/strong> \u00abLargometraje Documental\u00bb, se presentar\u00e1n \u00abPlaza de la Soledad\u00bb de la reconocida fot\u00f3grafa <strong>Maya Goded<\/strong>, que narra las historia \u00edntimas de varias mujeres que han pasado sus vidas trabajando en la prostituci\u00f3n; \u00abResurrecci\u00f3n\u00bb de <strong>Eugenio Polgovsky<\/strong>, que toca la historia de las cascadas del Salto de Juanacatl\u00e1n que ha pasado a ser una de las zonas m\u00e1s contaminados del pa\u00eds; \u00abEl charro de Toluqilla\u00bb de <strong>Jos\u00e9 Villalobos<\/strong>, que cuenta la historia del\u00a0cantante vern\u00e1culo portador de VIH, <strong>Jaime Garc\u00eda<\/strong>; \u00abEl chico de Oklahoma\u00bb de <strong>Julio Carlos Ramos<\/strong>, que nos hace parte de la vida de <strong>Ando McLauchlin<\/strong>, artista pl\u00e1stico que estableci\u00f3 una galer\u00eda de arte en medio del desierto; \u00abThe Weekend Sailor\u201d de <strong>Bernardo Arsuaga<\/strong>, que nos presenta a Ram\u00f3n Carlin y su historia; \u00abLa Selva Negra\u00bb de <strong>Charles Fairbanks<\/strong> y <strong>Saul Kak<\/strong>, reci\u00e9n estrenada en <strong>Visions du R\u00e9el<\/strong>, y que plasma la vida moderna en la selva mexicana; y por \u00faltimo \u00abLa laguna\u00bb de <strong>Aaron Schock<\/strong>, estrenada y premiada en el festival <strong>Hot Docs<\/strong>.<\/p>\n<p><img loading=\"lazy\" decoding=\"async\" class=\"aligncenter size-full wp-image-49583\" src=\"http:\/\/www.reconoce.mx\/wp-content\/uploads\/2016\/07\/giff-guyfromoklahoma.png\" alt=\"giff-guyfromoklahoma\" width=\"590\" height=\"380\" srcset=\"http:\/\/www.reconoce.mx\/wp-content\/uploads\/2016\/07\/giff-guyfromoklahoma.png 590w, http:\/\/www.reconoce.mx\/wp-content\/uploads\/2016\/07\/giff-guyfromoklahoma-300x193.png 300w, http:\/\/www.reconoce.mx\/wp-content\/uploads\/2016\/07\/giff-guyfromoklahoma-150x97.png 150w\" sizes=\"auto, (max-width: 590px) 100vw, 590px\" \/><\/p>\n<p>En la <strong>Selecci\u00f3n Oficial<\/strong> de \u00abCortometrajes Mexicanos\u00bb se presentar\u00e1n trabajos de ficci\u00f3n, animaci\u00f3n y documental. la selecci\u00f3n est\u00e1 integrada por \u00ab13,500 volts\u00bb de <strong>M\u00f3nica Blumen<\/strong>; \u00ab24\u00b0 51\u2019 Latitud Norte\u00bb de <strong>Carlos Lenin<\/strong>; \u00abY sin embargo, se mueve\u00bb de Mois\u00e9s Aisenberg; \u00abEl tiempo pasa\u00bb de <strong>Eduardo Valenzuela<\/strong>; \u00abAurelia y Pedro\u00bb de <strong>Jos\u00e9 Permar<\/strong> y <strong>Omar Robles<\/strong>; \u00abLa boda de Baba\u00bb de <strong>Luc\u00eda Carreras<\/strong>; \u00abMuchacho en la azotea\u00bb de <strong>Juli\u00e1n Hern\u00e1ndez<\/strong>; \u00abCasucka\u00bb de <strong>Iv\u00e1n Puig<\/strong> y <strong>Dalia Huerta<\/strong>; \u00abChalma\u00bb de <strong>Miguel \u00c1ngel Fern\u00e1ndez<\/strong>; \u00abSangre alba\u00bb de <strong>David Zonana<\/strong>; \u00abDobro\u00bb de <strong>Martha Hernaiz<\/strong>; \u00abElevados\u00bb de <strong>Tania Diaz<\/strong>; \u00abVida diaria\u00bb de <strong>Arturo T\u00e9llez<\/strong>; \u00abFisuras\u00bb de <strong>Roberto Fiesco<\/strong>; \u00abHHL\u00bb de Alberto Ordaz; \u00abEspero que est\u00e9s bien\u00bb de <strong>Luc\u00eda D\u00edaz<\/strong>; \u00abEl ocaso\u00bb de <strong>Juan de Omar Deneb<\/strong>; \u00abMar\u00eda bonita\u00bb de <strong>Amanda de la Rosa<\/strong>; \u00abNeiwa\u00bb de<strong> Abraham Cruz Herrera<\/strong> y <strong>Javier V\u00e1zquez Cervantes<\/strong>; \u00abNunca m\u00e1s: la historia del News Divine\u00bb de <strong>Santiago Maza<\/strong>; \u00abTerry\u00bb de <strong>Ulises P\u00e9rez Mancilla<\/strong>; \u00abLos gatos\u00bb de <strong>Alejandro R\u00edos<\/strong>; \u00abEl buzo\u00bb de <strong>Esteban Arrangoiz<\/strong>; \u00abEl jard\u00edn de las delicias\u00bb de <strong>Alejandro Garc\u00eda<\/strong>; \u00abLa familia Hern\u00e1ndez\u00bb de <strong>Ana\u00efs Pareto<\/strong>; \u00abLa memoria de las tortugas\u00bb de <strong>Ben Guez<\/strong>; \u00abLa espera\u00bb de <strong>Juan Pablo Gonz\u00e1lez<\/strong>; \u00abHoy no es ma\u00f1ana\u00bb de <strong>Misael Alva<\/strong>; \u00abImpar\u00bb de <strong>Rafael Ruiz<\/strong> y \u00abNo est\u00e1s so\u00f1ando conmigo\u201d de <strong>Jorge Leyva Robles<\/strong>.<\/p>\n<p>Adem\u00e1s de esta selecci\u00f3n, como cada a\u00f1o, la <strong>Selecci\u00f3n Oficial Guanajuato<\/strong> cuenta con los m\u00e1s destacados cortometrajes tanto documentales como de ficci\u00f3n de esta regi\u00f3n. En esta XIX edici\u00f3n los siguientes cortometrajes son \u00abAbluciones\u00bb de <strong>Josu\u00e9 Enrique V\u00e1zquez Mej\u00eda<\/strong> y <strong>Manolo Tejeda<\/strong>; \u00abTodas esas peque\u00f1as cosas que ocultas\u00bb de <strong>Luisa J\u00e1uregui<\/strong>; \u00abAllegro scratch\u00bb de <strong>Jos\u00e9 Alberto Cerrillo<\/strong>; \u00abEl retrato de David\u00bb de <strong>Kristopher Alexander Torrealba Ramos<\/strong>; \u00abDrag\u00f3n\u00bb de <strong>Luigi Moreno Barrag\u00e1n<\/strong>; \u00abEl jard\u00edn\u00bb de <strong>Nicholas Bunch<\/strong> y<strong> Arcadia Hartung<\/strong>; \u00abEl nopal\u00bb de <strong>Karen Razo Vargas<\/strong>; \u00abLife\u00bb de <strong>Cesar Guevara<\/strong>; \u00abMateo\u00bb de <strong>Paloma Ordu\u00f1o<\/strong>; \u00abQualia\u00bb de <strong>Jesse Lupini<\/strong>; \u00abPerd\u00f3n\u00bb de <strong>Al Zaher<\/strong>; \u00abRiqueza espiritual: herencia de tejido y color\u00bb de <strong>Edgar Nito<\/strong>; \u00abDomingo\u00bb de <strong>Erika Oregel<\/strong>; \u00abTauromaquia\u00bb de <strong>Chrisitan Arredondo Narv\u00e1ez<\/strong>; \u00abEl juego\u00bb de <strong>Omar Alcala<\/strong>; \u00abLa querencia\u00bb de <strong>Erick Rodr\u00edguez Alonso<\/strong>; \u00abEl pastelito m\u00e1s triste del mundo\u00bb de <strong>Ashley Fell<\/strong> y \u00abLa camisa\u00bb de <strong>Arturo Pons<\/strong>.<\/p>\n<p><img loading=\"lazy\" decoding=\"async\" class=\"aligncenter size-full wp-image-49585\" src=\"http:\/\/www.reconoce.mx\/wp-content\/uploads\/2016\/07\/giff-resurreccion.png\" alt=\"giff-resurreccion\" width=\"590\" height=\"380\" srcset=\"http:\/\/www.reconoce.mx\/wp-content\/uploads\/2016\/07\/giff-resurreccion.png 590w, http:\/\/www.reconoce.mx\/wp-content\/uploads\/2016\/07\/giff-resurreccion-300x193.png 300w, http:\/\/www.reconoce.mx\/wp-content\/uploads\/2016\/07\/giff-resurreccion-150x97.png 150w\" sizes=\"auto, (max-width: 590px) 100vw, 590px\" \/><\/p>\n<p>Asimismo, como parte de las muestras especiales, se contar\u00e1 con los siguientes t\u00edtulos mexicanos: <strong>Muestra Especial Ni\u00f1os en Acci\u00f3n<\/strong>, \u00abUn caballo llamado elefante\u00bb de <strong>Andr\u00e9s Waissbluth<\/strong>; <strong>Muestra Especial Locura de Medianoche<\/strong>, \u00abM\u00e9nage \u00e0 trois\u00bb de <strong>Mart\u00edn Rom\u00e1n<\/strong>, \u00abRedenci\u00f3n\u00bb de <strong>Humberto Busto<\/strong> y \u00abEvaporaci\u00f3n\u00bb de <strong>Indra Villase\u00f1or<\/strong>; <strong>Muestras Especiales<\/strong>, \u00abRevoltoso\u00bb de <strong>Arturo \u00abVonno\u00bb Ambriz<\/strong>; \u00abAyotzinapa 26\u00bb, una antolog\u00eda de 26 cortos presentada por <strong>Amnist\u00eda Internacional<\/strong>, \u00abPanoramas\u00bb de <strong>Rodrigo Guardiola<\/strong> y <strong>Gabriel Cruz Rivas<\/strong>, \u00abTob\u00edas\u00bb de <strong>Francisca D\u00b4Acosta<\/strong> y \u00abClub Amazonas\u00bb de <strong>Roberto Fiesco<\/strong>.<\/p>\n<p>La d\u00e9cimo novena edici\u00f3n del <strong>Festival Internacional de Cine Guanajuato<\/strong> se realizar\u00e1 del 22 al 31 de julio, y contar\u00e1 con la presencia de Jap\u00f3n como pa\u00eds invitado de honor.<\/p>\n<p style=\"text-align: right;\">Con informaci\u00f3n e im\u00e1genes cortes\u00eda del<strong> Festival Internacional de Cine Guanajuato<\/strong>.<\/p>\n<p>&nbsp;<\/p>\n<p>&nbsp;<\/p>\n","protected":false},"excerpt":{"rendered":"<p>El d\u00eda de hoy se anuncian todos los detalles de la edici\u00f3n XIX del Festival Internacional de Cine Guanajuato (GIFF).<\/p>\n","protected":false},"author":2,"featured_media":49582,"comment_status":"open","ping_status":"open","sticky":false,"template":"","format":"standard","meta":{"footnotes":""},"categories":[24,1,17],"tags":[],"class_list":["post-49581","post","type-post","status-publish","format-standard","has-post-thumbnail","hentry","category-cine","category-cultura","category-principal"],"yoast_head":"<!-- This site is optimized with the Yoast SEO plugin v24.7 - https:\/\/yoast.com\/wordpress\/plugins\/seo\/ -->\n<title>GIFF adelant\u00f3 detalles de su Selecci\u00f3n Oficial &#171; Reconoce MX<\/title>\n<meta name=\"robots\" content=\"index, follow, max-snippet:-1, max-image-preview:large, max-video-preview:-1\" \/>\n<link rel=\"canonical\" href=\"https:\/\/www.reconoce.mx\/?p=49581\" \/>\n<meta property=\"og:locale\" content=\"es_ES\" \/>\n<meta property=\"og:type\" content=\"article\" \/>\n<meta property=\"og:title\" content=\"GIFF adelant\u00f3 detalles de su Selecci\u00f3n Oficial &#171; Reconoce MX\" \/>\n<meta property=\"og:description\" content=\"El d\u00eda de hoy se anuncian todos los detalles de la edici\u00f3n XIX del Festival Internacional de Cine Guanajuato (GIFF).\" \/>\n<meta property=\"og:url\" content=\"https:\/\/www.reconoce.mx\/?p=49581\" \/>\n<meta property=\"og:site_name\" content=\"Reconoce MX\" \/>\n<meta property=\"article:publisher\" content=\"https:\/\/es-la.facebook.com\/ReconoceMX\/\" \/>\n<meta property=\"article:published_time\" content=\"2016-07-11T05:06:12+00:00\" \/>\n<meta property=\"article:modified_time\" content=\"2016-07-11T22:48:49+00:00\" \/>\n<meta property=\"og:image\" content=\"https:\/\/www.reconoce.mx\/wp-content\/uploads\/2016\/07\/giff-mex.png\" \/>\n\t<meta property=\"og:image:width\" content=\"590\" \/>\n\t<meta property=\"og:image:height\" content=\"380\" \/>\n\t<meta property=\"og:image:type\" content=\"image\/png\" \/>\n<meta name=\"author\" content=\"Reconoce MX\" \/>\n<meta name=\"twitter:card\" content=\"summary_large_image\" \/>\n<meta name=\"twitter:creator\" content=\"@reconocemx\" \/>\n<meta name=\"twitter:site\" content=\"@reconocemx\" \/>\n<meta name=\"twitter:label1\" content=\"Escrito por\" \/>\n\t<meta name=\"twitter:data1\" content=\"Reconoce MX\" \/>\n\t<meta name=\"twitter:label2\" content=\"Tiempo de lectura\" \/>\n\t<meta name=\"twitter:data2\" content=\"5 minutos\" \/>\n<script type=\"application\/ld+json\" class=\"yoast-schema-graph\">{\"@context\":\"https:\/\/schema.org\",\"@graph\":[{\"@type\":\"Article\",\"@id\":\"https:\/\/www.reconoce.mx\/?p=49581#article\",\"isPartOf\":{\"@id\":\"https:\/\/www.reconoce.mx\/?p=49581\"},\"author\":{\"name\":\"Reconoce MX\",\"@id\":\"http:\/\/www.reconoce.mx\/#\/schema\/person\/2117e997d7051dc15d6880eaf9bca0b2\"},\"headline\":\"GIFF adelant\u00f3 detalles de su Selecci\u00f3n Oficial\",\"datePublished\":\"2016-07-11T05:06:12+00:00\",\"dateModified\":\"2016-07-11T22:48:49+00:00\",\"mainEntityOfPage\":{\"@id\":\"https:\/\/www.reconoce.mx\/?p=49581\"},\"wordCount\":980,\"commentCount\":0,\"publisher\":{\"@id\":\"http:\/\/www.reconoce.mx\/#organization\"},\"image\":{\"@id\":\"https:\/\/www.reconoce.mx\/?p=49581#primaryimage\"},\"thumbnailUrl\":\"http:\/\/www.reconoce.mx\/wp-content\/uploads\/2016\/07\/giff-mex.png\",\"articleSection\":[\"Cine\",\"Cultura\",\"Principal\"],\"inLanguage\":\"es\",\"potentialAction\":[{\"@type\":\"CommentAction\",\"name\":\"Comment\",\"target\":[\"https:\/\/www.reconoce.mx\/?p=49581#respond\"]}]},{\"@type\":\"WebPage\",\"@id\":\"https:\/\/www.reconoce.mx\/?p=49581\",\"url\":\"https:\/\/www.reconoce.mx\/?p=49581\",\"name\":\"GIFF adelant\u00f3 detalles de su Selecci\u00f3n Oficial &#171; Reconoce MX\",\"isPartOf\":{\"@id\":\"http:\/\/www.reconoce.mx\/#website\"},\"primaryImageOfPage\":{\"@id\":\"https:\/\/www.reconoce.mx\/?p=49581#primaryimage\"},\"image\":{\"@id\":\"https:\/\/www.reconoce.mx\/?p=49581#primaryimage\"},\"thumbnailUrl\":\"http:\/\/www.reconoce.mx\/wp-content\/uploads\/2016\/07\/giff-mex.png\",\"datePublished\":\"2016-07-11T05:06:12+00:00\",\"dateModified\":\"2016-07-11T22:48:49+00:00\",\"breadcrumb\":{\"@id\":\"https:\/\/www.reconoce.mx\/?p=49581#breadcrumb\"},\"inLanguage\":\"es\",\"potentialAction\":[{\"@type\":\"ReadAction\",\"target\":[\"https:\/\/www.reconoce.mx\/?p=49581\"]}]},{\"@type\":\"ImageObject\",\"inLanguage\":\"es\",\"@id\":\"https:\/\/www.reconoce.mx\/?p=49581#primaryimage\",\"url\":\"http:\/\/www.reconoce.mx\/wp-content\/uploads\/2016\/07\/giff-mex.png\",\"contentUrl\":\"http:\/\/www.reconoce.mx\/wp-content\/uploads\/2016\/07\/giff-mex.png\",\"width\":590,\"height\":380},{\"@type\":\"BreadcrumbList\",\"@id\":\"https:\/\/www.reconoce.mx\/?p=49581#breadcrumb\",\"itemListElement\":[{\"@type\":\"ListItem\",\"position\":1,\"name\":\"Portada\",\"item\":\"http:\/\/www.reconoce.mx\/\"},{\"@type\":\"ListItem\",\"position\":2,\"name\":\"GIFF adelant\u00f3 detalles de su Selecci\u00f3n Oficial\"}]},{\"@type\":\"WebSite\",\"@id\":\"http:\/\/www.reconoce.mx\/#website\",\"url\":\"http:\/\/www.reconoce.mx\/\",\"name\":\"Reconoce MX\",\"description\":\"En Reconoce MX difundimos arte, cultura y conciencia social en M\u00e9xico. Tu ciudad en otra perspectiva.\",\"publisher\":{\"@id\":\"http:\/\/www.reconoce.mx\/#organization\"},\"potentialAction\":[{\"@type\":\"SearchAction\",\"target\":{\"@type\":\"EntryPoint\",\"urlTemplate\":\"http:\/\/www.reconoce.mx\/?s={search_term_string}\"},\"query-input\":{\"@type\":\"PropertyValueSpecification\",\"valueRequired\":true,\"valueName\":\"search_term_string\"}}],\"inLanguage\":\"es\"},{\"@type\":\"Organization\",\"@id\":\"http:\/\/www.reconoce.mx\/#organization\",\"name\":\"Reconoce MX\",\"url\":\"http:\/\/www.reconoce.mx\/\",\"logo\":{\"@type\":\"ImageObject\",\"inLanguage\":\"es\",\"@id\":\"http:\/\/www.reconoce.mx\/#\/schema\/logo\/image\/\",\"url\":\"https:\/\/www.reconoce.mx\/wp-content\/uploads\/2019\/03\/logorcmx-good-1.png\",\"contentUrl\":\"https:\/\/www.reconoce.mx\/wp-content\/uploads\/2019\/03\/logorcmx-good-1.png\",\"width\":280,\"height\":90,\"caption\":\"Reconoce MX\"},\"image\":{\"@id\":\"http:\/\/www.reconoce.mx\/#\/schema\/logo\/image\/\"},\"sameAs\":[\"https:\/\/es-la.facebook.com\/ReconoceMX\/\",\"https:\/\/x.com\/reconocemx\",\"http:\/\/@reconocemx\"]},{\"@type\":\"Person\",\"@id\":\"http:\/\/www.reconoce.mx\/#\/schema\/person\/2117e997d7051dc15d6880eaf9bca0b2\",\"name\":\"Reconoce MX\",\"image\":{\"@type\":\"ImageObject\",\"inLanguage\":\"es\",\"@id\":\"http:\/\/www.reconoce.mx\/#\/schema\/person\/image\/\",\"url\":\"https:\/\/secure.gravatar.com\/avatar\/6c8d4dc7569ca1c90c5fdcc349f839d5ddef6fe1e70b4337ead2ef1a4c43fc3a?s=96&d=identicon&r=g\",\"contentUrl\":\"https:\/\/secure.gravatar.com\/avatar\/6c8d4dc7569ca1c90c5fdcc349f839d5ddef6fe1e70b4337ead2ef1a4c43fc3a?s=96&d=identicon&r=g\",\"caption\":\"Reconoce MX\"},\"description\":\"Reconoce MX es un proyecto de difusi\u00f3n art\u00edstica, cultural y de conciencia social que est\u00e1 enfocado a difundir y fomentar el entretenimiento alternativo de calidad para todo el p\u00fablico que comparta el mismo entusiasmo.\",\"sameAs\":[\"http:\/\/www.reconoce.mx\"],\"url\":\"http:\/\/www.reconoce.mx\/?author=2\"}]}<\/script>\n<!-- \/ Yoast SEO plugin. -->","yoast_head_json":{"title":"GIFF adelant\u00f3 detalles de su Selecci\u00f3n Oficial &#171; Reconoce MX","robots":{"index":"index","follow":"follow","max-snippet":"max-snippet:-1","max-image-preview":"max-image-preview:large","max-video-preview":"max-video-preview:-1"},"canonical":"https:\/\/www.reconoce.mx\/?p=49581","og_locale":"es_ES","og_type":"article","og_title":"GIFF adelant\u00f3 detalles de su Selecci\u00f3n Oficial &#171; Reconoce MX","og_description":"El d\u00eda de hoy se anuncian todos los detalles de la edici\u00f3n XIX del Festival Internacional de Cine Guanajuato (GIFF).","og_url":"https:\/\/www.reconoce.mx\/?p=49581","og_site_name":"Reconoce MX","article_publisher":"https:\/\/es-la.facebook.com\/ReconoceMX\/","article_published_time":"2016-07-11T05:06:12+00:00","article_modified_time":"2016-07-11T22:48:49+00:00","og_image":[{"width":590,"height":380,"url":"https:\/\/www.reconoce.mx\/wp-content\/uploads\/2016\/07\/giff-mex.png","type":"image\/png"}],"author":"Reconoce MX","twitter_card":"summary_large_image","twitter_creator":"@reconocemx","twitter_site":"@reconocemx","twitter_misc":{"Escrito por":"Reconoce MX","Tiempo de lectura":"5 minutos"},"schema":{"@context":"https:\/\/schema.org","@graph":[{"@type":"Article","@id":"https:\/\/www.reconoce.mx\/?p=49581#article","isPartOf":{"@id":"https:\/\/www.reconoce.mx\/?p=49581"},"author":{"name":"Reconoce MX","@id":"http:\/\/www.reconoce.mx\/#\/schema\/person\/2117e997d7051dc15d6880eaf9bca0b2"},"headline":"GIFF adelant\u00f3 detalles de su Selecci\u00f3n Oficial","datePublished":"2016-07-11T05:06:12+00:00","dateModified":"2016-07-11T22:48:49+00:00","mainEntityOfPage":{"@id":"https:\/\/www.reconoce.mx\/?p=49581"},"wordCount":980,"commentCount":0,"publisher":{"@id":"http:\/\/www.reconoce.mx\/#organization"},"image":{"@id":"https:\/\/www.reconoce.mx\/?p=49581#primaryimage"},"thumbnailUrl":"http:\/\/www.reconoce.mx\/wp-content\/uploads\/2016\/07\/giff-mex.png","articleSection":["Cine","Cultura","Principal"],"inLanguage":"es","potentialAction":[{"@type":"CommentAction","name":"Comment","target":["https:\/\/www.reconoce.mx\/?p=49581#respond"]}]},{"@type":"WebPage","@id":"https:\/\/www.reconoce.mx\/?p=49581","url":"https:\/\/www.reconoce.mx\/?p=49581","name":"GIFF adelant\u00f3 detalles de su Selecci\u00f3n Oficial &#171; Reconoce MX","isPartOf":{"@id":"http:\/\/www.reconoce.mx\/#website"},"primaryImageOfPage":{"@id":"https:\/\/www.reconoce.mx\/?p=49581#primaryimage"},"image":{"@id":"https:\/\/www.reconoce.mx\/?p=49581#primaryimage"},"thumbnailUrl":"http:\/\/www.reconoce.mx\/wp-content\/uploads\/2016\/07\/giff-mex.png","datePublished":"2016-07-11T05:06:12+00:00","dateModified":"2016-07-11T22:48:49+00:00","breadcrumb":{"@id":"https:\/\/www.reconoce.mx\/?p=49581#breadcrumb"},"inLanguage":"es","potentialAction":[{"@type":"ReadAction","target":["https:\/\/www.reconoce.mx\/?p=49581"]}]},{"@type":"ImageObject","inLanguage":"es","@id":"https:\/\/www.reconoce.mx\/?p=49581#primaryimage","url":"http:\/\/www.reconoce.mx\/wp-content\/uploads\/2016\/07\/giff-mex.png","contentUrl":"http:\/\/www.reconoce.mx\/wp-content\/uploads\/2016\/07\/giff-mex.png","width":590,"height":380},{"@type":"BreadcrumbList","@id":"https:\/\/www.reconoce.mx\/?p=49581#breadcrumb","itemListElement":[{"@type":"ListItem","position":1,"name":"Portada","item":"http:\/\/www.reconoce.mx\/"},{"@type":"ListItem","position":2,"name":"GIFF adelant\u00f3 detalles de su Selecci\u00f3n Oficial"}]},{"@type":"WebSite","@id":"http:\/\/www.reconoce.mx\/#website","url":"http:\/\/www.reconoce.mx\/","name":"Reconoce MX","description":"En Reconoce MX difundimos arte, cultura y conciencia social en M\u00e9xico. Tu ciudad en otra perspectiva.","publisher":{"@id":"http:\/\/www.reconoce.mx\/#organization"},"potentialAction":[{"@type":"SearchAction","target":{"@type":"EntryPoint","urlTemplate":"http:\/\/www.reconoce.mx\/?s={search_term_string}"},"query-input":{"@type":"PropertyValueSpecification","valueRequired":true,"valueName":"search_term_string"}}],"inLanguage":"es"},{"@type":"Organization","@id":"http:\/\/www.reconoce.mx\/#organization","name":"Reconoce MX","url":"http:\/\/www.reconoce.mx\/","logo":{"@type":"ImageObject","inLanguage":"es","@id":"http:\/\/www.reconoce.mx\/#\/schema\/logo\/image\/","url":"https:\/\/www.reconoce.mx\/wp-content\/uploads\/2019\/03\/logorcmx-good-1.png","contentUrl":"https:\/\/www.reconoce.mx\/wp-content\/uploads\/2019\/03\/logorcmx-good-1.png","width":280,"height":90,"caption":"Reconoce MX"},"image":{"@id":"http:\/\/www.reconoce.mx\/#\/schema\/logo\/image\/"},"sameAs":["https:\/\/es-la.facebook.com\/ReconoceMX\/","https:\/\/x.com\/reconocemx","http:\/\/@reconocemx"]},{"@type":"Person","@id":"http:\/\/www.reconoce.mx\/#\/schema\/person\/2117e997d7051dc15d6880eaf9bca0b2","name":"Reconoce MX","image":{"@type":"ImageObject","inLanguage":"es","@id":"http:\/\/www.reconoce.mx\/#\/schema\/person\/image\/","url":"https:\/\/secure.gravatar.com\/avatar\/6c8d4dc7569ca1c90c5fdcc349f839d5ddef6fe1e70b4337ead2ef1a4c43fc3a?s=96&d=identicon&r=g","contentUrl":"https:\/\/secure.gravatar.com\/avatar\/6c8d4dc7569ca1c90c5fdcc349f839d5ddef6fe1e70b4337ead2ef1a4c43fc3a?s=96&d=identicon&r=g","caption":"Reconoce MX"},"description":"Reconoce MX es un proyecto de difusi\u00f3n art\u00edstica, cultural y de conciencia social que est\u00e1 enfocado a difundir y fomentar el entretenimiento alternativo de calidad para todo el p\u00fablico que comparta el mismo entusiasmo.","sameAs":["http:\/\/www.reconoce.mx"],"url":"http:\/\/www.reconoce.mx\/?author=2"}]}},"_links":{"self":[{"href":"http:\/\/www.reconoce.mx\/index.php?rest_route=\/wp\/v2\/posts\/49581","targetHints":{"allow":["GET"]}}],"collection":[{"href":"http:\/\/www.reconoce.mx\/index.php?rest_route=\/wp\/v2\/posts"}],"about":[{"href":"http:\/\/www.reconoce.mx\/index.php?rest_route=\/wp\/v2\/types\/post"}],"author":[{"embeddable":true,"href":"http:\/\/www.reconoce.mx\/index.php?rest_route=\/wp\/v2\/users\/2"}],"replies":[{"embeddable":true,"href":"http:\/\/www.reconoce.mx\/index.php?rest_route=%2Fwp%2Fv2%2Fcomments&post=49581"}],"version-history":[{"count":6,"href":"http:\/\/www.reconoce.mx\/index.php?rest_route=\/wp\/v2\/posts\/49581\/revisions"}],"predecessor-version":[{"id":49592,"href":"http:\/\/www.reconoce.mx\/index.php?rest_route=\/wp\/v2\/posts\/49581\/revisions\/49592"}],"wp:featuredmedia":[{"embeddable":true,"href":"http:\/\/www.reconoce.mx\/index.php?rest_route=\/wp\/v2\/media\/49582"}],"wp:attachment":[{"href":"http:\/\/www.reconoce.mx\/index.php?rest_route=%2Fwp%2Fv2%2Fmedia&parent=49581"}],"wp:term":[{"taxonomy":"category","embeddable":true,"href":"http:\/\/www.reconoce.mx\/index.php?rest_route=%2Fwp%2Fv2%2Fcategories&post=49581"},{"taxonomy":"post_tag","embeddable":true,"href":"http:\/\/www.reconoce.mx\/index.php?rest_route=%2Fwp%2Fv2%2Ftags&post=49581"}],"curies":[{"name":"wp","href":"https:\/\/api.w.org\/{rel}","templated":true}]}}