{"id":49624,"date":"2016-07-11T00:05:04","date_gmt":"2016-07-11T05:05:04","guid":{"rendered":"http:\/\/www.reconoce.mx\/?p=49624"},"modified":"2016-07-11T17:48:54","modified_gmt":"2016-07-11T22:48:54","slug":"labios-infernales-de-hora-cero","status":"publish","type":"post","link":"http:\/\/www.reconoce.mx\/?p=49624","title":{"rendered":"&#8216;Labios infernales&#8217;, de Hora Cero"},"content":{"rendered":"<p><a href=\"http:\/\/www.reconoce.mx\/category\/cultura\/musica\/lunes-musical-musica\/\"><img loading=\"lazy\" decoding=\"async\" class=\"aligncenter size-full wp-image-38360\" src=\"http:\/\/www.reconoce.mx\/wp-content\/uploads\/2015\/06\/Lunes1.png\" alt=\"Lunes\" width=\"550\" height=\"70\" srcset=\"http:\/\/www.reconoce.mx\/wp-content\/uploads\/2015\/06\/Lunes1.png 550w, http:\/\/www.reconoce.mx\/wp-content\/uploads\/2015\/06\/Lunes1-300x38.png 300w, http:\/\/www.reconoce.mx\/wp-content\/uploads\/2015\/06\/Lunes1-150x19.png 150w\" sizes=\"auto, (max-width: 550px) 100vw, 550px\" \/><\/a><strong><br \/>\nPor <a title=\"@AsfaltosTweets\" href=\"http:\/\/twitter.com\/AsfaltosTweets\" target=\"_blank\">Asfaltos<\/a><\/strong>.<\/p>\n<p>S\u00e9 que es reiterativo, pero nunca dejar\u00e9 de recordar que en <span style=\"color: #a81f25;\"><strong>Reconoce MX<\/strong><\/span> estamos abiertos a todas las propuestas, y que todos los m\u00fasicos con un proyecto son bienvenidos y est\u00e1n invitados a mandar su material a nuestro correo <a href=\"mailto:info@reconoce.mx\" target=\"_blank\">info@reconoce.mx<\/a>; donde los \u00abaltos mandos\u00bb me lo hacen llegar. Pido paciencia, que como <strong>Editor de M\u00fasica<\/strong> la chamba que me cargan es mucha, pero los deseos de cumplirla son mayores. Una vez recordado lo anterior, \u00a1a lo que nos truje, Chencha!<\/p>\n<p><iframe loading=\"lazy\" style=\"border: none; overflow: hidden;\" src=\"https:\/\/www.facebook.com\/plugins\/video.php?href=https%3A%2F%2Fwww.facebook.com%2FHoraCeroMX%2Fvideos%2F862298620536802%2F&amp;width=590&amp;show_text=false&amp;height=332&amp;appId\" width=\"590\" height=\"332\" frameborder=\"0\" scrolling=\"no\"><\/iframe><\/p>\n<p>Fundada en junio de 2011, la historia de <strong>Hora Cero<\/strong> empez\u00f3 como la de muchas otras: en la preparatoria. Amantes del hard rock, el metal, el jazz, el pop, el blues, el punk y la m\u00fasica de c\u00e1mara, los chicos de <strong>Hora Cero<\/strong> se lanzaron a esa dif\u00edcil aventura que los embarca por la inmensa industria musical independiente, dejando atr\u00e1s el mero despapaye para pensar en una madurez que les fuera sacando a flote.<\/p>\n<p>Maff Le\u00f3n, Rafael Damage y Froy Ojeda, integrantes de <strong>Hora Cero<\/strong>, dan as\u00ed un paso s\u00f3lido con el lanzamiento del primer corte de su pr\u00f3ximo \u00e1lbum \u00abCr\u00f3nicas\u00bb. Bajo el nombre de \u00abLabios infernales\u00bb, con un sonido rocker\u00f3n y guapachos\u00f3n, <strong>Hora Cero<\/strong> dan cuenta de sus propias inclinaciones y curiosidades musicales. Sin mucho de novedoso, en una escena que suele innovar poco, el sonido de <strong>Hora Cero<\/strong> por lo pronto s\u00ed cuenta con las expectativas de quienes buscan conocer propuestas y nombres nuevos. Particularmente me gustaron las guitarras combinadas con ritmos latinos de la recta final que me hicieron recordar mucho al <strong>Santana<\/strong> de finales de los 90; el de \u00abSmooth (ft. <strong>Rob Thomas<\/strong>)\u00bb.<\/p>\n<p>Para la promoci\u00f3n de \u00abLabios infernales\u00bb, <strong>Hora Cero<\/strong> han lanzado tambi\u00e9n un videoclip sencillo dirigido por Gina Shernoville y Eric Rodriguez, en el que precisamente se nos presenta la historia de una mujer cuyos labios resultan&#8230; infernales. Vamos, no pod\u00eda ser de otra manera, \u00bfverdad?<\/p>\n<p>Ya saben, sigan a <strong>Hora Cero<\/strong> v\u00eda <a href=\"https:\/\/www.facebook.com\/HoraCeroMX\/\" target=\"_blank\">Facebook<\/a>, <a href=\"https:\/\/twitter.com\/Horaceromx\" target=\"_blank\">Twitter<\/a> y <a href=\"https:\/\/soundcloud.com\/horacero\" target=\"_blank\">SoundCloud<\/a>, y no dejen de escuchar su m\u00fasica v\u00eda <a href=\"https:\/\/itunes.apple.com\/mx\/album\/labios-infernales-single\/id1128857372\" target=\"_blank\">Apple Musica<\/a>, <a href=\"https:\/\/open.spotify.com\/album\/6DVLrYx4U37ftNcxJLjMWS\" target=\"_blank\">Spotify<\/a>, <a href=\"https:\/\/amzn.com\/B01HP2YERA\" target=\"_blank\">Amazon<\/a> y <a href=\"http:\/\/www.deezer.com\/album\/13468959\" target=\"_blank\">Deezer<\/a>. La \u00faltima palabra, estimados lectores, la tienen ustedes.<\/p>\n<p style=\"text-align: right;\">Con informaci\u00f3n cortes\u00eda de <strong>Frequency Media Mx<\/strong>.<\/p>\n<p>&nbsp;<\/p>\n<p>&nbsp;<\/p>\n","protected":false},"excerpt":{"rendered":"<p>Fundada en junio de 2011, la historia de Hora Cero empez\u00f3 como la de muchas otras: en la preparatoria.<\/p>\n","protected":false},"author":2,"featured_media":49684,"comment_status":"open","ping_status":"open","sticky":false,"template":"","format":"standard","meta":{"footnotes":""},"categories":[1,665,18,17],"tags":[],"class_list":["post-49624","post","type-post","status-publish","format-standard","has-post-thumbnail","hentry","category-cultura","category-lunes-musical-musica","category-musica","category-principal"],"yoast_head":"<!-- This site is optimized with the Yoast SEO plugin v24.7 - https:\/\/yoast.com\/wordpress\/plugins\/seo\/ -->\n<title>&#039;Labios infernales&#039;, de Hora Cero &#171; Reconoce MX<\/title>\n<meta name=\"robots\" content=\"index, follow, max-snippet:-1, max-image-preview:large, max-video-preview:-1\" \/>\n<link rel=\"canonical\" href=\"http:\/\/www.reconoce.mx\/?p=49624\" \/>\n<meta property=\"og:locale\" content=\"es_ES\" \/>\n<meta property=\"og:type\" content=\"article\" \/>\n<meta property=\"og:title\" content=\"&#039;Labios infernales&#039;, de Hora Cero &#171; Reconoce MX\" \/>\n<meta property=\"og:description\" content=\"Fundada en junio de 2011, la historia de Hora Cero empez\u00f3 como la de muchas otras: en la preparatoria.\" \/>\n<meta property=\"og:url\" content=\"http:\/\/www.reconoce.mx\/?p=49624\" \/>\n<meta property=\"og:site_name\" content=\"Reconoce MX\" \/>\n<meta property=\"article:publisher\" content=\"https:\/\/es-la.facebook.com\/ReconoceMX\/\" \/>\n<meta property=\"article:published_time\" content=\"2016-07-11T05:05:04+00:00\" \/>\n<meta property=\"article:modified_time\" content=\"2016-07-11T22:48:54+00:00\" \/>\n<meta property=\"og:image\" content=\"http:\/\/www.reconoce.mx\/wp-content\/uploads\/2016\/07\/labiosinfernales-cover.png\" \/>\n\t<meta property=\"og:image:width\" content=\"590\" \/>\n\t<meta property=\"og:image:height\" content=\"380\" \/>\n\t<meta property=\"og:image:type\" content=\"image\/png\" \/>\n<meta name=\"author\" content=\"Reconoce MX\" \/>\n<meta name=\"twitter:card\" content=\"summary_large_image\" \/>\n<meta name=\"twitter:creator\" content=\"@reconocemx\" \/>\n<meta name=\"twitter:site\" content=\"@reconocemx\" \/>\n<meta name=\"twitter:label1\" content=\"Escrito por\" \/>\n\t<meta name=\"twitter:data1\" content=\"Reconoce MX\" \/>\n\t<meta name=\"twitter:label2\" content=\"Tiempo de lectura\" \/>\n\t<meta name=\"twitter:data2\" content=\"2 minutos\" \/>\n<script type=\"application\/ld+json\" class=\"yoast-schema-graph\">{\"@context\":\"https:\/\/schema.org\",\"@graph\":[{\"@type\":\"Article\",\"@id\":\"http:\/\/www.reconoce.mx\/?p=49624#article\",\"isPartOf\":{\"@id\":\"http:\/\/www.reconoce.mx\/?p=49624\"},\"author\":{\"name\":\"Reconoce MX\",\"@id\":\"http:\/\/www.reconoce.mx\/#\/schema\/person\/2117e997d7051dc15d6880eaf9bca0b2\"},\"headline\":\"&#8216;Labios infernales&#8217;, de Hora Cero\",\"datePublished\":\"2016-07-11T05:05:04+00:00\",\"dateModified\":\"2016-07-11T22:48:54+00:00\",\"mainEntityOfPage\":{\"@id\":\"http:\/\/www.reconoce.mx\/?p=49624\"},\"wordCount\":382,\"commentCount\":0,\"publisher\":{\"@id\":\"http:\/\/www.reconoce.mx\/#organization\"},\"image\":{\"@id\":\"http:\/\/www.reconoce.mx\/?p=49624#primaryimage\"},\"thumbnailUrl\":\"http:\/\/www.reconoce.mx\/wp-content\/uploads\/2016\/07\/labiosinfernales-cover.png\",\"articleSection\":[\"Cultura\",\"Lunes musical\",\"M\u00fasica\",\"Principal\"],\"inLanguage\":\"es\",\"potentialAction\":[{\"@type\":\"CommentAction\",\"name\":\"Comment\",\"target\":[\"http:\/\/www.reconoce.mx\/?p=49624#respond\"]}]},{\"@type\":\"WebPage\",\"@id\":\"http:\/\/www.reconoce.mx\/?p=49624\",\"url\":\"http:\/\/www.reconoce.mx\/?p=49624\",\"name\":\"'Labios infernales', de Hora Cero &#171; Reconoce MX\",\"isPartOf\":{\"@id\":\"http:\/\/www.reconoce.mx\/#website\"},\"primaryImageOfPage\":{\"@id\":\"http:\/\/www.reconoce.mx\/?p=49624#primaryimage\"},\"image\":{\"@id\":\"http:\/\/www.reconoce.mx\/?p=49624#primaryimage\"},\"thumbnailUrl\":\"http:\/\/www.reconoce.mx\/wp-content\/uploads\/2016\/07\/labiosinfernales-cover.png\",\"datePublished\":\"2016-07-11T05:05:04+00:00\",\"dateModified\":\"2016-07-11T22:48:54+00:00\",\"breadcrumb\":{\"@id\":\"http:\/\/www.reconoce.mx\/?p=49624#breadcrumb\"},\"inLanguage\":\"es\",\"potentialAction\":[{\"@type\":\"ReadAction\",\"target\":[\"http:\/\/www.reconoce.mx\/?p=49624\"]}]},{\"@type\":\"ImageObject\",\"inLanguage\":\"es\",\"@id\":\"http:\/\/www.reconoce.mx\/?p=49624#primaryimage\",\"url\":\"http:\/\/www.reconoce.mx\/wp-content\/uploads\/2016\/07\/labiosinfernales-cover.png\",\"contentUrl\":\"http:\/\/www.reconoce.mx\/wp-content\/uploads\/2016\/07\/labiosinfernales-cover.png\",\"width\":590,\"height\":380},{\"@type\":\"BreadcrumbList\",\"@id\":\"http:\/\/www.reconoce.mx\/?p=49624#breadcrumb\",\"itemListElement\":[{\"@type\":\"ListItem\",\"position\":1,\"name\":\"Portada\",\"item\":\"http:\/\/www.reconoce.mx\/\"},{\"@type\":\"ListItem\",\"position\":2,\"name\":\"&#8216;Labios infernales&#8217;, de Hora Cero\"}]},{\"@type\":\"WebSite\",\"@id\":\"http:\/\/www.reconoce.mx\/#website\",\"url\":\"http:\/\/www.reconoce.mx\/\",\"name\":\"Reconoce MX\",\"description\":\"En Reconoce MX difundimos arte, cultura y conciencia social en M\u00e9xico. Tu ciudad en otra perspectiva.\",\"publisher\":{\"@id\":\"http:\/\/www.reconoce.mx\/#organization\"},\"potentialAction\":[{\"@type\":\"SearchAction\",\"target\":{\"@type\":\"EntryPoint\",\"urlTemplate\":\"http:\/\/www.reconoce.mx\/?s={search_term_string}\"},\"query-input\":{\"@type\":\"PropertyValueSpecification\",\"valueRequired\":true,\"valueName\":\"search_term_string\"}}],\"inLanguage\":\"es\"},{\"@type\":\"Organization\",\"@id\":\"http:\/\/www.reconoce.mx\/#organization\",\"name\":\"Reconoce MX\",\"url\":\"http:\/\/www.reconoce.mx\/\",\"logo\":{\"@type\":\"ImageObject\",\"inLanguage\":\"es\",\"@id\":\"http:\/\/www.reconoce.mx\/#\/schema\/logo\/image\/\",\"url\":\"https:\/\/www.reconoce.mx\/wp-content\/uploads\/2019\/03\/logorcmx-good-1.png\",\"contentUrl\":\"https:\/\/www.reconoce.mx\/wp-content\/uploads\/2019\/03\/logorcmx-good-1.png\",\"width\":280,\"height\":90,\"caption\":\"Reconoce MX\"},\"image\":{\"@id\":\"http:\/\/www.reconoce.mx\/#\/schema\/logo\/image\/\"},\"sameAs\":[\"https:\/\/es-la.facebook.com\/ReconoceMX\/\",\"https:\/\/x.com\/reconocemx\",\"http:\/\/@reconocemx\"]},{\"@type\":\"Person\",\"@id\":\"http:\/\/www.reconoce.mx\/#\/schema\/person\/2117e997d7051dc15d6880eaf9bca0b2\",\"name\":\"Reconoce MX\",\"image\":{\"@type\":\"ImageObject\",\"inLanguage\":\"es\",\"@id\":\"http:\/\/www.reconoce.mx\/#\/schema\/person\/image\/\",\"url\":\"https:\/\/secure.gravatar.com\/avatar\/6c8d4dc7569ca1c90c5fdcc349f839d5ddef6fe1e70b4337ead2ef1a4c43fc3a?s=96&d=identicon&r=g\",\"contentUrl\":\"https:\/\/secure.gravatar.com\/avatar\/6c8d4dc7569ca1c90c5fdcc349f839d5ddef6fe1e70b4337ead2ef1a4c43fc3a?s=96&d=identicon&r=g\",\"caption\":\"Reconoce MX\"},\"description\":\"Reconoce MX es un proyecto de difusi\u00f3n art\u00edstica, cultural y de conciencia social que est\u00e1 enfocado a difundir y fomentar el entretenimiento alternativo de calidad para todo el p\u00fablico que comparta el mismo entusiasmo.\",\"sameAs\":[\"http:\/\/www.reconoce.mx\"],\"url\":\"http:\/\/www.reconoce.mx\/?author=2\"}]}<\/script>\n<!-- \/ Yoast SEO plugin. -->","yoast_head_json":{"title":"'Labios infernales', de Hora Cero &#171; Reconoce MX","robots":{"index":"index","follow":"follow","max-snippet":"max-snippet:-1","max-image-preview":"max-image-preview:large","max-video-preview":"max-video-preview:-1"},"canonical":"http:\/\/www.reconoce.mx\/?p=49624","og_locale":"es_ES","og_type":"article","og_title":"'Labios infernales', de Hora Cero &#171; Reconoce MX","og_description":"Fundada en junio de 2011, la historia de Hora Cero empez\u00f3 como la de muchas otras: en la preparatoria.","og_url":"http:\/\/www.reconoce.mx\/?p=49624","og_site_name":"Reconoce MX","article_publisher":"https:\/\/es-la.facebook.com\/ReconoceMX\/","article_published_time":"2016-07-11T05:05:04+00:00","article_modified_time":"2016-07-11T22:48:54+00:00","og_image":[{"width":590,"height":380,"url":"http:\/\/www.reconoce.mx\/wp-content\/uploads\/2016\/07\/labiosinfernales-cover.png","type":"image\/png"}],"author":"Reconoce MX","twitter_card":"summary_large_image","twitter_creator":"@reconocemx","twitter_site":"@reconocemx","twitter_misc":{"Escrito por":"Reconoce MX","Tiempo de lectura":"2 minutos"},"schema":{"@context":"https:\/\/schema.org","@graph":[{"@type":"Article","@id":"http:\/\/www.reconoce.mx\/?p=49624#article","isPartOf":{"@id":"http:\/\/www.reconoce.mx\/?p=49624"},"author":{"name":"Reconoce MX","@id":"http:\/\/www.reconoce.mx\/#\/schema\/person\/2117e997d7051dc15d6880eaf9bca0b2"},"headline":"&#8216;Labios infernales&#8217;, de Hora Cero","datePublished":"2016-07-11T05:05:04+00:00","dateModified":"2016-07-11T22:48:54+00:00","mainEntityOfPage":{"@id":"http:\/\/www.reconoce.mx\/?p=49624"},"wordCount":382,"commentCount":0,"publisher":{"@id":"http:\/\/www.reconoce.mx\/#organization"},"image":{"@id":"http:\/\/www.reconoce.mx\/?p=49624#primaryimage"},"thumbnailUrl":"http:\/\/www.reconoce.mx\/wp-content\/uploads\/2016\/07\/labiosinfernales-cover.png","articleSection":["Cultura","Lunes musical","M\u00fasica","Principal"],"inLanguage":"es","potentialAction":[{"@type":"CommentAction","name":"Comment","target":["http:\/\/www.reconoce.mx\/?p=49624#respond"]}]},{"@type":"WebPage","@id":"http:\/\/www.reconoce.mx\/?p=49624","url":"http:\/\/www.reconoce.mx\/?p=49624","name":"'Labios infernales', de Hora Cero &#171; Reconoce MX","isPartOf":{"@id":"http:\/\/www.reconoce.mx\/#website"},"primaryImageOfPage":{"@id":"http:\/\/www.reconoce.mx\/?p=49624#primaryimage"},"image":{"@id":"http:\/\/www.reconoce.mx\/?p=49624#primaryimage"},"thumbnailUrl":"http:\/\/www.reconoce.mx\/wp-content\/uploads\/2016\/07\/labiosinfernales-cover.png","datePublished":"2016-07-11T05:05:04+00:00","dateModified":"2016-07-11T22:48:54+00:00","breadcrumb":{"@id":"http:\/\/www.reconoce.mx\/?p=49624#breadcrumb"},"inLanguage":"es","potentialAction":[{"@type":"ReadAction","target":["http:\/\/www.reconoce.mx\/?p=49624"]}]},{"@type":"ImageObject","inLanguage":"es","@id":"http:\/\/www.reconoce.mx\/?p=49624#primaryimage","url":"http:\/\/www.reconoce.mx\/wp-content\/uploads\/2016\/07\/labiosinfernales-cover.png","contentUrl":"http:\/\/www.reconoce.mx\/wp-content\/uploads\/2016\/07\/labiosinfernales-cover.png","width":590,"height":380},{"@type":"BreadcrumbList","@id":"http:\/\/www.reconoce.mx\/?p=49624#breadcrumb","itemListElement":[{"@type":"ListItem","position":1,"name":"Portada","item":"http:\/\/www.reconoce.mx\/"},{"@type":"ListItem","position":2,"name":"&#8216;Labios infernales&#8217;, de Hora Cero"}]},{"@type":"WebSite","@id":"http:\/\/www.reconoce.mx\/#website","url":"http:\/\/www.reconoce.mx\/","name":"Reconoce MX","description":"En Reconoce MX difundimos arte, cultura y conciencia social en M\u00e9xico. Tu ciudad en otra perspectiva.","publisher":{"@id":"http:\/\/www.reconoce.mx\/#organization"},"potentialAction":[{"@type":"SearchAction","target":{"@type":"EntryPoint","urlTemplate":"http:\/\/www.reconoce.mx\/?s={search_term_string}"},"query-input":{"@type":"PropertyValueSpecification","valueRequired":true,"valueName":"search_term_string"}}],"inLanguage":"es"},{"@type":"Organization","@id":"http:\/\/www.reconoce.mx\/#organization","name":"Reconoce MX","url":"http:\/\/www.reconoce.mx\/","logo":{"@type":"ImageObject","inLanguage":"es","@id":"http:\/\/www.reconoce.mx\/#\/schema\/logo\/image\/","url":"https:\/\/www.reconoce.mx\/wp-content\/uploads\/2019\/03\/logorcmx-good-1.png","contentUrl":"https:\/\/www.reconoce.mx\/wp-content\/uploads\/2019\/03\/logorcmx-good-1.png","width":280,"height":90,"caption":"Reconoce MX"},"image":{"@id":"http:\/\/www.reconoce.mx\/#\/schema\/logo\/image\/"},"sameAs":["https:\/\/es-la.facebook.com\/ReconoceMX\/","https:\/\/x.com\/reconocemx","http:\/\/@reconocemx"]},{"@type":"Person","@id":"http:\/\/www.reconoce.mx\/#\/schema\/person\/2117e997d7051dc15d6880eaf9bca0b2","name":"Reconoce MX","image":{"@type":"ImageObject","inLanguage":"es","@id":"http:\/\/www.reconoce.mx\/#\/schema\/person\/image\/","url":"https:\/\/secure.gravatar.com\/avatar\/6c8d4dc7569ca1c90c5fdcc349f839d5ddef6fe1e70b4337ead2ef1a4c43fc3a?s=96&d=identicon&r=g","contentUrl":"https:\/\/secure.gravatar.com\/avatar\/6c8d4dc7569ca1c90c5fdcc349f839d5ddef6fe1e70b4337ead2ef1a4c43fc3a?s=96&d=identicon&r=g","caption":"Reconoce MX"},"description":"Reconoce MX es un proyecto de difusi\u00f3n art\u00edstica, cultural y de conciencia social que est\u00e1 enfocado a difundir y fomentar el entretenimiento alternativo de calidad para todo el p\u00fablico que comparta el mismo entusiasmo.","sameAs":["http:\/\/www.reconoce.mx"],"url":"http:\/\/www.reconoce.mx\/?author=2"}]}},"_links":{"self":[{"href":"http:\/\/www.reconoce.mx\/index.php?rest_route=\/wp\/v2\/posts\/49624","targetHints":{"allow":["GET"]}}],"collection":[{"href":"http:\/\/www.reconoce.mx\/index.php?rest_route=\/wp\/v2\/posts"}],"about":[{"href":"http:\/\/www.reconoce.mx\/index.php?rest_route=\/wp\/v2\/types\/post"}],"author":[{"embeddable":true,"href":"http:\/\/www.reconoce.mx\/index.php?rest_route=\/wp\/v2\/users\/2"}],"replies":[{"embeddable":true,"href":"http:\/\/www.reconoce.mx\/index.php?rest_route=%2Fwp%2Fv2%2Fcomments&post=49624"}],"version-history":[{"count":10,"href":"http:\/\/www.reconoce.mx\/index.php?rest_route=\/wp\/v2\/posts\/49624\/revisions"}],"predecessor-version":[{"id":49690,"href":"http:\/\/www.reconoce.mx\/index.php?rest_route=\/wp\/v2\/posts\/49624\/revisions\/49690"}],"wp:featuredmedia":[{"embeddable":true,"href":"http:\/\/www.reconoce.mx\/index.php?rest_route=\/wp\/v2\/media\/49684"}],"wp:attachment":[{"href":"http:\/\/www.reconoce.mx\/index.php?rest_route=%2Fwp%2Fv2%2Fmedia&parent=49624"}],"wp:term":[{"taxonomy":"category","embeddable":true,"href":"http:\/\/www.reconoce.mx\/index.php?rest_route=%2Fwp%2Fv2%2Fcategories&post=49624"},{"taxonomy":"post_tag","embeddable":true,"href":"http:\/\/www.reconoce.mx\/index.php?rest_route=%2Fwp%2Fv2%2Ftags&post=49624"}],"curies":[{"name":"wp","href":"https:\/\/api.w.org\/{rel}","templated":true}]}}