{"id":49691,"date":"2016-07-13T00:05:58","date_gmt":"2016-07-13T05:05:58","guid":{"rendered":"http:\/\/www.reconoce.mx\/?p=49691"},"modified":"2016-07-13T11:29:13","modified_gmt":"2016-07-13T16:29:13","slug":"pajarito-de-sotomayor","status":"publish","type":"post","link":"http:\/\/www.reconoce.mx\/?p=49691","title":{"rendered":"&#8216;Pajarito&#8217;, de Sotomayor"},"content":{"rendered":"<p><a href=\"http:\/\/www.reconoce.mx\/category\/cultura\/musica\/video-de-la-semana\/\"><img loading=\"lazy\" decoding=\"async\" class=\"aligncenter size-full wp-image-38360\" src=\"http:\/\/www.reconoce.mx\/wp-content\/uploads\/2015\/06\/videodelasemana.png\" alt=\"Martes\" width=\"550\" height=\"70\" \/><\/a><strong><br \/>\nPor <a title=\"@AsfaltosTweets\" href=\"http:\/\/twitter.com\/AsfaltosTweets\" target=\"_blank\">Asfaltos<\/a><\/strong>.<\/p>\n<p>No hace falta recordar que <strong>Sotomayor<\/strong> es uno de nuestros proyectos favoritos. Ahora, con el lanzamiento del que es ya su anunciado \u00faltimo sencillo de su primer material \u00abSalvaje\u00bb, aprovechamos una vez m\u00e1s para platicar con <strong>Ra\u00fal<\/strong>, y ahora tambi\u00e9n con su hermana <strong>Paulina<\/strong>, y poder hacer as\u00ed un nuevo corte de caja para un dueto que en los \u00faltimos meses ha dado un paso de internacionalizaci\u00f3n al tocar en Estados Unidos, Inglaterra y Colombia.<\/p>\n<p><iframe loading=\"lazy\" src=\"https:\/\/www.youtube.com\/embed\/t-WwTw3roYE?rel=0\" width=\"590\" height=\"332\" frameborder=\"0\" allowfullscreen=\"allowfullscreen\"><\/iframe><\/p>\n<p>\u00abHa sido muy emocionante todo lo que ha pasado con el proyecto\u00bb, me platic\u00f3 <strong>Ra\u00fal Sotomayor<\/strong> previo a su presentaci\u00f3n en el pasado <a href=\"http:\/\/www.reconoce.mx\/msf-esta-aqui-live-un-festival-de-musica-con-causa\/\" target=\"_blank\"><strong>MSF Est\u00e1 Aqu\u00ed Live!<\/strong><\/a>, \u00absobre todo ahora tener la oportunidad de ver a otros p\u00fablicos y ver c\u00f3mo funciona nuestra m\u00fasica fuera; porque adem\u00e1s todos los lugares a los que hemos ido son muy variados, sobre todo Estados Unidos que es un mercado gigantezco. Nos dio muchas sorpresas. Fuimos a lugares como McAllen, que es una ciudad fronteriza de la que obviamente no esperas nada, y fue impresionante ver lo que nuestra m\u00fasica hace con un p\u00fablico as\u00ed, con gente que tiene un problema de identidad que no sabe si son mexicanos o son gringos; y ver c\u00f3mo nuestra musica era algo con lo que pod\u00edan identificarse. O ir a lugares como Indian\u00e1polis, donde solo hay gringos, o Austin y ver tambi\u00e9n cual era su reaccion. Lo mismo un poco en Inglaterra, que es un p\u00fablico que obviamente no nos conoc\u00eda, que fue a vernos porque escuch\u00f3 que hab\u00eda un show de una banda mexicana, y que obviamente no entiende de lo que estamos hablando en las canciones; pero a\u00fan as\u00ed la m\u00fasica funciona como algo universal, y ver c\u00f3mo todos empiezan a mover su cabeza y c\u00f3mo la m\u00fasica que hacemos los empieza a hipnotizar, y c\u00f3mo que se enganchen desde la canci\u00f3n dos&#8230; pues no s\u00e9, es muy gratificante para nosotros ver todo lo que pasa gracias al internet, y gracias a que en todas partes del mundo desde que tu subes tu canci\u00f3n ya todos la pueden escuchar. Es bien padre todo lo que ha pasado con el proyecto y toda la gente que hemos conocido, todo lo que hemos aprendido en todo este a\u00f1o de trabajo\u00bb.<\/p>\n<p>A su lado, ya separada de otras actividades profesionales con las que segu\u00eda el a\u00f1o pasado, enfocada ahora s\u00ed 100% a su m\u00fasica, me dio mucho gusto platicar con la voz del proyecto y quien el mismo <strong>Ra\u00fal<\/strong> pens\u00f3 para ser tambi\u00e9n la cara del mismo. <strong>Paulina<\/strong>, sin el maquillaje que la ha caracterizado en las presentaciones en vivo de <strong>Sotomayor<\/strong>, muy sonriente me cont\u00f3 que \u00abahora, como la demanda ha crecido, llega tambi\u00e9n un momento en el que tu compromiso tiene que ser totalmente para la banda, aparte que no solamente es el tocar, sino tambi\u00e9n tienes que hacer que crezca. Ahora con mi hermano me he juntado m\u00e1s a hacer rolas, tambi\u00e9n por lo mismo de que la gente ya quiere que saques nuevo material: hacer rolas nuevas, una nueva transici\u00f3n\u00bb.<\/p>\n<p>Sobre el videoclip de \u00abPajarito\u00bb, <strong>Paulina<\/strong> me cont\u00f3 que naci\u00f3 \u00abcomo una sesi\u00f3n fotogr\u00e1fica con unos amigos m\u00edos. Uno de ellos se llama <strong>Alejandro R\u00edos<\/strong>, quien se dedica a hacer animaci\u00f3n y ser realizador fotogr\u00e1fico, y el otro es <strong>An\u00edbal Barco<\/strong>, quien tambi\u00e9n hace realizaciones fotogr\u00e1ficas para varios proyectos mexicanos. Con ellos nos juntamos a hacer esto, se ten\u00eda muy poco material y a pesar de eso se pudo hacer algo incre\u00edble; creo que hicieron muy buen trabajo. Creo tambi\u00e9n que de alguna manera explica mucho la est\u00e9tica que tiene <strong>Sotomayor<\/strong>, y estuvo bueno que tambi\u00e9n se tomara como un proyecto que era as\u00ed de hacer un video que fuera cuadro por cuadro, y pues funcion\u00f3 mucho y tambi\u00e9n se utiliz\u00f3 junto con la geometr\u00eda de la ropa. A m\u00ed en lo personal me gusta mucho\u00bb, cerr\u00f3 Paulina. \u00abCuidamos mucho que la est\u00e9tica fuera fiel a la imagen que tiene la banda\u00bb, a\u00f1adi\u00f3 Ra\u00fal, \u00abcomo que siento que ese es el <em>catch<\/em> del video: lo ves y entiendes perfecto todo el concepto de ser monocrom\u00e1tico; pues esa sencillez que a veces cuando haces m\u00fasica o un proyecto art\u00edstico, lo primero que piensas es que va a ser mejor si va a ser s\u00faper complejo, y a veces no es as\u00ed, a veces hay mucha magia en la sencillez y en buscar que sea as\u00ed de simple y que funcione resulta tambi\u00e9n muy complicado.\u00bb<\/p>\n<p>Los <strong>Sotomayor<\/strong> est\u00e1n trabajando actualmente en nuevas canciones para un nuevo \u00e1lbum que buscan lanzar, mientras que <strong>Ra\u00fal<\/strong> producir\u00e1 nuevos materiales que le han llegado en una aventura que le pondr\u00e1 personalmente a prueba. Nosotros, en <span style=\"color: #a81f25;\"><strong>Reconoce MX<\/strong><\/span>, elegimos \u00abPajarito\u00bb como nuestro <a href=\"http:\/\/www.reconoce.mx\/category\/cultura\/musica\/video-de-la-semana\/\" target=\"_blank\">Video de la semana<\/a>, y seguiremos de cerca la carrera de este par de talentosos m\u00fasicos que reiteramos, nos encantan.<\/p>\n<p>&nbsp;<\/p>\n<p>&nbsp;<\/p>\n","protected":false},"excerpt":{"rendered":"<p>No hace falta recordar que Sotomayor es uno de nuestros proyectos favoritos.<\/p>\n","protected":false},"author":2,"featured_media":49692,"comment_status":"open","ping_status":"open","sticky":false,"template":"","format":"standard","meta":{"footnotes":""},"categories":[1,18,17,2575],"tags":[],"class_list":["post-49691","post","type-post","status-publish","format-standard","has-post-thumbnail","hentry","category-cultura","category-musica","category-principal","category-video-de-la-semana"],"yoast_head":"<!-- This site is optimized with the Yoast SEO plugin v24.7 - https:\/\/yoast.com\/wordpress\/plugins\/seo\/ -->\n<title>&#039;Pajarito&#039;, de Sotomayor &#171; Reconoce MX<\/title>\n<meta name=\"robots\" content=\"index, follow, max-snippet:-1, max-image-preview:large, max-video-preview:-1\" \/>\n<link rel=\"canonical\" href=\"https:\/\/www.reconoce.mx\/?p=49691\" \/>\n<meta property=\"og:locale\" content=\"es_ES\" \/>\n<meta property=\"og:type\" content=\"article\" \/>\n<meta property=\"og:title\" content=\"&#039;Pajarito&#039;, de Sotomayor &#171; Reconoce MX\" \/>\n<meta property=\"og:description\" content=\"No hace falta recordar que Sotomayor es uno de nuestros proyectos favoritos.\" \/>\n<meta property=\"og:url\" content=\"https:\/\/www.reconoce.mx\/?p=49691\" \/>\n<meta property=\"og:site_name\" content=\"Reconoce MX\" \/>\n<meta property=\"article:publisher\" content=\"https:\/\/es-la.facebook.com\/ReconoceMX\/\" \/>\n<meta property=\"article:published_time\" content=\"2016-07-13T05:05:58+00:00\" \/>\n<meta property=\"article:modified_time\" content=\"2016-07-13T16:29:13+00:00\" \/>\n<meta property=\"og:image\" content=\"https:\/\/www.reconoce.mx\/wp-content\/uploads\/2016\/07\/pajarito-cover.png\" \/>\n\t<meta property=\"og:image:width\" content=\"590\" \/>\n\t<meta property=\"og:image:height\" content=\"380\" \/>\n\t<meta property=\"og:image:type\" content=\"image\/png\" \/>\n<meta name=\"author\" content=\"Reconoce MX\" \/>\n<meta name=\"twitter:card\" content=\"summary_large_image\" \/>\n<meta name=\"twitter:creator\" content=\"@reconocemx\" \/>\n<meta name=\"twitter:site\" content=\"@reconocemx\" \/>\n<meta name=\"twitter:label1\" content=\"Escrito por\" \/>\n\t<meta name=\"twitter:data1\" content=\"Reconoce MX\" \/>\n\t<meta name=\"twitter:label2\" content=\"Tiempo de lectura\" \/>\n\t<meta name=\"twitter:data2\" content=\"4 minutos\" \/>\n<script type=\"application\/ld+json\" class=\"yoast-schema-graph\">{\"@context\":\"https:\/\/schema.org\",\"@graph\":[{\"@type\":\"Article\",\"@id\":\"https:\/\/www.reconoce.mx\/?p=49691#article\",\"isPartOf\":{\"@id\":\"https:\/\/www.reconoce.mx\/?p=49691\"},\"author\":{\"name\":\"Reconoce MX\",\"@id\":\"http:\/\/www.reconoce.mx\/#\/schema\/person\/2117e997d7051dc15d6880eaf9bca0b2\"},\"headline\":\"&#8216;Pajarito&#8217;, de Sotomayor\",\"datePublished\":\"2016-07-13T05:05:58+00:00\",\"dateModified\":\"2016-07-13T16:29:13+00:00\",\"mainEntityOfPage\":{\"@id\":\"https:\/\/www.reconoce.mx\/?p=49691\"},\"wordCount\":867,\"commentCount\":0,\"publisher\":{\"@id\":\"http:\/\/www.reconoce.mx\/#organization\"},\"image\":{\"@id\":\"https:\/\/www.reconoce.mx\/?p=49691#primaryimage\"},\"thumbnailUrl\":\"http:\/\/www.reconoce.mx\/wp-content\/uploads\/2016\/07\/pajarito-cover.png\",\"articleSection\":[\"Cultura\",\"M\u00fasica\",\"Principal\",\"Video de la semana\"],\"inLanguage\":\"es\",\"potentialAction\":[{\"@type\":\"CommentAction\",\"name\":\"Comment\",\"target\":[\"https:\/\/www.reconoce.mx\/?p=49691#respond\"]}]},{\"@type\":\"WebPage\",\"@id\":\"https:\/\/www.reconoce.mx\/?p=49691\",\"url\":\"https:\/\/www.reconoce.mx\/?p=49691\",\"name\":\"'Pajarito', de Sotomayor &#171; Reconoce MX\",\"isPartOf\":{\"@id\":\"http:\/\/www.reconoce.mx\/#website\"},\"primaryImageOfPage\":{\"@id\":\"https:\/\/www.reconoce.mx\/?p=49691#primaryimage\"},\"image\":{\"@id\":\"https:\/\/www.reconoce.mx\/?p=49691#primaryimage\"},\"thumbnailUrl\":\"http:\/\/www.reconoce.mx\/wp-content\/uploads\/2016\/07\/pajarito-cover.png\",\"datePublished\":\"2016-07-13T05:05:58+00:00\",\"dateModified\":\"2016-07-13T16:29:13+00:00\",\"breadcrumb\":{\"@id\":\"https:\/\/www.reconoce.mx\/?p=49691#breadcrumb\"},\"inLanguage\":\"es\",\"potentialAction\":[{\"@type\":\"ReadAction\",\"target\":[\"https:\/\/www.reconoce.mx\/?p=49691\"]}]},{\"@type\":\"ImageObject\",\"inLanguage\":\"es\",\"@id\":\"https:\/\/www.reconoce.mx\/?p=49691#primaryimage\",\"url\":\"http:\/\/www.reconoce.mx\/wp-content\/uploads\/2016\/07\/pajarito-cover.png\",\"contentUrl\":\"http:\/\/www.reconoce.mx\/wp-content\/uploads\/2016\/07\/pajarito-cover.png\",\"width\":590,\"height\":380},{\"@type\":\"BreadcrumbList\",\"@id\":\"https:\/\/www.reconoce.mx\/?p=49691#breadcrumb\",\"itemListElement\":[{\"@type\":\"ListItem\",\"position\":1,\"name\":\"Portada\",\"item\":\"http:\/\/www.reconoce.mx\/\"},{\"@type\":\"ListItem\",\"position\":2,\"name\":\"&#8216;Pajarito&#8217;, de Sotomayor\"}]},{\"@type\":\"WebSite\",\"@id\":\"http:\/\/www.reconoce.mx\/#website\",\"url\":\"http:\/\/www.reconoce.mx\/\",\"name\":\"Reconoce MX\",\"description\":\"En Reconoce MX difundimos arte, cultura y conciencia social en M\u00e9xico. Tu ciudad en otra perspectiva.\",\"publisher\":{\"@id\":\"http:\/\/www.reconoce.mx\/#organization\"},\"potentialAction\":[{\"@type\":\"SearchAction\",\"target\":{\"@type\":\"EntryPoint\",\"urlTemplate\":\"http:\/\/www.reconoce.mx\/?s={search_term_string}\"},\"query-input\":{\"@type\":\"PropertyValueSpecification\",\"valueRequired\":true,\"valueName\":\"search_term_string\"}}],\"inLanguage\":\"es\"},{\"@type\":\"Organization\",\"@id\":\"http:\/\/www.reconoce.mx\/#organization\",\"name\":\"Reconoce MX\",\"url\":\"http:\/\/www.reconoce.mx\/\",\"logo\":{\"@type\":\"ImageObject\",\"inLanguage\":\"es\",\"@id\":\"http:\/\/www.reconoce.mx\/#\/schema\/logo\/image\/\",\"url\":\"https:\/\/www.reconoce.mx\/wp-content\/uploads\/2019\/03\/logorcmx-good-1.png\",\"contentUrl\":\"https:\/\/www.reconoce.mx\/wp-content\/uploads\/2019\/03\/logorcmx-good-1.png\",\"width\":280,\"height\":90,\"caption\":\"Reconoce MX\"},\"image\":{\"@id\":\"http:\/\/www.reconoce.mx\/#\/schema\/logo\/image\/\"},\"sameAs\":[\"https:\/\/es-la.facebook.com\/ReconoceMX\/\",\"https:\/\/x.com\/reconocemx\",\"http:\/\/@reconocemx\"]},{\"@type\":\"Person\",\"@id\":\"http:\/\/www.reconoce.mx\/#\/schema\/person\/2117e997d7051dc15d6880eaf9bca0b2\",\"name\":\"Reconoce MX\",\"image\":{\"@type\":\"ImageObject\",\"inLanguage\":\"es\",\"@id\":\"http:\/\/www.reconoce.mx\/#\/schema\/person\/image\/\",\"url\":\"https:\/\/secure.gravatar.com\/avatar\/6c8d4dc7569ca1c90c5fdcc349f839d5ddef6fe1e70b4337ead2ef1a4c43fc3a?s=96&d=identicon&r=g\",\"contentUrl\":\"https:\/\/secure.gravatar.com\/avatar\/6c8d4dc7569ca1c90c5fdcc349f839d5ddef6fe1e70b4337ead2ef1a4c43fc3a?s=96&d=identicon&r=g\",\"caption\":\"Reconoce MX\"},\"description\":\"Reconoce MX es un proyecto de difusi\u00f3n art\u00edstica, cultural y de conciencia social que est\u00e1 enfocado a difundir y fomentar el entretenimiento alternativo de calidad para todo el p\u00fablico que comparta el mismo entusiasmo.\",\"sameAs\":[\"http:\/\/www.reconoce.mx\"],\"url\":\"http:\/\/www.reconoce.mx\/?author=2\"}]}<\/script>\n<!-- \/ Yoast SEO plugin. -->","yoast_head_json":{"title":"'Pajarito', de Sotomayor &#171; Reconoce MX","robots":{"index":"index","follow":"follow","max-snippet":"max-snippet:-1","max-image-preview":"max-image-preview:large","max-video-preview":"max-video-preview:-1"},"canonical":"https:\/\/www.reconoce.mx\/?p=49691","og_locale":"es_ES","og_type":"article","og_title":"'Pajarito', de Sotomayor &#171; Reconoce MX","og_description":"No hace falta recordar que Sotomayor es uno de nuestros proyectos favoritos.","og_url":"https:\/\/www.reconoce.mx\/?p=49691","og_site_name":"Reconoce MX","article_publisher":"https:\/\/es-la.facebook.com\/ReconoceMX\/","article_published_time":"2016-07-13T05:05:58+00:00","article_modified_time":"2016-07-13T16:29:13+00:00","og_image":[{"width":590,"height":380,"url":"https:\/\/www.reconoce.mx\/wp-content\/uploads\/2016\/07\/pajarito-cover.png","type":"image\/png"}],"author":"Reconoce MX","twitter_card":"summary_large_image","twitter_creator":"@reconocemx","twitter_site":"@reconocemx","twitter_misc":{"Escrito por":"Reconoce MX","Tiempo de lectura":"4 minutos"},"schema":{"@context":"https:\/\/schema.org","@graph":[{"@type":"Article","@id":"https:\/\/www.reconoce.mx\/?p=49691#article","isPartOf":{"@id":"https:\/\/www.reconoce.mx\/?p=49691"},"author":{"name":"Reconoce MX","@id":"http:\/\/www.reconoce.mx\/#\/schema\/person\/2117e997d7051dc15d6880eaf9bca0b2"},"headline":"&#8216;Pajarito&#8217;, de Sotomayor","datePublished":"2016-07-13T05:05:58+00:00","dateModified":"2016-07-13T16:29:13+00:00","mainEntityOfPage":{"@id":"https:\/\/www.reconoce.mx\/?p=49691"},"wordCount":867,"commentCount":0,"publisher":{"@id":"http:\/\/www.reconoce.mx\/#organization"},"image":{"@id":"https:\/\/www.reconoce.mx\/?p=49691#primaryimage"},"thumbnailUrl":"http:\/\/www.reconoce.mx\/wp-content\/uploads\/2016\/07\/pajarito-cover.png","articleSection":["Cultura","M\u00fasica","Principal","Video de la semana"],"inLanguage":"es","potentialAction":[{"@type":"CommentAction","name":"Comment","target":["https:\/\/www.reconoce.mx\/?p=49691#respond"]}]},{"@type":"WebPage","@id":"https:\/\/www.reconoce.mx\/?p=49691","url":"https:\/\/www.reconoce.mx\/?p=49691","name":"'Pajarito', de Sotomayor &#171; Reconoce MX","isPartOf":{"@id":"http:\/\/www.reconoce.mx\/#website"},"primaryImageOfPage":{"@id":"https:\/\/www.reconoce.mx\/?p=49691#primaryimage"},"image":{"@id":"https:\/\/www.reconoce.mx\/?p=49691#primaryimage"},"thumbnailUrl":"http:\/\/www.reconoce.mx\/wp-content\/uploads\/2016\/07\/pajarito-cover.png","datePublished":"2016-07-13T05:05:58+00:00","dateModified":"2016-07-13T16:29:13+00:00","breadcrumb":{"@id":"https:\/\/www.reconoce.mx\/?p=49691#breadcrumb"},"inLanguage":"es","potentialAction":[{"@type":"ReadAction","target":["https:\/\/www.reconoce.mx\/?p=49691"]}]},{"@type":"ImageObject","inLanguage":"es","@id":"https:\/\/www.reconoce.mx\/?p=49691#primaryimage","url":"http:\/\/www.reconoce.mx\/wp-content\/uploads\/2016\/07\/pajarito-cover.png","contentUrl":"http:\/\/www.reconoce.mx\/wp-content\/uploads\/2016\/07\/pajarito-cover.png","width":590,"height":380},{"@type":"BreadcrumbList","@id":"https:\/\/www.reconoce.mx\/?p=49691#breadcrumb","itemListElement":[{"@type":"ListItem","position":1,"name":"Portada","item":"http:\/\/www.reconoce.mx\/"},{"@type":"ListItem","position":2,"name":"&#8216;Pajarito&#8217;, de Sotomayor"}]},{"@type":"WebSite","@id":"http:\/\/www.reconoce.mx\/#website","url":"http:\/\/www.reconoce.mx\/","name":"Reconoce MX","description":"En Reconoce MX difundimos arte, cultura y conciencia social en M\u00e9xico. Tu ciudad en otra perspectiva.","publisher":{"@id":"http:\/\/www.reconoce.mx\/#organization"},"potentialAction":[{"@type":"SearchAction","target":{"@type":"EntryPoint","urlTemplate":"http:\/\/www.reconoce.mx\/?s={search_term_string}"},"query-input":{"@type":"PropertyValueSpecification","valueRequired":true,"valueName":"search_term_string"}}],"inLanguage":"es"},{"@type":"Organization","@id":"http:\/\/www.reconoce.mx\/#organization","name":"Reconoce MX","url":"http:\/\/www.reconoce.mx\/","logo":{"@type":"ImageObject","inLanguage":"es","@id":"http:\/\/www.reconoce.mx\/#\/schema\/logo\/image\/","url":"https:\/\/www.reconoce.mx\/wp-content\/uploads\/2019\/03\/logorcmx-good-1.png","contentUrl":"https:\/\/www.reconoce.mx\/wp-content\/uploads\/2019\/03\/logorcmx-good-1.png","width":280,"height":90,"caption":"Reconoce MX"},"image":{"@id":"http:\/\/www.reconoce.mx\/#\/schema\/logo\/image\/"},"sameAs":["https:\/\/es-la.facebook.com\/ReconoceMX\/","https:\/\/x.com\/reconocemx","http:\/\/@reconocemx"]},{"@type":"Person","@id":"http:\/\/www.reconoce.mx\/#\/schema\/person\/2117e997d7051dc15d6880eaf9bca0b2","name":"Reconoce MX","image":{"@type":"ImageObject","inLanguage":"es","@id":"http:\/\/www.reconoce.mx\/#\/schema\/person\/image\/","url":"https:\/\/secure.gravatar.com\/avatar\/6c8d4dc7569ca1c90c5fdcc349f839d5ddef6fe1e70b4337ead2ef1a4c43fc3a?s=96&d=identicon&r=g","contentUrl":"https:\/\/secure.gravatar.com\/avatar\/6c8d4dc7569ca1c90c5fdcc349f839d5ddef6fe1e70b4337ead2ef1a4c43fc3a?s=96&d=identicon&r=g","caption":"Reconoce MX"},"description":"Reconoce MX es un proyecto de difusi\u00f3n art\u00edstica, cultural y de conciencia social que est\u00e1 enfocado a difundir y fomentar el entretenimiento alternativo de calidad para todo el p\u00fablico que comparta el mismo entusiasmo.","sameAs":["http:\/\/www.reconoce.mx"],"url":"http:\/\/www.reconoce.mx\/?author=2"}]}},"_links":{"self":[{"href":"http:\/\/www.reconoce.mx\/index.php?rest_route=\/wp\/v2\/posts\/49691","targetHints":{"allow":["GET"]}}],"collection":[{"href":"http:\/\/www.reconoce.mx\/index.php?rest_route=\/wp\/v2\/posts"}],"about":[{"href":"http:\/\/www.reconoce.mx\/index.php?rest_route=\/wp\/v2\/types\/post"}],"author":[{"embeddable":true,"href":"http:\/\/www.reconoce.mx\/index.php?rest_route=\/wp\/v2\/users\/2"}],"replies":[{"embeddable":true,"href":"http:\/\/www.reconoce.mx\/index.php?rest_route=%2Fwp%2Fv2%2Fcomments&post=49691"}],"version-history":[{"count":3,"href":"http:\/\/www.reconoce.mx\/index.php?rest_route=\/wp\/v2\/posts\/49691\/revisions"}],"predecessor-version":[{"id":49695,"href":"http:\/\/www.reconoce.mx\/index.php?rest_route=\/wp\/v2\/posts\/49691\/revisions\/49695"}],"wp:featuredmedia":[{"embeddable":true,"href":"http:\/\/www.reconoce.mx\/index.php?rest_route=\/wp\/v2\/media\/49692"}],"wp:attachment":[{"href":"http:\/\/www.reconoce.mx\/index.php?rest_route=%2Fwp%2Fv2%2Fmedia&parent=49691"}],"wp:term":[{"taxonomy":"category","embeddable":true,"href":"http:\/\/www.reconoce.mx\/index.php?rest_route=%2Fwp%2Fv2%2Fcategories&post=49691"},{"taxonomy":"post_tag","embeddable":true,"href":"http:\/\/www.reconoce.mx\/index.php?rest_route=%2Fwp%2Fv2%2Ftags&post=49691"}],"curies":[{"name":"wp","href":"https:\/\/api.w.org\/{rel}","templated":true}]}}