{"id":49728,"date":"2016-07-11T00:07:02","date_gmt":"2016-07-11T05:07:02","guid":{"rendered":"http:\/\/www.reconoce.mx\/?p=49728"},"modified":"2016-07-11T17:48:43","modified_gmt":"2016-07-11T22:48:43","slug":"nuevos-y-solidos-personajes-no-cambios-a-los-ya-establecidos","status":"publish","type":"post","link":"http:\/\/www.reconoce.mx\/?p=49728","title":{"rendered":"Nuevos y s\u00f3lidos personajes, no cambios a los ya establecidos"},"content":{"rendered":"<p><a href=\"http:\/\/www.reconoce.mx\/category\/columnistas\/la-ballesta-de-mascatabaco\/\"><img loading=\"lazy\" decoding=\"async\" class=\"aligncenter size-full wp-image-42011\" src=\"http:\/\/www.reconoce.mx\/wp-content\/uploads\/2015\/05\/la-ballesta.png\" alt=\"la-ballesta\" width=\"570\" height=\"70\" srcset=\"http:\/\/www.reconoce.mx\/wp-content\/uploads\/2015\/05\/la-ballesta.png 570w, http:\/\/www.reconoce.mx\/wp-content\/uploads\/2015\/05\/la-ballesta-300x37.png 300w, http:\/\/www.reconoce.mx\/wp-content\/uploads\/2015\/05\/la-ballesta-150x18.png 150w\" sizes=\"auto, (max-width: 570px) 100vw, 570px\" \/><\/a><strong><br \/>\nPor <a title=\"@AsfaltosTweets\" href=\"http:\/\/twitter.com\/AsfaltosTweets\" target=\"_blank\">Asfaltos<\/a><\/strong>.<\/p>\n<p>La semana pasada, en una nota que gener\u00f3 pol\u00e9mica, se dio a conocer que el timonel del <strong>USS Enterprise<\/strong> en la pr\u00f3xima pel\u00edcula de la serie <strong>Star Trek<\/strong><strong>, <strong>Hikaru Sulu<\/strong><\/strong>, ser\u00eda presentado como formalmente gay. La decisi\u00f3n era tomada como un homenaje al actor de la serie original y las primeras pel\u00edculas de <strong>Star Trek<\/strong>, <strong>George Takei<\/strong>, quien es un reconocido activista a favor de la comunidad LGBTTTIQ, a la cual pertenece.<\/p>\n<p><img loading=\"lazy\" decoding=\"async\" class=\"aligncenter size-full wp-image-49729\" src=\"http:\/\/www.reconoce.mx\/wp-content\/uploads\/2016\/07\/sulu-new.png\" alt=\"sulu-new\" width=\"590\" height=\"380\" srcset=\"http:\/\/www.reconoce.mx\/wp-content\/uploads\/2016\/07\/sulu-new.png 590w, http:\/\/www.reconoce.mx\/wp-content\/uploads\/2016\/07\/sulu-new-300x193.png 300w, http:\/\/www.reconoce.mx\/wp-content\/uploads\/2016\/07\/sulu-new-150x97.png 150w\" sizes=\"auto, (max-width: 590px) 100vw, 590px\" \/><\/p>\n<p>Un gui\u00f1o tomado en conjunto por el escritor<strong> Simon Pegg<\/strong> y el director <strong>Justin Lin<\/strong>, de la pr\u00f3xima pel\u00edcula \u00abStar Trek Beyond\u00bb, har\u00eda que <strong>Hikaru Sulu<\/strong> fuera formalmente el primer miembro de la tribulaci\u00f3n de la comunidad LGBTTTIQ, que se esperaba fuera visto con gusto por quienes son activistas de la misma. Si bien puede ser que la decisi\u00f3n fuera tomada desde antes, la noticia hizo tambi\u00e9n mucho eco a ra\u00edz de los recientes espantosos asesinatos ocurridos en Orlando, Florida.<\/p>\n<p><strong>John Cho<\/strong>, actor que actualmente interpreta a Sulu en las nuevas <strong>Star Trek<\/strong>, revel\u00f3 que la orientaci\u00f3n sexual de su personaje ser\u00eda revelada con indiferencia, y de ninguna manera como un factor de relevancia en la historia. \u00abMe gust\u00f3 el enfoque, que era no hacerlo la gran cosa\u00bb, comparti\u00f3 Cho al diario asurtaliano <strong>Herald Sun<\/strong>, \u00aby que es donde espero que vayamos todos como especie, a no politizar las orientaciones personales\u00bb.<\/p>\n<p>Sin embargo, en un giro que evidentemente no esperaban los que tomaron la decisi\u00f3n, el propio <strong>George Takei<\/strong> alz\u00f3 la voz para mostrar su disgusto por la decisi\u00f3n.<\/p>\n<p><iframe loading=\"lazy\" src=\"https:\/\/www.youtube.com\/embed\/AbtqKzsoLlQ?rel=0\" width=\"590\" height=\"443\" frameborder=\"0\" allowfullscreen=\"allowfullscreen\"><\/iframe><\/p>\n<p>\u00abEstoy encantado de que haya un personaje gay\u00bb, comparti\u00f3 Takei a la prestigiada revsta de cine<strong> The Hollywood Reporter<\/strong>, \u00abpero por desgracia se trata de una vuelta a la creaci\u00f3n de <strong>Gene Roddenberry <\/strong>(creador de <strong>Star Trek<\/strong>), a la que \u00e9l le puso tanto empe\u00f1o. Creo que es realmente lamentable\u00bb, concluy\u00f3.<\/p>\n<p>\u00a1\u00bfC\u00f3mo, por qu\u00e9?! Para muchos los comentarios de <strong>George Takei<\/strong> eran absolutamente incomprensibles, pues adem\u00e1s de ser un homenaje para su propia figura, significaba sin duda un gran paso para la comunidad LGBTTTIQ, para la cual contar con un representante en una franquicia como la de <strong>Star Trek<\/strong> no es de ninguna manera poca cosa. Pero a ver, vayamos un poco m\u00e1s a fondo con lo comentado por \u00abel Sulu original\u00bb.<\/p>\n<p>No, <strong>George Takei<\/strong> no est\u00e1 en contra de la presencia de un personaje homosexual en las pel\u00edcula; lo que s\u00ed no le parece es que ese personaje sea el suyo, <strong>Hikaru Sulu<\/strong>. De hecho, en la misma <strong>The Hollywood Reporter<\/strong>, se comparte que fue el propio Takei quien trat\u00f3 de convencer a los nuevos responsables de <strong>Star Trek<\/strong>, de que lo mejor era crear un nuevo personaje que fuera homosexual, y no tanto cambiar a los que ya se han establecido por tantos a\u00f1os en el imaginario de los millones de seguidores de la serie.<\/p>\n<p><iframe loading=\"lazy\" src=\"https:\/\/www.youtube.com\/embed\/4FBk27MpZbQ?rel=0\" width=\"590\" height=\"332\" frameborder=\"0\" allowfullscreen=\"allowfullscreen\"><\/iframe><\/p>\n<p>Adem\u00e1s, en el que es el marco del 50 aniversario de <strong>Star Trek<\/strong>, lo ideal habr\u00eda sido no trastocar la visi\u00f3n original del creador, para el que Sulu siempre fue un personaje heterosexual, inclusive si no se toc\u00f3 de manera directa en la serie de televisi\u00f3n ni en las pel\u00edculas con un inter\u00e9s amoroso.<\/p>\n<p>Fue tambi\u00e9n Takei quien revel\u00f3 que \u00e9l mismo en los a\u00f1os de la serie de televisi\u00f3n, abord\u00f3 a <strong>Roddenberry<\/strong> con la idea de introducir la lucha de la comunidad LGBTTTIQ; que si bien tambi\u00e9n era apoyada por el propio creador, no quiso forzar su menci\u00f3n debido a las otras tem\u00e1ticas complejas que s\u00ed incluy\u00f3 en su trabajo, como lo fueron las alegor\u00edas a los movimientos por los derechos civiles, as\u00ed como a las protestas por la guerra de Vietnam,<\/p>\n<p>Pero&#8230; \u00bfy por qu\u00e9 tanto \u00abesc\u00e1ndalo\u00bb de Takei? Si no quedaba clara la orientaci\u00f3n sexual de su personaje Sulu, y el propio creador simpatizaba en cierto punto con la comunidad LGBTTTIQ, \u00bfpor qu\u00e9 rechazar este sentido homenaje hacia su persona? Lo dicho, porque esa no era \u00abla visi\u00f3n\u00bb de su creador.<\/p>\n<p><iframe loading=\"lazy\" src=\"https:\/\/www.youtube.com\/embed\/Km58JSP6WNM?rel=0\" width=\"590\" height=\"332\" frameborder=\"0\" allowfullscreen=\"allowfullscreen\"><\/iframe><\/p>\n<p>Es decir, lo que revela Takei sin querer, es su visi\u00f3n de que en la actualidad, donde por las ganas inmensas de quererse adaptar a los tiempos y ser pol\u00edticamente correctos, la decisi\u00f3n de cambiar a los personajes previamente ya establecidos resulta un error. Personalmente, ahora s\u00ed de mi cosecha, refleja tambi\u00e9n cierta comodidad y camino f\u00e1cil de los nuevos responsables de historias cl\u00e1sicas, quienes muestran una vez m\u00e1s la falta de imaginaci\u00f3n o nulas ganas de riesgo de quienes deber\u00edan ser responsables tambi\u00e9n de la creaci\u00f3n de nuevas historias y nuevos personajes.<\/p>\n<p>Ah\u00ed est\u00e1n, por ejemplo, los ecos de quienes piden un <strong>James Bond<\/strong> de piel oscura e inclusive mujer, situaci\u00f3n que no se justifica por el hecho de que su creador estableci\u00f3 un personaje con las caracter\u00edsticas que le conocemos; aunque se entiende tambi\u00e9n que se pide de manera ruidosa por la intenci\u00f3n de abrir espacio a las comunidades afroamericanas y de mujeres, para quienes ser\u00eda un aut\u00e9ntico logro verse reflejados en personajes con tanto poder medi\u00e1tico como un <strong>James Bond<\/strong>.<\/p>\n<p>Ojo, s\u00e9 que me estoy metiendo en camisa de once varas, pero como el propio <strong>George Takei<\/strong> defendi\u00f3, de ninguna manera estoy en contra de que se abran nuevos espacios para las minor\u00edas, o el g\u00e9nero femenino. Es m\u00e1s, si en la pr\u00f3xima \u00abGhostbusters\u00bb las nuevas integrantes se presentan como -parecen ser- herederas de los cuatro miembros originales que conocimos, y no simplemente como sus reemplazos sin mencionarlos, me parecer\u00eda bienvenid\u00edsima la decisi\u00f3n porque se estar\u00edan presentando nuevos personajes que tomar\u00edan la estafeta, y no modificando a los originales. \u00bfMe explico?<\/p>\n<p><iframe loading=\"lazy\" src=\"https:\/\/www.youtube.com\/embed\/nxiC0nQiZbY?rel=0\" width=\"590\" height=\"332\" frameborder=\"0\" allowfullscreen=\"allowfullscreen\"><\/iframe><\/p>\n<p>Lo mismo sucede con las versiones femeninas que hemos estado viendo de los nuevos h\u00e9roes de <strong>Marvel<\/strong>, donde ya nos encontramos con una <strong>Thor<\/strong> mujer y una <strong>Spider-Gwen<\/strong> (chica tambi\u00e9n), quienes no resultan modificaciones de los personajes originales, sino herederas de \u00e9stos.<\/p>\n<p>Todo lo anterior es bienvenido, \u00bfpero no ser\u00eda ideal que en todo caso se nos presentaran tambi\u00e9n nuevos personajes verdaderamente s\u00f3lidos, con estas caracter\u00edsticas? Un caso, por ejemplo, es el de <strong>Rey<\/strong> en \u00abStar Wars: The Force Awakens\u00bb, donde se nos introduce un personaje femenino con la fuerza de las mujeres de siempre, pero con gui\u00f1os al nuevo papel femenino de hoy. Otros personaje ahora s\u00ed completamentes nuevo, son <strong>Katniss Everdeen<\/strong> de \u00abThe Hunger Games\u00bb o <strong>M\u00e9rida<\/strong> de \u00abBrave\u00bb. \u00bfPor qu\u00e9 no, entonces, crear un agente secreto, un superh\u00e9roe o inclusive un nuevo capit\u00e1n del <strong>USS Enterprise<\/strong> homosexual, en lugar del c\u00f3modo camino de trastocar a los ya existentes y previamente establecidos?<\/p>\n<p>Lo que el comentario de <strong>George Takei<\/strong> refleja ante todo, es que a los creativos del cine lo que les hace falta, entre otras cosas, son las ideas frescas y las ganas de arriesgarse. Claro que es v\u00e1lido replantearse a los personajes ya existentes, claro que las versiones de \u00e9stos ir\u00e1n modific\u00e1ndose con el paso de los a\u00f1os, y que tambi\u00e9n es parte de que \u00e9stos sean adoptados por la cultura pop que tan exitosos les ha vuelto, pero insisto, \u00bfno ser\u00eda mejor enamorarnos de nuevos personajes s\u00f3lidos con las caracter\u00edsticas de los tiempos que vivimos hoy? Es pregunta.<\/p>\n<p>RUGIDO DE LA SEMANA: Me lanc\u00e9 recientemente a dos obras de teatro. Todo bien, me encanta el teatro, pero&#8230; para serles francos no me encanta la idea de que se haga subir a miembros del p\u00fablico para, de alguna u otra manera, ridiculizarlos frente a los dem\u00e1s. Es probable que la intenci\u00f3n de los escritores de ambas puestas en escena a las que acud\u00ed no sea esa, pero al final ese es parte del resultado. Todo m\u00e1s o menos bien si se le preguntara al espectador si quiere o no subir, pero este no es el caso, ya que de alguna manera pidi\u00e9ndoselos al pobre o a la pobre en cuesti\u00f3n, \u00e9stos no tienen mayor remedio que aceptar. Entiendo absolutamente que una parte importante del teatro es involucrar a los espectadores, pero para algunos, como su servidor, el subirse al escenario es exponerse a varias cosas que uno simplemente no ten\u00eda pensado al momento de s\u00ed, pagar por pasar un buen rato. Deber\u00eda de tomarse en cuenta este tipo de comentarios, porque de lo contrario a quienes les parece un poco inc\u00f3moda la situaci\u00f3n, lo que est\u00e1n haciendo es ahuyentarlo de futuras experiencias teatrales&#8230; Ojo.<\/p>\n<blockquote><p><a href=\"http:\/\/www.reconoce.mx\/wp-content\/uploads\/2016\/03\/968932_515227815190918_654397283_n-e1459260491114.jpg\"><img loading=\"lazy\" decoding=\"async\" class=\"alignleft size-thumbnail wp-image-39872\" src=\"http:\/\/www.reconoce.mx\/wp-content\/uploads\/2016\/03\/968932_515227815190918_654397283_n-e1459260491114.jpg\" alt=\"IMG_5743\" width=\"150\" height=\"150\" \/><\/a><strong>Asfaltos<\/strong>. Sobrevivo en una ciudad junto a millones de personas. \u00bfMexique\u00f1o? Me enamoro r\u00e1pido y olvido dif\u00edcilmente. Amo la m\u00fasica, el cine, los c\u00f3mics, las mujeres y -\u00faltimamente gracias a los servicios de <em>streaming<\/em>&#8211; las series tambi\u00e9n. Vivo la vida a trav\u00e9s de letras y melod\u00edas. M\u00fasico frustrado. Me pueden encontrar escuchando U2, Radiohead y Coldplay; as\u00ed como Grand Funk Railroad, Styx y Eric Burdon; Chetes, Jumbo y Siddhartha; y hasta Jesse &amp; Joy, Silverio y Aleks Syntek. Batman y Star Wars mis pasiones; tambi\u00e9n el Cruz Azul, pero ya saben&#8230; subcampeon\u00edsimo. Sobreviviente y n\u00e1ufrago; ermita\u00f1o que odia la soledad.<\/p><\/blockquote>\n<p>&nbsp;<\/p>\n<p>&nbsp;<\/p>\n","protected":false},"excerpt":{"rendered":"<p>La semana pasada, en una nota que gener\u00f3 pol\u00e9mica, se dio a conocer que el timonel del USS Enterprise en la pr\u00f3xima pel\u00edcula de la serie Star Trek, Hikaru Sulu, ser\u00eda presentado como formalmente gay.<\/p>\n","protected":false},"author":2,"featured_media":49730,"comment_status":"open","ping_status":"open","sticky":false,"template":"","format":"standard","meta":{"footnotes":""},"categories":[16,2602,17],"tags":[],"class_list":["post-49728","post","type-post","status-publish","format-standard","has-post-thumbnail","hentry","category-columnistas","category-la-ballesta-de-mascatabaco","category-principal"],"yoast_head":"<!-- This site is optimized with the Yoast SEO plugin v24.7 - https:\/\/yoast.com\/wordpress\/plugins\/seo\/ -->\n<title>Nuevos y s\u00f3lidos personajes, no cambios a los ya establecidos &#171; Reconoce MX<\/title>\n<meta name=\"robots\" content=\"index, follow, max-snippet:-1, max-image-preview:large, max-video-preview:-1\" \/>\n<link rel=\"canonical\" href=\"https:\/\/www.reconoce.mx\/?p=49728\" \/>\n<meta property=\"og:locale\" content=\"es_ES\" \/>\n<meta property=\"og:type\" content=\"article\" \/>\n<meta property=\"og:title\" content=\"Nuevos y s\u00f3lidos personajes, no cambios a los ya establecidos &#171; Reconoce MX\" \/>\n<meta property=\"og:description\" content=\"La semana pasada, en una nota que gener\u00f3 pol\u00e9mica, se dio a conocer que el timonel del USS Enterprise en la pr\u00f3xima pel\u00edcula de la serie Star Trek, Hikaru Sulu, ser\u00eda presentado como formalmente gay.\" \/>\n<meta property=\"og:url\" content=\"https:\/\/www.reconoce.mx\/?p=49728\" \/>\n<meta property=\"og:site_name\" content=\"Reconoce MX\" \/>\n<meta property=\"article:publisher\" content=\"https:\/\/es-la.facebook.com\/ReconoceMX\/\" \/>\n<meta property=\"article:published_time\" content=\"2016-07-11T05:07:02+00:00\" \/>\n<meta property=\"article:modified_time\" content=\"2016-07-11T22:48:43+00:00\" \/>\n<meta property=\"og:image\" content=\"https:\/\/www.reconoce.mx\/wp-content\/uploads\/2016\/07\/sulu-old.png\" \/>\n\t<meta property=\"og:image:width\" content=\"590\" \/>\n\t<meta property=\"og:image:height\" content=\"380\" \/>\n\t<meta property=\"og:image:type\" content=\"image\/png\" \/>\n<meta name=\"author\" content=\"Reconoce MX\" \/>\n<meta name=\"twitter:card\" content=\"summary_large_image\" \/>\n<meta name=\"twitter:creator\" content=\"@reconocemx\" \/>\n<meta name=\"twitter:site\" content=\"@reconocemx\" \/>\n<meta name=\"twitter:label1\" content=\"Escrito por\" \/>\n\t<meta name=\"twitter:data1\" content=\"Reconoce MX\" \/>\n\t<meta name=\"twitter:label2\" content=\"Tiempo de lectura\" \/>\n\t<meta name=\"twitter:data2\" content=\"8 minutos\" \/>\n<script type=\"application\/ld+json\" class=\"yoast-schema-graph\">{\"@context\":\"https:\/\/schema.org\",\"@graph\":[{\"@type\":\"Article\",\"@id\":\"https:\/\/www.reconoce.mx\/?p=49728#article\",\"isPartOf\":{\"@id\":\"https:\/\/www.reconoce.mx\/?p=49728\"},\"author\":{\"name\":\"Reconoce MX\",\"@id\":\"http:\/\/www.reconoce.mx\/#\/schema\/person\/2117e997d7051dc15d6880eaf9bca0b2\"},\"headline\":\"Nuevos y s\u00f3lidos personajes, no cambios a los ya establecidos\",\"datePublished\":\"2016-07-11T05:07:02+00:00\",\"dateModified\":\"2016-07-11T22:48:43+00:00\",\"mainEntityOfPage\":{\"@id\":\"https:\/\/www.reconoce.mx\/?p=49728\"},\"wordCount\":1591,\"commentCount\":0,\"publisher\":{\"@id\":\"http:\/\/www.reconoce.mx\/#organization\"},\"image\":{\"@id\":\"https:\/\/www.reconoce.mx\/?p=49728#primaryimage\"},\"thumbnailUrl\":\"http:\/\/www.reconoce.mx\/wp-content\/uploads\/2016\/07\/sulu-old.png\",\"articleSection\":[\"Columnistas\",\"La ballesta de Mascatabaco\",\"Principal\"],\"inLanguage\":\"es\",\"potentialAction\":[{\"@type\":\"CommentAction\",\"name\":\"Comment\",\"target\":[\"https:\/\/www.reconoce.mx\/?p=49728#respond\"]}]},{\"@type\":\"WebPage\",\"@id\":\"https:\/\/www.reconoce.mx\/?p=49728\",\"url\":\"https:\/\/www.reconoce.mx\/?p=49728\",\"name\":\"Nuevos y s\u00f3lidos personajes, no cambios a los ya establecidos &#171; Reconoce MX\",\"isPartOf\":{\"@id\":\"http:\/\/www.reconoce.mx\/#website\"},\"primaryImageOfPage\":{\"@id\":\"https:\/\/www.reconoce.mx\/?p=49728#primaryimage\"},\"image\":{\"@id\":\"https:\/\/www.reconoce.mx\/?p=49728#primaryimage\"},\"thumbnailUrl\":\"http:\/\/www.reconoce.mx\/wp-content\/uploads\/2016\/07\/sulu-old.png\",\"datePublished\":\"2016-07-11T05:07:02+00:00\",\"dateModified\":\"2016-07-11T22:48:43+00:00\",\"breadcrumb\":{\"@id\":\"https:\/\/www.reconoce.mx\/?p=49728#breadcrumb\"},\"inLanguage\":\"es\",\"potentialAction\":[{\"@type\":\"ReadAction\",\"target\":[\"https:\/\/www.reconoce.mx\/?p=49728\"]}]},{\"@type\":\"ImageObject\",\"inLanguage\":\"es\",\"@id\":\"https:\/\/www.reconoce.mx\/?p=49728#primaryimage\",\"url\":\"http:\/\/www.reconoce.mx\/wp-content\/uploads\/2016\/07\/sulu-old.png\",\"contentUrl\":\"http:\/\/www.reconoce.mx\/wp-content\/uploads\/2016\/07\/sulu-old.png\",\"width\":590,\"height\":380},{\"@type\":\"BreadcrumbList\",\"@id\":\"https:\/\/www.reconoce.mx\/?p=49728#breadcrumb\",\"itemListElement\":[{\"@type\":\"ListItem\",\"position\":1,\"name\":\"Portada\",\"item\":\"http:\/\/www.reconoce.mx\/\"},{\"@type\":\"ListItem\",\"position\":2,\"name\":\"Nuevos y s\u00f3lidos personajes, no cambios a los ya establecidos\"}]},{\"@type\":\"WebSite\",\"@id\":\"http:\/\/www.reconoce.mx\/#website\",\"url\":\"http:\/\/www.reconoce.mx\/\",\"name\":\"Reconoce MX\",\"description\":\"En Reconoce MX difundimos arte, cultura y conciencia social en M\u00e9xico. Tu ciudad en otra perspectiva.\",\"publisher\":{\"@id\":\"http:\/\/www.reconoce.mx\/#organization\"},\"potentialAction\":[{\"@type\":\"SearchAction\",\"target\":{\"@type\":\"EntryPoint\",\"urlTemplate\":\"http:\/\/www.reconoce.mx\/?s={search_term_string}\"},\"query-input\":{\"@type\":\"PropertyValueSpecification\",\"valueRequired\":true,\"valueName\":\"search_term_string\"}}],\"inLanguage\":\"es\"},{\"@type\":\"Organization\",\"@id\":\"http:\/\/www.reconoce.mx\/#organization\",\"name\":\"Reconoce MX\",\"url\":\"http:\/\/www.reconoce.mx\/\",\"logo\":{\"@type\":\"ImageObject\",\"inLanguage\":\"es\",\"@id\":\"http:\/\/www.reconoce.mx\/#\/schema\/logo\/image\/\",\"url\":\"https:\/\/www.reconoce.mx\/wp-content\/uploads\/2019\/03\/logorcmx-good-1.png\",\"contentUrl\":\"https:\/\/www.reconoce.mx\/wp-content\/uploads\/2019\/03\/logorcmx-good-1.png\",\"width\":280,\"height\":90,\"caption\":\"Reconoce MX\"},\"image\":{\"@id\":\"http:\/\/www.reconoce.mx\/#\/schema\/logo\/image\/\"},\"sameAs\":[\"https:\/\/es-la.facebook.com\/ReconoceMX\/\",\"https:\/\/x.com\/reconocemx\",\"http:\/\/@reconocemx\"]},{\"@type\":\"Person\",\"@id\":\"http:\/\/www.reconoce.mx\/#\/schema\/person\/2117e997d7051dc15d6880eaf9bca0b2\",\"name\":\"Reconoce MX\",\"image\":{\"@type\":\"ImageObject\",\"inLanguage\":\"es\",\"@id\":\"http:\/\/www.reconoce.mx\/#\/schema\/person\/image\/\",\"url\":\"https:\/\/secure.gravatar.com\/avatar\/6c8d4dc7569ca1c90c5fdcc349f839d5ddef6fe1e70b4337ead2ef1a4c43fc3a?s=96&d=identicon&r=g\",\"contentUrl\":\"https:\/\/secure.gravatar.com\/avatar\/6c8d4dc7569ca1c90c5fdcc349f839d5ddef6fe1e70b4337ead2ef1a4c43fc3a?s=96&d=identicon&r=g\",\"caption\":\"Reconoce MX\"},\"description\":\"Reconoce MX es un proyecto de difusi\u00f3n art\u00edstica, cultural y de conciencia social que est\u00e1 enfocado a difundir y fomentar el entretenimiento alternativo de calidad para todo el p\u00fablico que comparta el mismo entusiasmo.\",\"sameAs\":[\"http:\/\/www.reconoce.mx\"],\"url\":\"http:\/\/www.reconoce.mx\/?author=2\"}]}<\/script>\n<!-- \/ Yoast SEO plugin. -->","yoast_head_json":{"title":"Nuevos y s\u00f3lidos personajes, no cambios a los ya establecidos &#171; Reconoce MX","robots":{"index":"index","follow":"follow","max-snippet":"max-snippet:-1","max-image-preview":"max-image-preview:large","max-video-preview":"max-video-preview:-1"},"canonical":"https:\/\/www.reconoce.mx\/?p=49728","og_locale":"es_ES","og_type":"article","og_title":"Nuevos y s\u00f3lidos personajes, no cambios a los ya establecidos &#171; Reconoce MX","og_description":"La semana pasada, en una nota que gener\u00f3 pol\u00e9mica, se dio a conocer que el timonel del USS Enterprise en la pr\u00f3xima pel\u00edcula de la serie Star Trek, Hikaru Sulu, ser\u00eda presentado como formalmente gay.","og_url":"https:\/\/www.reconoce.mx\/?p=49728","og_site_name":"Reconoce MX","article_publisher":"https:\/\/es-la.facebook.com\/ReconoceMX\/","article_published_time":"2016-07-11T05:07:02+00:00","article_modified_time":"2016-07-11T22:48:43+00:00","og_image":[{"width":590,"height":380,"url":"https:\/\/www.reconoce.mx\/wp-content\/uploads\/2016\/07\/sulu-old.png","type":"image\/png"}],"author":"Reconoce MX","twitter_card":"summary_large_image","twitter_creator":"@reconocemx","twitter_site":"@reconocemx","twitter_misc":{"Escrito por":"Reconoce MX","Tiempo de lectura":"8 minutos"},"schema":{"@context":"https:\/\/schema.org","@graph":[{"@type":"Article","@id":"https:\/\/www.reconoce.mx\/?p=49728#article","isPartOf":{"@id":"https:\/\/www.reconoce.mx\/?p=49728"},"author":{"name":"Reconoce MX","@id":"http:\/\/www.reconoce.mx\/#\/schema\/person\/2117e997d7051dc15d6880eaf9bca0b2"},"headline":"Nuevos y s\u00f3lidos personajes, no cambios a los ya establecidos","datePublished":"2016-07-11T05:07:02+00:00","dateModified":"2016-07-11T22:48:43+00:00","mainEntityOfPage":{"@id":"https:\/\/www.reconoce.mx\/?p=49728"},"wordCount":1591,"commentCount":0,"publisher":{"@id":"http:\/\/www.reconoce.mx\/#organization"},"image":{"@id":"https:\/\/www.reconoce.mx\/?p=49728#primaryimage"},"thumbnailUrl":"http:\/\/www.reconoce.mx\/wp-content\/uploads\/2016\/07\/sulu-old.png","articleSection":["Columnistas","La ballesta de Mascatabaco","Principal"],"inLanguage":"es","potentialAction":[{"@type":"CommentAction","name":"Comment","target":["https:\/\/www.reconoce.mx\/?p=49728#respond"]}]},{"@type":"WebPage","@id":"https:\/\/www.reconoce.mx\/?p=49728","url":"https:\/\/www.reconoce.mx\/?p=49728","name":"Nuevos y s\u00f3lidos personajes, no cambios a los ya establecidos &#171; Reconoce MX","isPartOf":{"@id":"http:\/\/www.reconoce.mx\/#website"},"primaryImageOfPage":{"@id":"https:\/\/www.reconoce.mx\/?p=49728#primaryimage"},"image":{"@id":"https:\/\/www.reconoce.mx\/?p=49728#primaryimage"},"thumbnailUrl":"http:\/\/www.reconoce.mx\/wp-content\/uploads\/2016\/07\/sulu-old.png","datePublished":"2016-07-11T05:07:02+00:00","dateModified":"2016-07-11T22:48:43+00:00","breadcrumb":{"@id":"https:\/\/www.reconoce.mx\/?p=49728#breadcrumb"},"inLanguage":"es","potentialAction":[{"@type":"ReadAction","target":["https:\/\/www.reconoce.mx\/?p=49728"]}]},{"@type":"ImageObject","inLanguage":"es","@id":"https:\/\/www.reconoce.mx\/?p=49728#primaryimage","url":"http:\/\/www.reconoce.mx\/wp-content\/uploads\/2016\/07\/sulu-old.png","contentUrl":"http:\/\/www.reconoce.mx\/wp-content\/uploads\/2016\/07\/sulu-old.png","width":590,"height":380},{"@type":"BreadcrumbList","@id":"https:\/\/www.reconoce.mx\/?p=49728#breadcrumb","itemListElement":[{"@type":"ListItem","position":1,"name":"Portada","item":"http:\/\/www.reconoce.mx\/"},{"@type":"ListItem","position":2,"name":"Nuevos y s\u00f3lidos personajes, no cambios a los ya establecidos"}]},{"@type":"WebSite","@id":"http:\/\/www.reconoce.mx\/#website","url":"http:\/\/www.reconoce.mx\/","name":"Reconoce MX","description":"En Reconoce MX difundimos arte, cultura y conciencia social en M\u00e9xico. Tu ciudad en otra perspectiva.","publisher":{"@id":"http:\/\/www.reconoce.mx\/#organization"},"potentialAction":[{"@type":"SearchAction","target":{"@type":"EntryPoint","urlTemplate":"http:\/\/www.reconoce.mx\/?s={search_term_string}"},"query-input":{"@type":"PropertyValueSpecification","valueRequired":true,"valueName":"search_term_string"}}],"inLanguage":"es"},{"@type":"Organization","@id":"http:\/\/www.reconoce.mx\/#organization","name":"Reconoce MX","url":"http:\/\/www.reconoce.mx\/","logo":{"@type":"ImageObject","inLanguage":"es","@id":"http:\/\/www.reconoce.mx\/#\/schema\/logo\/image\/","url":"https:\/\/www.reconoce.mx\/wp-content\/uploads\/2019\/03\/logorcmx-good-1.png","contentUrl":"https:\/\/www.reconoce.mx\/wp-content\/uploads\/2019\/03\/logorcmx-good-1.png","width":280,"height":90,"caption":"Reconoce MX"},"image":{"@id":"http:\/\/www.reconoce.mx\/#\/schema\/logo\/image\/"},"sameAs":["https:\/\/es-la.facebook.com\/ReconoceMX\/","https:\/\/x.com\/reconocemx","http:\/\/@reconocemx"]},{"@type":"Person","@id":"http:\/\/www.reconoce.mx\/#\/schema\/person\/2117e997d7051dc15d6880eaf9bca0b2","name":"Reconoce MX","image":{"@type":"ImageObject","inLanguage":"es","@id":"http:\/\/www.reconoce.mx\/#\/schema\/person\/image\/","url":"https:\/\/secure.gravatar.com\/avatar\/6c8d4dc7569ca1c90c5fdcc349f839d5ddef6fe1e70b4337ead2ef1a4c43fc3a?s=96&d=identicon&r=g","contentUrl":"https:\/\/secure.gravatar.com\/avatar\/6c8d4dc7569ca1c90c5fdcc349f839d5ddef6fe1e70b4337ead2ef1a4c43fc3a?s=96&d=identicon&r=g","caption":"Reconoce MX"},"description":"Reconoce MX es un proyecto de difusi\u00f3n art\u00edstica, cultural y de conciencia social que est\u00e1 enfocado a difundir y fomentar el entretenimiento alternativo de calidad para todo el p\u00fablico que comparta el mismo entusiasmo.","sameAs":["http:\/\/www.reconoce.mx"],"url":"http:\/\/www.reconoce.mx\/?author=2"}]}},"_links":{"self":[{"href":"http:\/\/www.reconoce.mx\/index.php?rest_route=\/wp\/v2\/posts\/49728","targetHints":{"allow":["GET"]}}],"collection":[{"href":"http:\/\/www.reconoce.mx\/index.php?rest_route=\/wp\/v2\/posts"}],"about":[{"href":"http:\/\/www.reconoce.mx\/index.php?rest_route=\/wp\/v2\/types\/post"}],"author":[{"embeddable":true,"href":"http:\/\/www.reconoce.mx\/index.php?rest_route=\/wp\/v2\/users\/2"}],"replies":[{"embeddable":true,"href":"http:\/\/www.reconoce.mx\/index.php?rest_route=%2Fwp%2Fv2%2Fcomments&post=49728"}],"version-history":[{"count":6,"href":"http:\/\/www.reconoce.mx\/index.php?rest_route=\/wp\/v2\/posts\/49728\/revisions"}],"predecessor-version":[{"id":49736,"href":"http:\/\/www.reconoce.mx\/index.php?rest_route=\/wp\/v2\/posts\/49728\/revisions\/49736"}],"wp:featuredmedia":[{"embeddable":true,"href":"http:\/\/www.reconoce.mx\/index.php?rest_route=\/wp\/v2\/media\/49730"}],"wp:attachment":[{"href":"http:\/\/www.reconoce.mx\/index.php?rest_route=%2Fwp%2Fv2%2Fmedia&parent=49728"}],"wp:term":[{"taxonomy":"category","embeddable":true,"href":"http:\/\/www.reconoce.mx\/index.php?rest_route=%2Fwp%2Fv2%2Fcategories&post=49728"},{"taxonomy":"post_tag","embeddable":true,"href":"http:\/\/www.reconoce.mx\/index.php?rest_route=%2Fwp%2Fv2%2Ftags&post=49728"}],"curies":[{"name":"wp","href":"https:\/\/api.w.org\/{rel}","templated":true}]}}