{"id":49742,"date":"2016-07-12T00:05:19","date_gmt":"2016-07-12T05:05:19","guid":{"rendered":"http:\/\/www.reconoce.mx\/?p=49742"},"modified":"2016-07-12T09:08:14","modified_gmt":"2016-07-12T14:08:14","slug":"iniciativa-ciudadana-una-herramienta-desperdiciada-por-al-cnte","status":"publish","type":"post","link":"http:\/\/www.reconoce.mx\/?p=49742","title":{"rendered":"Iniciativa ciudadana, \u00bfuna herramienta desperdiciada por la CNTE?"},"content":{"rendered":"<p><strong>Por <a title=\"@danielhiga_al\" href=\"https:\/\/twitter.com\/danielhiga_al\" target=\"_blank\">Daniel Higa Alquicira<\/a>.<\/strong><\/p>\n<p>La situaci\u00f3n con el movimiento magisterial, que va presentando visos de encender a muchos estados del pa\u00eds, sigue siendo uno de los temas principales de la agenda pol\u00edtica y social de M\u00e9xico.<\/p>\n<p>Por un lado siguen los amagos de endurecer los bloqueos y las marchas, incluso de boicotear la fiesta de <strong>La Guelaguetza<\/strong> en Oaxaca. A nivel pol\u00edtico, tanto el gobierno federal como los l\u00edderes sindicales, mantienen esa fachada tan desconcertante en donde en cada reuni\u00f3n, las dos partes aseguran que est\u00e1n dispuestas al di\u00e1logo para buscar soluciones, mientras nada cambia y es como un discurso que se repite y se repite interminablemente.<\/p>\n<p>Pero algo importante ha de pasar ah\u00ed adentro, en esas reuniones, ya que siempre llegan a alg\u00fan acuerdo aunque no resuelvan de fondo los problemas.<\/p>\n<p>En este caso, el problema es la reforma educativa y sus consecuencias en las condiciones laborales de los maestros. Y aunque parezca un poco negativo este comentario, todo el tiempo pens\u00e9 que los m\u00e9todos tradicionales utilizados por los maestros de la <strong>CNTE<\/strong> no son los adecuados y que de esta forma, es dif\u00edcil lograr un cambio verdadero en el sistema educativo del pa\u00eds.<\/p>\n<p>Tambi\u00e9n discut\u00eda el viernes pasado, precisamente con algunos maestros de Ciudad de M\u00e9xico que no est\u00e1n de acuerdo con la reforma, que \u2013otra vez, desde mi perspectiva negativa\u2013, ya no basta con la presi\u00f3n que se puede ejercer al mostrar el m\u00fasculo, cerrar escuelas, marchar y manifestarse.<\/p>\n<p>Esto es algo que en el fondo imposibilita a los movimientos sociales ganar mayor apoyo y adeptos. Desgasta el ambiente, afecta de cierta manera a otros sectores y provoca tensi\u00f3n y enojo; adem\u00e1s de que el discurso pol\u00edtico que manejan los l\u00edderes sindicales ya no causa mayor impacto en la conciencia social, sobre todo en esos grupos que denigran estos movimientos.<\/p>\n<p>Me preguntaban entonces qu\u00e9 se pod\u00eda hacer y sorprendentemente, <strong>Jes\u00fas Ortega<\/strong> me dio la respuesta. Para este caso en particular, adem\u00e1s de mostrar el m\u00fasculo, se podr\u00eda trabajar en la elaboraci\u00f3n de una iniciativa ciudadana para promover un cambio en la ley en sus puntos m\u00e1s agresivos y da\u00f1inos con respecto a la estabilidad laboral de los maestros, que los hay y muchos.<\/p>\n<p>Pero esto no solo ser\u00eda un trabajo de los miembros del sindicato magisterial, sino que podr\u00eda integrar a otros muchos sectores de la sociedad; especialistas del tema, maestros, investigadores y sobre todo, aprovechar las bases sociales para recabar firmas, exponer en diversos foros los temas que podr\u00edan ser modificados y los beneficios que esto traer\u00eda para los maestros.<\/p>\n<p>Y voy m\u00e1s all\u00e1. Con este tipo de trabajos, tal vez \u2013y digo tal vez, porque en M\u00e9xico no hay certeza de c\u00f3mo actuar\u00e1n los legisladores en turno\u2013 se puede llegar a acuerdos no solo administrativos, laborales y pol\u00edticos, sino crear de manera colaborativa un modelo que de verdad sea el motor que eleve la calidad de la educaci\u00f3n en M\u00e9xico.<\/p>\n<p>Una iniciativa ciudadana es un proyecto de ley o decreto presentado por el equivalente al 0.13% de la lista nominal de electores para crear, reformar, adicionar, derogar o abrogar disposiciones constitucionales o legales. Tambi\u00e9n es conocida como <strong>Iniciativa Popular<\/strong> y se le considera como un mecanismo de la democracia directa, a trav\u00e9s del cual se confiere a los ciudadanos el derecho de hacer propuestas de ley al<strong> Poder Legislativo<\/strong>, seg\u00fan lo define la propia <strong>Constituci\u00f3n<\/strong>.<\/p>\n<p>A los pol\u00edticos, por m\u00e1s que digan lo contrario, no les gusta que la sociedad se empodere, utilice estos recursos y luche por cambiar un entorno en espec\u00edfico. Si los dirigentes de la <strong>CNTE<\/strong> siguen manteniendo el discurso de que le van a exigir a <strong>Osorio Chong<\/strong> que se suspenda, se abrogue o se elimine la reforma educativa, entonces\u00a0 se equivocaron de camino.<\/p>\n<p>Lo ideal ser\u00eda que convocaran a sus bases, organizaran mesas de trabajo, llamaran a ciertos grupos de la sociedad a colaborar y se pongan a elaborar una iniciativa ciudadana, presentarla al <strong>Congreso<\/strong> con todas las especificaciones obligatorias y desde esa trinchera, entonces s\u00ed, presionar y aprovechar el apoyo social.<\/p>\n<p>Si esto no sucede, yo me quedar\u00e9 con mis malditas dudas de por qu\u00e9 siguen utilizando los mismos m\u00e9todos de siempre para \u201cganar\u201d algunas peticiones y no aprovechar la oportunidad hist\u00f3rica de empoderar a la sociedad y cambiar verdaderamente el modelo educativo nacional.<\/p>\n<p>Perd\u00f3n que lo diga, pero hasta este momento, es una historia repetida donde siempre hay muertos, violencia y exigencias que no se cumplen, para que todo siga igual. Y los culpables pueden las autoridades, pero tambi\u00e9n la visi\u00f3n de la <strong>CNTE<\/strong>.<\/p>\n<p style=\"text-align: right;\">Foto: <strong>Valeria M\u00e9ndez<\/strong>.<\/p>\n<p>&nbsp;<\/p>\n<p>&nbsp;<\/p>\n","protected":false},"excerpt":{"rendered":"<p>La situaci\u00f3n con el movimiento magisterial, que va presentando visos de encender a muchos estados del pa\u00eds, sigue siendo uno de los temas principales de la agenda pol\u00edtica y social de M\u00e9xico.<\/p>\n","protected":false},"author":2,"featured_media":49745,"comment_status":"open","ping_status":"open","sticky":false,"template":"","format":"standard","meta":{"footnotes":""},"categories":[43,275,17],"tags":[],"class_list":["post-49742","post","type-post","status-publish","format-standard","has-post-thumbnail","hentry","category-conciencia","category-derechos-humanos","category-principal"],"yoast_head":"<!-- This site is optimized with the Yoast SEO plugin v24.7 - https:\/\/yoast.com\/wordpress\/plugins\/seo\/ -->\n<title>Iniciativa ciudadana, \u00bfuna herramienta desperdiciada por la CNTE? &#171; Reconoce MX<\/title>\n<meta name=\"robots\" content=\"index, follow, max-snippet:-1, max-image-preview:large, max-video-preview:-1\" \/>\n<link rel=\"canonical\" href=\"http:\/\/www.reconoce.mx\/?p=49742\" \/>\n<meta property=\"og:locale\" content=\"es_ES\" \/>\n<meta property=\"og:type\" content=\"article\" \/>\n<meta property=\"og:title\" content=\"Iniciativa ciudadana, \u00bfuna herramienta desperdiciada por la CNTE? &#171; Reconoce MX\" \/>\n<meta property=\"og:description\" content=\"La situaci\u00f3n con el movimiento magisterial, que va presentando visos de encender a muchos estados del pa\u00eds, sigue siendo uno de los temas principales de la agenda pol\u00edtica y social de M\u00e9xico.\" \/>\n<meta property=\"og:url\" content=\"http:\/\/www.reconoce.mx\/?p=49742\" \/>\n<meta property=\"og:site_name\" content=\"Reconoce MX\" \/>\n<meta property=\"article:publisher\" content=\"https:\/\/es-la.facebook.com\/ReconoceMX\/\" \/>\n<meta property=\"article:published_time\" content=\"2016-07-12T05:05:19+00:00\" \/>\n<meta property=\"article:modified_time\" content=\"2016-07-12T14:08:14+00:00\" \/>\n<meta property=\"og:image\" content=\"http:\/\/www.reconoce.mx\/wp-content\/uploads\/2016\/07\/maestros-cover.png\" \/>\n\t<meta property=\"og:image:width\" content=\"590\" \/>\n\t<meta property=\"og:image:height\" content=\"380\" \/>\n\t<meta property=\"og:image:type\" content=\"image\/png\" \/>\n<meta name=\"author\" content=\"Reconoce MX\" \/>\n<meta name=\"twitter:card\" content=\"summary_large_image\" \/>\n<meta name=\"twitter:creator\" content=\"@reconocemx\" \/>\n<meta name=\"twitter:site\" content=\"@reconocemx\" \/>\n<meta name=\"twitter:label1\" content=\"Escrito por\" \/>\n\t<meta name=\"twitter:data1\" content=\"Reconoce MX\" \/>\n\t<meta name=\"twitter:label2\" content=\"Tiempo de lectura\" \/>\n\t<meta name=\"twitter:data2\" content=\"4 minutos\" \/>\n<script type=\"application\/ld+json\" class=\"yoast-schema-graph\">{\"@context\":\"https:\/\/schema.org\",\"@graph\":[{\"@type\":\"Article\",\"@id\":\"http:\/\/www.reconoce.mx\/?p=49742#article\",\"isPartOf\":{\"@id\":\"http:\/\/www.reconoce.mx\/?p=49742\"},\"author\":{\"name\":\"Reconoce MX\",\"@id\":\"http:\/\/www.reconoce.mx\/#\/schema\/person\/2117e997d7051dc15d6880eaf9bca0b2\"},\"headline\":\"Iniciativa ciudadana, \u00bfuna herramienta desperdiciada por la CNTE?\",\"datePublished\":\"2016-07-12T05:05:19+00:00\",\"dateModified\":\"2016-07-12T14:08:14+00:00\",\"mainEntityOfPage\":{\"@id\":\"http:\/\/www.reconoce.mx\/?p=49742\"},\"wordCount\":824,\"commentCount\":0,\"publisher\":{\"@id\":\"http:\/\/www.reconoce.mx\/#organization\"},\"image\":{\"@id\":\"http:\/\/www.reconoce.mx\/?p=49742#primaryimage\"},\"thumbnailUrl\":\"http:\/\/www.reconoce.mx\/wp-content\/uploads\/2016\/07\/maestros-cover.png\",\"articleSection\":[\"Conciencia\",\"Derechos Humanos\",\"Principal\"],\"inLanguage\":\"es\",\"potentialAction\":[{\"@type\":\"CommentAction\",\"name\":\"Comment\",\"target\":[\"http:\/\/www.reconoce.mx\/?p=49742#respond\"]}]},{\"@type\":\"WebPage\",\"@id\":\"http:\/\/www.reconoce.mx\/?p=49742\",\"url\":\"http:\/\/www.reconoce.mx\/?p=49742\",\"name\":\"Iniciativa ciudadana, \u00bfuna herramienta desperdiciada por la CNTE? &#171; Reconoce MX\",\"isPartOf\":{\"@id\":\"http:\/\/www.reconoce.mx\/#website\"},\"primaryImageOfPage\":{\"@id\":\"http:\/\/www.reconoce.mx\/?p=49742#primaryimage\"},\"image\":{\"@id\":\"http:\/\/www.reconoce.mx\/?p=49742#primaryimage\"},\"thumbnailUrl\":\"http:\/\/www.reconoce.mx\/wp-content\/uploads\/2016\/07\/maestros-cover.png\",\"datePublished\":\"2016-07-12T05:05:19+00:00\",\"dateModified\":\"2016-07-12T14:08:14+00:00\",\"breadcrumb\":{\"@id\":\"http:\/\/www.reconoce.mx\/?p=49742#breadcrumb\"},\"inLanguage\":\"es\",\"potentialAction\":[{\"@type\":\"ReadAction\",\"target\":[\"http:\/\/www.reconoce.mx\/?p=49742\"]}]},{\"@type\":\"ImageObject\",\"inLanguage\":\"es\",\"@id\":\"http:\/\/www.reconoce.mx\/?p=49742#primaryimage\",\"url\":\"http:\/\/www.reconoce.mx\/wp-content\/uploads\/2016\/07\/maestros-cover.png\",\"contentUrl\":\"http:\/\/www.reconoce.mx\/wp-content\/uploads\/2016\/07\/maestros-cover.png\",\"width\":590,\"height\":380},{\"@type\":\"BreadcrumbList\",\"@id\":\"http:\/\/www.reconoce.mx\/?p=49742#breadcrumb\",\"itemListElement\":[{\"@type\":\"ListItem\",\"position\":1,\"name\":\"Portada\",\"item\":\"http:\/\/www.reconoce.mx\/\"},{\"@type\":\"ListItem\",\"position\":2,\"name\":\"Iniciativa ciudadana, \u00bfuna herramienta desperdiciada por la CNTE?\"}]},{\"@type\":\"WebSite\",\"@id\":\"http:\/\/www.reconoce.mx\/#website\",\"url\":\"http:\/\/www.reconoce.mx\/\",\"name\":\"Reconoce MX\",\"description\":\"En Reconoce MX difundimos arte, cultura y conciencia social en M\u00e9xico. Tu ciudad en otra perspectiva.\",\"publisher\":{\"@id\":\"http:\/\/www.reconoce.mx\/#organization\"},\"potentialAction\":[{\"@type\":\"SearchAction\",\"target\":{\"@type\":\"EntryPoint\",\"urlTemplate\":\"http:\/\/www.reconoce.mx\/?s={search_term_string}\"},\"query-input\":{\"@type\":\"PropertyValueSpecification\",\"valueRequired\":true,\"valueName\":\"search_term_string\"}}],\"inLanguage\":\"es\"},{\"@type\":\"Organization\",\"@id\":\"http:\/\/www.reconoce.mx\/#organization\",\"name\":\"Reconoce MX\",\"url\":\"http:\/\/www.reconoce.mx\/\",\"logo\":{\"@type\":\"ImageObject\",\"inLanguage\":\"es\",\"@id\":\"http:\/\/www.reconoce.mx\/#\/schema\/logo\/image\/\",\"url\":\"https:\/\/www.reconoce.mx\/wp-content\/uploads\/2019\/03\/logorcmx-good-1.png\",\"contentUrl\":\"https:\/\/www.reconoce.mx\/wp-content\/uploads\/2019\/03\/logorcmx-good-1.png\",\"width\":280,\"height\":90,\"caption\":\"Reconoce MX\"},\"image\":{\"@id\":\"http:\/\/www.reconoce.mx\/#\/schema\/logo\/image\/\"},\"sameAs\":[\"https:\/\/es-la.facebook.com\/ReconoceMX\/\",\"https:\/\/x.com\/reconocemx\",\"http:\/\/@reconocemx\"]},{\"@type\":\"Person\",\"@id\":\"http:\/\/www.reconoce.mx\/#\/schema\/person\/2117e997d7051dc15d6880eaf9bca0b2\",\"name\":\"Reconoce MX\",\"image\":{\"@type\":\"ImageObject\",\"inLanguage\":\"es\",\"@id\":\"http:\/\/www.reconoce.mx\/#\/schema\/person\/image\/\",\"url\":\"https:\/\/secure.gravatar.com\/avatar\/6c8d4dc7569ca1c90c5fdcc349f839d5ddef6fe1e70b4337ead2ef1a4c43fc3a?s=96&d=identicon&r=g\",\"contentUrl\":\"https:\/\/secure.gravatar.com\/avatar\/6c8d4dc7569ca1c90c5fdcc349f839d5ddef6fe1e70b4337ead2ef1a4c43fc3a?s=96&d=identicon&r=g\",\"caption\":\"Reconoce MX\"},\"description\":\"Reconoce MX es un proyecto de difusi\u00f3n art\u00edstica, cultural y de conciencia social que est\u00e1 enfocado a difundir y fomentar el entretenimiento alternativo de calidad para todo el p\u00fablico que comparta el mismo entusiasmo.\",\"sameAs\":[\"http:\/\/www.reconoce.mx\"],\"url\":\"http:\/\/www.reconoce.mx\/?author=2\"}]}<\/script>\n<!-- \/ Yoast SEO plugin. -->","yoast_head_json":{"title":"Iniciativa ciudadana, \u00bfuna herramienta desperdiciada por la CNTE? &#171; Reconoce MX","robots":{"index":"index","follow":"follow","max-snippet":"max-snippet:-1","max-image-preview":"max-image-preview:large","max-video-preview":"max-video-preview:-1"},"canonical":"http:\/\/www.reconoce.mx\/?p=49742","og_locale":"es_ES","og_type":"article","og_title":"Iniciativa ciudadana, \u00bfuna herramienta desperdiciada por la CNTE? &#171; Reconoce MX","og_description":"La situaci\u00f3n con el movimiento magisterial, que va presentando visos de encender a muchos estados del pa\u00eds, sigue siendo uno de los temas principales de la agenda pol\u00edtica y social de M\u00e9xico.","og_url":"http:\/\/www.reconoce.mx\/?p=49742","og_site_name":"Reconoce MX","article_publisher":"https:\/\/es-la.facebook.com\/ReconoceMX\/","article_published_time":"2016-07-12T05:05:19+00:00","article_modified_time":"2016-07-12T14:08:14+00:00","og_image":[{"width":590,"height":380,"url":"http:\/\/www.reconoce.mx\/wp-content\/uploads\/2016\/07\/maestros-cover.png","type":"image\/png"}],"author":"Reconoce MX","twitter_card":"summary_large_image","twitter_creator":"@reconocemx","twitter_site":"@reconocemx","twitter_misc":{"Escrito por":"Reconoce MX","Tiempo de lectura":"4 minutos"},"schema":{"@context":"https:\/\/schema.org","@graph":[{"@type":"Article","@id":"http:\/\/www.reconoce.mx\/?p=49742#article","isPartOf":{"@id":"http:\/\/www.reconoce.mx\/?p=49742"},"author":{"name":"Reconoce MX","@id":"http:\/\/www.reconoce.mx\/#\/schema\/person\/2117e997d7051dc15d6880eaf9bca0b2"},"headline":"Iniciativa ciudadana, \u00bfuna herramienta desperdiciada por la CNTE?","datePublished":"2016-07-12T05:05:19+00:00","dateModified":"2016-07-12T14:08:14+00:00","mainEntityOfPage":{"@id":"http:\/\/www.reconoce.mx\/?p=49742"},"wordCount":824,"commentCount":0,"publisher":{"@id":"http:\/\/www.reconoce.mx\/#organization"},"image":{"@id":"http:\/\/www.reconoce.mx\/?p=49742#primaryimage"},"thumbnailUrl":"http:\/\/www.reconoce.mx\/wp-content\/uploads\/2016\/07\/maestros-cover.png","articleSection":["Conciencia","Derechos Humanos","Principal"],"inLanguage":"es","potentialAction":[{"@type":"CommentAction","name":"Comment","target":["http:\/\/www.reconoce.mx\/?p=49742#respond"]}]},{"@type":"WebPage","@id":"http:\/\/www.reconoce.mx\/?p=49742","url":"http:\/\/www.reconoce.mx\/?p=49742","name":"Iniciativa ciudadana, \u00bfuna herramienta desperdiciada por la CNTE? &#171; Reconoce MX","isPartOf":{"@id":"http:\/\/www.reconoce.mx\/#website"},"primaryImageOfPage":{"@id":"http:\/\/www.reconoce.mx\/?p=49742#primaryimage"},"image":{"@id":"http:\/\/www.reconoce.mx\/?p=49742#primaryimage"},"thumbnailUrl":"http:\/\/www.reconoce.mx\/wp-content\/uploads\/2016\/07\/maestros-cover.png","datePublished":"2016-07-12T05:05:19+00:00","dateModified":"2016-07-12T14:08:14+00:00","breadcrumb":{"@id":"http:\/\/www.reconoce.mx\/?p=49742#breadcrumb"},"inLanguage":"es","potentialAction":[{"@type":"ReadAction","target":["http:\/\/www.reconoce.mx\/?p=49742"]}]},{"@type":"ImageObject","inLanguage":"es","@id":"http:\/\/www.reconoce.mx\/?p=49742#primaryimage","url":"http:\/\/www.reconoce.mx\/wp-content\/uploads\/2016\/07\/maestros-cover.png","contentUrl":"http:\/\/www.reconoce.mx\/wp-content\/uploads\/2016\/07\/maestros-cover.png","width":590,"height":380},{"@type":"BreadcrumbList","@id":"http:\/\/www.reconoce.mx\/?p=49742#breadcrumb","itemListElement":[{"@type":"ListItem","position":1,"name":"Portada","item":"http:\/\/www.reconoce.mx\/"},{"@type":"ListItem","position":2,"name":"Iniciativa ciudadana, \u00bfuna herramienta desperdiciada por la CNTE?"}]},{"@type":"WebSite","@id":"http:\/\/www.reconoce.mx\/#website","url":"http:\/\/www.reconoce.mx\/","name":"Reconoce MX","description":"En Reconoce MX difundimos arte, cultura y conciencia social en M\u00e9xico. Tu ciudad en otra perspectiva.","publisher":{"@id":"http:\/\/www.reconoce.mx\/#organization"},"potentialAction":[{"@type":"SearchAction","target":{"@type":"EntryPoint","urlTemplate":"http:\/\/www.reconoce.mx\/?s={search_term_string}"},"query-input":{"@type":"PropertyValueSpecification","valueRequired":true,"valueName":"search_term_string"}}],"inLanguage":"es"},{"@type":"Organization","@id":"http:\/\/www.reconoce.mx\/#organization","name":"Reconoce MX","url":"http:\/\/www.reconoce.mx\/","logo":{"@type":"ImageObject","inLanguage":"es","@id":"http:\/\/www.reconoce.mx\/#\/schema\/logo\/image\/","url":"https:\/\/www.reconoce.mx\/wp-content\/uploads\/2019\/03\/logorcmx-good-1.png","contentUrl":"https:\/\/www.reconoce.mx\/wp-content\/uploads\/2019\/03\/logorcmx-good-1.png","width":280,"height":90,"caption":"Reconoce MX"},"image":{"@id":"http:\/\/www.reconoce.mx\/#\/schema\/logo\/image\/"},"sameAs":["https:\/\/es-la.facebook.com\/ReconoceMX\/","https:\/\/x.com\/reconocemx","http:\/\/@reconocemx"]},{"@type":"Person","@id":"http:\/\/www.reconoce.mx\/#\/schema\/person\/2117e997d7051dc15d6880eaf9bca0b2","name":"Reconoce MX","image":{"@type":"ImageObject","inLanguage":"es","@id":"http:\/\/www.reconoce.mx\/#\/schema\/person\/image\/","url":"https:\/\/secure.gravatar.com\/avatar\/6c8d4dc7569ca1c90c5fdcc349f839d5ddef6fe1e70b4337ead2ef1a4c43fc3a?s=96&d=identicon&r=g","contentUrl":"https:\/\/secure.gravatar.com\/avatar\/6c8d4dc7569ca1c90c5fdcc349f839d5ddef6fe1e70b4337ead2ef1a4c43fc3a?s=96&d=identicon&r=g","caption":"Reconoce MX"},"description":"Reconoce MX es un proyecto de difusi\u00f3n art\u00edstica, cultural y de conciencia social que est\u00e1 enfocado a difundir y fomentar el entretenimiento alternativo de calidad para todo el p\u00fablico que comparta el mismo entusiasmo.","sameAs":["http:\/\/www.reconoce.mx"],"url":"http:\/\/www.reconoce.mx\/?author=2"}]}},"_links":{"self":[{"href":"http:\/\/www.reconoce.mx\/index.php?rest_route=\/wp\/v2\/posts\/49742","targetHints":{"allow":["GET"]}}],"collection":[{"href":"http:\/\/www.reconoce.mx\/index.php?rest_route=\/wp\/v2\/posts"}],"about":[{"href":"http:\/\/www.reconoce.mx\/index.php?rest_route=\/wp\/v2\/types\/post"}],"author":[{"embeddable":true,"href":"http:\/\/www.reconoce.mx\/index.php?rest_route=\/wp\/v2\/users\/2"}],"replies":[{"embeddable":true,"href":"http:\/\/www.reconoce.mx\/index.php?rest_route=%2Fwp%2Fv2%2Fcomments&post=49742"}],"version-history":[{"count":5,"href":"http:\/\/www.reconoce.mx\/index.php?rest_route=\/wp\/v2\/posts\/49742\/revisions"}],"predecessor-version":[{"id":49787,"href":"http:\/\/www.reconoce.mx\/index.php?rest_route=\/wp\/v2\/posts\/49742\/revisions\/49787"}],"wp:featuredmedia":[{"embeddable":true,"href":"http:\/\/www.reconoce.mx\/index.php?rest_route=\/wp\/v2\/media\/49745"}],"wp:attachment":[{"href":"http:\/\/www.reconoce.mx\/index.php?rest_route=%2Fwp%2Fv2%2Fmedia&parent=49742"}],"wp:term":[{"taxonomy":"category","embeddable":true,"href":"http:\/\/www.reconoce.mx\/index.php?rest_route=%2Fwp%2Fv2%2Fcategories&post=49742"},{"taxonomy":"post_tag","embeddable":true,"href":"http:\/\/www.reconoce.mx\/index.php?rest_route=%2Fwp%2Fv2%2Ftags&post=49742"}],"curies":[{"name":"wp","href":"https:\/\/api.w.org\/{rel}","templated":true}]}}