{"id":49756,"date":"2016-07-13T00:07:52","date_gmt":"2016-07-13T05:07:52","guid":{"rendered":"http:\/\/www.reconoce.mx\/?p=49756"},"modified":"2016-07-13T11:28:59","modified_gmt":"2016-07-13T16:28:59","slug":"la-inacabable-historia-del-vampiro","status":"publish","type":"post","link":"http:\/\/www.reconoce.mx\/?p=49756","title":{"rendered":"La inacabable historia del vampiro"},"content":{"rendered":"<p><a href=\"http:\/\/www.reconoce.mx\/category\/columnistas\/\"><img loading=\"lazy\" decoding=\"async\" class=\"aligncenter size-full wp-image-40651\" src=\"http:\/\/www.reconoce.mx\/wp-content\/uploads\/2015\/09\/ColumnistaRCMX.png\" alt=\"Columnistainvitado\" width=\"570\" height=\"70\" \/><\/a><strong><br \/>\nPor <a href=\"https:\/\/twitter.com\/SandyMW13\" target=\"_blank\">Sandyluz<\/a><\/strong>.<\/p>\n<p>Pocos personajes intrigan tanto en el colectivo imaginario como <strong>Dr\u00e1cula<\/strong>, s\u00ed, el exc\u00e9ntrico conde de Transilvania. Popular recientemente, debido a la infortunada saga de libros, conocidos entre su p\u00fablico adolescente como \u00abCrep\u00fasculo\u00bb, resucita en nuestras mentes el villano chupasangre e inmortal: el vampiro. Anteriormente, <strong>Ann Rice<\/strong>, autora estadounidense, desempolv\u00f3 la imagen del ser hermoso e inmortal, condenado a alimentarse de sangre (tradici\u00f3n folcl\u00f3rica desde \u00e9pocas medievales) con \u00abEntrevista con el vampiro\u00bb; luego \u00abEl pr\u00edncipe Lestat\u00bb y luego \u00abArmand\u00bb y los que le siguieron, engolosinada con los personajes que invent\u00f3 en los 80. Con todo, la idea primigenia vino de <strong>Bram Stoker<\/strong>, autor irland\u00e9s y su libro \u00abDr\u00e1cula\u00bb, que tuvo una adaptaci\u00f3n cinematogr\u00e1fica bastante aceptable (<strong>Francis Ford Coppola<\/strong>, 1992), donde vimos a consolidados actores hollywoodenses, como <strong>Gary Oldman<\/strong>, <strong>Anthony Hopkins<\/strong>, <strong>Winona Ryder<\/strong> y <strong>Keanu Reeves<\/strong>. Una bondad del filme es se apeg\u00f3 estrictamente a los eventos ocurridos en la obra literaria.<\/p>\n<p><img loading=\"lazy\" decoding=\"async\" class=\"aligncenter size-full wp-image-49759\" src=\"http:\/\/www.reconoce.mx\/wp-content\/uploads\/2016\/07\/978849696499.jpg\" alt=\"978849696499\" width=\"1567\" height=\"2458\" srcset=\"http:\/\/www.reconoce.mx\/wp-content\/uploads\/2016\/07\/978849696499.jpg 1567w, http:\/\/www.reconoce.mx\/wp-content\/uploads\/2016\/07\/978849696499-191x300.jpg 191w, http:\/\/www.reconoce.mx\/wp-content\/uploads\/2016\/07\/978849696499-768x1205.jpg 768w, http:\/\/www.reconoce.mx\/wp-content\/uploads\/2016\/07\/978849696499-653x1024.jpg 653w, http:\/\/www.reconoce.mx\/wp-content\/uploads\/2016\/07\/978849696499-150x235.jpg 150w, http:\/\/www.reconoce.mx\/wp-content\/uploads\/2016\/07\/978849696499-700x1098.jpg 700w, http:\/\/www.reconoce.mx\/wp-content\/uploads\/2016\/07\/978849696499-658x1032.jpg 658w, http:\/\/www.reconoce.mx\/wp-content\/uploads\/2016\/07\/978849696499-300x471.jpg 300w\" sizes=\"auto, (max-width: 1567px) 100vw, 1567px\" \/><\/p>\n<p>Ya luego, hablar\u00e9 del libro de Stoker y de su adaptaci\u00f3n cinematogr\u00e1fica. Ahora, quisiera acercarlos a un cuento, que lleg\u00f3 a m\u00ed de manera insospechada y que aporta las bases de la historia del conde <strong>Dr\u00e1cula<\/strong>. Escrito por<strong> Bram Stoker<\/strong>, \u201cEl invitado de Dr\u00e1cula\u201d permanece sin develar para los p\u00fablicos masivos. Qued\u00f3 relegado, fuera de la imprenta, siendo que fue escrito primero. Publicado por primera vez, hasta 1914, muy aparte del libro (1897), es el cap\u00edtulo introductorio para <strong>Dr\u00e1cula<\/strong>. Fue excluido del libro, pues el editor decidi\u00f3 que la longitud exced\u00eda lo admisible; as\u00ed, este relato, donde el conde hace su primera aparici\u00f3n, se consider\u00f3 redundante y permaneci\u00f3 varios a\u00f1os guardado en el caj\u00f3n.<\/p>\n<p>Este cuento, narrado a manera de testimonial, presenta a un joven arist\u00f3crata, deseoso de dar un paseo por los alrededores de M\u00fanich. Al chofer lugare\u00f1o, Johann, le preocupa que su <em>mein Herr<\/em> (caballero; escrito as\u00ed en el texto original) deambule por ah\u00ed siendo v\u00edsperas de La Noche de Walpurgis (festividad pagana, del 30 de mayo al 1 de abril, donde los celtas celebraban la primavera y al dios Belenos). El caballero esc\u00e9ptico y racional insiste en aventurarse ladera abajo y queda inmerso en una atm\u00f3sfera nebulosa, con vientos que gimen, con vegetaci\u00f3n envolvente. La amenaza de nieve, la estupefacci\u00f3n que suscita el descubrir herrumbrosas tumbas diseminadas con todo y sus espectros, culminan cuando el personaje vislumbra, con claridad, un lobo amanezante. El cl\u00edmax del relato sucede cuando, luego de ser rescatado, herido con la mordida del lobo (\u00bfacaso vampiro polimorfo?), el cochero le entrega una extra\u00f1a nota, proveniente del desconocido caballero que contribuy\u00f3 en su rescate: <strong>Dr\u00e1cula<\/strong>\u2026 Todo esto es la fehaciente prueba de que la leyenda es cierta; lo padecido es antesala de los horrores y misterios que aguardan en ese maligno territorio.<\/p>\n<p>Historia, singularmente narrada, maneja el misterio de manera paulatina y creciente; podr\u00e1 tenerlos en suspenso, al especular sobre el destino del personaje protag\u00f3nico. Piedra angular para aproximarnos al m\u00edtico personaje. Ojal\u00e1 y se aparezca \u201cpor ah\u00ed\u201d, de manera insospechada, entre sus pendientes de lectura.<\/p>\n<p style=\"text-align: right;\">Fuente: <strong>Trueba<\/strong>, Jos\u00e9 Luis. \u00abVampiros. Antolog\u00eda de cuentos\u00bb. M\u00e9xico: Porr\u00faa, 2012.<\/p>\n<blockquote><p><a href=\"http:\/\/www.reconoce.mx\/wp-content\/uploads\/2016\/05\/sandybw.png\"><img loading=\"lazy\" decoding=\"async\" class=\"alignleft size-thumbnail wp-image-39872\" src=\"http:\/\/www.reconoce.mx\/wp-content\/uploads\/2016\/05\/sandybw-e1463540419968.png\" alt=\"IMG_5743\" width=\"150\" height=\"150\" \/><\/a><strong>Sandyluz<\/strong>. \u00abDetr\u00e1s de la pluma&#8230;\u00bb Egresada del Tecnol\u00f3gico de Monterrey Campus Toluca, de la carrera de Ciencias de la Comunicaci\u00f3n. Complet\u00f3 estudios de Creaci\u00f3n Literaria en la Escuela de Escritores del Estado de M\u00e9xico (SOGEM). Tambi\u00e9n termin\u00f3 una maestr\u00eda en Estudios Human\u00edsticos con especialidad en Literatura, en el Tecnol\u00f3gico de Monterrey. En un plano m\u00e1s relajado, es aficionada a los libros y a la escritura desde corta edad; ha escrito de manera informal cuentos y poes\u00edas; con uno de sus primeros cuentos gan\u00f3 un concurso local del cual obtuvo su primer retribuci\u00f3n econ\u00f3mica y profesional, siendo ello un significativo incentivo para seguir escribiendo. La Literatura ha sido una v\u00e1lvula de escape para no enfermar de realidad. La fantas\u00eda reanima el fulgor de los sue\u00f1os que so\u00f1amos dormidos y que so\u00f1amos despiertos&#8230;<\/p><\/blockquote>\n<p>&nbsp;<\/p>\n<p>&nbsp;<\/p>\n","protected":false},"excerpt":{"rendered":"<p>Pocos personajes intrigan tanto en el colectivo imaginario como Dr\u00e1cula, s\u00ed, el exc\u00e9ntrico conde de Transilvania.<\/p>\n","protected":false},"author":2,"featured_media":49760,"comment_status":"open","ping_status":"open","sticky":false,"template":"","format":"standard","meta":{"footnotes":""},"categories":[16,17,2648],"tags":[],"class_list":["post-49756","post","type-post","status-publish","format-standard","has-post-thumbnail","hentry","category-columnistas","category-principal","category-sandyluz"],"yoast_head":"<!-- This site is optimized with the Yoast SEO plugin v24.7 - https:\/\/yoast.com\/wordpress\/plugins\/seo\/ -->\n<title>La inacabable historia del vampiro &#171; Reconoce MX<\/title>\n<meta name=\"robots\" content=\"index, follow, max-snippet:-1, max-image-preview:large, max-video-preview:-1\" \/>\n<link rel=\"canonical\" href=\"http:\/\/www.reconoce.mx\/?p=49756\" \/>\n<meta property=\"og:locale\" content=\"es_ES\" \/>\n<meta property=\"og:type\" content=\"article\" \/>\n<meta property=\"og:title\" content=\"La inacabable historia del vampiro &#171; Reconoce MX\" \/>\n<meta property=\"og:description\" content=\"Pocos personajes intrigan tanto en el colectivo imaginario como Dr\u00e1cula, s\u00ed, el exc\u00e9ntrico conde de Transilvania.\" \/>\n<meta property=\"og:url\" content=\"http:\/\/www.reconoce.mx\/?p=49756\" \/>\n<meta property=\"og:site_name\" content=\"Reconoce MX\" \/>\n<meta property=\"article:publisher\" content=\"https:\/\/es-la.facebook.com\/ReconoceMX\/\" \/>\n<meta property=\"article:published_time\" content=\"2016-07-13T05:07:52+00:00\" \/>\n<meta property=\"article:modified_time\" content=\"2016-07-13T16:28:59+00:00\" \/>\n<meta property=\"og:image\" content=\"http:\/\/www.reconoce.mx\/wp-content\/uploads\/2016\/07\/draculasguest-cover.png\" \/>\n\t<meta property=\"og:image:width\" content=\"590\" \/>\n\t<meta property=\"og:image:height\" content=\"380\" \/>\n\t<meta property=\"og:image:type\" content=\"image\/png\" \/>\n<meta name=\"author\" content=\"Reconoce MX\" \/>\n<meta name=\"twitter:card\" content=\"summary_large_image\" \/>\n<meta name=\"twitter:creator\" content=\"@reconocemx\" \/>\n<meta name=\"twitter:site\" content=\"@reconocemx\" \/>\n<meta name=\"twitter:label1\" content=\"Escrito por\" \/>\n\t<meta name=\"twitter:data1\" content=\"Reconoce MX\" \/>\n\t<meta name=\"twitter:label2\" content=\"Tiempo de lectura\" \/>\n\t<meta name=\"twitter:data2\" content=\"3 minutos\" \/>\n<script type=\"application\/ld+json\" class=\"yoast-schema-graph\">{\"@context\":\"https:\/\/schema.org\",\"@graph\":[{\"@type\":\"Article\",\"@id\":\"http:\/\/www.reconoce.mx\/?p=49756#article\",\"isPartOf\":{\"@id\":\"http:\/\/www.reconoce.mx\/?p=49756\"},\"author\":{\"name\":\"Reconoce MX\",\"@id\":\"http:\/\/www.reconoce.mx\/#\/schema\/person\/2117e997d7051dc15d6880eaf9bca0b2\"},\"headline\":\"La inacabable historia del vampiro\",\"datePublished\":\"2016-07-13T05:07:52+00:00\",\"dateModified\":\"2016-07-13T16:28:59+00:00\",\"mainEntityOfPage\":{\"@id\":\"http:\/\/www.reconoce.mx\/?p=49756\"},\"wordCount\":692,\"commentCount\":0,\"publisher\":{\"@id\":\"http:\/\/www.reconoce.mx\/#organization\"},\"image\":{\"@id\":\"http:\/\/www.reconoce.mx\/?p=49756#primaryimage\"},\"thumbnailUrl\":\"http:\/\/www.reconoce.mx\/wp-content\/uploads\/2016\/07\/draculasguest-cover.png\",\"articleSection\":[\"Columnistas\",\"Principal\",\"Sandyluz\"],\"inLanguage\":\"es\",\"potentialAction\":[{\"@type\":\"CommentAction\",\"name\":\"Comment\",\"target\":[\"http:\/\/www.reconoce.mx\/?p=49756#respond\"]}]},{\"@type\":\"WebPage\",\"@id\":\"http:\/\/www.reconoce.mx\/?p=49756\",\"url\":\"http:\/\/www.reconoce.mx\/?p=49756\",\"name\":\"La inacabable historia del vampiro &#171; Reconoce MX\",\"isPartOf\":{\"@id\":\"http:\/\/www.reconoce.mx\/#website\"},\"primaryImageOfPage\":{\"@id\":\"http:\/\/www.reconoce.mx\/?p=49756#primaryimage\"},\"image\":{\"@id\":\"http:\/\/www.reconoce.mx\/?p=49756#primaryimage\"},\"thumbnailUrl\":\"http:\/\/www.reconoce.mx\/wp-content\/uploads\/2016\/07\/draculasguest-cover.png\",\"datePublished\":\"2016-07-13T05:07:52+00:00\",\"dateModified\":\"2016-07-13T16:28:59+00:00\",\"breadcrumb\":{\"@id\":\"http:\/\/www.reconoce.mx\/?p=49756#breadcrumb\"},\"inLanguage\":\"es\",\"potentialAction\":[{\"@type\":\"ReadAction\",\"target\":[\"http:\/\/www.reconoce.mx\/?p=49756\"]}]},{\"@type\":\"ImageObject\",\"inLanguage\":\"es\",\"@id\":\"http:\/\/www.reconoce.mx\/?p=49756#primaryimage\",\"url\":\"http:\/\/www.reconoce.mx\/wp-content\/uploads\/2016\/07\/draculasguest-cover.png\",\"contentUrl\":\"http:\/\/www.reconoce.mx\/wp-content\/uploads\/2016\/07\/draculasguest-cover.png\",\"width\":590,\"height\":380},{\"@type\":\"BreadcrumbList\",\"@id\":\"http:\/\/www.reconoce.mx\/?p=49756#breadcrumb\",\"itemListElement\":[{\"@type\":\"ListItem\",\"position\":1,\"name\":\"Portada\",\"item\":\"http:\/\/www.reconoce.mx\/\"},{\"@type\":\"ListItem\",\"position\":2,\"name\":\"La inacabable historia del vampiro\"}]},{\"@type\":\"WebSite\",\"@id\":\"http:\/\/www.reconoce.mx\/#website\",\"url\":\"http:\/\/www.reconoce.mx\/\",\"name\":\"Reconoce MX\",\"description\":\"En Reconoce MX difundimos arte, cultura y conciencia social en M\u00e9xico. Tu ciudad en otra perspectiva.\",\"publisher\":{\"@id\":\"http:\/\/www.reconoce.mx\/#organization\"},\"potentialAction\":[{\"@type\":\"SearchAction\",\"target\":{\"@type\":\"EntryPoint\",\"urlTemplate\":\"http:\/\/www.reconoce.mx\/?s={search_term_string}\"},\"query-input\":{\"@type\":\"PropertyValueSpecification\",\"valueRequired\":true,\"valueName\":\"search_term_string\"}}],\"inLanguage\":\"es\"},{\"@type\":\"Organization\",\"@id\":\"http:\/\/www.reconoce.mx\/#organization\",\"name\":\"Reconoce MX\",\"url\":\"http:\/\/www.reconoce.mx\/\",\"logo\":{\"@type\":\"ImageObject\",\"inLanguage\":\"es\",\"@id\":\"http:\/\/www.reconoce.mx\/#\/schema\/logo\/image\/\",\"url\":\"https:\/\/www.reconoce.mx\/wp-content\/uploads\/2019\/03\/logorcmx-good-1.png\",\"contentUrl\":\"https:\/\/www.reconoce.mx\/wp-content\/uploads\/2019\/03\/logorcmx-good-1.png\",\"width\":280,\"height\":90,\"caption\":\"Reconoce MX\"},\"image\":{\"@id\":\"http:\/\/www.reconoce.mx\/#\/schema\/logo\/image\/\"},\"sameAs\":[\"https:\/\/es-la.facebook.com\/ReconoceMX\/\",\"https:\/\/x.com\/reconocemx\",\"http:\/\/@reconocemx\"]},{\"@type\":\"Person\",\"@id\":\"http:\/\/www.reconoce.mx\/#\/schema\/person\/2117e997d7051dc15d6880eaf9bca0b2\",\"name\":\"Reconoce MX\",\"image\":{\"@type\":\"ImageObject\",\"inLanguage\":\"es\",\"@id\":\"http:\/\/www.reconoce.mx\/#\/schema\/person\/image\/\",\"url\":\"https:\/\/secure.gravatar.com\/avatar\/6c8d4dc7569ca1c90c5fdcc349f839d5ddef6fe1e70b4337ead2ef1a4c43fc3a?s=96&d=identicon&r=g\",\"contentUrl\":\"https:\/\/secure.gravatar.com\/avatar\/6c8d4dc7569ca1c90c5fdcc349f839d5ddef6fe1e70b4337ead2ef1a4c43fc3a?s=96&d=identicon&r=g\",\"caption\":\"Reconoce MX\"},\"description\":\"Reconoce MX es un proyecto de difusi\u00f3n art\u00edstica, cultural y de conciencia social que est\u00e1 enfocado a difundir y fomentar el entretenimiento alternativo de calidad para todo el p\u00fablico que comparta el mismo entusiasmo.\",\"sameAs\":[\"http:\/\/www.reconoce.mx\"],\"url\":\"http:\/\/www.reconoce.mx\/?author=2\"}]}<\/script>\n<!-- \/ Yoast SEO plugin. -->","yoast_head_json":{"title":"La inacabable historia del vampiro &#171; Reconoce MX","robots":{"index":"index","follow":"follow","max-snippet":"max-snippet:-1","max-image-preview":"max-image-preview:large","max-video-preview":"max-video-preview:-1"},"canonical":"http:\/\/www.reconoce.mx\/?p=49756","og_locale":"es_ES","og_type":"article","og_title":"La inacabable historia del vampiro &#171; Reconoce MX","og_description":"Pocos personajes intrigan tanto en el colectivo imaginario como Dr\u00e1cula, s\u00ed, el exc\u00e9ntrico conde de Transilvania.","og_url":"http:\/\/www.reconoce.mx\/?p=49756","og_site_name":"Reconoce MX","article_publisher":"https:\/\/es-la.facebook.com\/ReconoceMX\/","article_published_time":"2016-07-13T05:07:52+00:00","article_modified_time":"2016-07-13T16:28:59+00:00","og_image":[{"width":590,"height":380,"url":"http:\/\/www.reconoce.mx\/wp-content\/uploads\/2016\/07\/draculasguest-cover.png","type":"image\/png"}],"author":"Reconoce MX","twitter_card":"summary_large_image","twitter_creator":"@reconocemx","twitter_site":"@reconocemx","twitter_misc":{"Escrito por":"Reconoce MX","Tiempo de lectura":"3 minutos"},"schema":{"@context":"https:\/\/schema.org","@graph":[{"@type":"Article","@id":"http:\/\/www.reconoce.mx\/?p=49756#article","isPartOf":{"@id":"http:\/\/www.reconoce.mx\/?p=49756"},"author":{"name":"Reconoce MX","@id":"http:\/\/www.reconoce.mx\/#\/schema\/person\/2117e997d7051dc15d6880eaf9bca0b2"},"headline":"La inacabable historia del vampiro","datePublished":"2016-07-13T05:07:52+00:00","dateModified":"2016-07-13T16:28:59+00:00","mainEntityOfPage":{"@id":"http:\/\/www.reconoce.mx\/?p=49756"},"wordCount":692,"commentCount":0,"publisher":{"@id":"http:\/\/www.reconoce.mx\/#organization"},"image":{"@id":"http:\/\/www.reconoce.mx\/?p=49756#primaryimage"},"thumbnailUrl":"http:\/\/www.reconoce.mx\/wp-content\/uploads\/2016\/07\/draculasguest-cover.png","articleSection":["Columnistas","Principal","Sandyluz"],"inLanguage":"es","potentialAction":[{"@type":"CommentAction","name":"Comment","target":["http:\/\/www.reconoce.mx\/?p=49756#respond"]}]},{"@type":"WebPage","@id":"http:\/\/www.reconoce.mx\/?p=49756","url":"http:\/\/www.reconoce.mx\/?p=49756","name":"La inacabable historia del vampiro &#171; Reconoce MX","isPartOf":{"@id":"http:\/\/www.reconoce.mx\/#website"},"primaryImageOfPage":{"@id":"http:\/\/www.reconoce.mx\/?p=49756#primaryimage"},"image":{"@id":"http:\/\/www.reconoce.mx\/?p=49756#primaryimage"},"thumbnailUrl":"http:\/\/www.reconoce.mx\/wp-content\/uploads\/2016\/07\/draculasguest-cover.png","datePublished":"2016-07-13T05:07:52+00:00","dateModified":"2016-07-13T16:28:59+00:00","breadcrumb":{"@id":"http:\/\/www.reconoce.mx\/?p=49756#breadcrumb"},"inLanguage":"es","potentialAction":[{"@type":"ReadAction","target":["http:\/\/www.reconoce.mx\/?p=49756"]}]},{"@type":"ImageObject","inLanguage":"es","@id":"http:\/\/www.reconoce.mx\/?p=49756#primaryimage","url":"http:\/\/www.reconoce.mx\/wp-content\/uploads\/2016\/07\/draculasguest-cover.png","contentUrl":"http:\/\/www.reconoce.mx\/wp-content\/uploads\/2016\/07\/draculasguest-cover.png","width":590,"height":380},{"@type":"BreadcrumbList","@id":"http:\/\/www.reconoce.mx\/?p=49756#breadcrumb","itemListElement":[{"@type":"ListItem","position":1,"name":"Portada","item":"http:\/\/www.reconoce.mx\/"},{"@type":"ListItem","position":2,"name":"La inacabable historia del vampiro"}]},{"@type":"WebSite","@id":"http:\/\/www.reconoce.mx\/#website","url":"http:\/\/www.reconoce.mx\/","name":"Reconoce MX","description":"En Reconoce MX difundimos arte, cultura y conciencia social en M\u00e9xico. Tu ciudad en otra perspectiva.","publisher":{"@id":"http:\/\/www.reconoce.mx\/#organization"},"potentialAction":[{"@type":"SearchAction","target":{"@type":"EntryPoint","urlTemplate":"http:\/\/www.reconoce.mx\/?s={search_term_string}"},"query-input":{"@type":"PropertyValueSpecification","valueRequired":true,"valueName":"search_term_string"}}],"inLanguage":"es"},{"@type":"Organization","@id":"http:\/\/www.reconoce.mx\/#organization","name":"Reconoce MX","url":"http:\/\/www.reconoce.mx\/","logo":{"@type":"ImageObject","inLanguage":"es","@id":"http:\/\/www.reconoce.mx\/#\/schema\/logo\/image\/","url":"https:\/\/www.reconoce.mx\/wp-content\/uploads\/2019\/03\/logorcmx-good-1.png","contentUrl":"https:\/\/www.reconoce.mx\/wp-content\/uploads\/2019\/03\/logorcmx-good-1.png","width":280,"height":90,"caption":"Reconoce MX"},"image":{"@id":"http:\/\/www.reconoce.mx\/#\/schema\/logo\/image\/"},"sameAs":["https:\/\/es-la.facebook.com\/ReconoceMX\/","https:\/\/x.com\/reconocemx","http:\/\/@reconocemx"]},{"@type":"Person","@id":"http:\/\/www.reconoce.mx\/#\/schema\/person\/2117e997d7051dc15d6880eaf9bca0b2","name":"Reconoce MX","image":{"@type":"ImageObject","inLanguage":"es","@id":"http:\/\/www.reconoce.mx\/#\/schema\/person\/image\/","url":"https:\/\/secure.gravatar.com\/avatar\/6c8d4dc7569ca1c90c5fdcc349f839d5ddef6fe1e70b4337ead2ef1a4c43fc3a?s=96&d=identicon&r=g","contentUrl":"https:\/\/secure.gravatar.com\/avatar\/6c8d4dc7569ca1c90c5fdcc349f839d5ddef6fe1e70b4337ead2ef1a4c43fc3a?s=96&d=identicon&r=g","caption":"Reconoce MX"},"description":"Reconoce MX es un proyecto de difusi\u00f3n art\u00edstica, cultural y de conciencia social que est\u00e1 enfocado a difundir y fomentar el entretenimiento alternativo de calidad para todo el p\u00fablico que comparta el mismo entusiasmo.","sameAs":["http:\/\/www.reconoce.mx"],"url":"http:\/\/www.reconoce.mx\/?author=2"}]}},"_links":{"self":[{"href":"http:\/\/www.reconoce.mx\/index.php?rest_route=\/wp\/v2\/posts\/49756","targetHints":{"allow":["GET"]}}],"collection":[{"href":"http:\/\/www.reconoce.mx\/index.php?rest_route=\/wp\/v2\/posts"}],"about":[{"href":"http:\/\/www.reconoce.mx\/index.php?rest_route=\/wp\/v2\/types\/post"}],"author":[{"embeddable":true,"href":"http:\/\/www.reconoce.mx\/index.php?rest_route=\/wp\/v2\/users\/2"}],"replies":[{"embeddable":true,"href":"http:\/\/www.reconoce.mx\/index.php?rest_route=%2Fwp%2Fv2%2Fcomments&post=49756"}],"version-history":[{"count":3,"href":"http:\/\/www.reconoce.mx\/index.php?rest_route=\/wp\/v2\/posts\/49756\/revisions"}],"predecessor-version":[{"id":49762,"href":"http:\/\/www.reconoce.mx\/index.php?rest_route=\/wp\/v2\/posts\/49756\/revisions\/49762"}],"wp:featuredmedia":[{"embeddable":true,"href":"http:\/\/www.reconoce.mx\/index.php?rest_route=\/wp\/v2\/media\/49760"}],"wp:attachment":[{"href":"http:\/\/www.reconoce.mx\/index.php?rest_route=%2Fwp%2Fv2%2Fmedia&parent=49756"}],"wp:term":[{"taxonomy":"category","embeddable":true,"href":"http:\/\/www.reconoce.mx\/index.php?rest_route=%2Fwp%2Fv2%2Fcategories&post=49756"},{"taxonomy":"post_tag","embeddable":true,"href":"http:\/\/www.reconoce.mx\/index.php?rest_route=%2Fwp%2Fv2%2Ftags&post=49756"}],"curies":[{"name":"wp","href":"https:\/\/api.w.org\/{rel}","templated":true}]}}