{"id":49763,"date":"2016-07-11T00:04:42","date_gmt":"2016-07-11T05:04:42","guid":{"rendered":"http:\/\/www.reconoce.mx\/?p=49763"},"modified":"2016-07-11T17:49:02","modified_gmt":"2016-07-11T22:49:02","slug":"bajo-circuito-cartelera-del-11-al-17-de-julio","status":"publish","type":"post","link":"http:\/\/www.reconoce.mx\/?p=49763","title":{"rendered":"Bajo Circuito: Cartelera del 11 al 17 de julio"},"content":{"rendered":"<p><strong>Por <a title=\"@AsfaltosTweets\" href=\"http:\/\/twitter.com\/AsfaltosTweets\" target=\"_blank\">Asfaltos<\/a><\/strong>.<\/p>\n<p>A mitad del <strong>Circuito Interior Jos\u00e9 Vasconcelos<\/strong>, debajo de una rampa donde circulan cientos de miles de autos al mes, se encuentra uno de nuestros espacios favoritos: el <strong>Multiforo Urbano Bajo Circuito<\/strong>. Con 400 metros cuadrados y seis metros de altura ideales para exhibiciones de cuadros de gran formato, montar el escenario para obras de teatro, conciertos de bandas y solistas, as\u00ed como proyectar pel\u00edculas o incluso impartir talleres, el <strong>Bajo Circuito<\/strong> es indudablemente uno de los mejores sitios para disfrutar del arte y la cultura.<\/p>\n<p>Con la intenci\u00f3n de motivarlos a que visiten las exposiciones, obras de teatro y funciones de cine que se presentar\u00e1n en este espacio, a continuaci\u00f3n la cartelera semanal del <strong>Bajo Circuito<\/strong>.<\/p>\n<h2><strong>FLOU + EXCELLION + KAIZAN<\/strong><\/h2>\n<p>Fecha \/\/ Mi\u00e9rcoles 13 de julio<br \/>\nAcceso \/\/ 21:00h.<br \/>\nDonativo de admisi\u00f3n \/\/ preventa $50.00; d\u00eda del evento $80.00<\/p>\n<p><img loading=\"lazy\" decoding=\"async\" class=\"aligncenter size-full wp-image-49764\" src=\"http:\/\/www.reconoce.mx\/wp-content\/uploads\/2016\/07\/Poster_Flyer2.png\" alt=\"Poster_Flyer2\" width=\"1587\" height=\"2245\" srcset=\"http:\/\/www.reconoce.mx\/wp-content\/uploads\/2016\/07\/Poster_Flyer2.png 1587w, http:\/\/www.reconoce.mx\/wp-content\/uploads\/2016\/07\/Poster_Flyer2-212x300.png 212w, http:\/\/www.reconoce.mx\/wp-content\/uploads\/2016\/07\/Poster_Flyer2-768x1086.png 768w, http:\/\/www.reconoce.mx\/wp-content\/uploads\/2016\/07\/Poster_Flyer2-724x1024.png 724w, http:\/\/www.reconoce.mx\/wp-content\/uploads\/2016\/07\/Poster_Flyer2-150x212.png 150w, http:\/\/www.reconoce.mx\/wp-content\/uploads\/2016\/07\/Poster_Flyer2-700x990.png 700w, http:\/\/www.reconoce.mx\/wp-content\/uploads\/2016\/07\/Poster_Flyer2-658x931.png 658w, http:\/\/www.reconoce.mx\/wp-content\/uploads\/2016\/07\/Poster_Flyer2-300x424.png 300w\" sizes=\"auto, (max-width: 1587px) 100vw, 1587px\" \/><\/p>\n<p><strong>Flou<\/strong> es una banda paraguaya de rock integrada por Walter Cabrera (voz y guitarra), Bruno Ferreiro (guitarra), Federico Wagener (bajo) y Guillermo Gayo (bater\u00eda). Con el lanzamiento de su tercer disco \u00abTanto y nada\u00bb (2010), <strong>Flou<\/strong> cumple 10 a\u00f1os en la escena musical arrancando en el 2000 con un primer EP \u00abDespertar\u00bb, al cual le siguieron 2 discos \u00abAtaraxia\u00bb (2003) y \u00abT\u00e1cito\u00bb(2006). La banda fue galardonada varios a\u00f1os como la mejor banda de rock paraguaya en su pa\u00eds, as\u00ed como mejor \u00e1lbum y con varios n\u00fameros 1 en los rankings de rock &amp; pop y en distintas radios de Paraguay; siendo el hit \u00abA tu Lado\u00bb el tema que permaneci\u00f3 por 81 semanas consecutivas en rotaci\u00f3n en el ranking de la FM Rock &amp; Pop 95.5 mientras que el video clip \u00abDejarse llevar\u00bb entra al ranking de Much Music LA.<\/p>\n<p><strong>Excellion<\/strong> es una banda de rock\/metal procedente de La Paz, Baja California Sur y que ahora reside en M\u00e9xico, D.F. Ahora nace como una banda que busca abrirse un camino en el mundo de la m\u00fasica a trav\u00e9s de sus composiciones y sus temas con un toque progresivo. Buscan transportar a quienes escuchan sus canciones a ese mundo donde suceden los hechos de sus personajes y que estos se identifiquen con lo que vive cada uno de ellos.<\/p>\n<p><strong>Kaizan<\/strong> es un grupo originario de Ciudad de M\u00e9xico que cuenta ya con su \u00e1lbum debut, \u00abDandelion\u00bb, que puede ser escuchado v\u00eda streaming por YouTube y ReverbNation, y por v\u00eda de pago a trav\u00e9s de su p\u00e1gina oficial en bandcamp, as\u00ed como en su versi\u00f3n en f\u00edsico v\u00eda <strong>Sombrero Negro Records<\/strong>.<\/p>\n<p><strong>Flou<\/strong>, <strong>Excellion<\/strong> y<strong> Kaizan<\/strong> son presentados por <a href=\"https:\/\/www.youtube.com\/channel\/UCpZxsM8VzvA44MuoljGCJvA\" target=\"_blank\"><strong>B\u00fanker Arterial<\/strong><\/a>, como parte del primer aniversario de <strong><a href=\"https:\/\/www.facebook.com\/AuriaProducciones\/\" target=\"_blank\">Auria Producciones<\/a><\/strong>.<\/p>\n<h2><strong>HEELS ON FIRE AND THE CIRCUIT GANG <\/strong><\/h2>\n<p>Fecha \/\/ Jueves 14 de julio<br \/>\nAcceso \/\/ 21:00h.<br \/>\nDonativo de admisi\u00f3n \/\/ $250.00<br \/>\nPromo \/\/ 1 botella nacional y 6 entradas por $1,500.00<br \/>\nPromo \/\/ doble Funci\u00f3n \u00abHEELS ON FIRE AND THE CIRCUIT GANG\u00bb + \u00abS3SADOS\u00bb por $360.00<\/p>\n<p><img loading=\"lazy\" decoding=\"async\" class=\"aligncenter size-full wp-image-49214\" src=\"http:\/\/www.reconoce.mx\/wp-content\/uploads\/2016\/06\/11717453_785441398219682_5601437423294624952_o.png\" alt=\"11717453_785441398219682_5601437423294624952_o\" width=\"727\" height=\"1045\" srcset=\"http:\/\/www.reconoce.mx\/wp-content\/uploads\/2016\/06\/11717453_785441398219682_5601437423294624952_o.png 727w, http:\/\/www.reconoce.mx\/wp-content\/uploads\/2016\/06\/11717453_785441398219682_5601437423294624952_o-209x300.png 209w, http:\/\/www.reconoce.mx\/wp-content\/uploads\/2016\/06\/11717453_785441398219682_5601437423294624952_o-712x1024.png 712w, http:\/\/www.reconoce.mx\/wp-content\/uploads\/2016\/06\/11717453_785441398219682_5601437423294624952_o-150x216.png 150w, http:\/\/www.reconoce.mx\/wp-content\/uploads\/2016\/06\/11717453_785441398219682_5601437423294624952_o-700x1006.png 700w, http:\/\/www.reconoce.mx\/wp-content\/uploads\/2016\/06\/11717453_785441398219682_5601437423294624952_o-658x946.png 658w, http:\/\/www.reconoce.mx\/wp-content\/uploads\/2016\/06\/11717453_785441398219682_5601437423294624952_o-300x431.png 300w\" sizes=\"auto, (max-width: 727px) 100vw, 727px\" \/><\/p>\n<p>Despu\u00e9s del gran \u00e9xito de nuestra primer temporada, presentaciones especiales en la <strong>F\u00f3rmula Uno<\/strong> y una incre\u00edble gira que incluye una aventura al pasado de la mano de una fant\u00e1stica banda de rockabileros, una cantante sin igual y seis bailarinas pin-up, <strong>Heels on Fire and The Circuit Gang<\/strong> regresa para llevarte nuevamente a la inolvidable \u00e9poca de los a\u00f1os 50 en donde el rock and roll cambi\u00f3 completo el rumbo de la m\u00fasica de todo el mundo.<\/p>\n<p>El elenco est\u00e1 conformado por m\u00fasicos, cantantes y bailarinas profesionales que personificar\u00e1n los m\u00e1s grandes \u00edconos de la \u00e9poca: pin-up girls (indomables, divertidas, tatuadas, en escote y mucho maquillaje) y los greasy boys (populares, rockeros, extrovertidos y rebeldes).<\/p>\n<p>Este show fue creado para transportar al p\u00fablico a los a\u00f1os cincuenta en donde los artistas interact\u00faan con el espectador brindando un show din\u00e1mica e inigualable que se puede adaptar a cualquier espacio.<\/p>\n<p>En este gran show disfrutar\u00e1s de los temas m\u00e1s actuales y populares y, en esta nueva edici\u00f3n, los temas originales de tus pel\u00edculas favoritas transformadas al m\u00e1s puro y emocionante estilo rockabilly.<\/p>\n<p>La rebeld\u00eda y las ansias de libertad de toda esta \u00e9poca se renueva con un gran repertorio que va desde <strong>Bruno Mars<\/strong>, <strong>Beyonc\u00e9<\/strong>, <strong>Aerosmith<\/strong> y <strong>Pharrel Williams<\/strong> enmarcado adem\u00e1s por los temas musicales de pel\u00edculas como \u00abBack to the Future\u00bb, \u00abGhostbusters\u00bb y \u00abPulp Fiction\u00bb, entre otros.<\/p>\n<h2><strong>S3SADOS<\/strong><\/h2>\n<p>Fecha \/\/ Jueves 14 de julio<br \/>\nAcceso \/\/ 23:00h.<br \/>\nDonativo de admisi\u00f3n \/\/ preventa $200.00; d\u00eda del evento $250.00<br \/>\nPromo \/\/ doble Funci\u00f3n \u00abHEELS ON FIRE AND THE CIRCUIT GANG\u00bb + \u00abS3SADOS\u00bb por $360.00<\/p>\n<p><img loading=\"lazy\" decoding=\"async\" class=\"aligncenter size-full wp-image-49484\" src=\"http:\/\/www.reconoce.mx\/wp-content\/uploads\/2016\/07\/400x600-01.jpg\" alt=\"400x600-01\" width=\"1667\" height=\"2500\" srcset=\"http:\/\/www.reconoce.mx\/wp-content\/uploads\/2016\/07\/400x600-01.jpg 1667w, http:\/\/www.reconoce.mx\/wp-content\/uploads\/2016\/07\/400x600-01-200x300.jpg 200w, http:\/\/www.reconoce.mx\/wp-content\/uploads\/2016\/07\/400x600-01-768x1152.jpg 768w, http:\/\/www.reconoce.mx\/wp-content\/uploads\/2016\/07\/400x600-01-683x1024.jpg 683w, http:\/\/www.reconoce.mx\/wp-content\/uploads\/2016\/07\/400x600-01-150x225.jpg 150w, http:\/\/www.reconoce.mx\/wp-content\/uploads\/2016\/07\/400x600-01-700x1050.jpg 700w, http:\/\/www.reconoce.mx\/wp-content\/uploads\/2016\/07\/400x600-01-658x987.jpg 658w, http:\/\/www.reconoce.mx\/wp-content\/uploads\/2016\/07\/400x600-01-300x450.jpg 300w\" sizes=\"auto, (max-width: 1667px) 100vw, 1667px\" \/><\/p>\n<p>El \u00fanico espect\u00e1culo en vivo de sadomasoquismo (BDSM) en M\u00e9xico.<\/p>\n<h2><strong>FUNK UP NIGHT: FIUSHA + GUACAMOLE + LARIFER<\/strong><\/h2>\n<p>Fecha \/\/ Viernes 15 de julio<br \/>\nAcceso \/\/ 21:00h.<br \/>\nDonativo de admisi\u00f3n \/\/ preventa $80.00; d\u00eda del evento $100.00<\/p>\n<p><img loading=\"lazy\" decoding=\"async\" class=\"aligncenter size-full wp-image-49765\" src=\"http:\/\/www.reconoce.mx\/wp-content\/uploads\/2016\/07\/funkup-01.jpg\" alt=\"funkup-01\" width=\"1667\" height=\"2500\" srcset=\"http:\/\/www.reconoce.mx\/wp-content\/uploads\/2016\/07\/funkup-01.jpg 1667w, http:\/\/www.reconoce.mx\/wp-content\/uploads\/2016\/07\/funkup-01-200x300.jpg 200w, http:\/\/www.reconoce.mx\/wp-content\/uploads\/2016\/07\/funkup-01-768x1152.jpg 768w, http:\/\/www.reconoce.mx\/wp-content\/uploads\/2016\/07\/funkup-01-683x1024.jpg 683w, http:\/\/www.reconoce.mx\/wp-content\/uploads\/2016\/07\/funkup-01-150x225.jpg 150w, http:\/\/www.reconoce.mx\/wp-content\/uploads\/2016\/07\/funkup-01-700x1050.jpg 700w, http:\/\/www.reconoce.mx\/wp-content\/uploads\/2016\/07\/funkup-01-658x987.jpg 658w, http:\/\/www.reconoce.mx\/wp-content\/uploads\/2016\/07\/funkup-01-300x450.jpg 300w\" sizes=\"auto, (max-width: 1667px) 100vw, 1667px\" \/><\/p>\n<p>Con un primer disco llamado \u00abFunkstar\u00bb (2008), los <strong>Fiusha<\/strong> tienen la misi\u00f3n de darle a la gente funk grasoso con el \u00fanico objetivo de hacerles gritar.<\/p>\n<p><strong>Guacamole<\/strong> es una agrupaci\u00f3n que nace en la ciudad de Xalapa, Veracruz en marzo del 2012. La idea surge con la intenci\u00f3n de tocar y hacer m\u00fasica a nivel colectivo profesional, por lo tanto es un proyecto donde las ideas fluyen con naturalidad gracias a la diversidad de personalidades y esencia musical que cada uno tiene. Este a\u00f1o es el comienzo de una nueva etapa para <strong>Guacamole<\/strong> con la producci\u00f3n de su disco \u00abTranse\u00fante\u00bb.<\/p>\n<p>Los hermanos Fer Ruvel y Lari Ruiz Velasco, con el baterista Marco Castro como invitado especial, dan vida a <strong>The Larifer Power Trio<\/strong>, proyecto que da vida a una fusi\u00f3n \u00fanica de funk, jazz, y rhythm and blues.<\/p>\n<h2><strong>TESSA IA + RAMONA + LOS MESONEROS<\/strong><\/h2>\n<p>Fecha \/\/ S\u00e1bado 16 de julio<br \/>\nAcceso \/\/ 21:00h.<br \/>\nDonativo de admisi\u00f3n \/\/ $100.00<\/p>\n<p><img loading=\"lazy\" decoding=\"async\" class=\"aligncenter size-full wp-image-49766\" src=\"http:\/\/www.reconoce.mx\/wp-content\/uploads\/2016\/07\/FLYER-bajocircuito.jpg\" alt=\"FLYER bajocircuito\" width=\"2447\" height=\"3227\" srcset=\"http:\/\/www.reconoce.mx\/wp-content\/uploads\/2016\/07\/FLYER-bajocircuito.jpg 2447w, http:\/\/www.reconoce.mx\/wp-content\/uploads\/2016\/07\/FLYER-bajocircuito-227x300.jpg 227w, http:\/\/www.reconoce.mx\/wp-content\/uploads\/2016\/07\/FLYER-bajocircuito-768x1013.jpg 768w, http:\/\/www.reconoce.mx\/wp-content\/uploads\/2016\/07\/FLYER-bajocircuito-776x1024.jpg 776w, http:\/\/www.reconoce.mx\/wp-content\/uploads\/2016\/07\/FLYER-bajocircuito-150x198.jpg 150w, http:\/\/www.reconoce.mx\/wp-content\/uploads\/2016\/07\/FLYER-bajocircuito-700x923.jpg 700w, http:\/\/www.reconoce.mx\/wp-content\/uploads\/2016\/07\/FLYER-bajocircuito-658x868.jpg 658w, http:\/\/www.reconoce.mx\/wp-content\/uploads\/2016\/07\/FLYER-bajocircuito-300x396.jpg 300w\" sizes=\"auto, (max-width: 2447px) 100vw, 2447px\" \/><\/p>\n<p><strong>Tessa Ia<\/strong> es una novel autora e inte\u0301rprete de rock and roll que debuta con el lanzamiento de \u00abBu\u0301falo\u00bb, que formara\u0301 parte de su primer disco \u00abCorrespondencia\u00bb. Mejor conocida por sus logros en el a\u0301mbito de la actuacio\u0301n, particularmente por su celebrado rol protago\u0301nico en el galardonado largometraje \u00abDespue\u0301s de Luci\u0301a\u00bb (Luci\u0301a Films 2012), <strong>Tessa Ia<\/strong> incursiona en la mu\u0301sica con una propuesta en la que convergen sus facetas histrio\u0301nicas, picto\u0301ricas y literarias.<\/p>\n<p><strong>Ramona<\/strong> es una banda tijuanense que fusiona diferentes g\u00e9neros musicales como rock-psicod\u00e9lico-alternativo-indie, logrando crear su propio estilo de balada pop. En su corta trayectoria, <strong>Ramona<\/strong> se ha convertido en una banda clave dentro del movimiento independiente; a su corta edad, han logrado crear un estilo propio, libre de pretensiones, con la \u00fanica idea de hacer m\u00fasica llena de sentimientos y con mucho coraz\u00f3n. Sus canciones hablan de experiencias y momentos importantes en la vida de quienes integran la banda, ellos definen sus letras como historias que describen diferentes episodios de sus vidas, algunos tristes y algunos otros llenos de alegr\u00eda, sin dejar de lado la sinceridad y el sentimiento.<\/p>\n<p><strong>Los Mesoneros<\/strong> es una banda de rock de Caracas, Venezuela. Nace en el 2006 con la idea de crear un proyecto, m\u00e1s que solo una agrupaci\u00f3n. En 2010 lanzaron su primer EP, logrando alcanzar un excelente posicionamiento en las listas de la cartelera de rock nacional. Con esto logran formar parte de una generaci\u00f3n que marc\u00f3 la escena nocturna del pa\u00eds. En 2012 son nominados a 4 categor\u00edas en los <strong>Latin Grammys<\/strong> (Mejor artista nuevo, Mejor disco de rock, Mejor canci\u00f3n rock y Mejor dise\u00f1o de empaque), siendo la \u00fanica banda independiente en tener m\u00e1s de 3 nominaciones.<\/p>\n<p><strong>Bajo Circuito<\/strong> se encuentra ubicado en Bajo Puente de Circuito Interior S\/N, Condesa, Cuauht\u00e9moc, Ciudad de M\u00e9xico. <span style=\"text-decoration: underline;\">Promo permanente<\/span>: Cerveza + mezcal por $60.00.<\/p>\n<p>&nbsp;<\/p>\n<p>&nbsp;<\/p>\n","protected":false},"excerpt":{"rendered":"<p>A mitad del Circuito Interior Jos\u00e9 Vasconcelos, debajo de una rampa donde circulan cientos de miles de autos al mes, se encuentra uno de nuestros espacios favoritos: el Multiforo Urbano Bajo Circuito.<\/p>\n","protected":false},"author":2,"featured_media":49212,"comment_status":"open","ping_status":"open","sticky":false,"template":"","format":"standard","meta":{"footnotes":""},"categories":[1,18,17],"tags":[],"class_list":["post-49763","post","type-post","status-publish","format-standard","has-post-thumbnail","hentry","category-cultura","category-musica","category-principal"],"yoast_head":"<!-- This site is optimized with the Yoast SEO plugin v24.7 - https:\/\/yoast.com\/wordpress\/plugins\/seo\/ -->\n<title>Bajo Circuito: Cartelera del 11 al 17 de julio &#171; Reconoce MX<\/title>\n<meta name=\"robots\" content=\"index, follow, max-snippet:-1, max-image-preview:large, max-video-preview:-1\" \/>\n<link rel=\"canonical\" href=\"http:\/\/www.reconoce.mx\/?p=49763\" \/>\n<meta property=\"og:locale\" content=\"es_ES\" \/>\n<meta property=\"og:type\" content=\"article\" \/>\n<meta property=\"og:title\" content=\"Bajo Circuito: Cartelera del 11 al 17 de julio &#171; Reconoce MX\" \/>\n<meta property=\"og:description\" content=\"A mitad del Circuito Interior Jos\u00e9 Vasconcelos, debajo de una rampa donde circulan cientos de miles de autos al mes, se encuentra uno de nuestros espacios favoritos: el Multiforo Urbano Bajo Circuito.\" \/>\n<meta property=\"og:url\" content=\"http:\/\/www.reconoce.mx\/?p=49763\" \/>\n<meta property=\"og:site_name\" content=\"Reconoce MX\" \/>\n<meta property=\"article:publisher\" content=\"https:\/\/es-la.facebook.com\/ReconoceMX\/\" \/>\n<meta property=\"article:published_time\" content=\"2016-07-11T05:04:42+00:00\" \/>\n<meta property=\"article:modified_time\" content=\"2016-07-11T22:49:02+00:00\" \/>\n<meta property=\"og:image\" content=\"http:\/\/www.reconoce.mx\/wp-content\/uploads\/2016\/06\/bajocircuito-cover.png\" \/>\n\t<meta property=\"og:image:width\" content=\"590\" \/>\n\t<meta property=\"og:image:height\" content=\"380\" \/>\n\t<meta property=\"og:image:type\" content=\"image\/png\" \/>\n<meta name=\"author\" content=\"Reconoce MX\" \/>\n<meta name=\"twitter:card\" content=\"summary_large_image\" \/>\n<meta name=\"twitter:creator\" content=\"@reconocemx\" \/>\n<meta name=\"twitter:site\" content=\"@reconocemx\" \/>\n<meta name=\"twitter:label1\" content=\"Escrito por\" \/>\n\t<meta name=\"twitter:data1\" content=\"Reconoce MX\" \/>\n\t<meta name=\"twitter:label2\" content=\"Tiempo de lectura\" \/>\n\t<meta name=\"twitter:data2\" content=\"6 minutos\" \/>\n<script type=\"application\/ld+json\" class=\"yoast-schema-graph\">{\"@context\":\"https:\/\/schema.org\",\"@graph\":[{\"@type\":\"Article\",\"@id\":\"http:\/\/www.reconoce.mx\/?p=49763#article\",\"isPartOf\":{\"@id\":\"http:\/\/www.reconoce.mx\/?p=49763\"},\"author\":{\"name\":\"Reconoce MX\",\"@id\":\"http:\/\/www.reconoce.mx\/#\/schema\/person\/2117e997d7051dc15d6880eaf9bca0b2\"},\"headline\":\"Bajo Circuito: Cartelera del 11 al 17 de julio\",\"datePublished\":\"2016-07-11T05:04:42+00:00\",\"dateModified\":\"2016-07-11T22:49:02+00:00\",\"mainEntityOfPage\":{\"@id\":\"http:\/\/www.reconoce.mx\/?p=49763\"},\"wordCount\":1279,\"commentCount\":0,\"publisher\":{\"@id\":\"http:\/\/www.reconoce.mx\/#organization\"},\"image\":{\"@id\":\"http:\/\/www.reconoce.mx\/?p=49763#primaryimage\"},\"thumbnailUrl\":\"http:\/\/www.reconoce.mx\/wp-content\/uploads\/2016\/06\/bajocircuito-cover.png\",\"articleSection\":[\"Cultura\",\"M\u00fasica\",\"Principal\"],\"inLanguage\":\"es\",\"potentialAction\":[{\"@type\":\"CommentAction\",\"name\":\"Comment\",\"target\":[\"http:\/\/www.reconoce.mx\/?p=49763#respond\"]}]},{\"@type\":\"WebPage\",\"@id\":\"http:\/\/www.reconoce.mx\/?p=49763\",\"url\":\"http:\/\/www.reconoce.mx\/?p=49763\",\"name\":\"Bajo Circuito: Cartelera del 11 al 17 de julio &#171; Reconoce MX\",\"isPartOf\":{\"@id\":\"http:\/\/www.reconoce.mx\/#website\"},\"primaryImageOfPage\":{\"@id\":\"http:\/\/www.reconoce.mx\/?p=49763#primaryimage\"},\"image\":{\"@id\":\"http:\/\/www.reconoce.mx\/?p=49763#primaryimage\"},\"thumbnailUrl\":\"http:\/\/www.reconoce.mx\/wp-content\/uploads\/2016\/06\/bajocircuito-cover.png\",\"datePublished\":\"2016-07-11T05:04:42+00:00\",\"dateModified\":\"2016-07-11T22:49:02+00:00\",\"breadcrumb\":{\"@id\":\"http:\/\/www.reconoce.mx\/?p=49763#breadcrumb\"},\"inLanguage\":\"es\",\"potentialAction\":[{\"@type\":\"ReadAction\",\"target\":[\"http:\/\/www.reconoce.mx\/?p=49763\"]}]},{\"@type\":\"ImageObject\",\"inLanguage\":\"es\",\"@id\":\"http:\/\/www.reconoce.mx\/?p=49763#primaryimage\",\"url\":\"http:\/\/www.reconoce.mx\/wp-content\/uploads\/2016\/06\/bajocircuito-cover.png\",\"contentUrl\":\"http:\/\/www.reconoce.mx\/wp-content\/uploads\/2016\/06\/bajocircuito-cover.png\",\"width\":590,\"height\":380},{\"@type\":\"BreadcrumbList\",\"@id\":\"http:\/\/www.reconoce.mx\/?p=49763#breadcrumb\",\"itemListElement\":[{\"@type\":\"ListItem\",\"position\":1,\"name\":\"Portada\",\"item\":\"http:\/\/www.reconoce.mx\/\"},{\"@type\":\"ListItem\",\"position\":2,\"name\":\"Bajo Circuito: Cartelera del 11 al 17 de julio\"}]},{\"@type\":\"WebSite\",\"@id\":\"http:\/\/www.reconoce.mx\/#website\",\"url\":\"http:\/\/www.reconoce.mx\/\",\"name\":\"Reconoce MX\",\"description\":\"En Reconoce MX difundimos arte, cultura y conciencia social en M\u00e9xico. Tu ciudad en otra perspectiva.\",\"publisher\":{\"@id\":\"http:\/\/www.reconoce.mx\/#organization\"},\"potentialAction\":[{\"@type\":\"SearchAction\",\"target\":{\"@type\":\"EntryPoint\",\"urlTemplate\":\"http:\/\/www.reconoce.mx\/?s={search_term_string}\"},\"query-input\":{\"@type\":\"PropertyValueSpecification\",\"valueRequired\":true,\"valueName\":\"search_term_string\"}}],\"inLanguage\":\"es\"},{\"@type\":\"Organization\",\"@id\":\"http:\/\/www.reconoce.mx\/#organization\",\"name\":\"Reconoce MX\",\"url\":\"http:\/\/www.reconoce.mx\/\",\"logo\":{\"@type\":\"ImageObject\",\"inLanguage\":\"es\",\"@id\":\"http:\/\/www.reconoce.mx\/#\/schema\/logo\/image\/\",\"url\":\"https:\/\/www.reconoce.mx\/wp-content\/uploads\/2019\/03\/logorcmx-good-1.png\",\"contentUrl\":\"https:\/\/www.reconoce.mx\/wp-content\/uploads\/2019\/03\/logorcmx-good-1.png\",\"width\":280,\"height\":90,\"caption\":\"Reconoce MX\"},\"image\":{\"@id\":\"http:\/\/www.reconoce.mx\/#\/schema\/logo\/image\/\"},\"sameAs\":[\"https:\/\/es-la.facebook.com\/ReconoceMX\/\",\"https:\/\/x.com\/reconocemx\",\"http:\/\/@reconocemx\"]},{\"@type\":\"Person\",\"@id\":\"http:\/\/www.reconoce.mx\/#\/schema\/person\/2117e997d7051dc15d6880eaf9bca0b2\",\"name\":\"Reconoce MX\",\"image\":{\"@type\":\"ImageObject\",\"inLanguage\":\"es\",\"@id\":\"http:\/\/www.reconoce.mx\/#\/schema\/person\/image\/\",\"url\":\"https:\/\/secure.gravatar.com\/avatar\/6c8d4dc7569ca1c90c5fdcc349f839d5ddef6fe1e70b4337ead2ef1a4c43fc3a?s=96&d=identicon&r=g\",\"contentUrl\":\"https:\/\/secure.gravatar.com\/avatar\/6c8d4dc7569ca1c90c5fdcc349f839d5ddef6fe1e70b4337ead2ef1a4c43fc3a?s=96&d=identicon&r=g\",\"caption\":\"Reconoce MX\"},\"description\":\"Reconoce MX es un proyecto de difusi\u00f3n art\u00edstica, cultural y de conciencia social que est\u00e1 enfocado a difundir y fomentar el entretenimiento alternativo de calidad para todo el p\u00fablico que comparta el mismo entusiasmo.\",\"sameAs\":[\"http:\/\/www.reconoce.mx\"],\"url\":\"http:\/\/www.reconoce.mx\/?author=2\"}]}<\/script>\n<!-- \/ Yoast SEO plugin. -->","yoast_head_json":{"title":"Bajo Circuito: Cartelera del 11 al 17 de julio &#171; Reconoce MX","robots":{"index":"index","follow":"follow","max-snippet":"max-snippet:-1","max-image-preview":"max-image-preview:large","max-video-preview":"max-video-preview:-1"},"canonical":"http:\/\/www.reconoce.mx\/?p=49763","og_locale":"es_ES","og_type":"article","og_title":"Bajo Circuito: Cartelera del 11 al 17 de julio &#171; Reconoce MX","og_description":"A mitad del Circuito Interior Jos\u00e9 Vasconcelos, debajo de una rampa donde circulan cientos de miles de autos al mes, se encuentra uno de nuestros espacios favoritos: el Multiforo Urbano Bajo Circuito.","og_url":"http:\/\/www.reconoce.mx\/?p=49763","og_site_name":"Reconoce MX","article_publisher":"https:\/\/es-la.facebook.com\/ReconoceMX\/","article_published_time":"2016-07-11T05:04:42+00:00","article_modified_time":"2016-07-11T22:49:02+00:00","og_image":[{"width":590,"height":380,"url":"http:\/\/www.reconoce.mx\/wp-content\/uploads\/2016\/06\/bajocircuito-cover.png","type":"image\/png"}],"author":"Reconoce MX","twitter_card":"summary_large_image","twitter_creator":"@reconocemx","twitter_site":"@reconocemx","twitter_misc":{"Escrito por":"Reconoce MX","Tiempo de lectura":"6 minutos"},"schema":{"@context":"https:\/\/schema.org","@graph":[{"@type":"Article","@id":"http:\/\/www.reconoce.mx\/?p=49763#article","isPartOf":{"@id":"http:\/\/www.reconoce.mx\/?p=49763"},"author":{"name":"Reconoce MX","@id":"http:\/\/www.reconoce.mx\/#\/schema\/person\/2117e997d7051dc15d6880eaf9bca0b2"},"headline":"Bajo Circuito: Cartelera del 11 al 17 de julio","datePublished":"2016-07-11T05:04:42+00:00","dateModified":"2016-07-11T22:49:02+00:00","mainEntityOfPage":{"@id":"http:\/\/www.reconoce.mx\/?p=49763"},"wordCount":1279,"commentCount":0,"publisher":{"@id":"http:\/\/www.reconoce.mx\/#organization"},"image":{"@id":"http:\/\/www.reconoce.mx\/?p=49763#primaryimage"},"thumbnailUrl":"http:\/\/www.reconoce.mx\/wp-content\/uploads\/2016\/06\/bajocircuito-cover.png","articleSection":["Cultura","M\u00fasica","Principal"],"inLanguage":"es","potentialAction":[{"@type":"CommentAction","name":"Comment","target":["http:\/\/www.reconoce.mx\/?p=49763#respond"]}]},{"@type":"WebPage","@id":"http:\/\/www.reconoce.mx\/?p=49763","url":"http:\/\/www.reconoce.mx\/?p=49763","name":"Bajo Circuito: Cartelera del 11 al 17 de julio &#171; Reconoce MX","isPartOf":{"@id":"http:\/\/www.reconoce.mx\/#website"},"primaryImageOfPage":{"@id":"http:\/\/www.reconoce.mx\/?p=49763#primaryimage"},"image":{"@id":"http:\/\/www.reconoce.mx\/?p=49763#primaryimage"},"thumbnailUrl":"http:\/\/www.reconoce.mx\/wp-content\/uploads\/2016\/06\/bajocircuito-cover.png","datePublished":"2016-07-11T05:04:42+00:00","dateModified":"2016-07-11T22:49:02+00:00","breadcrumb":{"@id":"http:\/\/www.reconoce.mx\/?p=49763#breadcrumb"},"inLanguage":"es","potentialAction":[{"@type":"ReadAction","target":["http:\/\/www.reconoce.mx\/?p=49763"]}]},{"@type":"ImageObject","inLanguage":"es","@id":"http:\/\/www.reconoce.mx\/?p=49763#primaryimage","url":"http:\/\/www.reconoce.mx\/wp-content\/uploads\/2016\/06\/bajocircuito-cover.png","contentUrl":"http:\/\/www.reconoce.mx\/wp-content\/uploads\/2016\/06\/bajocircuito-cover.png","width":590,"height":380},{"@type":"BreadcrumbList","@id":"http:\/\/www.reconoce.mx\/?p=49763#breadcrumb","itemListElement":[{"@type":"ListItem","position":1,"name":"Portada","item":"http:\/\/www.reconoce.mx\/"},{"@type":"ListItem","position":2,"name":"Bajo Circuito: Cartelera del 11 al 17 de julio"}]},{"@type":"WebSite","@id":"http:\/\/www.reconoce.mx\/#website","url":"http:\/\/www.reconoce.mx\/","name":"Reconoce MX","description":"En Reconoce MX difundimos arte, cultura y conciencia social en M\u00e9xico. Tu ciudad en otra perspectiva.","publisher":{"@id":"http:\/\/www.reconoce.mx\/#organization"},"potentialAction":[{"@type":"SearchAction","target":{"@type":"EntryPoint","urlTemplate":"http:\/\/www.reconoce.mx\/?s={search_term_string}"},"query-input":{"@type":"PropertyValueSpecification","valueRequired":true,"valueName":"search_term_string"}}],"inLanguage":"es"},{"@type":"Organization","@id":"http:\/\/www.reconoce.mx\/#organization","name":"Reconoce MX","url":"http:\/\/www.reconoce.mx\/","logo":{"@type":"ImageObject","inLanguage":"es","@id":"http:\/\/www.reconoce.mx\/#\/schema\/logo\/image\/","url":"https:\/\/www.reconoce.mx\/wp-content\/uploads\/2019\/03\/logorcmx-good-1.png","contentUrl":"https:\/\/www.reconoce.mx\/wp-content\/uploads\/2019\/03\/logorcmx-good-1.png","width":280,"height":90,"caption":"Reconoce MX"},"image":{"@id":"http:\/\/www.reconoce.mx\/#\/schema\/logo\/image\/"},"sameAs":["https:\/\/es-la.facebook.com\/ReconoceMX\/","https:\/\/x.com\/reconocemx","http:\/\/@reconocemx"]},{"@type":"Person","@id":"http:\/\/www.reconoce.mx\/#\/schema\/person\/2117e997d7051dc15d6880eaf9bca0b2","name":"Reconoce MX","image":{"@type":"ImageObject","inLanguage":"es","@id":"http:\/\/www.reconoce.mx\/#\/schema\/person\/image\/","url":"https:\/\/secure.gravatar.com\/avatar\/6c8d4dc7569ca1c90c5fdcc349f839d5ddef6fe1e70b4337ead2ef1a4c43fc3a?s=96&d=identicon&r=g","contentUrl":"https:\/\/secure.gravatar.com\/avatar\/6c8d4dc7569ca1c90c5fdcc349f839d5ddef6fe1e70b4337ead2ef1a4c43fc3a?s=96&d=identicon&r=g","caption":"Reconoce MX"},"description":"Reconoce MX es un proyecto de difusi\u00f3n art\u00edstica, cultural y de conciencia social que est\u00e1 enfocado a difundir y fomentar el entretenimiento alternativo de calidad para todo el p\u00fablico que comparta el mismo entusiasmo.","sameAs":["http:\/\/www.reconoce.mx"],"url":"http:\/\/www.reconoce.mx\/?author=2"}]}},"_links":{"self":[{"href":"http:\/\/www.reconoce.mx\/index.php?rest_route=\/wp\/v2\/posts\/49763","targetHints":{"allow":["GET"]}}],"collection":[{"href":"http:\/\/www.reconoce.mx\/index.php?rest_route=\/wp\/v2\/posts"}],"about":[{"href":"http:\/\/www.reconoce.mx\/index.php?rest_route=\/wp\/v2\/types\/post"}],"author":[{"embeddable":true,"href":"http:\/\/www.reconoce.mx\/index.php?rest_route=\/wp\/v2\/users\/2"}],"replies":[{"embeddable":true,"href":"http:\/\/www.reconoce.mx\/index.php?rest_route=%2Fwp%2Fv2%2Fcomments&post=49763"}],"version-history":[{"count":1,"href":"http:\/\/www.reconoce.mx\/index.php?rest_route=\/wp\/v2\/posts\/49763\/revisions"}],"predecessor-version":[{"id":49767,"href":"http:\/\/www.reconoce.mx\/index.php?rest_route=\/wp\/v2\/posts\/49763\/revisions\/49767"}],"wp:featuredmedia":[{"embeddable":true,"href":"http:\/\/www.reconoce.mx\/index.php?rest_route=\/wp\/v2\/media\/49212"}],"wp:attachment":[{"href":"http:\/\/www.reconoce.mx\/index.php?rest_route=%2Fwp%2Fv2%2Fmedia&parent=49763"}],"wp:term":[{"taxonomy":"category","embeddable":true,"href":"http:\/\/www.reconoce.mx\/index.php?rest_route=%2Fwp%2Fv2%2Fcategories&post=49763"},{"taxonomy":"post_tag","embeddable":true,"href":"http:\/\/www.reconoce.mx\/index.php?rest_route=%2Fwp%2Fv2%2Ftags&post=49763"}],"curies":[{"name":"wp","href":"https:\/\/api.w.org\/{rel}","templated":true}]}}