{"id":49774,"date":"2016-07-12T00:06:53","date_gmt":"2016-07-12T05:06:53","guid":{"rendered":"http:\/\/www.reconoce.mx\/?p=49774"},"modified":"2016-07-11T21:26:00","modified_gmt":"2016-07-12T02:26:00","slug":"conoce-todos-los-detalles-del-19-giff","status":"publish","type":"post","link":"http:\/\/www.reconoce.mx\/?p=49774","title":{"rendered":"\u00a1Conoce todos los detalles del 19\u00b0 GIFF!"},"content":{"rendered":"<p><a href=\"http:\/\/www.reconoce.mx\/?s=giff\" target=\"_blank\"><img loading=\"lazy\" decoding=\"async\" class=\"aligncenter size-full wp-image-49587\" src=\"http:\/\/www.reconoce.mx\/wp-content\/uploads\/2016\/07\/unnamed.gif\" alt=\"unnamed\" width=\"728\" height=\"90\" \/><\/a><\/p>\n<p><strong>Por <a title=\"@AsfaltosTweets\" href=\"http:\/\/twitter.com\/AsfaltosTweets\" target=\"_blank\">Asfaltos<\/a><\/strong>.<\/p>\n<p>Nos encontramos a menos de dos semanas para la realizaci\u00f3n de la edici\u00f3n 19 de uno de nuestros festivales de cine favoritos, el <strong>Festival Internacional de Cine Guanajuato<\/strong>. Con Jap\u00f3n como pa\u00eds invitado de honor, del 22 al 26 de julio en San Miguel de Allende, y del 27 al 31 en Guanajuato capital, se desarrollar\u00e1n un sinf\u00edn de actividades, entre homenajes nacionales e internacionales, conferencias magistrales, conciertos, talleres y la realidad virtual.<\/p>\n<p><img loading=\"lazy\" decoding=\"async\" class=\"aligncenter size-full wp-image-49776\" src=\"http:\/\/www.reconoce.mx\/wp-content\/uploads\/2016\/07\/Poster-Giff-2016.jpg\" alt=\"Poster Giff 2016\" width=\"1579\" height=\"2443\" srcset=\"http:\/\/www.reconoce.mx\/wp-content\/uploads\/2016\/07\/Poster-Giff-2016.jpg 1579w, http:\/\/www.reconoce.mx\/wp-content\/uploads\/2016\/07\/Poster-Giff-2016-194x300.jpg 194w, http:\/\/www.reconoce.mx\/wp-content\/uploads\/2016\/07\/Poster-Giff-2016-768x1188.jpg 768w, http:\/\/www.reconoce.mx\/wp-content\/uploads\/2016\/07\/Poster-Giff-2016-662x1024.jpg 662w, http:\/\/www.reconoce.mx\/wp-content\/uploads\/2016\/07\/Poster-Giff-2016-150x232.jpg 150w, http:\/\/www.reconoce.mx\/wp-content\/uploads\/2016\/07\/Poster-Giff-2016-700x1083.jpg 700w, http:\/\/www.reconoce.mx\/wp-content\/uploads\/2016\/07\/Poster-Giff-2016-658x1018.jpg 658w, http:\/\/www.reconoce.mx\/wp-content\/uploads\/2016\/07\/Poster-Giff-2016-300x464.jpg 300w\" sizes=\"auto, (max-width: 1579px) 100vw, 1579px\" \/><\/p>\n<p>Como reconocimiento en vida a destacadas figuras del cine internacional y nacional, se anunciaron los homenajes a <strong>Demi\u00e1n Bichir<\/strong>, quien adem\u00e1s estrenar\u00e1 en la gala inaugural de Guanajuato capital su m\u00e1s reciente pel\u00edcula \u201c7:19\u201d dirigida por <strong>Jorge Michel Grau<\/strong>, adem\u00e1s de ofrecer tambi\u00e9n una Master Class y una C\u00e1tedra Actoral; a <strong>Dolores Heredia<\/strong>, actriz mexicana sobresaliente en el cine nacional de los \u00faltimos a\u00f1os y actual presidenta de la <strong>AMACC<\/strong>; al visionario realizador japon\u00e9s <strong>Masato Harada<\/strong>, a quien se le entregar\u00e1 la <strong>Cruz de Plata<\/strong> en reconocimiento a su notable trayectoria f\u00edlmica, y quien adem\u00e1s ofrecer\u00e1 tambi\u00e9n una Master Class; a la realizadora <strong>Naomi Kawase<\/strong>, una de las mujeres cineastas m\u00e1s prominentes del mundo, y quien tambi\u00e9n compartir\u00e1 con los asistentes del <strong>GIFF<\/strong> en una Conferencia Magistral; as\u00ed como a la multifac\u00e9tica actriz nipona <strong>Kaori Momoi<\/strong>, una artista completa que ha marcado al cine mundial por su particular estilo; y a las primeras actrices <strong>Patricia Reyes Esp\u00edndola<\/strong> y Evangelina Elizondo, la primera una c\u00e9lebre actriz que ha sido nominada como Mejor Actriz en el <strong>Festival de Cannes<\/strong>, y la segunda una figura con una amplia trayectoria de 60 a\u00f1os en las pantallas<strong>. <\/strong><\/p>\n<blockquote><p>Lee: <a href=\"http:\/\/www.reconoce.mx\/primeros-detalles-de-la-programacion-de-japon-en-giff\/\" target=\"_blank\">Primeros detalles de la programaci\u00f3n de Jap\u00f3n en GIFF<\/a>.<\/p><\/blockquote>\n<p>&nbsp;<\/p>\n<p>En lo que respecta a las galas, el <strong>GIFF<\/strong> presentar\u00e1 en Guanajuato capital las pel\u00edculas \u00ab7:19\u00bb de <strong>Jorge Michel Grau<\/strong>, \u00abEl tama\u00f1o s\u00ed importa\u00bb de <strong>Rafa Lara<\/strong>, \u00abThe Emperor in August\u00bb de <strong>Masato Harada<\/strong>, y para los ni\u00f1os \u00abUn caballo llamado elefante\u00bb de <strong>Andres Waissbluth<\/strong>. Mientras, en San Miguel de Allende, la cinta de <strong>Diego Luna<\/strong> \u00abMr. Pig\u00bb tendr\u00e1 su estreno para salas comerciales.<\/p>\n<p><img loading=\"lazy\" decoding=\"async\" class=\"aligncenter size-full wp-image-49780\" src=\"http:\/\/www.reconoce.mx\/wp-content\/uploads\/2016\/07\/IY7A0043.jpg\" alt=\"IY7A0043\" width=\"1200\" height=\"800\" srcset=\"http:\/\/www.reconoce.mx\/wp-content\/uploads\/2016\/07\/IY7A0043.jpg 1200w, http:\/\/www.reconoce.mx\/wp-content\/uploads\/2016\/07\/IY7A0043-300x200.jpg 300w, http:\/\/www.reconoce.mx\/wp-content\/uploads\/2016\/07\/IY7A0043-768x512.jpg 768w, http:\/\/www.reconoce.mx\/wp-content\/uploads\/2016\/07\/IY7A0043-1024x683.jpg 1024w, http:\/\/www.reconoce.mx\/wp-content\/uploads\/2016\/07\/IY7A0043-150x100.jpg 150w, http:\/\/www.reconoce.mx\/wp-content\/uploads\/2016\/07\/IY7A0043-700x467.jpg 700w, http:\/\/www.reconoce.mx\/wp-content\/uploads\/2016\/07\/IY7A0043-658x439.jpg 658w\" sizes=\"auto, (max-width: 1200px) 100vw, 1200px\" \/><\/p>\n<p>Previamente presentada parte de la <strong>Seleccion Oficial<\/strong>, <a href=\"http:\/\/www.reconoce.mx\/giff-adelanto-detalles-de-su-seleccion-oficial\/\" target=\"_blank\">espec\u00edficamente de la de \u201cLargometraje M\u00e9xico\u201d, \u201cLargometraje Documental\u201d y \u201cSelecci\u00f3n de Cortometrajes Mexicanos\u201d<\/a>, se sumaron los anuncios de la <strong>Selecci\u00f3n Oficial<\/strong> \u00abLargometraje Internacional\u00bb, en donde participar\u00e1n las pel\u00edculas \u00abAloys\u00bb de <strong>Tobias N\u00f6lle<\/strong>, cinta que se estren\u00f3 en la Berlinale 2016; \u00abAprendiz\u00bb de <strong>Junfeng Boo<\/strong>, pel\u00edcula de Singapur que se present\u00f3 en la secci\u00f3n \u00abUn Certain Regard\u00bb en <strong>Cannes 2016<\/strong>; \u00abMuerte por muerte\u00bb de<strong> Xavier Seron<\/strong>, filme de B\u00e9lgica que se ha presentado en festivales como el de <strong>Palm Springs<\/strong> y <strong>Monte Carlo<\/strong>; \u00abHappy Hour\u00bb de <strong>Ry\u00fcsuke Hamaguchi<\/strong>, cinta japonesa que estuvo en competencia en el <strong>Festival de Locarno 2015<\/strong>; \u00abEstados Unidos de Amor\u00bb de <strong>Tomasz Wasilewski<\/strong>, que gan\u00f3 premio al Mejor Gui\u00f3n en la<strong> Berlinale 2016<\/strong>; adem\u00e1s de \u00abMellow Mud\u00bb de <strong>Ren\u0101rs Vimba<\/strong>; \u00abSiembra\u00bb de <strong>\u00c1ngela Osorio <\/strong>y<strong> Santiago Lozano<\/strong>; y \u00abEl Movimiento\u00bb de <strong>Benjam\u00edn Naishtat<\/strong>.<\/p>\n<blockquote><p>Lee: <a href=\"http:\/\/www.reconoce.mx\/giff-presenta-el-cartel-de-musica-cine-2016\/\" target=\"_blank\">GIFF presenta el cartel de \u201cM\u00daSICA + CINE\u201d 2016<\/a>.<\/p><\/blockquote>\n<p>&nbsp;<\/p>\n<p>Adem\u00e1s, y en una noticia que celebramos, se reiter\u00f3 el compromiso del <strong>GIFF<\/strong> con la tecnolog\u00eda de vanguardia, confirmando una vez m\u00e1s un espacio dedicado a la discusi\u00f3n y el an\u00e1lisis del papel de la realidad virtual en el cine; adem\u00e1s de una <strong>Sala de Realidad Virtual<\/strong> totalmente equipada; la primera en un festival latinoamericano, que llega a Guanajuato para que los profesionales de la industria vivan la experiencia de RV.<\/p>\n<p><img loading=\"lazy\" decoding=\"async\" class=\"aligncenter size-full wp-image-49781\" src=\"http:\/\/www.reconoce.mx\/wp-content\/uploads\/2016\/07\/IY7A0055.jpg\" alt=\"IY7A0055\" width=\"1200\" height=\"800\" srcset=\"http:\/\/www.reconoce.mx\/wp-content\/uploads\/2016\/07\/IY7A0055.jpg 1200w, http:\/\/www.reconoce.mx\/wp-content\/uploads\/2016\/07\/IY7A0055-300x200.jpg 300w, http:\/\/www.reconoce.mx\/wp-content\/uploads\/2016\/07\/IY7A0055-768x512.jpg 768w, http:\/\/www.reconoce.mx\/wp-content\/uploads\/2016\/07\/IY7A0055-1024x683.jpg 1024w, http:\/\/www.reconoce.mx\/wp-content\/uploads\/2016\/07\/IY7A0055-150x100.jpg 150w, http:\/\/www.reconoce.mx\/wp-content\/uploads\/2016\/07\/IY7A0055-700x467.jpg 700w, http:\/\/www.reconoce.mx\/wp-content\/uploads\/2016\/07\/IY7A0055-658x439.jpg 658w\" sizes=\"auto, (max-width: 1200px) 100vw, 1200px\" \/><\/p>\n<p>Otras experiencias para no perderse ser\u00e1n la conferencia \u00abMemorias de un ni\u00f1o en Nagasaki\u00bb de <strong>Yasuaki Yamashita<\/strong>, sobreviviente de la bomba at\u00f3mica; la presencia de uno de los fot\u00f3grafos hollywoodenses m\u00e1s destacados de los \u00faltimos a\u00f1os, <strong>Stephen Goldblatt<\/strong> (\u00abCloser\u00bb, \u00abHistorias cruzadas\u00bb, \u00abArma mortal\u00bb, \u00abBatman Forever\u00bb), quien ofrecer\u00e1 una Master Class titulada \u00abEl cine a trav\u00e9s de la lente de Stephen Goldblatt\u00bb; y el <strong>Project Glamour<\/strong>, que es una iniciativa que busca impulsar a los j\u00f3venes dise\u00f1adores tanto de Guanajuato como del resto del pa\u00eds, colocando sus dise\u00f1os en una plataforma importante como lo es el <strong>GIFF<\/strong>.<\/p>\n<blockquote><p>Lee: <a href=\"http:\/\/www.reconoce.mx\/giff-conoce-la-seleccion-del-8-rally-universitario\/\" target=\"_blank\">GIFF: Conoce la selecci\u00f3n del 8\u00b0 Rally Universitario<\/a>.<\/p><\/blockquote>\n<p>&nbsp;<\/p>\n<p>Para conocer m\u00e1s detalles de la d\u00e9cimo novena edici\u00f3n del <strong>Festival Internacional de Cine Guanajuato<\/strong>, que se realizar\u00e1 del 22 al 31 de julio y contar\u00e1 con la presencia de Jap\u00f3n como pa\u00eds invitado de honor, visita el <a href=\"http:\/\/giff.mx\/\" target=\"_blank\">sitio oficial<\/a>.<\/p>\n<p style=\"text-align: right;\">Con informaci\u00f3n e im\u00e1genes cortes\u00eda del<strong> Festival Internacional de Cine Guanajuato<\/strong>.<\/p>\n<p>&nbsp;<\/p>\n<p>&nbsp;<\/p>\n","protected":false},"excerpt":{"rendered":"<p>Nos encontramos a menos de dos semanas para la realizaci\u00f3n de la edici\u00f3n 19 de uno de nuestros festivales de cine favoritos, el Festival Internacional de Cine Guanajuato.<\/p>\n","protected":false},"author":2,"featured_media":49775,"comment_status":"open","ping_status":"open","sticky":false,"template":"","format":"standard","meta":{"footnotes":""},"categories":[24,1,17],"tags":[],"class_list":["post-49774","post","type-post","status-publish","format-standard","has-post-thumbnail","hentry","category-cine","category-cultura","category-principal"],"yoast_head":"<!-- This site is optimized with the Yoast SEO plugin v24.7 - https:\/\/yoast.com\/wordpress\/plugins\/seo\/ -->\n<title>\u00a1Conoce todos los detalles del 19\u00b0 GIFF! &#171; Reconoce MX<\/title>\n<meta name=\"robots\" content=\"index, follow, max-snippet:-1, max-image-preview:large, max-video-preview:-1\" \/>\n<link rel=\"canonical\" href=\"http:\/\/www.reconoce.mx\/?p=49774\" \/>\n<meta property=\"og:locale\" content=\"es_ES\" \/>\n<meta property=\"og:type\" content=\"article\" \/>\n<meta property=\"og:title\" content=\"\u00a1Conoce todos los detalles del 19\u00b0 GIFF! &#171; Reconoce MX\" \/>\n<meta property=\"og:description\" content=\"Nos encontramos a menos de dos semanas para la realizaci\u00f3n de la edici\u00f3n 19 de uno de nuestros festivales de cine favoritos, el Festival Internacional de Cine Guanajuato.\" \/>\n<meta property=\"og:url\" content=\"http:\/\/www.reconoce.mx\/?p=49774\" \/>\n<meta property=\"og:site_name\" content=\"Reconoce MX\" \/>\n<meta property=\"article:publisher\" content=\"https:\/\/es-la.facebook.com\/ReconoceMX\/\" \/>\n<meta property=\"article:published_time\" content=\"2016-07-12T05:06:53+00:00\" \/>\n<meta property=\"og:image\" content=\"http:\/\/www.reconoce.mx\/wp-content\/uploads\/2016\/07\/giffmx19-cover.png\" \/>\n\t<meta property=\"og:image:width\" content=\"590\" \/>\n\t<meta property=\"og:image:height\" content=\"380\" \/>\n\t<meta property=\"og:image:type\" content=\"image\/png\" \/>\n<meta name=\"author\" content=\"Reconoce MX\" \/>\n<meta name=\"twitter:card\" content=\"summary_large_image\" \/>\n<meta name=\"twitter:creator\" content=\"@reconocemx\" \/>\n<meta name=\"twitter:site\" content=\"@reconocemx\" \/>\n<meta name=\"twitter:label1\" content=\"Escrito por\" \/>\n\t<meta name=\"twitter:data1\" content=\"Reconoce MX\" \/>\n\t<meta name=\"twitter:label2\" content=\"Tiempo de lectura\" \/>\n\t<meta name=\"twitter:data2\" content=\"4 minutos\" \/>\n<script type=\"application\/ld+json\" class=\"yoast-schema-graph\">{\"@context\":\"https:\/\/schema.org\",\"@graph\":[{\"@type\":\"Article\",\"@id\":\"http:\/\/www.reconoce.mx\/?p=49774#article\",\"isPartOf\":{\"@id\":\"http:\/\/www.reconoce.mx\/?p=49774\"},\"author\":{\"name\":\"Reconoce MX\",\"@id\":\"http:\/\/www.reconoce.mx\/#\/schema\/person\/2117e997d7051dc15d6880eaf9bca0b2\"},\"headline\":\"\u00a1Conoce todos los detalles del 19\u00b0 GIFF!\",\"datePublished\":\"2016-07-12T05:06:53+00:00\",\"mainEntityOfPage\":{\"@id\":\"http:\/\/www.reconoce.mx\/?p=49774\"},\"wordCount\":786,\"commentCount\":0,\"publisher\":{\"@id\":\"http:\/\/www.reconoce.mx\/#organization\"},\"image\":{\"@id\":\"http:\/\/www.reconoce.mx\/?p=49774#primaryimage\"},\"thumbnailUrl\":\"http:\/\/www.reconoce.mx\/wp-content\/uploads\/2016\/07\/giffmx19-cover.png\",\"articleSection\":[\"Cine\",\"Cultura\",\"Principal\"],\"inLanguage\":\"es\",\"potentialAction\":[{\"@type\":\"CommentAction\",\"name\":\"Comment\",\"target\":[\"http:\/\/www.reconoce.mx\/?p=49774#respond\"]}]},{\"@type\":\"WebPage\",\"@id\":\"http:\/\/www.reconoce.mx\/?p=49774\",\"url\":\"http:\/\/www.reconoce.mx\/?p=49774\",\"name\":\"\u00a1Conoce todos los detalles del 19\u00b0 GIFF! &#171; Reconoce MX\",\"isPartOf\":{\"@id\":\"http:\/\/www.reconoce.mx\/#website\"},\"primaryImageOfPage\":{\"@id\":\"http:\/\/www.reconoce.mx\/?p=49774#primaryimage\"},\"image\":{\"@id\":\"http:\/\/www.reconoce.mx\/?p=49774#primaryimage\"},\"thumbnailUrl\":\"http:\/\/www.reconoce.mx\/wp-content\/uploads\/2016\/07\/giffmx19-cover.png\",\"datePublished\":\"2016-07-12T05:06:53+00:00\",\"breadcrumb\":{\"@id\":\"http:\/\/www.reconoce.mx\/?p=49774#breadcrumb\"},\"inLanguage\":\"es\",\"potentialAction\":[{\"@type\":\"ReadAction\",\"target\":[\"http:\/\/www.reconoce.mx\/?p=49774\"]}]},{\"@type\":\"ImageObject\",\"inLanguage\":\"es\",\"@id\":\"http:\/\/www.reconoce.mx\/?p=49774#primaryimage\",\"url\":\"http:\/\/www.reconoce.mx\/wp-content\/uploads\/2016\/07\/giffmx19-cover.png\",\"contentUrl\":\"http:\/\/www.reconoce.mx\/wp-content\/uploads\/2016\/07\/giffmx19-cover.png\",\"width\":590,\"height\":380},{\"@type\":\"BreadcrumbList\",\"@id\":\"http:\/\/www.reconoce.mx\/?p=49774#breadcrumb\",\"itemListElement\":[{\"@type\":\"ListItem\",\"position\":1,\"name\":\"Portada\",\"item\":\"http:\/\/www.reconoce.mx\/\"},{\"@type\":\"ListItem\",\"position\":2,\"name\":\"\u00a1Conoce todos los detalles del 19\u00b0 GIFF!\"}]},{\"@type\":\"WebSite\",\"@id\":\"http:\/\/www.reconoce.mx\/#website\",\"url\":\"http:\/\/www.reconoce.mx\/\",\"name\":\"Reconoce MX\",\"description\":\"En Reconoce MX difundimos arte, cultura y conciencia social en M\u00e9xico. Tu ciudad en otra perspectiva.\",\"publisher\":{\"@id\":\"http:\/\/www.reconoce.mx\/#organization\"},\"potentialAction\":[{\"@type\":\"SearchAction\",\"target\":{\"@type\":\"EntryPoint\",\"urlTemplate\":\"http:\/\/www.reconoce.mx\/?s={search_term_string}\"},\"query-input\":{\"@type\":\"PropertyValueSpecification\",\"valueRequired\":true,\"valueName\":\"search_term_string\"}}],\"inLanguage\":\"es\"},{\"@type\":\"Organization\",\"@id\":\"http:\/\/www.reconoce.mx\/#organization\",\"name\":\"Reconoce MX\",\"url\":\"http:\/\/www.reconoce.mx\/\",\"logo\":{\"@type\":\"ImageObject\",\"inLanguage\":\"es\",\"@id\":\"http:\/\/www.reconoce.mx\/#\/schema\/logo\/image\/\",\"url\":\"https:\/\/www.reconoce.mx\/wp-content\/uploads\/2019\/03\/logorcmx-good-1.png\",\"contentUrl\":\"https:\/\/www.reconoce.mx\/wp-content\/uploads\/2019\/03\/logorcmx-good-1.png\",\"width\":280,\"height\":90,\"caption\":\"Reconoce MX\"},\"image\":{\"@id\":\"http:\/\/www.reconoce.mx\/#\/schema\/logo\/image\/\"},\"sameAs\":[\"https:\/\/es-la.facebook.com\/ReconoceMX\/\",\"https:\/\/x.com\/reconocemx\",\"http:\/\/@reconocemx\"]},{\"@type\":\"Person\",\"@id\":\"http:\/\/www.reconoce.mx\/#\/schema\/person\/2117e997d7051dc15d6880eaf9bca0b2\",\"name\":\"Reconoce MX\",\"image\":{\"@type\":\"ImageObject\",\"inLanguage\":\"es\",\"@id\":\"http:\/\/www.reconoce.mx\/#\/schema\/person\/image\/\",\"url\":\"https:\/\/secure.gravatar.com\/avatar\/6c8d4dc7569ca1c90c5fdcc349f839d5ddef6fe1e70b4337ead2ef1a4c43fc3a?s=96&d=identicon&r=g\",\"contentUrl\":\"https:\/\/secure.gravatar.com\/avatar\/6c8d4dc7569ca1c90c5fdcc349f839d5ddef6fe1e70b4337ead2ef1a4c43fc3a?s=96&d=identicon&r=g\",\"caption\":\"Reconoce MX\"},\"description\":\"Reconoce MX es un proyecto de difusi\u00f3n art\u00edstica, cultural y de conciencia social que est\u00e1 enfocado a difundir y fomentar el entretenimiento alternativo de calidad para todo el p\u00fablico que comparta el mismo entusiasmo.\",\"sameAs\":[\"http:\/\/www.reconoce.mx\"],\"url\":\"http:\/\/www.reconoce.mx\/?author=2\"}]}<\/script>\n<!-- \/ Yoast SEO plugin. -->","yoast_head_json":{"title":"\u00a1Conoce todos los detalles del 19\u00b0 GIFF! &#171; Reconoce MX","robots":{"index":"index","follow":"follow","max-snippet":"max-snippet:-1","max-image-preview":"max-image-preview:large","max-video-preview":"max-video-preview:-1"},"canonical":"http:\/\/www.reconoce.mx\/?p=49774","og_locale":"es_ES","og_type":"article","og_title":"\u00a1Conoce todos los detalles del 19\u00b0 GIFF! &#171; Reconoce MX","og_description":"Nos encontramos a menos de dos semanas para la realizaci\u00f3n de la edici\u00f3n 19 de uno de nuestros festivales de cine favoritos, el Festival Internacional de Cine Guanajuato.","og_url":"http:\/\/www.reconoce.mx\/?p=49774","og_site_name":"Reconoce MX","article_publisher":"https:\/\/es-la.facebook.com\/ReconoceMX\/","article_published_time":"2016-07-12T05:06:53+00:00","og_image":[{"width":590,"height":380,"url":"http:\/\/www.reconoce.mx\/wp-content\/uploads\/2016\/07\/giffmx19-cover.png","type":"image\/png"}],"author":"Reconoce MX","twitter_card":"summary_large_image","twitter_creator":"@reconocemx","twitter_site":"@reconocemx","twitter_misc":{"Escrito por":"Reconoce MX","Tiempo de lectura":"4 minutos"},"schema":{"@context":"https:\/\/schema.org","@graph":[{"@type":"Article","@id":"http:\/\/www.reconoce.mx\/?p=49774#article","isPartOf":{"@id":"http:\/\/www.reconoce.mx\/?p=49774"},"author":{"name":"Reconoce MX","@id":"http:\/\/www.reconoce.mx\/#\/schema\/person\/2117e997d7051dc15d6880eaf9bca0b2"},"headline":"\u00a1Conoce todos los detalles del 19\u00b0 GIFF!","datePublished":"2016-07-12T05:06:53+00:00","mainEntityOfPage":{"@id":"http:\/\/www.reconoce.mx\/?p=49774"},"wordCount":786,"commentCount":0,"publisher":{"@id":"http:\/\/www.reconoce.mx\/#organization"},"image":{"@id":"http:\/\/www.reconoce.mx\/?p=49774#primaryimage"},"thumbnailUrl":"http:\/\/www.reconoce.mx\/wp-content\/uploads\/2016\/07\/giffmx19-cover.png","articleSection":["Cine","Cultura","Principal"],"inLanguage":"es","potentialAction":[{"@type":"CommentAction","name":"Comment","target":["http:\/\/www.reconoce.mx\/?p=49774#respond"]}]},{"@type":"WebPage","@id":"http:\/\/www.reconoce.mx\/?p=49774","url":"http:\/\/www.reconoce.mx\/?p=49774","name":"\u00a1Conoce todos los detalles del 19\u00b0 GIFF! &#171; Reconoce MX","isPartOf":{"@id":"http:\/\/www.reconoce.mx\/#website"},"primaryImageOfPage":{"@id":"http:\/\/www.reconoce.mx\/?p=49774#primaryimage"},"image":{"@id":"http:\/\/www.reconoce.mx\/?p=49774#primaryimage"},"thumbnailUrl":"http:\/\/www.reconoce.mx\/wp-content\/uploads\/2016\/07\/giffmx19-cover.png","datePublished":"2016-07-12T05:06:53+00:00","breadcrumb":{"@id":"http:\/\/www.reconoce.mx\/?p=49774#breadcrumb"},"inLanguage":"es","potentialAction":[{"@type":"ReadAction","target":["http:\/\/www.reconoce.mx\/?p=49774"]}]},{"@type":"ImageObject","inLanguage":"es","@id":"http:\/\/www.reconoce.mx\/?p=49774#primaryimage","url":"http:\/\/www.reconoce.mx\/wp-content\/uploads\/2016\/07\/giffmx19-cover.png","contentUrl":"http:\/\/www.reconoce.mx\/wp-content\/uploads\/2016\/07\/giffmx19-cover.png","width":590,"height":380},{"@type":"BreadcrumbList","@id":"http:\/\/www.reconoce.mx\/?p=49774#breadcrumb","itemListElement":[{"@type":"ListItem","position":1,"name":"Portada","item":"http:\/\/www.reconoce.mx\/"},{"@type":"ListItem","position":2,"name":"\u00a1Conoce todos los detalles del 19\u00b0 GIFF!"}]},{"@type":"WebSite","@id":"http:\/\/www.reconoce.mx\/#website","url":"http:\/\/www.reconoce.mx\/","name":"Reconoce MX","description":"En Reconoce MX difundimos arte, cultura y conciencia social en M\u00e9xico. Tu ciudad en otra perspectiva.","publisher":{"@id":"http:\/\/www.reconoce.mx\/#organization"},"potentialAction":[{"@type":"SearchAction","target":{"@type":"EntryPoint","urlTemplate":"http:\/\/www.reconoce.mx\/?s={search_term_string}"},"query-input":{"@type":"PropertyValueSpecification","valueRequired":true,"valueName":"search_term_string"}}],"inLanguage":"es"},{"@type":"Organization","@id":"http:\/\/www.reconoce.mx\/#organization","name":"Reconoce MX","url":"http:\/\/www.reconoce.mx\/","logo":{"@type":"ImageObject","inLanguage":"es","@id":"http:\/\/www.reconoce.mx\/#\/schema\/logo\/image\/","url":"https:\/\/www.reconoce.mx\/wp-content\/uploads\/2019\/03\/logorcmx-good-1.png","contentUrl":"https:\/\/www.reconoce.mx\/wp-content\/uploads\/2019\/03\/logorcmx-good-1.png","width":280,"height":90,"caption":"Reconoce MX"},"image":{"@id":"http:\/\/www.reconoce.mx\/#\/schema\/logo\/image\/"},"sameAs":["https:\/\/es-la.facebook.com\/ReconoceMX\/","https:\/\/x.com\/reconocemx","http:\/\/@reconocemx"]},{"@type":"Person","@id":"http:\/\/www.reconoce.mx\/#\/schema\/person\/2117e997d7051dc15d6880eaf9bca0b2","name":"Reconoce MX","image":{"@type":"ImageObject","inLanguage":"es","@id":"http:\/\/www.reconoce.mx\/#\/schema\/person\/image\/","url":"https:\/\/secure.gravatar.com\/avatar\/6c8d4dc7569ca1c90c5fdcc349f839d5ddef6fe1e70b4337ead2ef1a4c43fc3a?s=96&d=identicon&r=g","contentUrl":"https:\/\/secure.gravatar.com\/avatar\/6c8d4dc7569ca1c90c5fdcc349f839d5ddef6fe1e70b4337ead2ef1a4c43fc3a?s=96&d=identicon&r=g","caption":"Reconoce MX"},"description":"Reconoce MX es un proyecto de difusi\u00f3n art\u00edstica, cultural y de conciencia social que est\u00e1 enfocado a difundir y fomentar el entretenimiento alternativo de calidad para todo el p\u00fablico que comparta el mismo entusiasmo.","sameAs":["http:\/\/www.reconoce.mx"],"url":"http:\/\/www.reconoce.mx\/?author=2"}]}},"_links":{"self":[{"href":"http:\/\/www.reconoce.mx\/index.php?rest_route=\/wp\/v2\/posts\/49774","targetHints":{"allow":["GET"]}}],"collection":[{"href":"http:\/\/www.reconoce.mx\/index.php?rest_route=\/wp\/v2\/posts"}],"about":[{"href":"http:\/\/www.reconoce.mx\/index.php?rest_route=\/wp\/v2\/types\/post"}],"author":[{"embeddable":true,"href":"http:\/\/www.reconoce.mx\/index.php?rest_route=\/wp\/v2\/users\/2"}],"replies":[{"embeddable":true,"href":"http:\/\/www.reconoce.mx\/index.php?rest_route=%2Fwp%2Fv2%2Fcomments&post=49774"}],"version-history":[{"count":6,"href":"http:\/\/www.reconoce.mx\/index.php?rest_route=\/wp\/v2\/posts\/49774\/revisions"}],"predecessor-version":[{"id":49786,"href":"http:\/\/www.reconoce.mx\/index.php?rest_route=\/wp\/v2\/posts\/49774\/revisions\/49786"}],"wp:featuredmedia":[{"embeddable":true,"href":"http:\/\/www.reconoce.mx\/index.php?rest_route=\/wp\/v2\/media\/49775"}],"wp:attachment":[{"href":"http:\/\/www.reconoce.mx\/index.php?rest_route=%2Fwp%2Fv2%2Fmedia&parent=49774"}],"wp:term":[{"taxonomy":"category","embeddable":true,"href":"http:\/\/www.reconoce.mx\/index.php?rest_route=%2Fwp%2Fv2%2Fcategories&post=49774"},{"taxonomy":"post_tag","embeddable":true,"href":"http:\/\/www.reconoce.mx\/index.php?rest_route=%2Fwp%2Fv2%2Ftags&post=49774"}],"curies":[{"name":"wp","href":"https:\/\/api.w.org\/{rel}","templated":true}]}}