{"id":49788,"date":"2016-07-13T00:04:49","date_gmt":"2016-07-13T05:04:49","guid":{"rendered":"http:\/\/www.reconoce.mx\/?p=49788"},"modified":"2016-07-13T11:29:20","modified_gmt":"2016-07-13T16:29:20","slug":"festprogjazz-el-jazz-en-todas-sus-formas","status":"publish","type":"post","link":"http:\/\/www.reconoce.mx\/?p=49788","title":{"rendered":"#FestProgJazz, el jazz en todas sus formas"},"content":{"rendered":"<p><strong>Por <a href=\"https:\/\/twitter.com\/alice_freckles\" target=\"_blank\">Alicia \u00c1vila<\/a><\/strong>.<\/p>\n<p>Bien hemos aprendido que la m\u00fasica es el lineamiento m\u00e1s emblem\u00e1tico y transparente para comunicarnos sin necesidad de buscar palabras. Poco a poco, se ha ido transformando en la respuesta a todo lo que sentimos, muchas veces, sin saber c\u00f3mo explicarla o c\u00f3mo describirla, se convierte en \u00abalgo\u00bb que solamente queremos conocer, aprender y compartir.<\/p>\n<p><img loading=\"lazy\" decoding=\"async\" class=\"aligncenter size-full wp-image-49789\" src=\"http:\/\/www.reconoce.mx\/wp-content\/uploads\/2016\/07\/Cartel-FestProgJazz-2016-rock-progresivo-y-jazz-fusion.jpg\" alt=\"cartel2curvs\" width=\"3185\" height=\"4256\" srcset=\"http:\/\/www.reconoce.mx\/wp-content\/uploads\/2016\/07\/Cartel-FestProgJazz-2016-rock-progresivo-y-jazz-fusion.jpg 3185w, http:\/\/www.reconoce.mx\/wp-content\/uploads\/2016\/07\/Cartel-FestProgJazz-2016-rock-progresivo-y-jazz-fusion-225x300.jpg 225w, http:\/\/www.reconoce.mx\/wp-content\/uploads\/2016\/07\/Cartel-FestProgJazz-2016-rock-progresivo-y-jazz-fusion-768x1026.jpg 768w, http:\/\/www.reconoce.mx\/wp-content\/uploads\/2016\/07\/Cartel-FestProgJazz-2016-rock-progresivo-y-jazz-fusion-766x1024.jpg 766w, http:\/\/www.reconoce.mx\/wp-content\/uploads\/2016\/07\/Cartel-FestProgJazz-2016-rock-progresivo-y-jazz-fusion-150x200.jpg 150w, http:\/\/www.reconoce.mx\/wp-content\/uploads\/2016\/07\/Cartel-FestProgJazz-2016-rock-progresivo-y-jazz-fusion-700x935.jpg 700w, http:\/\/www.reconoce.mx\/wp-content\/uploads\/2016\/07\/Cartel-FestProgJazz-2016-rock-progresivo-y-jazz-fusion-658x879.jpg 658w, http:\/\/www.reconoce.mx\/wp-content\/uploads\/2016\/07\/Cartel-FestProgJazz-2016-rock-progresivo-y-jazz-fusion-300x401.jpg 300w\" sizes=\"auto, (max-width: 3185px) 100vw, 3185px\" \/><\/p>\n<p>Esta vez, queremos invitarlos a la tercera edici\u00f3n del <a href=\"https:\/\/twitter.com\/search?q=%23FestProgJazz&amp;src=typd\" target=\"_blank\">#FestProgJazz<\/a> que se llevar\u00e1 a cabo el pr\u00f3ximo s\u00e1bado 16 de julio en el<strong> Foro Fausto Vega<\/strong> ubicado en la colonia Escuadr\u00f3n 201, delegaci\u00f3n Iztapalapa, Ciudad de M\u00e9xico, desde las 11:00 y hasta las 19:00 horas.<\/p>\n<p>El festival est\u00e1 enfocado al g\u00e9nero jazz en toda su totalidad; podr\u00e1s disfrutar desde rock progresivo, hasta jazz fusi\u00f3n. El <em>lineup<\/em> est\u00e1 conformado por <strong>Mx Fusi\u00f3n<\/strong> (jazz fusi\u00f3n), <strong>Parazit<\/strong> (progresivo), <strong>La Orquesta Vulgar<\/strong> (jazz fusi\u00f3n), <strong>Remi \u00c1lvarez<\/strong> (free jazz) y <strong>Anima Tempo<\/strong> (metal progresivo).<\/p>\n<p>Esta edici\u00f3n ser\u00e1 un encuentro mel\u00f3mano enfocado a la fusi\u00f3n del jazz dirigido hacia toda la gente que quiera acompa\u00f1ar a los m\u00fasicos y ser testigo de la transici\u00f3n de su trabajo como respuesta a todos los sentidos.\u00a0<a href=\"https:\/\/twitter.com\/search?q=%23FestProgJazz&amp;src=typd\" target=\"_blank\">#FestProgJazz<\/a> se mantiene con el formato que se lleva desde la primera edici\u00f3n, \u00a1entrada libre!<\/p>\n<p><iframe loading=\"lazy\" src=\"https:\/\/www.google.com\/maps\/embed?pb=!1m14!1m8!1m3!1d15056.22552830419!2d-99.1111636!3d19.3667112!3m2!1i1024!2i768!4f13.1!3m3!1m2!1s0x0%3A0x46f18c5fce014d5d!2sTeatro+Fausto+Vega!5e0!3m2!1ses!2smx!4v1468380123319\" width=\"590\" height=\"600\" frameborder=\"0\" style=\"border:0\" allowfullscreen><\/iframe><\/p>\n<p>&nbsp;<\/p>\n<p>&nbsp;<\/p>\n","protected":false},"excerpt":{"rendered":"<p>Bien hemos aprendido que la m\u00fasica es el lineamiento m\u00e1s emblem\u00e1tico y transparente para comunicarnos sin necesidad de buscar palabras. <\/p>\n","protected":false},"author":2,"featured_media":49790,"comment_status":"open","ping_status":"open","sticky":false,"template":"","format":"standard","meta":{"footnotes":""},"categories":[1,18,17],"tags":[],"class_list":["post-49788","post","type-post","status-publish","format-standard","has-post-thumbnail","hentry","category-cultura","category-musica","category-principal"],"yoast_head":"<!-- This site is optimized with the Yoast SEO plugin v24.7 - https:\/\/yoast.com\/wordpress\/plugins\/seo\/ -->\n<title>#FestProgJazz, el jazz en todas sus formas &#171; Reconoce MX<\/title>\n<meta name=\"robots\" content=\"index, follow, max-snippet:-1, max-image-preview:large, max-video-preview:-1\" \/>\n<link rel=\"canonical\" href=\"https:\/\/www.reconoce.mx\/?p=49788\" \/>\n<meta property=\"og:locale\" content=\"es_ES\" \/>\n<meta property=\"og:type\" content=\"article\" \/>\n<meta property=\"og:title\" content=\"#FestProgJazz, el jazz en todas sus formas &#171; Reconoce MX\" \/>\n<meta property=\"og:description\" content=\"Bien hemos aprendido que la m\u00fasica es el lineamiento m\u00e1s emblem\u00e1tico y transparente para comunicarnos sin necesidad de buscar palabras.\" \/>\n<meta property=\"og:url\" content=\"https:\/\/www.reconoce.mx\/?p=49788\" \/>\n<meta property=\"og:site_name\" content=\"Reconoce MX\" \/>\n<meta property=\"article:publisher\" content=\"https:\/\/es-la.facebook.com\/ReconoceMX\/\" \/>\n<meta property=\"article:published_time\" content=\"2016-07-13T05:04:49+00:00\" \/>\n<meta property=\"article:modified_time\" content=\"2016-07-13T16:29:20+00:00\" \/>\n<meta property=\"og:image\" content=\"https:\/\/www.reconoce.mx\/wp-content\/uploads\/2016\/07\/festprogjazz-cover.png\" \/>\n\t<meta property=\"og:image:width\" content=\"590\" \/>\n\t<meta property=\"og:image:height\" content=\"380\" \/>\n\t<meta property=\"og:image:type\" content=\"image\/png\" \/>\n<meta name=\"author\" content=\"Reconoce MX\" \/>\n<meta name=\"twitter:card\" content=\"summary_large_image\" \/>\n<meta name=\"twitter:creator\" content=\"@reconocemx\" \/>\n<meta name=\"twitter:site\" content=\"@reconocemx\" \/>\n<meta name=\"twitter:label1\" content=\"Escrito por\" \/>\n\t<meta name=\"twitter:data1\" content=\"Reconoce MX\" \/>\n\t<meta name=\"twitter:label2\" content=\"Tiempo de lectura\" \/>\n\t<meta name=\"twitter:data2\" content=\"1 minuto\" \/>\n<script type=\"application\/ld+json\" class=\"yoast-schema-graph\">{\"@context\":\"https:\/\/schema.org\",\"@graph\":[{\"@type\":\"Article\",\"@id\":\"https:\/\/www.reconoce.mx\/?p=49788#article\",\"isPartOf\":{\"@id\":\"https:\/\/www.reconoce.mx\/?p=49788\"},\"author\":{\"name\":\"Reconoce MX\",\"@id\":\"http:\/\/www.reconoce.mx\/#\/schema\/person\/2117e997d7051dc15d6880eaf9bca0b2\"},\"headline\":\"#FestProgJazz, el jazz en todas sus formas\",\"datePublished\":\"2016-07-13T05:04:49+00:00\",\"dateModified\":\"2016-07-13T16:29:20+00:00\",\"mainEntityOfPage\":{\"@id\":\"https:\/\/www.reconoce.mx\/?p=49788\"},\"wordCount\":229,\"commentCount\":0,\"publisher\":{\"@id\":\"http:\/\/www.reconoce.mx\/#organization\"},\"image\":{\"@id\":\"https:\/\/www.reconoce.mx\/?p=49788#primaryimage\"},\"thumbnailUrl\":\"http:\/\/www.reconoce.mx\/wp-content\/uploads\/2016\/07\/festprogjazz-cover.png\",\"articleSection\":[\"Cultura\",\"M\u00fasica\",\"Principal\"],\"inLanguage\":\"es\",\"potentialAction\":[{\"@type\":\"CommentAction\",\"name\":\"Comment\",\"target\":[\"https:\/\/www.reconoce.mx\/?p=49788#respond\"]}]},{\"@type\":\"WebPage\",\"@id\":\"https:\/\/www.reconoce.mx\/?p=49788\",\"url\":\"https:\/\/www.reconoce.mx\/?p=49788\",\"name\":\"#FestProgJazz, el jazz en todas sus formas &#171; Reconoce MX\",\"isPartOf\":{\"@id\":\"http:\/\/www.reconoce.mx\/#website\"},\"primaryImageOfPage\":{\"@id\":\"https:\/\/www.reconoce.mx\/?p=49788#primaryimage\"},\"image\":{\"@id\":\"https:\/\/www.reconoce.mx\/?p=49788#primaryimage\"},\"thumbnailUrl\":\"http:\/\/www.reconoce.mx\/wp-content\/uploads\/2016\/07\/festprogjazz-cover.png\",\"datePublished\":\"2016-07-13T05:04:49+00:00\",\"dateModified\":\"2016-07-13T16:29:20+00:00\",\"breadcrumb\":{\"@id\":\"https:\/\/www.reconoce.mx\/?p=49788#breadcrumb\"},\"inLanguage\":\"es\",\"potentialAction\":[{\"@type\":\"ReadAction\",\"target\":[\"https:\/\/www.reconoce.mx\/?p=49788\"]}]},{\"@type\":\"ImageObject\",\"inLanguage\":\"es\",\"@id\":\"https:\/\/www.reconoce.mx\/?p=49788#primaryimage\",\"url\":\"http:\/\/www.reconoce.mx\/wp-content\/uploads\/2016\/07\/festprogjazz-cover.png\",\"contentUrl\":\"http:\/\/www.reconoce.mx\/wp-content\/uploads\/2016\/07\/festprogjazz-cover.png\",\"width\":590,\"height\":380},{\"@type\":\"BreadcrumbList\",\"@id\":\"https:\/\/www.reconoce.mx\/?p=49788#breadcrumb\",\"itemListElement\":[{\"@type\":\"ListItem\",\"position\":1,\"name\":\"Portada\",\"item\":\"http:\/\/www.reconoce.mx\/\"},{\"@type\":\"ListItem\",\"position\":2,\"name\":\"#FestProgJazz, el jazz en todas sus formas\"}]},{\"@type\":\"WebSite\",\"@id\":\"http:\/\/www.reconoce.mx\/#website\",\"url\":\"http:\/\/www.reconoce.mx\/\",\"name\":\"Reconoce MX\",\"description\":\"En Reconoce MX difundimos arte, cultura y conciencia social en M\u00e9xico. Tu ciudad en otra perspectiva.\",\"publisher\":{\"@id\":\"http:\/\/www.reconoce.mx\/#organization\"},\"potentialAction\":[{\"@type\":\"SearchAction\",\"target\":{\"@type\":\"EntryPoint\",\"urlTemplate\":\"http:\/\/www.reconoce.mx\/?s={search_term_string}\"},\"query-input\":{\"@type\":\"PropertyValueSpecification\",\"valueRequired\":true,\"valueName\":\"search_term_string\"}}],\"inLanguage\":\"es\"},{\"@type\":\"Organization\",\"@id\":\"http:\/\/www.reconoce.mx\/#organization\",\"name\":\"Reconoce MX\",\"url\":\"http:\/\/www.reconoce.mx\/\",\"logo\":{\"@type\":\"ImageObject\",\"inLanguage\":\"es\",\"@id\":\"http:\/\/www.reconoce.mx\/#\/schema\/logo\/image\/\",\"url\":\"https:\/\/www.reconoce.mx\/wp-content\/uploads\/2019\/03\/logorcmx-good-1.png\",\"contentUrl\":\"https:\/\/www.reconoce.mx\/wp-content\/uploads\/2019\/03\/logorcmx-good-1.png\",\"width\":280,\"height\":90,\"caption\":\"Reconoce MX\"},\"image\":{\"@id\":\"http:\/\/www.reconoce.mx\/#\/schema\/logo\/image\/\"},\"sameAs\":[\"https:\/\/es-la.facebook.com\/ReconoceMX\/\",\"https:\/\/x.com\/reconocemx\",\"http:\/\/@reconocemx\"]},{\"@type\":\"Person\",\"@id\":\"http:\/\/www.reconoce.mx\/#\/schema\/person\/2117e997d7051dc15d6880eaf9bca0b2\",\"name\":\"Reconoce MX\",\"image\":{\"@type\":\"ImageObject\",\"inLanguage\":\"es\",\"@id\":\"http:\/\/www.reconoce.mx\/#\/schema\/person\/image\/\",\"url\":\"https:\/\/secure.gravatar.com\/avatar\/6c8d4dc7569ca1c90c5fdcc349f839d5ddef6fe1e70b4337ead2ef1a4c43fc3a?s=96&d=identicon&r=g\",\"contentUrl\":\"https:\/\/secure.gravatar.com\/avatar\/6c8d4dc7569ca1c90c5fdcc349f839d5ddef6fe1e70b4337ead2ef1a4c43fc3a?s=96&d=identicon&r=g\",\"caption\":\"Reconoce MX\"},\"description\":\"Reconoce MX es un proyecto de difusi\u00f3n art\u00edstica, cultural y de conciencia social que est\u00e1 enfocado a difundir y fomentar el entretenimiento alternativo de calidad para todo el p\u00fablico que comparta el mismo entusiasmo.\",\"sameAs\":[\"http:\/\/www.reconoce.mx\"],\"url\":\"http:\/\/www.reconoce.mx\/?author=2\"}]}<\/script>\n<!-- \/ Yoast SEO plugin. -->","yoast_head_json":{"title":"#FestProgJazz, el jazz en todas sus formas &#171; Reconoce MX","robots":{"index":"index","follow":"follow","max-snippet":"max-snippet:-1","max-image-preview":"max-image-preview:large","max-video-preview":"max-video-preview:-1"},"canonical":"https:\/\/www.reconoce.mx\/?p=49788","og_locale":"es_ES","og_type":"article","og_title":"#FestProgJazz, el jazz en todas sus formas &#171; Reconoce MX","og_description":"Bien hemos aprendido que la m\u00fasica es el lineamiento m\u00e1s emblem\u00e1tico y transparente para comunicarnos sin necesidad de buscar palabras.","og_url":"https:\/\/www.reconoce.mx\/?p=49788","og_site_name":"Reconoce MX","article_publisher":"https:\/\/es-la.facebook.com\/ReconoceMX\/","article_published_time":"2016-07-13T05:04:49+00:00","article_modified_time":"2016-07-13T16:29:20+00:00","og_image":[{"width":590,"height":380,"url":"https:\/\/www.reconoce.mx\/wp-content\/uploads\/2016\/07\/festprogjazz-cover.png","type":"image\/png"}],"author":"Reconoce MX","twitter_card":"summary_large_image","twitter_creator":"@reconocemx","twitter_site":"@reconocemx","twitter_misc":{"Escrito por":"Reconoce MX","Tiempo de lectura":"1 minuto"},"schema":{"@context":"https:\/\/schema.org","@graph":[{"@type":"Article","@id":"https:\/\/www.reconoce.mx\/?p=49788#article","isPartOf":{"@id":"https:\/\/www.reconoce.mx\/?p=49788"},"author":{"name":"Reconoce MX","@id":"http:\/\/www.reconoce.mx\/#\/schema\/person\/2117e997d7051dc15d6880eaf9bca0b2"},"headline":"#FestProgJazz, el jazz en todas sus formas","datePublished":"2016-07-13T05:04:49+00:00","dateModified":"2016-07-13T16:29:20+00:00","mainEntityOfPage":{"@id":"https:\/\/www.reconoce.mx\/?p=49788"},"wordCount":229,"commentCount":0,"publisher":{"@id":"http:\/\/www.reconoce.mx\/#organization"},"image":{"@id":"https:\/\/www.reconoce.mx\/?p=49788#primaryimage"},"thumbnailUrl":"http:\/\/www.reconoce.mx\/wp-content\/uploads\/2016\/07\/festprogjazz-cover.png","articleSection":["Cultura","M\u00fasica","Principal"],"inLanguage":"es","potentialAction":[{"@type":"CommentAction","name":"Comment","target":["https:\/\/www.reconoce.mx\/?p=49788#respond"]}]},{"@type":"WebPage","@id":"https:\/\/www.reconoce.mx\/?p=49788","url":"https:\/\/www.reconoce.mx\/?p=49788","name":"#FestProgJazz, el jazz en todas sus formas &#171; Reconoce MX","isPartOf":{"@id":"http:\/\/www.reconoce.mx\/#website"},"primaryImageOfPage":{"@id":"https:\/\/www.reconoce.mx\/?p=49788#primaryimage"},"image":{"@id":"https:\/\/www.reconoce.mx\/?p=49788#primaryimage"},"thumbnailUrl":"http:\/\/www.reconoce.mx\/wp-content\/uploads\/2016\/07\/festprogjazz-cover.png","datePublished":"2016-07-13T05:04:49+00:00","dateModified":"2016-07-13T16:29:20+00:00","breadcrumb":{"@id":"https:\/\/www.reconoce.mx\/?p=49788#breadcrumb"},"inLanguage":"es","potentialAction":[{"@type":"ReadAction","target":["https:\/\/www.reconoce.mx\/?p=49788"]}]},{"@type":"ImageObject","inLanguage":"es","@id":"https:\/\/www.reconoce.mx\/?p=49788#primaryimage","url":"http:\/\/www.reconoce.mx\/wp-content\/uploads\/2016\/07\/festprogjazz-cover.png","contentUrl":"http:\/\/www.reconoce.mx\/wp-content\/uploads\/2016\/07\/festprogjazz-cover.png","width":590,"height":380},{"@type":"BreadcrumbList","@id":"https:\/\/www.reconoce.mx\/?p=49788#breadcrumb","itemListElement":[{"@type":"ListItem","position":1,"name":"Portada","item":"http:\/\/www.reconoce.mx\/"},{"@type":"ListItem","position":2,"name":"#FestProgJazz, el jazz en todas sus formas"}]},{"@type":"WebSite","@id":"http:\/\/www.reconoce.mx\/#website","url":"http:\/\/www.reconoce.mx\/","name":"Reconoce MX","description":"En Reconoce MX difundimos arte, cultura y conciencia social en M\u00e9xico. Tu ciudad en otra perspectiva.","publisher":{"@id":"http:\/\/www.reconoce.mx\/#organization"},"potentialAction":[{"@type":"SearchAction","target":{"@type":"EntryPoint","urlTemplate":"http:\/\/www.reconoce.mx\/?s={search_term_string}"},"query-input":{"@type":"PropertyValueSpecification","valueRequired":true,"valueName":"search_term_string"}}],"inLanguage":"es"},{"@type":"Organization","@id":"http:\/\/www.reconoce.mx\/#organization","name":"Reconoce MX","url":"http:\/\/www.reconoce.mx\/","logo":{"@type":"ImageObject","inLanguage":"es","@id":"http:\/\/www.reconoce.mx\/#\/schema\/logo\/image\/","url":"https:\/\/www.reconoce.mx\/wp-content\/uploads\/2019\/03\/logorcmx-good-1.png","contentUrl":"https:\/\/www.reconoce.mx\/wp-content\/uploads\/2019\/03\/logorcmx-good-1.png","width":280,"height":90,"caption":"Reconoce MX"},"image":{"@id":"http:\/\/www.reconoce.mx\/#\/schema\/logo\/image\/"},"sameAs":["https:\/\/es-la.facebook.com\/ReconoceMX\/","https:\/\/x.com\/reconocemx","http:\/\/@reconocemx"]},{"@type":"Person","@id":"http:\/\/www.reconoce.mx\/#\/schema\/person\/2117e997d7051dc15d6880eaf9bca0b2","name":"Reconoce MX","image":{"@type":"ImageObject","inLanguage":"es","@id":"http:\/\/www.reconoce.mx\/#\/schema\/person\/image\/","url":"https:\/\/secure.gravatar.com\/avatar\/6c8d4dc7569ca1c90c5fdcc349f839d5ddef6fe1e70b4337ead2ef1a4c43fc3a?s=96&d=identicon&r=g","contentUrl":"https:\/\/secure.gravatar.com\/avatar\/6c8d4dc7569ca1c90c5fdcc349f839d5ddef6fe1e70b4337ead2ef1a4c43fc3a?s=96&d=identicon&r=g","caption":"Reconoce MX"},"description":"Reconoce MX es un proyecto de difusi\u00f3n art\u00edstica, cultural y de conciencia social que est\u00e1 enfocado a difundir y fomentar el entretenimiento alternativo de calidad para todo el p\u00fablico que comparta el mismo entusiasmo.","sameAs":["http:\/\/www.reconoce.mx"],"url":"http:\/\/www.reconoce.mx\/?author=2"}]}},"_links":{"self":[{"href":"http:\/\/www.reconoce.mx\/index.php?rest_route=\/wp\/v2\/posts\/49788","targetHints":{"allow":["GET"]}}],"collection":[{"href":"http:\/\/www.reconoce.mx\/index.php?rest_route=\/wp\/v2\/posts"}],"about":[{"href":"http:\/\/www.reconoce.mx\/index.php?rest_route=\/wp\/v2\/types\/post"}],"author":[{"embeddable":true,"href":"http:\/\/www.reconoce.mx\/index.php?rest_route=\/wp\/v2\/users\/2"}],"replies":[{"embeddable":true,"href":"http:\/\/www.reconoce.mx\/index.php?rest_route=%2Fwp%2Fv2%2Fcomments&post=49788"}],"version-history":[{"count":4,"href":"http:\/\/www.reconoce.mx\/index.php?rest_route=\/wp\/v2\/posts\/49788\/revisions"}],"predecessor-version":[{"id":49794,"href":"http:\/\/www.reconoce.mx\/index.php?rest_route=\/wp\/v2\/posts\/49788\/revisions\/49794"}],"wp:featuredmedia":[{"embeddable":true,"href":"http:\/\/www.reconoce.mx\/index.php?rest_route=\/wp\/v2\/media\/49790"}],"wp:attachment":[{"href":"http:\/\/www.reconoce.mx\/index.php?rest_route=%2Fwp%2Fv2%2Fmedia&parent=49788"}],"wp:term":[{"taxonomy":"category","embeddable":true,"href":"http:\/\/www.reconoce.mx\/index.php?rest_route=%2Fwp%2Fv2%2Fcategories&post=49788"},{"taxonomy":"post_tag","embeddable":true,"href":"http:\/\/www.reconoce.mx\/index.php?rest_route=%2Fwp%2Fv2%2Ftags&post=49788"}],"curies":[{"name":"wp","href":"https:\/\/api.w.org\/{rel}","templated":true}]}}