{"id":51775,"date":"2016-09-02T00:07:04","date_gmt":"2016-09-02T05:07:04","guid":{"rendered":"http:\/\/www.reconoce.mx\/?p=51775"},"modified":"2016-09-02T09:42:58","modified_gmt":"2016-09-02T14:42:58","slug":"tunacola-y-el-cierre-de-su-verano-mexicano","status":"publish","type":"post","link":"http:\/\/www.reconoce.mx\/?p=51775","title":{"rendered":"Tunacola y el cierre de su \u00abverano mexicano\u00bb"},"content":{"rendered":"<p><strong>Por <a href=\"https:\/\/twitter.com\/alice_freckles\" target=\"_blank\">Alicia \u00c1vila<\/a>.<\/strong><\/p>\n<p>La semana pasada <span style=\"color: #ff0000;\"><strong>Reconoce MX<\/strong><\/span> tuvo la oportunidad de entrevistar una vez m\u00e1s a <strong>Tunacola<\/strong>, banda chilena que regres\u00f3 por tercera vez en el a\u00f1o a Ciudad de M\u00e9xico para presentarse en la <strong>Semana de las Juventudes<\/strong>, en <strong>El Imperial<\/strong> y en <strong>Casa del Lago<\/strong>. Pues bien, con motivo de su presentaci\u00f3n el fin de semana pasado en <strong>El Imperial<\/strong>, platicamos con tres de los integrantes de <strong>Tunacola<\/strong> que aprovecharon la visita para dar cierre a esta \u00abetapa musical\u00bb y comenzar as\u00ed la siguiente.<\/p>\n<p>Tuvimos una gran charla con <strong>Richi Tunacola<\/strong>, <strong>Fernanda Moroni<\/strong> y <strong>Leo Fonk<\/strong> para platicar sobre este proyecto tras siete a\u00f1os de trayectoria. Nos encant\u00f3 platicar con la banda de hip hop chilena. \u00a1Vaya que a\u00fan hay buen talento internacional para compartir!<\/p>\n<p>Richie es qui\u00e9n esta detr\u00e1s de las canciones; tanto escribiendo la m\u00fasica como voz del proyecto; es \u00e9l quien nos presenta a Fernanda como \u00abla Fe\u00f1a\u00bb y la segunda vocal, y a Leo como el baterista.<\/p>\n<p><iframe loading=\"lazy\" width=\"590\" height=\"443\" src=\"https:\/\/www.youtube.com\/embed\/Xo0M1NUsRpE\" frameborder=\"0\" allowfullscreen><\/iframe><\/p>\n<p><span style=\"color: #ff0000;\"><strong>Reconoce MX<\/strong><\/span>: La banda escogi\u00f3 el nombre de <strong>Tunacola<\/strong> por medio de un videojuego, el nombre pertenece a una isla, \u00bfpero por qu\u00e9 fue tan importante para llamar el proyecto as\u00ed?<\/p>\n<p><strong>Richie Tunacola<\/strong>: <strong>Tunacola<\/strong> sale de unas canciones que yo estaba produciendo por ah\u00ed del 2008, 2009. Sal\u00ed de la escuela de m\u00fasica y fue cuando me di cuenta que toda esta m\u00fasica que estaba haciendo en el computador, pod\u00eda ser llevada a los escenarios; era m\u00fasica electr\u00f3nica principalmente. Empec\u00e9 a meterle voces y despu\u00e9s por supuesto, letra. \u00a1Pero! Mi timidez no me daba para defenderlas en vivo. As\u00ed que empec\u00e9 a buscar y as\u00ed di con <strong>DJ Caso<\/strong>. Pas\u00f3 el tiempo, hubo muchos cambios de formaci\u00f3n y ahora somos siete. El nombre viene de una isla de un videojuego; \u00a1eran de mucho inter\u00e9s para mi! Sobre todo los antiguos, eran tan b\u00e1sicos que de alguna manera, ten\u00edas que imaginar tu el resto. Yo empec\u00e9 con <strong>Atari<\/strong>, mi videojuego favorito es \u00abStartropics\u00bb, justo, de donde sale el nombre del proyecto. Luego fue el <strong>Nintendo<\/strong> y <strong>Sega<\/strong>, y hasta ah\u00ed llegu\u00e9. Tuve <strong>Playstation 2<\/strong>, pero fue brutalmente asesinado en el terremoto de 2010; le cay\u00f3 la TV encima.<\/p>\n<p><span style=\"color: #ff0000;\"><strong>RCMX<\/strong><\/span>: \u00bfC\u00f3mo llega <strong>Tunacola<\/strong> al Ciudad de M\u00e9xico?<\/p>\n<p><strong> RT<\/strong>: Esta es nuestra cuarta visita. La primera vez que llegamos fue cuando, despu\u00e9s de cuatro a\u00f1os, est\u00e1bamos cansados de tocar en los mismos lugares y dijimos \u00abhay que ir a ver\u00bb. Ten\u00edamos un manager que nos lo propuso, \u00e9l lo iba a organizar todo; era una gira de tres d\u00edas. Nosotros costeamos el primer viaje (hasta el d\u00eda de hoy, \u00a1bueno!, casi). Lo que pas\u00f3 fue que llegamos a M\u00e9xico y no hab\u00eda nada de lo que el manager hab\u00eda dicho; no trabajamos nunca m\u00e1s con \u00e9l. Esa fue la primera visita, fue un desastre. \u00a1Vinimos de vacaciones! Vinimos a hacer solamente un show (en el <strong>Caradura<\/strong>) y tuvimos solamente una entrevista. La siguiente vez fue diferente; ya estaba m\u00e1s organizada. En la segunda gira ya hab\u00eda otros integrantes e igual, tuvimos solamente una fecha en <strong>El Imperial<\/strong> que dio pie a las siguientes tercera y cuarta vez. Fuimos a una edici\u00f3n del <strong>SXSW<\/strong> y comenzamos a recibir respuesta de la gente; preguntaban si \u00edbamos a venir y vinimos por una semana y media donde tocamos en esa vez de <strong>El Imperial<\/strong>. Ya est\u00e1bamos preparados para la tercera y cuarta visita. En verdad, es la quinta vez \u00e9sta, vinimos tambi\u00e9n en mayo y junio de este a\u00f1o. Este a\u00f1o hemos estado ac\u00e1 tres veces. Cada vez es m\u00e1s frecuente. Ya tocamos menos en Santiago, que en M\u00e9xico.<\/p>\n<p><span style=\"color: #ff0000;\"><strong>RCMX<\/strong><\/span>: En cuanto a la escena musical que hay en Chile y la que hay en Ciudad de M\u00e9xico&#8230;<\/p>\n<p><strong>Leo Fonk<\/strong>: La oferta es diferente en cuanto a tama\u00f1o. En Chile es muy peque\u00f1o, All\u00e1 tenemos&#8230; \u00bf17 millones? en todo Chile y aqu\u00ed, solamente en Ciudad de M\u00e9xico&#8230; \u00a130 millones o m\u00e1s! All\u00e1 hay mucha gente haciendo m\u00fasica, pero la oferta es peque\u00f1a. Ac\u00e1 por lo menos, se ve que hay m\u00e1s variedad y m\u00e1s niveles. Hay m\u00fasicos que llenan teatros para 5 mil personas, nosotros aqu\u00ed a\u00fan somos un peque\u00f1o mirando hacia arriba.<\/p>\n<p><strong> RT<\/strong>: La escena va de colaboraci\u00f3n entre bandas y el p\u00fablico; una escena significa uni\u00f3n. All\u00e1 las bandas nos conocemos. All\u00e1 hay algo que le llamamos nosotros como el \u00abchaqueteo\u00bb que es como la competencia que hay. Competencia insana; la carrilla. \u00a1Una paja! Aqu\u00ed hay un apa\u00f1e m\u00e1ximo. Est\u00e1 mal pelearse los mismos lugares. El que haya competencia te pone a prueba de que hagas algo mejor.<\/p>\n<p><span style=\"color: #ff0000;\"><strong>RCMX<\/strong><\/span>: \u00bfC\u00f3mo fue su experiencia en la <strong>Semana de las Juventudes<\/strong>?<\/p>\n<p><strong>Fernanda Moroni<\/strong>: Uno siempre se hace expectativas, pero esta vez, sobrepas\u00f3 todo. \u00a1El escenario es tremendo! Creo que hab\u00eda unas mil, mil quinientas personas. Esta \u00abpasarela\u00bb que se encontraba en el escenario&#8230; \u00a1Jam\u00e1s hab\u00edamos tenido algo as\u00ed! Tratamos de ocuparlo lo m\u00e1s posible y daba esto que nos acercaba m\u00e1s al p\u00fablico, entonces, pod\u00edamos ver sus caritas. Todos cantando y todos felices. Est\u00e1bamos con mucha energ\u00eda, muy contentos.<\/p>\n<p><strong> RT<\/strong>: La gente que fue, que no era poca, se sab\u00eda las canciones. Anteriormente, tuvimos tiempo y pas\u00e9 por ah\u00ed por el Templo Mayor y era impactante.<\/p>\n<p><strong>LF<\/strong>: En el viaje anterior, en mayo creo, nos dimos una vuelta por ah\u00ed, que se iba a presentar <strong>Marc Anthony<\/strong> y vimos el escenario la Fe\u00f1a y yo; en ese viaje ya nos hab\u00edan confirmado que \u00edbamos a estar en el Z\u00f3calo y fue&#8230; \u00a1Wow! Este a\u00f1o hemos tenido la suerte de estar en festivales como <strong>Lollapalooza<\/strong>, <strong>Primavera Sound<\/strong>, entre otros, pero lejos, hasta ahora, el show del Z\u00f3calo super\u00f3 las expectativas, como dice la Fe\u00f1a. Es un reto para uno. La pasamos incre\u00edble.<\/p>\n<p><span style=\"color: #ff0000;\"><strong>RCMX<\/strong><\/span>: \u00bfCu\u00e1l es su banda favorita en M\u00e9xico? \u00bfHay alguna banda chilena que los haya influenciado?<\/p>\n<p><strong>LF<\/strong>: <strong>Molotov<\/strong> y <strong>Plastilina Mosh<\/strong>, que tuve oportunidad de verlos en una fiesta privada; los dos en Chile. Alguien que me encanta, <strong>Natalia Lafourcade<\/strong>. Me encanta ella aunque no he tenido oportunidad de verla. De hecho busqu\u00e9 a ver si ten\u00eda show en estos d\u00edas por ac\u00e1, pero no hay&#8230; En cuanto a bandas chilenas, <strong>Los Tres<\/strong> fue una banda que me influenci\u00f3 mucho.<\/p>\n<p><strong>RT<\/strong>: A m\u00ed me gusta mucho <strong>Plastilina Mosh<\/strong>, tiene una visi\u00f3n parecida a lo que hace <strong>Tunacola<\/strong>; mucho estilo. Lo hacen s\u00faper bien. Lo que escuchaba desde peque\u00f1o despu\u00e9s de 9 a\u00f1os de dictadura, m\u00fasica de protesta; <strong>Inti-Illimani<\/strong>. Mucho folk como <strong>Violeta Parra <\/strong>y un poquito m\u00e1s viejo, como que me olvid\u00e9 un poco de la m\u00fasica chilena y la volv\u00ed a encontrar recientemente.<\/p>\n<p><strong>FM<\/strong>: No conozco mucho de la escena mexicana, pero mi influencia cuando era peque\u00f1a&#8230; Yo aprend\u00ed a tocar la guitarra antes de cantar, por mi pap\u00e1. \u00e9l compraba mucho los discos de <strong>Los Jaivas<\/strong>; los escuch\u00e9 mucho de peque\u00f1a, de hecho cuando era peque\u00f1a, tocaba mucho el charango, un instrumento de 12 cuerdas hecho anteriormente de un animal parecido al armadillo.<\/p>\n<p><span style=\"color: #ff0000;\"><strong>RCMX<\/strong><\/span>: Existen muchas letras de pol\u00edtica y gobierno en Chile particularmente, \u00bfen qu\u00e9 postura se encuentra <strong>Tunacola<\/strong> sobre este tema?<\/p>\n<p><strong>RT<\/strong>: La pol\u00edtica es un tema muy sensible en muchas partes del mundo y obviamente en Chile tambi\u00e9n por todos los abusos y crimen que se cometieron en el periodo de la dictadura, y los que se siguen cometiendo m\u00e1s la impunidad. Obviamente es un tema que se aborda mucho en Chile. Ahora yo no lo abordo directamente, no porque quiera escapar, simplemente lo que nace de mi persona a la hora de hacer m\u00fasica no aborda directamente esos temas. Pero s\u00ed los aborda a veces tangencialmente, un poco en el sentido no pol\u00edtico, sino de analizar un poco; analizar la sociedad en la que estoy viviendo y cachar con un poco de ilusi\u00f3n y de que tenemos que configurar nuestra forma de ser desde el amor, digamos desde el coraz\u00f3n. No somos una banda que escapa de eso o busca el hedonismo en un fondo. Existe tambi\u00e9n mucho oportunismo art\u00edstico; hay gente que habla de pol\u00edtica o aborda temas pol\u00edticos para vender, para llegar a la gente y no realmente por una convicci\u00f3n pol\u00edtica.<\/p>\n<p><strong>LF<\/strong>: Los Prisioneros fue un grupo muy importante en el tema musical y pol\u00edtico en unos a\u00f1os s\u00faper complicados. Despu\u00e9s un mont\u00f3n de bandas salieron con la misma tem\u00e1tica; algunas buenas y algunas no tan buenas. Nosotros tambi\u00e9n pertenecemos a una generaci\u00f3n donde a \u00e9sta le toc\u00f3 vivir todo eso. Obviamente el tema pol\u00edtico es parte de nuestra historia, pero nuestros padres tal vez tienen una visi\u00f3n distinta, tenemos derechs a cantar sobre cualquier cosa; anteriormente, un m\u00fasico era mal visto. Hay muchos m\u00fasicos que no hablan de pol\u00edtica all\u00e1 y les va bien; los mismos <strong>Astro<\/strong>, <strong>Javiera Mena<\/strong>&#8230; que pertenece al espectro de lo que uno puede escuchar o uno puede hacer.<br \/>\nHay un acuerdo all\u00e1 donde uno tiene que leer antes de hacer proyectos; ese estudio lo primero que dice es: \u00abse sabe que Chile es un pa\u00eds melanc\u00f3lico para hacer m\u00fasica\u00bb. Con <strong>Bunkers<\/strong>, con <strong>Violeta Parra<\/strong>&#8230; Un poco de la misma historia. La gente est\u00e1 molesta pero no dejan de hacer m\u00fasica.<\/p>\n<p><strong>RT<\/strong>: Creo que entonces no puede ser el \u00fanico \u00abcolor\u00bb que identifique a Chile en el fondo; hay m\u00fasica muy bonita. <strong>Gepe<\/strong>, <strong>Astro<\/strong>, la Mena, canto folk, canto campesino, no puede ser el mismo color que incita&#8230;<\/p>\n<p><span style=\"color: #ff0000;\"><strong>RCMX<\/strong><\/span>: \u00bfQu\u00e9 sigue para <strong>Tunacola<\/strong>?<\/p>\n<p><strong> RT<\/strong>: Despu\u00e9s de nuestra despedida en M\u00e9xico, regresaremos cuando tengamos material nuevo; ya hay 90 maquetas. Hay que terminar de hacer cosas. Estamos trabajando ac\u00e1 con <strong>Mauricio Stroke <\/strong>y <strong>Pablo Holman<\/strong>, y eso hace que tengamos mucho trabajo y que podamos llegar hacia m\u00e1s gente. Queremos hacer m\u00e1s cosas. Comenzaremos una nueva etapa. Aqu\u00ed se cierra el verano.<\/p>\n<p>&nbsp;<\/p>\n<p>&nbsp;<\/p>\n","protected":false},"excerpt":{"rendered":"<p>La semana pasada Reconoce MX tuvo la oportunidad de entrevistar una vez m\u00e1s a Tunacola, banda chilena que regres\u00f3 por tercera vez en el a\u00f1o a Ciudad de M\u00e9xico para presentarse en La Semana de las Juventudes, en El Imperial y en Casa del Lago.<\/p>\n","protected":false},"author":2,"featured_media":51776,"comment_status":"open","ping_status":"open","sticky":false,"template":"","format":"standard","meta":{"footnotes":""},"categories":[1,18,17],"tags":[],"class_list":["post-51775","post","type-post","status-publish","format-standard","has-post-thumbnail","hentry","category-cultura","category-musica","category-principal"],"yoast_head":"<!-- This site is optimized with the Yoast SEO plugin v24.7 - https:\/\/yoast.com\/wordpress\/plugins\/seo\/ -->\n<title>Tunacola y el cierre de su &quot;verano mexicano&quot; &#171; Reconoce MX<\/title>\n<meta name=\"robots\" content=\"index, follow, max-snippet:-1, max-image-preview:large, max-video-preview:-1\" \/>\n<link rel=\"canonical\" href=\"https:\/\/www.reconoce.mx\/?p=51775\" \/>\n<meta property=\"og:locale\" content=\"es_ES\" \/>\n<meta property=\"og:type\" content=\"article\" \/>\n<meta property=\"og:title\" content=\"Tunacola y el cierre de su &quot;verano mexicano&quot; &#171; Reconoce MX\" \/>\n<meta property=\"og:description\" content=\"La semana pasada Reconoce MX tuvo la oportunidad de entrevistar una vez m\u00e1s a Tunacola, banda chilena que regres\u00f3 por tercera vez en el a\u00f1o a Ciudad de M\u00e9xico para presentarse en La Semana de las Juventudes, en El Imperial y en Casa del Lago.\" \/>\n<meta property=\"og:url\" content=\"https:\/\/www.reconoce.mx\/?p=51775\" \/>\n<meta property=\"og:site_name\" content=\"Reconoce MX\" \/>\n<meta property=\"article:publisher\" content=\"https:\/\/es-la.facebook.com\/ReconoceMX\/\" \/>\n<meta property=\"article:published_time\" content=\"2016-09-02T05:07:04+00:00\" \/>\n<meta property=\"article:modified_time\" content=\"2016-09-02T14:42:58+00:00\" \/>\n<meta property=\"og:image\" content=\"https:\/\/www.reconoce.mx\/wp-content\/uploads\/2016\/08\/tunacola-cover.png\" \/>\n\t<meta property=\"og:image:width\" content=\"590\" \/>\n\t<meta property=\"og:image:height\" content=\"379\" \/>\n\t<meta property=\"og:image:type\" content=\"image\/png\" \/>\n<meta name=\"author\" content=\"Reconoce MX\" \/>\n<meta name=\"twitter:card\" content=\"summary_large_image\" \/>\n<meta name=\"twitter:creator\" content=\"@reconocemx\" \/>\n<meta name=\"twitter:site\" content=\"@reconocemx\" \/>\n<meta name=\"twitter:label1\" content=\"Escrito por\" \/>\n\t<meta name=\"twitter:data1\" content=\"Reconoce MX\" \/>\n\t<meta name=\"twitter:label2\" content=\"Tiempo de lectura\" \/>\n\t<meta name=\"twitter:data2\" content=\"9 minutos\" \/>\n<script type=\"application\/ld+json\" class=\"yoast-schema-graph\">{\"@context\":\"https:\/\/schema.org\",\"@graph\":[{\"@type\":\"Article\",\"@id\":\"https:\/\/www.reconoce.mx\/?p=51775#article\",\"isPartOf\":{\"@id\":\"https:\/\/www.reconoce.mx\/?p=51775\"},\"author\":{\"name\":\"Reconoce MX\",\"@id\":\"http:\/\/www.reconoce.mx\/#\/schema\/person\/2117e997d7051dc15d6880eaf9bca0b2\"},\"headline\":\"Tunacola y el cierre de su \u00abverano mexicano\u00bb\",\"datePublished\":\"2016-09-02T05:07:04+00:00\",\"dateModified\":\"2016-09-02T14:42:58+00:00\",\"mainEntityOfPage\":{\"@id\":\"https:\/\/www.reconoce.mx\/?p=51775\"},\"wordCount\":1741,\"commentCount\":0,\"publisher\":{\"@id\":\"http:\/\/www.reconoce.mx\/#organization\"},\"image\":{\"@id\":\"https:\/\/www.reconoce.mx\/?p=51775#primaryimage\"},\"thumbnailUrl\":\"http:\/\/www.reconoce.mx\/wp-content\/uploads\/2016\/08\/tunacola-cover.png\",\"articleSection\":[\"Cultura\",\"M\u00fasica\",\"Principal\"],\"inLanguage\":\"es\",\"potentialAction\":[{\"@type\":\"CommentAction\",\"name\":\"Comment\",\"target\":[\"https:\/\/www.reconoce.mx\/?p=51775#respond\"]}]},{\"@type\":\"WebPage\",\"@id\":\"https:\/\/www.reconoce.mx\/?p=51775\",\"url\":\"https:\/\/www.reconoce.mx\/?p=51775\",\"name\":\"Tunacola y el cierre de su \\\"verano mexicano\\\" &#171; Reconoce MX\",\"isPartOf\":{\"@id\":\"http:\/\/www.reconoce.mx\/#website\"},\"primaryImageOfPage\":{\"@id\":\"https:\/\/www.reconoce.mx\/?p=51775#primaryimage\"},\"image\":{\"@id\":\"https:\/\/www.reconoce.mx\/?p=51775#primaryimage\"},\"thumbnailUrl\":\"http:\/\/www.reconoce.mx\/wp-content\/uploads\/2016\/08\/tunacola-cover.png\",\"datePublished\":\"2016-09-02T05:07:04+00:00\",\"dateModified\":\"2016-09-02T14:42:58+00:00\",\"breadcrumb\":{\"@id\":\"https:\/\/www.reconoce.mx\/?p=51775#breadcrumb\"},\"inLanguage\":\"es\",\"potentialAction\":[{\"@type\":\"ReadAction\",\"target\":[\"https:\/\/www.reconoce.mx\/?p=51775\"]}]},{\"@type\":\"ImageObject\",\"inLanguage\":\"es\",\"@id\":\"https:\/\/www.reconoce.mx\/?p=51775#primaryimage\",\"url\":\"http:\/\/www.reconoce.mx\/wp-content\/uploads\/2016\/08\/tunacola-cover.png\",\"contentUrl\":\"http:\/\/www.reconoce.mx\/wp-content\/uploads\/2016\/08\/tunacola-cover.png\",\"width\":590,\"height\":379},{\"@type\":\"BreadcrumbList\",\"@id\":\"https:\/\/www.reconoce.mx\/?p=51775#breadcrumb\",\"itemListElement\":[{\"@type\":\"ListItem\",\"position\":1,\"name\":\"Portada\",\"item\":\"http:\/\/www.reconoce.mx\/\"},{\"@type\":\"ListItem\",\"position\":2,\"name\":\"Tunacola y el cierre de su \u00abverano mexicano\u00bb\"}]},{\"@type\":\"WebSite\",\"@id\":\"http:\/\/www.reconoce.mx\/#website\",\"url\":\"http:\/\/www.reconoce.mx\/\",\"name\":\"Reconoce MX\",\"description\":\"En Reconoce MX difundimos arte, cultura y conciencia social en M\u00e9xico. Tu ciudad en otra perspectiva.\",\"publisher\":{\"@id\":\"http:\/\/www.reconoce.mx\/#organization\"},\"potentialAction\":[{\"@type\":\"SearchAction\",\"target\":{\"@type\":\"EntryPoint\",\"urlTemplate\":\"http:\/\/www.reconoce.mx\/?s={search_term_string}\"},\"query-input\":{\"@type\":\"PropertyValueSpecification\",\"valueRequired\":true,\"valueName\":\"search_term_string\"}}],\"inLanguage\":\"es\"},{\"@type\":\"Organization\",\"@id\":\"http:\/\/www.reconoce.mx\/#organization\",\"name\":\"Reconoce MX\",\"url\":\"http:\/\/www.reconoce.mx\/\",\"logo\":{\"@type\":\"ImageObject\",\"inLanguage\":\"es\",\"@id\":\"http:\/\/www.reconoce.mx\/#\/schema\/logo\/image\/\",\"url\":\"https:\/\/www.reconoce.mx\/wp-content\/uploads\/2019\/03\/logorcmx-good-1.png\",\"contentUrl\":\"https:\/\/www.reconoce.mx\/wp-content\/uploads\/2019\/03\/logorcmx-good-1.png\",\"width\":280,\"height\":90,\"caption\":\"Reconoce MX\"},\"image\":{\"@id\":\"http:\/\/www.reconoce.mx\/#\/schema\/logo\/image\/\"},\"sameAs\":[\"https:\/\/es-la.facebook.com\/ReconoceMX\/\",\"https:\/\/x.com\/reconocemx\",\"http:\/\/@reconocemx\"]},{\"@type\":\"Person\",\"@id\":\"http:\/\/www.reconoce.mx\/#\/schema\/person\/2117e997d7051dc15d6880eaf9bca0b2\",\"name\":\"Reconoce MX\",\"image\":{\"@type\":\"ImageObject\",\"inLanguage\":\"es\",\"@id\":\"http:\/\/www.reconoce.mx\/#\/schema\/person\/image\/\",\"url\":\"https:\/\/secure.gravatar.com\/avatar\/6c8d4dc7569ca1c90c5fdcc349f839d5ddef6fe1e70b4337ead2ef1a4c43fc3a?s=96&d=identicon&r=g\",\"contentUrl\":\"https:\/\/secure.gravatar.com\/avatar\/6c8d4dc7569ca1c90c5fdcc349f839d5ddef6fe1e70b4337ead2ef1a4c43fc3a?s=96&d=identicon&r=g\",\"caption\":\"Reconoce MX\"},\"description\":\"Reconoce MX es un proyecto de difusi\u00f3n art\u00edstica, cultural y de conciencia social que est\u00e1 enfocado a difundir y fomentar el entretenimiento alternativo de calidad para todo el p\u00fablico que comparta el mismo entusiasmo.\",\"sameAs\":[\"http:\/\/www.reconoce.mx\"],\"url\":\"http:\/\/www.reconoce.mx\/?author=2\"}]}<\/script>\n<!-- \/ Yoast SEO plugin. -->","yoast_head_json":{"title":"Tunacola y el cierre de su \"verano mexicano\" &#171; Reconoce MX","robots":{"index":"index","follow":"follow","max-snippet":"max-snippet:-1","max-image-preview":"max-image-preview:large","max-video-preview":"max-video-preview:-1"},"canonical":"https:\/\/www.reconoce.mx\/?p=51775","og_locale":"es_ES","og_type":"article","og_title":"Tunacola y el cierre de su \"verano mexicano\" &#171; Reconoce MX","og_description":"La semana pasada Reconoce MX tuvo la oportunidad de entrevistar una vez m\u00e1s a Tunacola, banda chilena que regres\u00f3 por tercera vez en el a\u00f1o a Ciudad de M\u00e9xico para presentarse en La Semana de las Juventudes, en El Imperial y en Casa del Lago.","og_url":"https:\/\/www.reconoce.mx\/?p=51775","og_site_name":"Reconoce MX","article_publisher":"https:\/\/es-la.facebook.com\/ReconoceMX\/","article_published_time":"2016-09-02T05:07:04+00:00","article_modified_time":"2016-09-02T14:42:58+00:00","og_image":[{"width":590,"height":379,"url":"https:\/\/www.reconoce.mx\/wp-content\/uploads\/2016\/08\/tunacola-cover.png","type":"image\/png"}],"author":"Reconoce MX","twitter_card":"summary_large_image","twitter_creator":"@reconocemx","twitter_site":"@reconocemx","twitter_misc":{"Escrito por":"Reconoce MX","Tiempo de lectura":"9 minutos"},"schema":{"@context":"https:\/\/schema.org","@graph":[{"@type":"Article","@id":"https:\/\/www.reconoce.mx\/?p=51775#article","isPartOf":{"@id":"https:\/\/www.reconoce.mx\/?p=51775"},"author":{"name":"Reconoce MX","@id":"http:\/\/www.reconoce.mx\/#\/schema\/person\/2117e997d7051dc15d6880eaf9bca0b2"},"headline":"Tunacola y el cierre de su \u00abverano mexicano\u00bb","datePublished":"2016-09-02T05:07:04+00:00","dateModified":"2016-09-02T14:42:58+00:00","mainEntityOfPage":{"@id":"https:\/\/www.reconoce.mx\/?p=51775"},"wordCount":1741,"commentCount":0,"publisher":{"@id":"http:\/\/www.reconoce.mx\/#organization"},"image":{"@id":"https:\/\/www.reconoce.mx\/?p=51775#primaryimage"},"thumbnailUrl":"http:\/\/www.reconoce.mx\/wp-content\/uploads\/2016\/08\/tunacola-cover.png","articleSection":["Cultura","M\u00fasica","Principal"],"inLanguage":"es","potentialAction":[{"@type":"CommentAction","name":"Comment","target":["https:\/\/www.reconoce.mx\/?p=51775#respond"]}]},{"@type":"WebPage","@id":"https:\/\/www.reconoce.mx\/?p=51775","url":"https:\/\/www.reconoce.mx\/?p=51775","name":"Tunacola y el cierre de su \"verano mexicano\" &#171; Reconoce MX","isPartOf":{"@id":"http:\/\/www.reconoce.mx\/#website"},"primaryImageOfPage":{"@id":"https:\/\/www.reconoce.mx\/?p=51775#primaryimage"},"image":{"@id":"https:\/\/www.reconoce.mx\/?p=51775#primaryimage"},"thumbnailUrl":"http:\/\/www.reconoce.mx\/wp-content\/uploads\/2016\/08\/tunacola-cover.png","datePublished":"2016-09-02T05:07:04+00:00","dateModified":"2016-09-02T14:42:58+00:00","breadcrumb":{"@id":"https:\/\/www.reconoce.mx\/?p=51775#breadcrumb"},"inLanguage":"es","potentialAction":[{"@type":"ReadAction","target":["https:\/\/www.reconoce.mx\/?p=51775"]}]},{"@type":"ImageObject","inLanguage":"es","@id":"https:\/\/www.reconoce.mx\/?p=51775#primaryimage","url":"http:\/\/www.reconoce.mx\/wp-content\/uploads\/2016\/08\/tunacola-cover.png","contentUrl":"http:\/\/www.reconoce.mx\/wp-content\/uploads\/2016\/08\/tunacola-cover.png","width":590,"height":379},{"@type":"BreadcrumbList","@id":"https:\/\/www.reconoce.mx\/?p=51775#breadcrumb","itemListElement":[{"@type":"ListItem","position":1,"name":"Portada","item":"http:\/\/www.reconoce.mx\/"},{"@type":"ListItem","position":2,"name":"Tunacola y el cierre de su \u00abverano mexicano\u00bb"}]},{"@type":"WebSite","@id":"http:\/\/www.reconoce.mx\/#website","url":"http:\/\/www.reconoce.mx\/","name":"Reconoce MX","description":"En Reconoce MX difundimos arte, cultura y conciencia social en M\u00e9xico. Tu ciudad en otra perspectiva.","publisher":{"@id":"http:\/\/www.reconoce.mx\/#organization"},"potentialAction":[{"@type":"SearchAction","target":{"@type":"EntryPoint","urlTemplate":"http:\/\/www.reconoce.mx\/?s={search_term_string}"},"query-input":{"@type":"PropertyValueSpecification","valueRequired":true,"valueName":"search_term_string"}}],"inLanguage":"es"},{"@type":"Organization","@id":"http:\/\/www.reconoce.mx\/#organization","name":"Reconoce MX","url":"http:\/\/www.reconoce.mx\/","logo":{"@type":"ImageObject","inLanguage":"es","@id":"http:\/\/www.reconoce.mx\/#\/schema\/logo\/image\/","url":"https:\/\/www.reconoce.mx\/wp-content\/uploads\/2019\/03\/logorcmx-good-1.png","contentUrl":"https:\/\/www.reconoce.mx\/wp-content\/uploads\/2019\/03\/logorcmx-good-1.png","width":280,"height":90,"caption":"Reconoce MX"},"image":{"@id":"http:\/\/www.reconoce.mx\/#\/schema\/logo\/image\/"},"sameAs":["https:\/\/es-la.facebook.com\/ReconoceMX\/","https:\/\/x.com\/reconocemx","http:\/\/@reconocemx"]},{"@type":"Person","@id":"http:\/\/www.reconoce.mx\/#\/schema\/person\/2117e997d7051dc15d6880eaf9bca0b2","name":"Reconoce MX","image":{"@type":"ImageObject","inLanguage":"es","@id":"http:\/\/www.reconoce.mx\/#\/schema\/person\/image\/","url":"https:\/\/secure.gravatar.com\/avatar\/6c8d4dc7569ca1c90c5fdcc349f839d5ddef6fe1e70b4337ead2ef1a4c43fc3a?s=96&d=identicon&r=g","contentUrl":"https:\/\/secure.gravatar.com\/avatar\/6c8d4dc7569ca1c90c5fdcc349f839d5ddef6fe1e70b4337ead2ef1a4c43fc3a?s=96&d=identicon&r=g","caption":"Reconoce MX"},"description":"Reconoce MX es un proyecto de difusi\u00f3n art\u00edstica, cultural y de conciencia social que est\u00e1 enfocado a difundir y fomentar el entretenimiento alternativo de calidad para todo el p\u00fablico que comparta el mismo entusiasmo.","sameAs":["http:\/\/www.reconoce.mx"],"url":"http:\/\/www.reconoce.mx\/?author=2"}]}},"_links":{"self":[{"href":"http:\/\/www.reconoce.mx\/index.php?rest_route=\/wp\/v2\/posts\/51775","targetHints":{"allow":["GET"]}}],"collection":[{"href":"http:\/\/www.reconoce.mx\/index.php?rest_route=\/wp\/v2\/posts"}],"about":[{"href":"http:\/\/www.reconoce.mx\/index.php?rest_route=\/wp\/v2\/types\/post"}],"author":[{"embeddable":true,"href":"http:\/\/www.reconoce.mx\/index.php?rest_route=\/wp\/v2\/users\/2"}],"replies":[{"embeddable":true,"href":"http:\/\/www.reconoce.mx\/index.php?rest_route=%2Fwp%2Fv2%2Fcomments&post=51775"}],"version-history":[{"count":8,"href":"http:\/\/www.reconoce.mx\/index.php?rest_route=\/wp\/v2\/posts\/51775\/revisions"}],"predecessor-version":[{"id":51784,"href":"http:\/\/www.reconoce.mx\/index.php?rest_route=\/wp\/v2\/posts\/51775\/revisions\/51784"}],"wp:featuredmedia":[{"embeddable":true,"href":"http:\/\/www.reconoce.mx\/index.php?rest_route=\/wp\/v2\/media\/51776"}],"wp:attachment":[{"href":"http:\/\/www.reconoce.mx\/index.php?rest_route=%2Fwp%2Fv2%2Fmedia&parent=51775"}],"wp:term":[{"taxonomy":"category","embeddable":true,"href":"http:\/\/www.reconoce.mx\/index.php?rest_route=%2Fwp%2Fv2%2Fcategories&post=51775"},{"taxonomy":"post_tag","embeddable":true,"href":"http:\/\/www.reconoce.mx\/index.php?rest_route=%2Fwp%2Fv2%2Ftags&post=51775"}],"curies":[{"name":"wp","href":"https:\/\/api.w.org\/{rel}","templated":true}]}}