{"id":56689,"date":"2017-01-11T00:03:33","date_gmt":"2017-01-11T06:03:33","guid":{"rendered":"http:\/\/www.reconoce.mx\/?p=56689"},"modified":"2017-01-11T15:14:11","modified_gmt":"2017-01-11T21:14:11","slug":"mientras-el-lobo-no-esta-llegara-a-cines-en-febrero","status":"publish","type":"post","link":"http:\/\/www.reconoce.mx\/?p=56689","title":{"rendered":"\u00abMientras el lobo no est\u00e1\u00bb llegar\u00e1 a cines en febrero"},"content":{"rendered":"<p><strong>Por <a title=\"@AsfaltosTweets\" href=\"http:\/\/twitter.com\/AsfaltosTweets\" target=\"_blank\">Asfaltos<\/a><\/strong>.<\/p>\n<p>Para el mes de febrero tendremos un estreno de cine m\u00e1s, esta ocasi\u00f3n bajo el sello de <strong>Cin\u00e9polis Distribuci\u00f3n<\/strong>, quienes estrenar\u00e1n el pr\u00f3ximo 24 de ese mes la pel\u00edcula \u00abMientras el lobo no est\u00e1\u00bb.<\/p>\n<p><iframe loading=\"lazy\" width=\"590\" height=\"332\" src=\"https:\/\/www.youtube.com\/embed\/I2k4L-YuLYg\" frameborder=\"0\" allowfullscreen><\/iframe><\/p>\n<p>Dirigida por <strong>Joseph Hemsani<\/strong>, con gui\u00f3n de \u00e9l mismo\u00a0y <strong>Abe Rosenberg<\/strong>, \u00abMientras el lobo no est\u00e1\u00bb cuenta la historia de cuatro amigos que sue\u00f1an con fugarse de un internado aislado a la mitad del bosque. A medida que descubren el pasado oscuro del lugar, su sue\u00f1o se convierte en una carrera por escapar. Una historia de amor, amistad y suspenso cuyo emocionante desenlace los cambiar\u00e1 por siempre.<\/p>\n<p>El <em>thriller<\/em> estilo <em>coming-of-age<\/em> est\u00e1 protagonizado por <strong>Mauricio Garc\u00eda Lozano<\/strong>, <strong>Luis de la Rosa<\/strong>, <strong>Miranda Kay, Michel Arluk<\/strong>,<strong> Luyani Carazo Olica<\/strong>, <strong>Emiliano Carrillo Llores<\/strong> y <strong>Jaime Colin Gamilla<\/strong>. La producci\u00f3n corre a cargo de <strong>Abe Rosenberg<\/strong>, <strong>Joseph Hemsani<\/strong> y <strong>Claudio Sodi<\/strong>.<\/p>\n<p><strong>Joseph Hemsani<\/strong> y <strong>Abe Rosenberg<\/strong> son los responsables del fen\u00f3nemo taquillero \u00ab<a href=\"http:\/\/www.reconoce.mx\/archivo-253-risas-nerviosas-y-sudor-frio-en-la-clinica-san-rafael\/\" target=\"_blank\">Archivo 253<\/a>\u00ab.<\/p>\n<p>&nbsp;<\/p>\n<p>&nbsp;<\/p>\n","protected":false},"excerpt":{"rendered":"<p>Para el mes de febrero tendremos un estreno de cine m\u00e1s, esta ocasi\u00f3n bajo el sello de Cin\u00e9polis Distribuci\u00f3n, quienes estrenar\u00e1n el pr\u00f3ximo 24 de ese mes la pel\u00edcula \u201cMientras el lobo no est\u00e1\u201d.<\/p>\n","protected":false},"author":2,"featured_media":56690,"comment_status":"open","ping_status":"open","sticky":false,"template":"","format":"standard","meta":{"footnotes":""},"categories":[24,1,17],"tags":[],"class_list":["post-56689","post","type-post","status-publish","format-standard","has-post-thumbnail","hentry","category-cine","category-cultura","category-principal"],"yoast_head":"<!-- This site is optimized with the Yoast SEO plugin v24.7 - https:\/\/yoast.com\/wordpress\/plugins\/seo\/ -->\n<title>&quot;Mientras el lobo no est\u00e1&quot; llegar\u00e1 a cines en febrero &#171; Reconoce MX<\/title>\n<meta name=\"robots\" content=\"index, follow, max-snippet:-1, max-image-preview:large, max-video-preview:-1\" \/>\n<link rel=\"canonical\" href=\"http:\/\/www.reconoce.mx\/?p=56689\" \/>\n<meta property=\"og:locale\" content=\"es_ES\" \/>\n<meta property=\"og:type\" content=\"article\" \/>\n<meta property=\"og:title\" content=\"&quot;Mientras el lobo no est\u00e1&quot; llegar\u00e1 a cines en febrero &#171; Reconoce MX\" \/>\n<meta property=\"og:description\" content=\"Para el mes de febrero tendremos un estreno de cine m\u00e1s, esta ocasi\u00f3n bajo el sello de Cin\u00e9polis Distribuci\u00f3n, quienes estrenar\u00e1n el pr\u00f3ximo 24 de ese mes la pel\u00edcula \u201cMientras el lobo no est\u00e1\u201d.\" \/>\n<meta property=\"og:url\" content=\"http:\/\/www.reconoce.mx\/?p=56689\" \/>\n<meta property=\"og:site_name\" content=\"Reconoce MX\" \/>\n<meta property=\"article:publisher\" content=\"https:\/\/es-la.facebook.com\/ReconoceMX\/\" \/>\n<meta property=\"article:published_time\" content=\"2017-01-11T06:03:33+00:00\" \/>\n<meta property=\"article:modified_time\" content=\"2017-01-11T21:14:11+00:00\" \/>\n<meta property=\"og:image\" content=\"http:\/\/www.reconoce.mx\/wp-content\/uploads\/2017\/01\/meintras-el-lobo-no-esta-1.png\" \/>\n\t<meta property=\"og:image:width\" content=\"590\" \/>\n\t<meta property=\"og:image:height\" content=\"380\" \/>\n\t<meta property=\"og:image:type\" content=\"image\/png\" \/>\n<meta name=\"author\" content=\"Reconoce MX\" \/>\n<meta name=\"twitter:card\" content=\"summary_large_image\" \/>\n<meta name=\"twitter:creator\" content=\"@reconocemx\" \/>\n<meta name=\"twitter:site\" content=\"@reconocemx\" \/>\n<meta name=\"twitter:label1\" content=\"Escrito por\" \/>\n\t<meta name=\"twitter:data1\" content=\"Reconoce MX\" \/>\n\t<meta name=\"twitter:label2\" content=\"Tiempo de lectura\" \/>\n\t<meta name=\"twitter:data2\" content=\"1 minuto\" \/>\n<script type=\"application\/ld+json\" class=\"yoast-schema-graph\">{\"@context\":\"https:\/\/schema.org\",\"@graph\":[{\"@type\":\"Article\",\"@id\":\"http:\/\/www.reconoce.mx\/?p=56689#article\",\"isPartOf\":{\"@id\":\"http:\/\/www.reconoce.mx\/?p=56689\"},\"author\":{\"name\":\"Reconoce MX\",\"@id\":\"http:\/\/www.reconoce.mx\/#\/schema\/person\/2117e997d7051dc15d6880eaf9bca0b2\"},\"headline\":\"\u00abMientras el lobo no est\u00e1\u00bb llegar\u00e1 a cines en febrero\",\"datePublished\":\"2017-01-11T06:03:33+00:00\",\"dateModified\":\"2017-01-11T21:14:11+00:00\",\"mainEntityOfPage\":{\"@id\":\"http:\/\/www.reconoce.mx\/?p=56689\"},\"wordCount\":181,\"commentCount\":0,\"publisher\":{\"@id\":\"http:\/\/www.reconoce.mx\/#organization\"},\"image\":{\"@id\":\"http:\/\/www.reconoce.mx\/?p=56689#primaryimage\"},\"thumbnailUrl\":\"http:\/\/www.reconoce.mx\/wp-content\/uploads\/2017\/01\/meintras-el-lobo-no-esta-1.png\",\"articleSection\":[\"Cine\",\"Cultura\",\"Principal\"],\"inLanguage\":\"es\",\"potentialAction\":[{\"@type\":\"CommentAction\",\"name\":\"Comment\",\"target\":[\"http:\/\/www.reconoce.mx\/?p=56689#respond\"]}]},{\"@type\":\"WebPage\",\"@id\":\"http:\/\/www.reconoce.mx\/?p=56689\",\"url\":\"http:\/\/www.reconoce.mx\/?p=56689\",\"name\":\"\\\"Mientras el lobo no est\u00e1\\\" llegar\u00e1 a cines en febrero &#171; Reconoce MX\",\"isPartOf\":{\"@id\":\"http:\/\/www.reconoce.mx\/#website\"},\"primaryImageOfPage\":{\"@id\":\"http:\/\/www.reconoce.mx\/?p=56689#primaryimage\"},\"image\":{\"@id\":\"http:\/\/www.reconoce.mx\/?p=56689#primaryimage\"},\"thumbnailUrl\":\"http:\/\/www.reconoce.mx\/wp-content\/uploads\/2017\/01\/meintras-el-lobo-no-esta-1.png\",\"datePublished\":\"2017-01-11T06:03:33+00:00\",\"dateModified\":\"2017-01-11T21:14:11+00:00\",\"breadcrumb\":{\"@id\":\"http:\/\/www.reconoce.mx\/?p=56689#breadcrumb\"},\"inLanguage\":\"es\",\"potentialAction\":[{\"@type\":\"ReadAction\",\"target\":[\"http:\/\/www.reconoce.mx\/?p=56689\"]}]},{\"@type\":\"ImageObject\",\"inLanguage\":\"es\",\"@id\":\"http:\/\/www.reconoce.mx\/?p=56689#primaryimage\",\"url\":\"http:\/\/www.reconoce.mx\/wp-content\/uploads\/2017\/01\/meintras-el-lobo-no-esta-1.png\",\"contentUrl\":\"http:\/\/www.reconoce.mx\/wp-content\/uploads\/2017\/01\/meintras-el-lobo-no-esta-1.png\",\"width\":590,\"height\":380},{\"@type\":\"BreadcrumbList\",\"@id\":\"http:\/\/www.reconoce.mx\/?p=56689#breadcrumb\",\"itemListElement\":[{\"@type\":\"ListItem\",\"position\":1,\"name\":\"Portada\",\"item\":\"http:\/\/www.reconoce.mx\/\"},{\"@type\":\"ListItem\",\"position\":2,\"name\":\"\u00abMientras el lobo no est\u00e1\u00bb llegar\u00e1 a cines en febrero\"}]},{\"@type\":\"WebSite\",\"@id\":\"http:\/\/www.reconoce.mx\/#website\",\"url\":\"http:\/\/www.reconoce.mx\/\",\"name\":\"Reconoce MX\",\"description\":\"En Reconoce MX difundimos arte, cultura y conciencia social en M\u00e9xico. Tu ciudad en otra perspectiva.\",\"publisher\":{\"@id\":\"http:\/\/www.reconoce.mx\/#organization\"},\"potentialAction\":[{\"@type\":\"SearchAction\",\"target\":{\"@type\":\"EntryPoint\",\"urlTemplate\":\"http:\/\/www.reconoce.mx\/?s={search_term_string}\"},\"query-input\":{\"@type\":\"PropertyValueSpecification\",\"valueRequired\":true,\"valueName\":\"search_term_string\"}}],\"inLanguage\":\"es\"},{\"@type\":\"Organization\",\"@id\":\"http:\/\/www.reconoce.mx\/#organization\",\"name\":\"Reconoce MX\",\"url\":\"http:\/\/www.reconoce.mx\/\",\"logo\":{\"@type\":\"ImageObject\",\"inLanguage\":\"es\",\"@id\":\"http:\/\/www.reconoce.mx\/#\/schema\/logo\/image\/\",\"url\":\"https:\/\/www.reconoce.mx\/wp-content\/uploads\/2019\/03\/logorcmx-good-1.png\",\"contentUrl\":\"https:\/\/www.reconoce.mx\/wp-content\/uploads\/2019\/03\/logorcmx-good-1.png\",\"width\":280,\"height\":90,\"caption\":\"Reconoce MX\"},\"image\":{\"@id\":\"http:\/\/www.reconoce.mx\/#\/schema\/logo\/image\/\"},\"sameAs\":[\"https:\/\/es-la.facebook.com\/ReconoceMX\/\",\"https:\/\/x.com\/reconocemx\",\"http:\/\/@reconocemx\"]},{\"@type\":\"Person\",\"@id\":\"http:\/\/www.reconoce.mx\/#\/schema\/person\/2117e997d7051dc15d6880eaf9bca0b2\",\"name\":\"Reconoce MX\",\"image\":{\"@type\":\"ImageObject\",\"inLanguage\":\"es\",\"@id\":\"http:\/\/www.reconoce.mx\/#\/schema\/person\/image\/\",\"url\":\"https:\/\/secure.gravatar.com\/avatar\/6c8d4dc7569ca1c90c5fdcc349f839d5ddef6fe1e70b4337ead2ef1a4c43fc3a?s=96&d=identicon&r=g\",\"contentUrl\":\"https:\/\/secure.gravatar.com\/avatar\/6c8d4dc7569ca1c90c5fdcc349f839d5ddef6fe1e70b4337ead2ef1a4c43fc3a?s=96&d=identicon&r=g\",\"caption\":\"Reconoce MX\"},\"description\":\"Reconoce MX es un proyecto de difusi\u00f3n art\u00edstica, cultural y de conciencia social que est\u00e1 enfocado a difundir y fomentar el entretenimiento alternativo de calidad para todo el p\u00fablico que comparta el mismo entusiasmo.\",\"sameAs\":[\"http:\/\/www.reconoce.mx\"],\"url\":\"http:\/\/www.reconoce.mx\/?author=2\"}]}<\/script>\n<!-- \/ Yoast SEO plugin. -->","yoast_head_json":{"title":"\"Mientras el lobo no est\u00e1\" llegar\u00e1 a cines en febrero &#171; Reconoce MX","robots":{"index":"index","follow":"follow","max-snippet":"max-snippet:-1","max-image-preview":"max-image-preview:large","max-video-preview":"max-video-preview:-1"},"canonical":"http:\/\/www.reconoce.mx\/?p=56689","og_locale":"es_ES","og_type":"article","og_title":"\"Mientras el lobo no est\u00e1\" llegar\u00e1 a cines en febrero &#171; Reconoce MX","og_description":"Para el mes de febrero tendremos un estreno de cine m\u00e1s, esta ocasi\u00f3n bajo el sello de Cin\u00e9polis Distribuci\u00f3n, quienes estrenar\u00e1n el pr\u00f3ximo 24 de ese mes la pel\u00edcula \u201cMientras el lobo no est\u00e1\u201d.","og_url":"http:\/\/www.reconoce.mx\/?p=56689","og_site_name":"Reconoce MX","article_publisher":"https:\/\/es-la.facebook.com\/ReconoceMX\/","article_published_time":"2017-01-11T06:03:33+00:00","article_modified_time":"2017-01-11T21:14:11+00:00","og_image":[{"width":590,"height":380,"url":"http:\/\/www.reconoce.mx\/wp-content\/uploads\/2017\/01\/meintras-el-lobo-no-esta-1.png","type":"image\/png"}],"author":"Reconoce MX","twitter_card":"summary_large_image","twitter_creator":"@reconocemx","twitter_site":"@reconocemx","twitter_misc":{"Escrito por":"Reconoce MX","Tiempo de lectura":"1 minuto"},"schema":{"@context":"https:\/\/schema.org","@graph":[{"@type":"Article","@id":"http:\/\/www.reconoce.mx\/?p=56689#article","isPartOf":{"@id":"http:\/\/www.reconoce.mx\/?p=56689"},"author":{"name":"Reconoce MX","@id":"http:\/\/www.reconoce.mx\/#\/schema\/person\/2117e997d7051dc15d6880eaf9bca0b2"},"headline":"\u00abMientras el lobo no est\u00e1\u00bb llegar\u00e1 a cines en febrero","datePublished":"2017-01-11T06:03:33+00:00","dateModified":"2017-01-11T21:14:11+00:00","mainEntityOfPage":{"@id":"http:\/\/www.reconoce.mx\/?p=56689"},"wordCount":181,"commentCount":0,"publisher":{"@id":"http:\/\/www.reconoce.mx\/#organization"},"image":{"@id":"http:\/\/www.reconoce.mx\/?p=56689#primaryimage"},"thumbnailUrl":"http:\/\/www.reconoce.mx\/wp-content\/uploads\/2017\/01\/meintras-el-lobo-no-esta-1.png","articleSection":["Cine","Cultura","Principal"],"inLanguage":"es","potentialAction":[{"@type":"CommentAction","name":"Comment","target":["http:\/\/www.reconoce.mx\/?p=56689#respond"]}]},{"@type":"WebPage","@id":"http:\/\/www.reconoce.mx\/?p=56689","url":"http:\/\/www.reconoce.mx\/?p=56689","name":"\"Mientras el lobo no est\u00e1\" llegar\u00e1 a cines en febrero &#171; Reconoce MX","isPartOf":{"@id":"http:\/\/www.reconoce.mx\/#website"},"primaryImageOfPage":{"@id":"http:\/\/www.reconoce.mx\/?p=56689#primaryimage"},"image":{"@id":"http:\/\/www.reconoce.mx\/?p=56689#primaryimage"},"thumbnailUrl":"http:\/\/www.reconoce.mx\/wp-content\/uploads\/2017\/01\/meintras-el-lobo-no-esta-1.png","datePublished":"2017-01-11T06:03:33+00:00","dateModified":"2017-01-11T21:14:11+00:00","breadcrumb":{"@id":"http:\/\/www.reconoce.mx\/?p=56689#breadcrumb"},"inLanguage":"es","potentialAction":[{"@type":"ReadAction","target":["http:\/\/www.reconoce.mx\/?p=56689"]}]},{"@type":"ImageObject","inLanguage":"es","@id":"http:\/\/www.reconoce.mx\/?p=56689#primaryimage","url":"http:\/\/www.reconoce.mx\/wp-content\/uploads\/2017\/01\/meintras-el-lobo-no-esta-1.png","contentUrl":"http:\/\/www.reconoce.mx\/wp-content\/uploads\/2017\/01\/meintras-el-lobo-no-esta-1.png","width":590,"height":380},{"@type":"BreadcrumbList","@id":"http:\/\/www.reconoce.mx\/?p=56689#breadcrumb","itemListElement":[{"@type":"ListItem","position":1,"name":"Portada","item":"http:\/\/www.reconoce.mx\/"},{"@type":"ListItem","position":2,"name":"\u00abMientras el lobo no est\u00e1\u00bb llegar\u00e1 a cines en febrero"}]},{"@type":"WebSite","@id":"http:\/\/www.reconoce.mx\/#website","url":"http:\/\/www.reconoce.mx\/","name":"Reconoce MX","description":"En Reconoce MX difundimos arte, cultura y conciencia social en M\u00e9xico. Tu ciudad en otra perspectiva.","publisher":{"@id":"http:\/\/www.reconoce.mx\/#organization"},"potentialAction":[{"@type":"SearchAction","target":{"@type":"EntryPoint","urlTemplate":"http:\/\/www.reconoce.mx\/?s={search_term_string}"},"query-input":{"@type":"PropertyValueSpecification","valueRequired":true,"valueName":"search_term_string"}}],"inLanguage":"es"},{"@type":"Organization","@id":"http:\/\/www.reconoce.mx\/#organization","name":"Reconoce MX","url":"http:\/\/www.reconoce.mx\/","logo":{"@type":"ImageObject","inLanguage":"es","@id":"http:\/\/www.reconoce.mx\/#\/schema\/logo\/image\/","url":"https:\/\/www.reconoce.mx\/wp-content\/uploads\/2019\/03\/logorcmx-good-1.png","contentUrl":"https:\/\/www.reconoce.mx\/wp-content\/uploads\/2019\/03\/logorcmx-good-1.png","width":280,"height":90,"caption":"Reconoce MX"},"image":{"@id":"http:\/\/www.reconoce.mx\/#\/schema\/logo\/image\/"},"sameAs":["https:\/\/es-la.facebook.com\/ReconoceMX\/","https:\/\/x.com\/reconocemx","http:\/\/@reconocemx"]},{"@type":"Person","@id":"http:\/\/www.reconoce.mx\/#\/schema\/person\/2117e997d7051dc15d6880eaf9bca0b2","name":"Reconoce MX","image":{"@type":"ImageObject","inLanguage":"es","@id":"http:\/\/www.reconoce.mx\/#\/schema\/person\/image\/","url":"https:\/\/secure.gravatar.com\/avatar\/6c8d4dc7569ca1c90c5fdcc349f839d5ddef6fe1e70b4337ead2ef1a4c43fc3a?s=96&d=identicon&r=g","contentUrl":"https:\/\/secure.gravatar.com\/avatar\/6c8d4dc7569ca1c90c5fdcc349f839d5ddef6fe1e70b4337ead2ef1a4c43fc3a?s=96&d=identicon&r=g","caption":"Reconoce MX"},"description":"Reconoce MX es un proyecto de difusi\u00f3n art\u00edstica, cultural y de conciencia social que est\u00e1 enfocado a difundir y fomentar el entretenimiento alternativo de calidad para todo el p\u00fablico que comparta el mismo entusiasmo.","sameAs":["http:\/\/www.reconoce.mx"],"url":"http:\/\/www.reconoce.mx\/?author=2"}]}},"_links":{"self":[{"href":"http:\/\/www.reconoce.mx\/index.php?rest_route=\/wp\/v2\/posts\/56689","targetHints":{"allow":["GET"]}}],"collection":[{"href":"http:\/\/www.reconoce.mx\/index.php?rest_route=\/wp\/v2\/posts"}],"about":[{"href":"http:\/\/www.reconoce.mx\/index.php?rest_route=\/wp\/v2\/types\/post"}],"author":[{"embeddable":true,"href":"http:\/\/www.reconoce.mx\/index.php?rest_route=\/wp\/v2\/users\/2"}],"replies":[{"embeddable":true,"href":"http:\/\/www.reconoce.mx\/index.php?rest_route=%2Fwp%2Fv2%2Fcomments&post=56689"}],"version-history":[{"count":4,"href":"http:\/\/www.reconoce.mx\/index.php?rest_route=\/wp\/v2\/posts\/56689\/revisions"}],"predecessor-version":[{"id":56695,"href":"http:\/\/www.reconoce.mx\/index.php?rest_route=\/wp\/v2\/posts\/56689\/revisions\/56695"}],"wp:featuredmedia":[{"embeddable":true,"href":"http:\/\/www.reconoce.mx\/index.php?rest_route=\/wp\/v2\/media\/56690"}],"wp:attachment":[{"href":"http:\/\/www.reconoce.mx\/index.php?rest_route=%2Fwp%2Fv2%2Fmedia&parent=56689"}],"wp:term":[{"taxonomy":"category","embeddable":true,"href":"http:\/\/www.reconoce.mx\/index.php?rest_route=%2Fwp%2Fv2%2Fcategories&post=56689"},{"taxonomy":"post_tag","embeddable":true,"href":"http:\/\/www.reconoce.mx\/index.php?rest_route=%2Fwp%2Fv2%2Ftags&post=56689"}],"curies":[{"name":"wp","href":"https:\/\/api.w.org\/{rel}","templated":true}]}}