{"id":56696,"date":"2017-01-11T00:04:03","date_gmt":"2017-01-11T06:04:03","guid":{"rendered":"http:\/\/www.reconoce.mx\/?p=56696"},"modified":"2017-01-11T15:14:02","modified_gmt":"2017-01-11T21:14:02","slug":"que-llevarias-en-una-maleta-al-mas-alla","status":"publish","type":"post","link":"http:\/\/www.reconoce.mx\/?p=56696","title":{"rendered":"\u00bfQu\u00e9 llevar\u00edas en una maleta &#8216;al m\u00e1s all\u00e1&#8217;?"},"content":{"rendered":"<p><strong>Por\u00a0<a title=\"@enriquefa86\" href=\"https:\/\/twitter.com\/enriquefa86\" target=\"_blank\">Enrique Figueroa Anaya<\/a>.<\/strong><\/p>\n<p>\u00bfQu\u00e9 llevar\u00edas en una maleta al m\u00e1s all\u00e1? \u00bfQu\u00e9 meter\u00edas en una maleta para tu \u00faltimo viaje? S\u00e9 bien que esas no son las preguntas que uno se quisiera hacerse a principios de a\u00f1o&#8230; o quiz\u00e1 s\u00ed. Si nos ponemos a pensar, las cosas que meter\u00edamos en esa maleta ser\u00edan las que m\u00e1s nos importan, las que quisi\u00e9ramos llevarnos para siempre.<\/p>\n<p>\u00abHacia el m\u00e1s all\u00e1 y de regreso\u00bb es una exhibici\u00f3n de 100 maletas intervenidas por mexicanos y alemanes con diversas profesiones, oficios, edades y niveles socioecon\u00f3micos, que exponen su forma de ver la vida, la cultura y las emociones acerca de la muerte. La exposici\u00f3n plasma as\u00ed lo que cada uno de los autores se llevar\u00eda hacia ese viaje sin retorno.<\/p>\n<p>En el marco del <strong>A\u00f1o Dual Alemania-M\u00e9xico 2016-2017<\/strong>, el <strong>Goethe-Institut Mexiko<\/strong> y el <strong>Museo de Arte Popular<\/strong> presentan esta exposici\u00f3n con la idea de explorar las diferencias y similitudes en torno a la muerte por parte de mexicanos y alemanes, lo que permite al espectador conocer la comsmoviis\u00f3n de estas dos distintas culturas que al final logran tener mucho en com\u00fan.<\/p>\n<p>\u00abHacia el m\u00e1s all\u00e1 y de regreso\u00bb se puede visitar hasta el pr\u00f3ximo 29 de enero de 2017 en el <strong>Museo de Arte Popular<\/strong> (Calle Revillagigedo #11, colonia Centro, delegaci\u00f3n Cuauht\u00e9moc) de martes a domingo de 10:00 a 18:00 horas. Costo de entrada $40.00 general.<\/p>\n<p style=\"text-align: right;\">Con informaci\u00f3n e im\u00e1genes de la<strong> Secretar\u00eda de Cultura de la Ciudad de M\u00e9xico<\/strong>.<\/p>\n<p>&nbsp;<\/p>\n<p>&nbsp;<\/p>\n","protected":false},"excerpt":{"rendered":"<p>\u00bfQu\u00e9 llevar\u00edas en una maleta al m\u00e1s all\u00e1? \u00bfQu\u00e9 meter\u00edas en una maleta para tu \u00faltimo viaje? <\/p>\n","protected":false},"author":2,"featured_media":56697,"comment_status":"open","ping_status":"open","sticky":false,"template":"","format":"standard","meta":{"footnotes":""},"categories":[79,1,17],"tags":[],"class_list":["post-56696","post","type-post","status-publish","format-standard","has-post-thumbnail","hentry","category-artes-visuales","category-cultura","category-principal"],"yoast_head":"<!-- This site is optimized with the Yoast SEO plugin v24.7 - https:\/\/yoast.com\/wordpress\/plugins\/seo\/ -->\n<title>\u00bfQu\u00e9 llevar\u00edas en una maleta &#039;al m\u00e1s all\u00e1&#039;? &#171; Reconoce MX<\/title>\n<meta name=\"robots\" content=\"index, follow, max-snippet:-1, max-image-preview:large, max-video-preview:-1\" \/>\n<link rel=\"canonical\" href=\"http:\/\/www.reconoce.mx\/?p=56696\" \/>\n<meta property=\"og:locale\" content=\"es_ES\" \/>\n<meta property=\"og:type\" content=\"article\" \/>\n<meta property=\"og:title\" content=\"\u00bfQu\u00e9 llevar\u00edas en una maleta &#039;al m\u00e1s all\u00e1&#039;? &#171; Reconoce MX\" \/>\n<meta property=\"og:description\" content=\"\u00bfQu\u00e9 llevar\u00edas en una maleta al m\u00e1s all\u00e1? \u00bfQu\u00e9 meter\u00edas en una maleta para tu \u00faltimo viaje?\" \/>\n<meta property=\"og:url\" content=\"http:\/\/www.reconoce.mx\/?p=56696\" \/>\n<meta property=\"og:site_name\" content=\"Reconoce MX\" \/>\n<meta property=\"article:publisher\" content=\"https:\/\/es-la.facebook.com\/ReconoceMX\/\" \/>\n<meta property=\"article:published_time\" content=\"2017-01-11T06:04:03+00:00\" \/>\n<meta property=\"article:modified_time\" content=\"2017-01-11T21:14:02+00:00\" \/>\n<meta property=\"og:image\" content=\"http:\/\/www.reconoce.mx\/wp-content\/uploads\/2017\/01\/hacia-el-mas-alla-y-de-regreso.png\" \/>\n\t<meta property=\"og:image:width\" content=\"590\" \/>\n\t<meta property=\"og:image:height\" content=\"380\" \/>\n\t<meta property=\"og:image:type\" content=\"image\/png\" \/>\n<meta name=\"author\" content=\"Reconoce MX\" \/>\n<meta name=\"twitter:card\" content=\"summary_large_image\" \/>\n<meta name=\"twitter:creator\" content=\"@reconocemx\" \/>\n<meta name=\"twitter:site\" content=\"@reconocemx\" \/>\n<meta name=\"twitter:label1\" content=\"Escrito por\" \/>\n\t<meta name=\"twitter:data1\" content=\"Reconoce MX\" \/>\n\t<meta name=\"twitter:label2\" content=\"Tiempo de lectura\" \/>\n\t<meta name=\"twitter:data2\" content=\"1 minuto\" \/>\n<script type=\"application\/ld+json\" class=\"yoast-schema-graph\">{\"@context\":\"https:\/\/schema.org\",\"@graph\":[{\"@type\":\"Article\",\"@id\":\"http:\/\/www.reconoce.mx\/?p=56696#article\",\"isPartOf\":{\"@id\":\"http:\/\/www.reconoce.mx\/?p=56696\"},\"author\":{\"name\":\"Reconoce MX\",\"@id\":\"http:\/\/www.reconoce.mx\/#\/schema\/person\/2117e997d7051dc15d6880eaf9bca0b2\"},\"headline\":\"\u00bfQu\u00e9 llevar\u00edas en una maleta &#8216;al m\u00e1s all\u00e1&#8217;?\",\"datePublished\":\"2017-01-11T06:04:03+00:00\",\"dateModified\":\"2017-01-11T21:14:02+00:00\",\"mainEntityOfPage\":{\"@id\":\"http:\/\/www.reconoce.mx\/?p=56696\"},\"wordCount\":278,\"commentCount\":0,\"publisher\":{\"@id\":\"http:\/\/www.reconoce.mx\/#organization\"},\"image\":{\"@id\":\"http:\/\/www.reconoce.mx\/?p=56696#primaryimage\"},\"thumbnailUrl\":\"http:\/\/www.reconoce.mx\/wp-content\/uploads\/2017\/01\/hacia-el-mas-alla-y-de-regreso.png\",\"articleSection\":[\"Artes Visuales\",\"Cultura\",\"Principal\"],\"inLanguage\":\"es\",\"potentialAction\":[{\"@type\":\"CommentAction\",\"name\":\"Comment\",\"target\":[\"http:\/\/www.reconoce.mx\/?p=56696#respond\"]}]},{\"@type\":\"WebPage\",\"@id\":\"http:\/\/www.reconoce.mx\/?p=56696\",\"url\":\"http:\/\/www.reconoce.mx\/?p=56696\",\"name\":\"\u00bfQu\u00e9 llevar\u00edas en una maleta 'al m\u00e1s all\u00e1'? &#171; Reconoce MX\",\"isPartOf\":{\"@id\":\"http:\/\/www.reconoce.mx\/#website\"},\"primaryImageOfPage\":{\"@id\":\"http:\/\/www.reconoce.mx\/?p=56696#primaryimage\"},\"image\":{\"@id\":\"http:\/\/www.reconoce.mx\/?p=56696#primaryimage\"},\"thumbnailUrl\":\"http:\/\/www.reconoce.mx\/wp-content\/uploads\/2017\/01\/hacia-el-mas-alla-y-de-regreso.png\",\"datePublished\":\"2017-01-11T06:04:03+00:00\",\"dateModified\":\"2017-01-11T21:14:02+00:00\",\"breadcrumb\":{\"@id\":\"http:\/\/www.reconoce.mx\/?p=56696#breadcrumb\"},\"inLanguage\":\"es\",\"potentialAction\":[{\"@type\":\"ReadAction\",\"target\":[\"http:\/\/www.reconoce.mx\/?p=56696\"]}]},{\"@type\":\"ImageObject\",\"inLanguage\":\"es\",\"@id\":\"http:\/\/www.reconoce.mx\/?p=56696#primaryimage\",\"url\":\"http:\/\/www.reconoce.mx\/wp-content\/uploads\/2017\/01\/hacia-el-mas-alla-y-de-regreso.png\",\"contentUrl\":\"http:\/\/www.reconoce.mx\/wp-content\/uploads\/2017\/01\/hacia-el-mas-alla-y-de-regreso.png\",\"width\":590,\"height\":380},{\"@type\":\"BreadcrumbList\",\"@id\":\"http:\/\/www.reconoce.mx\/?p=56696#breadcrumb\",\"itemListElement\":[{\"@type\":\"ListItem\",\"position\":1,\"name\":\"Portada\",\"item\":\"http:\/\/www.reconoce.mx\/\"},{\"@type\":\"ListItem\",\"position\":2,\"name\":\"\u00bfQu\u00e9 llevar\u00edas en una maleta &#8216;al m\u00e1s all\u00e1&#8217;?\"}]},{\"@type\":\"WebSite\",\"@id\":\"http:\/\/www.reconoce.mx\/#website\",\"url\":\"http:\/\/www.reconoce.mx\/\",\"name\":\"Reconoce MX\",\"description\":\"En Reconoce MX difundimos arte, cultura y conciencia social en M\u00e9xico. Tu ciudad en otra perspectiva.\",\"publisher\":{\"@id\":\"http:\/\/www.reconoce.mx\/#organization\"},\"potentialAction\":[{\"@type\":\"SearchAction\",\"target\":{\"@type\":\"EntryPoint\",\"urlTemplate\":\"http:\/\/www.reconoce.mx\/?s={search_term_string}\"},\"query-input\":{\"@type\":\"PropertyValueSpecification\",\"valueRequired\":true,\"valueName\":\"search_term_string\"}}],\"inLanguage\":\"es\"},{\"@type\":\"Organization\",\"@id\":\"http:\/\/www.reconoce.mx\/#organization\",\"name\":\"Reconoce MX\",\"url\":\"http:\/\/www.reconoce.mx\/\",\"logo\":{\"@type\":\"ImageObject\",\"inLanguage\":\"es\",\"@id\":\"http:\/\/www.reconoce.mx\/#\/schema\/logo\/image\/\",\"url\":\"https:\/\/www.reconoce.mx\/wp-content\/uploads\/2019\/03\/logorcmx-good-1.png\",\"contentUrl\":\"https:\/\/www.reconoce.mx\/wp-content\/uploads\/2019\/03\/logorcmx-good-1.png\",\"width\":280,\"height\":90,\"caption\":\"Reconoce MX\"},\"image\":{\"@id\":\"http:\/\/www.reconoce.mx\/#\/schema\/logo\/image\/\"},\"sameAs\":[\"https:\/\/es-la.facebook.com\/ReconoceMX\/\",\"https:\/\/x.com\/reconocemx\",\"http:\/\/@reconocemx\"]},{\"@type\":\"Person\",\"@id\":\"http:\/\/www.reconoce.mx\/#\/schema\/person\/2117e997d7051dc15d6880eaf9bca0b2\",\"name\":\"Reconoce MX\",\"image\":{\"@type\":\"ImageObject\",\"inLanguage\":\"es\",\"@id\":\"http:\/\/www.reconoce.mx\/#\/schema\/person\/image\/\",\"url\":\"https:\/\/secure.gravatar.com\/avatar\/6c8d4dc7569ca1c90c5fdcc349f839d5ddef6fe1e70b4337ead2ef1a4c43fc3a?s=96&d=identicon&r=g\",\"contentUrl\":\"https:\/\/secure.gravatar.com\/avatar\/6c8d4dc7569ca1c90c5fdcc349f839d5ddef6fe1e70b4337ead2ef1a4c43fc3a?s=96&d=identicon&r=g\",\"caption\":\"Reconoce MX\"},\"description\":\"Reconoce MX es un proyecto de difusi\u00f3n art\u00edstica, cultural y de conciencia social que est\u00e1 enfocado a difundir y fomentar el entretenimiento alternativo de calidad para todo el p\u00fablico que comparta el mismo entusiasmo.\",\"sameAs\":[\"http:\/\/www.reconoce.mx\"],\"url\":\"http:\/\/www.reconoce.mx\/?author=2\"}]}<\/script>\n<!-- \/ Yoast SEO plugin. -->","yoast_head_json":{"title":"\u00bfQu\u00e9 llevar\u00edas en una maleta 'al m\u00e1s all\u00e1'? &#171; Reconoce MX","robots":{"index":"index","follow":"follow","max-snippet":"max-snippet:-1","max-image-preview":"max-image-preview:large","max-video-preview":"max-video-preview:-1"},"canonical":"http:\/\/www.reconoce.mx\/?p=56696","og_locale":"es_ES","og_type":"article","og_title":"\u00bfQu\u00e9 llevar\u00edas en una maleta 'al m\u00e1s all\u00e1'? &#171; Reconoce MX","og_description":"\u00bfQu\u00e9 llevar\u00edas en una maleta al m\u00e1s all\u00e1? \u00bfQu\u00e9 meter\u00edas en una maleta para tu \u00faltimo viaje?","og_url":"http:\/\/www.reconoce.mx\/?p=56696","og_site_name":"Reconoce MX","article_publisher":"https:\/\/es-la.facebook.com\/ReconoceMX\/","article_published_time":"2017-01-11T06:04:03+00:00","article_modified_time":"2017-01-11T21:14:02+00:00","og_image":[{"width":590,"height":380,"url":"http:\/\/www.reconoce.mx\/wp-content\/uploads\/2017\/01\/hacia-el-mas-alla-y-de-regreso.png","type":"image\/png"}],"author":"Reconoce MX","twitter_card":"summary_large_image","twitter_creator":"@reconocemx","twitter_site":"@reconocemx","twitter_misc":{"Escrito por":"Reconoce MX","Tiempo de lectura":"1 minuto"},"schema":{"@context":"https:\/\/schema.org","@graph":[{"@type":"Article","@id":"http:\/\/www.reconoce.mx\/?p=56696#article","isPartOf":{"@id":"http:\/\/www.reconoce.mx\/?p=56696"},"author":{"name":"Reconoce MX","@id":"http:\/\/www.reconoce.mx\/#\/schema\/person\/2117e997d7051dc15d6880eaf9bca0b2"},"headline":"\u00bfQu\u00e9 llevar\u00edas en una maleta &#8216;al m\u00e1s all\u00e1&#8217;?","datePublished":"2017-01-11T06:04:03+00:00","dateModified":"2017-01-11T21:14:02+00:00","mainEntityOfPage":{"@id":"http:\/\/www.reconoce.mx\/?p=56696"},"wordCount":278,"commentCount":0,"publisher":{"@id":"http:\/\/www.reconoce.mx\/#organization"},"image":{"@id":"http:\/\/www.reconoce.mx\/?p=56696#primaryimage"},"thumbnailUrl":"http:\/\/www.reconoce.mx\/wp-content\/uploads\/2017\/01\/hacia-el-mas-alla-y-de-regreso.png","articleSection":["Artes Visuales","Cultura","Principal"],"inLanguage":"es","potentialAction":[{"@type":"CommentAction","name":"Comment","target":["http:\/\/www.reconoce.mx\/?p=56696#respond"]}]},{"@type":"WebPage","@id":"http:\/\/www.reconoce.mx\/?p=56696","url":"http:\/\/www.reconoce.mx\/?p=56696","name":"\u00bfQu\u00e9 llevar\u00edas en una maleta 'al m\u00e1s all\u00e1'? &#171; Reconoce MX","isPartOf":{"@id":"http:\/\/www.reconoce.mx\/#website"},"primaryImageOfPage":{"@id":"http:\/\/www.reconoce.mx\/?p=56696#primaryimage"},"image":{"@id":"http:\/\/www.reconoce.mx\/?p=56696#primaryimage"},"thumbnailUrl":"http:\/\/www.reconoce.mx\/wp-content\/uploads\/2017\/01\/hacia-el-mas-alla-y-de-regreso.png","datePublished":"2017-01-11T06:04:03+00:00","dateModified":"2017-01-11T21:14:02+00:00","breadcrumb":{"@id":"http:\/\/www.reconoce.mx\/?p=56696#breadcrumb"},"inLanguage":"es","potentialAction":[{"@type":"ReadAction","target":["http:\/\/www.reconoce.mx\/?p=56696"]}]},{"@type":"ImageObject","inLanguage":"es","@id":"http:\/\/www.reconoce.mx\/?p=56696#primaryimage","url":"http:\/\/www.reconoce.mx\/wp-content\/uploads\/2017\/01\/hacia-el-mas-alla-y-de-regreso.png","contentUrl":"http:\/\/www.reconoce.mx\/wp-content\/uploads\/2017\/01\/hacia-el-mas-alla-y-de-regreso.png","width":590,"height":380},{"@type":"BreadcrumbList","@id":"http:\/\/www.reconoce.mx\/?p=56696#breadcrumb","itemListElement":[{"@type":"ListItem","position":1,"name":"Portada","item":"http:\/\/www.reconoce.mx\/"},{"@type":"ListItem","position":2,"name":"\u00bfQu\u00e9 llevar\u00edas en una maleta &#8216;al m\u00e1s all\u00e1&#8217;?"}]},{"@type":"WebSite","@id":"http:\/\/www.reconoce.mx\/#website","url":"http:\/\/www.reconoce.mx\/","name":"Reconoce MX","description":"En Reconoce MX difundimos arte, cultura y conciencia social en M\u00e9xico. Tu ciudad en otra perspectiva.","publisher":{"@id":"http:\/\/www.reconoce.mx\/#organization"},"potentialAction":[{"@type":"SearchAction","target":{"@type":"EntryPoint","urlTemplate":"http:\/\/www.reconoce.mx\/?s={search_term_string}"},"query-input":{"@type":"PropertyValueSpecification","valueRequired":true,"valueName":"search_term_string"}}],"inLanguage":"es"},{"@type":"Organization","@id":"http:\/\/www.reconoce.mx\/#organization","name":"Reconoce MX","url":"http:\/\/www.reconoce.mx\/","logo":{"@type":"ImageObject","inLanguage":"es","@id":"http:\/\/www.reconoce.mx\/#\/schema\/logo\/image\/","url":"https:\/\/www.reconoce.mx\/wp-content\/uploads\/2019\/03\/logorcmx-good-1.png","contentUrl":"https:\/\/www.reconoce.mx\/wp-content\/uploads\/2019\/03\/logorcmx-good-1.png","width":280,"height":90,"caption":"Reconoce MX"},"image":{"@id":"http:\/\/www.reconoce.mx\/#\/schema\/logo\/image\/"},"sameAs":["https:\/\/es-la.facebook.com\/ReconoceMX\/","https:\/\/x.com\/reconocemx","http:\/\/@reconocemx"]},{"@type":"Person","@id":"http:\/\/www.reconoce.mx\/#\/schema\/person\/2117e997d7051dc15d6880eaf9bca0b2","name":"Reconoce MX","image":{"@type":"ImageObject","inLanguage":"es","@id":"http:\/\/www.reconoce.mx\/#\/schema\/person\/image\/","url":"https:\/\/secure.gravatar.com\/avatar\/6c8d4dc7569ca1c90c5fdcc349f839d5ddef6fe1e70b4337ead2ef1a4c43fc3a?s=96&d=identicon&r=g","contentUrl":"https:\/\/secure.gravatar.com\/avatar\/6c8d4dc7569ca1c90c5fdcc349f839d5ddef6fe1e70b4337ead2ef1a4c43fc3a?s=96&d=identicon&r=g","caption":"Reconoce MX"},"description":"Reconoce MX es un proyecto de difusi\u00f3n art\u00edstica, cultural y de conciencia social que est\u00e1 enfocado a difundir y fomentar el entretenimiento alternativo de calidad para todo el p\u00fablico que comparta el mismo entusiasmo.","sameAs":["http:\/\/www.reconoce.mx"],"url":"http:\/\/www.reconoce.mx\/?author=2"}]}},"_links":{"self":[{"href":"http:\/\/www.reconoce.mx\/index.php?rest_route=\/wp\/v2\/posts\/56696","targetHints":{"allow":["GET"]}}],"collection":[{"href":"http:\/\/www.reconoce.mx\/index.php?rest_route=\/wp\/v2\/posts"}],"about":[{"href":"http:\/\/www.reconoce.mx\/index.php?rest_route=\/wp\/v2\/types\/post"}],"author":[{"embeddable":true,"href":"http:\/\/www.reconoce.mx\/index.php?rest_route=\/wp\/v2\/users\/2"}],"replies":[{"embeddable":true,"href":"http:\/\/www.reconoce.mx\/index.php?rest_route=%2Fwp%2Fv2%2Fcomments&post=56696"}],"version-history":[{"count":5,"href":"http:\/\/www.reconoce.mx\/index.php?rest_route=\/wp\/v2\/posts\/56696\/revisions"}],"predecessor-version":[{"id":56703,"href":"http:\/\/www.reconoce.mx\/index.php?rest_route=\/wp\/v2\/posts\/56696\/revisions\/56703"}],"wp:featuredmedia":[{"embeddable":true,"href":"http:\/\/www.reconoce.mx\/index.php?rest_route=\/wp\/v2\/media\/56697"}],"wp:attachment":[{"href":"http:\/\/www.reconoce.mx\/index.php?rest_route=%2Fwp%2Fv2%2Fmedia&parent=56696"}],"wp:term":[{"taxonomy":"category","embeddable":true,"href":"http:\/\/www.reconoce.mx\/index.php?rest_route=%2Fwp%2Fv2%2Fcategories&post=56696"},{"taxonomy":"post_tag","embeddable":true,"href":"http:\/\/www.reconoce.mx\/index.php?rest_route=%2Fwp%2Fv2%2Ftags&post=56696"}],"curies":[{"name":"wp","href":"https:\/\/api.w.org\/{rel}","templated":true}]}}