{"id":56782,"date":"2017-01-11T00:05:27","date_gmt":"2017-01-11T06:05:27","guid":{"rendered":"http:\/\/www.reconoce.mx\/?p=56782"},"modified":"2017-01-11T14:47:15","modified_gmt":"2017-01-11T20:47:15","slug":"milla-jovovich-promociono-resident-evil-capitulo-final-en-mexico","status":"publish","type":"post","link":"http:\/\/www.reconoce.mx\/?p=56782","title":{"rendered":"Milla Jovovich promocion\u00f3 \u00abResident Evil: Cap\u00edtulo Final\u00bb en M\u00e9xico"},"content":{"rendered":"<p><strong>Texto por <a href=\"https:\/\/twitter.com\/alice_freckles\" target=\"_blank\">Alicia \u00c1vila<\/a>.<\/strong><br \/>\n<strong>Fotos por\u00a0<span class=\"st\"><a href=\"https:\/\/twitter.com\/Amauryshow\" target=\"_blank\">Amaury Berdejo<\/a><\/span>.<\/strong><\/p>\n<p>El elenco de la pel\u00edcula \u00abResident Evil: Cap\u00edtulo Final\u00bb visit\u00f3 M\u00e9xico para promocionar la sexta \u2013y \u00faltima\u2013 pel\u00edcula de la saga <strong>Resident Evil<\/strong>.<\/p>\n<p><a href=\"http:\/\/www.reconoce.mx\/wp-content\/uploads\/2017\/01\/resident-evil-alfombra-roja-1.png\"><img loading=\"lazy\" decoding=\"async\" class=\"aligncenter size-full wp-image-56783\" src=\"http:\/\/www.reconoce.mx\/wp-content\/uploads\/2017\/01\/resident-evil-alfombra-roja-1.png\" alt=\"\" width=\"590\" height=\"380\" srcset=\"http:\/\/www.reconoce.mx\/wp-content\/uploads\/2017\/01\/resident-evil-alfombra-roja-1.png 590w, http:\/\/www.reconoce.mx\/wp-content\/uploads\/2017\/01\/resident-evil-alfombra-roja-1-300x193.png 300w, http:\/\/www.reconoce.mx\/wp-content\/uploads\/2017\/01\/resident-evil-alfombra-roja-1-150x97.png 150w\" sizes=\"auto, (max-width: 590px) 100vw, 590px\" \/><\/a><\/p>\n<p>Desde el 2012 hemos sido testigos de esta serie de pel\u00edculas que se inspiran en el famoso videojuego que desata por un descuido la contaminaci\u00f3n en los empleados de Umbrella Corporation, una corporaci\u00f3n ficticia localizada en Racoon City.<\/p>\n<p>Entre medios, periodistas, fot\u00f3grafos e influencers, asistieron tambi\u00e9n decenas de fans disfrazados de aterradores zombies ubicados en la entrada de <strong>Cinemex Antara<\/strong>, en un ambiente que parec\u00edan las afueras de Umbrella Corporation donde encontramos tambi\u00e9n botes de residuos t\u00f3xicos te\u00f1ido de rojo.<\/p>\n<p><a href=\"http:\/\/www.reconoce.mx\/wp-content\/uploads\/2017\/01\/resident-evil-alfombra-roja-2.png\"><img loading=\"lazy\" decoding=\"async\" class=\"aligncenter size-full wp-image-56784\" src=\"http:\/\/www.reconoce.mx\/wp-content\/uploads\/2017\/01\/resident-evil-alfombra-roja-2.png\" alt=\"\" width=\"590\" height=\"380\" srcset=\"http:\/\/www.reconoce.mx\/wp-content\/uploads\/2017\/01\/resident-evil-alfombra-roja-2.png 590w, http:\/\/www.reconoce.mx\/wp-content\/uploads\/2017\/01\/resident-evil-alfombra-roja-2-300x193.png 300w, http:\/\/www.reconoce.mx\/wp-content\/uploads\/2017\/01\/resident-evil-alfombra-roja-2-150x97.png 150w\" sizes=\"auto, (max-width: 590px) 100vw, 590px\" \/><\/a><\/p>\n<p>A\u00fan cuando la rueda de prensa sobre la alfombre roja comenz\u00f3 tiempo despu\u00e9s de lo previsto, los invitados disfrutamos de un corto <em>playlist<\/em> repetitivo donde \u00abParadise City\u00bb de <strong>Guns N&#8217; Roses<\/strong> estaba incluida.<\/p>\n<p>Amante de la cultura y platillos mexicanos, <strong>Ali Later<\/strong> fue la primera en llegar a la alfombra roja. La estadounidense \u2013quien no dej\u00f3 de sonre\u00edr ni por un segundo\u2013 luci\u00f3 un vestido blanco entubado, cabello suelto y labios rojos.<\/p>\n<p><a href=\"http:\/\/www.reconoce.mx\/wp-content\/uploads\/2017\/01\/resident-evil-alfombra-roja-4.png\"><img loading=\"lazy\" decoding=\"async\" class=\"aligncenter size-full wp-image-56786\" src=\"http:\/\/www.reconoce.mx\/wp-content\/uploads\/2017\/01\/resident-evil-alfombra-roja-4.png\" alt=\"\" width=\"590\" height=\"380\" srcset=\"http:\/\/www.reconoce.mx\/wp-content\/uploads\/2017\/01\/resident-evil-alfombra-roja-4.png 590w, http:\/\/www.reconoce.mx\/wp-content\/uploads\/2017\/01\/resident-evil-alfombra-roja-4-300x193.png 300w, http:\/\/www.reconoce.mx\/wp-content\/uploads\/2017\/01\/resident-evil-alfombra-roja-4-150x97.png 150w\" sizes=\"auto, (max-width: 590px) 100vw, 590px\" \/><\/a><\/p>\n<p><strong>William Levy<\/strong>, quien participa tambi\u00e9n en la cinta, fue el segundo en llegar a la cita. El cubano se expres\u00f3 profesionalmente de <strong>Milla Jovovich<\/strong> como una mujer talentosa y agradable con la que le encant\u00f3 trabajar al igual que con el elenco internacional y profesional con el que particip\u00f3.<\/p>\n<p>Levy platic\u00f3 que estaba por dormir cuando recibi\u00f3 la llamada de su manager para hacer un papel en \u00abResident Evil: Cap\u00edtulo Final\u00bb, cosa que de inmediato acept\u00f3. <strong>William Levy<\/strong> declar\u00f3 ser fan de <strong>Resident Evil<\/strong>, sobre todo por el estupendo elenco.<\/p>\n<p><a href=\"http:\/\/www.reconoce.mx\/wp-content\/uploads\/2017\/01\/resident-evil-alfombra-roja-5.png\"><img loading=\"lazy\" decoding=\"async\" class=\"aligncenter size-full wp-image-56787\" src=\"http:\/\/www.reconoce.mx\/wp-content\/uploads\/2017\/01\/resident-evil-alfombra-roja-5.png\" alt=\"\" width=\"590\" height=\"380\" srcset=\"http:\/\/www.reconoce.mx\/wp-content\/uploads\/2017\/01\/resident-evil-alfombra-roja-5.png 590w, http:\/\/www.reconoce.mx\/wp-content\/uploads\/2017\/01\/resident-evil-alfombra-roja-5-300x193.png 300w, http:\/\/www.reconoce.mx\/wp-content\/uploads\/2017\/01\/resident-evil-alfombra-roja-5-150x97.png 150w\" sizes=\"auto, (max-width: 590px) 100vw, 590px\" \/><\/a><\/p>\n<p>La protagonista principal de la saga, <strong>Milla Jovovich<\/strong>, fue la tercera del elenco en llegar a la alfombra roja. La ucraniana \u2013nacionalizada mexicana\u2013 pos\u00f3 a las c\u00e1maras junto a la moto que se utiliz\u00f3 en la pel\u00edcula, y se tom\u00f3 algunas selfies con su celular junto a fans y prensa, al mismo tiempo que contest\u00f3 sus preguntas.<\/p>\n<p>Milla menciona que en esta \u00faltima pel\u00edcula aparece su hija y platic\u00f3 un poco sobre \u00abResident Evil: Cap\u00edtulo Final\u00bb, el cual se estrena bajo el sello de <strong>Sony M\u00e9xico<\/strong> el 3 de febrero, en donde ella da vida una vez m\u00e1s al personaje de Alice, una de las \u00faltimas sobrevivientes.<\/p>\n<p>&nbsp;<\/p>\n<p>&nbsp;<\/p>\n","protected":false},"excerpt":{"rendered":"<p>El elenco de la pel\u00edcula \u00abResident Evil: Cap\u00edtulo Final\u00bb visit\u00f3 M\u00e9xico para promocionar la sexta \u2013y \u00faltima\u2013 pel\u00edcula de la saga Resident Evil.<\/p>\n","protected":false},"author":2,"featured_media":56785,"comment_status":"open","ping_status":"open","sticky":false,"template":"","format":"standard","meta":{"footnotes":""},"categories":[24,1],"tags":[],"class_list":["post-56782","post","type-post","status-publish","format-standard","has-post-thumbnail","hentry","category-cine","category-cultura"],"yoast_head":"<!-- This site is optimized with the Yoast SEO plugin v24.7 - https:\/\/yoast.com\/wordpress\/plugins\/seo\/ -->\n<title>Milla Jovovich promocion\u00f3 &quot;Resident Evil: Cap\u00edtulo Final&quot; en M\u00e9xico &#171; Reconoce MX<\/title>\n<meta name=\"robots\" content=\"index, follow, max-snippet:-1, max-image-preview:large, max-video-preview:-1\" \/>\n<link rel=\"canonical\" href=\"http:\/\/www.reconoce.mx\/?p=56782\" \/>\n<meta property=\"og:locale\" content=\"es_ES\" \/>\n<meta property=\"og:type\" content=\"article\" \/>\n<meta property=\"og:title\" content=\"Milla Jovovich promocion\u00f3 &quot;Resident Evil: Cap\u00edtulo Final&quot; en M\u00e9xico &#171; Reconoce MX\" \/>\n<meta property=\"og:description\" content=\"El elenco de la pel\u00edcula &quot;Resident Evil: Cap\u00edtulo Final&quot; visit\u00f3 M\u00e9xico para promocionar la sexta \u2013y \u00faltima\u2013 pel\u00edcula de la saga Resident Evil.\" \/>\n<meta property=\"og:url\" content=\"http:\/\/www.reconoce.mx\/?p=56782\" \/>\n<meta property=\"og:site_name\" content=\"Reconoce MX\" \/>\n<meta property=\"article:publisher\" content=\"https:\/\/es-la.facebook.com\/ReconoceMX\/\" \/>\n<meta property=\"article:published_time\" content=\"2017-01-11T06:05:27+00:00\" \/>\n<meta property=\"article:modified_time\" content=\"2017-01-11T20:47:15+00:00\" \/>\n<meta property=\"og:image\" content=\"http:\/\/www.reconoce.mx\/wp-content\/uploads\/2017\/01\/resident-evil-alfombra-roja-3.png\" \/>\n\t<meta property=\"og:image:width\" content=\"590\" \/>\n\t<meta property=\"og:image:height\" content=\"380\" \/>\n\t<meta property=\"og:image:type\" content=\"image\/png\" \/>\n<meta name=\"author\" content=\"Reconoce MX\" \/>\n<meta name=\"twitter:card\" content=\"summary_large_image\" \/>\n<meta name=\"twitter:creator\" content=\"@reconocemx\" \/>\n<meta name=\"twitter:site\" content=\"@reconocemx\" \/>\n<meta name=\"twitter:label1\" content=\"Escrito por\" \/>\n\t<meta name=\"twitter:data1\" content=\"Reconoce MX\" \/>\n\t<meta name=\"twitter:label2\" content=\"Tiempo de lectura\" \/>\n\t<meta name=\"twitter:data2\" content=\"2 minutos\" \/>\n<script type=\"application\/ld+json\" class=\"yoast-schema-graph\">{\"@context\":\"https:\/\/schema.org\",\"@graph\":[{\"@type\":\"Article\",\"@id\":\"http:\/\/www.reconoce.mx\/?p=56782#article\",\"isPartOf\":{\"@id\":\"http:\/\/www.reconoce.mx\/?p=56782\"},\"author\":{\"name\":\"Reconoce MX\",\"@id\":\"http:\/\/www.reconoce.mx\/#\/schema\/person\/2117e997d7051dc15d6880eaf9bca0b2\"},\"headline\":\"Milla Jovovich promocion\u00f3 \u00abResident Evil: Cap\u00edtulo Final\u00bb en M\u00e9xico\",\"datePublished\":\"2017-01-11T06:05:27+00:00\",\"dateModified\":\"2017-01-11T20:47:15+00:00\",\"mainEntityOfPage\":{\"@id\":\"http:\/\/www.reconoce.mx\/?p=56782\"},\"wordCount\":415,\"commentCount\":0,\"publisher\":{\"@id\":\"http:\/\/www.reconoce.mx\/#organization\"},\"image\":{\"@id\":\"http:\/\/www.reconoce.mx\/?p=56782#primaryimage\"},\"thumbnailUrl\":\"http:\/\/www.reconoce.mx\/wp-content\/uploads\/2017\/01\/resident-evil-alfombra-roja-3.png\",\"articleSection\":[\"Cine\",\"Cultura\"],\"inLanguage\":\"es\",\"potentialAction\":[{\"@type\":\"CommentAction\",\"name\":\"Comment\",\"target\":[\"http:\/\/www.reconoce.mx\/?p=56782#respond\"]}]},{\"@type\":\"WebPage\",\"@id\":\"http:\/\/www.reconoce.mx\/?p=56782\",\"url\":\"http:\/\/www.reconoce.mx\/?p=56782\",\"name\":\"Milla Jovovich promocion\u00f3 \\\"Resident Evil: Cap\u00edtulo Final\\\" en M\u00e9xico &#171; Reconoce MX\",\"isPartOf\":{\"@id\":\"http:\/\/www.reconoce.mx\/#website\"},\"primaryImageOfPage\":{\"@id\":\"http:\/\/www.reconoce.mx\/?p=56782#primaryimage\"},\"image\":{\"@id\":\"http:\/\/www.reconoce.mx\/?p=56782#primaryimage\"},\"thumbnailUrl\":\"http:\/\/www.reconoce.mx\/wp-content\/uploads\/2017\/01\/resident-evil-alfombra-roja-3.png\",\"datePublished\":\"2017-01-11T06:05:27+00:00\",\"dateModified\":\"2017-01-11T20:47:15+00:00\",\"breadcrumb\":{\"@id\":\"http:\/\/www.reconoce.mx\/?p=56782#breadcrumb\"},\"inLanguage\":\"es\",\"potentialAction\":[{\"@type\":\"ReadAction\",\"target\":[\"http:\/\/www.reconoce.mx\/?p=56782\"]}]},{\"@type\":\"ImageObject\",\"inLanguage\":\"es\",\"@id\":\"http:\/\/www.reconoce.mx\/?p=56782#primaryimage\",\"url\":\"http:\/\/www.reconoce.mx\/wp-content\/uploads\/2017\/01\/resident-evil-alfombra-roja-3.png\",\"contentUrl\":\"http:\/\/www.reconoce.mx\/wp-content\/uploads\/2017\/01\/resident-evil-alfombra-roja-3.png\",\"width\":590,\"height\":380},{\"@type\":\"BreadcrumbList\",\"@id\":\"http:\/\/www.reconoce.mx\/?p=56782#breadcrumb\",\"itemListElement\":[{\"@type\":\"ListItem\",\"position\":1,\"name\":\"Portada\",\"item\":\"http:\/\/www.reconoce.mx\/\"},{\"@type\":\"ListItem\",\"position\":2,\"name\":\"Milla Jovovich promocion\u00f3 \u00abResident Evil: Cap\u00edtulo Final\u00bb en M\u00e9xico\"}]},{\"@type\":\"WebSite\",\"@id\":\"http:\/\/www.reconoce.mx\/#website\",\"url\":\"http:\/\/www.reconoce.mx\/\",\"name\":\"Reconoce MX\",\"description\":\"En Reconoce MX difundimos arte, cultura y conciencia social en M\u00e9xico. Tu ciudad en otra perspectiva.\",\"publisher\":{\"@id\":\"http:\/\/www.reconoce.mx\/#organization\"},\"potentialAction\":[{\"@type\":\"SearchAction\",\"target\":{\"@type\":\"EntryPoint\",\"urlTemplate\":\"http:\/\/www.reconoce.mx\/?s={search_term_string}\"},\"query-input\":{\"@type\":\"PropertyValueSpecification\",\"valueRequired\":true,\"valueName\":\"search_term_string\"}}],\"inLanguage\":\"es\"},{\"@type\":\"Organization\",\"@id\":\"http:\/\/www.reconoce.mx\/#organization\",\"name\":\"Reconoce MX\",\"url\":\"http:\/\/www.reconoce.mx\/\",\"logo\":{\"@type\":\"ImageObject\",\"inLanguage\":\"es\",\"@id\":\"http:\/\/www.reconoce.mx\/#\/schema\/logo\/image\/\",\"url\":\"https:\/\/www.reconoce.mx\/wp-content\/uploads\/2019\/03\/logorcmx-good-1.png\",\"contentUrl\":\"https:\/\/www.reconoce.mx\/wp-content\/uploads\/2019\/03\/logorcmx-good-1.png\",\"width\":280,\"height\":90,\"caption\":\"Reconoce MX\"},\"image\":{\"@id\":\"http:\/\/www.reconoce.mx\/#\/schema\/logo\/image\/\"},\"sameAs\":[\"https:\/\/es-la.facebook.com\/ReconoceMX\/\",\"https:\/\/x.com\/reconocemx\",\"http:\/\/@reconocemx\"]},{\"@type\":\"Person\",\"@id\":\"http:\/\/www.reconoce.mx\/#\/schema\/person\/2117e997d7051dc15d6880eaf9bca0b2\",\"name\":\"Reconoce MX\",\"image\":{\"@type\":\"ImageObject\",\"inLanguage\":\"es\",\"@id\":\"http:\/\/www.reconoce.mx\/#\/schema\/person\/image\/\",\"url\":\"https:\/\/secure.gravatar.com\/avatar\/6c8d4dc7569ca1c90c5fdcc349f839d5ddef6fe1e70b4337ead2ef1a4c43fc3a?s=96&d=identicon&r=g\",\"contentUrl\":\"https:\/\/secure.gravatar.com\/avatar\/6c8d4dc7569ca1c90c5fdcc349f839d5ddef6fe1e70b4337ead2ef1a4c43fc3a?s=96&d=identicon&r=g\",\"caption\":\"Reconoce MX\"},\"description\":\"Reconoce MX es un proyecto de difusi\u00f3n art\u00edstica, cultural y de conciencia social que est\u00e1 enfocado a difundir y fomentar el entretenimiento alternativo de calidad para todo el p\u00fablico que comparta el mismo entusiasmo.\",\"sameAs\":[\"http:\/\/www.reconoce.mx\"],\"url\":\"http:\/\/www.reconoce.mx\/?author=2\"}]}<\/script>\n<!-- \/ Yoast SEO plugin. -->","yoast_head_json":{"title":"Milla Jovovich promocion\u00f3 \"Resident Evil: Cap\u00edtulo Final\" en M\u00e9xico &#171; Reconoce MX","robots":{"index":"index","follow":"follow","max-snippet":"max-snippet:-1","max-image-preview":"max-image-preview:large","max-video-preview":"max-video-preview:-1"},"canonical":"http:\/\/www.reconoce.mx\/?p=56782","og_locale":"es_ES","og_type":"article","og_title":"Milla Jovovich promocion\u00f3 \"Resident Evil: Cap\u00edtulo Final\" en M\u00e9xico &#171; Reconoce MX","og_description":"El elenco de la pel\u00edcula \"Resident Evil: Cap\u00edtulo Final\" visit\u00f3 M\u00e9xico para promocionar la sexta \u2013y \u00faltima\u2013 pel\u00edcula de la saga Resident Evil.","og_url":"http:\/\/www.reconoce.mx\/?p=56782","og_site_name":"Reconoce MX","article_publisher":"https:\/\/es-la.facebook.com\/ReconoceMX\/","article_published_time":"2017-01-11T06:05:27+00:00","article_modified_time":"2017-01-11T20:47:15+00:00","og_image":[{"width":590,"height":380,"url":"http:\/\/www.reconoce.mx\/wp-content\/uploads\/2017\/01\/resident-evil-alfombra-roja-3.png","type":"image\/png"}],"author":"Reconoce MX","twitter_card":"summary_large_image","twitter_creator":"@reconocemx","twitter_site":"@reconocemx","twitter_misc":{"Escrito por":"Reconoce MX","Tiempo de lectura":"2 minutos"},"schema":{"@context":"https:\/\/schema.org","@graph":[{"@type":"Article","@id":"http:\/\/www.reconoce.mx\/?p=56782#article","isPartOf":{"@id":"http:\/\/www.reconoce.mx\/?p=56782"},"author":{"name":"Reconoce MX","@id":"http:\/\/www.reconoce.mx\/#\/schema\/person\/2117e997d7051dc15d6880eaf9bca0b2"},"headline":"Milla Jovovich promocion\u00f3 \u00abResident Evil: Cap\u00edtulo Final\u00bb en M\u00e9xico","datePublished":"2017-01-11T06:05:27+00:00","dateModified":"2017-01-11T20:47:15+00:00","mainEntityOfPage":{"@id":"http:\/\/www.reconoce.mx\/?p=56782"},"wordCount":415,"commentCount":0,"publisher":{"@id":"http:\/\/www.reconoce.mx\/#organization"},"image":{"@id":"http:\/\/www.reconoce.mx\/?p=56782#primaryimage"},"thumbnailUrl":"http:\/\/www.reconoce.mx\/wp-content\/uploads\/2017\/01\/resident-evil-alfombra-roja-3.png","articleSection":["Cine","Cultura"],"inLanguage":"es","potentialAction":[{"@type":"CommentAction","name":"Comment","target":["http:\/\/www.reconoce.mx\/?p=56782#respond"]}]},{"@type":"WebPage","@id":"http:\/\/www.reconoce.mx\/?p=56782","url":"http:\/\/www.reconoce.mx\/?p=56782","name":"Milla Jovovich promocion\u00f3 \"Resident Evil: Cap\u00edtulo Final\" en M\u00e9xico &#171; Reconoce MX","isPartOf":{"@id":"http:\/\/www.reconoce.mx\/#website"},"primaryImageOfPage":{"@id":"http:\/\/www.reconoce.mx\/?p=56782#primaryimage"},"image":{"@id":"http:\/\/www.reconoce.mx\/?p=56782#primaryimage"},"thumbnailUrl":"http:\/\/www.reconoce.mx\/wp-content\/uploads\/2017\/01\/resident-evil-alfombra-roja-3.png","datePublished":"2017-01-11T06:05:27+00:00","dateModified":"2017-01-11T20:47:15+00:00","breadcrumb":{"@id":"http:\/\/www.reconoce.mx\/?p=56782#breadcrumb"},"inLanguage":"es","potentialAction":[{"@type":"ReadAction","target":["http:\/\/www.reconoce.mx\/?p=56782"]}]},{"@type":"ImageObject","inLanguage":"es","@id":"http:\/\/www.reconoce.mx\/?p=56782#primaryimage","url":"http:\/\/www.reconoce.mx\/wp-content\/uploads\/2017\/01\/resident-evil-alfombra-roja-3.png","contentUrl":"http:\/\/www.reconoce.mx\/wp-content\/uploads\/2017\/01\/resident-evil-alfombra-roja-3.png","width":590,"height":380},{"@type":"BreadcrumbList","@id":"http:\/\/www.reconoce.mx\/?p=56782#breadcrumb","itemListElement":[{"@type":"ListItem","position":1,"name":"Portada","item":"http:\/\/www.reconoce.mx\/"},{"@type":"ListItem","position":2,"name":"Milla Jovovich promocion\u00f3 \u00abResident Evil: Cap\u00edtulo Final\u00bb en M\u00e9xico"}]},{"@type":"WebSite","@id":"http:\/\/www.reconoce.mx\/#website","url":"http:\/\/www.reconoce.mx\/","name":"Reconoce MX","description":"En Reconoce MX difundimos arte, cultura y conciencia social en M\u00e9xico. Tu ciudad en otra perspectiva.","publisher":{"@id":"http:\/\/www.reconoce.mx\/#organization"},"potentialAction":[{"@type":"SearchAction","target":{"@type":"EntryPoint","urlTemplate":"http:\/\/www.reconoce.mx\/?s={search_term_string}"},"query-input":{"@type":"PropertyValueSpecification","valueRequired":true,"valueName":"search_term_string"}}],"inLanguage":"es"},{"@type":"Organization","@id":"http:\/\/www.reconoce.mx\/#organization","name":"Reconoce MX","url":"http:\/\/www.reconoce.mx\/","logo":{"@type":"ImageObject","inLanguage":"es","@id":"http:\/\/www.reconoce.mx\/#\/schema\/logo\/image\/","url":"https:\/\/www.reconoce.mx\/wp-content\/uploads\/2019\/03\/logorcmx-good-1.png","contentUrl":"https:\/\/www.reconoce.mx\/wp-content\/uploads\/2019\/03\/logorcmx-good-1.png","width":280,"height":90,"caption":"Reconoce MX"},"image":{"@id":"http:\/\/www.reconoce.mx\/#\/schema\/logo\/image\/"},"sameAs":["https:\/\/es-la.facebook.com\/ReconoceMX\/","https:\/\/x.com\/reconocemx","http:\/\/@reconocemx"]},{"@type":"Person","@id":"http:\/\/www.reconoce.mx\/#\/schema\/person\/2117e997d7051dc15d6880eaf9bca0b2","name":"Reconoce MX","image":{"@type":"ImageObject","inLanguage":"es","@id":"http:\/\/www.reconoce.mx\/#\/schema\/person\/image\/","url":"https:\/\/secure.gravatar.com\/avatar\/6c8d4dc7569ca1c90c5fdcc349f839d5ddef6fe1e70b4337ead2ef1a4c43fc3a?s=96&d=identicon&r=g","contentUrl":"https:\/\/secure.gravatar.com\/avatar\/6c8d4dc7569ca1c90c5fdcc349f839d5ddef6fe1e70b4337ead2ef1a4c43fc3a?s=96&d=identicon&r=g","caption":"Reconoce MX"},"description":"Reconoce MX es un proyecto de difusi\u00f3n art\u00edstica, cultural y de conciencia social que est\u00e1 enfocado a difundir y fomentar el entretenimiento alternativo de calidad para todo el p\u00fablico que comparta el mismo entusiasmo.","sameAs":["http:\/\/www.reconoce.mx"],"url":"http:\/\/www.reconoce.mx\/?author=2"}]}},"_links":{"self":[{"href":"http:\/\/www.reconoce.mx\/index.php?rest_route=\/wp\/v2\/posts\/56782","targetHints":{"allow":["GET"]}}],"collection":[{"href":"http:\/\/www.reconoce.mx\/index.php?rest_route=\/wp\/v2\/posts"}],"about":[{"href":"http:\/\/www.reconoce.mx\/index.php?rest_route=\/wp\/v2\/types\/post"}],"author":[{"embeddable":true,"href":"http:\/\/www.reconoce.mx\/index.php?rest_route=\/wp\/v2\/users\/2"}],"replies":[{"embeddable":true,"href":"http:\/\/www.reconoce.mx\/index.php?rest_route=%2Fwp%2Fv2%2Fcomments&post=56782"}],"version-history":[{"count":1,"href":"http:\/\/www.reconoce.mx\/index.php?rest_route=\/wp\/v2\/posts\/56782\/revisions"}],"predecessor-version":[{"id":56788,"href":"http:\/\/www.reconoce.mx\/index.php?rest_route=\/wp\/v2\/posts\/56782\/revisions\/56788"}],"wp:featuredmedia":[{"embeddable":true,"href":"http:\/\/www.reconoce.mx\/index.php?rest_route=\/wp\/v2\/media\/56785"}],"wp:attachment":[{"href":"http:\/\/www.reconoce.mx\/index.php?rest_route=%2Fwp%2Fv2%2Fmedia&parent=56782"}],"wp:term":[{"taxonomy":"category","embeddable":true,"href":"http:\/\/www.reconoce.mx\/index.php?rest_route=%2Fwp%2Fv2%2Fcategories&post=56782"},{"taxonomy":"post_tag","embeddable":true,"href":"http:\/\/www.reconoce.mx\/index.php?rest_route=%2Fwp%2Fv2%2Ftags&post=56782"}],"curies":[{"name":"wp","href":"https:\/\/api.w.org\/{rel}","templated":true}]}}