{"id":56794,"date":"2017-01-12T00:04:15","date_gmt":"2017-01-12T06:04:15","guid":{"rendered":"http:\/\/www.reconoce.mx\/?p=56794"},"modified":"2017-01-26T09:40:11","modified_gmt":"2017-01-26T15:40:11","slug":"vivir-de-noche-trepidante-historia-de-gansteres","status":"publish","type":"post","link":"http:\/\/www.reconoce.mx\/?p=56794","title":{"rendered":"\u00abVivir de noche\u00bb, trepidante historia de g\u00e1nsteres"},"content":{"rendered":"<p><strong>Por <a title=\"@nono_comic\" href=\"https:\/\/twitter.com\/nono_comic\" target=\"_blank\">Ligiaele<\/a>. <\/strong><\/p>\n<p>Basada en el libro del mismo t\u00edtulo \u00abVivir de noche\u00bb del autor <strong>Dennis Lehane<\/strong>, la nueva cinta que<strong> Ben Affleck<\/strong> dirige, produce, adapta y protagoniza, cuenta la historia de Joe Coughlin. La cinta para ello nos transporta a la d\u00e9cada de 1920, en Estados Unidos, pa\u00eds que trataba de sobreponerse a la Primera Guerra Mundial y de donde surgen varias de las historias de g\u00e1nsteres que se adaptan tanto en cine como en videojuegos, siendo ejemplos de algunas de ellas las que abordan el c\u00e9lebre tr\u00e1fico de bebidas embriagantes compuestas por alcohol.<\/p>\n<p><a href=\"http:\/\/www.reconoce.mx\/wp-content\/uploads\/2017\/01\/vivir-de-noche-poster.png\"><img loading=\"lazy\" decoding=\"async\" class=\"aligncenter size-full wp-image-56819\" src=\"http:\/\/www.reconoce.mx\/wp-content\/uploads\/2017\/01\/vivir-de-noche-poster.png\" alt=\"\" width=\"932\" height=\"1380\" srcset=\"http:\/\/www.reconoce.mx\/wp-content\/uploads\/2017\/01\/vivir-de-noche-poster.png 932w, http:\/\/www.reconoce.mx\/wp-content\/uploads\/2017\/01\/vivir-de-noche-poster-203x300.png 203w, http:\/\/www.reconoce.mx\/wp-content\/uploads\/2017\/01\/vivir-de-noche-poster-768x1137.png 768w, http:\/\/www.reconoce.mx\/wp-content\/uploads\/2017\/01\/vivir-de-noche-poster-692x1024.png 692w, http:\/\/www.reconoce.mx\/wp-content\/uploads\/2017\/01\/vivir-de-noche-poster-150x222.png 150w, http:\/\/www.reconoce.mx\/wp-content\/uploads\/2017\/01\/vivir-de-noche-poster-700x1036.png 700w, http:\/\/www.reconoce.mx\/wp-content\/uploads\/2017\/01\/vivir-de-noche-poster-658x974.png 658w, http:\/\/www.reconoce.mx\/wp-content\/uploads\/2017\/01\/vivir-de-noche-poster-300x444.png 300w\" sizes=\"auto, (max-width: 932px) 100vw, 932px\" \/><\/a><\/p>\n<p>Joe Coughlin es el hijo del jefe de polic\u00edas de la ciudad de Boston, pero la desesperaci\u00f3n de los malos tiempos econ\u00f3micos lo acercan a traficar con las bebidas et\u00edlicas, prohibidas en esa \u00e9poca para posteriormente convertirse en uno de los m\u00e1s reconocidos traficantes.<\/p>\n<p>En \u00abVivir de noche\u00bb podremos disfrutar de escenas divertidas en destiler\u00edas clandestinas, persecuciones y tiroteos al viejo estilo Hollywood; la pel\u00edcula, incluso, adereza la nostalg\u00eda de la pel\u00edcula con ayuda de su muy cuidad fotograf\u00eda.<\/p>\n<p><a href=\"http:\/\/www.reconoce.mx\/wp-content\/uploads\/2017\/01\/vivir-de-noche-2.png\"><img loading=\"lazy\" decoding=\"async\" class=\"aligncenter size-full wp-image-56818\" src=\"http:\/\/www.reconoce.mx\/wp-content\/uploads\/2017\/01\/vivir-de-noche-2.png\" alt=\"\" width=\"590\" height=\"380\" srcset=\"http:\/\/www.reconoce.mx\/wp-content\/uploads\/2017\/01\/vivir-de-noche-2.png 590w, http:\/\/www.reconoce.mx\/wp-content\/uploads\/2017\/01\/vivir-de-noche-2-300x193.png 300w, http:\/\/www.reconoce.mx\/wp-content\/uploads\/2017\/01\/vivir-de-noche-2-150x97.png 150w\" sizes=\"auto, (max-width: 590px) 100vw, 590px\" \/><\/a><\/p>\n<p>En el camino de nuestro protagonista se encuentran dos mujeres, Emma (<strong>Sienna Miller<\/strong>) con quien vive el romance de juventud; y posteriormente en el ambiente en donde se desenvuelve, Graciela (<strong>Zoe Saldana<\/strong>), con quien conocer\u00e1 un amor m\u00e1s maduro y con nuevos matices.<\/p>\n<p>La cinta, que se estrena ma\u00f1ana 13 de enero, cuenta adem\u00e1s con las actuaciones de <strong>Chris Messina<\/strong>, <strong>Elle Fanning<\/strong>, <strong>Chris Cooper<\/strong> y <strong>Gillian Anderson<\/strong>, entre otros.<\/p>\n<p><iframe loading=\"lazy\" title=\"VIVIR DE NOCHE - Trailer 1 - Oficial Warner Bros. Pictures Latinoam\u00e9rica\" width=\"658\" height=\"370\" src=\"https:\/\/www.youtube.com\/embed\/6_LUcw2CvJw?feature=oembed\" frameborder=\"0\" allow=\"accelerometer; autoplay; clipboard-write; encrypted-media; gyroscope; picture-in-picture; web-share\" referrerpolicy=\"strict-origin-when-cross-origin\" allowfullscreen><\/iframe><\/p>\n<p>Adem\u00e1 de Ben, la pel\u00edcula es producida por<strong>\u00a0Leonardo DiCaprio<\/strong> y <strong>Jennifer Davisson Killoran<\/strong>, y cont\u00f3 con un presupuesto estimado de 65 millones de d\u00f3lares, sin duda uno de los proyectos m\u00e1s ambiciosos hasta la fecha de <strong>Ben Affleck<\/strong>.<\/p>\n<p style=\"text-align: right;\">Con im\u00e1genes cortes\u00eda de <strong>Warner Brothers M\u00e9xico<\/strong>.<\/p>\n<p>&nbsp;<\/p>\n<p>&nbsp;<\/p>\n","protected":false},"excerpt":{"rendered":"<p>Basada en el libro del mismo t\u00edtulo \u00abVivir de noche\u00bb del autor Dennis Lehane, la nueva cinta que Ben Affleck dirige, produce, adapta y protagoniza, cuenta la historia de Joe Coughlin.<\/p>\n","protected":false},"author":1,"featured_media":56817,"comment_status":"open","ping_status":"open","sticky":false,"template":"","format":"standard","meta":{"footnotes":""},"categories":[24,1,17],"tags":[],"class_list":["post-56794","post","type-post","status-publish","format-standard","has-post-thumbnail","hentry","category-cine","category-cultura","category-principal"],"yoast_head":"<!-- This site is optimized with the Yoast SEO plugin v24.7 - https:\/\/yoast.com\/wordpress\/plugins\/seo\/ -->\n<title>&quot;Vivir de noche&quot;, trepidante historia de g\u00e1nsteres &#171; Reconoce MX<\/title>\n<meta name=\"robots\" content=\"index, follow, max-snippet:-1, max-image-preview:large, max-video-preview:-1\" \/>\n<link rel=\"canonical\" href=\"http:\/\/www.reconoce.mx\/?p=56794\" \/>\n<meta property=\"og:locale\" content=\"es_ES\" \/>\n<meta property=\"og:type\" content=\"article\" \/>\n<meta property=\"og:title\" content=\"&quot;Vivir de noche&quot;, trepidante historia de g\u00e1nsteres &#171; Reconoce MX\" \/>\n<meta property=\"og:description\" content=\"Basada en el libro del mismo t\u00edtulo &quot;Vivir de noche&quot; del autor Dennis Lehane, la nueva cinta que Ben Affleck dirige, produce, adapta y protagoniza, cuenta la historia de Joe Coughlin.\" \/>\n<meta property=\"og:url\" content=\"http:\/\/www.reconoce.mx\/?p=56794\" \/>\n<meta property=\"og:site_name\" content=\"Reconoce MX\" \/>\n<meta property=\"article:publisher\" content=\"https:\/\/es-la.facebook.com\/ReconoceMX\/\" \/>\n<meta property=\"article:published_time\" content=\"2017-01-12T06:04:15+00:00\" \/>\n<meta property=\"article:modified_time\" content=\"2017-01-26T15:40:11+00:00\" \/>\n<meta property=\"og:image\" content=\"http:\/\/www.reconoce.mx\/wp-content\/uploads\/2017\/01\/vivir-de-noche-1.png\" \/>\n\t<meta property=\"og:image:width\" content=\"590\" \/>\n\t<meta property=\"og:image:height\" content=\"380\" \/>\n\t<meta property=\"og:image:type\" content=\"image\/png\" \/>\n<meta name=\"author\" content=\"admin\" \/>\n<meta name=\"twitter:card\" content=\"summary_large_image\" \/>\n<meta name=\"twitter:creator\" content=\"@reconocemx\" \/>\n<meta name=\"twitter:site\" content=\"@reconocemx\" \/>\n<meta name=\"twitter:label1\" content=\"Escrito por\" \/>\n\t<meta name=\"twitter:data1\" content=\"admin\" \/>\n\t<meta name=\"twitter:label2\" content=\"Tiempo de lectura\" \/>\n\t<meta name=\"twitter:data2\" content=\"2 minutos\" \/>\n<script type=\"application\/ld+json\" class=\"yoast-schema-graph\">{\"@context\":\"https:\/\/schema.org\",\"@graph\":[{\"@type\":\"Article\",\"@id\":\"http:\/\/www.reconoce.mx\/?p=56794#article\",\"isPartOf\":{\"@id\":\"http:\/\/www.reconoce.mx\/?p=56794\"},\"author\":{\"name\":\"admin\",\"@id\":\"http:\/\/www.reconoce.mx\/#\/schema\/person\/81edd0ecaba6a5e394ed5277b803f9f4\"},\"headline\":\"\u00abVivir de noche\u00bb, trepidante historia de g\u00e1nsteres\",\"datePublished\":\"2017-01-12T06:04:15+00:00\",\"dateModified\":\"2017-01-26T15:40:11+00:00\",\"mainEntityOfPage\":{\"@id\":\"http:\/\/www.reconoce.mx\/?p=56794\"},\"wordCount\":328,\"commentCount\":0,\"publisher\":{\"@id\":\"http:\/\/www.reconoce.mx\/#organization\"},\"image\":{\"@id\":\"http:\/\/www.reconoce.mx\/?p=56794#primaryimage\"},\"thumbnailUrl\":\"http:\/\/www.reconoce.mx\/wp-content\/uploads\/2017\/01\/vivir-de-noche-1.png\",\"articleSection\":[\"Cine\",\"Cultura\",\"Principal\"],\"inLanguage\":\"es\",\"potentialAction\":[{\"@type\":\"CommentAction\",\"name\":\"Comment\",\"target\":[\"http:\/\/www.reconoce.mx\/?p=56794#respond\"]}]},{\"@type\":\"WebPage\",\"@id\":\"http:\/\/www.reconoce.mx\/?p=56794\",\"url\":\"http:\/\/www.reconoce.mx\/?p=56794\",\"name\":\"\\\"Vivir de noche\\\", trepidante historia de g\u00e1nsteres &#171; Reconoce MX\",\"isPartOf\":{\"@id\":\"http:\/\/www.reconoce.mx\/#website\"},\"primaryImageOfPage\":{\"@id\":\"http:\/\/www.reconoce.mx\/?p=56794#primaryimage\"},\"image\":{\"@id\":\"http:\/\/www.reconoce.mx\/?p=56794#primaryimage\"},\"thumbnailUrl\":\"http:\/\/www.reconoce.mx\/wp-content\/uploads\/2017\/01\/vivir-de-noche-1.png\",\"datePublished\":\"2017-01-12T06:04:15+00:00\",\"dateModified\":\"2017-01-26T15:40:11+00:00\",\"breadcrumb\":{\"@id\":\"http:\/\/www.reconoce.mx\/?p=56794#breadcrumb\"},\"inLanguage\":\"es\",\"potentialAction\":[{\"@type\":\"ReadAction\",\"target\":[\"http:\/\/www.reconoce.mx\/?p=56794\"]}]},{\"@type\":\"ImageObject\",\"inLanguage\":\"es\",\"@id\":\"http:\/\/www.reconoce.mx\/?p=56794#primaryimage\",\"url\":\"http:\/\/www.reconoce.mx\/wp-content\/uploads\/2017\/01\/vivir-de-noche-1.png\",\"contentUrl\":\"http:\/\/www.reconoce.mx\/wp-content\/uploads\/2017\/01\/vivir-de-noche-1.png\",\"width\":590,\"height\":380},{\"@type\":\"BreadcrumbList\",\"@id\":\"http:\/\/www.reconoce.mx\/?p=56794#breadcrumb\",\"itemListElement\":[{\"@type\":\"ListItem\",\"position\":1,\"name\":\"Portada\",\"item\":\"http:\/\/www.reconoce.mx\/\"},{\"@type\":\"ListItem\",\"position\":2,\"name\":\"\u00abVivir de noche\u00bb, trepidante historia de g\u00e1nsteres\"}]},{\"@type\":\"WebSite\",\"@id\":\"http:\/\/www.reconoce.mx\/#website\",\"url\":\"http:\/\/www.reconoce.mx\/\",\"name\":\"Reconoce MX\",\"description\":\"En Reconoce MX difundimos arte, cultura y conciencia social en M\u00e9xico. Tu ciudad en otra perspectiva.\",\"publisher\":{\"@id\":\"http:\/\/www.reconoce.mx\/#organization\"},\"potentialAction\":[{\"@type\":\"SearchAction\",\"target\":{\"@type\":\"EntryPoint\",\"urlTemplate\":\"http:\/\/www.reconoce.mx\/?s={search_term_string}\"},\"query-input\":{\"@type\":\"PropertyValueSpecification\",\"valueRequired\":true,\"valueName\":\"search_term_string\"}}],\"inLanguage\":\"es\"},{\"@type\":\"Organization\",\"@id\":\"http:\/\/www.reconoce.mx\/#organization\",\"name\":\"Reconoce MX\",\"url\":\"http:\/\/www.reconoce.mx\/\",\"logo\":{\"@type\":\"ImageObject\",\"inLanguage\":\"es\",\"@id\":\"http:\/\/www.reconoce.mx\/#\/schema\/logo\/image\/\",\"url\":\"https:\/\/www.reconoce.mx\/wp-content\/uploads\/2019\/03\/logorcmx-good-1.png\",\"contentUrl\":\"https:\/\/www.reconoce.mx\/wp-content\/uploads\/2019\/03\/logorcmx-good-1.png\",\"width\":280,\"height\":90,\"caption\":\"Reconoce MX\"},\"image\":{\"@id\":\"http:\/\/www.reconoce.mx\/#\/schema\/logo\/image\/\"},\"sameAs\":[\"https:\/\/es-la.facebook.com\/ReconoceMX\/\",\"https:\/\/x.com\/reconocemx\",\"http:\/\/@reconocemx\"]},{\"@type\":\"Person\",\"@id\":\"http:\/\/www.reconoce.mx\/#\/schema\/person\/81edd0ecaba6a5e394ed5277b803f9f4\",\"name\":\"admin\",\"image\":{\"@type\":\"ImageObject\",\"inLanguage\":\"es\",\"@id\":\"http:\/\/www.reconoce.mx\/#\/schema\/person\/image\/\",\"url\":\"https:\/\/secure.gravatar.com\/avatar\/f321b77d0345b778f27b47aa04b3316a52ca72b8406507a117538cb8dda4a22d?s=96&d=identicon&r=g\",\"contentUrl\":\"https:\/\/secure.gravatar.com\/avatar\/f321b77d0345b778f27b47aa04b3316a52ca72b8406507a117538cb8dda4a22d?s=96&d=identicon&r=g\",\"caption\":\"admin\"},\"url\":\"http:\/\/www.reconoce.mx\/?author=1\"}]}<\/script>\n<!-- \/ Yoast SEO plugin. -->","yoast_head_json":{"title":"\"Vivir de noche\", trepidante historia de g\u00e1nsteres &#171; Reconoce MX","robots":{"index":"index","follow":"follow","max-snippet":"max-snippet:-1","max-image-preview":"max-image-preview:large","max-video-preview":"max-video-preview:-1"},"canonical":"http:\/\/www.reconoce.mx\/?p=56794","og_locale":"es_ES","og_type":"article","og_title":"\"Vivir de noche\", trepidante historia de g\u00e1nsteres &#171; Reconoce MX","og_description":"Basada en el libro del mismo t\u00edtulo \"Vivir de noche\" del autor Dennis Lehane, la nueva cinta que Ben Affleck dirige, produce, adapta y protagoniza, cuenta la historia de Joe Coughlin.","og_url":"http:\/\/www.reconoce.mx\/?p=56794","og_site_name":"Reconoce MX","article_publisher":"https:\/\/es-la.facebook.com\/ReconoceMX\/","article_published_time":"2017-01-12T06:04:15+00:00","article_modified_time":"2017-01-26T15:40:11+00:00","og_image":[{"width":590,"height":380,"url":"http:\/\/www.reconoce.mx\/wp-content\/uploads\/2017\/01\/vivir-de-noche-1.png","type":"image\/png"}],"author":"admin","twitter_card":"summary_large_image","twitter_creator":"@reconocemx","twitter_site":"@reconocemx","twitter_misc":{"Escrito por":"admin","Tiempo de lectura":"2 minutos"},"schema":{"@context":"https:\/\/schema.org","@graph":[{"@type":"Article","@id":"http:\/\/www.reconoce.mx\/?p=56794#article","isPartOf":{"@id":"http:\/\/www.reconoce.mx\/?p=56794"},"author":{"name":"admin","@id":"http:\/\/www.reconoce.mx\/#\/schema\/person\/81edd0ecaba6a5e394ed5277b803f9f4"},"headline":"\u00abVivir de noche\u00bb, trepidante historia de g\u00e1nsteres","datePublished":"2017-01-12T06:04:15+00:00","dateModified":"2017-01-26T15:40:11+00:00","mainEntityOfPage":{"@id":"http:\/\/www.reconoce.mx\/?p=56794"},"wordCount":328,"commentCount":0,"publisher":{"@id":"http:\/\/www.reconoce.mx\/#organization"},"image":{"@id":"http:\/\/www.reconoce.mx\/?p=56794#primaryimage"},"thumbnailUrl":"http:\/\/www.reconoce.mx\/wp-content\/uploads\/2017\/01\/vivir-de-noche-1.png","articleSection":["Cine","Cultura","Principal"],"inLanguage":"es","potentialAction":[{"@type":"CommentAction","name":"Comment","target":["http:\/\/www.reconoce.mx\/?p=56794#respond"]}]},{"@type":"WebPage","@id":"http:\/\/www.reconoce.mx\/?p=56794","url":"http:\/\/www.reconoce.mx\/?p=56794","name":"\"Vivir de noche\", trepidante historia de g\u00e1nsteres &#171; Reconoce MX","isPartOf":{"@id":"http:\/\/www.reconoce.mx\/#website"},"primaryImageOfPage":{"@id":"http:\/\/www.reconoce.mx\/?p=56794#primaryimage"},"image":{"@id":"http:\/\/www.reconoce.mx\/?p=56794#primaryimage"},"thumbnailUrl":"http:\/\/www.reconoce.mx\/wp-content\/uploads\/2017\/01\/vivir-de-noche-1.png","datePublished":"2017-01-12T06:04:15+00:00","dateModified":"2017-01-26T15:40:11+00:00","breadcrumb":{"@id":"http:\/\/www.reconoce.mx\/?p=56794#breadcrumb"},"inLanguage":"es","potentialAction":[{"@type":"ReadAction","target":["http:\/\/www.reconoce.mx\/?p=56794"]}]},{"@type":"ImageObject","inLanguage":"es","@id":"http:\/\/www.reconoce.mx\/?p=56794#primaryimage","url":"http:\/\/www.reconoce.mx\/wp-content\/uploads\/2017\/01\/vivir-de-noche-1.png","contentUrl":"http:\/\/www.reconoce.mx\/wp-content\/uploads\/2017\/01\/vivir-de-noche-1.png","width":590,"height":380},{"@type":"BreadcrumbList","@id":"http:\/\/www.reconoce.mx\/?p=56794#breadcrumb","itemListElement":[{"@type":"ListItem","position":1,"name":"Portada","item":"http:\/\/www.reconoce.mx\/"},{"@type":"ListItem","position":2,"name":"\u00abVivir de noche\u00bb, trepidante historia de g\u00e1nsteres"}]},{"@type":"WebSite","@id":"http:\/\/www.reconoce.mx\/#website","url":"http:\/\/www.reconoce.mx\/","name":"Reconoce MX","description":"En Reconoce MX difundimos arte, cultura y conciencia social en M\u00e9xico. Tu ciudad en otra perspectiva.","publisher":{"@id":"http:\/\/www.reconoce.mx\/#organization"},"potentialAction":[{"@type":"SearchAction","target":{"@type":"EntryPoint","urlTemplate":"http:\/\/www.reconoce.mx\/?s={search_term_string}"},"query-input":{"@type":"PropertyValueSpecification","valueRequired":true,"valueName":"search_term_string"}}],"inLanguage":"es"},{"@type":"Organization","@id":"http:\/\/www.reconoce.mx\/#organization","name":"Reconoce MX","url":"http:\/\/www.reconoce.mx\/","logo":{"@type":"ImageObject","inLanguage":"es","@id":"http:\/\/www.reconoce.mx\/#\/schema\/logo\/image\/","url":"https:\/\/www.reconoce.mx\/wp-content\/uploads\/2019\/03\/logorcmx-good-1.png","contentUrl":"https:\/\/www.reconoce.mx\/wp-content\/uploads\/2019\/03\/logorcmx-good-1.png","width":280,"height":90,"caption":"Reconoce MX"},"image":{"@id":"http:\/\/www.reconoce.mx\/#\/schema\/logo\/image\/"},"sameAs":["https:\/\/es-la.facebook.com\/ReconoceMX\/","https:\/\/x.com\/reconocemx","http:\/\/@reconocemx"]},{"@type":"Person","@id":"http:\/\/www.reconoce.mx\/#\/schema\/person\/81edd0ecaba6a5e394ed5277b803f9f4","name":"admin","image":{"@type":"ImageObject","inLanguage":"es","@id":"http:\/\/www.reconoce.mx\/#\/schema\/person\/image\/","url":"https:\/\/secure.gravatar.com\/avatar\/f321b77d0345b778f27b47aa04b3316a52ca72b8406507a117538cb8dda4a22d?s=96&d=identicon&r=g","contentUrl":"https:\/\/secure.gravatar.com\/avatar\/f321b77d0345b778f27b47aa04b3316a52ca72b8406507a117538cb8dda4a22d?s=96&d=identicon&r=g","caption":"admin"},"url":"http:\/\/www.reconoce.mx\/?author=1"}]}},"_links":{"self":[{"href":"http:\/\/www.reconoce.mx\/index.php?rest_route=\/wp\/v2\/posts\/56794","targetHints":{"allow":["GET"]}}],"collection":[{"href":"http:\/\/www.reconoce.mx\/index.php?rest_route=\/wp\/v2\/posts"}],"about":[{"href":"http:\/\/www.reconoce.mx\/index.php?rest_route=\/wp\/v2\/types\/post"}],"author":[{"embeddable":true,"href":"http:\/\/www.reconoce.mx\/index.php?rest_route=\/wp\/v2\/users\/1"}],"replies":[{"embeddable":true,"href":"http:\/\/www.reconoce.mx\/index.php?rest_route=%2Fwp%2Fv2%2Fcomments&post=56794"}],"version-history":[{"count":12,"href":"http:\/\/www.reconoce.mx\/index.php?rest_route=\/wp\/v2\/posts\/56794\/revisions"}],"predecessor-version":[{"id":56821,"href":"http:\/\/www.reconoce.mx\/index.php?rest_route=\/wp\/v2\/posts\/56794\/revisions\/56821"}],"wp:featuredmedia":[{"embeddable":true,"href":"http:\/\/www.reconoce.mx\/index.php?rest_route=\/wp\/v2\/media\/56817"}],"wp:attachment":[{"href":"http:\/\/www.reconoce.mx\/index.php?rest_route=%2Fwp%2Fv2%2Fmedia&parent=56794"}],"wp:term":[{"taxonomy":"category","embeddable":true,"href":"http:\/\/www.reconoce.mx\/index.php?rest_route=%2Fwp%2Fv2%2Fcategories&post=56794"},{"taxonomy":"post_tag","embeddable":true,"href":"http:\/\/www.reconoce.mx\/index.php?rest_route=%2Fwp%2Fv2%2Ftags&post=56794"}],"curies":[{"name":"wp","href":"https:\/\/api.w.org\/{rel}","templated":true}]}}