{"id":5708,"date":"2012-03-01T01:00:58","date_gmt":"2012-03-01T01:00:58","guid":{"rendered":"http:\/\/www.reconoce.mx\/?p=5708"},"modified":"2012-03-02T13:08:16","modified_gmt":"2012-03-02T13:08:16","slug":"todo-listo-para-el-ecofest-2012","status":"publish","type":"post","link":"http:\/\/www.reconoce.mx\/?p=5708","title":{"rendered":"Todo listo para el EcoFest 2012"},"content":{"rendered":"<ul id=\"botones-home\">\n<li><script type=\"text\/javascript\" src=\"https:\/\/apis.google.com\/js\/plusone.js\"><\/script><g:plusone width=\"55\" height=\"20\" href=\"http:\/\/www.reconoce.mx\/todo-listo-para-el-ecofest-2012\/\"><\/g:plusone><\/li>\n<li><a href=\"http:\/\/twitter.com\/share\" class=\"twitter-share-button\" data-url=\"http:\/\/www.reconoce.mx\/todo-listo-para-el-ecofest-2012\/\" data-count=\"horizontal\" data-via=\"reconocemx\" data-lang=\"es\">Tweet<\/a><script type=\"text\/javascript\" src=\"http:\/\/platform.twitter.com\/widgets.js\"><\/script><\/li>\n<li><iframe src=\"http:\/\/www.facebook.com\/plugins\/like.php?locale=es_ES&amp;href=http%3A%2F%2Freconoce.mx\/todo-listo-para-el-ecofest-2012\/&amp;send=false&amp;layout=button_count &amp;width=110&amp;show_faces=false&amp;action=like&amp;colorscheme=light&amp;font=verdana&amp;height=21\" scrolling=\"no\" frameborder=\"0\" style=\"border:none; overflow:hidden; width:110px; height:21px;\" allowtransparency=\"true\"><\/iframe><\/li>\n<p><strong>Por <a title=\"@enriquefa86\" href=\"http:\/\/twitter.com\/#%21\/enriquefa86\" target=\"_blank\">Enrique Figueroa Anaya<\/a><\/strong>.\ufeff<br \/>\n<strong>Fotos <a title=\"@inmyjacket\" href=\"https:\/\/twitter.com\/#%21\/inmyjacket\" target=\"_blank\">Aleithya Morales Dur\u00e1n<\/a><\/strong>.<\/p>\n<p>Los d\u00edas 10 y 11 de marzo Chapultepec ser\u00e1 testigo de la tercera edici\u00f3n del EcoFest. <strong>Este festival, organizado por Las P\u00e1ginas Verdes, promueve la comercializaci\u00f3n de productos sustentables<\/strong>. En conferencia de prensa Paulina Moreno (Directora de Las P\u00e1ginas Verdes), Julieta Venegas (Vocera del EcoFest 2012), Rodrigo Villar Esquivel (Director de New Ventures) y Jos\u00e9 Campillo (Secretar\u00eda de Medio Ambiente), presentaron los detalles de este proyecto.<\/p>\n<div style=\"width: 610px\" class=\"wp-caption aligncenter\"><img loading=\"lazy\" decoding=\"async\" alt=\"Todo listo para el EcoFest 2012.\" src=\"http:\/\/farm8.staticflickr.com\/7057\/6791003774_514c289da5_z.jpg\" title=\"Todo listo para el EcoFest 2012.\" width=\"600\" height=\"460\" \/><p class=\"wp-caption-text\">Todo listo para el EcoFest 2012.<\/p><\/div>\n<p><!--more--><em><strong>\u2013&gt;<a title=\"Conferencia de prensa 'EcoFest 2012'\" href=\"http:\/\/www.flickr.com\/photos\/reconocemx\/sets\/72157629471612437\/\" target=\"_blank\">Ve todas nuestras fotos de la conferencia de prensa, aqu\u00ed<\/a>&lt;\u2013<\/strong><\/em><\/p>\n<p>Despu\u00e9s de dos muy exitosas primeras versiones, <strong>Eco Fest 2012 estrenar\u00e1 sede en la primera secci\u00f3n del Bosque de Chapultepec<\/strong>, en la que se espera albergar a m\u00e1s de 40,000 personas. Se aumentar\u00e1 del mismo modo de 140 a 170 expositores, mayormente micro, medianas y peque\u00f1as empresas, que buscan aumentar su mercado y encontrar nuevos socios comerciales.<\/p>\n<p>Dentro de esta tercera edici\u00f3n se podr\u00e1n encontrar cosm\u00e9ticos, alimentos, muebles, ropa, impermeabilizantes y dem\u00e1s productos <em>eco-friendly<\/em>. Adem\u00e1s se contar\u00e1 con un trueque de libros y ropa, talleres, conferencias, recolecci\u00f3n de pilas, reciclado de cartuchos de impresi\u00f3n y hasta bolsa de trabajo. <strong>\u00abEs importante que la gente lo viva, lo palpe, lo conozca y lo sienta\u00bb, coment\u00f3 Rodrigo Villar Esquivel<\/strong>.<\/p>\n<p>\u00abYo creo que <strong>el EcoFest es un s\u00faper evento que tambi\u00e9n puede crear comunidad, ya que al final el ambiente nos preocupa a todos\u00bb, coment\u00f3 una emocionada Julieta Venegas<\/strong>, que recalc\u00f3 siempre que a\u00fan sin haber sido invitada como vocera, ella misma ir\u00eda al evento.<\/p>\n<p>Para saber m\u00e1s del EcoFest visiten su <a title=\"EcoFest\" href=\"http:\/\/www.laspaginasverdes.com\/ecofest\/\" target=\"_blank\"><strong>sitio oficial<\/strong><\/a>. <span style=\"color: #800000;\"><strong>Reconoce MX<\/strong><\/span> <strong>se une a este importante esfuerzo como medio asociado<\/strong> y pronto te seguir\u00e1 informando de m\u00e1s detalles de este festival, que en efecto, nos importa a todos.<\/p>\n","protected":false},"excerpt":{"rendered":"<p>Los d\u00edas 10 y 11 de marzo Chapultepec ser\u00e1 testigo del tercer EcoFest. Este festival, organizado por Las P\u00e1ginas Verdes, promueve la comercializaci\u00f3n de productos sustentables. <\/p>\n","protected":false},"author":2,"featured_media":5709,"comment_status":"open","ping_status":"open","sticky":false,"template":"","format":"standard","meta":{"footnotes":""},"categories":[43,262],"tags":[447,2626],"class_list":["post-5708","post","type-post","status-publish","format-standard","has-post-thumbnail","hentry","category-conciencia","category-ecologia","tag-ecofests","tag-ecologia"],"yoast_head":"<!-- This site is optimized with the Yoast SEO plugin v24.7 - https:\/\/yoast.com\/wordpress\/plugins\/seo\/ -->\n<title>Todo listo para el EcoFest 2012 &#171; Reconoce MX<\/title>\n<meta name=\"robots\" content=\"index, follow, max-snippet:-1, max-image-preview:large, max-video-preview:-1\" \/>\n<link rel=\"canonical\" href=\"https:\/\/www.reconoce.mx\/?p=5708\" \/>\n<meta property=\"og:locale\" content=\"es_ES\" \/>\n<meta property=\"og:type\" content=\"article\" \/>\n<meta property=\"og:title\" content=\"Todo listo para el EcoFest 2012 &#171; Reconoce MX\" \/>\n<meta property=\"og:description\" content=\"Los d\u00edas 10 y 11 de marzo Chapultepec ser\u00e1 testigo del tercer EcoFest. Este festival, organizado por Las P\u00e1ginas Verdes, promueve la comercializaci\u00f3n de productos sustentables.\" \/>\n<meta property=\"og:url\" content=\"https:\/\/www.reconoce.mx\/?p=5708\" \/>\n<meta property=\"og:site_name\" content=\"Reconoce MX\" \/>\n<meta property=\"article:publisher\" content=\"https:\/\/es-la.facebook.com\/ReconoceMX\/\" \/>\n<meta property=\"article:published_time\" content=\"2012-03-01T01:00:58+00:00\" \/>\n<meta property=\"article:modified_time\" content=\"2012-03-02T13:08:16+00:00\" \/>\n<meta property=\"og:image\" content=\"https:\/\/www.reconoce.mx\/wp-content\/uploads\/ecofest-conferencia.png\" \/>\n\t<meta property=\"og:image:width\" content=\"649\" \/>\n\t<meta property=\"og:image:height\" content=\"301\" \/>\n\t<meta property=\"og:image:type\" content=\"image\/png\" \/>\n<meta name=\"author\" content=\"Reconoce MX\" \/>\n<meta name=\"twitter:card\" content=\"summary_large_image\" \/>\n<meta name=\"twitter:creator\" content=\"@reconocemx\" \/>\n<meta name=\"twitter:site\" content=\"@reconocemx\" \/>\n<meta name=\"twitter:label1\" content=\"Escrito por\" \/>\n\t<meta name=\"twitter:data1\" content=\"Reconoce MX\" \/>\n\t<meta name=\"twitter:label2\" content=\"Tiempo de lectura\" \/>\n\t<meta name=\"twitter:data2\" content=\"2 minutos\" \/>\n<script type=\"application\/ld+json\" class=\"yoast-schema-graph\">{\"@context\":\"https:\/\/schema.org\",\"@graph\":[{\"@type\":\"Article\",\"@id\":\"https:\/\/www.reconoce.mx\/?p=5708#article\",\"isPartOf\":{\"@id\":\"https:\/\/www.reconoce.mx\/?p=5708\"},\"author\":{\"name\":\"Reconoce MX\",\"@id\":\"http:\/\/www.reconoce.mx\/#\/schema\/person\/2117e997d7051dc15d6880eaf9bca0b2\"},\"headline\":\"Todo listo para el EcoFest 2012\",\"datePublished\":\"2012-03-01T01:00:58+00:00\",\"dateModified\":\"2012-03-02T13:08:16+00:00\",\"mainEntityOfPage\":{\"@id\":\"https:\/\/www.reconoce.mx\/?p=5708\"},\"wordCount\":321,\"commentCount\":3,\"publisher\":{\"@id\":\"http:\/\/www.reconoce.mx\/#organization\"},\"image\":{\"@id\":\"https:\/\/www.reconoce.mx\/?p=5708#primaryimage\"},\"thumbnailUrl\":\"http:\/\/www.reconoce.mx\/wp-content\/uploads\/ecofest-conferencia.png\",\"keywords\":[\"EcoFests\",\"Ecolog\u00eda\"],\"articleSection\":[\"Conciencia\",\"Ecolog\u00eda\"],\"inLanguage\":\"es\",\"potentialAction\":[{\"@type\":\"CommentAction\",\"name\":\"Comment\",\"target\":[\"https:\/\/www.reconoce.mx\/?p=5708#respond\"]}]},{\"@type\":\"WebPage\",\"@id\":\"https:\/\/www.reconoce.mx\/?p=5708\",\"url\":\"https:\/\/www.reconoce.mx\/?p=5708\",\"name\":\"Todo listo para el EcoFest 2012 &#171; Reconoce MX\",\"isPartOf\":{\"@id\":\"http:\/\/www.reconoce.mx\/#website\"},\"primaryImageOfPage\":{\"@id\":\"https:\/\/www.reconoce.mx\/?p=5708#primaryimage\"},\"image\":{\"@id\":\"https:\/\/www.reconoce.mx\/?p=5708#primaryimage\"},\"thumbnailUrl\":\"http:\/\/www.reconoce.mx\/wp-content\/uploads\/ecofest-conferencia.png\",\"datePublished\":\"2012-03-01T01:00:58+00:00\",\"dateModified\":\"2012-03-02T13:08:16+00:00\",\"breadcrumb\":{\"@id\":\"https:\/\/www.reconoce.mx\/?p=5708#breadcrumb\"},\"inLanguage\":\"es\",\"potentialAction\":[{\"@type\":\"ReadAction\",\"target\":[\"https:\/\/www.reconoce.mx\/?p=5708\"]}]},{\"@type\":\"ImageObject\",\"inLanguage\":\"es\",\"@id\":\"https:\/\/www.reconoce.mx\/?p=5708#primaryimage\",\"url\":\"http:\/\/www.reconoce.mx\/wp-content\/uploads\/ecofest-conferencia.png\",\"contentUrl\":\"http:\/\/www.reconoce.mx\/wp-content\/uploads\/ecofest-conferencia.png\",\"width\":649,\"height\":301,\"caption\":\"Todo listo para el EcoFest 2012.\"},{\"@type\":\"BreadcrumbList\",\"@id\":\"https:\/\/www.reconoce.mx\/?p=5708#breadcrumb\",\"itemListElement\":[{\"@type\":\"ListItem\",\"position\":1,\"name\":\"Portada\",\"item\":\"http:\/\/www.reconoce.mx\/\"},{\"@type\":\"ListItem\",\"position\":2,\"name\":\"Todo listo para el EcoFest 2012\"}]},{\"@type\":\"WebSite\",\"@id\":\"http:\/\/www.reconoce.mx\/#website\",\"url\":\"http:\/\/www.reconoce.mx\/\",\"name\":\"Reconoce MX\",\"description\":\"En Reconoce MX difundimos arte, cultura y conciencia social en M\u00e9xico. Tu ciudad en otra perspectiva.\",\"publisher\":{\"@id\":\"http:\/\/www.reconoce.mx\/#organization\"},\"potentialAction\":[{\"@type\":\"SearchAction\",\"target\":{\"@type\":\"EntryPoint\",\"urlTemplate\":\"http:\/\/www.reconoce.mx\/?s={search_term_string}\"},\"query-input\":{\"@type\":\"PropertyValueSpecification\",\"valueRequired\":true,\"valueName\":\"search_term_string\"}}],\"inLanguage\":\"es\"},{\"@type\":\"Organization\",\"@id\":\"http:\/\/www.reconoce.mx\/#organization\",\"name\":\"Reconoce MX\",\"url\":\"http:\/\/www.reconoce.mx\/\",\"logo\":{\"@type\":\"ImageObject\",\"inLanguage\":\"es\",\"@id\":\"http:\/\/www.reconoce.mx\/#\/schema\/logo\/image\/\",\"url\":\"https:\/\/www.reconoce.mx\/wp-content\/uploads\/2019\/03\/logorcmx-good-1.png\",\"contentUrl\":\"https:\/\/www.reconoce.mx\/wp-content\/uploads\/2019\/03\/logorcmx-good-1.png\",\"width\":280,\"height\":90,\"caption\":\"Reconoce MX\"},\"image\":{\"@id\":\"http:\/\/www.reconoce.mx\/#\/schema\/logo\/image\/\"},\"sameAs\":[\"https:\/\/es-la.facebook.com\/ReconoceMX\/\",\"https:\/\/x.com\/reconocemx\",\"http:\/\/@reconocemx\"]},{\"@type\":\"Person\",\"@id\":\"http:\/\/www.reconoce.mx\/#\/schema\/person\/2117e997d7051dc15d6880eaf9bca0b2\",\"name\":\"Reconoce MX\",\"image\":{\"@type\":\"ImageObject\",\"inLanguage\":\"es\",\"@id\":\"http:\/\/www.reconoce.mx\/#\/schema\/person\/image\/\",\"url\":\"https:\/\/secure.gravatar.com\/avatar\/6c8d4dc7569ca1c90c5fdcc349f839d5ddef6fe1e70b4337ead2ef1a4c43fc3a?s=96&d=identicon&r=g\",\"contentUrl\":\"https:\/\/secure.gravatar.com\/avatar\/6c8d4dc7569ca1c90c5fdcc349f839d5ddef6fe1e70b4337ead2ef1a4c43fc3a?s=96&d=identicon&r=g\",\"caption\":\"Reconoce MX\"},\"description\":\"Reconoce MX es un proyecto de difusi\u00f3n art\u00edstica, cultural y de conciencia social que est\u00e1 enfocado a difundir y fomentar el entretenimiento alternativo de calidad para todo el p\u00fablico que comparta el mismo entusiasmo.\",\"sameAs\":[\"http:\/\/www.reconoce.mx\"],\"url\":\"http:\/\/www.reconoce.mx\/?author=2\"}]}<\/script>\n<!-- \/ Yoast SEO plugin. -->","yoast_head_json":{"title":"Todo listo para el EcoFest 2012 &#171; Reconoce MX","robots":{"index":"index","follow":"follow","max-snippet":"max-snippet:-1","max-image-preview":"max-image-preview:large","max-video-preview":"max-video-preview:-1"},"canonical":"https:\/\/www.reconoce.mx\/?p=5708","og_locale":"es_ES","og_type":"article","og_title":"Todo listo para el EcoFest 2012 &#171; Reconoce MX","og_description":"Los d\u00edas 10 y 11 de marzo Chapultepec ser\u00e1 testigo del tercer EcoFest. Este festival, organizado por Las P\u00e1ginas Verdes, promueve la comercializaci\u00f3n de productos sustentables.","og_url":"https:\/\/www.reconoce.mx\/?p=5708","og_site_name":"Reconoce MX","article_publisher":"https:\/\/es-la.facebook.com\/ReconoceMX\/","article_published_time":"2012-03-01T01:00:58+00:00","article_modified_time":"2012-03-02T13:08:16+00:00","og_image":[{"width":649,"height":301,"url":"https:\/\/www.reconoce.mx\/wp-content\/uploads\/ecofest-conferencia.png","type":"image\/png"}],"author":"Reconoce MX","twitter_card":"summary_large_image","twitter_creator":"@reconocemx","twitter_site":"@reconocemx","twitter_misc":{"Escrito por":"Reconoce MX","Tiempo de lectura":"2 minutos"},"schema":{"@context":"https:\/\/schema.org","@graph":[{"@type":"Article","@id":"https:\/\/www.reconoce.mx\/?p=5708#article","isPartOf":{"@id":"https:\/\/www.reconoce.mx\/?p=5708"},"author":{"name":"Reconoce MX","@id":"http:\/\/www.reconoce.mx\/#\/schema\/person\/2117e997d7051dc15d6880eaf9bca0b2"},"headline":"Todo listo para el EcoFest 2012","datePublished":"2012-03-01T01:00:58+00:00","dateModified":"2012-03-02T13:08:16+00:00","mainEntityOfPage":{"@id":"https:\/\/www.reconoce.mx\/?p=5708"},"wordCount":321,"commentCount":3,"publisher":{"@id":"http:\/\/www.reconoce.mx\/#organization"},"image":{"@id":"https:\/\/www.reconoce.mx\/?p=5708#primaryimage"},"thumbnailUrl":"http:\/\/www.reconoce.mx\/wp-content\/uploads\/ecofest-conferencia.png","keywords":["EcoFests","Ecolog\u00eda"],"articleSection":["Conciencia","Ecolog\u00eda"],"inLanguage":"es","potentialAction":[{"@type":"CommentAction","name":"Comment","target":["https:\/\/www.reconoce.mx\/?p=5708#respond"]}]},{"@type":"WebPage","@id":"https:\/\/www.reconoce.mx\/?p=5708","url":"https:\/\/www.reconoce.mx\/?p=5708","name":"Todo listo para el EcoFest 2012 &#171; Reconoce MX","isPartOf":{"@id":"http:\/\/www.reconoce.mx\/#website"},"primaryImageOfPage":{"@id":"https:\/\/www.reconoce.mx\/?p=5708#primaryimage"},"image":{"@id":"https:\/\/www.reconoce.mx\/?p=5708#primaryimage"},"thumbnailUrl":"http:\/\/www.reconoce.mx\/wp-content\/uploads\/ecofest-conferencia.png","datePublished":"2012-03-01T01:00:58+00:00","dateModified":"2012-03-02T13:08:16+00:00","breadcrumb":{"@id":"https:\/\/www.reconoce.mx\/?p=5708#breadcrumb"},"inLanguage":"es","potentialAction":[{"@type":"ReadAction","target":["https:\/\/www.reconoce.mx\/?p=5708"]}]},{"@type":"ImageObject","inLanguage":"es","@id":"https:\/\/www.reconoce.mx\/?p=5708#primaryimage","url":"http:\/\/www.reconoce.mx\/wp-content\/uploads\/ecofest-conferencia.png","contentUrl":"http:\/\/www.reconoce.mx\/wp-content\/uploads\/ecofest-conferencia.png","width":649,"height":301,"caption":"Todo listo para el EcoFest 2012."},{"@type":"BreadcrumbList","@id":"https:\/\/www.reconoce.mx\/?p=5708#breadcrumb","itemListElement":[{"@type":"ListItem","position":1,"name":"Portada","item":"http:\/\/www.reconoce.mx\/"},{"@type":"ListItem","position":2,"name":"Todo listo para el EcoFest 2012"}]},{"@type":"WebSite","@id":"http:\/\/www.reconoce.mx\/#website","url":"http:\/\/www.reconoce.mx\/","name":"Reconoce MX","description":"En Reconoce MX difundimos arte, cultura y conciencia social en M\u00e9xico. Tu ciudad en otra perspectiva.","publisher":{"@id":"http:\/\/www.reconoce.mx\/#organization"},"potentialAction":[{"@type":"SearchAction","target":{"@type":"EntryPoint","urlTemplate":"http:\/\/www.reconoce.mx\/?s={search_term_string}"},"query-input":{"@type":"PropertyValueSpecification","valueRequired":true,"valueName":"search_term_string"}}],"inLanguage":"es"},{"@type":"Organization","@id":"http:\/\/www.reconoce.mx\/#organization","name":"Reconoce MX","url":"http:\/\/www.reconoce.mx\/","logo":{"@type":"ImageObject","inLanguage":"es","@id":"http:\/\/www.reconoce.mx\/#\/schema\/logo\/image\/","url":"https:\/\/www.reconoce.mx\/wp-content\/uploads\/2019\/03\/logorcmx-good-1.png","contentUrl":"https:\/\/www.reconoce.mx\/wp-content\/uploads\/2019\/03\/logorcmx-good-1.png","width":280,"height":90,"caption":"Reconoce MX"},"image":{"@id":"http:\/\/www.reconoce.mx\/#\/schema\/logo\/image\/"},"sameAs":["https:\/\/es-la.facebook.com\/ReconoceMX\/","https:\/\/x.com\/reconocemx","http:\/\/@reconocemx"]},{"@type":"Person","@id":"http:\/\/www.reconoce.mx\/#\/schema\/person\/2117e997d7051dc15d6880eaf9bca0b2","name":"Reconoce MX","image":{"@type":"ImageObject","inLanguage":"es","@id":"http:\/\/www.reconoce.mx\/#\/schema\/person\/image\/","url":"https:\/\/secure.gravatar.com\/avatar\/6c8d4dc7569ca1c90c5fdcc349f839d5ddef6fe1e70b4337ead2ef1a4c43fc3a?s=96&d=identicon&r=g","contentUrl":"https:\/\/secure.gravatar.com\/avatar\/6c8d4dc7569ca1c90c5fdcc349f839d5ddef6fe1e70b4337ead2ef1a4c43fc3a?s=96&d=identicon&r=g","caption":"Reconoce MX"},"description":"Reconoce MX es un proyecto de difusi\u00f3n art\u00edstica, cultural y de conciencia social que est\u00e1 enfocado a difundir y fomentar el entretenimiento alternativo de calidad para todo el p\u00fablico que comparta el mismo entusiasmo.","sameAs":["http:\/\/www.reconoce.mx"],"url":"http:\/\/www.reconoce.mx\/?author=2"}]}},"_links":{"self":[{"href":"http:\/\/www.reconoce.mx\/index.php?rest_route=\/wp\/v2\/posts\/5708","targetHints":{"allow":["GET"]}}],"collection":[{"href":"http:\/\/www.reconoce.mx\/index.php?rest_route=\/wp\/v2\/posts"}],"about":[{"href":"http:\/\/www.reconoce.mx\/index.php?rest_route=\/wp\/v2\/types\/post"}],"author":[{"embeddable":true,"href":"http:\/\/www.reconoce.mx\/index.php?rest_route=\/wp\/v2\/users\/2"}],"replies":[{"embeddable":true,"href":"http:\/\/www.reconoce.mx\/index.php?rest_route=%2Fwp%2Fv2%2Fcomments&post=5708"}],"version-history":[{"count":10,"href":"http:\/\/www.reconoce.mx\/index.php?rest_route=\/wp\/v2\/posts\/5708\/revisions"}],"predecessor-version":[{"id":5812,"href":"http:\/\/www.reconoce.mx\/index.php?rest_route=\/wp\/v2\/posts\/5708\/revisions\/5812"}],"wp:featuredmedia":[{"embeddable":true,"href":"http:\/\/www.reconoce.mx\/index.php?rest_route=\/wp\/v2\/media\/5709"}],"wp:attachment":[{"href":"http:\/\/www.reconoce.mx\/index.php?rest_route=%2Fwp%2Fv2%2Fmedia&parent=5708"}],"wp:term":[{"taxonomy":"category","embeddable":true,"href":"http:\/\/www.reconoce.mx\/index.php?rest_route=%2Fwp%2Fv2%2Fcategories&post=5708"},{"taxonomy":"post_tag","embeddable":true,"href":"http:\/\/www.reconoce.mx\/index.php?rest_route=%2Fwp%2Fv2%2Ftags&post=5708"}],"curies":[{"name":"wp","href":"https:\/\/api.w.org\/{rel}","templated":true}]}}