{"id":5778,"date":"2012-03-04T02:00:57","date_gmt":"2012-03-04T02:00:57","guid":{"rendered":"http:\/\/www.reconoce.mx\/?p=5778"},"modified":"2017-03-08T09:39:10","modified_gmt":"2017-03-08T15:39:10","slug":"es-vieja","status":"publish","type":"post","link":"http:\/\/www.reconoce.mx\/?p=5778","title":{"rendered":"Es vieja"},"content":{"rendered":"<p><strong>Por\u00a0<a title=\"@Ari_MtzG\" href=\"https:\/\/twitter.com\/Ari_MtzG\" target=\"_blank\">Aranzaz\u00fa Mart\u00ednez Galeana<\/a><\/strong>.<\/p>\n<p>En una sociedad machista como la mexicana, la reproducci\u00f3n de estereotipos y prejuicios que tienden a favorecer a los hombres y minimizar a las mujeres es algo sumamente com\u00fan. A veces ni siquiera lo notamos, es m\u00e1s hasta los cantamos a todo pulm\u00f3n y brindamos\u00a0 al comp\u00e1s de una canci\u00f3n que recuerda penas pasadas. Probablemente parezca una exageraci\u00f3n pero si analizamos un poco m\u00e1s la letra de algunas canciones nos daremos cuenta que<strong> en M\u00e9xico repetimos y peor a\u00fan, reproducimos sistem\u00e1ticamente contenido que promueva la discriminaci\u00f3n de por s\u00ed ya marcada, entre hombres y mujeres<\/strong>. Siguiendo esta l\u00ednea, la mayor\u00eda de las\u00a0 pel\u00edculas del cine mexicano son un reflejo altamente fiel de la percepci\u00f3n de la mujer en aquella \u00e9poca. Ella deb\u00eda estar calladita porque claro, se ve\u00eda m\u00e1s bonita; deb\u00eda dedicarse a satisfacer las necesidades de \u201csu hombre\u201d y dem\u00e1s deberes que generalmente no ven\u00edan acompa\u00f1ados de derecho alguno. Ni que decir de frases hechas que se han vuelto tan comunes que ya no sorprenden \u201cComp\u00f3rtese como hombrecito\u201d, \u201cEs vieja\u201d, \u201cDetr\u00e1s de cada gran hombre, hay una gran mujer\u201d.<\/p>\n<p>Cabe aclarar que esta entrada no pretende ser una oda al feminismo pero es importante tomar conciencia sobre aquellas diferencias que seguimos dando por normales. A\u00fan m\u00e1s, esta reproducci\u00f3n de estereotipos no ser\u00eda tan da\u00f1ina si las condiciones econ\u00f3micas, pol\u00edticas y sociales tendieran a la equidad de g\u00e9nero. Aunque claro, esto no ha ocurrido y al menos en un futuro cercano, no ocurrir\u00e1. Al menos <strong>hist\u00f3ricamente las mujeres han desempe\u00f1ado un rol de sumisi\u00f3n en la mayor\u00eda de las sociedades<\/strong> donde sus deberes, desde el punto de vista del hombre, se limitaban a educar a los hijos, limpiar la casa, organizar el gasto y tener lista la cena para cuando el marido llegara. Si bien estas percepciones son simplistas, \u00e9stas siguen siendo comunes en la sociedad mexicana a pesar de que ahora muchas mujeres ocupan puestos de poder dentro y fuera del hogar donde los estereotipos y prejuicios siguen siendo todav\u00eda las barreras a vencer. Sin condiciones \u00f3ptimas dentro del hogar, la escuela, la salud, el empleo y la \u00a0seguridad los estereotipos no se quedan \u00fanicamente en un plano superficial; al contrario, s\u00f3lo se siguen reproduciendo, reforzando y por ende, perpetuando.<\/p>\n<p>Veamos:<\/p>\n<ol>\n<li>De acuerdo a\u00a0 la Encuesta Nacional de Ocupaci\u00f3n y Empleo 2010<strong> 42.5% de las mujeres de 14 a\u00f1os y m\u00e1s forman parte de la poblaci\u00f3n econ\u00f3micamente activa<\/strong> (PEA). De las cuales el 96% combina sus actividades\u00a0 realizadas fuera del hogar con quehaceres dom\u00e9sticos. Contrastando fuertemente con la proporci\u00f3n masculina que combina ambas actividades (57.2%).<\/li>\n<li>En los \u00faltimos 30 a\u00f1os, <strong>s\u00f3lo cinco mujeres han gobernado alguna entidad federativa<\/strong> (Colima, Tlaxcala, Yucat\u00e1n \u2013en dos ocasiones\u2013 y Zacatecas), <strong>y una encabez\u00f3 el gobierno del Distrito Federal<\/strong>.<\/li>\n<li>De acuerdo a la Encuesta Nacional de Ocupaci\u00f3n y Empleo (ENOE) del segundo trimestre del 2010, <strong>40 de cada 100 mujeres de 15 a 29 a\u00f1os tienen alg\u00fan grado de la educaci\u00f3n media b\u00e1sica<\/strong>, mientras que 5.6% no cuenta con escolaridad o tiene primaria incompleta. En contraste, 57.6% de las mujeres de 60 a\u00f1os y m\u00e1s no tienen instrucci\u00f3n o no terminaron la primaria.<\/li>\n<li><strong>42.5% de las mujeres de 14 a\u00f1os y m\u00e1s forman parte de la poblaci\u00f3n econ\u00f3micamente activa<\/strong> (PEA). De las cuales el 96% combina sus actividades\u00a0 realizadas fuera del hogar con quehaceres dom\u00e9sticos. Contrastando fuertemente con la proporci\u00f3n masculina que combina ambas actividades (57.2%).<\/li>\n<\/ol>\n<p>Estos n\u00fameros, sumamente b\u00e1sicos, reflejan una realidad innegable en M\u00e9xico.\u00a0 <strong>Las diferencias entre hombres y mujeres no son historia pasada, son reales y latentes<\/strong>. M\u00e1s que se\u00f1alar y acentuar las relaciones desiguales entre ambos g\u00e9neros deben crearse o promoverse aquellos mecanismos que busquen reducir las brechas que por momentos siguen pareciendo insuperables. Debe promoverse una sociedad m\u00e1s incluyente que en lugar de dividir, sume.<\/p>\n<p>&nbsp;<\/p>\n<p>&nbsp;<\/p>\n","protected":false},"excerpt":{"rendered":"<p>En una sociedad machista como la mexicana, la reproducci\u00f3n de estereotipos y prejuicios que tienden a favorecer a los hombres y minimizar a las mujeres es algo sumamente com\u00fan.<\/p>\n","protected":false},"author":2,"featured_media":5779,"comment_status":"open","ping_status":"open","sticky":false,"template":"","format":"standard","meta":{"footnotes":""},"categories":[43,275],"tags":[331,452,451,453],"class_list":["post-5778","post","type-post","status-publish","format-standard","has-post-thumbnail","hentry","category-conciencia","category-derechos-humanos","tag-derechos-humanos-2","tag-discriminacion","tag-machismo","tag-mujeres"],"yoast_head":"<!-- This site is optimized with the Yoast SEO plugin v24.7 - https:\/\/yoast.com\/wordpress\/plugins\/seo\/ -->\n<title>Es vieja &#171; Reconoce MX<\/title>\n<meta name=\"robots\" content=\"index, follow, max-snippet:-1, max-image-preview:large, max-video-preview:-1\" \/>\n<link rel=\"canonical\" href=\"http:\/\/www.reconoce.mx\/?p=5778\" \/>\n<meta property=\"og:locale\" content=\"es_ES\" \/>\n<meta property=\"og:type\" content=\"article\" \/>\n<meta property=\"og:title\" content=\"Es vieja &#171; Reconoce MX\" \/>\n<meta property=\"og:description\" content=\"En una sociedad machista como la mexicana, la reproducci\u00f3n de estereotipos y prejuicios que tienden a favorecer a los hombres y minimizar a las mujeres es algo sumamente com\u00fan.\" \/>\n<meta property=\"og:url\" content=\"http:\/\/www.reconoce.mx\/?p=5778\" \/>\n<meta property=\"og:site_name\" content=\"Reconoce MX\" \/>\n<meta property=\"article:publisher\" content=\"https:\/\/es-la.facebook.com\/ReconoceMX\/\" \/>\n<meta property=\"article:published_time\" content=\"2012-03-04T02:00:57+00:00\" \/>\n<meta property=\"article:modified_time\" content=\"2017-03-08T15:39:10+00:00\" \/>\n<meta property=\"og:image\" content=\"http:\/\/www.reconoce.mx\/wp-content\/uploads\/MH.png\" \/>\n\t<meta property=\"og:image:width\" content=\"649\" \/>\n\t<meta property=\"og:image:height\" content=\"301\" \/>\n\t<meta property=\"og:image:type\" content=\"image\/png\" \/>\n<meta name=\"author\" content=\"Reconoce MX\" \/>\n<meta name=\"twitter:card\" content=\"summary_large_image\" \/>\n<meta name=\"twitter:creator\" content=\"@reconocemx\" \/>\n<meta name=\"twitter:site\" content=\"@reconocemx\" \/>\n<meta name=\"twitter:label1\" content=\"Escrito por\" \/>\n\t<meta name=\"twitter:data1\" content=\"Reconoce MX\" \/>\n\t<meta name=\"twitter:label2\" content=\"Tiempo de lectura\" \/>\n\t<meta name=\"twitter:data2\" content=\"3 minutos\" \/>\n<script type=\"application\/ld+json\" class=\"yoast-schema-graph\">{\"@context\":\"https:\/\/schema.org\",\"@graph\":[{\"@type\":\"Article\",\"@id\":\"http:\/\/www.reconoce.mx\/?p=5778#article\",\"isPartOf\":{\"@id\":\"http:\/\/www.reconoce.mx\/?p=5778\"},\"author\":{\"name\":\"Reconoce MX\",\"@id\":\"http:\/\/www.reconoce.mx\/#\/schema\/person\/2117e997d7051dc15d6880eaf9bca0b2\"},\"headline\":\"Es vieja\",\"datePublished\":\"2012-03-04T02:00:57+00:00\",\"dateModified\":\"2017-03-08T15:39:10+00:00\",\"mainEntityOfPage\":{\"@id\":\"http:\/\/www.reconoce.mx\/?p=5778\"},\"wordCount\":687,\"commentCount\":0,\"publisher\":{\"@id\":\"http:\/\/www.reconoce.mx\/#organization\"},\"image\":{\"@id\":\"http:\/\/www.reconoce.mx\/?p=5778#primaryimage\"},\"thumbnailUrl\":\"http:\/\/www.reconoce.mx\/wp-content\/uploads\/MH.png\",\"keywords\":[\"derechos humanos\",\"discriminaci\u00f3n\",\"Machismo\",\"mujeres\"],\"articleSection\":[\"Conciencia\",\"Derechos Humanos\"],\"inLanguage\":\"es\",\"potentialAction\":[{\"@type\":\"CommentAction\",\"name\":\"Comment\",\"target\":[\"http:\/\/www.reconoce.mx\/?p=5778#respond\"]}]},{\"@type\":\"WebPage\",\"@id\":\"http:\/\/www.reconoce.mx\/?p=5778\",\"url\":\"http:\/\/www.reconoce.mx\/?p=5778\",\"name\":\"Es vieja &#171; Reconoce MX\",\"isPartOf\":{\"@id\":\"http:\/\/www.reconoce.mx\/#website\"},\"primaryImageOfPage\":{\"@id\":\"http:\/\/www.reconoce.mx\/?p=5778#primaryimage\"},\"image\":{\"@id\":\"http:\/\/www.reconoce.mx\/?p=5778#primaryimage\"},\"thumbnailUrl\":\"http:\/\/www.reconoce.mx\/wp-content\/uploads\/MH.png\",\"datePublished\":\"2012-03-04T02:00:57+00:00\",\"dateModified\":\"2017-03-08T15:39:10+00:00\",\"breadcrumb\":{\"@id\":\"http:\/\/www.reconoce.mx\/?p=5778#breadcrumb\"},\"inLanguage\":\"es\",\"potentialAction\":[{\"@type\":\"ReadAction\",\"target\":[\"http:\/\/www.reconoce.mx\/?p=5778\"]}]},{\"@type\":\"ImageObject\",\"inLanguage\":\"es\",\"@id\":\"http:\/\/www.reconoce.mx\/?p=5778#primaryimage\",\"url\":\"http:\/\/www.reconoce.mx\/wp-content\/uploads\/MH.png\",\"contentUrl\":\"http:\/\/www.reconoce.mx\/wp-content\/uploads\/MH.png\",\"width\":649,\"height\":301,\"caption\":\"Es vieja.\"},{\"@type\":\"BreadcrumbList\",\"@id\":\"http:\/\/www.reconoce.mx\/?p=5778#breadcrumb\",\"itemListElement\":[{\"@type\":\"ListItem\",\"position\":1,\"name\":\"Portada\",\"item\":\"http:\/\/www.reconoce.mx\/\"},{\"@type\":\"ListItem\",\"position\":2,\"name\":\"Es vieja\"}]},{\"@type\":\"WebSite\",\"@id\":\"http:\/\/www.reconoce.mx\/#website\",\"url\":\"http:\/\/www.reconoce.mx\/\",\"name\":\"Reconoce MX\",\"description\":\"En Reconoce MX difundimos arte, cultura y conciencia social en M\u00e9xico. Tu ciudad en otra perspectiva.\",\"publisher\":{\"@id\":\"http:\/\/www.reconoce.mx\/#organization\"},\"potentialAction\":[{\"@type\":\"SearchAction\",\"target\":{\"@type\":\"EntryPoint\",\"urlTemplate\":\"http:\/\/www.reconoce.mx\/?s={search_term_string}\"},\"query-input\":{\"@type\":\"PropertyValueSpecification\",\"valueRequired\":true,\"valueName\":\"search_term_string\"}}],\"inLanguage\":\"es\"},{\"@type\":\"Organization\",\"@id\":\"http:\/\/www.reconoce.mx\/#organization\",\"name\":\"Reconoce MX\",\"url\":\"http:\/\/www.reconoce.mx\/\",\"logo\":{\"@type\":\"ImageObject\",\"inLanguage\":\"es\",\"@id\":\"http:\/\/www.reconoce.mx\/#\/schema\/logo\/image\/\",\"url\":\"https:\/\/www.reconoce.mx\/wp-content\/uploads\/2019\/03\/logorcmx-good-1.png\",\"contentUrl\":\"https:\/\/www.reconoce.mx\/wp-content\/uploads\/2019\/03\/logorcmx-good-1.png\",\"width\":280,\"height\":90,\"caption\":\"Reconoce MX\"},\"image\":{\"@id\":\"http:\/\/www.reconoce.mx\/#\/schema\/logo\/image\/\"},\"sameAs\":[\"https:\/\/es-la.facebook.com\/ReconoceMX\/\",\"https:\/\/x.com\/reconocemx\",\"http:\/\/@reconocemx\"]},{\"@type\":\"Person\",\"@id\":\"http:\/\/www.reconoce.mx\/#\/schema\/person\/2117e997d7051dc15d6880eaf9bca0b2\",\"name\":\"Reconoce MX\",\"image\":{\"@type\":\"ImageObject\",\"inLanguage\":\"es\",\"@id\":\"http:\/\/www.reconoce.mx\/#\/schema\/person\/image\/\",\"url\":\"https:\/\/secure.gravatar.com\/avatar\/6c8d4dc7569ca1c90c5fdcc349f839d5ddef6fe1e70b4337ead2ef1a4c43fc3a?s=96&d=identicon&r=g\",\"contentUrl\":\"https:\/\/secure.gravatar.com\/avatar\/6c8d4dc7569ca1c90c5fdcc349f839d5ddef6fe1e70b4337ead2ef1a4c43fc3a?s=96&d=identicon&r=g\",\"caption\":\"Reconoce MX\"},\"description\":\"Reconoce MX es un proyecto de difusi\u00f3n art\u00edstica, cultural y de conciencia social que est\u00e1 enfocado a difundir y fomentar el entretenimiento alternativo de calidad para todo el p\u00fablico que comparta el mismo entusiasmo.\",\"sameAs\":[\"http:\/\/www.reconoce.mx\"],\"url\":\"http:\/\/www.reconoce.mx\/?author=2\"}]}<\/script>\n<!-- \/ Yoast SEO plugin. -->","yoast_head_json":{"title":"Es vieja &#171; Reconoce MX","robots":{"index":"index","follow":"follow","max-snippet":"max-snippet:-1","max-image-preview":"max-image-preview:large","max-video-preview":"max-video-preview:-1"},"canonical":"http:\/\/www.reconoce.mx\/?p=5778","og_locale":"es_ES","og_type":"article","og_title":"Es vieja &#171; Reconoce MX","og_description":"En una sociedad machista como la mexicana, la reproducci\u00f3n de estereotipos y prejuicios que tienden a favorecer a los hombres y minimizar a las mujeres es algo sumamente com\u00fan.","og_url":"http:\/\/www.reconoce.mx\/?p=5778","og_site_name":"Reconoce MX","article_publisher":"https:\/\/es-la.facebook.com\/ReconoceMX\/","article_published_time":"2012-03-04T02:00:57+00:00","article_modified_time":"2017-03-08T15:39:10+00:00","og_image":[{"width":649,"height":301,"url":"http:\/\/www.reconoce.mx\/wp-content\/uploads\/MH.png","type":"image\/png"}],"author":"Reconoce MX","twitter_card":"summary_large_image","twitter_creator":"@reconocemx","twitter_site":"@reconocemx","twitter_misc":{"Escrito por":"Reconoce MX","Tiempo de lectura":"3 minutos"},"schema":{"@context":"https:\/\/schema.org","@graph":[{"@type":"Article","@id":"http:\/\/www.reconoce.mx\/?p=5778#article","isPartOf":{"@id":"http:\/\/www.reconoce.mx\/?p=5778"},"author":{"name":"Reconoce MX","@id":"http:\/\/www.reconoce.mx\/#\/schema\/person\/2117e997d7051dc15d6880eaf9bca0b2"},"headline":"Es vieja","datePublished":"2012-03-04T02:00:57+00:00","dateModified":"2017-03-08T15:39:10+00:00","mainEntityOfPage":{"@id":"http:\/\/www.reconoce.mx\/?p=5778"},"wordCount":687,"commentCount":0,"publisher":{"@id":"http:\/\/www.reconoce.mx\/#organization"},"image":{"@id":"http:\/\/www.reconoce.mx\/?p=5778#primaryimage"},"thumbnailUrl":"http:\/\/www.reconoce.mx\/wp-content\/uploads\/MH.png","keywords":["derechos humanos","discriminaci\u00f3n","Machismo","mujeres"],"articleSection":["Conciencia","Derechos Humanos"],"inLanguage":"es","potentialAction":[{"@type":"CommentAction","name":"Comment","target":["http:\/\/www.reconoce.mx\/?p=5778#respond"]}]},{"@type":"WebPage","@id":"http:\/\/www.reconoce.mx\/?p=5778","url":"http:\/\/www.reconoce.mx\/?p=5778","name":"Es vieja &#171; Reconoce MX","isPartOf":{"@id":"http:\/\/www.reconoce.mx\/#website"},"primaryImageOfPage":{"@id":"http:\/\/www.reconoce.mx\/?p=5778#primaryimage"},"image":{"@id":"http:\/\/www.reconoce.mx\/?p=5778#primaryimage"},"thumbnailUrl":"http:\/\/www.reconoce.mx\/wp-content\/uploads\/MH.png","datePublished":"2012-03-04T02:00:57+00:00","dateModified":"2017-03-08T15:39:10+00:00","breadcrumb":{"@id":"http:\/\/www.reconoce.mx\/?p=5778#breadcrumb"},"inLanguage":"es","potentialAction":[{"@type":"ReadAction","target":["http:\/\/www.reconoce.mx\/?p=5778"]}]},{"@type":"ImageObject","inLanguage":"es","@id":"http:\/\/www.reconoce.mx\/?p=5778#primaryimage","url":"http:\/\/www.reconoce.mx\/wp-content\/uploads\/MH.png","contentUrl":"http:\/\/www.reconoce.mx\/wp-content\/uploads\/MH.png","width":649,"height":301,"caption":"Es vieja."},{"@type":"BreadcrumbList","@id":"http:\/\/www.reconoce.mx\/?p=5778#breadcrumb","itemListElement":[{"@type":"ListItem","position":1,"name":"Portada","item":"http:\/\/www.reconoce.mx\/"},{"@type":"ListItem","position":2,"name":"Es vieja"}]},{"@type":"WebSite","@id":"http:\/\/www.reconoce.mx\/#website","url":"http:\/\/www.reconoce.mx\/","name":"Reconoce MX","description":"En Reconoce MX difundimos arte, cultura y conciencia social en M\u00e9xico. Tu ciudad en otra perspectiva.","publisher":{"@id":"http:\/\/www.reconoce.mx\/#organization"},"potentialAction":[{"@type":"SearchAction","target":{"@type":"EntryPoint","urlTemplate":"http:\/\/www.reconoce.mx\/?s={search_term_string}"},"query-input":{"@type":"PropertyValueSpecification","valueRequired":true,"valueName":"search_term_string"}}],"inLanguage":"es"},{"@type":"Organization","@id":"http:\/\/www.reconoce.mx\/#organization","name":"Reconoce MX","url":"http:\/\/www.reconoce.mx\/","logo":{"@type":"ImageObject","inLanguage":"es","@id":"http:\/\/www.reconoce.mx\/#\/schema\/logo\/image\/","url":"https:\/\/www.reconoce.mx\/wp-content\/uploads\/2019\/03\/logorcmx-good-1.png","contentUrl":"https:\/\/www.reconoce.mx\/wp-content\/uploads\/2019\/03\/logorcmx-good-1.png","width":280,"height":90,"caption":"Reconoce MX"},"image":{"@id":"http:\/\/www.reconoce.mx\/#\/schema\/logo\/image\/"},"sameAs":["https:\/\/es-la.facebook.com\/ReconoceMX\/","https:\/\/x.com\/reconocemx","http:\/\/@reconocemx"]},{"@type":"Person","@id":"http:\/\/www.reconoce.mx\/#\/schema\/person\/2117e997d7051dc15d6880eaf9bca0b2","name":"Reconoce MX","image":{"@type":"ImageObject","inLanguage":"es","@id":"http:\/\/www.reconoce.mx\/#\/schema\/person\/image\/","url":"https:\/\/secure.gravatar.com\/avatar\/6c8d4dc7569ca1c90c5fdcc349f839d5ddef6fe1e70b4337ead2ef1a4c43fc3a?s=96&d=identicon&r=g","contentUrl":"https:\/\/secure.gravatar.com\/avatar\/6c8d4dc7569ca1c90c5fdcc349f839d5ddef6fe1e70b4337ead2ef1a4c43fc3a?s=96&d=identicon&r=g","caption":"Reconoce MX"},"description":"Reconoce MX es un proyecto de difusi\u00f3n art\u00edstica, cultural y de conciencia social que est\u00e1 enfocado a difundir y fomentar el entretenimiento alternativo de calidad para todo el p\u00fablico que comparta el mismo entusiasmo.","sameAs":["http:\/\/www.reconoce.mx"],"url":"http:\/\/www.reconoce.mx\/?author=2"}]}},"_links":{"self":[{"href":"http:\/\/www.reconoce.mx\/index.php?rest_route=\/wp\/v2\/posts\/5778","targetHints":{"allow":["GET"]}}],"collection":[{"href":"http:\/\/www.reconoce.mx\/index.php?rest_route=\/wp\/v2\/posts"}],"about":[{"href":"http:\/\/www.reconoce.mx\/index.php?rest_route=\/wp\/v2\/types\/post"}],"author":[{"embeddable":true,"href":"http:\/\/www.reconoce.mx\/index.php?rest_route=\/wp\/v2\/users\/2"}],"replies":[{"embeddable":true,"href":"http:\/\/www.reconoce.mx\/index.php?rest_route=%2Fwp%2Fv2%2Fcomments&post=5778"}],"version-history":[{"count":10,"href":"http:\/\/www.reconoce.mx\/index.php?rest_route=\/wp\/v2\/posts\/5778\/revisions"}],"predecessor-version":[{"id":58814,"href":"http:\/\/www.reconoce.mx\/index.php?rest_route=\/wp\/v2\/posts\/5778\/revisions\/58814"}],"wp:featuredmedia":[{"embeddable":true,"href":"http:\/\/www.reconoce.mx\/index.php?rest_route=\/wp\/v2\/media\/5779"}],"wp:attachment":[{"href":"http:\/\/www.reconoce.mx\/index.php?rest_route=%2Fwp%2Fv2%2Fmedia&parent=5778"}],"wp:term":[{"taxonomy":"category","embeddable":true,"href":"http:\/\/www.reconoce.mx\/index.php?rest_route=%2Fwp%2Fv2%2Fcategories&post=5778"},{"taxonomy":"post_tag","embeddable":true,"href":"http:\/\/www.reconoce.mx\/index.php?rest_route=%2Fwp%2Fv2%2Ftags&post=5778"}],"curies":[{"name":"wp","href":"https:\/\/api.w.org\/{rel}","templated":true}]}}