{"id":57815,"date":"2017-02-17T00:02:40","date_gmt":"2017-02-17T06:02:40","guid":{"rendered":"http:\/\/www.reconoce.mx\/?p=57815"},"modified":"2017-02-16T22:58:15","modified_gmt":"2017-02-17T04:58:15","slug":"lunario-cartelera-del-17-al-23-de-febrero","status":"publish","type":"post","link":"http:\/\/www.reconoce.mx\/?p=57815","title":{"rendered":"Lunario: Cartelera del 17 al 23 de febrero"},"content":{"rendered":"<p><strong>Por <a title=\"@AsfaltosTweets\" href=\"http:\/\/twitter.com\/AsfaltosTweets\" target=\"_blank\">Asfaltos<\/a><\/strong>.<\/p>\n<p>Al caer la noche, en una ubicaci\u00f3n inmejorable como es Paseo de la Reforma, en el coraz\u00f3n del Bosque de Chapultepec, el foro alternativo del <strong>Auditorio Nacional<\/strong>, el <strong>Lunario<\/strong>, se convierte en un espacio \u00edntimo y confortable donde innumerables artistas, grupos, solistas, ensambles y compa\u00f1\u00edas de prestigio nacional e internacional, deleitan a los muy diversos p\u00fablicos que se permiten disfrutar de sus noches.<\/p>\n<p>Disfruta de la variopinta cartelera del <strong>Lunario del Auditorio Nacional<\/strong>, un sitio donde lo sentidos son atendidos sin reserva y s\u00ed con mucha calidez.<\/p>\n<h1><em>Cabaret Lunario<\/em> presenta Dulce<\/h1>\n<p>\/\/ febrero 17; viernes; 22:30h<br \/>\n\/\/ precios: de $500.00 a $1,850.00<\/p>\n<p><a href=\"http:\/\/www.reconoce.mx\/wp-content\/uploads\/2017\/02\/15941482_1543502205678124_8405179820405512291_n.jpg\"><img loading=\"lazy\" decoding=\"async\" class=\"aligncenter size-full wp-image-57818\" src=\"http:\/\/www.reconoce.mx\/wp-content\/uploads\/2017\/02\/15941482_1543502205678124_8405179820405512291_n.jpg\" alt=\"\" width=\"742\" height=\"960\" srcset=\"http:\/\/www.reconoce.mx\/wp-content\/uploads\/2017\/02\/15941482_1543502205678124_8405179820405512291_n.jpg 742w, http:\/\/www.reconoce.mx\/wp-content\/uploads\/2017\/02\/15941482_1543502205678124_8405179820405512291_n-232x300.jpg 232w, http:\/\/www.reconoce.mx\/wp-content\/uploads\/2017\/02\/15941482_1543502205678124_8405179820405512291_n-150x194.jpg 150w, http:\/\/www.reconoce.mx\/wp-content\/uploads\/2017\/02\/15941482_1543502205678124_8405179820405512291_n-700x906.jpg 700w, http:\/\/www.reconoce.mx\/wp-content\/uploads\/2017\/02\/15941482_1543502205678124_8405179820405512291_n-658x851.jpg 658w, http:\/\/www.reconoce.mx\/wp-content\/uploads\/2017\/02\/15941482_1543502205678124_8405179820405512291_n-300x388.jpg 300w\" sizes=\"auto, (max-width: 742px) 100vw, 742px\" \/><\/a><\/p>\n<p><strong>Cabaret Lunario<\/strong>, un nuevo concepto de la noche, presentar\u00e1 a <strong>Dulce<\/strong>, una de las baladistas m\u00e1s representativas del g\u00e9nero, en su regreso a los escenarios. En su pr\u00f3ximo concierto en este foro, la cantante mexicana interpretar\u00e1 sus m\u00e1s grandes \u00e9xitos como: \u00abD\u00e9jame volver contigo\u00bb, \u00abLobo\u00bb, \u00abTu mu\u00f1eca\u00bb, \u00abSe\u00f1or Amor y Hielo\u00bb. <strong>Dulce<\/strong> inici\u00f3 su carrera en la d\u00e9cada de los 70, y a la fecha ha realizado alrededor de 19 producciones, algunas de ellas en colaboraci\u00f3n con otros artistas, como fue el caso de \u00abGrandiosas en vivo\u00bb, en 2015, durante una serie de conciertos al lado de <strong>Mar\u00eda Conchita Alonso<\/strong>, <strong>Roc\u00edo Banquells<\/strong> y <strong>Karina<\/strong>.<\/p>\n<h1><em>Cabaret Lunario<\/em> presenta Jorge Mu\u00f1iz<\/h1>\n<p>\/\/ febrero 18; s\u00e1bado; 22:30h<br \/>\n\/\/ precios: de $500.00 a $1,650.00<\/p>\n<p><a href=\"http:\/\/www.reconoce.mx\/wp-content\/uploads\/2017\/02\/Marco-Antonio-y-Jorge-Mu\u00f1iz-Agosto-7-2009-08.jpg\"><img loading=\"lazy\" decoding=\"async\" class=\"aligncenter size-full wp-image-57819\" src=\"http:\/\/www.reconoce.mx\/wp-content\/uploads\/2017\/02\/Marco-Antonio-y-Jorge-Mu\u00f1iz-Agosto-7-2009-08.jpg\" alt=\"\" width=\"1600\" height=\"1065\" srcset=\"http:\/\/www.reconoce.mx\/wp-content\/uploads\/2017\/02\/Marco-Antonio-y-Jorge-Mu\u00f1iz-Agosto-7-2009-08.jpg 1600w, http:\/\/www.reconoce.mx\/wp-content\/uploads\/2017\/02\/Marco-Antonio-y-Jorge-Mu\u00f1iz-Agosto-7-2009-08-300x200.jpg 300w, http:\/\/www.reconoce.mx\/wp-content\/uploads\/2017\/02\/Marco-Antonio-y-Jorge-Mu\u00f1iz-Agosto-7-2009-08-768x511.jpg 768w, http:\/\/www.reconoce.mx\/wp-content\/uploads\/2017\/02\/Marco-Antonio-y-Jorge-Mu\u00f1iz-Agosto-7-2009-08-1024x682.jpg 1024w, http:\/\/www.reconoce.mx\/wp-content\/uploads\/2017\/02\/Marco-Antonio-y-Jorge-Mu\u00f1iz-Agosto-7-2009-08-150x100.jpg 150w, http:\/\/www.reconoce.mx\/wp-content\/uploads\/2017\/02\/Marco-Antonio-y-Jorge-Mu\u00f1iz-Agosto-7-2009-08-700x466.jpg 700w, http:\/\/www.reconoce.mx\/wp-content\/uploads\/2017\/02\/Marco-Antonio-y-Jorge-Mu\u00f1iz-Agosto-7-2009-08-658x438.jpg 658w\" sizes=\"auto, (max-width: 1600px) 100vw, 1600px\" \/><\/a><\/p>\n<p><strong>Jorge Mu\u00f1iz<\/strong> llegar\u00e1 al <strong>Cabaret Lunario<\/strong> para celebrar el d\u00eda del amor y la amistad; ser\u00e1 una noche en la que la bohemia y canciones, desde las baladas hasta cl\u00e1sicos boleros, podr\u00e1n disfrutarse en voz de uno de los mejores showman de M\u00e9xico, quien presentar\u00e1 por primera vez en vivo en la Ciudad de M\u00e9xico su concepto \u00abAzulejos\u00bb. El primer disco en la carrera de \u00abCoque\u00bb Mu\u00f1iz fue \u00abLa otra parte de m\u00ed\u00bb (1985), al que siguieron t\u00edtulos como \u00abCreo en el amor\u00bb (1990), \u00abSerenata\u00bb (2009) y \u00abEl tiempo es oro\u00bb (2015), que realiz\u00f3 con el cantante <strong>Carlos Cuevas<\/strong>, por mencionar algunos. Adem\u00e1s de su carrera como int\u00e9rprete, <strong>Jorge Mu\u00f1iz<\/strong> ha trabajado como conductor, actor y humorista. A finales de 2016 present\u00f3 en el <strong>Auditorio Nacional<\/strong> el espect\u00e1culo \u00abEl tiempo es oro\u00bb al lado de <strong>Carlos Cuevas<\/strong>, <strong>Estela N\u00fa\u00f1ez<\/strong> y <strong>Manoella Torres<\/strong>.<\/p>\n<h1><em>Lunario Ni\u00f1os<\/em> presenta Gaby Vega y Los Nubecinos<\/h1>\n<p>\/\/ febrero 19; domingo; 13:00h<br \/>\n\/\/ precios: preventa $220.00; d\u00eda del evento $280.00<\/p>\n<p><a href=\"http:\/\/www.reconoce.mx\/wp-content\/uploads\/2017\/01\/gaby-vega-nuvecinos-lunario-auditorio-ciudad-mexico-cdmx.jpg\"><img loading=\"lazy\" decoding=\"async\" class=\"aligncenter size-full wp-image-57426\" src=\"http:\/\/www.reconoce.mx\/wp-content\/uploads\/2017\/01\/gaby-vega-nuvecinos-lunario-auditorio-ciudad-mexico-cdmx.jpg\" alt=\"\" width=\"776\" height=\"1200\" srcset=\"http:\/\/www.reconoce.mx\/wp-content\/uploads\/2017\/01\/gaby-vega-nuvecinos-lunario-auditorio-ciudad-mexico-cdmx.jpg 776w, http:\/\/www.reconoce.mx\/wp-content\/uploads\/2017\/01\/gaby-vega-nuvecinos-lunario-auditorio-ciudad-mexico-cdmx-194x300.jpg 194w, http:\/\/www.reconoce.mx\/wp-content\/uploads\/2017\/01\/gaby-vega-nuvecinos-lunario-auditorio-ciudad-mexico-cdmx-768x1188.jpg 768w, http:\/\/www.reconoce.mx\/wp-content\/uploads\/2017\/01\/gaby-vega-nuvecinos-lunario-auditorio-ciudad-mexico-cdmx-662x1024.jpg 662w, http:\/\/www.reconoce.mx\/wp-content\/uploads\/2017\/01\/gaby-vega-nuvecinos-lunario-auditorio-ciudad-mexico-cdmx-150x232.jpg 150w, http:\/\/www.reconoce.mx\/wp-content\/uploads\/2017\/01\/gaby-vega-nuvecinos-lunario-auditorio-ciudad-mexico-cdmx-700x1082.jpg 700w, http:\/\/www.reconoce.mx\/wp-content\/uploads\/2017\/01\/gaby-vega-nuvecinos-lunario-auditorio-ciudad-mexico-cdmx-658x1018.jpg 658w, http:\/\/www.reconoce.mx\/wp-content\/uploads\/2017\/01\/gaby-vega-nuvecinos-lunario-auditorio-ciudad-mexico-cdmx-300x464.jpg 300w\" sizes=\"auto, (max-width: 776px) 100vw, 776px\" \/><\/a><\/p>\n<p><strong>Lunario Ni\u00f1os<\/strong> presenta a la cantante mexicana <strong>Gaby Vega<\/strong>, acompa\u00f1ada por m\u00fasicos en vivo, quien interpretar\u00e1 divertidas canciones que hablan de forma original sobre los valores, situaciones cotidianas y diversos personajes, por ejemplo c\u00f3mo comenzar el d\u00eda con \u00abKarli despierta\u00bb. Por 20 a\u00f1os <strong>Gabriela Vega<\/strong> se ha dedicado al doblaje de canciones para comerciales y pel\u00edculas, entre ellas est\u00e1n \u00abLa gallina pintadita\u00bb, \u00abTrepsi El Payaso\u00bb y \u00abEl mundo Karli\u00bb. En el cine particip\u00f3 en la pel\u00edcula \u00abEl extra\u00f1o mundo de Jack\u00bb (Henry Selick, 1993) en el papel de Sally. Tambi\u00e9n ha trabajado como corista de artistas como <strong>Aleks Syntek<\/strong>, <strong>Julieta Venegas<\/strong> y <strong>Pepe Aguilar<\/strong>.<\/p>\n<h1>Gorka <em>En mis zapatos<\/em><\/h1>\n<p>\/\/ febrero 23; jueves; 21:00h<br \/>\n\/\/ precios: de $600.00 a $800.00<\/p>\n<p><a href=\"http:\/\/www.reconoce.mx\/wp-content\/uploads\/2017\/02\/16507968_1156631264448174_3056203175979129043_n.jpg\"><img loading=\"lazy\" decoding=\"async\" class=\"aligncenter size-full wp-image-57820\" src=\"http:\/\/www.reconoce.mx\/wp-content\/uploads\/2017\/02\/16507968_1156631264448174_3056203175979129043_n.jpg\" alt=\"\" width=\"640\" height=\"415\" srcset=\"http:\/\/www.reconoce.mx\/wp-content\/uploads\/2017\/02\/16507968_1156631264448174_3056203175979129043_n.jpg 640w, http:\/\/www.reconoce.mx\/wp-content\/uploads\/2017\/02\/16507968_1156631264448174_3056203175979129043_n-300x195.jpg 300w, http:\/\/www.reconoce.mx\/wp-content\/uploads\/2017\/02\/16507968_1156631264448174_3056203175979129043_n-150x97.jpg 150w\" sizes=\"auto, (max-width: 640px) 100vw, 640px\" \/><\/a><\/p>\n<p>En una nueva presentaci\u00f3n de su espect\u00e1culo \u00abEn mis zapatos\u00bb, el cantante <strong>Manuel Gorka<\/strong> continur\u00e1 homenajeando a grandes int\u00e9rpretes de la balada de los 70 y 80, como <strong>Jos\u00e9 Jos\u00e9<\/strong>, <strong>Raphael<\/strong> y <strong>Julio Iglesias<\/strong>. En su concierto de septiembre pasado en el <strong>Lunario<\/strong>, con el que dio inicio a su gira nacional, <strong>Gorka<\/strong> estuvo acompa\u00f1ado por cuatro m\u00fasicos y dos coros, bajo la direcci\u00f3n del maestro <strong>Emmanuel Gardu\u00f1o<\/strong>, y tuvo como invitados especiales a <strong>Fernanda Meade<\/strong> (integrante de <strong>Pandora<\/strong>) y el grupo <strong>Los Savi\u00f1on<\/strong>. En complemento con su faceta de cantante, en la que ha interpretado g\u00e9neros como \u00f3pera, ranchero, zarzuela y balada, <strong>Gorka<\/strong> ha formado parte de obras musicales, como \u00abCats\u00bb y \u00abEl violinista en el tejado\u00bb.<\/p>\n<p>Boletos a la venta en taquilla y a trav\u00e9s del <a href=\"http:\/\/www.ticketmaster.com.mx\/Lunario-Del-Auditorio-Nacional-boletos-Mexico\/venue\/164051\" target=\"_blank\">Sistema Ticketmaster<\/a>. <strong>Lunario<\/strong> se encuentra ubicado en Paseo de la Reforma #50, Polanco V Secc, Miguel Hidalgo, Ciudad de M\u00e9xico.<\/p>\n<p>&nbsp;<\/p>\n<p>&nbsp;<\/p>\n","protected":false},"excerpt":{"rendered":"<p>Disfruta de la variopinta cartelera del Lunario del Auditorio Nacional, un sitio donde lo sentidos son atendidos sin reserva y s\u00ed con mucha calidez.<\/p>\n","protected":false},"author":2,"featured_media":53154,"comment_status":"open","ping_status":"open","sticky":false,"template":"","format":"standard","meta":{"footnotes":""},"categories":[1,18,17],"tags":[],"class_list":["post-57815","post","type-post","status-publish","format-standard","has-post-thumbnail","hentry","category-cultura","category-musica","category-principal"],"yoast_head":"<!-- This site is optimized with the Yoast SEO plugin v24.7 - https:\/\/yoast.com\/wordpress\/plugins\/seo\/ -->\n<title>Lunario: Cartelera del 17 al 23 de febrero &#171; Reconoce MX<\/title>\n<meta name=\"robots\" content=\"index, follow, max-snippet:-1, max-image-preview:large, max-video-preview:-1\" \/>\n<link rel=\"canonical\" href=\"http:\/\/www.reconoce.mx\/?p=57815\" \/>\n<meta property=\"og:locale\" content=\"es_ES\" \/>\n<meta property=\"og:type\" content=\"article\" \/>\n<meta property=\"og:title\" content=\"Lunario: Cartelera del 17 al 23 de febrero &#171; Reconoce MX\" \/>\n<meta property=\"og:description\" content=\"Disfruta de la variopinta cartelera del Lunario del Auditorio Nacional, un sitio donde lo sentidos son atendidos sin reserva y s\u00ed con mucha calidez.\" \/>\n<meta property=\"og:url\" content=\"http:\/\/www.reconoce.mx\/?p=57815\" \/>\n<meta property=\"og:site_name\" content=\"Reconoce MX\" \/>\n<meta property=\"article:publisher\" content=\"https:\/\/es-la.facebook.com\/ReconoceMX\/\" \/>\n<meta property=\"article:published_time\" content=\"2017-02-17T06:02:40+00:00\" \/>\n<meta property=\"og:image\" content=\"http:\/\/www.reconoce.mx\/wp-content\/uploads\/2016\/10\/lunario.cover2_.png\" \/>\n\t<meta property=\"og:image:width\" content=\"590\" \/>\n\t<meta property=\"og:image:height\" content=\"380\" \/>\n\t<meta property=\"og:image:type\" content=\"image\/png\" \/>\n<meta name=\"author\" content=\"Reconoce MX\" \/>\n<meta name=\"twitter:card\" content=\"summary_large_image\" \/>\n<meta name=\"twitter:creator\" content=\"@reconocemx\" \/>\n<meta name=\"twitter:site\" content=\"@reconocemx\" \/>\n<meta name=\"twitter:label1\" content=\"Escrito por\" \/>\n\t<meta name=\"twitter:data1\" content=\"Reconoce MX\" \/>\n\t<meta name=\"twitter:label2\" content=\"Tiempo de lectura\" \/>\n\t<meta name=\"twitter:data2\" content=\"3 minutos\" \/>\n<script type=\"application\/ld+json\" class=\"yoast-schema-graph\">{\"@context\":\"https:\/\/schema.org\",\"@graph\":[{\"@type\":\"Article\",\"@id\":\"http:\/\/www.reconoce.mx\/?p=57815#article\",\"isPartOf\":{\"@id\":\"http:\/\/www.reconoce.mx\/?p=57815\"},\"author\":{\"name\":\"Reconoce MX\",\"@id\":\"http:\/\/www.reconoce.mx\/#\/schema\/person\/2117e997d7051dc15d6880eaf9bca0b2\"},\"headline\":\"Lunario: Cartelera del 17 al 23 de febrero\",\"datePublished\":\"2017-02-17T06:02:40+00:00\",\"mainEntityOfPage\":{\"@id\":\"http:\/\/www.reconoce.mx\/?p=57815\"},\"wordCount\":683,\"commentCount\":0,\"publisher\":{\"@id\":\"http:\/\/www.reconoce.mx\/#organization\"},\"image\":{\"@id\":\"http:\/\/www.reconoce.mx\/?p=57815#primaryimage\"},\"thumbnailUrl\":\"http:\/\/www.reconoce.mx\/wp-content\/uploads\/2016\/10\/lunario.cover2_.png\",\"articleSection\":[\"Cultura\",\"M\u00fasica\",\"Principal\"],\"inLanguage\":\"es\",\"potentialAction\":[{\"@type\":\"CommentAction\",\"name\":\"Comment\",\"target\":[\"http:\/\/www.reconoce.mx\/?p=57815#respond\"]}]},{\"@type\":\"WebPage\",\"@id\":\"http:\/\/www.reconoce.mx\/?p=57815\",\"url\":\"http:\/\/www.reconoce.mx\/?p=57815\",\"name\":\"Lunario: Cartelera del 17 al 23 de febrero &#171; Reconoce MX\",\"isPartOf\":{\"@id\":\"http:\/\/www.reconoce.mx\/#website\"},\"primaryImageOfPage\":{\"@id\":\"http:\/\/www.reconoce.mx\/?p=57815#primaryimage\"},\"image\":{\"@id\":\"http:\/\/www.reconoce.mx\/?p=57815#primaryimage\"},\"thumbnailUrl\":\"http:\/\/www.reconoce.mx\/wp-content\/uploads\/2016\/10\/lunario.cover2_.png\",\"datePublished\":\"2017-02-17T06:02:40+00:00\",\"breadcrumb\":{\"@id\":\"http:\/\/www.reconoce.mx\/?p=57815#breadcrumb\"},\"inLanguage\":\"es\",\"potentialAction\":[{\"@type\":\"ReadAction\",\"target\":[\"http:\/\/www.reconoce.mx\/?p=57815\"]}]},{\"@type\":\"ImageObject\",\"inLanguage\":\"es\",\"@id\":\"http:\/\/www.reconoce.mx\/?p=57815#primaryimage\",\"url\":\"http:\/\/www.reconoce.mx\/wp-content\/uploads\/2016\/10\/lunario.cover2_.png\",\"contentUrl\":\"http:\/\/www.reconoce.mx\/wp-content\/uploads\/2016\/10\/lunario.cover2_.png\",\"width\":590,\"height\":380},{\"@type\":\"BreadcrumbList\",\"@id\":\"http:\/\/www.reconoce.mx\/?p=57815#breadcrumb\",\"itemListElement\":[{\"@type\":\"ListItem\",\"position\":1,\"name\":\"Portada\",\"item\":\"http:\/\/www.reconoce.mx\/\"},{\"@type\":\"ListItem\",\"position\":2,\"name\":\"Lunario: Cartelera del 17 al 23 de febrero\"}]},{\"@type\":\"WebSite\",\"@id\":\"http:\/\/www.reconoce.mx\/#website\",\"url\":\"http:\/\/www.reconoce.mx\/\",\"name\":\"Reconoce MX\",\"description\":\"En Reconoce MX difundimos arte, cultura y conciencia social en M\u00e9xico. Tu ciudad en otra perspectiva.\",\"publisher\":{\"@id\":\"http:\/\/www.reconoce.mx\/#organization\"},\"potentialAction\":[{\"@type\":\"SearchAction\",\"target\":{\"@type\":\"EntryPoint\",\"urlTemplate\":\"http:\/\/www.reconoce.mx\/?s={search_term_string}\"},\"query-input\":{\"@type\":\"PropertyValueSpecification\",\"valueRequired\":true,\"valueName\":\"search_term_string\"}}],\"inLanguage\":\"es\"},{\"@type\":\"Organization\",\"@id\":\"http:\/\/www.reconoce.mx\/#organization\",\"name\":\"Reconoce MX\",\"url\":\"http:\/\/www.reconoce.mx\/\",\"logo\":{\"@type\":\"ImageObject\",\"inLanguage\":\"es\",\"@id\":\"http:\/\/www.reconoce.mx\/#\/schema\/logo\/image\/\",\"url\":\"https:\/\/www.reconoce.mx\/wp-content\/uploads\/2019\/03\/logorcmx-good-1.png\",\"contentUrl\":\"https:\/\/www.reconoce.mx\/wp-content\/uploads\/2019\/03\/logorcmx-good-1.png\",\"width\":280,\"height\":90,\"caption\":\"Reconoce MX\"},\"image\":{\"@id\":\"http:\/\/www.reconoce.mx\/#\/schema\/logo\/image\/\"},\"sameAs\":[\"https:\/\/es-la.facebook.com\/ReconoceMX\/\",\"https:\/\/x.com\/reconocemx\",\"http:\/\/@reconocemx\"]},{\"@type\":\"Person\",\"@id\":\"http:\/\/www.reconoce.mx\/#\/schema\/person\/2117e997d7051dc15d6880eaf9bca0b2\",\"name\":\"Reconoce MX\",\"image\":{\"@type\":\"ImageObject\",\"inLanguage\":\"es\",\"@id\":\"http:\/\/www.reconoce.mx\/#\/schema\/person\/image\/\",\"url\":\"https:\/\/secure.gravatar.com\/avatar\/6c8d4dc7569ca1c90c5fdcc349f839d5ddef6fe1e70b4337ead2ef1a4c43fc3a?s=96&d=identicon&r=g\",\"contentUrl\":\"https:\/\/secure.gravatar.com\/avatar\/6c8d4dc7569ca1c90c5fdcc349f839d5ddef6fe1e70b4337ead2ef1a4c43fc3a?s=96&d=identicon&r=g\",\"caption\":\"Reconoce MX\"},\"description\":\"Reconoce MX es un proyecto de difusi\u00f3n art\u00edstica, cultural y de conciencia social que est\u00e1 enfocado a difundir y fomentar el entretenimiento alternativo de calidad para todo el p\u00fablico que comparta el mismo entusiasmo.\",\"sameAs\":[\"http:\/\/www.reconoce.mx\"],\"url\":\"http:\/\/www.reconoce.mx\/?author=2\"}]}<\/script>\n<!-- \/ Yoast SEO plugin. -->","yoast_head_json":{"title":"Lunario: Cartelera del 17 al 23 de febrero &#171; Reconoce MX","robots":{"index":"index","follow":"follow","max-snippet":"max-snippet:-1","max-image-preview":"max-image-preview:large","max-video-preview":"max-video-preview:-1"},"canonical":"http:\/\/www.reconoce.mx\/?p=57815","og_locale":"es_ES","og_type":"article","og_title":"Lunario: Cartelera del 17 al 23 de febrero &#171; Reconoce MX","og_description":"Disfruta de la variopinta cartelera del Lunario del Auditorio Nacional, un sitio donde lo sentidos son atendidos sin reserva y s\u00ed con mucha calidez.","og_url":"http:\/\/www.reconoce.mx\/?p=57815","og_site_name":"Reconoce MX","article_publisher":"https:\/\/es-la.facebook.com\/ReconoceMX\/","article_published_time":"2017-02-17T06:02:40+00:00","og_image":[{"width":590,"height":380,"url":"http:\/\/www.reconoce.mx\/wp-content\/uploads\/2016\/10\/lunario.cover2_.png","type":"image\/png"}],"author":"Reconoce MX","twitter_card":"summary_large_image","twitter_creator":"@reconocemx","twitter_site":"@reconocemx","twitter_misc":{"Escrito por":"Reconoce MX","Tiempo de lectura":"3 minutos"},"schema":{"@context":"https:\/\/schema.org","@graph":[{"@type":"Article","@id":"http:\/\/www.reconoce.mx\/?p=57815#article","isPartOf":{"@id":"http:\/\/www.reconoce.mx\/?p=57815"},"author":{"name":"Reconoce MX","@id":"http:\/\/www.reconoce.mx\/#\/schema\/person\/2117e997d7051dc15d6880eaf9bca0b2"},"headline":"Lunario: Cartelera del 17 al 23 de febrero","datePublished":"2017-02-17T06:02:40+00:00","mainEntityOfPage":{"@id":"http:\/\/www.reconoce.mx\/?p=57815"},"wordCount":683,"commentCount":0,"publisher":{"@id":"http:\/\/www.reconoce.mx\/#organization"},"image":{"@id":"http:\/\/www.reconoce.mx\/?p=57815#primaryimage"},"thumbnailUrl":"http:\/\/www.reconoce.mx\/wp-content\/uploads\/2016\/10\/lunario.cover2_.png","articleSection":["Cultura","M\u00fasica","Principal"],"inLanguage":"es","potentialAction":[{"@type":"CommentAction","name":"Comment","target":["http:\/\/www.reconoce.mx\/?p=57815#respond"]}]},{"@type":"WebPage","@id":"http:\/\/www.reconoce.mx\/?p=57815","url":"http:\/\/www.reconoce.mx\/?p=57815","name":"Lunario: Cartelera del 17 al 23 de febrero &#171; Reconoce MX","isPartOf":{"@id":"http:\/\/www.reconoce.mx\/#website"},"primaryImageOfPage":{"@id":"http:\/\/www.reconoce.mx\/?p=57815#primaryimage"},"image":{"@id":"http:\/\/www.reconoce.mx\/?p=57815#primaryimage"},"thumbnailUrl":"http:\/\/www.reconoce.mx\/wp-content\/uploads\/2016\/10\/lunario.cover2_.png","datePublished":"2017-02-17T06:02:40+00:00","breadcrumb":{"@id":"http:\/\/www.reconoce.mx\/?p=57815#breadcrumb"},"inLanguage":"es","potentialAction":[{"@type":"ReadAction","target":["http:\/\/www.reconoce.mx\/?p=57815"]}]},{"@type":"ImageObject","inLanguage":"es","@id":"http:\/\/www.reconoce.mx\/?p=57815#primaryimage","url":"http:\/\/www.reconoce.mx\/wp-content\/uploads\/2016\/10\/lunario.cover2_.png","contentUrl":"http:\/\/www.reconoce.mx\/wp-content\/uploads\/2016\/10\/lunario.cover2_.png","width":590,"height":380},{"@type":"BreadcrumbList","@id":"http:\/\/www.reconoce.mx\/?p=57815#breadcrumb","itemListElement":[{"@type":"ListItem","position":1,"name":"Portada","item":"http:\/\/www.reconoce.mx\/"},{"@type":"ListItem","position":2,"name":"Lunario: Cartelera del 17 al 23 de febrero"}]},{"@type":"WebSite","@id":"http:\/\/www.reconoce.mx\/#website","url":"http:\/\/www.reconoce.mx\/","name":"Reconoce MX","description":"En Reconoce MX difundimos arte, cultura y conciencia social en M\u00e9xico. Tu ciudad en otra perspectiva.","publisher":{"@id":"http:\/\/www.reconoce.mx\/#organization"},"potentialAction":[{"@type":"SearchAction","target":{"@type":"EntryPoint","urlTemplate":"http:\/\/www.reconoce.mx\/?s={search_term_string}"},"query-input":{"@type":"PropertyValueSpecification","valueRequired":true,"valueName":"search_term_string"}}],"inLanguage":"es"},{"@type":"Organization","@id":"http:\/\/www.reconoce.mx\/#organization","name":"Reconoce MX","url":"http:\/\/www.reconoce.mx\/","logo":{"@type":"ImageObject","inLanguage":"es","@id":"http:\/\/www.reconoce.mx\/#\/schema\/logo\/image\/","url":"https:\/\/www.reconoce.mx\/wp-content\/uploads\/2019\/03\/logorcmx-good-1.png","contentUrl":"https:\/\/www.reconoce.mx\/wp-content\/uploads\/2019\/03\/logorcmx-good-1.png","width":280,"height":90,"caption":"Reconoce MX"},"image":{"@id":"http:\/\/www.reconoce.mx\/#\/schema\/logo\/image\/"},"sameAs":["https:\/\/es-la.facebook.com\/ReconoceMX\/","https:\/\/x.com\/reconocemx","http:\/\/@reconocemx"]},{"@type":"Person","@id":"http:\/\/www.reconoce.mx\/#\/schema\/person\/2117e997d7051dc15d6880eaf9bca0b2","name":"Reconoce MX","image":{"@type":"ImageObject","inLanguage":"es","@id":"http:\/\/www.reconoce.mx\/#\/schema\/person\/image\/","url":"https:\/\/secure.gravatar.com\/avatar\/6c8d4dc7569ca1c90c5fdcc349f839d5ddef6fe1e70b4337ead2ef1a4c43fc3a?s=96&d=identicon&r=g","contentUrl":"https:\/\/secure.gravatar.com\/avatar\/6c8d4dc7569ca1c90c5fdcc349f839d5ddef6fe1e70b4337ead2ef1a4c43fc3a?s=96&d=identicon&r=g","caption":"Reconoce MX"},"description":"Reconoce MX es un proyecto de difusi\u00f3n art\u00edstica, cultural y de conciencia social que est\u00e1 enfocado a difundir y fomentar el entretenimiento alternativo de calidad para todo el p\u00fablico que comparta el mismo entusiasmo.","sameAs":["http:\/\/www.reconoce.mx"],"url":"http:\/\/www.reconoce.mx\/?author=2"}]}},"_links":{"self":[{"href":"http:\/\/www.reconoce.mx\/index.php?rest_route=\/wp\/v2\/posts\/57815","targetHints":{"allow":["GET"]}}],"collection":[{"href":"http:\/\/www.reconoce.mx\/index.php?rest_route=\/wp\/v2\/posts"}],"about":[{"href":"http:\/\/www.reconoce.mx\/index.php?rest_route=\/wp\/v2\/types\/post"}],"author":[{"embeddable":true,"href":"http:\/\/www.reconoce.mx\/index.php?rest_route=\/wp\/v2\/users\/2"}],"replies":[{"embeddable":true,"href":"http:\/\/www.reconoce.mx\/index.php?rest_route=%2Fwp%2Fv2%2Fcomments&post=57815"}],"version-history":[{"count":2,"href":"http:\/\/www.reconoce.mx\/index.php?rest_route=\/wp\/v2\/posts\/57815\/revisions"}],"predecessor-version":[{"id":57821,"href":"http:\/\/www.reconoce.mx\/index.php?rest_route=\/wp\/v2\/posts\/57815\/revisions\/57821"}],"wp:featuredmedia":[{"embeddable":true,"href":"http:\/\/www.reconoce.mx\/index.php?rest_route=\/wp\/v2\/media\/53154"}],"wp:attachment":[{"href":"http:\/\/www.reconoce.mx\/index.php?rest_route=%2Fwp%2Fv2%2Fmedia&parent=57815"}],"wp:term":[{"taxonomy":"category","embeddable":true,"href":"http:\/\/www.reconoce.mx\/index.php?rest_route=%2Fwp%2Fv2%2Fcategories&post=57815"},{"taxonomy":"post_tag","embeddable":true,"href":"http:\/\/www.reconoce.mx\/index.php?rest_route=%2Fwp%2Fv2%2Ftags&post=57815"}],"curies":[{"name":"wp","href":"https:\/\/api.w.org\/{rel}","templated":true}]}}