{"id":57840,"date":"2017-02-15T00:04:45","date_gmt":"2017-02-15T06:04:45","guid":{"rendered":"http:\/\/www.reconoce.mx\/?p=57840"},"modified":"2017-02-15T12:31:00","modified_gmt":"2017-02-15T18:31:00","slug":"alfonso-muriedas-una-charla-a-fondo-sobre-nodo-2017","status":"publish","type":"post","link":"http:\/\/www.reconoce.mx\/?p=57840","title":{"rendered":"Alfonso Muriedas, una charla a fondo sobre NODO 2017"},"content":{"rendered":"<p><strong>Por <a title=\"@AsfaltosTweets\" href=\"http:\/\/twitter.com\/AsfaltosTweets\" target=\"_blank\">Asfaltos<\/a><\/strong>.<\/p>\n<p>A poco menos de un mes de la realizaci\u00f3n del tercer encuentro de <strong>NODO<\/strong> en <strong>NRMAL<\/strong>, titulado para su edici\u00f3n 2017 como <strong>Foro #MUTANTE<\/strong>, tuve la oportunidad de platicar con el director art\u00edstico de <strong>NRMAL<\/strong> y director general de <strong>NODO<\/strong>, <strong>Alfonso Muriedas<\/strong>. Muriedas, originario de la frontera norte de nuestro pa\u00eds, lleva una carrera muy amplia y s\u00f3lida en la promoci\u00f3n musical. Aqu\u00ed lo que platicamos con \u00e9l sobre su trabajo, y lo que nos espera en el <strong>Foro #MUTANTE<\/strong> de <strong>NODO<\/strong>.<\/p>\n<p><a href=\"http:\/\/www.reconoce.mx\/wp-content\/uploads\/2017\/02\/IMG-20170209-WA0018.jpg\"><img loading=\"lazy\" decoding=\"async\" class=\"aligncenter size-full wp-image-57841\" src=\"http:\/\/www.reconoce.mx\/wp-content\/uploads\/2017\/02\/IMG-20170209-WA0018.jpg\" alt=\"\" width=\"1280\" height=\"1280\" srcset=\"http:\/\/www.reconoce.mx\/wp-content\/uploads\/2017\/02\/IMG-20170209-WA0018.jpg 1280w, http:\/\/www.reconoce.mx\/wp-content\/uploads\/2017\/02\/IMG-20170209-WA0018-150x150.jpg 150w, http:\/\/www.reconoce.mx\/wp-content\/uploads\/2017\/02\/IMG-20170209-WA0018-300x300.jpg 300w, http:\/\/www.reconoce.mx\/wp-content\/uploads\/2017\/02\/IMG-20170209-WA0018-768x768.jpg 768w, http:\/\/www.reconoce.mx\/wp-content\/uploads\/2017\/02\/IMG-20170209-WA0018-1024x1024.jpg 1024w, http:\/\/www.reconoce.mx\/wp-content\/uploads\/2017\/02\/IMG-20170209-WA0018-65x65.jpg 65w, http:\/\/www.reconoce.mx\/wp-content\/uploads\/2017\/02\/IMG-20170209-WA0018-700x700.jpg 700w, http:\/\/www.reconoce.mx\/wp-content\/uploads\/2017\/02\/IMG-20170209-WA0018-658x658.jpg 658w\" sizes=\"auto, (max-width: 1280px) 100vw, 1280px\" \/><\/a><\/p>\n<p><strong>Foro #MUTANTE<\/strong> se realizar\u00e1 del 7 al 10 de marzo de 2017, <a href=\"http:\/\/www.reconoce.mx\/nrmal-2017-anuncio-cartel-y-nos-encanto\/\" target=\"_blank\">en el marco del <strong>NRMAL<\/strong> que se llevar\u00e1 a cabo los d\u00edas 11 y 12 de marzo<\/a>, en el <strong>Centro Cultural Espa\u00f1a en M\u00e9xico<\/strong> (Rep\u00fablica de Guatemala 18, Centro Hist\u00f3rico).<\/p>\n<p><span style=\"color: #a81f25;\"><strong>Reconoce MX<\/strong><\/span>: Tu historia en el <strong>NRMAL<\/strong> comienza en 2012. \u00bfC\u00f3mo te integras a este proyecto?<\/p>\n<p><span style=\"color: #0aa650;\"><strong>Alfonso Muriedas<\/strong><\/span>: S\u00ed, fue justo en 2012 para planear la edici\u00f3n de 2013. <strong>Pablo Mart\u00ednez<\/strong> (uno de los organizadores de <strong>NRMAL<\/strong>) y yo ya nos conoc\u00edamos desde hace tiempo; hab\u00edamos hecho un par de colaboraciones en proyectos anteriores. Recuerdo que principalmente trabajamos en alg\u00fan <strong><span class=\"st\">MicroMUTEK<\/span><\/strong>; yo ya en ese entonces tambi\u00e9n hac\u00eda la producci\u00f3n de <strong>MUTEK<\/strong>. Nos encontramos de nuevo en Tijuana, pero ahora los dos, tanto Pablo como <strong>Moni Salda\u00f1a<\/strong> (otra de las organizadores de <strong>NRMAL<\/strong>), colaborando con el festival <strong>All My Friends<\/strong> en su edici\u00f3n de 2012. Ah\u00ed fue donde retomamos la conversaci\u00f3n que hab\u00edamos tenido antes, y decidimos empezar a trabajar juntos para <strong>NRMAL<\/strong>. Fue en la edici\u00f3n de 2013 en la que yo me empec\u00e9 a meter, principalmente en la produccion, enfocado sobre todo en la produccion de los escenarios, en esta parte en la que est\u00e1bamos intentando meter mas punk y metal, m\u00fasica mas experimental.<\/p>\n<p><span style=\"color: #a81f25;\"><strong>RCMX<\/strong><\/span>: \u00bfY c\u00f3mo nace <strong>NODO<\/strong>?<\/p>\n<p><span style=\"color: #0aa650;\"><strong>AM<\/strong><\/span>: Nos dimos cuenta que el p\u00fablico de <strong>NRMAL<\/strong> se compon\u00eda de muchos otros agentes, tanto artistas, como medios, como sellos discogr\u00e1ficos, como otros agentes de otras discpilinas que estaban en el festival. Entonces decidimos plantear una plataforma que pudiera propiciar m\u00e1s estas interacciones y colaboraciones, y sobre todo generar un di\u00e1logo entre estos agentes, y que adem\u00e1s aprovecharan varios de los artistas del festival, pues tienen un historial y un bagaje muy interesante. Decidimos hacer esta plataforma para que pudiera haber un punto mas de interacci\u00f3n entre todos, tanto artistas como p\u00fablicos. Esto fue en 2015 y lo continuamos en 2016. Nos dimos cuenta de nuevo que esta interacci\u00f3n, sin embargo, se quedaba muy corta con solo una vez al a\u00f1o, fue entonces que a <strong>NODO<\/strong> lo convertimos en una plataforma que gestiona durante todo el a\u00f1o. Ahora el foro de <strong>NODO<\/strong> que este a\u00f1o es el <strong>Foro #MUTANTE<\/strong>, ya toma otra personalidad y otro nombre.<\/p>\n<p><span style=\"color: #a81f25;\"><strong>RCMX<\/strong><\/span>: A lo largo del a\u00f1o, fuera de los foros en <strong>NRMAL<\/strong>, \u00bfqu\u00e9 otras actividades realizan?<\/p>\n<p><span style=\"color: #0aa650;\"><strong>AM<\/strong><\/span>: Dise\u00f1amos programas formativos, hacemos una serie de encuentros que les llamamos asambleas, hacemos algunas estrategias y producciones para algunos otros proyectos externos, asesor\u00edas y cosas de ese tipo.<\/p>\n<p><span style=\"color: #a81f25;\"><strong>RCMX<\/strong><\/span>: <strong>Foro #MUTANTE<\/strong>, en esta tercer encuentro, es entonces el evento principal.<\/p>\n<p><span style=\"color: #0aa650;\"><strong>AM<\/strong><\/span>: S\u00ed, este es nuestro evento m\u00e1s grande. Por ejemplo, este a\u00f1o ya est\u00e1n empezando a salir colaboraciones con otros festivales en Latinoam\u00e9rica para llevar el encuentro y pegarlo al lado de otros festivales, entonces se volver\u00e1 una cuesti\u00f3n constante que iremos anunciando tambi\u00e9n.<\/p>\n<p><span style=\"color: #a81f25;\"><strong>RCMX<\/strong><\/span>: Y <strong>NODO<\/strong> es el reflejo de mucho trabajo atr\u00e1s, de mucho m\u00e1s tiempo atr\u00e1s que su primera edici\u00f3n.<\/p>\n<p><span style=\"color: #0aa650;\"><strong>AM<\/strong><\/span>: S\u00ed, creo que a <strong>NODO<\/strong> le pusimos este sombrero, este paraguas, para nombrar o saber clasificar el trabajo que ya hac\u00edamos varias personas que est\u00e1n involucradas. No es solo el trabajo de 2015 para ac\u00e1, sino que es el trabajo en lo personal de hace ya m\u00e1s de 10 a\u00f1os, cerca de 15.<\/p>\n<p><span style=\"color: #a81f25;\"><strong>RCMX<\/strong><\/span>: \u00bfAlg\u00fan adelanto de los festivales en Latinoam\u00e9rica donde estar\u00e1 presente <strong>NODO<\/strong>?<\/p>\n<p><span style=\"color: #0aa650;\"><strong>AM<\/strong><\/span>: Todav\u00eda no, porque estamos en las \u00faltimas, no quiero cebarlo.<\/p>\n<p><span style=\"color: #a81f25;\"><strong>RCMX<\/strong><\/span>: \u00bfEs dif\u00edcil ampliar las actividades del <strong>NRMAL<\/strong> una semana m\u00e1s con <strong>NODO<\/strong>?<\/p>\n<p><span style=\"color: #0aa650;\"><strong>AM<\/strong><\/span>: Pues es un esfuerzo m\u00e1s. B\u00e1sicamente organizamos un festival dentro del festival. Es complicado un poco en la parte de la log\u00edstica, b\u00e1sicamente nos saturamos m\u00e1s de trabajo. Pero al final creo que solamente es un reflejo de las relaciones que tanto <strong>NRMAL<\/strong> como <strong>NODO<\/strong> est\u00e1n extendiendo a trav\u00e9s de Latinoam\u00e9rica y el sur de Estados Unidos.<\/p>\n<p><span style=\"color: #a81f25;\"><strong>RCMX<\/strong><\/span>: Este a\u00f1o el tercer encuentro de <strong>NODO<\/strong> en <strong>NRMAL<\/strong> se llama <strong>Foro #MUTANTE<\/strong>, \u00bfde d\u00f3nde nace el nombre y el concepto de este a\u00f1o?<\/p>\n<p><span style=\"color: #0aa650;\"><strong>AM<\/strong><\/span>: Cada a\u00f1o siempre hab\u00eda un tema central. El a\u00f1o pasado, por ejemplo, fue \u00abM\u00fasica, redes y ciudad\u00bb. Siempre estamos pendienets de cu\u00e1l es el foco de atenci\u00f3n, y qu\u00e9 es lo que queremos y qu\u00e9 es lo que nos parece pertinente hablar, para as\u00ed poner sobre la mesa un tema para discutir. Este a\u00f1o decidimos que lo \u00edbamos a llevar a un grado m\u00e1s de conceptualizaci\u00f3n, y por eso el <strong>Foro #MUTANTE<\/strong>. Ahora lo explico, porque cada a\u00f1o va cambiar el nombre, el concepto y el tema central que abrazan el nombre del foro. El a\u00f1o siguiente no se va a llamar <strong>Foro #MUTANTE<\/strong>, sino que se va a llamar de otra forma. <strong>#MUTANTE<\/strong> lo estamos planteando como una especie de reflexi\u00f3n hacia un personaje o hacia una forma de ser que no se queda en los par\u00e1metros, en los polos de lo establecido; sino que act\u00faa en una zona gris muy grande en la que muchos de esos agentes actuamos, y decidimos que muta, hackea y transforma muchas de las estructuras para crearse muchos caminos, y hacer otras propuestas de acci\u00f3n. A esto le llamamos el <strong>Foro #MUATANTE<\/strong>, o el personaje <strong>#MUTANTE<\/strong>, y lo dividimos en tres l\u00edneas principales. La primera es <strong>IDENTIDAD<\/strong>, donde vamos a hablar de todo el tema de g\u00e9nero y su situaci\u00f3n actual; igual de c\u00f3mo nos identificamos con ciertas est\u00e9ticas, ciertos g\u00e9neros, ciertas maneras de hacer. Todo esto nos da una identidad. La segunda es la l\u00ednea del <strong>FUTURO<\/strong>, que es un poco hablar sobre qu\u00e9 es lo que viene, cu\u00e1les son las nuevas formas de hacer, hacia d\u00f3nde va un poco la cosa. La tercer l\u00ednea es <strong>GESTI\u00d3N<\/strong>, que b\u00e1sicamente engloba las anteriores.<\/p>\n<p><a href=\"http:\/\/www.reconoce.mx\/wp-content\/uploads\/2017\/02\/16174711_1260632677350339_782822371188684321_n.jpg\"><img loading=\"lazy\" decoding=\"async\" class=\"aligncenter size-full wp-image-57843\" src=\"http:\/\/www.reconoce.mx\/wp-content\/uploads\/2017\/02\/16174711_1260632677350339_782822371188684321_n.jpg\" alt=\"\" width=\"599\" height=\"960\" srcset=\"http:\/\/www.reconoce.mx\/wp-content\/uploads\/2017\/02\/16174711_1260632677350339_782822371188684321_n.jpg 599w, http:\/\/www.reconoce.mx\/wp-content\/uploads\/2017\/02\/16174711_1260632677350339_782822371188684321_n-187x300.jpg 187w, http:\/\/www.reconoce.mx\/wp-content\/uploads\/2017\/02\/16174711_1260632677350339_782822371188684321_n-150x240.jpg 150w, http:\/\/www.reconoce.mx\/wp-content\/uploads\/2017\/02\/16174711_1260632677350339_782822371188684321_n-300x481.jpg 300w\" sizes=\"auto, (max-width: 599px) 100vw, 599px\" \/><\/a><\/p>\n<p><span style=\"color: #a81f25;\"><strong>RCMX<\/strong><\/span>: Me gustar\u00eda abordar algunos de los elementos de la programaci\u00f3n de <strong>NODO<\/strong> que m\u00e1s me llamaron la atenci\u00f3n. Empiezo con el \u201c#Ejishow\u201d que veo se realizar\u00e1 diario.<\/p>\n<p><span style=\"color: #0aa650;\"><strong>AM<\/strong><\/span>: <strong>Ejival<\/strong> siempre ha sido un colaborador de varios de los proyectos, y tambi\u00e9n estratega y mente detr\u00e1s. Decidimos desde el a\u00f1o pasado que no solo hiciera entrevistas, como ya lo hab\u00eda hecho en la primera edici\u00f3n de <strong>NODO<\/strong>, sino ahora le di\u00e9ramos tambi\u00e9n un twist. Es as\u00ed que bajo este humor, sarc\u00e1stico y autocr\u00edtico que tenemos dentro del foro, que creamos este concepto del \u201c#Ejishow\u201d, que es una especie como de <em>late night show<\/em>, un poco irreverente. Tenemos algunas sorpresas dentro del formato que pronto vamos a anunciar, y bueno, s\u00ed, es uno de los proyectos interesantes de este a\u00f1o.<\/p>\n<p><span style=\"color: #a81f25;\"><strong>RCMX<\/strong><\/span>: \u00bfSolo audio?<\/p>\n<p><span style=\"color: #0aa650;\"><strong>AM<\/strong><\/span>: Con video, es presencial, lo podr\u00e1n ver en vivo, que creo que es la experiencia que m\u00e1s llama la atenci\u00f3n. Tambien lo grabaremos y lo publicaremos.<\/p>\n<p><span style=\"color: #a81f25;\"><strong>RCMX<\/strong><\/span>: \u00abInstituci\u00f3n #MUTANTE\u00bb.<\/p>\n<p><span style=\"color: #0aa650;\"><strong>AM<\/strong><\/span>: Este es un programa que estamos desarrollando con <strong>Laboratorio para la Ciudad<\/strong>, del que tambi\u00e9n pronto daremos m\u00e1s detalles. B\u00e1sicamente lo que vamos a hacer es dise\u00f1ar algunas de las l\u00edneas que ellos van a presentar dentro de su programa que se llama \u00abSaber creativo\u00bb. Esto sucede dentro del verano, y va a ser una reuni\u00f3n para juntar a varios de los agentes y plantear cu\u00e1les van a ser o c\u00f3mo se forma un poco el programa. Ah\u00ed integramos a esta instituci\u00f3n que nos ha abierto las puertas, y que adem\u00e1s creemos que es un trabajo muy interesante para las industrias creativas en la ciudad. De esta forma el foro se vuelve un poco m\u00e1s relevante en estas acciones.<\/p>\n<p><span style=\"color: #a81f25;\"><strong>RCMX<\/strong><\/span>: \u201cEspectro LATAM\u201d.<\/p>\n<p><span style=\"color: #0aa650;\"><strong>AM<\/strong><\/span>: Esa tambi\u00e9n es una reuni\u00f3n sumamente interesante donde estamos planteando un encuentro con muchos de los agentes latinoamericanos. Viene gente del <strong>Primavera Fauna<\/strong> (Chile), del <strong>Museo de Arte Moderno de Medell\u00edn<\/strong> (Colombia), algunos agentes peruanos, <strong>LEVITATION<\/strong> (Estados Unidos) y los mexicanos de ac\u00e1, entre muchos. Vamos a reunir a todos estos personajes y vamos a intentar plantear formas de colaborar a trav\u00e9s de una herramienta que vamos a idear, perfeccionar ah\u00ed, y lanzar justo despu\u00e9s del foro.<\/p>\n<p><span style=\"color: #a81f25;\"><strong>RCMX<\/strong><\/span>: Bueno, imposible no destacar a <strong>Bernard Fevre<\/strong> y su legendario \u201cBlack Devil Disco Club\u201d.<\/p>\n<p><span style=\"color: #0aa650;\"><strong>AM<\/strong><\/span>: S\u00ed, como te digo, esto es bajo la l\u00ednea de intentar darle otra plataforma a los artistas de <strong>NRMAL<\/strong>. El \u201cBlack Devil Disco Club\u201d es un referente en la m\u00fasica electr\u00f3nica de los 70, y sabemos que Bernard tiene muchas cosas que decir. Lo vamos a entrevistar con audiencia en una especie de conferencia-entrevista donde nos va a contar un poco de su historia, de su perspectiva a lo largo de las d\u00e9cadas, y c\u00f3mo es que \u00e9l se ha desenvuelto en su trabajo.<\/p>\n<p><span style=\"color: #a81f25;\"><strong>RCMX<\/strong><\/span>: Actualmente tienen una campa\u00f1a en <strong>Kickstarter<\/strong>. <strong>Foro #MUTANTE<\/strong> ya est\u00e1 cubierto, sin embargo, tengo entendido la campa\u00f1a es para seguir haciendo m\u00e1s cosas.<\/p>\n<p><span style=\"color: #0aa650;\"><strong>AM<\/strong><\/span>: Claro, es un llamado a a la comunidad para que se sumen a participar, no solo pasivamente. Todo <strong>NODO<\/strong> es un programa de entrada libre, pero les estamos llamando para que ayuden a que esto pueda seguir, para quue el a\u00f1o siguiente pueda ser mucho m\u00e1s grande, para que existan todas estas acciones y para que no solamente nos quedemos con la asistencia, sino que se vuelvan todos de alguna forma part\u00edcipes del foro. Hay varias recompensas interesantes, de hecho pueden apartar sus lugares para un par de acciones que s\u00ed tienen costo, como la conferencia \u201cGenesis Breyer P-Orridge\u201d.<\/p>\n<style>.embed-container { position: relative; padding-bottom: 56.25%; height: 0; overflow: hidden; max-width: 100%; } .embed-container iframe, .embed-container object, .embed-container embed { position: absolute; top: 0; left: 0; width: 100%; height: 100%; }<\/style>\n<div class=\"embed-container\"><iframe loading=\"lazy\" src=\"https:\/\/www.youtube.com\/embed\/dgHqi8OKW8E\" width=\"300\" height=\"150\" frameborder=\"0\" allowfullscreen=\"allowfullscreen\"><\/iframe><\/div>\n<p>&nbsp;<\/p>\n<p><span style=\"color: #a81f25;\"><strong>RCMX<\/strong><\/span>: Curiosos, gente del medio que quiera involucrarse, aficionados a la m\u00fasica, todos bienvenidos.<\/p>\n<p><span style=\"color: #0aa650;\"><strong>AM<\/strong><\/span>: S\u00ed, el foro lo estamos planteando con muchos espacios de encuentro, va a haber <em>showcases<\/em>, conciertos, presentaciones, exposiciones y espacios donde convivir. La invitaci\u00f3n para la gente es que no vayan solamente a una acci\u00f3n, sino que intenten aventarse todo el programa, lo mas que puedan. No estamos tan acostumbrados en M\u00e9xico a este tipo de formatos, pero en otros pa\u00edses s\u00ed pasa mucho m\u00e1s seguido, donde tu vas a conocer gente, a hablar con ellos e intentar tener o establecer una relaci\u00f3n m\u00e1s profunda de trabajo, de colaboraci\u00f3n y de amistad tambi\u00e9n. Creo que la forma en la que la gente puede interecatuar, va por ese lado.<\/p>\n<p><span style=\"color: #a81f25;\"><strong>RCMX<\/strong><\/span>: Para cerrar, en su promocional de <strong>Kickstarter<\/strong> escuch\u00e9 hablar al felino <strong>Panchito Cabrera<\/strong>, \u00bfqui\u00e9n es \u00e9l?<\/p>\n<p><span style=\"color: #0aa650;\"><strong>AM<\/strong><\/span>: (Risas). Como te digo tenemos estos personajes y abrazamos mucho este humor dentro del foro. Panchito es un colaborador de \u00abRadio C\u00f3meme\u00bb; es una especie de personaje que acompa\u00f1a a<strong> Carlos Reinoso<\/strong>, y ah\u00ed va a estar en una cabina que tendremos abierta transmitiendo durante todo el foro, de 16:00 a 19:00 horas, en donde adem\u00e1s de poder escuchar la transmisi\u00f3n en vivo, pueden ir y escuchar presencialmente los programas. Es m\u00e1s, tambi\u00e9n pueden colaborar, ya que a lo mejor tambi\u00e9n por ah\u00ed los van a invitar. Si ven personajes interesantes, los anfitriones de \u00abRadio C\u00f3meme\u00bb los van a intentar a hacer part\u00edcipes. Panchito, entonces, es parte de eso y por eso la campa\u00f1a de <strong>Kickstarter<\/strong> la presenta \u00e9l. Esperemos que ah\u00ed lo puedan conocer.<\/p>\n<p><span style=\"color: #a81f25;\"><strong>RCMX<\/strong><\/span>: Gracias por tu tiempo Alfonso, \u00bfalgo m\u00e1s que gustes agregar?<\/p>\n<p><span style=\"color: #0aa650;\"><strong>AM<\/strong><\/span>: Muchas gracias por este espacio. Y pues nada, invitar a la gente a que no se queden pasivos, a que participen en estos formatos, y que los vemos del 7 al 9 de marzo en <strong>NODO<\/strong>, ademas de <strong>NRMAL<\/strong> obviamante. Est\u00e9n pendientes a nuestro sitio, pues el programa se est\u00e1 actualizando constantemente. Se van a seguir confirmando invitados.<\/p>\n<p>&nbsp;<\/p>\n<p>&nbsp;<\/p>\n","protected":false},"excerpt":{"rendered":"<p>A poco menos de un mes de la realizaci\u00f3n del tercer encuentro de NODO en NRMAL, titulado para su edici\u00f3n 2017 como Foro #MUTANTE, tuve la oportunidad de platicar con el director art\u00edstico de NRMAL y director general de NODO, Alfonso Muriedas.<\/p>\n","protected":false},"author":2,"featured_media":57855,"comment_status":"open","ping_status":"open","sticky":false,"template":"","format":"standard","meta":{"footnotes":""},"categories":[1,18,17],"tags":[],"class_list":["post-57840","post","type-post","status-publish","format-standard","has-post-thumbnail","hentry","category-cultura","category-musica","category-principal"],"yoast_head":"<!-- This site is optimized with the Yoast SEO plugin v24.7 - https:\/\/yoast.com\/wordpress\/plugins\/seo\/ -->\n<title>Alfonso Muriedas, una charla a fondo sobre NODO 2017 &#171; Reconoce MX<\/title>\n<meta name=\"robots\" content=\"index, follow, max-snippet:-1, max-image-preview:large, max-video-preview:-1\" \/>\n<link rel=\"canonical\" href=\"http:\/\/www.reconoce.mx\/?p=57840\" \/>\n<meta property=\"og:locale\" content=\"es_ES\" \/>\n<meta property=\"og:type\" content=\"article\" \/>\n<meta property=\"og:title\" content=\"Alfonso Muriedas, una charla a fondo sobre NODO 2017 &#171; Reconoce MX\" \/>\n<meta property=\"og:description\" content=\"A poco menos de un mes de la realizaci\u00f3n del tercer encuentro de NODO en NRMAL, titulado para su edici\u00f3n 2017 como Foro #MUTANTE, tuve la oportunidad de platicar con el director art\u00edstico de NRMAL y director general de NODO, Alfonso Muriedas.\" \/>\n<meta property=\"og:url\" content=\"http:\/\/www.reconoce.mx\/?p=57840\" \/>\n<meta property=\"og:site_name\" content=\"Reconoce MX\" \/>\n<meta property=\"article:publisher\" content=\"https:\/\/es-la.facebook.com\/ReconoceMX\/\" \/>\n<meta property=\"article:published_time\" content=\"2017-02-15T06:04:45+00:00\" \/>\n<meta property=\"article:modified_time\" content=\"2017-02-15T18:31:00+00:00\" \/>\n<meta property=\"og:image\" content=\"http:\/\/www.reconoce.mx\/wp-content\/uploads\/2017\/02\/foro-mutante.png\" \/>\n\t<meta property=\"og:image:width\" content=\"590\" \/>\n\t<meta property=\"og:image:height\" content=\"380\" \/>\n\t<meta property=\"og:image:type\" content=\"image\/png\" \/>\n<meta name=\"author\" content=\"Reconoce MX\" \/>\n<meta name=\"twitter:card\" content=\"summary_large_image\" \/>\n<meta name=\"twitter:creator\" content=\"@reconocemx\" \/>\n<meta name=\"twitter:site\" content=\"@reconocemx\" \/>\n<meta name=\"twitter:label1\" content=\"Escrito por\" \/>\n\t<meta name=\"twitter:data1\" content=\"Reconoce MX\" \/>\n\t<meta name=\"twitter:label2\" content=\"Tiempo de lectura\" \/>\n\t<meta name=\"twitter:data2\" content=\"11 minutos\" \/>\n<script type=\"application\/ld+json\" class=\"yoast-schema-graph\">{\"@context\":\"https:\/\/schema.org\",\"@graph\":[{\"@type\":\"Article\",\"@id\":\"http:\/\/www.reconoce.mx\/?p=57840#article\",\"isPartOf\":{\"@id\":\"http:\/\/www.reconoce.mx\/?p=57840\"},\"author\":{\"name\":\"Reconoce MX\",\"@id\":\"http:\/\/www.reconoce.mx\/#\/schema\/person\/2117e997d7051dc15d6880eaf9bca0b2\"},\"headline\":\"Alfonso Muriedas, una charla a fondo sobre NODO 2017\",\"datePublished\":\"2017-02-15T06:04:45+00:00\",\"dateModified\":\"2017-02-15T18:31:00+00:00\",\"mainEntityOfPage\":{\"@id\":\"http:\/\/www.reconoce.mx\/?p=57840\"},\"wordCount\":2108,\"commentCount\":0,\"publisher\":{\"@id\":\"http:\/\/www.reconoce.mx\/#organization\"},\"image\":{\"@id\":\"http:\/\/www.reconoce.mx\/?p=57840#primaryimage\"},\"thumbnailUrl\":\"http:\/\/www.reconoce.mx\/wp-content\/uploads\/2017\/02\/foro-mutante.png\",\"articleSection\":[\"Cultura\",\"M\u00fasica\",\"Principal\"],\"inLanguage\":\"es\",\"potentialAction\":[{\"@type\":\"CommentAction\",\"name\":\"Comment\",\"target\":[\"http:\/\/www.reconoce.mx\/?p=57840#respond\"]}]},{\"@type\":\"WebPage\",\"@id\":\"http:\/\/www.reconoce.mx\/?p=57840\",\"url\":\"http:\/\/www.reconoce.mx\/?p=57840\",\"name\":\"Alfonso Muriedas, una charla a fondo sobre NODO 2017 &#171; Reconoce MX\",\"isPartOf\":{\"@id\":\"http:\/\/www.reconoce.mx\/#website\"},\"primaryImageOfPage\":{\"@id\":\"http:\/\/www.reconoce.mx\/?p=57840#primaryimage\"},\"image\":{\"@id\":\"http:\/\/www.reconoce.mx\/?p=57840#primaryimage\"},\"thumbnailUrl\":\"http:\/\/www.reconoce.mx\/wp-content\/uploads\/2017\/02\/foro-mutante.png\",\"datePublished\":\"2017-02-15T06:04:45+00:00\",\"dateModified\":\"2017-02-15T18:31:00+00:00\",\"breadcrumb\":{\"@id\":\"http:\/\/www.reconoce.mx\/?p=57840#breadcrumb\"},\"inLanguage\":\"es\",\"potentialAction\":[{\"@type\":\"ReadAction\",\"target\":[\"http:\/\/www.reconoce.mx\/?p=57840\"]}]},{\"@type\":\"ImageObject\",\"inLanguage\":\"es\",\"@id\":\"http:\/\/www.reconoce.mx\/?p=57840#primaryimage\",\"url\":\"http:\/\/www.reconoce.mx\/wp-content\/uploads\/2017\/02\/foro-mutante.png\",\"contentUrl\":\"http:\/\/www.reconoce.mx\/wp-content\/uploads\/2017\/02\/foro-mutante.png\",\"width\":590,\"height\":380},{\"@type\":\"BreadcrumbList\",\"@id\":\"http:\/\/www.reconoce.mx\/?p=57840#breadcrumb\",\"itemListElement\":[{\"@type\":\"ListItem\",\"position\":1,\"name\":\"Portada\",\"item\":\"http:\/\/www.reconoce.mx\/\"},{\"@type\":\"ListItem\",\"position\":2,\"name\":\"Alfonso Muriedas, una charla a fondo sobre NODO 2017\"}]},{\"@type\":\"WebSite\",\"@id\":\"http:\/\/www.reconoce.mx\/#website\",\"url\":\"http:\/\/www.reconoce.mx\/\",\"name\":\"Reconoce MX\",\"description\":\"En Reconoce MX difundimos arte, cultura y conciencia social en M\u00e9xico. Tu ciudad en otra perspectiva.\",\"publisher\":{\"@id\":\"http:\/\/www.reconoce.mx\/#organization\"},\"potentialAction\":[{\"@type\":\"SearchAction\",\"target\":{\"@type\":\"EntryPoint\",\"urlTemplate\":\"http:\/\/www.reconoce.mx\/?s={search_term_string}\"},\"query-input\":{\"@type\":\"PropertyValueSpecification\",\"valueRequired\":true,\"valueName\":\"search_term_string\"}}],\"inLanguage\":\"es\"},{\"@type\":\"Organization\",\"@id\":\"http:\/\/www.reconoce.mx\/#organization\",\"name\":\"Reconoce MX\",\"url\":\"http:\/\/www.reconoce.mx\/\",\"logo\":{\"@type\":\"ImageObject\",\"inLanguage\":\"es\",\"@id\":\"http:\/\/www.reconoce.mx\/#\/schema\/logo\/image\/\",\"url\":\"https:\/\/www.reconoce.mx\/wp-content\/uploads\/2019\/03\/logorcmx-good-1.png\",\"contentUrl\":\"https:\/\/www.reconoce.mx\/wp-content\/uploads\/2019\/03\/logorcmx-good-1.png\",\"width\":280,\"height\":90,\"caption\":\"Reconoce MX\"},\"image\":{\"@id\":\"http:\/\/www.reconoce.mx\/#\/schema\/logo\/image\/\"},\"sameAs\":[\"https:\/\/es-la.facebook.com\/ReconoceMX\/\",\"https:\/\/x.com\/reconocemx\",\"http:\/\/@reconocemx\"]},{\"@type\":\"Person\",\"@id\":\"http:\/\/www.reconoce.mx\/#\/schema\/person\/2117e997d7051dc15d6880eaf9bca0b2\",\"name\":\"Reconoce MX\",\"image\":{\"@type\":\"ImageObject\",\"inLanguage\":\"es\",\"@id\":\"http:\/\/www.reconoce.mx\/#\/schema\/person\/image\/\",\"url\":\"https:\/\/secure.gravatar.com\/avatar\/6c8d4dc7569ca1c90c5fdcc349f839d5ddef6fe1e70b4337ead2ef1a4c43fc3a?s=96&d=identicon&r=g\",\"contentUrl\":\"https:\/\/secure.gravatar.com\/avatar\/6c8d4dc7569ca1c90c5fdcc349f839d5ddef6fe1e70b4337ead2ef1a4c43fc3a?s=96&d=identicon&r=g\",\"caption\":\"Reconoce MX\"},\"description\":\"Reconoce MX es un proyecto de difusi\u00f3n art\u00edstica, cultural y de conciencia social que est\u00e1 enfocado a difundir y fomentar el entretenimiento alternativo de calidad para todo el p\u00fablico que comparta el mismo entusiasmo.\",\"sameAs\":[\"http:\/\/www.reconoce.mx\"],\"url\":\"http:\/\/www.reconoce.mx\/?author=2\"}]}<\/script>\n<!-- \/ Yoast SEO plugin. -->","yoast_head_json":{"title":"Alfonso Muriedas, una charla a fondo sobre NODO 2017 &#171; Reconoce MX","robots":{"index":"index","follow":"follow","max-snippet":"max-snippet:-1","max-image-preview":"max-image-preview:large","max-video-preview":"max-video-preview:-1"},"canonical":"http:\/\/www.reconoce.mx\/?p=57840","og_locale":"es_ES","og_type":"article","og_title":"Alfonso Muriedas, una charla a fondo sobre NODO 2017 &#171; Reconoce MX","og_description":"A poco menos de un mes de la realizaci\u00f3n del tercer encuentro de NODO en NRMAL, titulado para su edici\u00f3n 2017 como Foro #MUTANTE, tuve la oportunidad de platicar con el director art\u00edstico de NRMAL y director general de NODO, Alfonso Muriedas.","og_url":"http:\/\/www.reconoce.mx\/?p=57840","og_site_name":"Reconoce MX","article_publisher":"https:\/\/es-la.facebook.com\/ReconoceMX\/","article_published_time":"2017-02-15T06:04:45+00:00","article_modified_time":"2017-02-15T18:31:00+00:00","og_image":[{"width":590,"height":380,"url":"http:\/\/www.reconoce.mx\/wp-content\/uploads\/2017\/02\/foro-mutante.png","type":"image\/png"}],"author":"Reconoce MX","twitter_card":"summary_large_image","twitter_creator":"@reconocemx","twitter_site":"@reconocemx","twitter_misc":{"Escrito por":"Reconoce MX","Tiempo de lectura":"11 minutos"},"schema":{"@context":"https:\/\/schema.org","@graph":[{"@type":"Article","@id":"http:\/\/www.reconoce.mx\/?p=57840#article","isPartOf":{"@id":"http:\/\/www.reconoce.mx\/?p=57840"},"author":{"name":"Reconoce MX","@id":"http:\/\/www.reconoce.mx\/#\/schema\/person\/2117e997d7051dc15d6880eaf9bca0b2"},"headline":"Alfonso Muriedas, una charla a fondo sobre NODO 2017","datePublished":"2017-02-15T06:04:45+00:00","dateModified":"2017-02-15T18:31:00+00:00","mainEntityOfPage":{"@id":"http:\/\/www.reconoce.mx\/?p=57840"},"wordCount":2108,"commentCount":0,"publisher":{"@id":"http:\/\/www.reconoce.mx\/#organization"},"image":{"@id":"http:\/\/www.reconoce.mx\/?p=57840#primaryimage"},"thumbnailUrl":"http:\/\/www.reconoce.mx\/wp-content\/uploads\/2017\/02\/foro-mutante.png","articleSection":["Cultura","M\u00fasica","Principal"],"inLanguage":"es","potentialAction":[{"@type":"CommentAction","name":"Comment","target":["http:\/\/www.reconoce.mx\/?p=57840#respond"]}]},{"@type":"WebPage","@id":"http:\/\/www.reconoce.mx\/?p=57840","url":"http:\/\/www.reconoce.mx\/?p=57840","name":"Alfonso Muriedas, una charla a fondo sobre NODO 2017 &#171; Reconoce MX","isPartOf":{"@id":"http:\/\/www.reconoce.mx\/#website"},"primaryImageOfPage":{"@id":"http:\/\/www.reconoce.mx\/?p=57840#primaryimage"},"image":{"@id":"http:\/\/www.reconoce.mx\/?p=57840#primaryimage"},"thumbnailUrl":"http:\/\/www.reconoce.mx\/wp-content\/uploads\/2017\/02\/foro-mutante.png","datePublished":"2017-02-15T06:04:45+00:00","dateModified":"2017-02-15T18:31:00+00:00","breadcrumb":{"@id":"http:\/\/www.reconoce.mx\/?p=57840#breadcrumb"},"inLanguage":"es","potentialAction":[{"@type":"ReadAction","target":["http:\/\/www.reconoce.mx\/?p=57840"]}]},{"@type":"ImageObject","inLanguage":"es","@id":"http:\/\/www.reconoce.mx\/?p=57840#primaryimage","url":"http:\/\/www.reconoce.mx\/wp-content\/uploads\/2017\/02\/foro-mutante.png","contentUrl":"http:\/\/www.reconoce.mx\/wp-content\/uploads\/2017\/02\/foro-mutante.png","width":590,"height":380},{"@type":"BreadcrumbList","@id":"http:\/\/www.reconoce.mx\/?p=57840#breadcrumb","itemListElement":[{"@type":"ListItem","position":1,"name":"Portada","item":"http:\/\/www.reconoce.mx\/"},{"@type":"ListItem","position":2,"name":"Alfonso Muriedas, una charla a fondo sobre NODO 2017"}]},{"@type":"WebSite","@id":"http:\/\/www.reconoce.mx\/#website","url":"http:\/\/www.reconoce.mx\/","name":"Reconoce MX","description":"En Reconoce MX difundimos arte, cultura y conciencia social en M\u00e9xico. Tu ciudad en otra perspectiva.","publisher":{"@id":"http:\/\/www.reconoce.mx\/#organization"},"potentialAction":[{"@type":"SearchAction","target":{"@type":"EntryPoint","urlTemplate":"http:\/\/www.reconoce.mx\/?s={search_term_string}"},"query-input":{"@type":"PropertyValueSpecification","valueRequired":true,"valueName":"search_term_string"}}],"inLanguage":"es"},{"@type":"Organization","@id":"http:\/\/www.reconoce.mx\/#organization","name":"Reconoce MX","url":"http:\/\/www.reconoce.mx\/","logo":{"@type":"ImageObject","inLanguage":"es","@id":"http:\/\/www.reconoce.mx\/#\/schema\/logo\/image\/","url":"https:\/\/www.reconoce.mx\/wp-content\/uploads\/2019\/03\/logorcmx-good-1.png","contentUrl":"https:\/\/www.reconoce.mx\/wp-content\/uploads\/2019\/03\/logorcmx-good-1.png","width":280,"height":90,"caption":"Reconoce MX"},"image":{"@id":"http:\/\/www.reconoce.mx\/#\/schema\/logo\/image\/"},"sameAs":["https:\/\/es-la.facebook.com\/ReconoceMX\/","https:\/\/x.com\/reconocemx","http:\/\/@reconocemx"]},{"@type":"Person","@id":"http:\/\/www.reconoce.mx\/#\/schema\/person\/2117e997d7051dc15d6880eaf9bca0b2","name":"Reconoce MX","image":{"@type":"ImageObject","inLanguage":"es","@id":"http:\/\/www.reconoce.mx\/#\/schema\/person\/image\/","url":"https:\/\/secure.gravatar.com\/avatar\/6c8d4dc7569ca1c90c5fdcc349f839d5ddef6fe1e70b4337ead2ef1a4c43fc3a?s=96&d=identicon&r=g","contentUrl":"https:\/\/secure.gravatar.com\/avatar\/6c8d4dc7569ca1c90c5fdcc349f839d5ddef6fe1e70b4337ead2ef1a4c43fc3a?s=96&d=identicon&r=g","caption":"Reconoce MX"},"description":"Reconoce MX es un proyecto de difusi\u00f3n art\u00edstica, cultural y de conciencia social que est\u00e1 enfocado a difundir y fomentar el entretenimiento alternativo de calidad para todo el p\u00fablico que comparta el mismo entusiasmo.","sameAs":["http:\/\/www.reconoce.mx"],"url":"http:\/\/www.reconoce.mx\/?author=2"}]}},"_links":{"self":[{"href":"http:\/\/www.reconoce.mx\/index.php?rest_route=\/wp\/v2\/posts\/57840","targetHints":{"allow":["GET"]}}],"collection":[{"href":"http:\/\/www.reconoce.mx\/index.php?rest_route=\/wp\/v2\/posts"}],"about":[{"href":"http:\/\/www.reconoce.mx\/index.php?rest_route=\/wp\/v2\/types\/post"}],"author":[{"embeddable":true,"href":"http:\/\/www.reconoce.mx\/index.php?rest_route=\/wp\/v2\/users\/2"}],"replies":[{"embeddable":true,"href":"http:\/\/www.reconoce.mx\/index.php?rest_route=%2Fwp%2Fv2%2Fcomments&post=57840"}],"version-history":[{"count":7,"href":"http:\/\/www.reconoce.mx\/index.php?rest_route=\/wp\/v2\/posts\/57840\/revisions"}],"predecessor-version":[{"id":58006,"href":"http:\/\/www.reconoce.mx\/index.php?rest_route=\/wp\/v2\/posts\/57840\/revisions\/58006"}],"wp:featuredmedia":[{"embeddable":true,"href":"http:\/\/www.reconoce.mx\/index.php?rest_route=\/wp\/v2\/media\/57855"}],"wp:attachment":[{"href":"http:\/\/www.reconoce.mx\/index.php?rest_route=%2Fwp%2Fv2%2Fmedia&parent=57840"}],"wp:term":[{"taxonomy":"category","embeddable":true,"href":"http:\/\/www.reconoce.mx\/index.php?rest_route=%2Fwp%2Fv2%2Fcategories&post=57840"},{"taxonomy":"post_tag","embeddable":true,"href":"http:\/\/www.reconoce.mx\/index.php?rest_route=%2Fwp%2Fv2%2Ftags&post=57840"}],"curies":[{"name":"wp","href":"https:\/\/api.w.org\/{rel}","templated":true}]}}