{"id":57917,"date":"2017-02-16T00:03:24","date_gmt":"2017-02-16T06:03:24","guid":{"rendered":"http:\/\/www.reconoce.mx\/?p=57917"},"modified":"2017-02-16T13:09:45","modified_gmt":"2017-02-16T19:09:45","slug":"caida-libre-de-cielo-pordomingo","status":"publish","type":"post","link":"http:\/\/www.reconoce.mx\/?p=57917","title":{"rendered":"&#8216;Ca\u00edda libre&#8217;, de Cielo Pordomingo"},"content":{"rendered":"<p><a href=\"http:\/\/www.reconoce.mx\/category\/cultura\/musica\/jueves-indie\/\"><img loading=\"lazy\" decoding=\"async\" class=\"aligncenter size-full wp-image-38360\" src=\"http:\/\/www.reconoce.mx\/wp-content\/uploads\/2015\/06\/Jueves.png\" alt=\"Martes\" width=\"550\" height=\"70\" \/><\/a><strong><br \/>\nPor <a title=\"@AsfaltosTweets\" href=\"http:\/\/twitter.com\/AsfaltosTweets\" target=\"_blank\">Asfaltos<\/a><\/strong>.<\/p>\n<p>De Argentina, pero con base en nuestro pa\u00eds, la encargada de colorear con su m\u00fasica nuestro <a href=\"http:\/\/www.reconoce.mx\/category\/cultura\/musica\/jueves-indie\/\" target=\"_blank\">Jueves independiente<\/a> es la cantautora <strong>Cielo Pordomingo<\/strong>. Compositora y arreglista, con una larga carrera musical que le ha llevado a la televisi\u00f3n, a las aulas y desde luego a los conciertos y festivales, hoy toca hablar de <strong>Cielo Pordomingo<\/strong>.<\/p>\n<p><iframe loading=\"lazy\" src=\"https:\/\/w.soundcloud.com\/player\/?url=https%3A\/\/api.soundcloud.com\/tracks\/245259034&amp;color=ff5500&amp;auto_play=false&amp;hide_related=false&amp;show_comments=true&amp;show_user=true&amp;show_reposts=false\" width=\"100%\" height=\"166\" frameborder=\"no\" scrolling=\"no\"><\/iframe><\/p>\n<p>La ganadora en 2014 de un premio <strong>Emmy<\/strong> por \u00abComposici\u00f3n y arreglos musicales\u00bb para el programa de televisi\u00f3n \u00abAtenci\u00f3n, atenci\u00f3n\u00bb de Puerto Rico, ha destacado por su creatividad en los diversos sitios de nuestro continente donde se ha parado. Su primer \u00e1lbum \u00abD FRET\u00bb, con sonidos provenientes del folk y la electr\u00f3nica, fue una primera muestra de su talento en donde la fusi\u00f3n se destaca con notoriedad.<\/p>\n<p>El a\u00f1o pasado <strong>Pordomingo<\/strong> estrenar\u00eda su segundo material, ahora bajo el nombre de \u00abFugaline\u00bb. En su propuesta sonora, una vez m\u00e1s, es posible detectar su gusto por la experimentaci\u00f3n, por la mezcla de sonidos, por una b\u00fasqueda de originalidad. Las melod\u00edas, 10 en total, se enmarcan en un viaje donde con la voz de <strong>Pordomingo<\/strong> y con la magia de sus sonidos, uno se embarca de inmediato en un c\u00f3ctel sonoro de colores, mismo que se ejempifica\u00a0 perfectamente en la portada de su material.<\/p>\n<p>Con \u00abCa\u00edda libre\u00bb, melod\u00eda con la que se las quise presentar, <strong>Cielo Pordomingo<\/strong> muestra sus destrezas instrumentales y vocales. El cambio de ritmo pasando la mitad de la rola, si bien sencillo, es enormemente disfrutable por dotarle a la rola de una personalidad propia que invita a escuchar el material mismo.<\/p>\n<p>\u00bfCuriosos por el trabajo de la argentina? S\u00edguenla a trav\u00e9s de <a href=\"https:\/\/www.facebook.com\/CieloPordomingo\" target=\"_blank\">Facebook<\/a>, <a href=\"https:\/\/twitter.com\/cielopordomingo\" target=\"_blank\">Twitter<\/a> y <a href=\"https:\/\/twitter.com\/cielopordomingo\" target=\"_blank\">SoundCloud<\/a>, adem\u00e1s de seguir sus noticias a trav\u00e9s de su <a href=\"http:\/\/cielopordomingo.com\/\" target=\"_blank\">sitio oficial<\/a>. \u00bfCon ganas de escucharla en vivo? \u00a1<strong>Cielo Pordomingo<\/strong> se presentar\u00e1 este s\u00e1bado 18 de febrero a las 16:00 horas en el <strong>Bazar Creativo del mes del amor y la amistad<\/strong>, ubicado en <strong>Dom\u00e9stico<\/strong> (Nuevo Le\u00f3n #80, col. Condesa)! Por cierto, ah\u00ed andaremos grabando nuestro primer <a href=\"https:\/\/twitter.com\/search?q=%23PodcastRCMX&amp;src=typd\" target=\"_blank\"><strong>#PodcastRCMX<\/strong><\/a> itinerante, \u00a1as\u00ed que ah\u00ed nos vemos!<\/p>\n<p>&nbsp;<\/p>\n<p>&nbsp;<\/p>\n","protected":false},"excerpt":{"rendered":"<p>De Argentina, pero con base en nuestro pa\u00eds, la encargada de colorear con su m\u00fasica nuestro Jueves independiente es la cantautora Cielo Pordomingo.<\/p>\n","protected":false},"author":2,"featured_media":57919,"comment_status":"open","ping_status":"open","sticky":false,"template":"","format":"standard","meta":{"footnotes":""},"categories":[1,430,18,17],"tags":[],"class_list":["post-57917","post","type-post","status-publish","format-standard","has-post-thumbnail","hentry","category-cultura","category-jueves-indie","category-musica","category-principal"],"yoast_head":"<!-- This site is optimized with the Yoast SEO plugin v24.7 - https:\/\/yoast.com\/wordpress\/plugins\/seo\/ -->\n<title>&#039;Ca\u00edda libre&#039;, de Cielo Pordomingo &#171; Reconoce MX<\/title>\n<meta name=\"robots\" content=\"index, follow, max-snippet:-1, max-image-preview:large, max-video-preview:-1\" \/>\n<link rel=\"canonical\" href=\"http:\/\/www.reconoce.mx\/?p=57917\" \/>\n<meta property=\"og:locale\" content=\"es_ES\" \/>\n<meta property=\"og:type\" content=\"article\" \/>\n<meta property=\"og:title\" content=\"&#039;Ca\u00edda libre&#039;, de Cielo Pordomingo &#171; Reconoce MX\" \/>\n<meta property=\"og:description\" content=\"De Argentina, pero con base en nuestro pa\u00eds, la encargada de colorear con su m\u00fasica nuestro Jueves independiente es la cantautora Cielo Pordomingo.\" \/>\n<meta property=\"og:url\" content=\"http:\/\/www.reconoce.mx\/?p=57917\" \/>\n<meta property=\"og:site_name\" content=\"Reconoce MX\" \/>\n<meta property=\"article:publisher\" content=\"https:\/\/es-la.facebook.com\/ReconoceMX\/\" \/>\n<meta property=\"article:published_time\" content=\"2017-02-16T06:03:24+00:00\" \/>\n<meta property=\"article:modified_time\" content=\"2017-02-16T19:09:45+00:00\" \/>\n<meta property=\"og:image\" content=\"http:\/\/www.reconoce.mx\/wp-content\/uploads\/2017\/02\/fugaline-cielo-pordomingo.png\" \/>\n\t<meta property=\"og:image:width\" content=\"590\" \/>\n\t<meta property=\"og:image:height\" content=\"378\" \/>\n\t<meta property=\"og:image:type\" content=\"image\/png\" \/>\n<meta name=\"author\" content=\"Reconoce MX\" \/>\n<meta name=\"twitter:card\" content=\"summary_large_image\" \/>\n<meta name=\"twitter:creator\" content=\"@reconocemx\" \/>\n<meta name=\"twitter:site\" content=\"@reconocemx\" \/>\n<meta name=\"twitter:label1\" content=\"Escrito por\" \/>\n\t<meta name=\"twitter:data1\" content=\"Reconoce MX\" \/>\n\t<meta name=\"twitter:label2\" content=\"Tiempo de lectura\" \/>\n\t<meta name=\"twitter:data2\" content=\"2 minutos\" \/>\n<script type=\"application\/ld+json\" class=\"yoast-schema-graph\">{\"@context\":\"https:\/\/schema.org\",\"@graph\":[{\"@type\":\"Article\",\"@id\":\"http:\/\/www.reconoce.mx\/?p=57917#article\",\"isPartOf\":{\"@id\":\"http:\/\/www.reconoce.mx\/?p=57917\"},\"author\":{\"name\":\"Reconoce MX\",\"@id\":\"http:\/\/www.reconoce.mx\/#\/schema\/person\/2117e997d7051dc15d6880eaf9bca0b2\"},\"headline\":\"&#8216;Ca\u00edda libre&#8217;, de Cielo Pordomingo\",\"datePublished\":\"2017-02-16T06:03:24+00:00\",\"dateModified\":\"2017-02-16T19:09:45+00:00\",\"mainEntityOfPage\":{\"@id\":\"http:\/\/www.reconoce.mx\/?p=57917\"},\"wordCount\":365,\"commentCount\":0,\"publisher\":{\"@id\":\"http:\/\/www.reconoce.mx\/#organization\"},\"image\":{\"@id\":\"http:\/\/www.reconoce.mx\/?p=57917#primaryimage\"},\"thumbnailUrl\":\"http:\/\/www.reconoce.mx\/wp-content\/uploads\/2017\/02\/fugaline-cielo-pordomingo.png\",\"articleSection\":[\"Cultura\",\"Jueves indie\",\"M\u00fasica\",\"Principal\"],\"inLanguage\":\"es\",\"potentialAction\":[{\"@type\":\"CommentAction\",\"name\":\"Comment\",\"target\":[\"http:\/\/www.reconoce.mx\/?p=57917#respond\"]}]},{\"@type\":\"WebPage\",\"@id\":\"http:\/\/www.reconoce.mx\/?p=57917\",\"url\":\"http:\/\/www.reconoce.mx\/?p=57917\",\"name\":\"'Ca\u00edda libre', de Cielo Pordomingo &#171; Reconoce MX\",\"isPartOf\":{\"@id\":\"http:\/\/www.reconoce.mx\/#website\"},\"primaryImageOfPage\":{\"@id\":\"http:\/\/www.reconoce.mx\/?p=57917#primaryimage\"},\"image\":{\"@id\":\"http:\/\/www.reconoce.mx\/?p=57917#primaryimage\"},\"thumbnailUrl\":\"http:\/\/www.reconoce.mx\/wp-content\/uploads\/2017\/02\/fugaline-cielo-pordomingo.png\",\"datePublished\":\"2017-02-16T06:03:24+00:00\",\"dateModified\":\"2017-02-16T19:09:45+00:00\",\"breadcrumb\":{\"@id\":\"http:\/\/www.reconoce.mx\/?p=57917#breadcrumb\"},\"inLanguage\":\"es\",\"potentialAction\":[{\"@type\":\"ReadAction\",\"target\":[\"http:\/\/www.reconoce.mx\/?p=57917\"]}]},{\"@type\":\"ImageObject\",\"inLanguage\":\"es\",\"@id\":\"http:\/\/www.reconoce.mx\/?p=57917#primaryimage\",\"url\":\"http:\/\/www.reconoce.mx\/wp-content\/uploads\/2017\/02\/fugaline-cielo-pordomingo.png\",\"contentUrl\":\"http:\/\/www.reconoce.mx\/wp-content\/uploads\/2017\/02\/fugaline-cielo-pordomingo.png\",\"width\":590,\"height\":378},{\"@type\":\"BreadcrumbList\",\"@id\":\"http:\/\/www.reconoce.mx\/?p=57917#breadcrumb\",\"itemListElement\":[{\"@type\":\"ListItem\",\"position\":1,\"name\":\"Portada\",\"item\":\"http:\/\/www.reconoce.mx\/\"},{\"@type\":\"ListItem\",\"position\":2,\"name\":\"&#8216;Ca\u00edda libre&#8217;, de Cielo Pordomingo\"}]},{\"@type\":\"WebSite\",\"@id\":\"http:\/\/www.reconoce.mx\/#website\",\"url\":\"http:\/\/www.reconoce.mx\/\",\"name\":\"Reconoce MX\",\"description\":\"En Reconoce MX difundimos arte, cultura y conciencia social en M\u00e9xico. Tu ciudad en otra perspectiva.\",\"publisher\":{\"@id\":\"http:\/\/www.reconoce.mx\/#organization\"},\"potentialAction\":[{\"@type\":\"SearchAction\",\"target\":{\"@type\":\"EntryPoint\",\"urlTemplate\":\"http:\/\/www.reconoce.mx\/?s={search_term_string}\"},\"query-input\":{\"@type\":\"PropertyValueSpecification\",\"valueRequired\":true,\"valueName\":\"search_term_string\"}}],\"inLanguage\":\"es\"},{\"@type\":\"Organization\",\"@id\":\"http:\/\/www.reconoce.mx\/#organization\",\"name\":\"Reconoce MX\",\"url\":\"http:\/\/www.reconoce.mx\/\",\"logo\":{\"@type\":\"ImageObject\",\"inLanguage\":\"es\",\"@id\":\"http:\/\/www.reconoce.mx\/#\/schema\/logo\/image\/\",\"url\":\"https:\/\/www.reconoce.mx\/wp-content\/uploads\/2019\/03\/logorcmx-good-1.png\",\"contentUrl\":\"https:\/\/www.reconoce.mx\/wp-content\/uploads\/2019\/03\/logorcmx-good-1.png\",\"width\":280,\"height\":90,\"caption\":\"Reconoce MX\"},\"image\":{\"@id\":\"http:\/\/www.reconoce.mx\/#\/schema\/logo\/image\/\"},\"sameAs\":[\"https:\/\/es-la.facebook.com\/ReconoceMX\/\",\"https:\/\/x.com\/reconocemx\",\"http:\/\/@reconocemx\"]},{\"@type\":\"Person\",\"@id\":\"http:\/\/www.reconoce.mx\/#\/schema\/person\/2117e997d7051dc15d6880eaf9bca0b2\",\"name\":\"Reconoce MX\",\"image\":{\"@type\":\"ImageObject\",\"inLanguage\":\"es\",\"@id\":\"http:\/\/www.reconoce.mx\/#\/schema\/person\/image\/\",\"url\":\"https:\/\/secure.gravatar.com\/avatar\/6c8d4dc7569ca1c90c5fdcc349f839d5ddef6fe1e70b4337ead2ef1a4c43fc3a?s=96&d=identicon&r=g\",\"contentUrl\":\"https:\/\/secure.gravatar.com\/avatar\/6c8d4dc7569ca1c90c5fdcc349f839d5ddef6fe1e70b4337ead2ef1a4c43fc3a?s=96&d=identicon&r=g\",\"caption\":\"Reconoce MX\"},\"description\":\"Reconoce MX es un proyecto de difusi\u00f3n art\u00edstica, cultural y de conciencia social que est\u00e1 enfocado a difundir y fomentar el entretenimiento alternativo de calidad para todo el p\u00fablico que comparta el mismo entusiasmo.\",\"sameAs\":[\"http:\/\/www.reconoce.mx\"],\"url\":\"http:\/\/www.reconoce.mx\/?author=2\"}]}<\/script>\n<!-- \/ Yoast SEO plugin. -->","yoast_head_json":{"title":"'Ca\u00edda libre', de Cielo Pordomingo &#171; Reconoce MX","robots":{"index":"index","follow":"follow","max-snippet":"max-snippet:-1","max-image-preview":"max-image-preview:large","max-video-preview":"max-video-preview:-1"},"canonical":"http:\/\/www.reconoce.mx\/?p=57917","og_locale":"es_ES","og_type":"article","og_title":"'Ca\u00edda libre', de Cielo Pordomingo &#171; Reconoce MX","og_description":"De Argentina, pero con base en nuestro pa\u00eds, la encargada de colorear con su m\u00fasica nuestro Jueves independiente es la cantautora Cielo Pordomingo.","og_url":"http:\/\/www.reconoce.mx\/?p=57917","og_site_name":"Reconoce MX","article_publisher":"https:\/\/es-la.facebook.com\/ReconoceMX\/","article_published_time":"2017-02-16T06:03:24+00:00","article_modified_time":"2017-02-16T19:09:45+00:00","og_image":[{"width":590,"height":378,"url":"http:\/\/www.reconoce.mx\/wp-content\/uploads\/2017\/02\/fugaline-cielo-pordomingo.png","type":"image\/png"}],"author":"Reconoce MX","twitter_card":"summary_large_image","twitter_creator":"@reconocemx","twitter_site":"@reconocemx","twitter_misc":{"Escrito por":"Reconoce MX","Tiempo de lectura":"2 minutos"},"schema":{"@context":"https:\/\/schema.org","@graph":[{"@type":"Article","@id":"http:\/\/www.reconoce.mx\/?p=57917#article","isPartOf":{"@id":"http:\/\/www.reconoce.mx\/?p=57917"},"author":{"name":"Reconoce MX","@id":"http:\/\/www.reconoce.mx\/#\/schema\/person\/2117e997d7051dc15d6880eaf9bca0b2"},"headline":"&#8216;Ca\u00edda libre&#8217;, de Cielo Pordomingo","datePublished":"2017-02-16T06:03:24+00:00","dateModified":"2017-02-16T19:09:45+00:00","mainEntityOfPage":{"@id":"http:\/\/www.reconoce.mx\/?p=57917"},"wordCount":365,"commentCount":0,"publisher":{"@id":"http:\/\/www.reconoce.mx\/#organization"},"image":{"@id":"http:\/\/www.reconoce.mx\/?p=57917#primaryimage"},"thumbnailUrl":"http:\/\/www.reconoce.mx\/wp-content\/uploads\/2017\/02\/fugaline-cielo-pordomingo.png","articleSection":["Cultura","Jueves indie","M\u00fasica","Principal"],"inLanguage":"es","potentialAction":[{"@type":"CommentAction","name":"Comment","target":["http:\/\/www.reconoce.mx\/?p=57917#respond"]}]},{"@type":"WebPage","@id":"http:\/\/www.reconoce.mx\/?p=57917","url":"http:\/\/www.reconoce.mx\/?p=57917","name":"'Ca\u00edda libre', de Cielo Pordomingo &#171; Reconoce MX","isPartOf":{"@id":"http:\/\/www.reconoce.mx\/#website"},"primaryImageOfPage":{"@id":"http:\/\/www.reconoce.mx\/?p=57917#primaryimage"},"image":{"@id":"http:\/\/www.reconoce.mx\/?p=57917#primaryimage"},"thumbnailUrl":"http:\/\/www.reconoce.mx\/wp-content\/uploads\/2017\/02\/fugaline-cielo-pordomingo.png","datePublished":"2017-02-16T06:03:24+00:00","dateModified":"2017-02-16T19:09:45+00:00","breadcrumb":{"@id":"http:\/\/www.reconoce.mx\/?p=57917#breadcrumb"},"inLanguage":"es","potentialAction":[{"@type":"ReadAction","target":["http:\/\/www.reconoce.mx\/?p=57917"]}]},{"@type":"ImageObject","inLanguage":"es","@id":"http:\/\/www.reconoce.mx\/?p=57917#primaryimage","url":"http:\/\/www.reconoce.mx\/wp-content\/uploads\/2017\/02\/fugaline-cielo-pordomingo.png","contentUrl":"http:\/\/www.reconoce.mx\/wp-content\/uploads\/2017\/02\/fugaline-cielo-pordomingo.png","width":590,"height":378},{"@type":"BreadcrumbList","@id":"http:\/\/www.reconoce.mx\/?p=57917#breadcrumb","itemListElement":[{"@type":"ListItem","position":1,"name":"Portada","item":"http:\/\/www.reconoce.mx\/"},{"@type":"ListItem","position":2,"name":"&#8216;Ca\u00edda libre&#8217;, de Cielo Pordomingo"}]},{"@type":"WebSite","@id":"http:\/\/www.reconoce.mx\/#website","url":"http:\/\/www.reconoce.mx\/","name":"Reconoce MX","description":"En Reconoce MX difundimos arte, cultura y conciencia social en M\u00e9xico. Tu ciudad en otra perspectiva.","publisher":{"@id":"http:\/\/www.reconoce.mx\/#organization"},"potentialAction":[{"@type":"SearchAction","target":{"@type":"EntryPoint","urlTemplate":"http:\/\/www.reconoce.mx\/?s={search_term_string}"},"query-input":{"@type":"PropertyValueSpecification","valueRequired":true,"valueName":"search_term_string"}}],"inLanguage":"es"},{"@type":"Organization","@id":"http:\/\/www.reconoce.mx\/#organization","name":"Reconoce MX","url":"http:\/\/www.reconoce.mx\/","logo":{"@type":"ImageObject","inLanguage":"es","@id":"http:\/\/www.reconoce.mx\/#\/schema\/logo\/image\/","url":"https:\/\/www.reconoce.mx\/wp-content\/uploads\/2019\/03\/logorcmx-good-1.png","contentUrl":"https:\/\/www.reconoce.mx\/wp-content\/uploads\/2019\/03\/logorcmx-good-1.png","width":280,"height":90,"caption":"Reconoce MX"},"image":{"@id":"http:\/\/www.reconoce.mx\/#\/schema\/logo\/image\/"},"sameAs":["https:\/\/es-la.facebook.com\/ReconoceMX\/","https:\/\/x.com\/reconocemx","http:\/\/@reconocemx"]},{"@type":"Person","@id":"http:\/\/www.reconoce.mx\/#\/schema\/person\/2117e997d7051dc15d6880eaf9bca0b2","name":"Reconoce MX","image":{"@type":"ImageObject","inLanguage":"es","@id":"http:\/\/www.reconoce.mx\/#\/schema\/person\/image\/","url":"https:\/\/secure.gravatar.com\/avatar\/6c8d4dc7569ca1c90c5fdcc349f839d5ddef6fe1e70b4337ead2ef1a4c43fc3a?s=96&d=identicon&r=g","contentUrl":"https:\/\/secure.gravatar.com\/avatar\/6c8d4dc7569ca1c90c5fdcc349f839d5ddef6fe1e70b4337ead2ef1a4c43fc3a?s=96&d=identicon&r=g","caption":"Reconoce MX"},"description":"Reconoce MX es un proyecto de difusi\u00f3n art\u00edstica, cultural y de conciencia social que est\u00e1 enfocado a difundir y fomentar el entretenimiento alternativo de calidad para todo el p\u00fablico que comparta el mismo entusiasmo.","sameAs":["http:\/\/www.reconoce.mx"],"url":"http:\/\/www.reconoce.mx\/?author=2"}]}},"_links":{"self":[{"href":"http:\/\/www.reconoce.mx\/index.php?rest_route=\/wp\/v2\/posts\/57917","targetHints":{"allow":["GET"]}}],"collection":[{"href":"http:\/\/www.reconoce.mx\/index.php?rest_route=\/wp\/v2\/posts"}],"about":[{"href":"http:\/\/www.reconoce.mx\/index.php?rest_route=\/wp\/v2\/types\/post"}],"author":[{"embeddable":true,"href":"http:\/\/www.reconoce.mx\/index.php?rest_route=\/wp\/v2\/users\/2"}],"replies":[{"embeddable":true,"href":"http:\/\/www.reconoce.mx\/index.php?rest_route=%2Fwp%2Fv2%2Fcomments&post=57917"}],"version-history":[{"count":8,"href":"http:\/\/www.reconoce.mx\/index.php?rest_route=\/wp\/v2\/posts\/57917\/revisions"}],"predecessor-version":[{"id":57926,"href":"http:\/\/www.reconoce.mx\/index.php?rest_route=\/wp\/v2\/posts\/57917\/revisions\/57926"}],"wp:featuredmedia":[{"embeddable":true,"href":"http:\/\/www.reconoce.mx\/index.php?rest_route=\/wp\/v2\/media\/57919"}],"wp:attachment":[{"href":"http:\/\/www.reconoce.mx\/index.php?rest_route=%2Fwp%2Fv2%2Fmedia&parent=57917"}],"wp:term":[{"taxonomy":"category","embeddable":true,"href":"http:\/\/www.reconoce.mx\/index.php?rest_route=%2Fwp%2Fv2%2Fcategories&post=57917"},{"taxonomy":"post_tag","embeddable":true,"href":"http:\/\/www.reconoce.mx\/index.php?rest_route=%2Fwp%2Fv2%2Ftags&post=57917"}],"curies":[{"name":"wp","href":"https:\/\/api.w.org\/{rel}","templated":true}]}}