{"id":57963,"date":"2017-02-14T00:06:53","date_gmt":"2017-02-14T06:06:53","guid":{"rendered":"http:\/\/www.reconoce.mx\/?p=57963"},"modified":"2017-02-14T19:14:25","modified_gmt":"2017-02-15T01:14:25","slug":"siguiente-el-lema-de-vida-de-el-david-aguilar-en-el-lunario","status":"publish","type":"post","link":"http:\/\/www.reconoce.mx\/?p=57963","title":{"rendered":"\u00abSiguiente\u00bb, el lema de vida de El David Aguilar en el Lunario"},"content":{"rendered":"<p><strong>Texto por <a href=\"https:\/\/twitter.com\/olalloyo\" target=\"_blank\">Uriel Delgado<\/a><\/strong>.<br \/>\n<strong>Fotos por <a href=\"https:\/\/www.instagram.com\/blancrg\/\" target=\"_blank\">Blanca Cruz<\/a><\/strong>.<\/p>\n<p>Si hay una figura que ha sufrido los estragos de las nuevas tendencias en la producci\u00f3n musical y la creaci\u00f3n de estrellas instant\u00e1neas, es el cantautor. Ese legendario personaje que con s\u00f3lo una guitarra en mano puede crear mundos imaginarios que se van desdoblando frente a su p\u00fablico y que, lamentablemente, con cada \u00e1lbum sobreproducido y <i>boy band<\/i> nueva, cada vez vemos m\u00e1s cerca de desaparecer. O al menos eso es lo que puede parecer si no pones atenci\u00f3n a lo que est\u00e1 pasando en Sinaloa y en espec\u00edfico con el carism\u00e1tico <strong>El David Aguilar<\/strong>.<\/p>\n<p><a href=\"http:\/\/www.reconoce.mx\/wp-content\/uploads\/2017\/02\/el-david-aguilar-2.png\"><img loading=\"lazy\" decoding=\"async\" class=\"aligncenter size-full wp-image-57966\" src=\"http:\/\/www.reconoce.mx\/wp-content\/uploads\/2017\/02\/el-david-aguilar-2.png\" alt=\"\" width=\"590\" height=\"380\" srcset=\"http:\/\/www.reconoce.mx\/wp-content\/uploads\/2017\/02\/el-david-aguilar-2.png 590w, http:\/\/www.reconoce.mx\/wp-content\/uploads\/2017\/02\/el-david-aguilar-2-300x193.png 300w, http:\/\/www.reconoce.mx\/wp-content\/uploads\/2017\/02\/el-david-aguilar-2-150x97.png 150w\" sizes=\"auto, (max-width: 590px) 100vw, 590px\" \/><\/a><\/p>\n<p><em><strong>&gt;&gt;<a href=\"https:\/\/www.flickr.com\/photos\/reconocemx\/albums\/72157676560189754\" target=\"_blank\">Disfruta de nuestra galer\u00eda de El David Aguilar en el Lunario<\/a>&lt;&lt;<\/strong><\/em><\/p>\n<p>Con pretexto de la presentaci\u00f3n de su nuevo disco, <strong>El David Aguilar<\/strong> reuni\u00f3 a un c\u00famulo de seguidores, nuevos adeptos y viejos amigos en el <strong>Lunario del Auditorio Nacional<\/strong> para ofrecer un \u00edntimo concierto que estar\u00eda lleno de giros, anticipando precisamente lo que es su nuevo trabajo.<\/p>\n<p>La obscuridad del escenario no alcanzaba a esconder del todo la escenograf\u00eda que estaba preparada para recibir al sinaloense, pero antes ten\u00eda que dejar un espacio para que el dominicano <strong>Alex Ferreira<\/strong> abriera la noche adecuadamente. Tras estrenar su disco \u00abCinema Tropical\u00bb, en el que tom\u00f3 una direcci\u00f3n mucho m\u00e1s electr\u00f3nica, Alex record\u00f3 que lo que verdaderamente mueve a la gente son las emociones y con s\u00f3lo su guitarra interpret\u00f3 algunos de los temas que lo volvieron uno de los consentidos del circuito mexicano. Las versiones ac\u00fasticas de \u00abEl af\u00e1n\u00bb, o \u00abPolaridad\u00bb aderezaron la noche mientras que el recinto de Reforma se dejaba llevar por su guitarra. Desde aqu\u00ed comenzaron las sorpresas, pues Ferreira interpret\u00f3 un tema que compuso junto a <strong>El David Aguilar<\/strong>, a\u00fan sin nombre, pero que ten\u00eda que aprovechar la oportunidad para probar frente al p\u00fablico. El mejor final s\u00f3lo pudo haber sido con \u00abMe pierdo contigo\u00bb, tema que sin duda termin\u00f3 por atrapar a aquellos que a\u00fan no conoc\u00edan al m\u00fasico caribe\u00f1o.<\/p>\n<p><a href=\"http:\/\/www.reconoce.mx\/wp-content\/uploads\/2017\/02\/el-david-aguilar-3.png\"><img loading=\"lazy\" decoding=\"async\" class=\"aligncenter size-full wp-image-57967\" src=\"http:\/\/www.reconoce.mx\/wp-content\/uploads\/2017\/02\/el-david-aguilar-3.png\" alt=\"\" width=\"590\" height=\"380\" srcset=\"http:\/\/www.reconoce.mx\/wp-content\/uploads\/2017\/02\/el-david-aguilar-3.png 590w, http:\/\/www.reconoce.mx\/wp-content\/uploads\/2017\/02\/el-david-aguilar-3-300x193.png 300w, http:\/\/www.reconoce.mx\/wp-content\/uploads\/2017\/02\/el-david-aguilar-3-150x97.png 150w\" sizes=\"auto, (max-width: 590px) 100vw, 590px\" \/><\/a><\/p>\n<p><em><strong>&gt;&gt;<a href=\"https:\/\/www.flickr.com\/photos\/reconocemx\/albums\/72157676560189754\" target=\"_blank\">Disfruta de nuestra galer\u00eda de El David Aguilar en el Lunario<\/a>&lt;&lt;<\/strong><\/em><\/p>\n<p>Finalmente, la velada especialmente preparada por el sinaloense comenz\u00f3 con \u00abEmbrujo\u00bb, al tiempo que el escenario se encend\u00eda y revelaba una particular decoraci\u00f3n, entre la que se pod\u00eda ver una flecha que revelaba el nombre de su nuevo disco: \u00abSiguiente\u00bb. Una enorme luna que cambiaba de color seg\u00fan la iluminaci\u00f3n, una bicicleta, un globo y m\u00faltiples focos completaban el escenario. Los cuatro m\u00fasicos que acompa\u00f1aban al cantautor luc\u00edan igual de emocionados que \u00e9l, y as\u00ed continuaron al interpretar \u00abFrente a tus ojos\u00bb y \u00abPolvo de coraz\u00f3n\u00bb, en las que el prodigioso silbido de <strong>El David Aguilar<\/strong> se volvi\u00f3 protagonista.<\/p>\n<p>Pese a estar presentando \u00fanicamente canciones nuevas, todas las que formar\u00e1n parte de \u00abSiguiente\u00bb, el p\u00fablico segu\u00eda al m\u00fasico en cada tema y se emocionaba cuando llegaban temas que ya hab\u00edan escuchado. Entre ellos \u00abAves de agua\u00bb, el cual fue primer corte promocional de este material y que a trav\u00e9s de una apolog\u00eda a los besos comenz\u00f3 a llenar la noche de romance. Una de las facetas m\u00e1s representativas del guitarrista lleg\u00f3 con \u00abDesacreditaci\u00f3n del poderoso\u00bb, en la que al ritmo de cumbia extendi\u00f3 una cr\u00edtica a todos aquellos personajes corruptos que lamentablemente est\u00e1n en el poder. \u00abPor eso quiero que se vuelva famosa\u00bb, dijo <strong>El David Aguilar<\/strong> entre risas, dejando entrever que tras su carism\u00e1tica figura yace un personaje con una preocupaci\u00f3n genuina por su entorno, otra de las caracter\u00edsticas que tanto extra\u00f1amos de los cantautores. En el \u00e1lbum, que en breve estar\u00e1 a la venta, Aguilar le canta al amor, la soledad y a diversos problemas que aquejan a muchos de nosotros, pero nunca deja de lado el factor social.<\/p>\n<p><a href=\"http:\/\/www.reconoce.mx\/wp-content\/uploads\/2017\/02\/el-david-aguilar-4.png\"><img loading=\"lazy\" decoding=\"async\" class=\"aligncenter size-full wp-image-57968\" src=\"http:\/\/www.reconoce.mx\/wp-content\/uploads\/2017\/02\/el-david-aguilar-4.png\" alt=\"\" width=\"590\" height=\"380\" srcset=\"http:\/\/www.reconoce.mx\/wp-content\/uploads\/2017\/02\/el-david-aguilar-4.png 590w, http:\/\/www.reconoce.mx\/wp-content\/uploads\/2017\/02\/el-david-aguilar-4-300x193.png 300w, http:\/\/www.reconoce.mx\/wp-content\/uploads\/2017\/02\/el-david-aguilar-4-150x97.png 150w\" sizes=\"auto, (max-width: 590px) 100vw, 590px\" \/><\/a><\/p>\n<p><em><strong>&gt;&gt;<a href=\"https:\/\/www.flickr.com\/photos\/reconocemx\/albums\/72157676560189754\" target=\"_blank\">Disfruta de nuestra galer\u00eda de El David Aguilar en el Lunario<\/a>&lt;&lt;<\/strong><\/em><\/p>\n<p>La velada continu\u00f3 con \u00abMeteorito\u00bb, tema en que la escenograf\u00eda cobr\u00f3 una importancia especial, seguida por \u00abEra mi abuelo\u00bb, canci\u00f3n dedicada a un personaje muy importante en su vida que dej\u00f3 ver otro cambio de ritmo, ya que al ritmo de rock hizo que la audiencia entrara en calor. Para este momento, las sorpresas ya estaban preparadas y los primeros invitados de la noche fueron los integrantes del dueto <strong>Ampersan<\/strong>, con quienes <strong>El David Aguilar<\/strong> cant\u00f3 el tema \u00abRosa encendida\u00bb, d\u00e1ndole un particular sonido a esta interpretaci\u00f3n con las influencias folkl\u00f3ricas que la agrupaci\u00f3n oriunda de Guadalajara.<\/p>\n<p>La segunda parte del concierto vio a el cantautor acompa\u00f1ado \u00fanicamente de su guitarra, record\u00e1ndonos que la clave detr\u00e1s de cualquier proyecto es la uni\u00f3n entre el m\u00fasico y su mensaje, algo que <strong>El David Aguilar<\/strong> domina a la perfecci\u00f3n. Entre los temas que interpret\u00f3 destacaron \u201cDespierta\u00bb y \u00abAliada\u00bb, que estren\u00f3 en p\u00fablico para esta ocasi\u00f3n, y en la que una vez m\u00e1s el p\u00fablico se uni\u00f3 al particular chiflido del sinaloense. Tras esto, sus m\u00fasicos regresaron al escenario para interpretar \u00abCriatura\u00bb y \u00abLos \u00e1rboles\u00bb.<\/p>\n<p><a href=\"http:\/\/www.reconoce.mx\/wp-content\/uploads\/2017\/02\/el-david-aguilar-5.png\"><img loading=\"lazy\" decoding=\"async\" class=\"aligncenter size-full wp-image-57969\" src=\"http:\/\/www.reconoce.mx\/wp-content\/uploads\/2017\/02\/el-david-aguilar-5.png\" alt=\"\" width=\"590\" height=\"380\" srcset=\"http:\/\/www.reconoce.mx\/wp-content\/uploads\/2017\/02\/el-david-aguilar-5.png 590w, http:\/\/www.reconoce.mx\/wp-content\/uploads\/2017\/02\/el-david-aguilar-5-300x193.png 300w, http:\/\/www.reconoce.mx\/wp-content\/uploads\/2017\/02\/el-david-aguilar-5-150x97.png 150w\" sizes=\"auto, (max-width: 590px) 100vw, 590px\" \/><\/a><\/p>\n<p><em><strong>&gt;&gt;<a href=\"https:\/\/www.flickr.com\/photos\/reconocemx\/albums\/72157676560189754\" target=\"_blank\">Disfruta de nuestra galer\u00eda de El David Aguilar en el Lunario<\/a>&lt;&lt;<\/strong><\/em><\/p>\n<p>El final se comenz\u00f3 a sentir cuando la segunda invitada subi\u00f3 al escenario, <strong>Loli Molina<\/strong>, para interpretar \u00abEco\u00bb junto al m\u00fasico. Los cambios de ritmo, chistes y risas compartidas hicieron que la noche se fuera r\u00e1pido. Demasiado r\u00e1pido. Para \u00abAntenas del porvenir\u00bb la melancol\u00eda era tangible, sobre todo en los m\u00fasicos que la hab\u00edan pasado mejor que cualquiera de nosotros. Con \u00abCumbia de la bici\u00bb, su mayor \u00e9xito, el <strong>Lunario<\/strong> se termin\u00f3 de entregar a uno de los grandes m\u00fasicos que est\u00e1n reviviendo la labor del cantautor y, en palabras de <strong>Alex Ferreira<\/strong>, \u00abuno de los mejores letristas mexicanos\u00bb. Ahora s\u00f3lo falta ver qu\u00e9 ser\u00e1 lo siguiente.<\/p>\n<p>&nbsp;<\/p>\n<p>&nbsp;<\/p>\n","protected":false},"excerpt":{"rendered":"<p>Si hay una figura que ha sufrido los estragos de las nuevas tendencias en la producci\u00f3n musical y la creaci\u00f3n de estrellas instant\u00e1neas, es el cantautor.<\/p>\n","protected":false},"author":2,"featured_media":57965,"comment_status":"open","ping_status":"open","sticky":false,"template":"","format":"standard","meta":{"footnotes":""},"categories":[1,18,17],"tags":[],"class_list":["post-57963","post","type-post","status-publish","format-standard","has-post-thumbnail","hentry","category-cultura","category-musica","category-principal"],"yoast_head":"<!-- This site is optimized with the Yoast SEO plugin v24.7 - https:\/\/yoast.com\/wordpress\/plugins\/seo\/ -->\n<title>&quot;Siguiente&quot;, el lema de vida de El David Aguilar en el Lunario &#171; Reconoce MX<\/title>\n<meta name=\"robots\" content=\"index, follow, max-snippet:-1, max-image-preview:large, max-video-preview:-1\" \/>\n<link rel=\"canonical\" href=\"https:\/\/www.reconoce.mx\/?p=57963\" \/>\n<meta property=\"og:locale\" content=\"es_ES\" \/>\n<meta property=\"og:type\" content=\"article\" \/>\n<meta property=\"og:title\" content=\"&quot;Siguiente&quot;, el lema de vida de El David Aguilar en el Lunario &#171; Reconoce MX\" \/>\n<meta property=\"og:description\" content=\"Si hay una figura que ha sufrido los estragos de las nuevas tendencias en la producci\u00f3n musical y la creaci\u00f3n de estrellas instant\u00e1neas, es el cantautor.\" \/>\n<meta property=\"og:url\" content=\"https:\/\/www.reconoce.mx\/?p=57963\" \/>\n<meta property=\"og:site_name\" content=\"Reconoce MX\" \/>\n<meta property=\"article:publisher\" content=\"https:\/\/es-la.facebook.com\/ReconoceMX\/\" \/>\n<meta property=\"article:published_time\" content=\"2017-02-14T06:06:53+00:00\" \/>\n<meta property=\"article:modified_time\" content=\"2017-02-15T01:14:25+00:00\" \/>\n<meta property=\"og:image\" content=\"https:\/\/www.reconoce.mx\/wp-content\/uploads\/2017\/02\/el-david-aguilar-1.png\" \/>\n\t<meta property=\"og:image:width\" content=\"590\" \/>\n\t<meta property=\"og:image:height\" content=\"380\" \/>\n\t<meta property=\"og:image:type\" content=\"image\/png\" \/>\n<meta name=\"author\" content=\"Reconoce MX\" \/>\n<meta name=\"twitter:card\" content=\"summary_large_image\" \/>\n<meta name=\"twitter:creator\" content=\"@reconocemx\" \/>\n<meta name=\"twitter:site\" content=\"@reconocemx\" \/>\n<meta name=\"twitter:label1\" content=\"Escrito por\" \/>\n\t<meta name=\"twitter:data1\" content=\"Reconoce MX\" \/>\n\t<meta name=\"twitter:label2\" content=\"Tiempo de lectura\" \/>\n\t<meta name=\"twitter:data2\" content=\"5 minutos\" \/>\n<script type=\"application\/ld+json\" class=\"yoast-schema-graph\">{\"@context\":\"https:\/\/schema.org\",\"@graph\":[{\"@type\":\"Article\",\"@id\":\"https:\/\/www.reconoce.mx\/?p=57963#article\",\"isPartOf\":{\"@id\":\"https:\/\/www.reconoce.mx\/?p=57963\"},\"author\":{\"name\":\"Reconoce MX\",\"@id\":\"http:\/\/www.reconoce.mx\/#\/schema\/person\/2117e997d7051dc15d6880eaf9bca0b2\"},\"headline\":\"\u00abSiguiente\u00bb, el lema de vida de El David Aguilar en el Lunario\",\"datePublished\":\"2017-02-14T06:06:53+00:00\",\"dateModified\":\"2017-02-15T01:14:25+00:00\",\"mainEntityOfPage\":{\"@id\":\"https:\/\/www.reconoce.mx\/?p=57963\"},\"wordCount\":1033,\"commentCount\":0,\"publisher\":{\"@id\":\"http:\/\/www.reconoce.mx\/#organization\"},\"image\":{\"@id\":\"https:\/\/www.reconoce.mx\/?p=57963#primaryimage\"},\"thumbnailUrl\":\"http:\/\/www.reconoce.mx\/wp-content\/uploads\/2017\/02\/el-david-aguilar-1.png\",\"articleSection\":[\"Cultura\",\"M\u00fasica\",\"Principal\"],\"inLanguage\":\"es\",\"potentialAction\":[{\"@type\":\"CommentAction\",\"name\":\"Comment\",\"target\":[\"https:\/\/www.reconoce.mx\/?p=57963#respond\"]}]},{\"@type\":\"WebPage\",\"@id\":\"https:\/\/www.reconoce.mx\/?p=57963\",\"url\":\"https:\/\/www.reconoce.mx\/?p=57963\",\"name\":\"\\\"Siguiente\\\", el lema de vida de El David Aguilar en el Lunario &#171; Reconoce MX\",\"isPartOf\":{\"@id\":\"http:\/\/www.reconoce.mx\/#website\"},\"primaryImageOfPage\":{\"@id\":\"https:\/\/www.reconoce.mx\/?p=57963#primaryimage\"},\"image\":{\"@id\":\"https:\/\/www.reconoce.mx\/?p=57963#primaryimage\"},\"thumbnailUrl\":\"http:\/\/www.reconoce.mx\/wp-content\/uploads\/2017\/02\/el-david-aguilar-1.png\",\"datePublished\":\"2017-02-14T06:06:53+00:00\",\"dateModified\":\"2017-02-15T01:14:25+00:00\",\"breadcrumb\":{\"@id\":\"https:\/\/www.reconoce.mx\/?p=57963#breadcrumb\"},\"inLanguage\":\"es\",\"potentialAction\":[{\"@type\":\"ReadAction\",\"target\":[\"https:\/\/www.reconoce.mx\/?p=57963\"]}]},{\"@type\":\"ImageObject\",\"inLanguage\":\"es\",\"@id\":\"https:\/\/www.reconoce.mx\/?p=57963#primaryimage\",\"url\":\"http:\/\/www.reconoce.mx\/wp-content\/uploads\/2017\/02\/el-david-aguilar-1.png\",\"contentUrl\":\"http:\/\/www.reconoce.mx\/wp-content\/uploads\/2017\/02\/el-david-aguilar-1.png\",\"width\":590,\"height\":380},{\"@type\":\"BreadcrumbList\",\"@id\":\"https:\/\/www.reconoce.mx\/?p=57963#breadcrumb\",\"itemListElement\":[{\"@type\":\"ListItem\",\"position\":1,\"name\":\"Portada\",\"item\":\"http:\/\/www.reconoce.mx\/\"},{\"@type\":\"ListItem\",\"position\":2,\"name\":\"\u00abSiguiente\u00bb, el lema de vida de El David Aguilar en el Lunario\"}]},{\"@type\":\"WebSite\",\"@id\":\"http:\/\/www.reconoce.mx\/#website\",\"url\":\"http:\/\/www.reconoce.mx\/\",\"name\":\"Reconoce MX\",\"description\":\"En Reconoce MX difundimos arte, cultura y conciencia social en M\u00e9xico. Tu ciudad en otra perspectiva.\",\"publisher\":{\"@id\":\"http:\/\/www.reconoce.mx\/#organization\"},\"potentialAction\":[{\"@type\":\"SearchAction\",\"target\":{\"@type\":\"EntryPoint\",\"urlTemplate\":\"http:\/\/www.reconoce.mx\/?s={search_term_string}\"},\"query-input\":{\"@type\":\"PropertyValueSpecification\",\"valueRequired\":true,\"valueName\":\"search_term_string\"}}],\"inLanguage\":\"es\"},{\"@type\":\"Organization\",\"@id\":\"http:\/\/www.reconoce.mx\/#organization\",\"name\":\"Reconoce MX\",\"url\":\"http:\/\/www.reconoce.mx\/\",\"logo\":{\"@type\":\"ImageObject\",\"inLanguage\":\"es\",\"@id\":\"http:\/\/www.reconoce.mx\/#\/schema\/logo\/image\/\",\"url\":\"https:\/\/www.reconoce.mx\/wp-content\/uploads\/2019\/03\/logorcmx-good-1.png\",\"contentUrl\":\"https:\/\/www.reconoce.mx\/wp-content\/uploads\/2019\/03\/logorcmx-good-1.png\",\"width\":280,\"height\":90,\"caption\":\"Reconoce MX\"},\"image\":{\"@id\":\"http:\/\/www.reconoce.mx\/#\/schema\/logo\/image\/\"},\"sameAs\":[\"https:\/\/es-la.facebook.com\/ReconoceMX\/\",\"https:\/\/x.com\/reconocemx\",\"http:\/\/@reconocemx\"]},{\"@type\":\"Person\",\"@id\":\"http:\/\/www.reconoce.mx\/#\/schema\/person\/2117e997d7051dc15d6880eaf9bca0b2\",\"name\":\"Reconoce MX\",\"image\":{\"@type\":\"ImageObject\",\"inLanguage\":\"es\",\"@id\":\"http:\/\/www.reconoce.mx\/#\/schema\/person\/image\/\",\"url\":\"https:\/\/secure.gravatar.com\/avatar\/6c8d4dc7569ca1c90c5fdcc349f839d5ddef6fe1e70b4337ead2ef1a4c43fc3a?s=96&d=identicon&r=g\",\"contentUrl\":\"https:\/\/secure.gravatar.com\/avatar\/6c8d4dc7569ca1c90c5fdcc349f839d5ddef6fe1e70b4337ead2ef1a4c43fc3a?s=96&d=identicon&r=g\",\"caption\":\"Reconoce MX\"},\"description\":\"Reconoce MX es un proyecto de difusi\u00f3n art\u00edstica, cultural y de conciencia social que est\u00e1 enfocado a difundir y fomentar el entretenimiento alternativo de calidad para todo el p\u00fablico que comparta el mismo entusiasmo.\",\"sameAs\":[\"http:\/\/www.reconoce.mx\"],\"url\":\"http:\/\/www.reconoce.mx\/?author=2\"}]}<\/script>\n<!-- \/ Yoast SEO plugin. -->","yoast_head_json":{"title":"\"Siguiente\", el lema de vida de El David Aguilar en el Lunario &#171; Reconoce MX","robots":{"index":"index","follow":"follow","max-snippet":"max-snippet:-1","max-image-preview":"max-image-preview:large","max-video-preview":"max-video-preview:-1"},"canonical":"https:\/\/www.reconoce.mx\/?p=57963","og_locale":"es_ES","og_type":"article","og_title":"\"Siguiente\", el lema de vida de El David Aguilar en el Lunario &#171; Reconoce MX","og_description":"Si hay una figura que ha sufrido los estragos de las nuevas tendencias en la producci\u00f3n musical y la creaci\u00f3n de estrellas instant\u00e1neas, es el cantautor.","og_url":"https:\/\/www.reconoce.mx\/?p=57963","og_site_name":"Reconoce MX","article_publisher":"https:\/\/es-la.facebook.com\/ReconoceMX\/","article_published_time":"2017-02-14T06:06:53+00:00","article_modified_time":"2017-02-15T01:14:25+00:00","og_image":[{"width":590,"height":380,"url":"https:\/\/www.reconoce.mx\/wp-content\/uploads\/2017\/02\/el-david-aguilar-1.png","type":"image\/png"}],"author":"Reconoce MX","twitter_card":"summary_large_image","twitter_creator":"@reconocemx","twitter_site":"@reconocemx","twitter_misc":{"Escrito por":"Reconoce MX","Tiempo de lectura":"5 minutos"},"schema":{"@context":"https:\/\/schema.org","@graph":[{"@type":"Article","@id":"https:\/\/www.reconoce.mx\/?p=57963#article","isPartOf":{"@id":"https:\/\/www.reconoce.mx\/?p=57963"},"author":{"name":"Reconoce MX","@id":"http:\/\/www.reconoce.mx\/#\/schema\/person\/2117e997d7051dc15d6880eaf9bca0b2"},"headline":"\u00abSiguiente\u00bb, el lema de vida de El David Aguilar en el Lunario","datePublished":"2017-02-14T06:06:53+00:00","dateModified":"2017-02-15T01:14:25+00:00","mainEntityOfPage":{"@id":"https:\/\/www.reconoce.mx\/?p=57963"},"wordCount":1033,"commentCount":0,"publisher":{"@id":"http:\/\/www.reconoce.mx\/#organization"},"image":{"@id":"https:\/\/www.reconoce.mx\/?p=57963#primaryimage"},"thumbnailUrl":"http:\/\/www.reconoce.mx\/wp-content\/uploads\/2017\/02\/el-david-aguilar-1.png","articleSection":["Cultura","M\u00fasica","Principal"],"inLanguage":"es","potentialAction":[{"@type":"CommentAction","name":"Comment","target":["https:\/\/www.reconoce.mx\/?p=57963#respond"]}]},{"@type":"WebPage","@id":"https:\/\/www.reconoce.mx\/?p=57963","url":"https:\/\/www.reconoce.mx\/?p=57963","name":"\"Siguiente\", el lema de vida de El David Aguilar en el Lunario &#171; Reconoce MX","isPartOf":{"@id":"http:\/\/www.reconoce.mx\/#website"},"primaryImageOfPage":{"@id":"https:\/\/www.reconoce.mx\/?p=57963#primaryimage"},"image":{"@id":"https:\/\/www.reconoce.mx\/?p=57963#primaryimage"},"thumbnailUrl":"http:\/\/www.reconoce.mx\/wp-content\/uploads\/2017\/02\/el-david-aguilar-1.png","datePublished":"2017-02-14T06:06:53+00:00","dateModified":"2017-02-15T01:14:25+00:00","breadcrumb":{"@id":"https:\/\/www.reconoce.mx\/?p=57963#breadcrumb"},"inLanguage":"es","potentialAction":[{"@type":"ReadAction","target":["https:\/\/www.reconoce.mx\/?p=57963"]}]},{"@type":"ImageObject","inLanguage":"es","@id":"https:\/\/www.reconoce.mx\/?p=57963#primaryimage","url":"http:\/\/www.reconoce.mx\/wp-content\/uploads\/2017\/02\/el-david-aguilar-1.png","contentUrl":"http:\/\/www.reconoce.mx\/wp-content\/uploads\/2017\/02\/el-david-aguilar-1.png","width":590,"height":380},{"@type":"BreadcrumbList","@id":"https:\/\/www.reconoce.mx\/?p=57963#breadcrumb","itemListElement":[{"@type":"ListItem","position":1,"name":"Portada","item":"http:\/\/www.reconoce.mx\/"},{"@type":"ListItem","position":2,"name":"\u00abSiguiente\u00bb, el lema de vida de El David Aguilar en el Lunario"}]},{"@type":"WebSite","@id":"http:\/\/www.reconoce.mx\/#website","url":"http:\/\/www.reconoce.mx\/","name":"Reconoce MX","description":"En Reconoce MX difundimos arte, cultura y conciencia social en M\u00e9xico. Tu ciudad en otra perspectiva.","publisher":{"@id":"http:\/\/www.reconoce.mx\/#organization"},"potentialAction":[{"@type":"SearchAction","target":{"@type":"EntryPoint","urlTemplate":"http:\/\/www.reconoce.mx\/?s={search_term_string}"},"query-input":{"@type":"PropertyValueSpecification","valueRequired":true,"valueName":"search_term_string"}}],"inLanguage":"es"},{"@type":"Organization","@id":"http:\/\/www.reconoce.mx\/#organization","name":"Reconoce MX","url":"http:\/\/www.reconoce.mx\/","logo":{"@type":"ImageObject","inLanguage":"es","@id":"http:\/\/www.reconoce.mx\/#\/schema\/logo\/image\/","url":"https:\/\/www.reconoce.mx\/wp-content\/uploads\/2019\/03\/logorcmx-good-1.png","contentUrl":"https:\/\/www.reconoce.mx\/wp-content\/uploads\/2019\/03\/logorcmx-good-1.png","width":280,"height":90,"caption":"Reconoce MX"},"image":{"@id":"http:\/\/www.reconoce.mx\/#\/schema\/logo\/image\/"},"sameAs":["https:\/\/es-la.facebook.com\/ReconoceMX\/","https:\/\/x.com\/reconocemx","http:\/\/@reconocemx"]},{"@type":"Person","@id":"http:\/\/www.reconoce.mx\/#\/schema\/person\/2117e997d7051dc15d6880eaf9bca0b2","name":"Reconoce MX","image":{"@type":"ImageObject","inLanguage":"es","@id":"http:\/\/www.reconoce.mx\/#\/schema\/person\/image\/","url":"https:\/\/secure.gravatar.com\/avatar\/6c8d4dc7569ca1c90c5fdcc349f839d5ddef6fe1e70b4337ead2ef1a4c43fc3a?s=96&d=identicon&r=g","contentUrl":"https:\/\/secure.gravatar.com\/avatar\/6c8d4dc7569ca1c90c5fdcc349f839d5ddef6fe1e70b4337ead2ef1a4c43fc3a?s=96&d=identicon&r=g","caption":"Reconoce MX"},"description":"Reconoce MX es un proyecto de difusi\u00f3n art\u00edstica, cultural y de conciencia social que est\u00e1 enfocado a difundir y fomentar el entretenimiento alternativo de calidad para todo el p\u00fablico que comparta el mismo entusiasmo.","sameAs":["http:\/\/www.reconoce.mx"],"url":"http:\/\/www.reconoce.mx\/?author=2"}]}},"_links":{"self":[{"href":"http:\/\/www.reconoce.mx\/index.php?rest_route=\/wp\/v2\/posts\/57963","targetHints":{"allow":["GET"]}}],"collection":[{"href":"http:\/\/www.reconoce.mx\/index.php?rest_route=\/wp\/v2\/posts"}],"about":[{"href":"http:\/\/www.reconoce.mx\/index.php?rest_route=\/wp\/v2\/types\/post"}],"author":[{"embeddable":true,"href":"http:\/\/www.reconoce.mx\/index.php?rest_route=\/wp\/v2\/users\/2"}],"replies":[{"embeddable":true,"href":"http:\/\/www.reconoce.mx\/index.php?rest_route=%2Fwp%2Fv2%2Fcomments&post=57963"}],"version-history":[{"count":5,"href":"http:\/\/www.reconoce.mx\/index.php?rest_route=\/wp\/v2\/posts\/57963\/revisions"}],"predecessor-version":[{"id":57973,"href":"http:\/\/www.reconoce.mx\/index.php?rest_route=\/wp\/v2\/posts\/57963\/revisions\/57973"}],"wp:featuredmedia":[{"embeddable":true,"href":"http:\/\/www.reconoce.mx\/index.php?rest_route=\/wp\/v2\/media\/57965"}],"wp:attachment":[{"href":"http:\/\/www.reconoce.mx\/index.php?rest_route=%2Fwp%2Fv2%2Fmedia&parent=57963"}],"wp:term":[{"taxonomy":"category","embeddable":true,"href":"http:\/\/www.reconoce.mx\/index.php?rest_route=%2Fwp%2Fv2%2Fcategories&post=57963"},{"taxonomy":"post_tag","embeddable":true,"href":"http:\/\/www.reconoce.mx\/index.php?rest_route=%2Fwp%2Fv2%2Ftags&post=57963"}],"curies":[{"name":"wp","href":"https:\/\/api.w.org\/{rel}","templated":true}]}}