{"id":58007,"date":"2017-02-15T00:05:10","date_gmt":"2017-02-15T06:05:10","guid":{"rendered":"http:\/\/www.reconoce.mx\/?p=58007"},"modified":"2017-02-15T18:39:02","modified_gmt":"2017-02-16T00:39:02","slug":"para-el-antes-o-para-el-ahora-la-mascara-de-la-muerte-roja","status":"publish","type":"post","link":"http:\/\/www.reconoce.mx\/?p=58007","title":{"rendered":"Para el antes o para el ahora, &#8216;La m\u00e1scara de la Muerte Roja&#8217;"},"content":{"rendered":"<p><a href=\"http:\/\/www.reconoce.mx\/category\/columnistas\/\"><img loading=\"lazy\" decoding=\"async\" class=\"aligncenter size-full wp-image-40651\" src=\"http:\/\/www.reconoce.mx\/wp-content\/uploads\/2015\/09\/ColumnistaRCMX.png\" alt=\"Columnistainvitado\" width=\"570\" height=\"70\" \/><\/a><strong><br \/>\nPor <a href=\"https:\/\/twitter.com\/SandyMW13\" target=\"_blank\">Sandyluz<\/a><\/strong>.<\/p>\n<p>Con la vigencia actual que tiene en M\u00e9xico el tema de los muros fronterizos y las discriminaciones. A ra\u00edz de gobernantes reci\u00e9n electos con ideas radicales que poco favorecen el intercambio y la globalizaci\u00f3n, un estupendo cuento del maestro del terror, <strong>Allan Poe<\/strong>: \u00abLa m\u00e1scara de la Muerte Roja\u00bb. Fue escrito en 1842 y ha sido incluido en la antolog\u00eda de cuentos del autor, titulada \u00abNarraciones extraordinarias\u00bb. Pues bien, parece incre\u00edble que en pleno 2017, un relato ficcional de anta\u00f1o tenga m\u00e1s vigencia que nunca, y, \u00a1recordar que se trata de un cuento de terror! \u00a1Vaya derrotero el de nuestra realidad contempor\u00e1nea!<\/p>\n<p><a href=\"http:\/\/www.reconoce.mx\/wp-content\/uploads\/2017\/02\/original.jpg\"><img loading=\"lazy\" decoding=\"async\" class=\"aligncenter size-full wp-image-58008\" src=\"http:\/\/www.reconoce.mx\/wp-content\/uploads\/2017\/02\/original.jpg\" alt=\"\" width=\"1000\" height=\"1333\" srcset=\"http:\/\/www.reconoce.mx\/wp-content\/uploads\/2017\/02\/original.jpg 1000w, http:\/\/www.reconoce.mx\/wp-content\/uploads\/2017\/02\/original-225x300.jpg 225w, http:\/\/www.reconoce.mx\/wp-content\/uploads\/2017\/02\/original-768x1024.jpg 768w, http:\/\/www.reconoce.mx\/wp-content\/uploads\/2017\/02\/original-150x200.jpg 150w, http:\/\/www.reconoce.mx\/wp-content\/uploads\/2017\/02\/original-700x933.jpg 700w, http:\/\/www.reconoce.mx\/wp-content\/uploads\/2017\/02\/original-658x877.jpg 658w, http:\/\/www.reconoce.mx\/wp-content\/uploads\/2017\/02\/original-300x400.jpg 300w\" sizes=\"auto, (max-width: 1000px) 100vw, 1000px\" \/><\/a><\/p>\n<p>Ambientando en un contexto medieval, la historia atemporal se disfraza de inocente cuento, casi infantil; expone, de forma aleg\u00f3rica, la intrusi\u00f3n inevitable de la muerte; sin embargo, adem\u00e1s de estar cargado de s\u00edmbolos a elucidar, nada es menos tierno e infantil que este cuento. Gran tensi\u00f3n y misterio en el desarrollo de sus p\u00e1ginas. Las apariencias enga\u00f1an.<\/p>\n<p>En un antiguo reino, la enfermedad, denominada la <strong>Muerte Roja<\/strong>, est\u00e1 minando las vidas de los habitantes. El pr\u00edncipe Pr\u00f3spero (ir\u00f3nico que se llame as\u00ed), en vez de apoyar a su pueblo, resuelve resguardarse en las seguras y \u201cpr\u00f3speras\u201d paredes de su palacio, mientras la enfermedad cede; mientras mueran quienes deban morir. Invita, con \u00e9l, a aqu\u00e9llos que considera dignos de ser protegidos del sangriento mal, poniendo en manifiesto su arrogancia y preferencia por la clase social alta. Para levantar los \u00e1nimos, Pr\u00f3spero decide organizar una fiesta de m\u00e1scaras, sin sospechar que llegar\u00e1 a su fiesta un \u201cno invitado\u201d con una m\u00e1scara desconcertante, inc\u00f3moda para todos los presentes: una muy real careta cadav\u00e9rica con salpicaduras de sangre, recordatorio cruel de la enfermedad a la que reh\u00fayen, tras las paredes del palacio. El ambiente en el palacio es tenso y claustrof\u00f3bico, pues a pesar de las in\u00fatiles risas y fingimientos, todos est\u00e1n intranquilos. En el cl\u00edmax del cuento, Pr\u00f3spero decide encarar al extra\u00f1o personaje y ponerle fin a la tensi\u00f3n; lo persigue con un pu\u00f1al en la mano, mientras \u00e9ste se escabulle por las habitaciones de colores del palacio. La confrontaci\u00f3n Pr\u00f3spero vs. <strong>Muerte Roja<\/strong> sucede en la habitaci\u00f3n m\u00e1s honda, misteriosa y oscura: la que es completamente negra.<\/p>\n<p>Uno de los s\u00edmbolos m\u00e1s importantes de esta historia es el reloj de \u00e9bano, que marcaba el paso de cada hora con ruidoso estruendo, forzando el silencio de los invitados. En el desarrollo de la historia, este elemento a\u00f1ade tensi\u00f3n y es recordatorio de que el tiempo es finito, sin importar qui\u00e9nes quieran evadirse de \u00e9l, sin importar d\u00f3nde se resguarden.<\/p>\n<p>Por otro lado, se describen minuciosamente las habitaciones del palacio, las cuales, adem\u00e1s de estar conectadas entre s\u00ed, tienen como peculiaridad el predominio de un color. Las de color claro se encuentran m\u00e1s pr\u00f3ximas al exterior. Conforme el hu\u00e9sped avanza, se va \u201cmetiendo a la boca del lobo\u201d, entrando en una habitaci\u00f3n m\u00e1s oscura y tenebrosa, hasta llegar a la de color negro; esto simboliza un callej\u00f3n sin salida, un pozo del cual no hay escapatoria; as\u00ed, resguardarse es una trampa.<\/p>\n<p>Finalmente, el personaje misterioso, el inc\u00f3gnito disfrazado de la <strong>Muerte Roja<\/strong>, sirve como recordatorio de que est\u00e1, sigilosa y sin tregua, puede colarse en los recintos m\u00e1s privilegiados. La <strong>Muerte Roja<\/strong> no necesit\u00f3 invitaci\u00f3n para perturbar la paz superficial de los convidados de Pr\u00f3spero.<\/p>\n<p>En el contexto actual, ser\u00eda tan mordaz como deseable que el mandatario estadounidense leyera y entendiera la moraleja de esta historia, curiosamente proveniente de la pluma de un escritor estadounidense. En tiempos de crisis, aflora el lado m\u00e1s ruin, deshumanizado y superficial de aqu\u00e9llos que se sienten seguros dentro de sus fronteras terrenales. No contemplan que, sin importar nacionalidad, lengua o cargo que se ocupe en un gobierno mundano, hay misterios, contra las que el ser humano a\u00fan no puede. Realmente, aunque \u201cdiferentes en la vida, los hombres son semejantes en la muerte\u201d (<strong>Lao Tse<\/strong>).<\/p>\n<blockquote><p><a href=\"http:\/\/www.reconoce.mx\/wp-content\/uploads\/2016\/05\/sandybw.png\" rel=\"lightbox[57492]\"><img loading=\"lazy\" decoding=\"async\" class=\"alignleft size-thumbnail wp-image-39872\" src=\"http:\/\/www.reconoce.mx\/wp-content\/uploads\/2016\/05\/sandybw-e1463540419968.png\" alt=\"IMG_5743\" width=\"150\" height=\"150\" \/><\/a><strong>Sandyluz<\/strong>. \u201cDetr\u00e1s de la pluma\u2026\u201d Egresada del Tecnol\u00f3gico de Monterrey Campus Toluca, de la carrera de Ciencias de la Comunicaci\u00f3n. Complet\u00f3 estudios de Creaci\u00f3n Literaria en la Escuela de Escritores del Estado de M\u00e9xico (SOGEM). Tambi\u00e9n termin\u00f3 una maestr\u00eda en Estudios Human\u00edsticos con especialidad en Literatura, en el Tecnol\u00f3gico de Monterrey. En un plano m\u00e1s relajado, es aficionada a los libros y a la escritura desde corta edad; ha escrito de manera informal cuentos y poes\u00edas; con uno de sus primeros cuentos gan\u00f3 un concurso local del cual obtuvo su primer retribuci\u00f3n econ\u00f3mica y profesional, siendo ello un significativo incentivo para seguir escribiendo. La Literatura ha sido una v\u00e1lvula de escape para no enfermar de realidad. La fantas\u00eda reanima el fulgor de los sue\u00f1os que so\u00f1amos dormidos y que so\u00f1amos despiertos\u2026<\/p><\/blockquote>\n<p>&nbsp;<\/p>\n<p>&nbsp;<\/p>\n","protected":false},"excerpt":{"rendered":"<p>Con la vigencia actual que tiene en M\u00e9xico el tema de los muros fronterizos y las discriminaciones. A ra\u00edz de gobernantes reci\u00e9n electos con ideas radicales que poco favorecen el intercambio y la globalizaci\u00f3n, un estupendo cuento del maestro del terror, Allan Poe: \u00abLa m\u00e1scara de la Muerte Roja\u00bb.<\/p>\n","protected":false},"author":2,"featured_media":58009,"comment_status":"open","ping_status":"open","sticky":false,"template":"","format":"standard","meta":{"footnotes":""},"categories":[16,17,2648],"tags":[],"class_list":["post-58007","post","type-post","status-publish","format-standard","has-post-thumbnail","hentry","category-columnistas","category-principal","category-sandyluz"],"yoast_head":"<!-- This site is optimized with the Yoast SEO plugin v24.7 - https:\/\/yoast.com\/wordpress\/plugins\/seo\/ -->\n<title>Para el antes o para el ahora, &#039;La m\u00e1scara de la Muerte Roja&#039; &#171; Reconoce MX<\/title>\n<meta name=\"robots\" content=\"index, follow, max-snippet:-1, max-image-preview:large, max-video-preview:-1\" \/>\n<link rel=\"canonical\" href=\"https:\/\/www.reconoce.mx\/?p=58007\" \/>\n<meta property=\"og:locale\" content=\"es_ES\" \/>\n<meta property=\"og:type\" content=\"article\" \/>\n<meta property=\"og:title\" content=\"Para el antes o para el ahora, &#039;La m\u00e1scara de la Muerte Roja&#039; &#171; Reconoce MX\" \/>\n<meta property=\"og:description\" content=\"Con la vigencia actual que tiene en M\u00e9xico el tema de los muros fronterizos y las discriminaciones. A ra\u00edz de gobernantes reci\u00e9n electos con ideas radicales que poco favorecen el intercambio y la globalizaci\u00f3n, un estupendo cuento del maestro del terror, Allan Poe: &quot;La m\u00e1scara de la Muerte Roja&quot;.\" \/>\n<meta property=\"og:url\" content=\"https:\/\/www.reconoce.mx\/?p=58007\" \/>\n<meta property=\"og:site_name\" content=\"Reconoce MX\" \/>\n<meta property=\"article:publisher\" content=\"https:\/\/es-la.facebook.com\/ReconoceMX\/\" \/>\n<meta property=\"article:published_time\" content=\"2017-02-15T06:05:10+00:00\" \/>\n<meta property=\"article:modified_time\" content=\"2017-02-16T00:39:02+00:00\" \/>\n<meta property=\"og:image\" content=\"https:\/\/www.reconoce.mx\/wp-content\/uploads\/2017\/02\/mascara-roja.png\" \/>\n\t<meta property=\"og:image:width\" content=\"590\" \/>\n\t<meta property=\"og:image:height\" content=\"380\" \/>\n\t<meta property=\"og:image:type\" content=\"image\/png\" \/>\n<meta name=\"author\" content=\"Reconoce MX\" \/>\n<meta name=\"twitter:card\" content=\"summary_large_image\" \/>\n<meta name=\"twitter:creator\" content=\"@reconocemx\" \/>\n<meta name=\"twitter:site\" content=\"@reconocemx\" \/>\n<meta name=\"twitter:label1\" content=\"Escrito por\" \/>\n\t<meta name=\"twitter:data1\" content=\"Reconoce MX\" \/>\n\t<meta name=\"twitter:label2\" content=\"Tiempo de lectura\" \/>\n\t<meta name=\"twitter:data2\" content=\"4 minutos\" \/>\n<script type=\"application\/ld+json\" class=\"yoast-schema-graph\">{\"@context\":\"https:\/\/schema.org\",\"@graph\":[{\"@type\":\"Article\",\"@id\":\"https:\/\/www.reconoce.mx\/?p=58007#article\",\"isPartOf\":{\"@id\":\"https:\/\/www.reconoce.mx\/?p=58007\"},\"author\":{\"name\":\"Reconoce MX\",\"@id\":\"http:\/\/www.reconoce.mx\/#\/schema\/person\/2117e997d7051dc15d6880eaf9bca0b2\"},\"headline\":\"Para el antes o para el ahora, &#8216;La m\u00e1scara de la Muerte Roja&#8217;\",\"datePublished\":\"2017-02-15T06:05:10+00:00\",\"dateModified\":\"2017-02-16T00:39:02+00:00\",\"mainEntityOfPage\":{\"@id\":\"https:\/\/www.reconoce.mx\/?p=58007\"},\"wordCount\":874,\"commentCount\":0,\"publisher\":{\"@id\":\"http:\/\/www.reconoce.mx\/#organization\"},\"image\":{\"@id\":\"https:\/\/www.reconoce.mx\/?p=58007#primaryimage\"},\"thumbnailUrl\":\"http:\/\/www.reconoce.mx\/wp-content\/uploads\/2017\/02\/mascara-roja.png\",\"articleSection\":[\"Columnistas\",\"Principal\",\"Sandyluz\"],\"inLanguage\":\"es\",\"potentialAction\":[{\"@type\":\"CommentAction\",\"name\":\"Comment\",\"target\":[\"https:\/\/www.reconoce.mx\/?p=58007#respond\"]}]},{\"@type\":\"WebPage\",\"@id\":\"https:\/\/www.reconoce.mx\/?p=58007\",\"url\":\"https:\/\/www.reconoce.mx\/?p=58007\",\"name\":\"Para el antes o para el ahora, 'La m\u00e1scara de la Muerte Roja' &#171; Reconoce MX\",\"isPartOf\":{\"@id\":\"http:\/\/www.reconoce.mx\/#website\"},\"primaryImageOfPage\":{\"@id\":\"https:\/\/www.reconoce.mx\/?p=58007#primaryimage\"},\"image\":{\"@id\":\"https:\/\/www.reconoce.mx\/?p=58007#primaryimage\"},\"thumbnailUrl\":\"http:\/\/www.reconoce.mx\/wp-content\/uploads\/2017\/02\/mascara-roja.png\",\"datePublished\":\"2017-02-15T06:05:10+00:00\",\"dateModified\":\"2017-02-16T00:39:02+00:00\",\"breadcrumb\":{\"@id\":\"https:\/\/www.reconoce.mx\/?p=58007#breadcrumb\"},\"inLanguage\":\"es\",\"potentialAction\":[{\"@type\":\"ReadAction\",\"target\":[\"https:\/\/www.reconoce.mx\/?p=58007\"]}]},{\"@type\":\"ImageObject\",\"inLanguage\":\"es\",\"@id\":\"https:\/\/www.reconoce.mx\/?p=58007#primaryimage\",\"url\":\"http:\/\/www.reconoce.mx\/wp-content\/uploads\/2017\/02\/mascara-roja.png\",\"contentUrl\":\"http:\/\/www.reconoce.mx\/wp-content\/uploads\/2017\/02\/mascara-roja.png\",\"width\":590,\"height\":380},{\"@type\":\"BreadcrumbList\",\"@id\":\"https:\/\/www.reconoce.mx\/?p=58007#breadcrumb\",\"itemListElement\":[{\"@type\":\"ListItem\",\"position\":1,\"name\":\"Portada\",\"item\":\"http:\/\/www.reconoce.mx\/\"},{\"@type\":\"ListItem\",\"position\":2,\"name\":\"Para el antes o para el ahora, &#8216;La m\u00e1scara de la Muerte Roja&#8217;\"}]},{\"@type\":\"WebSite\",\"@id\":\"http:\/\/www.reconoce.mx\/#website\",\"url\":\"http:\/\/www.reconoce.mx\/\",\"name\":\"Reconoce MX\",\"description\":\"En Reconoce MX difundimos arte, cultura y conciencia social en M\u00e9xico. Tu ciudad en otra perspectiva.\",\"publisher\":{\"@id\":\"http:\/\/www.reconoce.mx\/#organization\"},\"potentialAction\":[{\"@type\":\"SearchAction\",\"target\":{\"@type\":\"EntryPoint\",\"urlTemplate\":\"http:\/\/www.reconoce.mx\/?s={search_term_string}\"},\"query-input\":{\"@type\":\"PropertyValueSpecification\",\"valueRequired\":true,\"valueName\":\"search_term_string\"}}],\"inLanguage\":\"es\"},{\"@type\":\"Organization\",\"@id\":\"http:\/\/www.reconoce.mx\/#organization\",\"name\":\"Reconoce MX\",\"url\":\"http:\/\/www.reconoce.mx\/\",\"logo\":{\"@type\":\"ImageObject\",\"inLanguage\":\"es\",\"@id\":\"http:\/\/www.reconoce.mx\/#\/schema\/logo\/image\/\",\"url\":\"https:\/\/www.reconoce.mx\/wp-content\/uploads\/2019\/03\/logorcmx-good-1.png\",\"contentUrl\":\"https:\/\/www.reconoce.mx\/wp-content\/uploads\/2019\/03\/logorcmx-good-1.png\",\"width\":280,\"height\":90,\"caption\":\"Reconoce MX\"},\"image\":{\"@id\":\"http:\/\/www.reconoce.mx\/#\/schema\/logo\/image\/\"},\"sameAs\":[\"https:\/\/es-la.facebook.com\/ReconoceMX\/\",\"https:\/\/x.com\/reconocemx\",\"http:\/\/@reconocemx\"]},{\"@type\":\"Person\",\"@id\":\"http:\/\/www.reconoce.mx\/#\/schema\/person\/2117e997d7051dc15d6880eaf9bca0b2\",\"name\":\"Reconoce MX\",\"image\":{\"@type\":\"ImageObject\",\"inLanguage\":\"es\",\"@id\":\"http:\/\/www.reconoce.mx\/#\/schema\/person\/image\/\",\"url\":\"https:\/\/secure.gravatar.com\/avatar\/6c8d4dc7569ca1c90c5fdcc349f839d5ddef6fe1e70b4337ead2ef1a4c43fc3a?s=96&d=identicon&r=g\",\"contentUrl\":\"https:\/\/secure.gravatar.com\/avatar\/6c8d4dc7569ca1c90c5fdcc349f839d5ddef6fe1e70b4337ead2ef1a4c43fc3a?s=96&d=identicon&r=g\",\"caption\":\"Reconoce MX\"},\"description\":\"Reconoce MX es un proyecto de difusi\u00f3n art\u00edstica, cultural y de conciencia social que est\u00e1 enfocado a difundir y fomentar el entretenimiento alternativo de calidad para todo el p\u00fablico que comparta el mismo entusiasmo.\",\"sameAs\":[\"http:\/\/www.reconoce.mx\"],\"url\":\"http:\/\/www.reconoce.mx\/?author=2\"}]}<\/script>\n<!-- \/ Yoast SEO plugin. -->","yoast_head_json":{"title":"Para el antes o para el ahora, 'La m\u00e1scara de la Muerte Roja' &#171; Reconoce MX","robots":{"index":"index","follow":"follow","max-snippet":"max-snippet:-1","max-image-preview":"max-image-preview:large","max-video-preview":"max-video-preview:-1"},"canonical":"https:\/\/www.reconoce.mx\/?p=58007","og_locale":"es_ES","og_type":"article","og_title":"Para el antes o para el ahora, 'La m\u00e1scara de la Muerte Roja' &#171; Reconoce MX","og_description":"Con la vigencia actual que tiene en M\u00e9xico el tema de los muros fronterizos y las discriminaciones. A ra\u00edz de gobernantes reci\u00e9n electos con ideas radicales que poco favorecen el intercambio y la globalizaci\u00f3n, un estupendo cuento del maestro del terror, Allan Poe: \"La m\u00e1scara de la Muerte Roja\".","og_url":"https:\/\/www.reconoce.mx\/?p=58007","og_site_name":"Reconoce MX","article_publisher":"https:\/\/es-la.facebook.com\/ReconoceMX\/","article_published_time":"2017-02-15T06:05:10+00:00","article_modified_time":"2017-02-16T00:39:02+00:00","og_image":[{"width":590,"height":380,"url":"https:\/\/www.reconoce.mx\/wp-content\/uploads\/2017\/02\/mascara-roja.png","type":"image\/png"}],"author":"Reconoce MX","twitter_card":"summary_large_image","twitter_creator":"@reconocemx","twitter_site":"@reconocemx","twitter_misc":{"Escrito por":"Reconoce MX","Tiempo de lectura":"4 minutos"},"schema":{"@context":"https:\/\/schema.org","@graph":[{"@type":"Article","@id":"https:\/\/www.reconoce.mx\/?p=58007#article","isPartOf":{"@id":"https:\/\/www.reconoce.mx\/?p=58007"},"author":{"name":"Reconoce MX","@id":"http:\/\/www.reconoce.mx\/#\/schema\/person\/2117e997d7051dc15d6880eaf9bca0b2"},"headline":"Para el antes o para el ahora, &#8216;La m\u00e1scara de la Muerte Roja&#8217;","datePublished":"2017-02-15T06:05:10+00:00","dateModified":"2017-02-16T00:39:02+00:00","mainEntityOfPage":{"@id":"https:\/\/www.reconoce.mx\/?p=58007"},"wordCount":874,"commentCount":0,"publisher":{"@id":"http:\/\/www.reconoce.mx\/#organization"},"image":{"@id":"https:\/\/www.reconoce.mx\/?p=58007#primaryimage"},"thumbnailUrl":"http:\/\/www.reconoce.mx\/wp-content\/uploads\/2017\/02\/mascara-roja.png","articleSection":["Columnistas","Principal","Sandyluz"],"inLanguage":"es","potentialAction":[{"@type":"CommentAction","name":"Comment","target":["https:\/\/www.reconoce.mx\/?p=58007#respond"]}]},{"@type":"WebPage","@id":"https:\/\/www.reconoce.mx\/?p=58007","url":"https:\/\/www.reconoce.mx\/?p=58007","name":"Para el antes o para el ahora, 'La m\u00e1scara de la Muerte Roja' &#171; Reconoce MX","isPartOf":{"@id":"http:\/\/www.reconoce.mx\/#website"},"primaryImageOfPage":{"@id":"https:\/\/www.reconoce.mx\/?p=58007#primaryimage"},"image":{"@id":"https:\/\/www.reconoce.mx\/?p=58007#primaryimage"},"thumbnailUrl":"http:\/\/www.reconoce.mx\/wp-content\/uploads\/2017\/02\/mascara-roja.png","datePublished":"2017-02-15T06:05:10+00:00","dateModified":"2017-02-16T00:39:02+00:00","breadcrumb":{"@id":"https:\/\/www.reconoce.mx\/?p=58007#breadcrumb"},"inLanguage":"es","potentialAction":[{"@type":"ReadAction","target":["https:\/\/www.reconoce.mx\/?p=58007"]}]},{"@type":"ImageObject","inLanguage":"es","@id":"https:\/\/www.reconoce.mx\/?p=58007#primaryimage","url":"http:\/\/www.reconoce.mx\/wp-content\/uploads\/2017\/02\/mascara-roja.png","contentUrl":"http:\/\/www.reconoce.mx\/wp-content\/uploads\/2017\/02\/mascara-roja.png","width":590,"height":380},{"@type":"BreadcrumbList","@id":"https:\/\/www.reconoce.mx\/?p=58007#breadcrumb","itemListElement":[{"@type":"ListItem","position":1,"name":"Portada","item":"http:\/\/www.reconoce.mx\/"},{"@type":"ListItem","position":2,"name":"Para el antes o para el ahora, &#8216;La m\u00e1scara de la Muerte Roja&#8217;"}]},{"@type":"WebSite","@id":"http:\/\/www.reconoce.mx\/#website","url":"http:\/\/www.reconoce.mx\/","name":"Reconoce MX","description":"En Reconoce MX difundimos arte, cultura y conciencia social en M\u00e9xico. Tu ciudad en otra perspectiva.","publisher":{"@id":"http:\/\/www.reconoce.mx\/#organization"},"potentialAction":[{"@type":"SearchAction","target":{"@type":"EntryPoint","urlTemplate":"http:\/\/www.reconoce.mx\/?s={search_term_string}"},"query-input":{"@type":"PropertyValueSpecification","valueRequired":true,"valueName":"search_term_string"}}],"inLanguage":"es"},{"@type":"Organization","@id":"http:\/\/www.reconoce.mx\/#organization","name":"Reconoce MX","url":"http:\/\/www.reconoce.mx\/","logo":{"@type":"ImageObject","inLanguage":"es","@id":"http:\/\/www.reconoce.mx\/#\/schema\/logo\/image\/","url":"https:\/\/www.reconoce.mx\/wp-content\/uploads\/2019\/03\/logorcmx-good-1.png","contentUrl":"https:\/\/www.reconoce.mx\/wp-content\/uploads\/2019\/03\/logorcmx-good-1.png","width":280,"height":90,"caption":"Reconoce MX"},"image":{"@id":"http:\/\/www.reconoce.mx\/#\/schema\/logo\/image\/"},"sameAs":["https:\/\/es-la.facebook.com\/ReconoceMX\/","https:\/\/x.com\/reconocemx","http:\/\/@reconocemx"]},{"@type":"Person","@id":"http:\/\/www.reconoce.mx\/#\/schema\/person\/2117e997d7051dc15d6880eaf9bca0b2","name":"Reconoce MX","image":{"@type":"ImageObject","inLanguage":"es","@id":"http:\/\/www.reconoce.mx\/#\/schema\/person\/image\/","url":"https:\/\/secure.gravatar.com\/avatar\/6c8d4dc7569ca1c90c5fdcc349f839d5ddef6fe1e70b4337ead2ef1a4c43fc3a?s=96&d=identicon&r=g","contentUrl":"https:\/\/secure.gravatar.com\/avatar\/6c8d4dc7569ca1c90c5fdcc349f839d5ddef6fe1e70b4337ead2ef1a4c43fc3a?s=96&d=identicon&r=g","caption":"Reconoce MX"},"description":"Reconoce MX es un proyecto de difusi\u00f3n art\u00edstica, cultural y de conciencia social que est\u00e1 enfocado a difundir y fomentar el entretenimiento alternativo de calidad para todo el p\u00fablico que comparta el mismo entusiasmo.","sameAs":["http:\/\/www.reconoce.mx"],"url":"http:\/\/www.reconoce.mx\/?author=2"}]}},"_links":{"self":[{"href":"http:\/\/www.reconoce.mx\/index.php?rest_route=\/wp\/v2\/posts\/58007","targetHints":{"allow":["GET"]}}],"collection":[{"href":"http:\/\/www.reconoce.mx\/index.php?rest_route=\/wp\/v2\/posts"}],"about":[{"href":"http:\/\/www.reconoce.mx\/index.php?rest_route=\/wp\/v2\/types\/post"}],"author":[{"embeddable":true,"href":"http:\/\/www.reconoce.mx\/index.php?rest_route=\/wp\/v2\/users\/2"}],"replies":[{"embeddable":true,"href":"http:\/\/www.reconoce.mx\/index.php?rest_route=%2Fwp%2Fv2%2Fcomments&post=58007"}],"version-history":[{"count":1,"href":"http:\/\/www.reconoce.mx\/index.php?rest_route=\/wp\/v2\/posts\/58007\/revisions"}],"predecessor-version":[{"id":58010,"href":"http:\/\/www.reconoce.mx\/index.php?rest_route=\/wp\/v2\/posts\/58007\/revisions\/58010"}],"wp:featuredmedia":[{"embeddable":true,"href":"http:\/\/www.reconoce.mx\/index.php?rest_route=\/wp\/v2\/media\/58009"}],"wp:attachment":[{"href":"http:\/\/www.reconoce.mx\/index.php?rest_route=%2Fwp%2Fv2%2Fmedia&parent=58007"}],"wp:term":[{"taxonomy":"category","embeddable":true,"href":"http:\/\/www.reconoce.mx\/index.php?rest_route=%2Fwp%2Fv2%2Fcategories&post=58007"},{"taxonomy":"post_tag","embeddable":true,"href":"http:\/\/www.reconoce.mx\/index.php?rest_route=%2Fwp%2Fv2%2Ftags&post=58007"}],"curies":[{"name":"wp","href":"https:\/\/api.w.org\/{rel}","templated":true}]}}