{"id":58142,"date":"2017-02-22T00:02:33","date_gmt":"2017-02-22T06:02:33","guid":{"rendered":"http:\/\/www.reconoce.mx\/?p=58142"},"modified":"2017-02-22T09:28:00","modified_gmt":"2017-02-22T15:28:00","slug":"my-sweetest-headache-waltz-de-descartes-a-kant","status":"publish","type":"post","link":"http:\/\/www.reconoce.mx\/?p=58142","title":{"rendered":"&#8216;My sweetest Headache waltz&#8217;, de Descartes A Kant"},"content":{"rendered":"<p><a href=\"http:\/\/www.reconoce.mx\/category\/cultura\/musica\/miercoles-nostalgico\/\"><img loading=\"lazy\" decoding=\"async\" class=\"aligncenter size-full wp-image-38360\" src=\"http:\/\/www.reconoce.mx\/wp-content\/uploads\/2015\/06\/Miercoles.png\" alt=\"Martes\" width=\"550\" height=\"70\" \/><\/a><strong><br \/>\nPor <a title=\"@AsfaltosTweets\" href=\"http:\/\/twitter.com\/AsfaltosTweets\" target=\"_blank\">Asfaltos<\/a><\/strong>.<\/p>\n<p>Hace 16 a\u00f1os, en la ciudad de Guadalajara, Jalisco, surgi\u00f3 una de las bandas m\u00e1s energ\u00e9ticas y ruidosas de aquella primera d\u00e9cada de los \u00abdosmiles\u00bb. Con un nombre adoptado por la admiraci\u00f3n a dos grandes fil\u00f3sofos, y el amor intacto por la experimentaci\u00f3n y las disonancias mel\u00f3dicas, en 2001 se form\u00f3 <strong>Descartes a Kant<\/strong>, el grupo que recordamos hoy en este <a href=\"http:\/\/www.reconoce.mx\/category\/cultura\/musica\/miercoles-nostalgico\/\" target=\"_blank\">Mi\u00e9rcoles nost\u00e1lgico<\/a>.<\/p>\n<style>.embed-container { position: relative; padding-bottom: 56.25%; height: 0; overflow: hidden; max-width: 100%; } .embed-container iframe, .embed-container object, .embed-container embed { position: absolute; top: 0; left: 0; width: 100%; height: 100%; }<\/style>\n<div class=\"embed-container\"><iframe loading=\"lazy\" src=\"https:\/\/www.youtube.com\/embed\/rmNjhG6f1B8\" width=\"300\" height=\"150\" frameborder=\"0\" allowfullscreen=\"allowfullscreen\"><\/iframe><\/div>\n<p>&nbsp;<\/p>\n<p>Si bien la historia de <strong>Descartes a Kant<\/strong> inicia a principios de los \u00abdosmiles\u00bb, para muchos es en realidad en 2006 cuando el grupo vive su primer gran impulso despu\u00e9s de haberse desarrollado en el underground local. Fue as\u00ed que bajo el sello de <strong>Intolerancia<\/strong>, <strong>Descartes a Kant<\/strong> lanzaron en 2006 su \u00e1lbum debut \u00abPaper Dolls\u00bb, con el que llegaron a un p\u00fablico mayor.<\/p>\n<p>Punk, noise, pop y hasta m\u00fasica de circo y de cabaret son algunos de los elementos sonoros de una propuesta que escapa de las clasificaciones odiosas. Se trata, pues, de una experiencia que solo pod\u00eda intentar describirse una vez que se le escuchaba y pon\u00eda atenci\u00f3n.<\/p>\n<p>La energ\u00eda desplegada por las cabezas de la banda, Sandrushka Petrova y Dafne C. Mac\u00edas, voces y guitarras de la agrupaci\u00f3n, acompa\u00f1adas tambi\u00e9n por el pianista y due\u00f1o de los sintetizadores Andro Mu\u00f1oz, el bajista Charlie y el baterista Frankie Mares, era sin duda una experiencia \u00fanica que se disfrutaba de manera veloz y contundente.<\/p>\n<p>Si bien la energ\u00eda de <strong>Descartes a Kant<\/strong> se plasma de gran manera en su primer \u00e1lbum debut, es en realidad en su versi\u00f3n en vivo donde se disfruta de mejor modo a una agrupaci\u00f3n que morimos por ver de nuevo sobre los escenarios. La buena noticia es que esto ser\u00e1 pronto, pues despu\u00e9s del \u00abPaper Dolls\u00bb (2007) y el \u00abIl Visore Lunatique\u00bb (2012), nuevamente tras un periodo de cinco a\u00f1os, este 2017 conoceremos un nuevo material del grupo titulado \u00abVictims of Love Propaganda\u00bb.<\/p>\n<p>Yo, para recordarlas en toda plenitud con su \u00e1lbum debut, se los comparto con \u00abMy sweetest Headache waltz\u00bb, misma rola que fue acompa\u00f1ada por un no menos alocado video musical. \u00a1A gritar!<\/p>\n<p>&nbsp;<\/p>\n<p>&nbsp;<\/p>\n","protected":false},"excerpt":{"rendered":"<p>Hace 16 a\u00f1os, en la ciudad de Guadalajara, Jalisco, surgi\u00f3 una de las bandas m\u00e1s energ\u00e9ticas y ruidosas de aquella primera d\u00e9cada de los \u00abdosmiles\u00bb.<\/p>\n","protected":false},"author":2,"featured_media":58144,"comment_status":"open","ping_status":"open","sticky":false,"template":"","format":"standard","meta":{"footnotes":""},"categories":[1,2580,18,17],"tags":[],"class_list":["post-58142","post","type-post","status-publish","format-standard","has-post-thumbnail","hentry","category-cultura","category-miercoles-nostalgico","category-musica","category-principal"],"yoast_head":"<!-- This site is optimized with the Yoast SEO plugin v24.7 - https:\/\/yoast.com\/wordpress\/plugins\/seo\/ -->\n<title>&#039;My sweetest Headache waltz&#039;, de Descartes A Kant &#171; Reconoce MX<\/title>\n<meta name=\"robots\" content=\"index, follow, max-snippet:-1, max-image-preview:large, max-video-preview:-1\" \/>\n<link rel=\"canonical\" href=\"http:\/\/www.reconoce.mx\/?p=58142\" \/>\n<meta property=\"og:locale\" content=\"es_ES\" \/>\n<meta property=\"og:type\" content=\"article\" \/>\n<meta property=\"og:title\" content=\"&#039;My sweetest Headache waltz&#039;, de Descartes A Kant &#171; Reconoce MX\" \/>\n<meta property=\"og:description\" content=\"Hace 16 a\u00f1os, en la ciudad de Guadalajara, Jalisco, surgi\u00f3 una de las bandas m\u00e1s energ\u00e9ticas y ruidosas de aquella primera d\u00e9cada de los &quot;dosmiles&quot;.\" \/>\n<meta property=\"og:url\" content=\"http:\/\/www.reconoce.mx\/?p=58142\" \/>\n<meta property=\"og:site_name\" content=\"Reconoce MX\" \/>\n<meta property=\"article:publisher\" content=\"https:\/\/es-la.facebook.com\/ReconoceMX\/\" \/>\n<meta property=\"article:published_time\" content=\"2017-02-22T06:02:33+00:00\" \/>\n<meta property=\"article:modified_time\" content=\"2017-02-22T15:28:00+00:00\" \/>\n<meta property=\"og:image\" content=\"http:\/\/www.reconoce.mx\/wp-content\/uploads\/2017\/02\/descartes-a-kant-2006.png\" \/>\n\t<meta property=\"og:image:width\" content=\"590\" \/>\n\t<meta property=\"og:image:height\" content=\"380\" \/>\n\t<meta property=\"og:image:type\" content=\"image\/png\" \/>\n<meta name=\"author\" content=\"Reconoce MX\" \/>\n<meta name=\"twitter:card\" content=\"summary_large_image\" \/>\n<meta name=\"twitter:creator\" content=\"@reconocemx\" \/>\n<meta name=\"twitter:site\" content=\"@reconocemx\" \/>\n<meta name=\"twitter:label1\" content=\"Escrito por\" \/>\n\t<meta name=\"twitter:data1\" content=\"Reconoce MX\" \/>\n\t<meta name=\"twitter:label2\" content=\"Tiempo de lectura\" \/>\n\t<meta name=\"twitter:data2\" content=\"2 minutos\" \/>\n<script type=\"application\/ld+json\" class=\"yoast-schema-graph\">{\"@context\":\"https:\/\/schema.org\",\"@graph\":[{\"@type\":\"Article\",\"@id\":\"http:\/\/www.reconoce.mx\/?p=58142#article\",\"isPartOf\":{\"@id\":\"http:\/\/www.reconoce.mx\/?p=58142\"},\"author\":{\"name\":\"Reconoce MX\",\"@id\":\"http:\/\/www.reconoce.mx\/#\/schema\/person\/2117e997d7051dc15d6880eaf9bca0b2\"},\"headline\":\"&#8216;My sweetest Headache waltz&#8217;, de Descartes A Kant\",\"datePublished\":\"2017-02-22T06:02:33+00:00\",\"dateModified\":\"2017-02-22T15:28:00+00:00\",\"mainEntityOfPage\":{\"@id\":\"http:\/\/www.reconoce.mx\/?p=58142\"},\"wordCount\":379,\"commentCount\":0,\"publisher\":{\"@id\":\"http:\/\/www.reconoce.mx\/#organization\"},\"image\":{\"@id\":\"http:\/\/www.reconoce.mx\/?p=58142#primaryimage\"},\"thumbnailUrl\":\"http:\/\/www.reconoce.mx\/wp-content\/uploads\/2017\/02\/descartes-a-kant-2006.png\",\"articleSection\":[\"Cultura\",\"Mi\u00e9rcoles nost\u00e1lgico\",\"M\u00fasica\",\"Principal\"],\"inLanguage\":\"es\",\"potentialAction\":[{\"@type\":\"CommentAction\",\"name\":\"Comment\",\"target\":[\"http:\/\/www.reconoce.mx\/?p=58142#respond\"]}]},{\"@type\":\"WebPage\",\"@id\":\"http:\/\/www.reconoce.mx\/?p=58142\",\"url\":\"http:\/\/www.reconoce.mx\/?p=58142\",\"name\":\"'My sweetest Headache waltz', de Descartes A Kant &#171; Reconoce MX\",\"isPartOf\":{\"@id\":\"http:\/\/www.reconoce.mx\/#website\"},\"primaryImageOfPage\":{\"@id\":\"http:\/\/www.reconoce.mx\/?p=58142#primaryimage\"},\"image\":{\"@id\":\"http:\/\/www.reconoce.mx\/?p=58142#primaryimage\"},\"thumbnailUrl\":\"http:\/\/www.reconoce.mx\/wp-content\/uploads\/2017\/02\/descartes-a-kant-2006.png\",\"datePublished\":\"2017-02-22T06:02:33+00:00\",\"dateModified\":\"2017-02-22T15:28:00+00:00\",\"breadcrumb\":{\"@id\":\"http:\/\/www.reconoce.mx\/?p=58142#breadcrumb\"},\"inLanguage\":\"es\",\"potentialAction\":[{\"@type\":\"ReadAction\",\"target\":[\"http:\/\/www.reconoce.mx\/?p=58142\"]}]},{\"@type\":\"ImageObject\",\"inLanguage\":\"es\",\"@id\":\"http:\/\/www.reconoce.mx\/?p=58142#primaryimage\",\"url\":\"http:\/\/www.reconoce.mx\/wp-content\/uploads\/2017\/02\/descartes-a-kant-2006.png\",\"contentUrl\":\"http:\/\/www.reconoce.mx\/wp-content\/uploads\/2017\/02\/descartes-a-kant-2006.png\",\"width\":590,\"height\":380},{\"@type\":\"BreadcrumbList\",\"@id\":\"http:\/\/www.reconoce.mx\/?p=58142#breadcrumb\",\"itemListElement\":[{\"@type\":\"ListItem\",\"position\":1,\"name\":\"Portada\",\"item\":\"http:\/\/www.reconoce.mx\/\"},{\"@type\":\"ListItem\",\"position\":2,\"name\":\"&#8216;My sweetest Headache waltz&#8217;, de Descartes A Kant\"}]},{\"@type\":\"WebSite\",\"@id\":\"http:\/\/www.reconoce.mx\/#website\",\"url\":\"http:\/\/www.reconoce.mx\/\",\"name\":\"Reconoce MX\",\"description\":\"En Reconoce MX difundimos arte, cultura y conciencia social en M\u00e9xico. Tu ciudad en otra perspectiva.\",\"publisher\":{\"@id\":\"http:\/\/www.reconoce.mx\/#organization\"},\"potentialAction\":[{\"@type\":\"SearchAction\",\"target\":{\"@type\":\"EntryPoint\",\"urlTemplate\":\"http:\/\/www.reconoce.mx\/?s={search_term_string}\"},\"query-input\":{\"@type\":\"PropertyValueSpecification\",\"valueRequired\":true,\"valueName\":\"search_term_string\"}}],\"inLanguage\":\"es\"},{\"@type\":\"Organization\",\"@id\":\"http:\/\/www.reconoce.mx\/#organization\",\"name\":\"Reconoce MX\",\"url\":\"http:\/\/www.reconoce.mx\/\",\"logo\":{\"@type\":\"ImageObject\",\"inLanguage\":\"es\",\"@id\":\"http:\/\/www.reconoce.mx\/#\/schema\/logo\/image\/\",\"url\":\"https:\/\/www.reconoce.mx\/wp-content\/uploads\/2019\/03\/logorcmx-good-1.png\",\"contentUrl\":\"https:\/\/www.reconoce.mx\/wp-content\/uploads\/2019\/03\/logorcmx-good-1.png\",\"width\":280,\"height\":90,\"caption\":\"Reconoce MX\"},\"image\":{\"@id\":\"http:\/\/www.reconoce.mx\/#\/schema\/logo\/image\/\"},\"sameAs\":[\"https:\/\/es-la.facebook.com\/ReconoceMX\/\",\"https:\/\/x.com\/reconocemx\",\"http:\/\/@reconocemx\"]},{\"@type\":\"Person\",\"@id\":\"http:\/\/www.reconoce.mx\/#\/schema\/person\/2117e997d7051dc15d6880eaf9bca0b2\",\"name\":\"Reconoce MX\",\"image\":{\"@type\":\"ImageObject\",\"inLanguage\":\"es\",\"@id\":\"http:\/\/www.reconoce.mx\/#\/schema\/person\/image\/\",\"url\":\"https:\/\/secure.gravatar.com\/avatar\/6c8d4dc7569ca1c90c5fdcc349f839d5ddef6fe1e70b4337ead2ef1a4c43fc3a?s=96&d=identicon&r=g\",\"contentUrl\":\"https:\/\/secure.gravatar.com\/avatar\/6c8d4dc7569ca1c90c5fdcc349f839d5ddef6fe1e70b4337ead2ef1a4c43fc3a?s=96&d=identicon&r=g\",\"caption\":\"Reconoce MX\"},\"description\":\"Reconoce MX es un proyecto de difusi\u00f3n art\u00edstica, cultural y de conciencia social que est\u00e1 enfocado a difundir y fomentar el entretenimiento alternativo de calidad para todo el p\u00fablico que comparta el mismo entusiasmo.\",\"sameAs\":[\"http:\/\/www.reconoce.mx\"],\"url\":\"http:\/\/www.reconoce.mx\/?author=2\"}]}<\/script>\n<!-- \/ Yoast SEO plugin. -->","yoast_head_json":{"title":"'My sweetest Headache waltz', de Descartes A Kant &#171; Reconoce MX","robots":{"index":"index","follow":"follow","max-snippet":"max-snippet:-1","max-image-preview":"max-image-preview:large","max-video-preview":"max-video-preview:-1"},"canonical":"http:\/\/www.reconoce.mx\/?p=58142","og_locale":"es_ES","og_type":"article","og_title":"'My sweetest Headache waltz', de Descartes A Kant &#171; Reconoce MX","og_description":"Hace 16 a\u00f1os, en la ciudad de Guadalajara, Jalisco, surgi\u00f3 una de las bandas m\u00e1s energ\u00e9ticas y ruidosas de aquella primera d\u00e9cada de los \"dosmiles\".","og_url":"http:\/\/www.reconoce.mx\/?p=58142","og_site_name":"Reconoce MX","article_publisher":"https:\/\/es-la.facebook.com\/ReconoceMX\/","article_published_time":"2017-02-22T06:02:33+00:00","article_modified_time":"2017-02-22T15:28:00+00:00","og_image":[{"width":590,"height":380,"url":"http:\/\/www.reconoce.mx\/wp-content\/uploads\/2017\/02\/descartes-a-kant-2006.png","type":"image\/png"}],"author":"Reconoce MX","twitter_card":"summary_large_image","twitter_creator":"@reconocemx","twitter_site":"@reconocemx","twitter_misc":{"Escrito por":"Reconoce MX","Tiempo de lectura":"2 minutos"},"schema":{"@context":"https:\/\/schema.org","@graph":[{"@type":"Article","@id":"http:\/\/www.reconoce.mx\/?p=58142#article","isPartOf":{"@id":"http:\/\/www.reconoce.mx\/?p=58142"},"author":{"name":"Reconoce MX","@id":"http:\/\/www.reconoce.mx\/#\/schema\/person\/2117e997d7051dc15d6880eaf9bca0b2"},"headline":"&#8216;My sweetest Headache waltz&#8217;, de Descartes A Kant","datePublished":"2017-02-22T06:02:33+00:00","dateModified":"2017-02-22T15:28:00+00:00","mainEntityOfPage":{"@id":"http:\/\/www.reconoce.mx\/?p=58142"},"wordCount":379,"commentCount":0,"publisher":{"@id":"http:\/\/www.reconoce.mx\/#organization"},"image":{"@id":"http:\/\/www.reconoce.mx\/?p=58142#primaryimage"},"thumbnailUrl":"http:\/\/www.reconoce.mx\/wp-content\/uploads\/2017\/02\/descartes-a-kant-2006.png","articleSection":["Cultura","Mi\u00e9rcoles nost\u00e1lgico","M\u00fasica","Principal"],"inLanguage":"es","potentialAction":[{"@type":"CommentAction","name":"Comment","target":["http:\/\/www.reconoce.mx\/?p=58142#respond"]}]},{"@type":"WebPage","@id":"http:\/\/www.reconoce.mx\/?p=58142","url":"http:\/\/www.reconoce.mx\/?p=58142","name":"'My sweetest Headache waltz', de Descartes A Kant &#171; Reconoce MX","isPartOf":{"@id":"http:\/\/www.reconoce.mx\/#website"},"primaryImageOfPage":{"@id":"http:\/\/www.reconoce.mx\/?p=58142#primaryimage"},"image":{"@id":"http:\/\/www.reconoce.mx\/?p=58142#primaryimage"},"thumbnailUrl":"http:\/\/www.reconoce.mx\/wp-content\/uploads\/2017\/02\/descartes-a-kant-2006.png","datePublished":"2017-02-22T06:02:33+00:00","dateModified":"2017-02-22T15:28:00+00:00","breadcrumb":{"@id":"http:\/\/www.reconoce.mx\/?p=58142#breadcrumb"},"inLanguage":"es","potentialAction":[{"@type":"ReadAction","target":["http:\/\/www.reconoce.mx\/?p=58142"]}]},{"@type":"ImageObject","inLanguage":"es","@id":"http:\/\/www.reconoce.mx\/?p=58142#primaryimage","url":"http:\/\/www.reconoce.mx\/wp-content\/uploads\/2017\/02\/descartes-a-kant-2006.png","contentUrl":"http:\/\/www.reconoce.mx\/wp-content\/uploads\/2017\/02\/descartes-a-kant-2006.png","width":590,"height":380},{"@type":"BreadcrumbList","@id":"http:\/\/www.reconoce.mx\/?p=58142#breadcrumb","itemListElement":[{"@type":"ListItem","position":1,"name":"Portada","item":"http:\/\/www.reconoce.mx\/"},{"@type":"ListItem","position":2,"name":"&#8216;My sweetest Headache waltz&#8217;, de Descartes A Kant"}]},{"@type":"WebSite","@id":"http:\/\/www.reconoce.mx\/#website","url":"http:\/\/www.reconoce.mx\/","name":"Reconoce MX","description":"En Reconoce MX difundimos arte, cultura y conciencia social en M\u00e9xico. Tu ciudad en otra perspectiva.","publisher":{"@id":"http:\/\/www.reconoce.mx\/#organization"},"potentialAction":[{"@type":"SearchAction","target":{"@type":"EntryPoint","urlTemplate":"http:\/\/www.reconoce.mx\/?s={search_term_string}"},"query-input":{"@type":"PropertyValueSpecification","valueRequired":true,"valueName":"search_term_string"}}],"inLanguage":"es"},{"@type":"Organization","@id":"http:\/\/www.reconoce.mx\/#organization","name":"Reconoce MX","url":"http:\/\/www.reconoce.mx\/","logo":{"@type":"ImageObject","inLanguage":"es","@id":"http:\/\/www.reconoce.mx\/#\/schema\/logo\/image\/","url":"https:\/\/www.reconoce.mx\/wp-content\/uploads\/2019\/03\/logorcmx-good-1.png","contentUrl":"https:\/\/www.reconoce.mx\/wp-content\/uploads\/2019\/03\/logorcmx-good-1.png","width":280,"height":90,"caption":"Reconoce MX"},"image":{"@id":"http:\/\/www.reconoce.mx\/#\/schema\/logo\/image\/"},"sameAs":["https:\/\/es-la.facebook.com\/ReconoceMX\/","https:\/\/x.com\/reconocemx","http:\/\/@reconocemx"]},{"@type":"Person","@id":"http:\/\/www.reconoce.mx\/#\/schema\/person\/2117e997d7051dc15d6880eaf9bca0b2","name":"Reconoce MX","image":{"@type":"ImageObject","inLanguage":"es","@id":"http:\/\/www.reconoce.mx\/#\/schema\/person\/image\/","url":"https:\/\/secure.gravatar.com\/avatar\/6c8d4dc7569ca1c90c5fdcc349f839d5ddef6fe1e70b4337ead2ef1a4c43fc3a?s=96&d=identicon&r=g","contentUrl":"https:\/\/secure.gravatar.com\/avatar\/6c8d4dc7569ca1c90c5fdcc349f839d5ddef6fe1e70b4337ead2ef1a4c43fc3a?s=96&d=identicon&r=g","caption":"Reconoce MX"},"description":"Reconoce MX es un proyecto de difusi\u00f3n art\u00edstica, cultural y de conciencia social que est\u00e1 enfocado a difundir y fomentar el entretenimiento alternativo de calidad para todo el p\u00fablico que comparta el mismo entusiasmo.","sameAs":["http:\/\/www.reconoce.mx"],"url":"http:\/\/www.reconoce.mx\/?author=2"}]}},"_links":{"self":[{"href":"http:\/\/www.reconoce.mx\/index.php?rest_route=\/wp\/v2\/posts\/58142","targetHints":{"allow":["GET"]}}],"collection":[{"href":"http:\/\/www.reconoce.mx\/index.php?rest_route=\/wp\/v2\/posts"}],"about":[{"href":"http:\/\/www.reconoce.mx\/index.php?rest_route=\/wp\/v2\/types\/post"}],"author":[{"embeddable":true,"href":"http:\/\/www.reconoce.mx\/index.php?rest_route=\/wp\/v2\/users\/2"}],"replies":[{"embeddable":true,"href":"http:\/\/www.reconoce.mx\/index.php?rest_route=%2Fwp%2Fv2%2Fcomments&post=58142"}],"version-history":[{"count":7,"href":"http:\/\/www.reconoce.mx\/index.php?rest_route=\/wp\/v2\/posts\/58142\/revisions"}],"predecessor-version":[{"id":58152,"href":"http:\/\/www.reconoce.mx\/index.php?rest_route=\/wp\/v2\/posts\/58142\/revisions\/58152"}],"wp:featuredmedia":[{"embeddable":true,"href":"http:\/\/www.reconoce.mx\/index.php?rest_route=\/wp\/v2\/media\/58144"}],"wp:attachment":[{"href":"http:\/\/www.reconoce.mx\/index.php?rest_route=%2Fwp%2Fv2%2Fmedia&parent=58142"}],"wp:term":[{"taxonomy":"category","embeddable":true,"href":"http:\/\/www.reconoce.mx\/index.php?rest_route=%2Fwp%2Fv2%2Fcategories&post=58142"},{"taxonomy":"post_tag","embeddable":true,"href":"http:\/\/www.reconoce.mx\/index.php?rest_route=%2Fwp%2Fv2%2Ftags&post=58142"}],"curies":[{"name":"wp","href":"https:\/\/api.w.org\/{rel}","templated":true}]}}