{"id":58247,"date":"2017-02-23T00:02:42","date_gmt":"2017-02-23T06:02:42","guid":{"rendered":"http:\/\/www.reconoce.mx\/?p=58247"},"modified":"2017-02-23T13:39:04","modified_gmt":"2017-02-23T19:39:04","slug":"la-muerte-chiquita-celebra-sus-seis-anos-en-grande","status":"publish","type":"post","link":"http:\/\/www.reconoce.mx\/?p=58247","title":{"rendered":"La Muerte Chiquita celebra sus seis a\u00f1os \u00a1en grande!"},"content":{"rendered":"<p><strong>Por <a href=\"https:\/\/twitter.com\/carlosanglara\" target=\"_blank\">Carlos Ang Lara<\/a>.<\/strong><\/p>\n<p>Noche de m\u00fasica alternativa es lo que se vivir\u00e1 en el sexto aniversario de <strong>La Muerte Chiquita<\/strong> en Toluca, Estado de M\u00e9xico, y qu\u00e9 mejor manera de festejar para esta que es la casa de muchas bandas en el Valle de M\u00e9xico. Vayan apuntando en sus agendas esta serie de <em>gigs<\/em> que van a estarse ofreciendo los d\u00edas viernes 24 y s\u00e1bado 25 de febrero.<\/p>\n<p><a href=\"http:\/\/www.reconoce.mx\/wp-content\/uploads\/2017\/02\/16508246_1872088583020797_6429516150692965908_n-1.jpg\"><img loading=\"lazy\" decoding=\"async\" class=\"aligncenter size-full wp-image-58250\" src=\"http:\/\/www.reconoce.mx\/wp-content\/uploads\/2017\/02\/16508246_1872088583020797_6429516150692965908_n-1.jpg\" alt=\"\" width=\"621\" height=\"960\" srcset=\"http:\/\/www.reconoce.mx\/wp-content\/uploads\/2017\/02\/16508246_1872088583020797_6429516150692965908_n-1.jpg 621w, http:\/\/www.reconoce.mx\/wp-content\/uploads\/2017\/02\/16508246_1872088583020797_6429516150692965908_n-1-194x300.jpg 194w, http:\/\/www.reconoce.mx\/wp-content\/uploads\/2017\/02\/16508246_1872088583020797_6429516150692965908_n-1-150x232.jpg 150w, http:\/\/www.reconoce.mx\/wp-content\/uploads\/2017\/02\/16508246_1872088583020797_6429516150692965908_n-1-300x464.jpg 300w\" sizes=\"auto, (max-width: 621px) 100vw, 621px\" \/><\/a><\/p>\n<p>El viernes 24 de febrero van a estar present\u00e1ndose <strong>Los Monstruos Son Los Otros<\/strong>, capitalinos con un estilo funk-rock; <strong>Fuzzcrap<\/strong>; <strong>Los Jazztas<\/strong>; <strong>Los Pinches Fresitas<\/strong>; <strong>Rex<\/strong>; y <strong>Flash Seasons<\/strong>, agrupaci\u00f3n de indie-rock de Toluca.<\/p>\n<p>Para el s\u00e1bado 25 de febrero tocar\u00e1 el turno del d\u00fao <strong>Shiro Schwarz<\/strong>, <strong>Miami Club<\/strong>, <strong>Bien\u00f1eros<\/strong>, <strong>Malefics<\/strong>, <strong>Mr. Hyde<\/strong> y <strong>Sonor AM<\/strong>.<\/p>\n<style>.embed-container { position: relative; padding-bottom: 56.25%; height: 0; overflow: hidden; max-width: 100%; } .embed-container iframe, .embed-container object, .embed-container embed { position: absolute; top: 0; left: 0; width: 100%; height: 100%; }<\/style>\n<div class='embed-container'><iframe src='https:\/\/www.youtube.com\/embed\/Oot2gQrCNpU' frameborder='0' allowfullscreen><\/iframe><\/div>\n<p>&nbsp;<\/p>\n<p>As\u00ed que ya saben, esta es una excelente oportunidad para conocer un poco m\u00e1s de la escena musical en la capital mexiquense.<\/p>\n<p>La cita ambos d\u00edas es a partir de las 17:00 horas en <strong>La Muerte Chiquita<\/strong> ubicada en San Pablo Guelatao #102, en la col. Benito Ju\u00e1rez en Toluca, Estado de M\u00e9xico. El cover est\u00e1 en un muy m\u00f3dico costo de $70.00.<\/p>\n<p>&nbsp;<\/p>\n<p>&nbsp;<\/p>\n","protected":false},"excerpt":{"rendered":"<p>Noche de m\u00fasica alternativa es lo que se vivir\u00e1 en el sexto aniversario de La Muerte Chiquita en Toluca, Estado de M\u00e9xico, y qu\u00e9 mejor manera de festejar para esta que es la casa de muchas bandas en el Valle de M\u00e9xico.<\/p>\n","protected":false},"author":2,"featured_media":58249,"comment_status":"open","ping_status":"open","sticky":false,"template":"","format":"standard","meta":{"footnotes":""},"categories":[1,18,17],"tags":[],"class_list":["post-58247","post","type-post","status-publish","format-standard","has-post-thumbnail","hentry","category-cultura","category-musica","category-principal"],"yoast_head":"<!-- This site is optimized with the Yoast SEO plugin v24.7 - https:\/\/yoast.com\/wordpress\/plugins\/seo\/ -->\n<title>La Muerte Chiquita celebra sus seis a\u00f1os \u00a1en grande! &#171; Reconoce MX<\/title>\n<meta name=\"robots\" content=\"index, follow, max-snippet:-1, max-image-preview:large, max-video-preview:-1\" \/>\n<link rel=\"canonical\" href=\"http:\/\/www.reconoce.mx\/?p=58247\" \/>\n<meta property=\"og:locale\" content=\"es_ES\" \/>\n<meta property=\"og:type\" content=\"article\" \/>\n<meta property=\"og:title\" content=\"La Muerte Chiquita celebra sus seis a\u00f1os \u00a1en grande! &#171; Reconoce MX\" \/>\n<meta property=\"og:description\" content=\"Noche de m\u00fasica alternativa es lo que se vivir\u00e1 en el sexto aniversario de La Muerte Chiquita en Toluca, Estado de M\u00e9xico, y qu\u00e9 mejor manera de festejar para esta que es la casa de muchas bandas en el Valle de M\u00e9xico.\" \/>\n<meta property=\"og:url\" content=\"http:\/\/www.reconoce.mx\/?p=58247\" \/>\n<meta property=\"og:site_name\" content=\"Reconoce MX\" \/>\n<meta property=\"article:publisher\" content=\"https:\/\/es-la.facebook.com\/ReconoceMX\/\" \/>\n<meta property=\"article:published_time\" content=\"2017-02-23T06:02:42+00:00\" \/>\n<meta property=\"article:modified_time\" content=\"2017-02-23T19:39:04+00:00\" \/>\n<meta property=\"og:image\" content=\"http:\/\/www.reconoce.mx\/wp-content\/uploads\/2017\/02\/sexto-aniversario.png\" \/>\n\t<meta property=\"og:image:width\" content=\"590\" \/>\n\t<meta property=\"og:image:height\" content=\"380\" \/>\n\t<meta property=\"og:image:type\" content=\"image\/png\" \/>\n<meta name=\"author\" content=\"Reconoce MX\" \/>\n<meta name=\"twitter:card\" content=\"summary_large_image\" \/>\n<meta name=\"twitter:creator\" content=\"@reconocemx\" \/>\n<meta name=\"twitter:site\" content=\"@reconocemx\" \/>\n<meta name=\"twitter:label1\" content=\"Escrito por\" \/>\n\t<meta name=\"twitter:data1\" content=\"Reconoce MX\" \/>\n\t<meta name=\"twitter:label2\" content=\"Tiempo de lectura\" \/>\n\t<meta name=\"twitter:data2\" content=\"1 minuto\" \/>\n<script type=\"application\/ld+json\" class=\"yoast-schema-graph\">{\"@context\":\"https:\/\/schema.org\",\"@graph\":[{\"@type\":\"Article\",\"@id\":\"http:\/\/www.reconoce.mx\/?p=58247#article\",\"isPartOf\":{\"@id\":\"http:\/\/www.reconoce.mx\/?p=58247\"},\"author\":{\"name\":\"Reconoce MX\",\"@id\":\"http:\/\/www.reconoce.mx\/#\/schema\/person\/2117e997d7051dc15d6880eaf9bca0b2\"},\"headline\":\"La Muerte Chiquita celebra sus seis a\u00f1os \u00a1en grande!\",\"datePublished\":\"2017-02-23T06:02:42+00:00\",\"dateModified\":\"2017-02-23T19:39:04+00:00\",\"mainEntityOfPage\":{\"@id\":\"http:\/\/www.reconoce.mx\/?p=58247\"},\"wordCount\":209,\"commentCount\":0,\"publisher\":{\"@id\":\"http:\/\/www.reconoce.mx\/#organization\"},\"image\":{\"@id\":\"http:\/\/www.reconoce.mx\/?p=58247#primaryimage\"},\"thumbnailUrl\":\"http:\/\/www.reconoce.mx\/wp-content\/uploads\/2017\/02\/sexto-aniversario.png\",\"articleSection\":[\"Cultura\",\"M\u00fasica\",\"Principal\"],\"inLanguage\":\"es\",\"potentialAction\":[{\"@type\":\"CommentAction\",\"name\":\"Comment\",\"target\":[\"http:\/\/www.reconoce.mx\/?p=58247#respond\"]}]},{\"@type\":\"WebPage\",\"@id\":\"http:\/\/www.reconoce.mx\/?p=58247\",\"url\":\"http:\/\/www.reconoce.mx\/?p=58247\",\"name\":\"La Muerte Chiquita celebra sus seis a\u00f1os \u00a1en grande! &#171; Reconoce MX\",\"isPartOf\":{\"@id\":\"http:\/\/www.reconoce.mx\/#website\"},\"primaryImageOfPage\":{\"@id\":\"http:\/\/www.reconoce.mx\/?p=58247#primaryimage\"},\"image\":{\"@id\":\"http:\/\/www.reconoce.mx\/?p=58247#primaryimage\"},\"thumbnailUrl\":\"http:\/\/www.reconoce.mx\/wp-content\/uploads\/2017\/02\/sexto-aniversario.png\",\"datePublished\":\"2017-02-23T06:02:42+00:00\",\"dateModified\":\"2017-02-23T19:39:04+00:00\",\"breadcrumb\":{\"@id\":\"http:\/\/www.reconoce.mx\/?p=58247#breadcrumb\"},\"inLanguage\":\"es\",\"potentialAction\":[{\"@type\":\"ReadAction\",\"target\":[\"http:\/\/www.reconoce.mx\/?p=58247\"]}]},{\"@type\":\"ImageObject\",\"inLanguage\":\"es\",\"@id\":\"http:\/\/www.reconoce.mx\/?p=58247#primaryimage\",\"url\":\"http:\/\/www.reconoce.mx\/wp-content\/uploads\/2017\/02\/sexto-aniversario.png\",\"contentUrl\":\"http:\/\/www.reconoce.mx\/wp-content\/uploads\/2017\/02\/sexto-aniversario.png\",\"width\":590,\"height\":380},{\"@type\":\"BreadcrumbList\",\"@id\":\"http:\/\/www.reconoce.mx\/?p=58247#breadcrumb\",\"itemListElement\":[{\"@type\":\"ListItem\",\"position\":1,\"name\":\"Portada\",\"item\":\"http:\/\/www.reconoce.mx\/\"},{\"@type\":\"ListItem\",\"position\":2,\"name\":\"La Muerte Chiquita celebra sus seis a\u00f1os \u00a1en grande!\"}]},{\"@type\":\"WebSite\",\"@id\":\"http:\/\/www.reconoce.mx\/#website\",\"url\":\"http:\/\/www.reconoce.mx\/\",\"name\":\"Reconoce MX\",\"description\":\"En Reconoce MX difundimos arte, cultura y conciencia social en M\u00e9xico. Tu ciudad en otra perspectiva.\",\"publisher\":{\"@id\":\"http:\/\/www.reconoce.mx\/#organization\"},\"potentialAction\":[{\"@type\":\"SearchAction\",\"target\":{\"@type\":\"EntryPoint\",\"urlTemplate\":\"http:\/\/www.reconoce.mx\/?s={search_term_string}\"},\"query-input\":{\"@type\":\"PropertyValueSpecification\",\"valueRequired\":true,\"valueName\":\"search_term_string\"}}],\"inLanguage\":\"es\"},{\"@type\":\"Organization\",\"@id\":\"http:\/\/www.reconoce.mx\/#organization\",\"name\":\"Reconoce MX\",\"url\":\"http:\/\/www.reconoce.mx\/\",\"logo\":{\"@type\":\"ImageObject\",\"inLanguage\":\"es\",\"@id\":\"http:\/\/www.reconoce.mx\/#\/schema\/logo\/image\/\",\"url\":\"https:\/\/www.reconoce.mx\/wp-content\/uploads\/2019\/03\/logorcmx-good-1.png\",\"contentUrl\":\"https:\/\/www.reconoce.mx\/wp-content\/uploads\/2019\/03\/logorcmx-good-1.png\",\"width\":280,\"height\":90,\"caption\":\"Reconoce MX\"},\"image\":{\"@id\":\"http:\/\/www.reconoce.mx\/#\/schema\/logo\/image\/\"},\"sameAs\":[\"https:\/\/es-la.facebook.com\/ReconoceMX\/\",\"https:\/\/x.com\/reconocemx\",\"http:\/\/@reconocemx\"]},{\"@type\":\"Person\",\"@id\":\"http:\/\/www.reconoce.mx\/#\/schema\/person\/2117e997d7051dc15d6880eaf9bca0b2\",\"name\":\"Reconoce MX\",\"image\":{\"@type\":\"ImageObject\",\"inLanguage\":\"es\",\"@id\":\"http:\/\/www.reconoce.mx\/#\/schema\/person\/image\/\",\"url\":\"https:\/\/secure.gravatar.com\/avatar\/6c8d4dc7569ca1c90c5fdcc349f839d5ddef6fe1e70b4337ead2ef1a4c43fc3a?s=96&d=identicon&r=g\",\"contentUrl\":\"https:\/\/secure.gravatar.com\/avatar\/6c8d4dc7569ca1c90c5fdcc349f839d5ddef6fe1e70b4337ead2ef1a4c43fc3a?s=96&d=identicon&r=g\",\"caption\":\"Reconoce MX\"},\"description\":\"Reconoce MX es un proyecto de difusi\u00f3n art\u00edstica, cultural y de conciencia social que est\u00e1 enfocado a difundir y fomentar el entretenimiento alternativo de calidad para todo el p\u00fablico que comparta el mismo entusiasmo.\",\"sameAs\":[\"http:\/\/www.reconoce.mx\"],\"url\":\"http:\/\/www.reconoce.mx\/?author=2\"}]}<\/script>\n<!-- \/ Yoast SEO plugin. -->","yoast_head_json":{"title":"La Muerte Chiquita celebra sus seis a\u00f1os \u00a1en grande! &#171; Reconoce MX","robots":{"index":"index","follow":"follow","max-snippet":"max-snippet:-1","max-image-preview":"max-image-preview:large","max-video-preview":"max-video-preview:-1"},"canonical":"http:\/\/www.reconoce.mx\/?p=58247","og_locale":"es_ES","og_type":"article","og_title":"La Muerte Chiquita celebra sus seis a\u00f1os \u00a1en grande! &#171; Reconoce MX","og_description":"Noche de m\u00fasica alternativa es lo que se vivir\u00e1 en el sexto aniversario de La Muerte Chiquita en Toluca, Estado de M\u00e9xico, y qu\u00e9 mejor manera de festejar para esta que es la casa de muchas bandas en el Valle de M\u00e9xico.","og_url":"http:\/\/www.reconoce.mx\/?p=58247","og_site_name":"Reconoce MX","article_publisher":"https:\/\/es-la.facebook.com\/ReconoceMX\/","article_published_time":"2017-02-23T06:02:42+00:00","article_modified_time":"2017-02-23T19:39:04+00:00","og_image":[{"width":590,"height":380,"url":"http:\/\/www.reconoce.mx\/wp-content\/uploads\/2017\/02\/sexto-aniversario.png","type":"image\/png"}],"author":"Reconoce MX","twitter_card":"summary_large_image","twitter_creator":"@reconocemx","twitter_site":"@reconocemx","twitter_misc":{"Escrito por":"Reconoce MX","Tiempo de lectura":"1 minuto"},"schema":{"@context":"https:\/\/schema.org","@graph":[{"@type":"Article","@id":"http:\/\/www.reconoce.mx\/?p=58247#article","isPartOf":{"@id":"http:\/\/www.reconoce.mx\/?p=58247"},"author":{"name":"Reconoce MX","@id":"http:\/\/www.reconoce.mx\/#\/schema\/person\/2117e997d7051dc15d6880eaf9bca0b2"},"headline":"La Muerte Chiquita celebra sus seis a\u00f1os \u00a1en grande!","datePublished":"2017-02-23T06:02:42+00:00","dateModified":"2017-02-23T19:39:04+00:00","mainEntityOfPage":{"@id":"http:\/\/www.reconoce.mx\/?p=58247"},"wordCount":209,"commentCount":0,"publisher":{"@id":"http:\/\/www.reconoce.mx\/#organization"},"image":{"@id":"http:\/\/www.reconoce.mx\/?p=58247#primaryimage"},"thumbnailUrl":"http:\/\/www.reconoce.mx\/wp-content\/uploads\/2017\/02\/sexto-aniversario.png","articleSection":["Cultura","M\u00fasica","Principal"],"inLanguage":"es","potentialAction":[{"@type":"CommentAction","name":"Comment","target":["http:\/\/www.reconoce.mx\/?p=58247#respond"]}]},{"@type":"WebPage","@id":"http:\/\/www.reconoce.mx\/?p=58247","url":"http:\/\/www.reconoce.mx\/?p=58247","name":"La Muerte Chiquita celebra sus seis a\u00f1os \u00a1en grande! &#171; Reconoce MX","isPartOf":{"@id":"http:\/\/www.reconoce.mx\/#website"},"primaryImageOfPage":{"@id":"http:\/\/www.reconoce.mx\/?p=58247#primaryimage"},"image":{"@id":"http:\/\/www.reconoce.mx\/?p=58247#primaryimage"},"thumbnailUrl":"http:\/\/www.reconoce.mx\/wp-content\/uploads\/2017\/02\/sexto-aniversario.png","datePublished":"2017-02-23T06:02:42+00:00","dateModified":"2017-02-23T19:39:04+00:00","breadcrumb":{"@id":"http:\/\/www.reconoce.mx\/?p=58247#breadcrumb"},"inLanguage":"es","potentialAction":[{"@type":"ReadAction","target":["http:\/\/www.reconoce.mx\/?p=58247"]}]},{"@type":"ImageObject","inLanguage":"es","@id":"http:\/\/www.reconoce.mx\/?p=58247#primaryimage","url":"http:\/\/www.reconoce.mx\/wp-content\/uploads\/2017\/02\/sexto-aniversario.png","contentUrl":"http:\/\/www.reconoce.mx\/wp-content\/uploads\/2017\/02\/sexto-aniversario.png","width":590,"height":380},{"@type":"BreadcrumbList","@id":"http:\/\/www.reconoce.mx\/?p=58247#breadcrumb","itemListElement":[{"@type":"ListItem","position":1,"name":"Portada","item":"http:\/\/www.reconoce.mx\/"},{"@type":"ListItem","position":2,"name":"La Muerte Chiquita celebra sus seis a\u00f1os \u00a1en grande!"}]},{"@type":"WebSite","@id":"http:\/\/www.reconoce.mx\/#website","url":"http:\/\/www.reconoce.mx\/","name":"Reconoce MX","description":"En Reconoce MX difundimos arte, cultura y conciencia social en M\u00e9xico. Tu ciudad en otra perspectiva.","publisher":{"@id":"http:\/\/www.reconoce.mx\/#organization"},"potentialAction":[{"@type":"SearchAction","target":{"@type":"EntryPoint","urlTemplate":"http:\/\/www.reconoce.mx\/?s={search_term_string}"},"query-input":{"@type":"PropertyValueSpecification","valueRequired":true,"valueName":"search_term_string"}}],"inLanguage":"es"},{"@type":"Organization","@id":"http:\/\/www.reconoce.mx\/#organization","name":"Reconoce MX","url":"http:\/\/www.reconoce.mx\/","logo":{"@type":"ImageObject","inLanguage":"es","@id":"http:\/\/www.reconoce.mx\/#\/schema\/logo\/image\/","url":"https:\/\/www.reconoce.mx\/wp-content\/uploads\/2019\/03\/logorcmx-good-1.png","contentUrl":"https:\/\/www.reconoce.mx\/wp-content\/uploads\/2019\/03\/logorcmx-good-1.png","width":280,"height":90,"caption":"Reconoce MX"},"image":{"@id":"http:\/\/www.reconoce.mx\/#\/schema\/logo\/image\/"},"sameAs":["https:\/\/es-la.facebook.com\/ReconoceMX\/","https:\/\/x.com\/reconocemx","http:\/\/@reconocemx"]},{"@type":"Person","@id":"http:\/\/www.reconoce.mx\/#\/schema\/person\/2117e997d7051dc15d6880eaf9bca0b2","name":"Reconoce MX","image":{"@type":"ImageObject","inLanguage":"es","@id":"http:\/\/www.reconoce.mx\/#\/schema\/person\/image\/","url":"https:\/\/secure.gravatar.com\/avatar\/6c8d4dc7569ca1c90c5fdcc349f839d5ddef6fe1e70b4337ead2ef1a4c43fc3a?s=96&d=identicon&r=g","contentUrl":"https:\/\/secure.gravatar.com\/avatar\/6c8d4dc7569ca1c90c5fdcc349f839d5ddef6fe1e70b4337ead2ef1a4c43fc3a?s=96&d=identicon&r=g","caption":"Reconoce MX"},"description":"Reconoce MX es un proyecto de difusi\u00f3n art\u00edstica, cultural y de conciencia social que est\u00e1 enfocado a difundir y fomentar el entretenimiento alternativo de calidad para todo el p\u00fablico que comparta el mismo entusiasmo.","sameAs":["http:\/\/www.reconoce.mx"],"url":"http:\/\/www.reconoce.mx\/?author=2"}]}},"_links":{"self":[{"href":"http:\/\/www.reconoce.mx\/index.php?rest_route=\/wp\/v2\/posts\/58247","targetHints":{"allow":["GET"]}}],"collection":[{"href":"http:\/\/www.reconoce.mx\/index.php?rest_route=\/wp\/v2\/posts"}],"about":[{"href":"http:\/\/www.reconoce.mx\/index.php?rest_route=\/wp\/v2\/types\/post"}],"author":[{"embeddable":true,"href":"http:\/\/www.reconoce.mx\/index.php?rest_route=\/wp\/v2\/users\/2"}],"replies":[{"embeddable":true,"href":"http:\/\/www.reconoce.mx\/index.php?rest_route=%2Fwp%2Fv2%2Fcomments&post=58247"}],"version-history":[{"count":3,"href":"http:\/\/www.reconoce.mx\/index.php?rest_route=\/wp\/v2\/posts\/58247\/revisions"}],"predecessor-version":[{"id":58253,"href":"http:\/\/www.reconoce.mx\/index.php?rest_route=\/wp\/v2\/posts\/58247\/revisions\/58253"}],"wp:featuredmedia":[{"embeddable":true,"href":"http:\/\/www.reconoce.mx\/index.php?rest_route=\/wp\/v2\/media\/58249"}],"wp:attachment":[{"href":"http:\/\/www.reconoce.mx\/index.php?rest_route=%2Fwp%2Fv2%2Fmedia&parent=58247"}],"wp:term":[{"taxonomy":"category","embeddable":true,"href":"http:\/\/www.reconoce.mx\/index.php?rest_route=%2Fwp%2Fv2%2Fcategories&post=58247"},{"taxonomy":"post_tag","embeddable":true,"href":"http:\/\/www.reconoce.mx\/index.php?rest_route=%2Fwp%2Fv2%2Ftags&post=58247"}],"curies":[{"name":"wp","href":"https:\/\/api.w.org\/{rel}","templated":true}]}}