{"id":58551,"date":"2017-03-10T00:02:23","date_gmt":"2017-03-10T06:02:23","guid":{"rendered":"http:\/\/www.reconoce.mx\/?p=58551"},"modified":"2017-03-06T09:15:58","modified_gmt":"2017-03-06T15:15:58","slug":"lunario-cartelera-del-10-al-16-de-marzo","status":"publish","type":"post","link":"http:\/\/www.reconoce.mx\/?p=58551","title":{"rendered":"Lunario: Cartelera del 10 al 16 de marzo"},"content":{"rendered":"<p><strong>Por <a title=\"@AsfaltosTweets\" href=\"http:\/\/twitter.com\/AsfaltosTweets\" target=\"_blank\">Asfaltos<\/a><\/strong>.<\/p>\n<p>Al caer la noche, en una ubicaci\u00f3n inmejorable como es Paseo de la Reforma, en el coraz\u00f3n del Bosque de Chapultepec, el foro alternativo del <strong>Auditorio Nacional<\/strong>, el <strong>Lunario<\/strong>, se convierte en un espacio \u00edntimo y confortable donde innumerables artistas, grupos, solistas, ensambles y compa\u00f1\u00edas de prestigio nacional e internacional, deleitan a los muy diversos p\u00fablicos que se permiten disfrutar de sus noches.<\/p>\n<p>Disfruta de la variopinta cartelera del <strong>Lunario del Auditorio Nacional<\/strong>, un sitio donde lo sentidos son atendidos sin reserva y s\u00ed con mucha calidez.<\/p>\n<h1>Arturo Peniche y Claudia Sierra <em>Dos almas mexicanas<\/em><\/h1>\n<p>\/\/ marzo 10; viernes; 22:00h<br \/>\n\/\/ precios: de $350.00 a $750.00<\/p>\n<p><a href=\"http:\/\/www.reconoce.mx\/wp-content\/uploads\/2017\/03\/16124074_291246527957119_7454817822779113472_n.jpg\"><img loading=\"lazy\" decoding=\"async\" class=\"aligncenter size-full wp-image-58552\" src=\"http:\/\/www.reconoce.mx\/wp-content\/uploads\/2017\/03\/16124074_291246527957119_7454817822779113472_n.jpg\" alt=\"\" width=\"640\" height=\"425\" srcset=\"http:\/\/www.reconoce.mx\/wp-content\/uploads\/2017\/03\/16124074_291246527957119_7454817822779113472_n.jpg 640w, http:\/\/www.reconoce.mx\/wp-content\/uploads\/2017\/03\/16124074_291246527957119_7454817822779113472_n-300x199.jpg 300w, http:\/\/www.reconoce.mx\/wp-content\/uploads\/2017\/03\/16124074_291246527957119_7454817822779113472_n-150x100.jpg 150w\" sizes=\"auto, (max-width: 640px) 100vw, 640px\" \/><\/a><\/p>\n<p><strong>Arturo Peniche<\/strong> y <strong>Claudia Sierra<\/strong> se unen en un concierto lleno de m\u00fasica mexicana, sentimiento y orgullo de pertenecer a este pa\u00eds. Adem\u00e1s, el cantante y actor <strong>Arturo Peniche<\/strong> presentar\u00e1 su m\u00e1s reciente producci\u00f3n musical \u00abBandera blanca\u00bb (2014) en donde plasma su experiencia y evoluci\u00f3n art\u00edstica, el material incluye temas in\u00e9ditos escritos por <strong>Fato<\/strong> y <strong>Jos\u00e9 Alfredo Jim\u00e9nez Jr<\/strong>., entre otros. Por su parte la cantante mexicana <strong>Claudia Sierra<\/strong>, quien inici\u00f3 su carrera con el lanzamiento de su \u00e1lbum debut \u00abEternamente tuya\u00bb en 2009, regresar\u00e1 al <strong>Lunario<\/strong> luego de ofrecer un concierto en septiembre de 2016, donde dio muestra de su propuesta de m\u00fasica mexicana con un toque de pop. Mismo a\u00f1o en el que lanz\u00f3 su m\u00e1s reciente disco \u00abLa mexicana\u00bb, que incluye canciones como \u00abCucurrucuc\u00fa paloma\u00bb y \u00abEl cascabel\u00bb.<\/p>\n<h1>Edgar Oceransky en concierto<\/h1>\n<p>\/\/ marzo 11; s\u00e1bado; 21:00h<br \/>\n\/\/ precios: de $500.00 a $900.00<\/p>\n<p><a href=\"http:\/\/www.reconoce.mx\/wp-content\/uploads\/2017\/02\/16406618_10154473395113253_6442094192719671632_n-1.png\"><img loading=\"lazy\" decoding=\"async\" class=\"aligncenter size-full wp-image-58360\" src=\"http:\/\/www.reconoce.mx\/wp-content\/uploads\/2017\/02\/16406618_10154473395113253_6442094192719671632_n-1.png\" alt=\"\" width=\"960\" height=\"960\" srcset=\"http:\/\/www.reconoce.mx\/wp-content\/uploads\/2017\/02\/16406618_10154473395113253_6442094192719671632_n-1.png 960w, http:\/\/www.reconoce.mx\/wp-content\/uploads\/2017\/02\/16406618_10154473395113253_6442094192719671632_n-1-150x150.png 150w, http:\/\/www.reconoce.mx\/wp-content\/uploads\/2017\/02\/16406618_10154473395113253_6442094192719671632_n-1-300x300.png 300w, http:\/\/www.reconoce.mx\/wp-content\/uploads\/2017\/02\/16406618_10154473395113253_6442094192719671632_n-1-768x768.png 768w, http:\/\/www.reconoce.mx\/wp-content\/uploads\/2017\/02\/16406618_10154473395113253_6442094192719671632_n-1-65x65.png 65w, http:\/\/www.reconoce.mx\/wp-content\/uploads\/2017\/02\/16406618_10154473395113253_6442094192719671632_n-1-700x700.png 700w, http:\/\/www.reconoce.mx\/wp-content\/uploads\/2017\/02\/16406618_10154473395113253_6442094192719671632_n-1-658x658.png 658w\" sizes=\"auto, (max-width: 960px) 100vw, 960px\" \/><\/a><\/p>\n<p>El cantautor Edgar Oceransky ofrecer\u00e1 dos conciertos en este escenario, pero ahora con nuevas versiones y originales de su disco Una mirada (2015). En poco m\u00e1s de 20 a\u00f1os de trayectoria, Oceransky ha lanzado ocho discos como solista, otro en colaboraci\u00f3n con el tambi\u00e9n cantautor Ra\u00fal Ornelas y otro m\u00e1s al lado de Adri\u00e1n Gil, Fernando Quesada y Rodrigo Rojas. Tambi\u00e9n ha compartido escenario con artistas de la talla de Tania Libertad, Armando Manzanero, Franco de Vita y Rossana.<\/p>\n<h1>Lunario presenta Temporada de \u00d3pera para Ni\u00f1os: <em>Brundib\u00e1r<\/em><\/h1>\n<p>\/\/ marzo 12; domingo; 13:00h<br \/>\n\/\/ precios: de $250.00 a $350.00<\/p>\n<p><a href=\"http:\/\/www.reconoce.mx\/wp-content\/uploads\/2017\/02\/2017_2_10_18_47_35_BrundiIpad.jpg\"><img loading=\"lazy\" decoding=\"async\" class=\"aligncenter size-full wp-image-58359\" src=\"http:\/\/www.reconoce.mx\/wp-content\/uploads\/2017\/02\/2017_2_10_18_47_35_BrundiIpad.jpg\" alt=\"\" width=\"1536\" height=\"1152\" srcset=\"http:\/\/www.reconoce.mx\/wp-content\/uploads\/2017\/02\/2017_2_10_18_47_35_BrundiIpad.jpg 1536w, http:\/\/www.reconoce.mx\/wp-content\/uploads\/2017\/02\/2017_2_10_18_47_35_BrundiIpad-300x225.jpg 300w, http:\/\/www.reconoce.mx\/wp-content\/uploads\/2017\/02\/2017_2_10_18_47_35_BrundiIpad-768x576.jpg 768w, http:\/\/www.reconoce.mx\/wp-content\/uploads\/2017\/02\/2017_2_10_18_47_35_BrundiIpad-1024x768.jpg 1024w, http:\/\/www.reconoce.mx\/wp-content\/uploads\/2017\/02\/2017_2_10_18_47_35_BrundiIpad-150x113.jpg 150w, http:\/\/www.reconoce.mx\/wp-content\/uploads\/2017\/02\/2017_2_10_18_47_35_BrundiIpad-700x525.jpg 700w, http:\/\/www.reconoce.mx\/wp-content\/uploads\/2017\/02\/2017_2_10_18_47_35_BrundiIpad-658x494.jpg 658w\" sizes=\"auto, (max-width: 1536px) 100vw, 1536px\" \/><\/a><\/p>\n<p>En la nueva \u00abTemporada de \u00d3pera para Ni\u00f1os\u00bb, <strong>Arpegio Producciones<\/strong> presenta el estreno de <strong>Brundib\u00e1r<\/strong>, de <strong>Hans Kr\u00e1s<\/strong>a, que trata sobre la uni\u00f3n y solidaridad infantil en la experiencia del holocausto. Esta \u00f3pera era la que interpretaban los ni\u00f1os deportados a Terezin, un campo de trabajo y de tr\u00e1nsito hacia Auschwitz, en donde las familias eran separadas y los padres perd\u00edan la capacidad de defender a sus hijos. La direcci\u00f3n de escena estar\u00e1 a cargo de <strong>Miguel Hern\u00e1ndez-Bautista<\/strong>, la direcci\u00f3n musical de <strong>Jozef Olechowski<\/strong> y la direcci\u00f3n art\u00edstica de <strong>Sylvia Rittner<\/strong>. <strong>Arpegio Producciones<\/strong>, con m\u00e1s de 10 a\u00f1os en las artes esc\u00e9nicas, se ha caracterizado por presentar teatro musical oper\u00edstico a partir de la adaptaci\u00f3n de piezas cl\u00e1sicas en formato de c\u00e1mara, con recursos como marionetas, m\u00e1scaras y vestuarios de \u00e9poca, dise\u00f1ados con un concepto contempor\u00e1neo. La agrupaci\u00f3n est\u00e1 integrada por un elenco estable de cantantes de \u00f3pera profesionales y artistas dedicados a la producci\u00f3n esc\u00e9nica, que impulsan proyectos de calidad para ni\u00f1os, familias y futuros aficionados.<\/p>\n<p>Boletos a la venta en taquilla y a trav\u00e9s del <a href=\"http:\/\/www.ticketmaster.com.mx\/Lunario-Del-Auditorio-Nacional-boletos-Mexico\/venue\/164051\" target=\"_blank\">Sistema Ticketmaster<\/a>. <strong>Lunario<\/strong> se encuentra ubicado en Paseo de la Reforma #50, Polanco V Secc, Miguel Hidalgo, Ciudad de M\u00e9xico.<\/p>\n<p>&nbsp;<\/p>\n<p>&nbsp;<\/p>\n","protected":false},"excerpt":{"rendered":"<p>Disfruta de la variopinta cartelera del Lunario del Auditorio Nacional, un sitio donde lo sentidos son atendidos sin reserva y s\u00ed con mucha calidez.<\/p>\n","protected":false},"author":2,"featured_media":53154,"comment_status":"open","ping_status":"open","sticky":false,"template":"","format":"standard","meta":{"footnotes":""},"categories":[1,18,17],"tags":[],"class_list":["post-58551","post","type-post","status-publish","format-standard","has-post-thumbnail","hentry","category-cultura","category-musica","category-principal"],"yoast_head":"<!-- This site is optimized with the Yoast SEO plugin v24.7 - https:\/\/yoast.com\/wordpress\/plugins\/seo\/ -->\n<title>Lunario: Cartelera del 10 al 16 de marzo &#171; Reconoce MX<\/title>\n<meta name=\"robots\" content=\"index, follow, max-snippet:-1, max-image-preview:large, max-video-preview:-1\" \/>\n<link rel=\"canonical\" href=\"https:\/\/www.reconoce.mx\/?p=58551\" \/>\n<meta property=\"og:locale\" content=\"es_ES\" \/>\n<meta property=\"og:type\" content=\"article\" \/>\n<meta property=\"og:title\" content=\"Lunario: Cartelera del 10 al 16 de marzo &#171; Reconoce MX\" \/>\n<meta property=\"og:description\" content=\"Disfruta de la variopinta cartelera del Lunario del Auditorio Nacional, un sitio donde lo sentidos son atendidos sin reserva y s\u00ed con mucha calidez.\" \/>\n<meta property=\"og:url\" content=\"https:\/\/www.reconoce.mx\/?p=58551\" \/>\n<meta property=\"og:site_name\" content=\"Reconoce MX\" \/>\n<meta property=\"article:publisher\" content=\"https:\/\/es-la.facebook.com\/ReconoceMX\/\" \/>\n<meta property=\"article:published_time\" content=\"2017-03-10T06:02:23+00:00\" \/>\n<meta property=\"og:image\" content=\"https:\/\/www.reconoce.mx\/wp-content\/uploads\/2016\/10\/lunario.cover2_.png\" \/>\n\t<meta property=\"og:image:width\" content=\"590\" \/>\n\t<meta property=\"og:image:height\" content=\"380\" \/>\n\t<meta property=\"og:image:type\" content=\"image\/png\" \/>\n<meta name=\"author\" content=\"Reconoce MX\" \/>\n<meta name=\"twitter:card\" content=\"summary_large_image\" \/>\n<meta name=\"twitter:creator\" content=\"@reconocemx\" \/>\n<meta name=\"twitter:site\" content=\"@reconocemx\" \/>\n<meta name=\"twitter:label1\" content=\"Escrito por\" \/>\n\t<meta name=\"twitter:data1\" content=\"Reconoce MX\" \/>\n\t<meta name=\"twitter:label2\" content=\"Tiempo de lectura\" \/>\n\t<meta name=\"twitter:data2\" content=\"3 minutos\" \/>\n<script type=\"application\/ld+json\" class=\"yoast-schema-graph\">{\"@context\":\"https:\/\/schema.org\",\"@graph\":[{\"@type\":\"Article\",\"@id\":\"https:\/\/www.reconoce.mx\/?p=58551#article\",\"isPartOf\":{\"@id\":\"https:\/\/www.reconoce.mx\/?p=58551\"},\"author\":{\"name\":\"Reconoce MX\",\"@id\":\"http:\/\/www.reconoce.mx\/#\/schema\/person\/2117e997d7051dc15d6880eaf9bca0b2\"},\"headline\":\"Lunario: Cartelera del 10 al 16 de marzo\",\"datePublished\":\"2017-03-10T06:02:23+00:00\",\"mainEntityOfPage\":{\"@id\":\"https:\/\/www.reconoce.mx\/?p=58551\"},\"wordCount\":590,\"commentCount\":0,\"publisher\":{\"@id\":\"http:\/\/www.reconoce.mx\/#organization\"},\"image\":{\"@id\":\"https:\/\/www.reconoce.mx\/?p=58551#primaryimage\"},\"thumbnailUrl\":\"http:\/\/www.reconoce.mx\/wp-content\/uploads\/2016\/10\/lunario.cover2_.png\",\"articleSection\":[\"Cultura\",\"M\u00fasica\",\"Principal\"],\"inLanguage\":\"es\",\"potentialAction\":[{\"@type\":\"CommentAction\",\"name\":\"Comment\",\"target\":[\"https:\/\/www.reconoce.mx\/?p=58551#respond\"]}]},{\"@type\":\"WebPage\",\"@id\":\"https:\/\/www.reconoce.mx\/?p=58551\",\"url\":\"https:\/\/www.reconoce.mx\/?p=58551\",\"name\":\"Lunario: Cartelera del 10 al 16 de marzo &#171; Reconoce MX\",\"isPartOf\":{\"@id\":\"http:\/\/www.reconoce.mx\/#website\"},\"primaryImageOfPage\":{\"@id\":\"https:\/\/www.reconoce.mx\/?p=58551#primaryimage\"},\"image\":{\"@id\":\"https:\/\/www.reconoce.mx\/?p=58551#primaryimage\"},\"thumbnailUrl\":\"http:\/\/www.reconoce.mx\/wp-content\/uploads\/2016\/10\/lunario.cover2_.png\",\"datePublished\":\"2017-03-10T06:02:23+00:00\",\"breadcrumb\":{\"@id\":\"https:\/\/www.reconoce.mx\/?p=58551#breadcrumb\"},\"inLanguage\":\"es\",\"potentialAction\":[{\"@type\":\"ReadAction\",\"target\":[\"https:\/\/www.reconoce.mx\/?p=58551\"]}]},{\"@type\":\"ImageObject\",\"inLanguage\":\"es\",\"@id\":\"https:\/\/www.reconoce.mx\/?p=58551#primaryimage\",\"url\":\"http:\/\/www.reconoce.mx\/wp-content\/uploads\/2016\/10\/lunario.cover2_.png\",\"contentUrl\":\"http:\/\/www.reconoce.mx\/wp-content\/uploads\/2016\/10\/lunario.cover2_.png\",\"width\":590,\"height\":380},{\"@type\":\"BreadcrumbList\",\"@id\":\"https:\/\/www.reconoce.mx\/?p=58551#breadcrumb\",\"itemListElement\":[{\"@type\":\"ListItem\",\"position\":1,\"name\":\"Portada\",\"item\":\"http:\/\/www.reconoce.mx\/\"},{\"@type\":\"ListItem\",\"position\":2,\"name\":\"Lunario: Cartelera del 10 al 16 de marzo\"}]},{\"@type\":\"WebSite\",\"@id\":\"http:\/\/www.reconoce.mx\/#website\",\"url\":\"http:\/\/www.reconoce.mx\/\",\"name\":\"Reconoce MX\",\"description\":\"En Reconoce MX difundimos arte, cultura y conciencia social en M\u00e9xico. Tu ciudad en otra perspectiva.\",\"publisher\":{\"@id\":\"http:\/\/www.reconoce.mx\/#organization\"},\"potentialAction\":[{\"@type\":\"SearchAction\",\"target\":{\"@type\":\"EntryPoint\",\"urlTemplate\":\"http:\/\/www.reconoce.mx\/?s={search_term_string}\"},\"query-input\":{\"@type\":\"PropertyValueSpecification\",\"valueRequired\":true,\"valueName\":\"search_term_string\"}}],\"inLanguage\":\"es\"},{\"@type\":\"Organization\",\"@id\":\"http:\/\/www.reconoce.mx\/#organization\",\"name\":\"Reconoce MX\",\"url\":\"http:\/\/www.reconoce.mx\/\",\"logo\":{\"@type\":\"ImageObject\",\"inLanguage\":\"es\",\"@id\":\"http:\/\/www.reconoce.mx\/#\/schema\/logo\/image\/\",\"url\":\"https:\/\/www.reconoce.mx\/wp-content\/uploads\/2019\/03\/logorcmx-good-1.png\",\"contentUrl\":\"https:\/\/www.reconoce.mx\/wp-content\/uploads\/2019\/03\/logorcmx-good-1.png\",\"width\":280,\"height\":90,\"caption\":\"Reconoce MX\"},\"image\":{\"@id\":\"http:\/\/www.reconoce.mx\/#\/schema\/logo\/image\/\"},\"sameAs\":[\"https:\/\/es-la.facebook.com\/ReconoceMX\/\",\"https:\/\/x.com\/reconocemx\",\"http:\/\/@reconocemx\"]},{\"@type\":\"Person\",\"@id\":\"http:\/\/www.reconoce.mx\/#\/schema\/person\/2117e997d7051dc15d6880eaf9bca0b2\",\"name\":\"Reconoce MX\",\"image\":{\"@type\":\"ImageObject\",\"inLanguage\":\"es\",\"@id\":\"http:\/\/www.reconoce.mx\/#\/schema\/person\/image\/\",\"url\":\"https:\/\/secure.gravatar.com\/avatar\/6c8d4dc7569ca1c90c5fdcc349f839d5ddef6fe1e70b4337ead2ef1a4c43fc3a?s=96&d=identicon&r=g\",\"contentUrl\":\"https:\/\/secure.gravatar.com\/avatar\/6c8d4dc7569ca1c90c5fdcc349f839d5ddef6fe1e70b4337ead2ef1a4c43fc3a?s=96&d=identicon&r=g\",\"caption\":\"Reconoce MX\"},\"description\":\"Reconoce MX es un proyecto de difusi\u00f3n art\u00edstica, cultural y de conciencia social que est\u00e1 enfocado a difundir y fomentar el entretenimiento alternativo de calidad para todo el p\u00fablico que comparta el mismo entusiasmo.\",\"sameAs\":[\"http:\/\/www.reconoce.mx\"],\"url\":\"http:\/\/www.reconoce.mx\/?author=2\"}]}<\/script>\n<!-- \/ Yoast SEO plugin. -->","yoast_head_json":{"title":"Lunario: Cartelera del 10 al 16 de marzo &#171; Reconoce MX","robots":{"index":"index","follow":"follow","max-snippet":"max-snippet:-1","max-image-preview":"max-image-preview:large","max-video-preview":"max-video-preview:-1"},"canonical":"https:\/\/www.reconoce.mx\/?p=58551","og_locale":"es_ES","og_type":"article","og_title":"Lunario: Cartelera del 10 al 16 de marzo &#171; Reconoce MX","og_description":"Disfruta de la variopinta cartelera del Lunario del Auditorio Nacional, un sitio donde lo sentidos son atendidos sin reserva y s\u00ed con mucha calidez.","og_url":"https:\/\/www.reconoce.mx\/?p=58551","og_site_name":"Reconoce MX","article_publisher":"https:\/\/es-la.facebook.com\/ReconoceMX\/","article_published_time":"2017-03-10T06:02:23+00:00","og_image":[{"width":590,"height":380,"url":"https:\/\/www.reconoce.mx\/wp-content\/uploads\/2016\/10\/lunario.cover2_.png","type":"image\/png"}],"author":"Reconoce MX","twitter_card":"summary_large_image","twitter_creator":"@reconocemx","twitter_site":"@reconocemx","twitter_misc":{"Escrito por":"Reconoce MX","Tiempo de lectura":"3 minutos"},"schema":{"@context":"https:\/\/schema.org","@graph":[{"@type":"Article","@id":"https:\/\/www.reconoce.mx\/?p=58551#article","isPartOf":{"@id":"https:\/\/www.reconoce.mx\/?p=58551"},"author":{"name":"Reconoce MX","@id":"http:\/\/www.reconoce.mx\/#\/schema\/person\/2117e997d7051dc15d6880eaf9bca0b2"},"headline":"Lunario: Cartelera del 10 al 16 de marzo","datePublished":"2017-03-10T06:02:23+00:00","mainEntityOfPage":{"@id":"https:\/\/www.reconoce.mx\/?p=58551"},"wordCount":590,"commentCount":0,"publisher":{"@id":"http:\/\/www.reconoce.mx\/#organization"},"image":{"@id":"https:\/\/www.reconoce.mx\/?p=58551#primaryimage"},"thumbnailUrl":"http:\/\/www.reconoce.mx\/wp-content\/uploads\/2016\/10\/lunario.cover2_.png","articleSection":["Cultura","M\u00fasica","Principal"],"inLanguage":"es","potentialAction":[{"@type":"CommentAction","name":"Comment","target":["https:\/\/www.reconoce.mx\/?p=58551#respond"]}]},{"@type":"WebPage","@id":"https:\/\/www.reconoce.mx\/?p=58551","url":"https:\/\/www.reconoce.mx\/?p=58551","name":"Lunario: Cartelera del 10 al 16 de marzo &#171; Reconoce MX","isPartOf":{"@id":"http:\/\/www.reconoce.mx\/#website"},"primaryImageOfPage":{"@id":"https:\/\/www.reconoce.mx\/?p=58551#primaryimage"},"image":{"@id":"https:\/\/www.reconoce.mx\/?p=58551#primaryimage"},"thumbnailUrl":"http:\/\/www.reconoce.mx\/wp-content\/uploads\/2016\/10\/lunario.cover2_.png","datePublished":"2017-03-10T06:02:23+00:00","breadcrumb":{"@id":"https:\/\/www.reconoce.mx\/?p=58551#breadcrumb"},"inLanguage":"es","potentialAction":[{"@type":"ReadAction","target":["https:\/\/www.reconoce.mx\/?p=58551"]}]},{"@type":"ImageObject","inLanguage":"es","@id":"https:\/\/www.reconoce.mx\/?p=58551#primaryimage","url":"http:\/\/www.reconoce.mx\/wp-content\/uploads\/2016\/10\/lunario.cover2_.png","contentUrl":"http:\/\/www.reconoce.mx\/wp-content\/uploads\/2016\/10\/lunario.cover2_.png","width":590,"height":380},{"@type":"BreadcrumbList","@id":"https:\/\/www.reconoce.mx\/?p=58551#breadcrumb","itemListElement":[{"@type":"ListItem","position":1,"name":"Portada","item":"http:\/\/www.reconoce.mx\/"},{"@type":"ListItem","position":2,"name":"Lunario: Cartelera del 10 al 16 de marzo"}]},{"@type":"WebSite","@id":"http:\/\/www.reconoce.mx\/#website","url":"http:\/\/www.reconoce.mx\/","name":"Reconoce MX","description":"En Reconoce MX difundimos arte, cultura y conciencia social en M\u00e9xico. Tu ciudad en otra perspectiva.","publisher":{"@id":"http:\/\/www.reconoce.mx\/#organization"},"potentialAction":[{"@type":"SearchAction","target":{"@type":"EntryPoint","urlTemplate":"http:\/\/www.reconoce.mx\/?s={search_term_string}"},"query-input":{"@type":"PropertyValueSpecification","valueRequired":true,"valueName":"search_term_string"}}],"inLanguage":"es"},{"@type":"Organization","@id":"http:\/\/www.reconoce.mx\/#organization","name":"Reconoce MX","url":"http:\/\/www.reconoce.mx\/","logo":{"@type":"ImageObject","inLanguage":"es","@id":"http:\/\/www.reconoce.mx\/#\/schema\/logo\/image\/","url":"https:\/\/www.reconoce.mx\/wp-content\/uploads\/2019\/03\/logorcmx-good-1.png","contentUrl":"https:\/\/www.reconoce.mx\/wp-content\/uploads\/2019\/03\/logorcmx-good-1.png","width":280,"height":90,"caption":"Reconoce MX"},"image":{"@id":"http:\/\/www.reconoce.mx\/#\/schema\/logo\/image\/"},"sameAs":["https:\/\/es-la.facebook.com\/ReconoceMX\/","https:\/\/x.com\/reconocemx","http:\/\/@reconocemx"]},{"@type":"Person","@id":"http:\/\/www.reconoce.mx\/#\/schema\/person\/2117e997d7051dc15d6880eaf9bca0b2","name":"Reconoce MX","image":{"@type":"ImageObject","inLanguage":"es","@id":"http:\/\/www.reconoce.mx\/#\/schema\/person\/image\/","url":"https:\/\/secure.gravatar.com\/avatar\/6c8d4dc7569ca1c90c5fdcc349f839d5ddef6fe1e70b4337ead2ef1a4c43fc3a?s=96&d=identicon&r=g","contentUrl":"https:\/\/secure.gravatar.com\/avatar\/6c8d4dc7569ca1c90c5fdcc349f839d5ddef6fe1e70b4337ead2ef1a4c43fc3a?s=96&d=identicon&r=g","caption":"Reconoce MX"},"description":"Reconoce MX es un proyecto de difusi\u00f3n art\u00edstica, cultural y de conciencia social que est\u00e1 enfocado a difundir y fomentar el entretenimiento alternativo de calidad para todo el p\u00fablico que comparta el mismo entusiasmo.","sameAs":["http:\/\/www.reconoce.mx"],"url":"http:\/\/www.reconoce.mx\/?author=2"}]}},"_links":{"self":[{"href":"http:\/\/www.reconoce.mx\/index.php?rest_route=\/wp\/v2\/posts\/58551","targetHints":{"allow":["GET"]}}],"collection":[{"href":"http:\/\/www.reconoce.mx\/index.php?rest_route=\/wp\/v2\/posts"}],"about":[{"href":"http:\/\/www.reconoce.mx\/index.php?rest_route=\/wp\/v2\/types\/post"}],"author":[{"embeddable":true,"href":"http:\/\/www.reconoce.mx\/index.php?rest_route=\/wp\/v2\/users\/2"}],"replies":[{"embeddable":true,"href":"http:\/\/www.reconoce.mx\/index.php?rest_route=%2Fwp%2Fv2%2Fcomments&post=58551"}],"version-history":[{"count":1,"href":"http:\/\/www.reconoce.mx\/index.php?rest_route=\/wp\/v2\/posts\/58551\/revisions"}],"predecessor-version":[{"id":58553,"href":"http:\/\/www.reconoce.mx\/index.php?rest_route=\/wp\/v2\/posts\/58551\/revisions\/58553"}],"wp:featuredmedia":[{"embeddable":true,"href":"http:\/\/www.reconoce.mx\/index.php?rest_route=\/wp\/v2\/media\/53154"}],"wp:attachment":[{"href":"http:\/\/www.reconoce.mx\/index.php?rest_route=%2Fwp%2Fv2%2Fmedia&parent=58551"}],"wp:term":[{"taxonomy":"category","embeddable":true,"href":"http:\/\/www.reconoce.mx\/index.php?rest_route=%2Fwp%2Fv2%2Fcategories&post=58551"},{"taxonomy":"post_tag","embeddable":true,"href":"http:\/\/www.reconoce.mx\/index.php?rest_route=%2Fwp%2Fv2%2Ftags&post=58551"}],"curies":[{"name":"wp","href":"https:\/\/api.w.org\/{rel}","templated":true}]}}